{"id":27608,"date":"2022-02-28T10:00:50","date_gmt":"2022-02-28T10:00:50","guid":{"rendered":"https:\/\/jornaldasoficinas.com\/pt\/?p=27608"},"modified":"2022-02-28T08:18:14","modified_gmt":"2022-02-28T08:18:14","slug":"ernst-prost-reforma-se-passados-30-anos","status":"publish","type":"post","link":"https:\/\/jornaldasoficinas.com\/pt\/ernst-prost-reforma-se-passados-30-anos\/","title":{"rendered":"Ernst Prost reforma-se passados 30 anos"},"content":{"rendered":"<p><img loading=\"lazy\" decoding=\"async\" class=\"alignnone size-full wp-image-27559\" src=\"https:\/\/jornaldasoficinas.com\/pt\/wp-content\/uploads\/2022\/02\/Ernst-Prost-reforma-se-passados-30-anos.jpeg\" alt=\"02 - Ernst Prost reforma se passados 30 anos\" width=\"1024\" height=\"581\" srcset=\"https:\/\/jornaldasoficinas.com\/pt\/wp-content\/uploads\/2022\/02\/Ernst-Prost-reforma-se-passados-30-anos.jpeg 1024w, https:\/\/jornaldasoficinas.com\/pt\/wp-content\/uploads\/2022\/02\/Ernst-Prost-reforma-se-passados-30-anos-300x170.jpeg 300w, https:\/\/jornaldasoficinas.com\/pt\/wp-content\/uploads\/2022\/02\/Ernst-Prost-reforma-se-passados-30-anos-150x85.jpeg 150w, https:\/\/jornaldasoficinas.com\/pt\/wp-content\/uploads\/2022\/02\/Ernst-Prost-reforma-se-passados-30-anos-768x436.jpeg 768w\" sizes=\"auto, (max-width: 1024px) 100vw, 1024px\" \/><\/p>\n<p><strong>O que t\u00eam em comum o dia 1 de outubro de 1990 e o dia 22 de fevereiro de 2022 para a LIQUI MOLY? Ambas as datas marcam um ponto de viragem no fabricante alem\u00e3o de \u00f3leos para motores. Ap\u00f3s mais de tr\u00eas d\u00e9cadas ao servi\u00e7o das pessoas e da empresa, o diretor Ernst Prost reforma-se<\/strong><\/p>\n<p>&#8220;O campo est\u00e1 lavrado. Mas, nos \u00faltimos 31 anos, cultiv\u00e1mos intensamente a empresa e o setor&#8221;, recorda Ernst Prost. &#8220;N\u00f3s&#8221; s\u00e3o Ernst Prost e G\u00fcnter Hiermaier. No dia 01\/10\/1990, mud\u00e1mo-nos juntos de um fabricante de produtos de manuten\u00e7\u00e3o para autom\u00f3veis situado junto ao Dan\u00fabio, para uma empresa de Ulm que, na altura, ainda tinha uma pequena dimens\u00e3o. Ernst Prost come\u00e7ou como diretor de marketing e vendas e G\u00fcnter Hiermaier foi contratado como diretor de vendas do com\u00e9rcio especializado para o mercado alem\u00e3o. &#8220;Durante mais de 30 anos, ele foi o meu aprendiz, nome que na altura se dava aos formandos&#8221;, diz Ernst Prost. &#8220;N\u00f3s s\u00f3 exist\u00edamos juntos&#8221;, recorda o diretor cessante.<\/p>\n<p>Os caminhos profissionais de ambos separam-se agora. Daqui para a frente, G\u00fcnter Hiermaier, diretor-adjunto da LIQUI MOLY desde 2018, vai liderar sozinho os destinos da LIQUI MOLY. &#8220;Ainda celebr\u00e1mos as bodas de p\u00e9rolas. Mas agora, \u00e9 definitivamente o ponto final para mim&#8221;, afirma Ernst Prost, com um piscar de olhos. &#8220;Nos \u00faltimos 30 anos, enfi\u00e1mos p\u00e9rolas umas atr\u00e1s das outras num colar. Cada uma delas \u00e9 um tesouro precioso na minha vida.&#8221;<\/p>\n<p>Com a sua equipa, Ernst Prost virou a LIQUI MOLY totalmente do avesso e transformou a pequena empresa de aditivos na marca de \u00f3leo para motores mais popular da Alemanha, que est\u00e1 ativa em 150 pa\u00edses. A empresa registou um volume de neg\u00f3cios de cerca de 15 milh\u00f5es de euros em 1990, com 118 funcion\u00e1rios. No final de 2021, atingiu os 733 milh\u00f5es de euros e 1008 colaboradores.<\/p>\n<p>At\u00e9 1998, o jovem mec\u00e2nico de forma\u00e7\u00e3o, Ernst Prost, adquiriu progressivamente quotas da empresa junto da fam\u00edlia fundadora, tendo-se tornado s\u00f3cio-gerente. Salvou assim a empresa do encerramento e manteve v\u00e1rias dezenas de postos de trabalho. A entrada no neg\u00f3cio dos \u00f3leos para motores deu o impulso decisivo ao crescimento. &#8220;Na verdade, foi uma loucura entrar neste neg\u00f3cio. De repente, \u00e9s o pequeno peixe no meio dos tubar\u00f5es. Est\u00e1s em concorr\u00eancia com as maiores empresas do mundo&#8221;, conta Ernst Prost sobre a sua decis\u00e3o da altura de desenvolver o neg\u00f3cio de aditivos em larga escala. Em 2006, as f\u00e1bricas de \u00f3leos minerais Meguin em Saarlouis tornaram-se filiais a cem por cento. Isto marcou o passo decisivo para a empresa se tornar um fabricante independente de \u00f3leos de motor. Em 2017, Ernst Prost vendeu as suas participa\u00e7\u00f5es ao grupo W\u00fcrth, mas manteve-se como diretor executivo.<\/p>\n<p>Ernst Prost era o rosto da marca. No in\u00edcio, a popularidade do carism\u00e1tico diretor limitava-se ao seu setor de atividade. Mas isso tamb\u00e9m viria a mudar: no pico da crise econ\u00f3mica de 2010, Ernst Prost decidiu fazer o\u00a0primeiro an\u00fancio televisivo publicit\u00e1rio da hist\u00f3ria da empresa.<\/p>\n<p>Gra\u00e7as ao an\u00fancio criado por ele, conquistou n\u00e3o s\u00f3 o cora\u00e7\u00e3o do p\u00fablico para al\u00e9m das fronteiras da Alemanha, como tamb\u00e9m ganhou o prestigiado pr\u00e9mio publicit\u00e1rio EFFIE de prata na categoria Setor autom\u00f3vel. Seguiram-se ent\u00e3o in\u00fameros pr\u00e9mios e distin\u00e7\u00f5es, nomeadamente, pela sua responsabilidade social e pelo tipo de gest\u00e3o empresarial que escolheu.<\/p>\n<p>Manteve-se fiel \u00e0 sua linha de pensamento at\u00e9 ao fim e prescindiu de subs\u00eddios estatais e de lay-off, mesmo nos dif\u00edceis tempos do coronav\u00edrus. Inclusivamente, contratou pessoas e lutou contra a crise com investimentos de milh\u00f5es &#8211; conforme diz, com os meios pr\u00f3prios.<\/p>\n<p>Defendeu a &#8220;sua LIQUI MOLY&#8221; e os seus colaboradores, mas tamb\u00e9m tomou posi\u00e7\u00e3o, por exemplo, contra o dom\u00ednio do setor financeiro e a favor de impostos mais altos para os ricos e do sal\u00e1rio m\u00ednimo. Despertou assim o interesse junto dos meios de comunica\u00e7\u00e3o social, interesse que se mant\u00e9m at\u00e9 hoje. Deu entrevistas em publica\u00e7\u00f5es impressas, na r\u00e1dio e na televis\u00e3o.<\/p>\n<p>Segundo a revista Spiegel, Ernst Prost chegou inclusivamente a ser &#8220;o empres\u00e1rio com mais presen\u00e7as em talk-shows alem\u00e3es&#8221;, em 2011. E como o empres\u00e1rio Ernst Prost n\u00e3o \u00e9 um homem de palavras, mas sim de a\u00e7\u00f5es, fundou ao todo tr\u00eas funda\u00e7\u00f5es sem fins lucrativos com o seu patrim\u00f3nio pessoal.<\/p>\n<p>Para Ernst Prost, &#8220;Foram anos dif\u00edceis, mas gratificantes. O trabalho \u00e9 o meu elixir de vida e a LIQUI MOLY \u00e9 a obra da minha vida. Sei que ela estar\u00e1 nas melhores m\u00e3os com o meu amigo G\u00fcnter Hiermaier e a sua equipa. A vida \u00e9 finita. E \u00e9 por isso que aguardo com expectativa uma parte da vida que d\u00ea liberdade em vez de ser cronometrada de forma minuciosa e controlada pelos outros.&#8221;<\/p>\n","protected":false},"excerpt":{"rendered":"<p>O que t\u00eam em comum o&#8230;<\/p>\n","protected":false},"author":15,"featured_media":27559,"comment_status":"closed","ping_status":"closed","sticky":false,"template":"","format":"standard","meta":{"footnotes":""},"categories":[29],"tags":[272],"class_list":["post-27608","post","type-post","status-publish","format-standard","has-post-thumbnail","hentry","category-empresas","tag-liqui-moly"],"yoast_head":"<!-- This site is optimized with the Yoast SEO plugin v27.5 - https:\/\/yoast.com\/product\/yoast-seo-wordpress\/ -->\n<title>Ernst Prost reforma-se passados 30 anos - Jornal das Oficinas<\/title>\n<meta name=\"robots\" content=\"index, follow, max-snippet:-1, max-image-preview:large, max-video-preview:-1\" \/>\n<link rel=\"canonical\" href=\"https:\/\/jornaldasoficinas.com\/pt\/ernst-prost-reforma-se-passados-30-anos\/\" \/>\n<meta property=\"og:locale\" content=\"pt_PT\" \/>\n<meta property=\"og:type\" content=\"article\" \/>\n<meta property=\"og:title\" content=\"Ernst Prost reforma-se passados 30 anos - Jornal das Oficinas\" \/>\n<meta property=\"og:description\" content=\"O que t\u00eam em comum o...\" \/>\n<meta property=\"og:url\" content=\"https:\/\/jornaldasoficinas.com\/pt\/ernst-prost-reforma-se-passados-30-anos\/\" \/>\n<meta property=\"og:site_name\" content=\"Jornal das Oficinas\" \/>\n<meta property=\"article:publisher\" content=\"https:\/\/www.facebook.com\/jornaloficinas\" \/>\n<meta property=\"article:published_time\" content=\"2022-02-28T10:00:50+00:00\" \/>\n<meta property=\"og:image\" content=\"https:\/\/jornaldasoficinas.com\/pt\/wp-content\/uploads\/2022\/02\/Ernst-Prost-reforma-se-passados-30-anos.jpeg\" \/>\n\t<meta property=\"og:image:width\" content=\"1024\" \/>\n\t<meta property=\"og:image:height\" content=\"581\" \/>\n\t<meta property=\"og:image:type\" content=\"image\/jpeg\" \/>\n<meta name=\"author\" content=\"Reda\u00e7\u00e3o JO\" \/>\n<meta name=\"twitter:card\" content=\"summary_large_image\" \/>\n<meta name=\"twitter:creator\" content=\"@jornaloficinas\" \/>\n<meta name=\"twitter:site\" content=\"@jornaloficinas\" \/>\n<meta name=\"twitter:label1\" content=\"Escrito por\" \/>\n\t<meta name=\"twitter:data1\" content=\"Reda\u00e7\u00e3o JO\" \/>\n\t<meta name=\"twitter:label2\" content=\"Tempo estimado de leitura\" \/>\n\t<meta name=\"twitter:data2\" content=\"4 minutos\" \/>\n<script type=\"application\/ld+json\" class=\"yoast-schema-graph\">{\"@context\":\"https:\\\/\\\/schema.org\",\"@graph\":[{\"@type\":\"Article\",\"@id\":\"https:\\\/\\\/jornaldasoficinas.com\\\/pt\\\/ernst-prost-reforma-se-passados-30-anos\\\/#article\",\"isPartOf\":{\"@id\":\"https:\\\/\\\/jornaldasoficinas.com\\\/pt\\\/ernst-prost-reforma-se-passados-30-anos\\\/\"},\"author\":{\"name\":\"Reda\u00e7\u00e3o JO\",\"@id\":\"https:\\\/\\\/jornaldasoficinas.com\\\/pt\\\/#\\\/schema\\\/person\\\/a38eef5de2c41d9e7c9ac10141afddf3\"},\"headline\":\"Ernst Prost reforma-se passados 30 anos\",\"datePublished\":\"2022-02-28T10:00:50+00:00\",\"mainEntityOfPage\":{\"@id\":\"https:\\\/\\\/jornaldasoficinas.com\\\/pt\\\/ernst-prost-reforma-se-passados-30-anos\\\/\"},\"wordCount\":847,\"publisher\":{\"@id\":\"https:\\\/\\\/jornaldasoficinas.com\\\/pt\\\/#organization\"},\"image\":{\"@id\":\"https:\\\/\\\/jornaldasoficinas.com\\\/pt\\\/ernst-prost-reforma-se-passados-30-anos\\\/#primaryimage\"},\"thumbnailUrl\":\"https:\\\/\\\/jornaldasoficinas.com\\\/pt\\\/wp-content\\\/uploads\\\/2022\\\/02\\\/Ernst-Prost-reforma-se-passados-30-anos.jpeg\",\"keywords\":[\"LIQUI MOLY\"],\"articleSection\":[\"Empresas\"],\"inLanguage\":\"pt-PT\"},{\"@type\":\"WebPage\",\"@id\":\"https:\\\/\\\/jornaldasoficinas.com\\\/pt\\\/ernst-prost-reforma-se-passados-30-anos\\\/\",\"url\":\"https:\\\/\\\/jornaldasoficinas.com\\\/pt\\\/ernst-prost-reforma-se-passados-30-anos\\\/\",\"name\":\"Ernst Prost reforma-se passados 30 anos - Jornal das Oficinas\",\"isPartOf\":{\"@id\":\"https:\\\/\\\/jornaldasoficinas.com\\\/pt\\\/#website\"},\"primaryImageOfPage\":{\"@id\":\"https:\\\/\\\/jornaldasoficinas.com\\\/pt\\\/ernst-prost-reforma-se-passados-30-anos\\\/#primaryimage\"},\"image\":{\"@id\":\"https:\\\/\\\/jornaldasoficinas.com\\\/pt\\\/ernst-prost-reforma-se-passados-30-anos\\\/#primaryimage\"},\"thumbnailUrl\":\"https:\\\/\\\/jornaldasoficinas.com\\\/pt\\\/wp-content\\\/uploads\\\/2022\\\/02\\\/Ernst-Prost-reforma-se-passados-30-anos.jpeg\",\"datePublished\":\"2022-02-28T10:00:50+00:00\",\"breadcrumb\":{\"@id\":\"https:\\\/\\\/jornaldasoficinas.com\\\/pt\\\/ernst-prost-reforma-se-passados-30-anos\\\/#breadcrumb\"},\"inLanguage\":\"pt-PT\",\"potentialAction\":[{\"@type\":\"ReadAction\",\"target\":[\"https:\\\/\\\/jornaldasoficinas.com\\\/pt\\\/ernst-prost-reforma-se-passados-30-anos\\\/\"]}]},{\"@type\":\"ImageObject\",\"inLanguage\":\"pt-PT\",\"@id\":\"https:\\\/\\\/jornaldasoficinas.com\\\/pt\\\/ernst-prost-reforma-se-passados-30-anos\\\/#primaryimage\",\"url\":\"https:\\\/\\\/jornaldasoficinas.com\\\/pt\\\/wp-content\\\/uploads\\\/2022\\\/02\\\/Ernst-Prost-reforma-se-passados-30-anos.jpeg\",\"contentUrl\":\"https:\\\/\\\/jornaldasoficinas.com\\\/pt\\\/wp-content\\\/uploads\\\/2022\\\/02\\\/Ernst-Prost-reforma-se-passados-30-anos.jpeg\",\"width\":1024,\"height\":581,\"caption\":\"02 - Ernst Prost reforma se passados 30 anos\"},{\"@type\":\"BreadcrumbList\",\"@id\":\"https:\\\/\\\/jornaldasoficinas.com\\\/pt\\\/ernst-prost-reforma-se-passados-30-anos\\\/#breadcrumb\",\"itemListElement\":[{\"@type\":\"ListItem\",\"position\":1,\"name\":\"In\u00edcio\",\"item\":\"https:\\\/\\\/jornaldasoficinas.com\\\/pt\\\/\"},{\"@type\":\"ListItem\",\"position\":2,\"name\":\"Ernst Prost reforma-se passados 30 anos\"}]},{\"@type\":\"WebSite\",\"@id\":\"https:\\\/\\\/jornaldasoficinas.com\\\/pt\\\/#website\",\"url\":\"https:\\\/\\\/jornaldasoficinas.com\\\/pt\\\/\",\"name\":\"Jornal das Oficinas\",\"description\":\"Jornal independente do Aftermarket Autom\u00f3vel em Portugal\",\"publisher\":{\"@id\":\"https:\\\/\\\/jornaldasoficinas.com\\\/pt\\\/#organization\"},\"potentialAction\":[{\"@type\":\"SearchAction\",\"target\":{\"@type\":\"EntryPoint\",\"urlTemplate\":\"https:\\\/\\\/jornaldasoficinas.com\\\/pt\\\/?s={search_term_string}\"},\"query-input\":{\"@type\":\"PropertyValueSpecification\",\"valueRequired\":true,\"valueName\":\"search_term_string\"}}],\"inLanguage\":\"pt-PT\"},{\"@type\":\"Organization\",\"@id\":\"https:\\\/\\\/jornaldasoficinas.com\\\/pt\\\/#organization\",\"name\":\"Jornal das Oficinas\",\"url\":\"https:\\\/\\\/jornaldasoficinas.com\\\/pt\\\/\",\"logo\":{\"@type\":\"ImageObject\",\"inLanguage\":\"pt-PT\",\"@id\":\"https:\\\/\\\/jornaldasoficinas.com\\\/pt\\\/#\\\/schema\\\/logo\\\/image\\\/\",\"url\":\"https:\\\/\\\/jornaldasoficinas.com\\\/pt\\\/wp-content\\\/uploads\\\/logoJO-SEO.png\",\"contentUrl\":\"https:\\\/\\\/jornaldasoficinas.com\\\/pt\\\/wp-content\\\/uploads\\\/logoJO-SEO.png\",\"width\":285,\"height\":450,\"caption\":\"Jornal das Oficinas\"},\"image\":{\"@id\":\"https:\\\/\\\/jornaldasoficinas.com\\\/pt\\\/#\\\/schema\\\/logo\\\/image\\\/\"},\"sameAs\":[\"https:\\\/\\\/www.facebook.com\\\/jornaloficinas\",\"https:\\\/\\\/x.com\\\/jornaloficinas\",\"https:\\\/\\\/www.instagram.com\\\/jornal_oficinas\\\/\",\"https:\\\/\\\/www.linkedin.com\\\/company\\\/jornal-das-oficinas\\\/\",\"https:\\\/\\\/www.youtube.com\\\/channel\\\/UCbQZBqtcvV-oSQrr7RzINGg\"]},{\"@type\":\"Person\",\"@id\":\"https:\\\/\\\/jornaldasoficinas.com\\\/pt\\\/#\\\/schema\\\/person\\\/a38eef5de2c41d9e7c9ac10141afddf3\",\"name\":\"Reda\u00e7\u00e3o JO\",\"image\":{\"@type\":\"ImageObject\",\"inLanguage\":\"pt-PT\",\"@id\":\"https:\\\/\\\/secure.gravatar.com\\\/avatar\\\/71f2fa71737ad68a84fea94bc708ddac8ea5b0c4788dc2ad202f3ccb2887742f?s=96&d=wp_user_avatar&r=g\",\"url\":\"https:\\\/\\\/secure.gravatar.com\\\/avatar\\\/71f2fa71737ad68a84fea94bc708ddac8ea5b0c4788dc2ad202f3ccb2887742f?s=96&d=wp_user_avatar&r=g\",\"contentUrl\":\"https:\\\/\\\/secure.gravatar.com\\\/avatar\\\/71f2fa71737ad68a84fea94bc708ddac8ea5b0c4788dc2ad202f3ccb2887742f?s=96&d=wp_user_avatar&r=g\",\"caption\":\"Reda\u00e7\u00e3o JO\"},\"url\":\"https:\\\/\\\/jornaldasoficinas.com\\\/pt\\\/author\\\/joredacao\\\/\"}]}<\/script>\n<!-- \/ Yoast SEO plugin. -->","yoast_head_json":{"title":"Ernst Prost reforma-se passados 30 anos - Jornal das Oficinas","robots":{"index":"index","follow":"follow","max-snippet":"max-snippet:-1","max-image-preview":"max-image-preview:large","max-video-preview":"max-video-preview:-1"},"canonical":"https:\/\/jornaldasoficinas.com\/pt\/ernst-prost-reforma-se-passados-30-anos\/","og_locale":"pt_PT","og_type":"article","og_title":"Ernst Prost reforma-se passados 30 anos - Jornal das Oficinas","og_description":"O que t\u00eam em comum o...","og_url":"https:\/\/jornaldasoficinas.com\/pt\/ernst-prost-reforma-se-passados-30-anos\/","og_site_name":"Jornal das Oficinas","article_publisher":"https:\/\/www.facebook.com\/jornaloficinas","article_published_time":"2022-02-28T10:00:50+00:00","og_image":[{"width":1024,"height":581,"url":"https:\/\/jornaldasoficinas.com\/pt\/wp-content\/uploads\/2022\/02\/Ernst-Prost-reforma-se-passados-30-anos.jpeg","type":"image\/jpeg"}],"author":"Reda\u00e7\u00e3o JO","twitter_card":"summary_large_image","twitter_creator":"@jornaloficinas","twitter_site":"@jornaloficinas","twitter_misc":{"Escrito por":"Reda\u00e7\u00e3o JO","Tempo estimado de leitura":"4 minutos"},"schema":{"@context":"https:\/\/schema.org","@graph":[{"@type":"Article","@id":"https:\/\/jornaldasoficinas.com\/pt\/ernst-prost-reforma-se-passados-30-anos\/#article","isPartOf":{"@id":"https:\/\/jornaldasoficinas.com\/pt\/ernst-prost-reforma-se-passados-30-anos\/"},"author":{"name":"Reda\u00e7\u00e3o JO","@id":"https:\/\/jornaldasoficinas.com\/pt\/#\/schema\/person\/a38eef5de2c41d9e7c9ac10141afddf3"},"headline":"Ernst Prost reforma-se passados 30 anos","datePublished":"2022-02-28T10:00:50+00:00","mainEntityOfPage":{"@id":"https:\/\/jornaldasoficinas.com\/pt\/ernst-prost-reforma-se-passados-30-anos\/"},"wordCount":847,"publisher":{"@id":"https:\/\/jornaldasoficinas.com\/pt\/#organization"},"image":{"@id":"https:\/\/jornaldasoficinas.com\/pt\/ernst-prost-reforma-se-passados-30-anos\/#primaryimage"},"thumbnailUrl":"https:\/\/jornaldasoficinas.com\/pt\/wp-content\/uploads\/2022\/02\/Ernst-Prost-reforma-se-passados-30-anos.jpeg","keywords":["LIQUI MOLY"],"articleSection":["Empresas"],"inLanguage":"pt-PT"},{"@type":"WebPage","@id":"https:\/\/jornaldasoficinas.com\/pt\/ernst-prost-reforma-se-passados-30-anos\/","url":"https:\/\/jornaldasoficinas.com\/pt\/ernst-prost-reforma-se-passados-30-anos\/","name":"Ernst Prost reforma-se passados 30 anos - Jornal das Oficinas","isPartOf":{"@id":"https:\/\/jornaldasoficinas.com\/pt\/#website"},"primaryImageOfPage":{"@id":"https:\/\/jornaldasoficinas.com\/pt\/ernst-prost-reforma-se-passados-30-anos\/#primaryimage"},"image":{"@id":"https:\/\/jornaldasoficinas.com\/pt\/ernst-prost-reforma-se-passados-30-anos\/#primaryimage"},"thumbnailUrl":"https:\/\/jornaldasoficinas.com\/pt\/wp-content\/uploads\/2022\/02\/Ernst-Prost-reforma-se-passados-30-anos.jpeg","datePublished":"2022-02-28T10:00:50+00:00","breadcrumb":{"@id":"https:\/\/jornaldasoficinas.com\/pt\/ernst-prost-reforma-se-passados-30-anos\/#breadcrumb"},"inLanguage":"pt-PT","potentialAction":[{"@type":"ReadAction","target":["https:\/\/jornaldasoficinas.com\/pt\/ernst-prost-reforma-se-passados-30-anos\/"]}]},{"@type":"ImageObject","inLanguage":"pt-PT","@id":"https:\/\/jornaldasoficinas.com\/pt\/ernst-prost-reforma-se-passados-30-anos\/#primaryimage","url":"https:\/\/jornaldasoficinas.com\/pt\/wp-content\/uploads\/2022\/02\/Ernst-Prost-reforma-se-passados-30-anos.jpeg","contentUrl":"https:\/\/jornaldasoficinas.com\/pt\/wp-content\/uploads\/2022\/02\/Ernst-Prost-reforma-se-passados-30-anos.jpeg","width":1024,"height":581,"caption":"02 - Ernst Prost reforma se passados 30 anos"},{"@type":"BreadcrumbList","@id":"https:\/\/jornaldasoficinas.com\/pt\/ernst-prost-reforma-se-passados-30-anos\/#breadcrumb","itemListElement":[{"@type":"ListItem","position":1,"name":"In\u00edcio","item":"https:\/\/jornaldasoficinas.com\/pt\/"},{"@type":"ListItem","position":2,"name":"Ernst Prost reforma-se passados 30 anos"}]},{"@type":"WebSite","@id":"https:\/\/jornaldasoficinas.com\/pt\/#website","url":"https:\/\/jornaldasoficinas.com\/pt\/","name":"Jornal das Oficinas","description":"Jornal independente do Aftermarket Autom\u00f3vel em Portugal","publisher":{"@id":"https:\/\/jornaldasoficinas.com\/pt\/#organization"},"potentialAction":[{"@type":"SearchAction","target":{"@type":"EntryPoint","urlTemplate":"https:\/\/jornaldasoficinas.com\/pt\/?s={search_term_string}"},"query-input":{"@type":"PropertyValueSpecification","valueRequired":true,"valueName":"search_term_string"}}],"inLanguage":"pt-PT"},{"@type":"Organization","@id":"https:\/\/jornaldasoficinas.com\/pt\/#organization","name":"Jornal das Oficinas","url":"https:\/\/jornaldasoficinas.com\/pt\/","logo":{"@type":"ImageObject","inLanguage":"pt-PT","@id":"https:\/\/jornaldasoficinas.com\/pt\/#\/schema\/logo\/image\/","url":"https:\/\/jornaldasoficinas.com\/pt\/wp-content\/uploads\/logoJO-SEO.png","contentUrl":"https:\/\/jornaldasoficinas.com\/pt\/wp-content\/uploads\/logoJO-SEO.png","width":285,"height":450,"caption":"Jornal das Oficinas"},"image":{"@id":"https:\/\/jornaldasoficinas.com\/pt\/#\/schema\/logo\/image\/"},"sameAs":["https:\/\/www.facebook.com\/jornaloficinas","https:\/\/x.com\/jornaloficinas","https:\/\/www.instagram.com\/jornal_oficinas\/","https:\/\/www.linkedin.com\/company\/jornal-das-oficinas\/","https:\/\/www.youtube.com\/channel\/UCbQZBqtcvV-oSQrr7RzINGg"]},{"@type":"Person","@id":"https:\/\/jornaldasoficinas.com\/pt\/#\/schema\/person\/a38eef5de2c41d9e7c9ac10141afddf3","name":"Reda\u00e7\u00e3o JO","image":{"@type":"ImageObject","inLanguage":"pt-PT","@id":"https:\/\/secure.gravatar.com\/avatar\/71f2fa71737ad68a84fea94bc708ddac8ea5b0c4788dc2ad202f3ccb2887742f?s=96&d=wp_user_avatar&r=g","url":"https:\/\/secure.gravatar.com\/avatar\/71f2fa71737ad68a84fea94bc708ddac8ea5b0c4788dc2ad202f3ccb2887742f?s=96&d=wp_user_avatar&r=g","contentUrl":"https:\/\/secure.gravatar.com\/avatar\/71f2fa71737ad68a84fea94bc708ddac8ea5b0c4788dc2ad202f3ccb2887742f?s=96&d=wp_user_avatar&r=g","caption":"Reda\u00e7\u00e3o JO"},"url":"https:\/\/jornaldasoficinas.com\/pt\/author\/joredacao\/"}]}},"_links":{"self":[{"href":"https:\/\/jornaldasoficinas.com\/pt\/wp-json\/wp\/v2\/posts\/27608","targetHints":{"allow":["GET"]}}],"collection":[{"href":"https:\/\/jornaldasoficinas.com\/pt\/wp-json\/wp\/v2\/posts"}],"about":[{"href":"https:\/\/jornaldasoficinas.com\/pt\/wp-json\/wp\/v2\/types\/post"}],"author":[{"embeddable":true,"href":"https:\/\/jornaldasoficinas.com\/pt\/wp-json\/wp\/v2\/users\/15"}],"replies":[{"embeddable":true,"href":"https:\/\/jornaldasoficinas.com\/pt\/wp-json\/wp\/v2\/comments?post=27608"}],"version-history":[{"count":0,"href":"https:\/\/jornaldasoficinas.com\/pt\/wp-json\/wp\/v2\/posts\/27608\/revisions"}],"wp:featuredmedia":[{"embeddable":true,"href":"https:\/\/jornaldasoficinas.com\/pt\/wp-json\/wp\/v2\/media\/27559"}],"wp:attachment":[{"href":"https:\/\/jornaldasoficinas.com\/pt\/wp-json\/wp\/v2\/media?parent=27608"}],"wp:term":[{"taxonomy":"category","embeddable":true,"href":"https:\/\/jornaldasoficinas.com\/pt\/wp-json\/wp\/v2\/categories?post=27608"},{"taxonomy":"post_tag","embeddable":true,"href":"https:\/\/jornaldasoficinas.com\/pt\/wp-json\/wp\/v2\/tags?post=27608"}],"curies":[{"name":"wp","href":"https:\/\/api.w.org\/{rel}","templated":true}]}}