{"id":27612,"date":"2022-02-28T12:00:27","date_gmt":"2022-02-28T12:00:27","guid":{"rendered":"https:\/\/jornaldasoficinas.com\/pt\/?p=27612"},"modified":"2022-02-28T08:22:26","modified_gmt":"2022-02-28T08:22:26","slug":"inteligencia-artificial-pode-ajudar-profissionais-no-seu-trabalho","status":"publish","type":"post","link":"https:\/\/jornaldasoficinas.com\/pt\/inteligencia-artificial-pode-ajudar-profissionais-no-seu-trabalho\/","title":{"rendered":"Intelig\u00eancia Artificial pode ajudar profissionais no seu trabalho"},"content":{"rendered":"<p><strong><img loading=\"lazy\" decoding=\"async\" class=\"alignnone size-full wp-image-27558\" src=\"https:\/\/jornaldasoficinas.com\/pt\/wp-content\/uploads\/2022\/02\/Intelige\u0302ncia-Artificial-pode.jpg\" alt=\"02 - Intelige\u0302ncia Artificial pode\" width=\"1024\" height=\"581\" srcset=\"https:\/\/jornaldasoficinas.com\/pt\/wp-content\/uploads\/2022\/02\/Intelige\u0302ncia-Artificial-pode.jpg 1024w, https:\/\/jornaldasoficinas.com\/pt\/wp-content\/uploads\/2022\/02\/Intelige\u0302ncia-Artificial-pode-300x170.jpg 300w, https:\/\/jornaldasoficinas.com\/pt\/wp-content\/uploads\/2022\/02\/Intelige\u0302ncia-Artificial-pode-150x85.jpg 150w, https:\/\/jornaldasoficinas.com\/pt\/wp-content\/uploads\/2022\/02\/Intelige\u0302ncia-Artificial-pode-768x436.jpg 768w\" sizes=\"auto, (max-width: 1024px) 100vw, 1024px\" \/><\/strong><\/p>\n<p><strong>Um estudo global revela que mais de 75% das pessoas se sentem &#8220;estagnadas&#8221; pessoal e profissionalmente. 88% dos inquiridos afirmam que o seu conceito de sucesso mudou desde o in\u00edcio da pandemia, j\u00e1 85% gostariam que a tecnologia as ajudasse a definir o seu futuro<\/strong><\/p>\n<p>Segundo a Workplace Intelligence, as pessoas recorrem \u00e0 intelig\u00eancia artificial para as ajudar a desenvolverem-se profissionalmente, depois da pandemia da COVID-19 as ter deixado isoladas e desvinculadas das suas pr\u00f3prias vidas, de acordo com um\u00a0estudo\u00a0da Oracle e da Workplace Intelligence, uma empresa de investiga\u00e7\u00e3o e consultoria em recursos humanos.<\/p>\n<p>O estudo, realizado com mais de 14.600 funcion\u00e1rios, gestores, diretores de recursos humanos e executivos de alto n\u00edvel de 13 pa\u00edses, revela que as pessoas sentiram, em todo o mundo, que a sua vida pessoal e profissional estagnou, mas que est\u00e3o dispostas a retomar o controlo do seu futuro.<\/p>\n<p><strong>Os funcion\u00e1rios de todo o mundo sentem-se isolados, desligados e fora de controlo<br \/>\n<\/strong>Ap\u00f3s todos os per\u00edodos de confinamento e a constante incerteza resultante da pandemia, muitos funcion\u00e1rios est\u00e3o a sofrer de instabilidade emocional e sentem que perderam o controlo das suas vidas e das suas carreiras.<\/p>\n<ul>\n<li>80% das pessoas foram afetadas negativamente durante o \u00faltimo ano; muitas tiveram problemas econ\u00f3micos (29%),problemas de sa\u00fade mental (28%), falta de motiva\u00e7\u00e3o profissional (25%) e sentiram-se desvinculadas das suas pr\u00f3prias vidas (23%).<\/li>\n<li>62% consideram que 2021 foi o ano mais stressante no trabalho. Mais de metade (52%) teve mais problemas de sa\u00fade mental no trabalho em 2021 que em 2020.<\/li>\n<li>O n\u00famero de pessoas que acreditam ter pouco ou nenhum controlo sobre as suas vidas pessoais e profissionais duplicou desde o in\u00edcio da pandemia. Reconhecem ter perdido o controlo do seu futuro (43%), das suas vidas pessoais (46%), das suas carreiras (41%) e das suas rela\u00e7\u00f5es (39%).<\/li>\n<li>76% sentem que estagnaram nas suas vidas pessoais, sentem ansiedade em rela\u00e7\u00e3o ao futuro (31%), sentem-se presos \u00e0 mesma rotina (27%) e sentem-se mais s\u00f3s que nunca (26%).<\/li>\n<\/ul>\n<p><strong>As pessoas est\u00e3o motivadas para fazer mudan\u00e7as, mas enfrentam grandes desafios<br \/>\n<\/strong>Apesar das dificuldades do \u00faltimo ano, as pessoas em todo o mundo est\u00e3o ansiosas por fazer mudan\u00e7as nas suas vidas profissionais.<\/p>\n<ul>\n<li>93% utilizaram o ano passado para refletir sobre as suas vidas, enquanto 88% afirmaram que o seu conceito de sucesso tinha mudado desde a pandemia, sendo agora as suas principais prioridades o equil\u00edbrio entre a vida profissional e pessoal (42%), a sa\u00fade mental (37%) e a flexibilidade laboral (3%).<\/li>\n<li>75% das pessoas acreditam que estagnaram profissionalmente, devido \u00e0 falta de oportunidades de crescimento para progredir nas suas carreiras profissionais (25%) e sentem-se demasiado sobrecarregadas para fazer mudan\u00e7as (22%).<\/li>\n<li>70% afirmam que o facto de terem sentido que as suas carreiras profissionais estagnaram teve um impacto negativo na sua vida pessoal, al\u00e9m de lhes causar mais stress e ansiedade (40%), fazendo com que se sentissem presos pessoalmente (29%) e desconectados das suas vidas (27%).<\/li>\n<li>83% est\u00e3o dispostos a fazer mudan\u00e7as, enquanto 76% admitem estar a enfrentar grandes dificuldades. As principais dificuldades incluem a instabilidade econ\u00f3mica (22%), n\u00e3o saber qual a mudan\u00e7a de carreira adequada (20%), a falta de seguran\u00e7a para fazer uma mudan\u00e7a (20%) e a falta de oportunidades de crescimento nas suas empresas (20%).<\/li>\n<li>Olhando para 2022, o desenvolvimento profissional \u00e9 uma prioridade e s\u00e3o muitas as pessoas que est\u00e3o dispostas a renunciar a direitos essenciais como os dias de f\u00e9rias (52%), os b\u00f3nus financeiros (51%) e at\u00e9 uma parte dos seus sal\u00e1rios (43%) para obterem mais oportunidades profissionais.<\/li>\n<li>No entanto, 85% dos funcion\u00e1rios em todo o mundo est\u00e3o insatisfeitos com o apoio que recebem da sua empresa. Esperam que as organiza\u00e7\u00f5es proporcionem mais forma\u00e7\u00e3o e desenvolvimento de compet\u00eancias (34%), sal\u00e1rios mais elevados (31%) e oportunidades para assumir novas responsabilidades dentro da sua empresa (30%).<\/li>\n<\/ul>\n<p>Os funcion\u00e1rios de todo o mundo est\u00e3o ansiosos por adquirir novas compet\u00eancias e recorrem \u00e0 tecnologia para obter ajuda<\/p>\n<p>Para reter e desenvolver os melhores talentos em plena mudan\u00e7a de din\u00e2mica do lugar de trabalho, as empresas devem prestar mais aten\u00e7\u00e3o do que nunca \u00e0s necessidades dos funcion\u00e1rios e aproveitar a tecnologia para melhor apoi\u00e1-los.<\/p>\n<ul>\n<li>85% das pessoas querem que a tecnologia as ajude a definir o seu futuro, identificando as compet\u00eancias que devem desenvolver (36%), recomendando formas de adquirir novas compet\u00eancias (36%) e fornecendo-lhes as ferramentas necess\u00e1rias para alcan\u00e7arem os seus objetivos profissionais (32%).<\/li>\n<li>75% fariam mudan\u00e7as nas suas vidas com base nas recomenda\u00e7\u00f5es de uma intelig\u00eancia artificial.<\/li>\n<li>82% das pessoas acreditam que a IA pode apoiar as suas carreiras profissionais melhor do que os humanos, fornecendo recomenda\u00e7\u00f5es imparciais (37%), respondendo rapidamente a perguntas sobre a sua carreira (33%) ou encontrando novos trabalhos que se ajustem \u00e0s suas compet\u00eancias atuais (32%).<\/li>\n<li>Ainda assim, as pessoas acreditam que os humanos continuam a desempenhar um papel fundamental no desenvolvimento de uma carreira profissional e consideram que s\u00e3o melhores a oferecer ajuda atrav\u00e9s de conselhos baseados na experi\u00eancia pessoal (46%), identificando pontos fortes e fracos (44%) e investigando al\u00e9m do curr\u00edculo para recomendar cargos que se adaptem \u00e0 personalidade de cada um (41%).<\/li>\n<li>87% acreditam que a sua empresa deveria esfor\u00e7ar-se mais por saber quais s\u00e3o as suas necessidades e 55% preferem ficar numa empresa que possua tecnologias avan\u00e7adas como a intelig\u00eancia artificial para apoiar o crescimento profissional.<\/li>\n<\/ul>\n<p>\u201cA pandemia mudou a forma como trabalhamos, onde trabalhamos e, de acordo com muitas pessoas, para quem trabalhamos. Embora tenha havido muitas dificuldades tanto para os funcion\u00e1rios como para as empresas, foi uma oportunidade para melhorar o lugar de trabalho\u201d, explica Dan Schawbel, s\u00f3cio-gerente da Workplace Intelligence.<\/p>\n<p>\u201cOs resultados mostram claramente que o investimento em compet\u00eancias e no desenvolvimento de carreiras profissionais \u00e9 agora um fator diferenciador fundamental para as empresas, uma vez que desempenha um papel importante para que os funcion\u00e1rios se sintam no controlo da sua vida pessoal e profissional. As empresas que investem nos seus funcion\u00e1rios e os ajudam a encontrar oportunidades colher\u00e3o os benef\u00edcios de uma for\u00e7a de trabalho produtiva e empenhada\u201d, acrescenta.<\/p>\n<p>\u201cO \u00faltimo ano foi um ponto de viragem para o futuro do trabalho. Surpreendentemente, no meio do stress, ansiedade e solid\u00e3o provocados pela pandemia global, os funcion\u00e1rios encontraram a sua voz, fortaleceram-se e agora defendem o que querem\u201d, afirma Al\u00e9n Fern\u00e1ndez, diretor de neg\u00f3cios da Oracle Cloud HCM.<\/p>\n<p>\u201cA natureza mut\u00e1vel do lugar de trabalho transformou a conce\u00e7\u00e3o de sucesso e restabeleceu as expectativas das pessoas sobre como as organiza\u00e7\u00f5es podem melhor apoi\u00e1-las. Para atrair e reter talentos, as empresas devem dar maior prioridade a ajudar os seus funcion\u00e1rios a identificar e desenvolver novas compet\u00eancias, e fornecer-lhes planos de carreira personalizados para que possam recuperar o controlo das suas carreiras\u201d.<\/p>\n","protected":false},"excerpt":{"rendered":"<p>Um estudo global revela que mais&#8230;<\/p>\n","protected":false},"author":15,"featured_media":27558,"comment_status":"closed","ping_status":"closed","sticky":false,"template":"","format":"standard","meta":{"footnotes":""},"categories":[37],"tags":[],"class_list":["post-27612","post","type-post","status-publish","format-standard","has-post-thumbnail","hentry","category-mercado"],"yoast_head":"<!-- This site is optimized with the Yoast SEO plugin v27.5 - https:\/\/yoast.com\/product\/yoast-seo-wordpress\/ -->\n<title>Intelig\u00eancia Artificial pode ajudar profissionais no seu trabalho - Jornal das Oficinas<\/title>\n<meta name=\"robots\" content=\"index, follow, max-snippet:-1, max-image-preview:large, max-video-preview:-1\" \/>\n<link rel=\"canonical\" href=\"https:\/\/jornaldasoficinas.com\/pt\/inteligencia-artificial-pode-ajudar-profissionais-no-seu-trabalho\/\" \/>\n<meta property=\"og:locale\" content=\"pt_PT\" \/>\n<meta property=\"og:type\" content=\"article\" \/>\n<meta property=\"og:title\" content=\"Intelig\u00eancia Artificial pode ajudar profissionais no seu trabalho - Jornal das Oficinas\" \/>\n<meta property=\"og:description\" content=\"Um estudo global revela que mais...\" \/>\n<meta property=\"og:url\" content=\"https:\/\/jornaldasoficinas.com\/pt\/inteligencia-artificial-pode-ajudar-profissionais-no-seu-trabalho\/\" \/>\n<meta property=\"og:site_name\" content=\"Jornal das Oficinas\" \/>\n<meta property=\"article:publisher\" content=\"https:\/\/www.facebook.com\/jornaloficinas\" \/>\n<meta property=\"article:published_time\" content=\"2022-02-28T12:00:27+00:00\" \/>\n<meta property=\"og:image\" content=\"https:\/\/jornaldasoficinas.com\/pt\/wp-content\/uploads\/2022\/02\/Intelige\u0302ncia-Artificial-pode.jpg\" \/>\n\t<meta property=\"og:image:width\" content=\"1024\" \/>\n\t<meta property=\"og:image:height\" content=\"581\" \/>\n\t<meta property=\"og:image:type\" content=\"image\/jpeg\" \/>\n<meta name=\"author\" content=\"Reda\u00e7\u00e3o JO\" \/>\n<meta name=\"twitter:card\" content=\"summary_large_image\" \/>\n<meta name=\"twitter:creator\" content=\"@jornaloficinas\" \/>\n<meta name=\"twitter:site\" content=\"@jornaloficinas\" \/>\n<meta name=\"twitter:label1\" content=\"Escrito por\" \/>\n\t<meta name=\"twitter:data1\" content=\"Reda\u00e7\u00e3o JO\" \/>\n\t<meta name=\"twitter:label2\" content=\"Tempo estimado de leitura\" \/>\n\t<meta name=\"twitter:data2\" content=\"6 minutos\" \/>\n<script type=\"application\/ld+json\" class=\"yoast-schema-graph\">{\"@context\":\"https:\\\/\\\/schema.org\",\"@graph\":[{\"@type\":\"Article\",\"@id\":\"https:\\\/\\\/jornaldasoficinas.com\\\/pt\\\/inteligencia-artificial-pode-ajudar-profissionais-no-seu-trabalho\\\/#article\",\"isPartOf\":{\"@id\":\"https:\\\/\\\/jornaldasoficinas.com\\\/pt\\\/inteligencia-artificial-pode-ajudar-profissionais-no-seu-trabalho\\\/\"},\"author\":{\"name\":\"Reda\u00e7\u00e3o JO\",\"@id\":\"https:\\\/\\\/jornaldasoficinas.com\\\/pt\\\/#\\\/schema\\\/person\\\/a38eef5de2c41d9e7c9ac10141afddf3\"},\"headline\":\"Intelig\u00eancia Artificial pode ajudar profissionais no seu trabalho\",\"datePublished\":\"2022-02-28T12:00:27+00:00\",\"mainEntityOfPage\":{\"@id\":\"https:\\\/\\\/jornaldasoficinas.com\\\/pt\\\/inteligencia-artificial-pode-ajudar-profissionais-no-seu-trabalho\\\/\"},\"wordCount\":1131,\"publisher\":{\"@id\":\"https:\\\/\\\/jornaldasoficinas.com\\\/pt\\\/#organization\"},\"image\":{\"@id\":\"https:\\\/\\\/jornaldasoficinas.com\\\/pt\\\/inteligencia-artificial-pode-ajudar-profissionais-no-seu-trabalho\\\/#primaryimage\"},\"thumbnailUrl\":\"https:\\\/\\\/jornaldasoficinas.com\\\/pt\\\/wp-content\\\/uploads\\\/2022\\\/02\\\/Intelige\u0302ncia-Artificial-pode.jpg\",\"articleSection\":[\"Mercado\"],\"inLanguage\":\"pt-PT\"},{\"@type\":\"WebPage\",\"@id\":\"https:\\\/\\\/jornaldasoficinas.com\\\/pt\\\/inteligencia-artificial-pode-ajudar-profissionais-no-seu-trabalho\\\/\",\"url\":\"https:\\\/\\\/jornaldasoficinas.com\\\/pt\\\/inteligencia-artificial-pode-ajudar-profissionais-no-seu-trabalho\\\/\",\"name\":\"Intelig\u00eancia Artificial pode ajudar profissionais no seu trabalho - Jornal das Oficinas\",\"isPartOf\":{\"@id\":\"https:\\\/\\\/jornaldasoficinas.com\\\/pt\\\/#website\"},\"primaryImageOfPage\":{\"@id\":\"https:\\\/\\\/jornaldasoficinas.com\\\/pt\\\/inteligencia-artificial-pode-ajudar-profissionais-no-seu-trabalho\\\/#primaryimage\"},\"image\":{\"@id\":\"https:\\\/\\\/jornaldasoficinas.com\\\/pt\\\/inteligencia-artificial-pode-ajudar-profissionais-no-seu-trabalho\\\/#primaryimage\"},\"thumbnailUrl\":\"https:\\\/\\\/jornaldasoficinas.com\\\/pt\\\/wp-content\\\/uploads\\\/2022\\\/02\\\/Intelige\u0302ncia-Artificial-pode.jpg\",\"datePublished\":\"2022-02-28T12:00:27+00:00\",\"breadcrumb\":{\"@id\":\"https:\\\/\\\/jornaldasoficinas.com\\\/pt\\\/inteligencia-artificial-pode-ajudar-profissionais-no-seu-trabalho\\\/#breadcrumb\"},\"inLanguage\":\"pt-PT\",\"potentialAction\":[{\"@type\":\"ReadAction\",\"target\":[\"https:\\\/\\\/jornaldasoficinas.com\\\/pt\\\/inteligencia-artificial-pode-ajudar-profissionais-no-seu-trabalho\\\/\"]}]},{\"@type\":\"ImageObject\",\"inLanguage\":\"pt-PT\",\"@id\":\"https:\\\/\\\/jornaldasoficinas.com\\\/pt\\\/inteligencia-artificial-pode-ajudar-profissionais-no-seu-trabalho\\\/#primaryimage\",\"url\":\"https:\\\/\\\/jornaldasoficinas.com\\\/pt\\\/wp-content\\\/uploads\\\/2022\\\/02\\\/Intelige\u0302ncia-Artificial-pode.jpg\",\"contentUrl\":\"https:\\\/\\\/jornaldasoficinas.com\\\/pt\\\/wp-content\\\/uploads\\\/2022\\\/02\\\/Intelige\u0302ncia-Artificial-pode.jpg\",\"width\":1024,\"height\":581,\"caption\":\"02 - Intelige\u0302ncia Artificial pode\"},{\"@type\":\"BreadcrumbList\",\"@id\":\"https:\\\/\\\/jornaldasoficinas.com\\\/pt\\\/inteligencia-artificial-pode-ajudar-profissionais-no-seu-trabalho\\\/#breadcrumb\",\"itemListElement\":[{\"@type\":\"ListItem\",\"position\":1,\"name\":\"In\u00edcio\",\"item\":\"https:\\\/\\\/jornaldasoficinas.com\\\/pt\\\/\"},{\"@type\":\"ListItem\",\"position\":2,\"name\":\"Intelig\u00eancia Artificial pode ajudar profissionais no seu trabalho\"}]},{\"@type\":\"WebSite\",\"@id\":\"https:\\\/\\\/jornaldasoficinas.com\\\/pt\\\/#website\",\"url\":\"https:\\\/\\\/jornaldasoficinas.com\\\/pt\\\/\",\"name\":\"Jornal das Oficinas\",\"description\":\"Jornal independente do Aftermarket Autom\u00f3vel em Portugal\",\"publisher\":{\"@id\":\"https:\\\/\\\/jornaldasoficinas.com\\\/pt\\\/#organization\"},\"potentialAction\":[{\"@type\":\"SearchAction\",\"target\":{\"@type\":\"EntryPoint\",\"urlTemplate\":\"https:\\\/\\\/jornaldasoficinas.com\\\/pt\\\/?s={search_term_string}\"},\"query-input\":{\"@type\":\"PropertyValueSpecification\",\"valueRequired\":true,\"valueName\":\"search_term_string\"}}],\"inLanguage\":\"pt-PT\"},{\"@type\":\"Organization\",\"@id\":\"https:\\\/\\\/jornaldasoficinas.com\\\/pt\\\/#organization\",\"name\":\"Jornal das Oficinas\",\"url\":\"https:\\\/\\\/jornaldasoficinas.com\\\/pt\\\/\",\"logo\":{\"@type\":\"ImageObject\",\"inLanguage\":\"pt-PT\",\"@id\":\"https:\\\/\\\/jornaldasoficinas.com\\\/pt\\\/#\\\/schema\\\/logo\\\/image\\\/\",\"url\":\"https:\\\/\\\/jornaldasoficinas.com\\\/pt\\\/wp-content\\\/uploads\\\/logoJO-SEO.png\",\"contentUrl\":\"https:\\\/\\\/jornaldasoficinas.com\\\/pt\\\/wp-content\\\/uploads\\\/logoJO-SEO.png\",\"width\":285,\"height\":450,\"caption\":\"Jornal das Oficinas\"},\"image\":{\"@id\":\"https:\\\/\\\/jornaldasoficinas.com\\\/pt\\\/#\\\/schema\\\/logo\\\/image\\\/\"},\"sameAs\":[\"https:\\\/\\\/www.facebook.com\\\/jornaloficinas\",\"https:\\\/\\\/x.com\\\/jornaloficinas\",\"https:\\\/\\\/www.instagram.com\\\/jornal_oficinas\\\/\",\"https:\\\/\\\/www.linkedin.com\\\/company\\\/jornal-das-oficinas\\\/\",\"https:\\\/\\\/www.youtube.com\\\/channel\\\/UCbQZBqtcvV-oSQrr7RzINGg\"]},{\"@type\":\"Person\",\"@id\":\"https:\\\/\\\/jornaldasoficinas.com\\\/pt\\\/#\\\/schema\\\/person\\\/a38eef5de2c41d9e7c9ac10141afddf3\",\"name\":\"Reda\u00e7\u00e3o JO\",\"image\":{\"@type\":\"ImageObject\",\"inLanguage\":\"pt-PT\",\"@id\":\"https:\\\/\\\/secure.gravatar.com\\\/avatar\\\/71f2fa71737ad68a84fea94bc708ddac8ea5b0c4788dc2ad202f3ccb2887742f?s=96&d=wp_user_avatar&r=g\",\"url\":\"https:\\\/\\\/secure.gravatar.com\\\/avatar\\\/71f2fa71737ad68a84fea94bc708ddac8ea5b0c4788dc2ad202f3ccb2887742f?s=96&d=wp_user_avatar&r=g\",\"contentUrl\":\"https:\\\/\\\/secure.gravatar.com\\\/avatar\\\/71f2fa71737ad68a84fea94bc708ddac8ea5b0c4788dc2ad202f3ccb2887742f?s=96&d=wp_user_avatar&r=g\",\"caption\":\"Reda\u00e7\u00e3o JO\"},\"url\":\"https:\\\/\\\/jornaldasoficinas.com\\\/pt\\\/author\\\/joredacao\\\/\"}]}<\/script>\n<!-- \/ Yoast SEO plugin. -->","yoast_head_json":{"title":"Intelig\u00eancia Artificial pode ajudar profissionais no seu trabalho - Jornal das Oficinas","robots":{"index":"index","follow":"follow","max-snippet":"max-snippet:-1","max-image-preview":"max-image-preview:large","max-video-preview":"max-video-preview:-1"},"canonical":"https:\/\/jornaldasoficinas.com\/pt\/inteligencia-artificial-pode-ajudar-profissionais-no-seu-trabalho\/","og_locale":"pt_PT","og_type":"article","og_title":"Intelig\u00eancia Artificial pode ajudar profissionais no seu trabalho - Jornal das Oficinas","og_description":"Um estudo global revela que mais...","og_url":"https:\/\/jornaldasoficinas.com\/pt\/inteligencia-artificial-pode-ajudar-profissionais-no-seu-trabalho\/","og_site_name":"Jornal das Oficinas","article_publisher":"https:\/\/www.facebook.com\/jornaloficinas","article_published_time":"2022-02-28T12:00:27+00:00","og_image":[{"width":1024,"height":581,"url":"https:\/\/jornaldasoficinas.com\/pt\/wp-content\/uploads\/2022\/02\/Intelige\u0302ncia-Artificial-pode.jpg","type":"image\/jpeg"}],"author":"Reda\u00e7\u00e3o JO","twitter_card":"summary_large_image","twitter_creator":"@jornaloficinas","twitter_site":"@jornaloficinas","twitter_misc":{"Escrito por":"Reda\u00e7\u00e3o JO","Tempo estimado de leitura":"6 minutos"},"schema":{"@context":"https:\/\/schema.org","@graph":[{"@type":"Article","@id":"https:\/\/jornaldasoficinas.com\/pt\/inteligencia-artificial-pode-ajudar-profissionais-no-seu-trabalho\/#article","isPartOf":{"@id":"https:\/\/jornaldasoficinas.com\/pt\/inteligencia-artificial-pode-ajudar-profissionais-no-seu-trabalho\/"},"author":{"name":"Reda\u00e7\u00e3o JO","@id":"https:\/\/jornaldasoficinas.com\/pt\/#\/schema\/person\/a38eef5de2c41d9e7c9ac10141afddf3"},"headline":"Intelig\u00eancia Artificial pode ajudar profissionais no seu trabalho","datePublished":"2022-02-28T12:00:27+00:00","mainEntityOfPage":{"@id":"https:\/\/jornaldasoficinas.com\/pt\/inteligencia-artificial-pode-ajudar-profissionais-no-seu-trabalho\/"},"wordCount":1131,"publisher":{"@id":"https:\/\/jornaldasoficinas.com\/pt\/#organization"},"image":{"@id":"https:\/\/jornaldasoficinas.com\/pt\/inteligencia-artificial-pode-ajudar-profissionais-no-seu-trabalho\/#primaryimage"},"thumbnailUrl":"https:\/\/jornaldasoficinas.com\/pt\/wp-content\/uploads\/2022\/02\/Intelige\u0302ncia-Artificial-pode.jpg","articleSection":["Mercado"],"inLanguage":"pt-PT"},{"@type":"WebPage","@id":"https:\/\/jornaldasoficinas.com\/pt\/inteligencia-artificial-pode-ajudar-profissionais-no-seu-trabalho\/","url":"https:\/\/jornaldasoficinas.com\/pt\/inteligencia-artificial-pode-ajudar-profissionais-no-seu-trabalho\/","name":"Intelig\u00eancia Artificial pode ajudar profissionais no seu trabalho - Jornal das Oficinas","isPartOf":{"@id":"https:\/\/jornaldasoficinas.com\/pt\/#website"},"primaryImageOfPage":{"@id":"https:\/\/jornaldasoficinas.com\/pt\/inteligencia-artificial-pode-ajudar-profissionais-no-seu-trabalho\/#primaryimage"},"image":{"@id":"https:\/\/jornaldasoficinas.com\/pt\/inteligencia-artificial-pode-ajudar-profissionais-no-seu-trabalho\/#primaryimage"},"thumbnailUrl":"https:\/\/jornaldasoficinas.com\/pt\/wp-content\/uploads\/2022\/02\/Intelige\u0302ncia-Artificial-pode.jpg","datePublished":"2022-02-28T12:00:27+00:00","breadcrumb":{"@id":"https:\/\/jornaldasoficinas.com\/pt\/inteligencia-artificial-pode-ajudar-profissionais-no-seu-trabalho\/#breadcrumb"},"inLanguage":"pt-PT","potentialAction":[{"@type":"ReadAction","target":["https:\/\/jornaldasoficinas.com\/pt\/inteligencia-artificial-pode-ajudar-profissionais-no-seu-trabalho\/"]}]},{"@type":"ImageObject","inLanguage":"pt-PT","@id":"https:\/\/jornaldasoficinas.com\/pt\/inteligencia-artificial-pode-ajudar-profissionais-no-seu-trabalho\/#primaryimage","url":"https:\/\/jornaldasoficinas.com\/pt\/wp-content\/uploads\/2022\/02\/Intelige\u0302ncia-Artificial-pode.jpg","contentUrl":"https:\/\/jornaldasoficinas.com\/pt\/wp-content\/uploads\/2022\/02\/Intelige\u0302ncia-Artificial-pode.jpg","width":1024,"height":581,"caption":"02 - Intelige\u0302ncia Artificial pode"},{"@type":"BreadcrumbList","@id":"https:\/\/jornaldasoficinas.com\/pt\/inteligencia-artificial-pode-ajudar-profissionais-no-seu-trabalho\/#breadcrumb","itemListElement":[{"@type":"ListItem","position":1,"name":"In\u00edcio","item":"https:\/\/jornaldasoficinas.com\/pt\/"},{"@type":"ListItem","position":2,"name":"Intelig\u00eancia Artificial pode ajudar profissionais no seu trabalho"}]},{"@type":"WebSite","@id":"https:\/\/jornaldasoficinas.com\/pt\/#website","url":"https:\/\/jornaldasoficinas.com\/pt\/","name":"Jornal das Oficinas","description":"Jornal independente do Aftermarket Autom\u00f3vel em Portugal","publisher":{"@id":"https:\/\/jornaldasoficinas.com\/pt\/#organization"},"potentialAction":[{"@type":"SearchAction","target":{"@type":"EntryPoint","urlTemplate":"https:\/\/jornaldasoficinas.com\/pt\/?s={search_term_string}"},"query-input":{"@type":"PropertyValueSpecification","valueRequired":true,"valueName":"search_term_string"}}],"inLanguage":"pt-PT"},{"@type":"Organization","@id":"https:\/\/jornaldasoficinas.com\/pt\/#organization","name":"Jornal das Oficinas","url":"https:\/\/jornaldasoficinas.com\/pt\/","logo":{"@type":"ImageObject","inLanguage":"pt-PT","@id":"https:\/\/jornaldasoficinas.com\/pt\/#\/schema\/logo\/image\/","url":"https:\/\/jornaldasoficinas.com\/pt\/wp-content\/uploads\/logoJO-SEO.png","contentUrl":"https:\/\/jornaldasoficinas.com\/pt\/wp-content\/uploads\/logoJO-SEO.png","width":285,"height":450,"caption":"Jornal das Oficinas"},"image":{"@id":"https:\/\/jornaldasoficinas.com\/pt\/#\/schema\/logo\/image\/"},"sameAs":["https:\/\/www.facebook.com\/jornaloficinas","https:\/\/x.com\/jornaloficinas","https:\/\/www.instagram.com\/jornal_oficinas\/","https:\/\/www.linkedin.com\/company\/jornal-das-oficinas\/","https:\/\/www.youtube.com\/channel\/UCbQZBqtcvV-oSQrr7RzINGg"]},{"@type":"Person","@id":"https:\/\/jornaldasoficinas.com\/pt\/#\/schema\/person\/a38eef5de2c41d9e7c9ac10141afddf3","name":"Reda\u00e7\u00e3o JO","image":{"@type":"ImageObject","inLanguage":"pt-PT","@id":"https:\/\/secure.gravatar.com\/avatar\/71f2fa71737ad68a84fea94bc708ddac8ea5b0c4788dc2ad202f3ccb2887742f?s=96&d=wp_user_avatar&r=g","url":"https:\/\/secure.gravatar.com\/avatar\/71f2fa71737ad68a84fea94bc708ddac8ea5b0c4788dc2ad202f3ccb2887742f?s=96&d=wp_user_avatar&r=g","contentUrl":"https:\/\/secure.gravatar.com\/avatar\/71f2fa71737ad68a84fea94bc708ddac8ea5b0c4788dc2ad202f3ccb2887742f?s=96&d=wp_user_avatar&r=g","caption":"Reda\u00e7\u00e3o JO"},"url":"https:\/\/jornaldasoficinas.com\/pt\/author\/joredacao\/"}]}},"_links":{"self":[{"href":"https:\/\/jornaldasoficinas.com\/pt\/wp-json\/wp\/v2\/posts\/27612","targetHints":{"allow":["GET"]}}],"collection":[{"href":"https:\/\/jornaldasoficinas.com\/pt\/wp-json\/wp\/v2\/posts"}],"about":[{"href":"https:\/\/jornaldasoficinas.com\/pt\/wp-json\/wp\/v2\/types\/post"}],"author":[{"embeddable":true,"href":"https:\/\/jornaldasoficinas.com\/pt\/wp-json\/wp\/v2\/users\/15"}],"replies":[{"embeddable":true,"href":"https:\/\/jornaldasoficinas.com\/pt\/wp-json\/wp\/v2\/comments?post=27612"}],"version-history":[{"count":0,"href":"https:\/\/jornaldasoficinas.com\/pt\/wp-json\/wp\/v2\/posts\/27612\/revisions"}],"wp:featuredmedia":[{"embeddable":true,"href":"https:\/\/jornaldasoficinas.com\/pt\/wp-json\/wp\/v2\/media\/27558"}],"wp:attachment":[{"href":"https:\/\/jornaldasoficinas.com\/pt\/wp-json\/wp\/v2\/media?parent=27612"}],"wp:term":[{"taxonomy":"category","embeddable":true,"href":"https:\/\/jornaldasoficinas.com\/pt\/wp-json\/wp\/v2\/categories?post=27612"},{"taxonomy":"post_tag","embeddable":true,"href":"https:\/\/jornaldasoficinas.com\/pt\/wp-json\/wp\/v2\/tags?post=27612"}],"curies":[{"name":"wp","href":"https:\/\/api.w.org\/{rel}","templated":true}]}}