{"id":27822,"date":"2022-03-08T18:00:22","date_gmt":"2022-03-08T18:00:22","guid":{"rendered":"https:\/\/jornaldasoficinas.com\/pt\/?p=27822"},"modified":"2022-03-08T10:51:08","modified_gmt":"2022-03-08T10:51:08","slug":"portugueses-identificam-boa-relacao-qualidade-preco-dos-suv","status":"publish","type":"post","link":"https:\/\/jornaldasoficinas.com\/pt\/portugueses-identificam-boa-relacao-qualidade-preco-dos-suv\/","title":{"rendered":"Portugueses identificam boa rela\u00e7\u00e3o qualidade\/pre\u00e7o dos SUV"},"content":{"rendered":"<p><img loading=\"lazy\" decoding=\"async\" class=\"alignnone size-full wp-image-27803\" src=\"https:\/\/jornaldasoficinas.com\/pt\/wp-content\/uploads\/2022\/03\/Portugueses-identificam-boa.jpg\" alt=\"03 - Portugueses identificam boa\" width=\"1024\" height=\"581\" srcset=\"https:\/\/jornaldasoficinas.com\/pt\/wp-content\/uploads\/2022\/03\/Portugueses-identificam-boa.jpg 1024w, https:\/\/jornaldasoficinas.com\/pt\/wp-content\/uploads\/2022\/03\/Portugueses-identificam-boa-300x170.jpg 300w, https:\/\/jornaldasoficinas.com\/pt\/wp-content\/uploads\/2022\/03\/Portugueses-identificam-boa-150x85.jpg 150w, https:\/\/jornaldasoficinas.com\/pt\/wp-content\/uploads\/2022\/03\/Portugueses-identificam-boa-768x436.jpg 768w\" sizes=\"auto, (max-width: 1024px) 100vw, 1024px\" \/><\/p>\n<p><strong>O novo estudo do\u00a0<a href=\"https:\/\/www.cetelem.pt\/o-observador\" target=\"_blank\" rel=\"noopener\">Observador Cetelem<\/a> Autom\u00f3vel 2022, que inquiriu 11\u00a0000 pessoas em 17 pa\u00edses, vem expor as opini\u00f5es de propriet\u00e1rios e n\u00e3o propriet\u00e1rios, no que respeita aos SUV. Apesar de, nem sempre haver um consenso entre uns e outros, pode-se dizer que a maioria concorda num aspeto: na boa rela\u00e7\u00e3o qualidade \u2013 pre\u00e7o deste tipo de ve\u00edculos<\/strong><\/p>\n<p>Observando os dados de Portugal, verifica-se que mais de metade dos inquiridos portugueses, n\u00e3o propriet\u00e1rios e propriet\u00e1rios, consideram que os SUV t\u00eam uma boa rela\u00e7\u00e3o qualidade-pre\u00e7o (85% e 62% respetivamente). Pa\u00edses como a \u00c1frica do Sul e o M\u00e9xico s\u00e3o os que v\u00e3o mais ao encontro desta opini\u00e3o (93% e 90% respetivamente). Segue-se a Turquia, China, Pol\u00f3nia, Estados Unidos da Am\u00e9rica e o Brasil, com quase 8 em cada 10 inquiridos a concordarem com esta declara\u00e7\u00e3o.<\/p>\n<p><strong>O carro ideal<br \/>\n<\/strong>Apesar da boa rela\u00e7\u00e3o qualidade-pre\u00e7o, os automobilistas est\u00e3o longe de considerar o SUV um carro ideal. Por exemplo, no que ao consumo diz respeito, apenas 7% dos inquiridos consideram que os SUV consomem pouco, sendo este crit\u00e9rio considerado importante por 38% num ve\u00edculo ideal. Esta opini\u00e3o \u00e9 mais vincada em Portugal, na Pol\u00f3nia, Brasil e \u00c1frica do Sul, por quase 1 em cada 2 pessoas.<\/p>\n<p>Adicionalmente, 46% dos inquiridos consideram tamb\u00e9m que um ve\u00edculo ideal deve ser seguro (26% reconhecem esta caracter\u00edstica nos SUV); e 28% consideram que deve ser confort\u00e1vel (23% consideram que os SUV t\u00eam esta caracter\u00edstica).<\/p>\n<p>Apesar de n\u00e3o reunir todas as condi\u00e7\u00f5es para ser considerado o carro ideal, sobretudo no que ao consumo diz respeito, os SUV s\u00e3o a escolha de cada vez mais consumidores.<\/p>\n<p><strong>O que caracteriza o\u00a0design\u00a0espec\u00edfico dos SUV?<br \/>\n<\/strong>No que respeita aos crit\u00e9rios f\u00edsicos que caracterizam o design espec\u00edfico dos SUV, existem dois que s\u00e3o especialmente real\u00e7ados pelos inquiridos: o habit\u00e1culo espa\u00e7oso (34%) e a carro\u00e7aria elevada do ve\u00edculo (32%). No que toca ao habit\u00e1culo, este \u00e9 eleito em primeiro lugar (1 em cada 2 pessoas) pelos inquiridos que vivem na China, EUA, \u00c1frica do Sul, Brasil e Portugal. Enquanto os italianos, alem\u00e3es, sul-africanos e turcos elegem a carro\u00e7aria elevada.<\/p>\n<p>Nesta sequ\u00eancia, cerca de 28% dos inquiridos, dos 17 pa\u00edses, referem o facto de ser um ve\u00edculo familiar. Os sul-africanos, os portugueses e os mexicanos s\u00e3o os que mais subscrevem esta opini\u00e3o, ao contr\u00e1rio dos japoneses e dos turcos. 27% mencionam o facto de se adaptar \u00e0 circula\u00e7\u00e3o todo-o-terreno e, em terceiro lugar, indicam a seguran\u00e7a (26%), que est\u00e1 associada ao SUV, de igual forma, em todos os pa\u00edses.<\/p>\n<p>Os outros dois valores que os automobilistas mais valorizam s\u00e3o a pot\u00eancia (24%) &#8211; sendo os holandeses e os alem\u00e3es que mais a valorizam, ao contr\u00e1rio das francesas e dos portugueses &#8211; e o conforto (23%) &#8211; sendo os brasileiros e os portugueses os que mais valorizam esta caracter\u00edstica.<\/p>\n","protected":false},"excerpt":{"rendered":"<p>O novo estudo do\u00a0Observador Cetelem Autom\u00f3vel&#8230;<\/p>\n","protected":false},"author":15,"featured_media":27803,"comment_status":"closed","ping_status":"closed","sticky":false,"template":"","format":"standard","meta":{"footnotes":""},"categories":[37],"tags":[1192],"class_list":["post-27822","post","type-post","status-publish","format-standard","has-post-thumbnail","hentry","category-mercado","tag-observador-cetelem"],"yoast_head":"<!-- This site is optimized with the Yoast SEO plugin v27.4 - https:\/\/yoast.com\/product\/yoast-seo-wordpress\/ -->\n<title>Portugueses identificam boa rela\u00e7\u00e3o qualidade\/pre\u00e7o dos SUV - Jornal das Oficinas<\/title>\n<meta name=\"robots\" content=\"index, follow, max-snippet:-1, max-image-preview:large, max-video-preview:-1\" \/>\n<link rel=\"canonical\" href=\"https:\/\/jornaldasoficinas.com\/pt\/portugueses-identificam-boa-relacao-qualidade-preco-dos-suv\/\" \/>\n<meta property=\"og:locale\" content=\"pt_PT\" \/>\n<meta property=\"og:type\" content=\"article\" \/>\n<meta property=\"og:title\" content=\"Portugueses identificam boa rela\u00e7\u00e3o qualidade\/pre\u00e7o dos SUV - Jornal das Oficinas\" \/>\n<meta property=\"og:description\" content=\"O novo estudo do\u00a0Observador Cetelem Autom\u00f3vel...\" \/>\n<meta property=\"og:url\" content=\"https:\/\/jornaldasoficinas.com\/pt\/portugueses-identificam-boa-relacao-qualidade-preco-dos-suv\/\" \/>\n<meta property=\"og:site_name\" content=\"Jornal das Oficinas\" \/>\n<meta property=\"article:publisher\" content=\"https:\/\/www.facebook.com\/jornaloficinas\" \/>\n<meta property=\"article:published_time\" content=\"2022-03-08T18:00:22+00:00\" \/>\n<meta property=\"og:image\" content=\"https:\/\/jornaldasoficinas.com\/pt\/wp-content\/uploads\/2022\/03\/Portugueses-identificam-boa.jpg\" \/>\n\t<meta property=\"og:image:width\" content=\"1024\" \/>\n\t<meta property=\"og:image:height\" content=\"581\" \/>\n\t<meta property=\"og:image:type\" content=\"image\/jpeg\" \/>\n<meta name=\"author\" content=\"Reda\u00e7\u00e3o JO\" \/>\n<meta name=\"twitter:card\" content=\"summary_large_image\" \/>\n<meta name=\"twitter:creator\" content=\"@jornaloficinas\" \/>\n<meta name=\"twitter:site\" content=\"@jornaloficinas\" \/>\n<meta name=\"twitter:label1\" content=\"Escrito por\" \/>\n\t<meta name=\"twitter:data1\" content=\"Reda\u00e7\u00e3o JO\" \/>\n\t<meta name=\"twitter:label2\" content=\"Tempo estimado de leitura\" \/>\n\t<meta name=\"twitter:data2\" content=\"2 minutos\" \/>\n<script type=\"application\/ld+json\" class=\"yoast-schema-graph\">{\"@context\":\"https:\\\/\\\/schema.org\",\"@graph\":[{\"@type\":\"Article\",\"@id\":\"https:\\\/\\\/jornaldasoficinas.com\\\/pt\\\/portugueses-identificam-boa-relacao-qualidade-preco-dos-suv\\\/#article\",\"isPartOf\":{\"@id\":\"https:\\\/\\\/jornaldasoficinas.com\\\/pt\\\/portugueses-identificam-boa-relacao-qualidade-preco-dos-suv\\\/\"},\"author\":{\"name\":\"Reda\u00e7\u00e3o JO\",\"@id\":\"https:\\\/\\\/jornaldasoficinas.com\\\/pt\\\/#\\\/schema\\\/person\\\/a38eef5de2c41d9e7c9ac10141afddf3\"},\"headline\":\"Portugueses identificam boa rela\u00e7\u00e3o qualidade\\\/pre\u00e7o dos SUV\",\"datePublished\":\"2022-03-08T18:00:22+00:00\",\"mainEntityOfPage\":{\"@id\":\"https:\\\/\\\/jornaldasoficinas.com\\\/pt\\\/portugueses-identificam-boa-relacao-qualidade-preco-dos-suv\\\/\"},\"wordCount\":509,\"publisher\":{\"@id\":\"https:\\\/\\\/jornaldasoficinas.com\\\/pt\\\/#organization\"},\"image\":{\"@id\":\"https:\\\/\\\/jornaldasoficinas.com\\\/pt\\\/portugueses-identificam-boa-relacao-qualidade-preco-dos-suv\\\/#primaryimage\"},\"thumbnailUrl\":\"https:\\\/\\\/jornaldasoficinas.com\\\/pt\\\/wp-content\\\/uploads\\\/2022\\\/03\\\/Portugueses-identificam-boa.jpg\",\"keywords\":[\"Observador Cetelem\"],\"articleSection\":[\"Mercado\"],\"inLanguage\":\"pt-PT\"},{\"@type\":\"WebPage\",\"@id\":\"https:\\\/\\\/jornaldasoficinas.com\\\/pt\\\/portugueses-identificam-boa-relacao-qualidade-preco-dos-suv\\\/\",\"url\":\"https:\\\/\\\/jornaldasoficinas.com\\\/pt\\\/portugueses-identificam-boa-relacao-qualidade-preco-dos-suv\\\/\",\"name\":\"Portugueses identificam boa rela\u00e7\u00e3o qualidade\\\/pre\u00e7o dos SUV - Jornal das Oficinas\",\"isPartOf\":{\"@id\":\"https:\\\/\\\/jornaldasoficinas.com\\\/pt\\\/#website\"},\"primaryImageOfPage\":{\"@id\":\"https:\\\/\\\/jornaldasoficinas.com\\\/pt\\\/portugueses-identificam-boa-relacao-qualidade-preco-dos-suv\\\/#primaryimage\"},\"image\":{\"@id\":\"https:\\\/\\\/jornaldasoficinas.com\\\/pt\\\/portugueses-identificam-boa-relacao-qualidade-preco-dos-suv\\\/#primaryimage\"},\"thumbnailUrl\":\"https:\\\/\\\/jornaldasoficinas.com\\\/pt\\\/wp-content\\\/uploads\\\/2022\\\/03\\\/Portugueses-identificam-boa.jpg\",\"datePublished\":\"2022-03-08T18:00:22+00:00\",\"breadcrumb\":{\"@id\":\"https:\\\/\\\/jornaldasoficinas.com\\\/pt\\\/portugueses-identificam-boa-relacao-qualidade-preco-dos-suv\\\/#breadcrumb\"},\"inLanguage\":\"pt-PT\",\"potentialAction\":[{\"@type\":\"ReadAction\",\"target\":[\"https:\\\/\\\/jornaldasoficinas.com\\\/pt\\\/portugueses-identificam-boa-relacao-qualidade-preco-dos-suv\\\/\"]}]},{\"@type\":\"ImageObject\",\"inLanguage\":\"pt-PT\",\"@id\":\"https:\\\/\\\/jornaldasoficinas.com\\\/pt\\\/portugueses-identificam-boa-relacao-qualidade-preco-dos-suv\\\/#primaryimage\",\"url\":\"https:\\\/\\\/jornaldasoficinas.com\\\/pt\\\/wp-content\\\/uploads\\\/2022\\\/03\\\/Portugueses-identificam-boa.jpg\",\"contentUrl\":\"https:\\\/\\\/jornaldasoficinas.com\\\/pt\\\/wp-content\\\/uploads\\\/2022\\\/03\\\/Portugueses-identificam-boa.jpg\",\"width\":1024,\"height\":581,\"caption\":\"03 - Portugueses identificam boa\"},{\"@type\":\"BreadcrumbList\",\"@id\":\"https:\\\/\\\/jornaldasoficinas.com\\\/pt\\\/portugueses-identificam-boa-relacao-qualidade-preco-dos-suv\\\/#breadcrumb\",\"itemListElement\":[{\"@type\":\"ListItem\",\"position\":1,\"name\":\"In\u00edcio\",\"item\":\"https:\\\/\\\/jornaldasoficinas.com\\\/pt\\\/\"},{\"@type\":\"ListItem\",\"position\":2,\"name\":\"Portugueses identificam boa rela\u00e7\u00e3o qualidade\\\/pre\u00e7o dos SUV\"}]},{\"@type\":\"WebSite\",\"@id\":\"https:\\\/\\\/jornaldasoficinas.com\\\/pt\\\/#website\",\"url\":\"https:\\\/\\\/jornaldasoficinas.com\\\/pt\\\/\",\"name\":\"Jornal das Oficinas\",\"description\":\"Jornal independente do Aftermarket Autom\u00f3vel em Portugal\",\"publisher\":{\"@id\":\"https:\\\/\\\/jornaldasoficinas.com\\\/pt\\\/#organization\"},\"potentialAction\":[{\"@type\":\"SearchAction\",\"target\":{\"@type\":\"EntryPoint\",\"urlTemplate\":\"https:\\\/\\\/jornaldasoficinas.com\\\/pt\\\/?s={search_term_string}\"},\"query-input\":{\"@type\":\"PropertyValueSpecification\",\"valueRequired\":true,\"valueName\":\"search_term_string\"}}],\"inLanguage\":\"pt-PT\"},{\"@type\":\"Organization\",\"@id\":\"https:\\\/\\\/jornaldasoficinas.com\\\/pt\\\/#organization\",\"name\":\"Jornal das Oficinas\",\"url\":\"https:\\\/\\\/jornaldasoficinas.com\\\/pt\\\/\",\"logo\":{\"@type\":\"ImageObject\",\"inLanguage\":\"pt-PT\",\"@id\":\"https:\\\/\\\/jornaldasoficinas.com\\\/pt\\\/#\\\/schema\\\/logo\\\/image\\\/\",\"url\":\"https:\\\/\\\/jornaldasoficinas.com\\\/pt\\\/wp-content\\\/uploads\\\/logoJO-SEO.png\",\"contentUrl\":\"https:\\\/\\\/jornaldasoficinas.com\\\/pt\\\/wp-content\\\/uploads\\\/logoJO-SEO.png\",\"width\":285,\"height\":450,\"caption\":\"Jornal das Oficinas\"},\"image\":{\"@id\":\"https:\\\/\\\/jornaldasoficinas.com\\\/pt\\\/#\\\/schema\\\/logo\\\/image\\\/\"},\"sameAs\":[\"https:\\\/\\\/www.facebook.com\\\/jornaloficinas\",\"https:\\\/\\\/x.com\\\/jornaloficinas\",\"https:\\\/\\\/www.instagram.com\\\/jornal_oficinas\\\/\",\"https:\\\/\\\/www.linkedin.com\\\/company\\\/jornal-das-oficinas\\\/\",\"https:\\\/\\\/www.youtube.com\\\/channel\\\/UCbQZBqtcvV-oSQrr7RzINGg\"]},{\"@type\":\"Person\",\"@id\":\"https:\\\/\\\/jornaldasoficinas.com\\\/pt\\\/#\\\/schema\\\/person\\\/a38eef5de2c41d9e7c9ac10141afddf3\",\"name\":\"Reda\u00e7\u00e3o JO\",\"image\":{\"@type\":\"ImageObject\",\"inLanguage\":\"pt-PT\",\"@id\":\"https:\\\/\\\/secure.gravatar.com\\\/avatar\\\/71f2fa71737ad68a84fea94bc708ddac8ea5b0c4788dc2ad202f3ccb2887742f?s=96&d=wp_user_avatar&r=g\",\"url\":\"https:\\\/\\\/secure.gravatar.com\\\/avatar\\\/71f2fa71737ad68a84fea94bc708ddac8ea5b0c4788dc2ad202f3ccb2887742f?s=96&d=wp_user_avatar&r=g\",\"contentUrl\":\"https:\\\/\\\/secure.gravatar.com\\\/avatar\\\/71f2fa71737ad68a84fea94bc708ddac8ea5b0c4788dc2ad202f3ccb2887742f?s=96&d=wp_user_avatar&r=g\",\"caption\":\"Reda\u00e7\u00e3o JO\"},\"url\":\"https:\\\/\\\/jornaldasoficinas.com\\\/pt\\\/author\\\/joredacao\\\/\"}]}<\/script>\n<!-- \/ Yoast SEO plugin. -->","yoast_head_json":{"title":"Portugueses identificam boa rela\u00e7\u00e3o qualidade\/pre\u00e7o dos SUV - Jornal das Oficinas","robots":{"index":"index","follow":"follow","max-snippet":"max-snippet:-1","max-image-preview":"max-image-preview:large","max-video-preview":"max-video-preview:-1"},"canonical":"https:\/\/jornaldasoficinas.com\/pt\/portugueses-identificam-boa-relacao-qualidade-preco-dos-suv\/","og_locale":"pt_PT","og_type":"article","og_title":"Portugueses identificam boa rela\u00e7\u00e3o qualidade\/pre\u00e7o dos SUV - Jornal das Oficinas","og_description":"O novo estudo do\u00a0Observador Cetelem Autom\u00f3vel...","og_url":"https:\/\/jornaldasoficinas.com\/pt\/portugueses-identificam-boa-relacao-qualidade-preco-dos-suv\/","og_site_name":"Jornal das Oficinas","article_publisher":"https:\/\/www.facebook.com\/jornaloficinas","article_published_time":"2022-03-08T18:00:22+00:00","og_image":[{"width":1024,"height":581,"url":"https:\/\/jornaldasoficinas.com\/pt\/wp-content\/uploads\/2022\/03\/Portugueses-identificam-boa.jpg","type":"image\/jpeg"}],"author":"Reda\u00e7\u00e3o JO","twitter_card":"summary_large_image","twitter_creator":"@jornaloficinas","twitter_site":"@jornaloficinas","twitter_misc":{"Escrito por":"Reda\u00e7\u00e3o JO","Tempo estimado de leitura":"2 minutos"},"schema":{"@context":"https:\/\/schema.org","@graph":[{"@type":"Article","@id":"https:\/\/jornaldasoficinas.com\/pt\/portugueses-identificam-boa-relacao-qualidade-preco-dos-suv\/#article","isPartOf":{"@id":"https:\/\/jornaldasoficinas.com\/pt\/portugueses-identificam-boa-relacao-qualidade-preco-dos-suv\/"},"author":{"name":"Reda\u00e7\u00e3o JO","@id":"https:\/\/jornaldasoficinas.com\/pt\/#\/schema\/person\/a38eef5de2c41d9e7c9ac10141afddf3"},"headline":"Portugueses identificam boa rela\u00e7\u00e3o qualidade\/pre\u00e7o dos SUV","datePublished":"2022-03-08T18:00:22+00:00","mainEntityOfPage":{"@id":"https:\/\/jornaldasoficinas.com\/pt\/portugueses-identificam-boa-relacao-qualidade-preco-dos-suv\/"},"wordCount":509,"publisher":{"@id":"https:\/\/jornaldasoficinas.com\/pt\/#organization"},"image":{"@id":"https:\/\/jornaldasoficinas.com\/pt\/portugueses-identificam-boa-relacao-qualidade-preco-dos-suv\/#primaryimage"},"thumbnailUrl":"https:\/\/jornaldasoficinas.com\/pt\/wp-content\/uploads\/2022\/03\/Portugueses-identificam-boa.jpg","keywords":["Observador Cetelem"],"articleSection":["Mercado"],"inLanguage":"pt-PT"},{"@type":"WebPage","@id":"https:\/\/jornaldasoficinas.com\/pt\/portugueses-identificam-boa-relacao-qualidade-preco-dos-suv\/","url":"https:\/\/jornaldasoficinas.com\/pt\/portugueses-identificam-boa-relacao-qualidade-preco-dos-suv\/","name":"Portugueses identificam boa rela\u00e7\u00e3o qualidade\/pre\u00e7o dos SUV - Jornal das Oficinas","isPartOf":{"@id":"https:\/\/jornaldasoficinas.com\/pt\/#website"},"primaryImageOfPage":{"@id":"https:\/\/jornaldasoficinas.com\/pt\/portugueses-identificam-boa-relacao-qualidade-preco-dos-suv\/#primaryimage"},"image":{"@id":"https:\/\/jornaldasoficinas.com\/pt\/portugueses-identificam-boa-relacao-qualidade-preco-dos-suv\/#primaryimage"},"thumbnailUrl":"https:\/\/jornaldasoficinas.com\/pt\/wp-content\/uploads\/2022\/03\/Portugueses-identificam-boa.jpg","datePublished":"2022-03-08T18:00:22+00:00","breadcrumb":{"@id":"https:\/\/jornaldasoficinas.com\/pt\/portugueses-identificam-boa-relacao-qualidade-preco-dos-suv\/#breadcrumb"},"inLanguage":"pt-PT","potentialAction":[{"@type":"ReadAction","target":["https:\/\/jornaldasoficinas.com\/pt\/portugueses-identificam-boa-relacao-qualidade-preco-dos-suv\/"]}]},{"@type":"ImageObject","inLanguage":"pt-PT","@id":"https:\/\/jornaldasoficinas.com\/pt\/portugueses-identificam-boa-relacao-qualidade-preco-dos-suv\/#primaryimage","url":"https:\/\/jornaldasoficinas.com\/pt\/wp-content\/uploads\/2022\/03\/Portugueses-identificam-boa.jpg","contentUrl":"https:\/\/jornaldasoficinas.com\/pt\/wp-content\/uploads\/2022\/03\/Portugueses-identificam-boa.jpg","width":1024,"height":581,"caption":"03 - Portugueses identificam boa"},{"@type":"BreadcrumbList","@id":"https:\/\/jornaldasoficinas.com\/pt\/portugueses-identificam-boa-relacao-qualidade-preco-dos-suv\/#breadcrumb","itemListElement":[{"@type":"ListItem","position":1,"name":"In\u00edcio","item":"https:\/\/jornaldasoficinas.com\/pt\/"},{"@type":"ListItem","position":2,"name":"Portugueses identificam boa rela\u00e7\u00e3o qualidade\/pre\u00e7o dos SUV"}]},{"@type":"WebSite","@id":"https:\/\/jornaldasoficinas.com\/pt\/#website","url":"https:\/\/jornaldasoficinas.com\/pt\/","name":"Jornal das Oficinas","description":"Jornal independente do Aftermarket Autom\u00f3vel em Portugal","publisher":{"@id":"https:\/\/jornaldasoficinas.com\/pt\/#organization"},"potentialAction":[{"@type":"SearchAction","target":{"@type":"EntryPoint","urlTemplate":"https:\/\/jornaldasoficinas.com\/pt\/?s={search_term_string}"},"query-input":{"@type":"PropertyValueSpecification","valueRequired":true,"valueName":"search_term_string"}}],"inLanguage":"pt-PT"},{"@type":"Organization","@id":"https:\/\/jornaldasoficinas.com\/pt\/#organization","name":"Jornal das Oficinas","url":"https:\/\/jornaldasoficinas.com\/pt\/","logo":{"@type":"ImageObject","inLanguage":"pt-PT","@id":"https:\/\/jornaldasoficinas.com\/pt\/#\/schema\/logo\/image\/","url":"https:\/\/jornaldasoficinas.com\/pt\/wp-content\/uploads\/logoJO-SEO.png","contentUrl":"https:\/\/jornaldasoficinas.com\/pt\/wp-content\/uploads\/logoJO-SEO.png","width":285,"height":450,"caption":"Jornal das Oficinas"},"image":{"@id":"https:\/\/jornaldasoficinas.com\/pt\/#\/schema\/logo\/image\/"},"sameAs":["https:\/\/www.facebook.com\/jornaloficinas","https:\/\/x.com\/jornaloficinas","https:\/\/www.instagram.com\/jornal_oficinas\/","https:\/\/www.linkedin.com\/company\/jornal-das-oficinas\/","https:\/\/www.youtube.com\/channel\/UCbQZBqtcvV-oSQrr7RzINGg"]},{"@type":"Person","@id":"https:\/\/jornaldasoficinas.com\/pt\/#\/schema\/person\/a38eef5de2c41d9e7c9ac10141afddf3","name":"Reda\u00e7\u00e3o JO","image":{"@type":"ImageObject","inLanguage":"pt-PT","@id":"https:\/\/secure.gravatar.com\/avatar\/71f2fa71737ad68a84fea94bc708ddac8ea5b0c4788dc2ad202f3ccb2887742f?s=96&d=wp_user_avatar&r=g","url":"https:\/\/secure.gravatar.com\/avatar\/71f2fa71737ad68a84fea94bc708ddac8ea5b0c4788dc2ad202f3ccb2887742f?s=96&d=wp_user_avatar&r=g","contentUrl":"https:\/\/secure.gravatar.com\/avatar\/71f2fa71737ad68a84fea94bc708ddac8ea5b0c4788dc2ad202f3ccb2887742f?s=96&d=wp_user_avatar&r=g","caption":"Reda\u00e7\u00e3o JO"},"url":"https:\/\/jornaldasoficinas.com\/pt\/author\/joredacao\/"}]}},"_links":{"self":[{"href":"https:\/\/jornaldasoficinas.com\/pt\/wp-json\/wp\/v2\/posts\/27822","targetHints":{"allow":["GET"]}}],"collection":[{"href":"https:\/\/jornaldasoficinas.com\/pt\/wp-json\/wp\/v2\/posts"}],"about":[{"href":"https:\/\/jornaldasoficinas.com\/pt\/wp-json\/wp\/v2\/types\/post"}],"author":[{"embeddable":true,"href":"https:\/\/jornaldasoficinas.com\/pt\/wp-json\/wp\/v2\/users\/15"}],"replies":[{"embeddable":true,"href":"https:\/\/jornaldasoficinas.com\/pt\/wp-json\/wp\/v2\/comments?post=27822"}],"version-history":[{"count":0,"href":"https:\/\/jornaldasoficinas.com\/pt\/wp-json\/wp\/v2\/posts\/27822\/revisions"}],"wp:featuredmedia":[{"embeddable":true,"href":"https:\/\/jornaldasoficinas.com\/pt\/wp-json\/wp\/v2\/media\/27803"}],"wp:attachment":[{"href":"https:\/\/jornaldasoficinas.com\/pt\/wp-json\/wp\/v2\/media?parent=27822"}],"wp:term":[{"taxonomy":"category","embeddable":true,"href":"https:\/\/jornaldasoficinas.com\/pt\/wp-json\/wp\/v2\/categories?post=27822"},{"taxonomy":"post_tag","embeddable":true,"href":"https:\/\/jornaldasoficinas.com\/pt\/wp-json\/wp\/v2\/tags?post=27822"}],"curies":[{"name":"wp","href":"https:\/\/api.w.org\/{rel}","templated":true}]}}