{"id":27826,"date":"2022-03-09T08:00:44","date_gmt":"2022-03-09T08:00:44","guid":{"rendered":"https:\/\/jornaldasoficinas.com\/pt\/?p=27826"},"modified":"2022-03-08T11:06:07","modified_gmt":"2022-03-08T11:06:07","slug":"volvo-cars-testa-nova-tecnologia-de-carregamento-wireless","status":"publish","type":"post","link":"https:\/\/jornaldasoficinas.com\/pt\/volvo-cars-testa-nova-tecnologia-de-carregamento-wireless\/","title":{"rendered":"Volvo Cars testa nova tecnologia de carregamento wireless"},"content":{"rendered":"<p><img loading=\"lazy\" decoding=\"async\" class=\"size-full wp-image-27804\" src=\"https:\/\/jornaldasoficinas.com\/pt\/wp-content\/uploads\/2022\/03\/Volvo-Cars-testa-nova.jpg\" alt=\"03 - Volvo Cars testa nova\" width=\"1024\" height=\"581\" srcset=\"https:\/\/jornaldasoficinas.com\/pt\/wp-content\/uploads\/2022\/03\/Volvo-Cars-testa-nova.jpg 1024w, https:\/\/jornaldasoficinas.com\/pt\/wp-content\/uploads\/2022\/03\/Volvo-Cars-testa-nova-300x170.jpg 300w, https:\/\/jornaldasoficinas.com\/pt\/wp-content\/uploads\/2022\/03\/Volvo-Cars-testa-nova-150x85.jpg 150w, https:\/\/jornaldasoficinas.com\/pt\/wp-content\/uploads\/2022\/03\/Volvo-Cars-testa-nova-768x436.jpg 768w\" sizes=\"auto, (max-width: 1024px) 100vw, 1024px\" \/><\/p>\n<p><strong>A <a href=\"https:\/\/www.volvocars.com\/pt\" target=\"_blank\" rel=\"noopener\">Volvo Cars<\/a> vai integrar um projeto piloto para teste de uma nova tecnologia de carregamento el\u00e9trico wireless. Esta tecnologia sem fios ser\u00e1 testada em ambiente real, em Gotemburgo, na Su\u00e9cia, em conjunto com outros parceiros que ir\u00e3o avaliar o seu potencial em autom\u00f3veis el\u00e9tricos<\/strong><\/p>\n<p>Ao longo de tr\u00eas anos, a Cabonline, o maior operador t\u00e1xi da Escandin\u00e1via, ir\u00e1 utilizar uma pequena frota de modelos XC40 Recharge 100% el\u00e9tricos onde ser\u00e1 testada esta tecnologia.<\/p>\n<p>Os testes de carregamento wireless s\u00e3o um dos muitos projetos sobre a al\u00e7ada da Gothenburg Green City Zone, uma iniciativa estrat\u00e9gica na qual s\u00e3o usadas \u00e1reas metropolitanas como zonas de testes reais para o desenvolvimento de tecnologias sustent\u00e1veis.<\/p>\n<p>\u201cA Gothenburg Green City Zone permite-nos testar estas tecnologias estimulantes em ambiente real e avaliar o seu potencial futuro. Testar novas tecnologias de carregamento em conjunto com outros parceiros \u00e9 uma boa forma de avaliar op\u00e7\u00f5es alternativas para os nossos futuros autom\u00f3veis\u201d, revelou o departamento de comunica\u00e7\u00e3o da Volvo Cars.<\/p>\n<p>As esta\u00e7\u00f5es de carregamento utilizadas durante os testes s\u00e3o da Momentum Dynamics, uma empresa l\u00edder no fornecimento de sistemas de carregamento el\u00e9trico wireless. O carregamento come\u00e7a automaticamente quando um ve\u00edculo compat\u00edvel estaciona na zona de carregamento delimitada, permitindo que os motoristas carreguem convenientemente sem sair do autom\u00f3vel.<\/p>\n<p>A esta\u00e7\u00e3o de carregamento envia a energia atrav\u00e9s da zona de carregamento, que ser\u00e1 recebida no autom\u00f3vel atrav\u00e9s de uma unidade recetora. Para ser mais f\u00e1cil alinhar a viatura com a zona de carregamento delimitada, ser\u00e3o utilizadas c\u00e2maras de 360\u00ba graus. Para o XC40 Recharge 100% el\u00e9trico, a pot\u00eancia de carregamento ser\u00e1 assim de mais de 40 kW, fazendo com que a velocidade de carregamento destas esta\u00e7\u00f5es seja cerca de quatro vezes mais r\u00e1pida que os carregadores dom\u00e9sticos AC de 11 kW e quase t\u00e3o r\u00e1pida como os carregadores de DC de 50 kW.<\/p>\n<p>No total, os autom\u00f3veis da Volvo ser\u00e3o utilizados mais de 12 horas\/dia e conduzidos cerca de 100.000 km\/ ano, o que torna tamb\u00e9m este o primeiro teste de durabilidade de viaturas totalmente el\u00e9tricas da marca num cen\u00e1rio de uso comercial.<\/p>\n<p>Outros parceiros envolvidos neste projecto s\u00e3o: os concession\u00e1rios da Volvo Cars, Volvo Bil e Volvo Car S\u00f6rred, a empresa sueca de energia Vattenfall, a rede de carregamento InCharge, a empresa de energia da cidade G\u00f6teborg Energi, e a Business Region Gothenburg, uma ag\u00eancia para o desenvolvimento da economia municipal detida pela cidade de Gotemburgo.<\/p>\n<p>O ano passado, a Volvo Cars aderiu ao projeto Gothenburg Green City Zone, uma iniciativa que pretende atingir o transporte livre de emiss\u00f5es at\u00e9 2030. Utilizar o ambiente citadino em condi\u00e7\u00f5es reais permitir\u00e1 acelerar o desenvolvimento de tecnologias e servi\u00e7os nas \u00e1reas da eletrifica\u00e7\u00e3o, da mobilidade partilhada, da condu\u00e7\u00e3o aut\u00f3noma, da conectividade e da seguran\u00e7a.<\/p>\n<p>Veja os v\u00eddeos <a href=\"https:\/\/www.media.volvocars.com\/global\/en-gb\/media\/pressreleases\/295720\/videos\" target=\"_blank\" rel=\"noopener\">aqui<\/a><\/p>\n","protected":false},"excerpt":{"rendered":"<p>A Volvo Cars vai integrar um&#8230;<\/p>\n","protected":false},"author":15,"featured_media":27804,"comment_status":"closed","ping_status":"closed","sticky":false,"template":"","format":"standard","meta":{"footnotes":""},"categories":[118],"tags":[2093],"class_list":["post-27826","post","type-post","status-publish","format-standard","has-post-thumbnail","hentry","category-oficina-4-0","tag-volvo-cars"],"yoast_head":"<!-- This site is optimized with the Yoast SEO plugin v27.4 - https:\/\/yoast.com\/product\/yoast-seo-wordpress\/ -->\n<title>Volvo Cars testa nova tecnologia de carregamento wireless - Jornal das Oficinas<\/title>\n<meta name=\"robots\" content=\"index, follow, max-snippet:-1, max-image-preview:large, max-video-preview:-1\" \/>\n<link rel=\"canonical\" href=\"https:\/\/jornaldasoficinas.com\/pt\/volvo-cars-testa-nova-tecnologia-de-carregamento-wireless\/\" \/>\n<meta property=\"og:locale\" content=\"pt_PT\" \/>\n<meta property=\"og:type\" content=\"article\" \/>\n<meta property=\"og:title\" content=\"Volvo Cars testa nova tecnologia de carregamento wireless - Jornal das Oficinas\" \/>\n<meta property=\"og:description\" content=\"A Volvo Cars vai integrar um...\" \/>\n<meta property=\"og:url\" content=\"https:\/\/jornaldasoficinas.com\/pt\/volvo-cars-testa-nova-tecnologia-de-carregamento-wireless\/\" \/>\n<meta property=\"og:site_name\" content=\"Jornal das Oficinas\" \/>\n<meta property=\"article:publisher\" content=\"https:\/\/www.facebook.com\/jornaloficinas\" \/>\n<meta property=\"article:published_time\" content=\"2022-03-09T08:00:44+00:00\" \/>\n<meta property=\"og:image\" content=\"https:\/\/jornaldasoficinas.com\/pt\/wp-content\/uploads\/2022\/03\/Volvo-Cars-testa-nova.jpg\" \/>\n\t<meta property=\"og:image:width\" content=\"1024\" \/>\n\t<meta property=\"og:image:height\" content=\"581\" \/>\n\t<meta property=\"og:image:type\" content=\"image\/jpeg\" \/>\n<meta name=\"author\" content=\"Reda\u00e7\u00e3o JO\" \/>\n<meta name=\"twitter:card\" content=\"summary_large_image\" \/>\n<meta name=\"twitter:creator\" content=\"@jornaloficinas\" \/>\n<meta name=\"twitter:site\" content=\"@jornaloficinas\" \/>\n<meta name=\"twitter:label1\" content=\"Escrito por\" \/>\n\t<meta name=\"twitter:data1\" content=\"Reda\u00e7\u00e3o JO\" \/>\n\t<meta name=\"twitter:label2\" content=\"Tempo estimado de leitura\" \/>\n\t<meta name=\"twitter:data2\" content=\"3 minutos\" \/>\n<script type=\"application\/ld+json\" class=\"yoast-schema-graph\">{\"@context\":\"https:\\\/\\\/schema.org\",\"@graph\":[{\"@type\":\"Article\",\"@id\":\"https:\\\/\\\/jornaldasoficinas.com\\\/pt\\\/volvo-cars-testa-nova-tecnologia-de-carregamento-wireless\\\/#article\",\"isPartOf\":{\"@id\":\"https:\\\/\\\/jornaldasoficinas.com\\\/pt\\\/volvo-cars-testa-nova-tecnologia-de-carregamento-wireless\\\/\"},\"author\":{\"name\":\"Reda\u00e7\u00e3o JO\",\"@id\":\"https:\\\/\\\/jornaldasoficinas.com\\\/pt\\\/#\\\/schema\\\/person\\\/a38eef5de2c41d9e7c9ac10141afddf3\"},\"headline\":\"Volvo Cars testa nova tecnologia de carregamento wireless\",\"datePublished\":\"2022-03-09T08:00:44+00:00\",\"mainEntityOfPage\":{\"@id\":\"https:\\\/\\\/jornaldasoficinas.com\\\/pt\\\/volvo-cars-testa-nova-tecnologia-de-carregamento-wireless\\\/\"},\"wordCount\":512,\"publisher\":{\"@id\":\"https:\\\/\\\/jornaldasoficinas.com\\\/pt\\\/#organization\"},\"image\":{\"@id\":\"https:\\\/\\\/jornaldasoficinas.com\\\/pt\\\/volvo-cars-testa-nova-tecnologia-de-carregamento-wireless\\\/#primaryimage\"},\"thumbnailUrl\":\"https:\\\/\\\/jornaldasoficinas.com\\\/pt\\\/wp-content\\\/uploads\\\/2022\\\/03\\\/Volvo-Cars-testa-nova.jpg\",\"keywords\":[\"Volvo Cars\"],\"articleSection\":[\"Oficina 4.0\"],\"inLanguage\":\"pt-PT\"},{\"@type\":\"WebPage\",\"@id\":\"https:\\\/\\\/jornaldasoficinas.com\\\/pt\\\/volvo-cars-testa-nova-tecnologia-de-carregamento-wireless\\\/\",\"url\":\"https:\\\/\\\/jornaldasoficinas.com\\\/pt\\\/volvo-cars-testa-nova-tecnologia-de-carregamento-wireless\\\/\",\"name\":\"Volvo Cars testa nova tecnologia de carregamento wireless - Jornal das Oficinas\",\"isPartOf\":{\"@id\":\"https:\\\/\\\/jornaldasoficinas.com\\\/pt\\\/#website\"},\"primaryImageOfPage\":{\"@id\":\"https:\\\/\\\/jornaldasoficinas.com\\\/pt\\\/volvo-cars-testa-nova-tecnologia-de-carregamento-wireless\\\/#primaryimage\"},\"image\":{\"@id\":\"https:\\\/\\\/jornaldasoficinas.com\\\/pt\\\/volvo-cars-testa-nova-tecnologia-de-carregamento-wireless\\\/#primaryimage\"},\"thumbnailUrl\":\"https:\\\/\\\/jornaldasoficinas.com\\\/pt\\\/wp-content\\\/uploads\\\/2022\\\/03\\\/Volvo-Cars-testa-nova.jpg\",\"datePublished\":\"2022-03-09T08:00:44+00:00\",\"breadcrumb\":{\"@id\":\"https:\\\/\\\/jornaldasoficinas.com\\\/pt\\\/volvo-cars-testa-nova-tecnologia-de-carregamento-wireless\\\/#breadcrumb\"},\"inLanguage\":\"pt-PT\",\"potentialAction\":[{\"@type\":\"ReadAction\",\"target\":[\"https:\\\/\\\/jornaldasoficinas.com\\\/pt\\\/volvo-cars-testa-nova-tecnologia-de-carregamento-wireless\\\/\"]}]},{\"@type\":\"ImageObject\",\"inLanguage\":\"pt-PT\",\"@id\":\"https:\\\/\\\/jornaldasoficinas.com\\\/pt\\\/volvo-cars-testa-nova-tecnologia-de-carregamento-wireless\\\/#primaryimage\",\"url\":\"https:\\\/\\\/jornaldasoficinas.com\\\/pt\\\/wp-content\\\/uploads\\\/2022\\\/03\\\/Volvo-Cars-testa-nova.jpg\",\"contentUrl\":\"https:\\\/\\\/jornaldasoficinas.com\\\/pt\\\/wp-content\\\/uploads\\\/2022\\\/03\\\/Volvo-Cars-testa-nova.jpg\",\"width\":1024,\"height\":581,\"caption\":\"Volvo Cars tests new wireless charging technology\"},{\"@type\":\"BreadcrumbList\",\"@id\":\"https:\\\/\\\/jornaldasoficinas.com\\\/pt\\\/volvo-cars-testa-nova-tecnologia-de-carregamento-wireless\\\/#breadcrumb\",\"itemListElement\":[{\"@type\":\"ListItem\",\"position\":1,\"name\":\"In\u00edcio\",\"item\":\"https:\\\/\\\/jornaldasoficinas.com\\\/pt\\\/\"},{\"@type\":\"ListItem\",\"position\":2,\"name\":\"Volvo Cars testa nova tecnologia de carregamento wireless\"}]},{\"@type\":\"WebSite\",\"@id\":\"https:\\\/\\\/jornaldasoficinas.com\\\/pt\\\/#website\",\"url\":\"https:\\\/\\\/jornaldasoficinas.com\\\/pt\\\/\",\"name\":\"Jornal das Oficinas\",\"description\":\"Jornal independente do Aftermarket Autom\u00f3vel em Portugal\",\"publisher\":{\"@id\":\"https:\\\/\\\/jornaldasoficinas.com\\\/pt\\\/#organization\"},\"potentialAction\":[{\"@type\":\"SearchAction\",\"target\":{\"@type\":\"EntryPoint\",\"urlTemplate\":\"https:\\\/\\\/jornaldasoficinas.com\\\/pt\\\/?s={search_term_string}\"},\"query-input\":{\"@type\":\"PropertyValueSpecification\",\"valueRequired\":true,\"valueName\":\"search_term_string\"}}],\"inLanguage\":\"pt-PT\"},{\"@type\":\"Organization\",\"@id\":\"https:\\\/\\\/jornaldasoficinas.com\\\/pt\\\/#organization\",\"name\":\"Jornal das Oficinas\",\"url\":\"https:\\\/\\\/jornaldasoficinas.com\\\/pt\\\/\",\"logo\":{\"@type\":\"ImageObject\",\"inLanguage\":\"pt-PT\",\"@id\":\"https:\\\/\\\/jornaldasoficinas.com\\\/pt\\\/#\\\/schema\\\/logo\\\/image\\\/\",\"url\":\"https:\\\/\\\/jornaldasoficinas.com\\\/pt\\\/wp-content\\\/uploads\\\/logoJO-SEO.png\",\"contentUrl\":\"https:\\\/\\\/jornaldasoficinas.com\\\/pt\\\/wp-content\\\/uploads\\\/logoJO-SEO.png\",\"width\":285,\"height\":450,\"caption\":\"Jornal das Oficinas\"},\"image\":{\"@id\":\"https:\\\/\\\/jornaldasoficinas.com\\\/pt\\\/#\\\/schema\\\/logo\\\/image\\\/\"},\"sameAs\":[\"https:\\\/\\\/www.facebook.com\\\/jornaloficinas\",\"https:\\\/\\\/x.com\\\/jornaloficinas\",\"https:\\\/\\\/www.instagram.com\\\/jornal_oficinas\\\/\",\"https:\\\/\\\/www.linkedin.com\\\/company\\\/jornal-das-oficinas\\\/\",\"https:\\\/\\\/www.youtube.com\\\/channel\\\/UCbQZBqtcvV-oSQrr7RzINGg\"]},{\"@type\":\"Person\",\"@id\":\"https:\\\/\\\/jornaldasoficinas.com\\\/pt\\\/#\\\/schema\\\/person\\\/a38eef5de2c41d9e7c9ac10141afddf3\",\"name\":\"Reda\u00e7\u00e3o JO\",\"image\":{\"@type\":\"ImageObject\",\"inLanguage\":\"pt-PT\",\"@id\":\"https:\\\/\\\/secure.gravatar.com\\\/avatar\\\/71f2fa71737ad68a84fea94bc708ddac8ea5b0c4788dc2ad202f3ccb2887742f?s=96&d=wp_user_avatar&r=g\",\"url\":\"https:\\\/\\\/secure.gravatar.com\\\/avatar\\\/71f2fa71737ad68a84fea94bc708ddac8ea5b0c4788dc2ad202f3ccb2887742f?s=96&d=wp_user_avatar&r=g\",\"contentUrl\":\"https:\\\/\\\/secure.gravatar.com\\\/avatar\\\/71f2fa71737ad68a84fea94bc708ddac8ea5b0c4788dc2ad202f3ccb2887742f?s=96&d=wp_user_avatar&r=g\",\"caption\":\"Reda\u00e7\u00e3o JO\"},\"url\":\"https:\\\/\\\/jornaldasoficinas.com\\\/pt\\\/author\\\/joredacao\\\/\"}]}<\/script>\n<!-- \/ Yoast SEO plugin. -->","yoast_head_json":{"title":"Volvo Cars testa nova tecnologia de carregamento wireless - Jornal das Oficinas","robots":{"index":"index","follow":"follow","max-snippet":"max-snippet:-1","max-image-preview":"max-image-preview:large","max-video-preview":"max-video-preview:-1"},"canonical":"https:\/\/jornaldasoficinas.com\/pt\/volvo-cars-testa-nova-tecnologia-de-carregamento-wireless\/","og_locale":"pt_PT","og_type":"article","og_title":"Volvo Cars testa nova tecnologia de carregamento wireless - Jornal das Oficinas","og_description":"A Volvo Cars vai integrar um...","og_url":"https:\/\/jornaldasoficinas.com\/pt\/volvo-cars-testa-nova-tecnologia-de-carregamento-wireless\/","og_site_name":"Jornal das Oficinas","article_publisher":"https:\/\/www.facebook.com\/jornaloficinas","article_published_time":"2022-03-09T08:00:44+00:00","og_image":[{"width":1024,"height":581,"url":"https:\/\/jornaldasoficinas.com\/pt\/wp-content\/uploads\/2022\/03\/Volvo-Cars-testa-nova.jpg","type":"image\/jpeg"}],"author":"Reda\u00e7\u00e3o JO","twitter_card":"summary_large_image","twitter_creator":"@jornaloficinas","twitter_site":"@jornaloficinas","twitter_misc":{"Escrito por":"Reda\u00e7\u00e3o JO","Tempo estimado de leitura":"3 minutos"},"schema":{"@context":"https:\/\/schema.org","@graph":[{"@type":"Article","@id":"https:\/\/jornaldasoficinas.com\/pt\/volvo-cars-testa-nova-tecnologia-de-carregamento-wireless\/#article","isPartOf":{"@id":"https:\/\/jornaldasoficinas.com\/pt\/volvo-cars-testa-nova-tecnologia-de-carregamento-wireless\/"},"author":{"name":"Reda\u00e7\u00e3o JO","@id":"https:\/\/jornaldasoficinas.com\/pt\/#\/schema\/person\/a38eef5de2c41d9e7c9ac10141afddf3"},"headline":"Volvo Cars testa nova tecnologia de carregamento wireless","datePublished":"2022-03-09T08:00:44+00:00","mainEntityOfPage":{"@id":"https:\/\/jornaldasoficinas.com\/pt\/volvo-cars-testa-nova-tecnologia-de-carregamento-wireless\/"},"wordCount":512,"publisher":{"@id":"https:\/\/jornaldasoficinas.com\/pt\/#organization"},"image":{"@id":"https:\/\/jornaldasoficinas.com\/pt\/volvo-cars-testa-nova-tecnologia-de-carregamento-wireless\/#primaryimage"},"thumbnailUrl":"https:\/\/jornaldasoficinas.com\/pt\/wp-content\/uploads\/2022\/03\/Volvo-Cars-testa-nova.jpg","keywords":["Volvo Cars"],"articleSection":["Oficina 4.0"],"inLanguage":"pt-PT"},{"@type":"WebPage","@id":"https:\/\/jornaldasoficinas.com\/pt\/volvo-cars-testa-nova-tecnologia-de-carregamento-wireless\/","url":"https:\/\/jornaldasoficinas.com\/pt\/volvo-cars-testa-nova-tecnologia-de-carregamento-wireless\/","name":"Volvo Cars testa nova tecnologia de carregamento wireless - Jornal das Oficinas","isPartOf":{"@id":"https:\/\/jornaldasoficinas.com\/pt\/#website"},"primaryImageOfPage":{"@id":"https:\/\/jornaldasoficinas.com\/pt\/volvo-cars-testa-nova-tecnologia-de-carregamento-wireless\/#primaryimage"},"image":{"@id":"https:\/\/jornaldasoficinas.com\/pt\/volvo-cars-testa-nova-tecnologia-de-carregamento-wireless\/#primaryimage"},"thumbnailUrl":"https:\/\/jornaldasoficinas.com\/pt\/wp-content\/uploads\/2022\/03\/Volvo-Cars-testa-nova.jpg","datePublished":"2022-03-09T08:00:44+00:00","breadcrumb":{"@id":"https:\/\/jornaldasoficinas.com\/pt\/volvo-cars-testa-nova-tecnologia-de-carregamento-wireless\/#breadcrumb"},"inLanguage":"pt-PT","potentialAction":[{"@type":"ReadAction","target":["https:\/\/jornaldasoficinas.com\/pt\/volvo-cars-testa-nova-tecnologia-de-carregamento-wireless\/"]}]},{"@type":"ImageObject","inLanguage":"pt-PT","@id":"https:\/\/jornaldasoficinas.com\/pt\/volvo-cars-testa-nova-tecnologia-de-carregamento-wireless\/#primaryimage","url":"https:\/\/jornaldasoficinas.com\/pt\/wp-content\/uploads\/2022\/03\/Volvo-Cars-testa-nova.jpg","contentUrl":"https:\/\/jornaldasoficinas.com\/pt\/wp-content\/uploads\/2022\/03\/Volvo-Cars-testa-nova.jpg","width":1024,"height":581,"caption":"Volvo Cars tests new wireless charging technology"},{"@type":"BreadcrumbList","@id":"https:\/\/jornaldasoficinas.com\/pt\/volvo-cars-testa-nova-tecnologia-de-carregamento-wireless\/#breadcrumb","itemListElement":[{"@type":"ListItem","position":1,"name":"In\u00edcio","item":"https:\/\/jornaldasoficinas.com\/pt\/"},{"@type":"ListItem","position":2,"name":"Volvo Cars testa nova tecnologia de carregamento wireless"}]},{"@type":"WebSite","@id":"https:\/\/jornaldasoficinas.com\/pt\/#website","url":"https:\/\/jornaldasoficinas.com\/pt\/","name":"Jornal das Oficinas","description":"Jornal independente do Aftermarket Autom\u00f3vel em Portugal","publisher":{"@id":"https:\/\/jornaldasoficinas.com\/pt\/#organization"},"potentialAction":[{"@type":"SearchAction","target":{"@type":"EntryPoint","urlTemplate":"https:\/\/jornaldasoficinas.com\/pt\/?s={search_term_string}"},"query-input":{"@type":"PropertyValueSpecification","valueRequired":true,"valueName":"search_term_string"}}],"inLanguage":"pt-PT"},{"@type":"Organization","@id":"https:\/\/jornaldasoficinas.com\/pt\/#organization","name":"Jornal das Oficinas","url":"https:\/\/jornaldasoficinas.com\/pt\/","logo":{"@type":"ImageObject","inLanguage":"pt-PT","@id":"https:\/\/jornaldasoficinas.com\/pt\/#\/schema\/logo\/image\/","url":"https:\/\/jornaldasoficinas.com\/pt\/wp-content\/uploads\/logoJO-SEO.png","contentUrl":"https:\/\/jornaldasoficinas.com\/pt\/wp-content\/uploads\/logoJO-SEO.png","width":285,"height":450,"caption":"Jornal das Oficinas"},"image":{"@id":"https:\/\/jornaldasoficinas.com\/pt\/#\/schema\/logo\/image\/"},"sameAs":["https:\/\/www.facebook.com\/jornaloficinas","https:\/\/x.com\/jornaloficinas","https:\/\/www.instagram.com\/jornal_oficinas\/","https:\/\/www.linkedin.com\/company\/jornal-das-oficinas\/","https:\/\/www.youtube.com\/channel\/UCbQZBqtcvV-oSQrr7RzINGg"]},{"@type":"Person","@id":"https:\/\/jornaldasoficinas.com\/pt\/#\/schema\/person\/a38eef5de2c41d9e7c9ac10141afddf3","name":"Reda\u00e7\u00e3o JO","image":{"@type":"ImageObject","inLanguage":"pt-PT","@id":"https:\/\/secure.gravatar.com\/avatar\/71f2fa71737ad68a84fea94bc708ddac8ea5b0c4788dc2ad202f3ccb2887742f?s=96&d=wp_user_avatar&r=g","url":"https:\/\/secure.gravatar.com\/avatar\/71f2fa71737ad68a84fea94bc708ddac8ea5b0c4788dc2ad202f3ccb2887742f?s=96&d=wp_user_avatar&r=g","contentUrl":"https:\/\/secure.gravatar.com\/avatar\/71f2fa71737ad68a84fea94bc708ddac8ea5b0c4788dc2ad202f3ccb2887742f?s=96&d=wp_user_avatar&r=g","caption":"Reda\u00e7\u00e3o JO"},"url":"https:\/\/jornaldasoficinas.com\/pt\/author\/joredacao\/"}]}},"_links":{"self":[{"href":"https:\/\/jornaldasoficinas.com\/pt\/wp-json\/wp\/v2\/posts\/27826","targetHints":{"allow":["GET"]}}],"collection":[{"href":"https:\/\/jornaldasoficinas.com\/pt\/wp-json\/wp\/v2\/posts"}],"about":[{"href":"https:\/\/jornaldasoficinas.com\/pt\/wp-json\/wp\/v2\/types\/post"}],"author":[{"embeddable":true,"href":"https:\/\/jornaldasoficinas.com\/pt\/wp-json\/wp\/v2\/users\/15"}],"replies":[{"embeddable":true,"href":"https:\/\/jornaldasoficinas.com\/pt\/wp-json\/wp\/v2\/comments?post=27826"}],"version-history":[{"count":0,"href":"https:\/\/jornaldasoficinas.com\/pt\/wp-json\/wp\/v2\/posts\/27826\/revisions"}],"wp:featuredmedia":[{"embeddable":true,"href":"https:\/\/jornaldasoficinas.com\/pt\/wp-json\/wp\/v2\/media\/27804"}],"wp:attachment":[{"href":"https:\/\/jornaldasoficinas.com\/pt\/wp-json\/wp\/v2\/media?parent=27826"}],"wp:term":[{"taxonomy":"category","embeddable":true,"href":"https:\/\/jornaldasoficinas.com\/pt\/wp-json\/wp\/v2\/categories?post=27826"},{"taxonomy":"post_tag","embeddable":true,"href":"https:\/\/jornaldasoficinas.com\/pt\/wp-json\/wp\/v2\/tags?post=27826"}],"curies":[{"name":"wp","href":"https:\/\/api.w.org\/{rel}","templated":true}]}}