{"id":27897,"date":"2022-03-11T18:00:22","date_gmt":"2022-03-11T18:00:22","guid":{"rendered":"https:\/\/jornaldasoficinas.com\/pt\/?p=27897"},"modified":"2022-03-10T19:51:25","modified_gmt":"2022-03-10T19:51:25","slug":"aran-exige-apoios-para-empresas-pronto-socorro","status":"publish","type":"post","link":"https:\/\/jornaldasoficinas.com\/pt\/aran-exige-apoios-para-empresas-pronto-socorro\/","title":{"rendered":"ARAN exige apoios para empresas pronto-socorro"},"content":{"rendered":"<p><strong><img loading=\"lazy\" decoding=\"async\" class=\"alignnone size-full wp-image-27885\" src=\"https:\/\/jornaldasoficinas.com\/pt\/wp-content\/uploads\/2022\/03\/ARAN-exige-apoios-para-empresas-pronto-socorro.jpg\" alt=\"03 - ARAN exige apoios para empresas pronto socorro\" width=\"1024\" height=\"581\" srcset=\"https:\/\/jornaldasoficinas.com\/pt\/wp-content\/uploads\/2022\/03\/ARAN-exige-apoios-para-empresas-pronto-socorro.jpg 1024w, https:\/\/jornaldasoficinas.com\/pt\/wp-content\/uploads\/2022\/03\/ARAN-exige-apoios-para-empresas-pronto-socorro-300x170.jpg 300w, https:\/\/jornaldasoficinas.com\/pt\/wp-content\/uploads\/2022\/03\/ARAN-exige-apoios-para-empresas-pronto-socorro-150x85.jpg 150w, https:\/\/jornaldasoficinas.com\/pt\/wp-content\/uploads\/2022\/03\/ARAN-exige-apoios-para-empresas-pronto-socorro-768x436.jpg 768w\" sizes=\"auto, (max-width: 1024px) 100vw, 1024px\" \/><\/strong><\/p>\n<p><strong>A Associa\u00e7\u00e3o Nacional do Ramo Autom\u00f3vel <a href=\"https:\/\/aran.pt\/pt\/\" target=\"_blank\" rel=\"noopener\">(ARAN)<\/a> tem vindo a alertar o Governo, a Assembleia da Rep\u00fablica e os parceiros destas empresas para o encerramento de muitas destas empresas que prestam servi\u00e7os de assist\u00eancia a ve\u00edculos em estrada.<\/strong><\/p>\n<p>A situa\u00e7\u00e3o em que estas empresas se encontravam devido ao aumento descontrolado dos seus custos gerais, em particular dos combust\u00edveis e da m\u00e3o de obra, era j\u00e1 de agonia, o anunciado recente aumento do pre\u00e7o do gas\u00f3leo deixa estas empresas numa situa\u00e7\u00e3o insustent\u00e1vel.<\/p>\n<p>Neste momento, face ao aumento galopante do pre\u00e7o do gas\u00f3leo, n\u00e3o ter\u00e3o como sobreviver.<\/p>\n<p>Assim, a ARAN, mais uma vez, enviou com car\u00e1cter de muita urg\u00eancia uma carta ao Senhor Primeiro-Ministro, da qual deu conhecimento ao Senhor Ministro de Estado, da Economia e da Transi\u00e7\u00e3o Digital, ao Senhor Ministro de Estado e das Finan\u00e7as e ao Senhor Ministro das Infraestruturas onde apela \u00e0 ado\u00e7\u00e3o de medidas face \u00e0 situa\u00e7\u00e3o atual.<\/p>\n<p>Mais do que necess\u00e1rias, imp\u00f5e-se medidas imediatas, quer transit\u00f3rias quer estruturais, impondo-se que as medidas anunciadas pelo Governo para os transportes em geral e aos transportes de passageiros e t\u00e1xi se estendam a este setor de atividade.<\/p>\n<p>No \u00e2mbito das medidas estruturais, a ARAN j\u00e1 apresentou mais do que uma vez as seguintes propostas e cuja implementa\u00e7\u00e3o reclama:<\/p>\n<p>a) Regime de reembolso de impostos sobre combust\u00edveis, ou o denominado, gas\u00f3leo profissional, para as empresas que se dedicam \u00e0 atividade de presta\u00e7\u00e3o de servi\u00e7os atrav\u00e9s de ve\u00edculos de pronto-socorro;<\/p>\n<p>b) Extens\u00e3o do disposto no artigo 4.\u00ba-A do regime jur\u00eddico do contrato de transporte rodovi\u00e1rio nacional de mercadorias aos contratos de presta\u00e7\u00e3o de servi\u00e7os atrav\u00e9s de ve\u00edculos de pronto-socorro;<\/p>\n<p>c) Elegibilidade das empresas de presta\u00e7\u00e3o de servi\u00e7os de pronto-socorro para o reembolso de impostos sobre combust\u00edveis, bem como os seus ve\u00edculos que s\u00e3o igualmente da categoria D, sendo necess\u00e1rio ajustar o peso eleg\u00edvel de forma a alargar o \u00e2mbito de aplica\u00e7\u00e3o;<\/p>\n<p>d) A isen\u00e7\u00e3o de IUC para ve\u00edculos de categoria D que sejam utilizados exclusivamente para fins empresariais no \u00e2mbito da atividade de presta\u00e7\u00e3o de servi\u00e7os de pronto-socorro.<\/p>\n<p>\u00c9 urgente e essencial a ado\u00e7\u00e3o de medidas para o setor de pronto-socorro por parte do Governo e a atualiza\u00e7\u00e3o das condi\u00e7\u00f5es de mercado dos parceiros destas empresas, sob pena de serem for\u00e7adas a paralisar, colocando em causa a circula\u00e7\u00e3o e seguran\u00e7a rodovi\u00e1ria.<\/p>\n","protected":false},"excerpt":{"rendered":"<p>A Associa\u00e7\u00e3o Nacional do Ramo Autom\u00f3vel&#8230;<\/p>\n","protected":false},"author":15,"featured_media":27885,"comment_status":"closed","ping_status":"closed","sticky":false,"template":"","format":"standard","meta":{"footnotes":""},"categories":[37],"tags":[136],"class_list":["post-27897","post","type-post","status-publish","format-standard","has-post-thumbnail","hentry","category-mercado","tag-aran"],"yoast_head":"<!-- This site is optimized with the Yoast SEO plugin v27.5 - https:\/\/yoast.com\/product\/yoast-seo-wordpress\/ -->\n<title>ARAN exige apoios para empresas pronto-socorro - Jornal das Oficinas<\/title>\n<meta name=\"robots\" content=\"index, follow, max-snippet:-1, max-image-preview:large, max-video-preview:-1\" \/>\n<link rel=\"canonical\" href=\"https:\/\/jornaldasoficinas.com\/pt\/aran-exige-apoios-para-empresas-pronto-socorro\/\" \/>\n<meta property=\"og:locale\" content=\"pt_PT\" \/>\n<meta property=\"og:type\" content=\"article\" \/>\n<meta property=\"og:title\" content=\"ARAN exige apoios para empresas pronto-socorro - Jornal das Oficinas\" \/>\n<meta property=\"og:description\" content=\"A Associa\u00e7\u00e3o Nacional do Ramo Autom\u00f3vel...\" \/>\n<meta property=\"og:url\" content=\"https:\/\/jornaldasoficinas.com\/pt\/aran-exige-apoios-para-empresas-pronto-socorro\/\" \/>\n<meta property=\"og:site_name\" content=\"Jornal das Oficinas\" \/>\n<meta property=\"article:publisher\" content=\"https:\/\/www.facebook.com\/jornaloficinas\" \/>\n<meta property=\"article:published_time\" content=\"2022-03-11T18:00:22+00:00\" \/>\n<meta property=\"og:image\" content=\"https:\/\/jornaldasoficinas.com\/pt\/wp-content\/uploads\/2022\/03\/ARAN-exige-apoios-para-empresas-pronto-socorro.jpg\" \/>\n\t<meta property=\"og:image:width\" content=\"1024\" \/>\n\t<meta property=\"og:image:height\" content=\"581\" \/>\n\t<meta property=\"og:image:type\" content=\"image\/jpeg\" \/>\n<meta name=\"author\" content=\"Reda\u00e7\u00e3o JO\" \/>\n<meta name=\"twitter:card\" content=\"summary_large_image\" \/>\n<meta name=\"twitter:creator\" content=\"@jornaloficinas\" \/>\n<meta name=\"twitter:site\" content=\"@jornaloficinas\" \/>\n<meta name=\"twitter:label1\" content=\"Escrito por\" \/>\n\t<meta name=\"twitter:data1\" content=\"Reda\u00e7\u00e3o JO\" \/>\n\t<meta name=\"twitter:label2\" content=\"Tempo estimado de leitura\" \/>\n\t<meta name=\"twitter:data2\" content=\"2 minutos\" \/>\n<script type=\"application\/ld+json\" class=\"yoast-schema-graph\">{\"@context\":\"https:\\\/\\\/schema.org\",\"@graph\":[{\"@type\":\"Article\",\"@id\":\"https:\\\/\\\/jornaldasoficinas.com\\\/pt\\\/aran-exige-apoios-para-empresas-pronto-socorro\\\/#article\",\"isPartOf\":{\"@id\":\"https:\\\/\\\/jornaldasoficinas.com\\\/pt\\\/aran-exige-apoios-para-empresas-pronto-socorro\\\/\"},\"author\":{\"name\":\"Reda\u00e7\u00e3o JO\",\"@id\":\"https:\\\/\\\/jornaldasoficinas.com\\\/pt\\\/#\\\/schema\\\/person\\\/a38eef5de2c41d9e7c9ac10141afddf3\"},\"headline\":\"ARAN exige apoios para empresas pronto-socorro\",\"datePublished\":\"2022-03-11T18:00:22+00:00\",\"mainEntityOfPage\":{\"@id\":\"https:\\\/\\\/jornaldasoficinas.com\\\/pt\\\/aran-exige-apoios-para-empresas-pronto-socorro\\\/\"},\"wordCount\":442,\"publisher\":{\"@id\":\"https:\\\/\\\/jornaldasoficinas.com\\\/pt\\\/#organization\"},\"image\":{\"@id\":\"https:\\\/\\\/jornaldasoficinas.com\\\/pt\\\/aran-exige-apoios-para-empresas-pronto-socorro\\\/#primaryimage\"},\"thumbnailUrl\":\"https:\\\/\\\/jornaldasoficinas.com\\\/pt\\\/wp-content\\\/uploads\\\/2022\\\/03\\\/ARAN-exige-apoios-para-empresas-pronto-socorro.jpg\",\"keywords\":[\"ARAN\"],\"articleSection\":[\"Mercado\"],\"inLanguage\":\"pt-PT\"},{\"@type\":\"WebPage\",\"@id\":\"https:\\\/\\\/jornaldasoficinas.com\\\/pt\\\/aran-exige-apoios-para-empresas-pronto-socorro\\\/\",\"url\":\"https:\\\/\\\/jornaldasoficinas.com\\\/pt\\\/aran-exige-apoios-para-empresas-pronto-socorro\\\/\",\"name\":\"ARAN exige apoios para empresas pronto-socorro - Jornal das Oficinas\",\"isPartOf\":{\"@id\":\"https:\\\/\\\/jornaldasoficinas.com\\\/pt\\\/#website\"},\"primaryImageOfPage\":{\"@id\":\"https:\\\/\\\/jornaldasoficinas.com\\\/pt\\\/aran-exige-apoios-para-empresas-pronto-socorro\\\/#primaryimage\"},\"image\":{\"@id\":\"https:\\\/\\\/jornaldasoficinas.com\\\/pt\\\/aran-exige-apoios-para-empresas-pronto-socorro\\\/#primaryimage\"},\"thumbnailUrl\":\"https:\\\/\\\/jornaldasoficinas.com\\\/pt\\\/wp-content\\\/uploads\\\/2022\\\/03\\\/ARAN-exige-apoios-para-empresas-pronto-socorro.jpg\",\"datePublished\":\"2022-03-11T18:00:22+00:00\",\"breadcrumb\":{\"@id\":\"https:\\\/\\\/jornaldasoficinas.com\\\/pt\\\/aran-exige-apoios-para-empresas-pronto-socorro\\\/#breadcrumb\"},\"inLanguage\":\"pt-PT\",\"potentialAction\":[{\"@type\":\"ReadAction\",\"target\":[\"https:\\\/\\\/jornaldasoficinas.com\\\/pt\\\/aran-exige-apoios-para-empresas-pronto-socorro\\\/\"]}]},{\"@type\":\"ImageObject\",\"inLanguage\":\"pt-PT\",\"@id\":\"https:\\\/\\\/jornaldasoficinas.com\\\/pt\\\/aran-exige-apoios-para-empresas-pronto-socorro\\\/#primaryimage\",\"url\":\"https:\\\/\\\/jornaldasoficinas.com\\\/pt\\\/wp-content\\\/uploads\\\/2022\\\/03\\\/ARAN-exige-apoios-para-empresas-pronto-socorro.jpg\",\"contentUrl\":\"https:\\\/\\\/jornaldasoficinas.com\\\/pt\\\/wp-content\\\/uploads\\\/2022\\\/03\\\/ARAN-exige-apoios-para-empresas-pronto-socorro.jpg\",\"width\":1024,\"height\":581,\"caption\":\"03 - ARAN exige apoios para empresas pronto socorro\"},{\"@type\":\"BreadcrumbList\",\"@id\":\"https:\\\/\\\/jornaldasoficinas.com\\\/pt\\\/aran-exige-apoios-para-empresas-pronto-socorro\\\/#breadcrumb\",\"itemListElement\":[{\"@type\":\"ListItem\",\"position\":1,\"name\":\"In\u00edcio\",\"item\":\"https:\\\/\\\/jornaldasoficinas.com\\\/pt\\\/\"},{\"@type\":\"ListItem\",\"position\":2,\"name\":\"ARAN exige apoios para empresas pronto-socorro\"}]},{\"@type\":\"WebSite\",\"@id\":\"https:\\\/\\\/jornaldasoficinas.com\\\/pt\\\/#website\",\"url\":\"https:\\\/\\\/jornaldasoficinas.com\\\/pt\\\/\",\"name\":\"Jornal das Oficinas\",\"description\":\"Jornal independente do Aftermarket Autom\u00f3vel em Portugal\",\"publisher\":{\"@id\":\"https:\\\/\\\/jornaldasoficinas.com\\\/pt\\\/#organization\"},\"potentialAction\":[{\"@type\":\"SearchAction\",\"target\":{\"@type\":\"EntryPoint\",\"urlTemplate\":\"https:\\\/\\\/jornaldasoficinas.com\\\/pt\\\/?s={search_term_string}\"},\"query-input\":{\"@type\":\"PropertyValueSpecification\",\"valueRequired\":true,\"valueName\":\"search_term_string\"}}],\"inLanguage\":\"pt-PT\"},{\"@type\":\"Organization\",\"@id\":\"https:\\\/\\\/jornaldasoficinas.com\\\/pt\\\/#organization\",\"name\":\"Jornal das Oficinas\",\"url\":\"https:\\\/\\\/jornaldasoficinas.com\\\/pt\\\/\",\"logo\":{\"@type\":\"ImageObject\",\"inLanguage\":\"pt-PT\",\"@id\":\"https:\\\/\\\/jornaldasoficinas.com\\\/pt\\\/#\\\/schema\\\/logo\\\/image\\\/\",\"url\":\"https:\\\/\\\/jornaldasoficinas.com\\\/pt\\\/wp-content\\\/uploads\\\/logoJO-SEO.png\",\"contentUrl\":\"https:\\\/\\\/jornaldasoficinas.com\\\/pt\\\/wp-content\\\/uploads\\\/logoJO-SEO.png\",\"width\":285,\"height\":450,\"caption\":\"Jornal das Oficinas\"},\"image\":{\"@id\":\"https:\\\/\\\/jornaldasoficinas.com\\\/pt\\\/#\\\/schema\\\/logo\\\/image\\\/\"},\"sameAs\":[\"https:\\\/\\\/www.facebook.com\\\/jornaloficinas\",\"https:\\\/\\\/x.com\\\/jornaloficinas\",\"https:\\\/\\\/www.instagram.com\\\/jornal_oficinas\\\/\",\"https:\\\/\\\/www.linkedin.com\\\/company\\\/jornal-das-oficinas\\\/\",\"https:\\\/\\\/www.youtube.com\\\/channel\\\/UCbQZBqtcvV-oSQrr7RzINGg\"]},{\"@type\":\"Person\",\"@id\":\"https:\\\/\\\/jornaldasoficinas.com\\\/pt\\\/#\\\/schema\\\/person\\\/a38eef5de2c41d9e7c9ac10141afddf3\",\"name\":\"Reda\u00e7\u00e3o JO\",\"image\":{\"@type\":\"ImageObject\",\"inLanguage\":\"pt-PT\",\"@id\":\"https:\\\/\\\/secure.gravatar.com\\\/avatar\\\/71f2fa71737ad68a84fea94bc708ddac8ea5b0c4788dc2ad202f3ccb2887742f?s=96&d=wp_user_avatar&r=g\",\"url\":\"https:\\\/\\\/secure.gravatar.com\\\/avatar\\\/71f2fa71737ad68a84fea94bc708ddac8ea5b0c4788dc2ad202f3ccb2887742f?s=96&d=wp_user_avatar&r=g\",\"contentUrl\":\"https:\\\/\\\/secure.gravatar.com\\\/avatar\\\/71f2fa71737ad68a84fea94bc708ddac8ea5b0c4788dc2ad202f3ccb2887742f?s=96&d=wp_user_avatar&r=g\",\"caption\":\"Reda\u00e7\u00e3o JO\"},\"url\":\"https:\\\/\\\/jornaldasoficinas.com\\\/pt\\\/author\\\/joredacao\\\/\"}]}<\/script>\n<!-- \/ Yoast SEO plugin. -->","yoast_head_json":{"title":"ARAN exige apoios para empresas pronto-socorro - Jornal das Oficinas","robots":{"index":"index","follow":"follow","max-snippet":"max-snippet:-1","max-image-preview":"max-image-preview:large","max-video-preview":"max-video-preview:-1"},"canonical":"https:\/\/jornaldasoficinas.com\/pt\/aran-exige-apoios-para-empresas-pronto-socorro\/","og_locale":"pt_PT","og_type":"article","og_title":"ARAN exige apoios para empresas pronto-socorro - Jornal das Oficinas","og_description":"A Associa\u00e7\u00e3o Nacional do Ramo Autom\u00f3vel...","og_url":"https:\/\/jornaldasoficinas.com\/pt\/aran-exige-apoios-para-empresas-pronto-socorro\/","og_site_name":"Jornal das Oficinas","article_publisher":"https:\/\/www.facebook.com\/jornaloficinas","article_published_time":"2022-03-11T18:00:22+00:00","og_image":[{"width":1024,"height":581,"url":"https:\/\/jornaldasoficinas.com\/pt\/wp-content\/uploads\/2022\/03\/ARAN-exige-apoios-para-empresas-pronto-socorro.jpg","type":"image\/jpeg"}],"author":"Reda\u00e7\u00e3o JO","twitter_card":"summary_large_image","twitter_creator":"@jornaloficinas","twitter_site":"@jornaloficinas","twitter_misc":{"Escrito por":"Reda\u00e7\u00e3o JO","Tempo estimado de leitura":"2 minutos"},"schema":{"@context":"https:\/\/schema.org","@graph":[{"@type":"Article","@id":"https:\/\/jornaldasoficinas.com\/pt\/aran-exige-apoios-para-empresas-pronto-socorro\/#article","isPartOf":{"@id":"https:\/\/jornaldasoficinas.com\/pt\/aran-exige-apoios-para-empresas-pronto-socorro\/"},"author":{"name":"Reda\u00e7\u00e3o JO","@id":"https:\/\/jornaldasoficinas.com\/pt\/#\/schema\/person\/a38eef5de2c41d9e7c9ac10141afddf3"},"headline":"ARAN exige apoios para empresas pronto-socorro","datePublished":"2022-03-11T18:00:22+00:00","mainEntityOfPage":{"@id":"https:\/\/jornaldasoficinas.com\/pt\/aran-exige-apoios-para-empresas-pronto-socorro\/"},"wordCount":442,"publisher":{"@id":"https:\/\/jornaldasoficinas.com\/pt\/#organization"},"image":{"@id":"https:\/\/jornaldasoficinas.com\/pt\/aran-exige-apoios-para-empresas-pronto-socorro\/#primaryimage"},"thumbnailUrl":"https:\/\/jornaldasoficinas.com\/pt\/wp-content\/uploads\/2022\/03\/ARAN-exige-apoios-para-empresas-pronto-socorro.jpg","keywords":["ARAN"],"articleSection":["Mercado"],"inLanguage":"pt-PT"},{"@type":"WebPage","@id":"https:\/\/jornaldasoficinas.com\/pt\/aran-exige-apoios-para-empresas-pronto-socorro\/","url":"https:\/\/jornaldasoficinas.com\/pt\/aran-exige-apoios-para-empresas-pronto-socorro\/","name":"ARAN exige apoios para empresas pronto-socorro - Jornal das Oficinas","isPartOf":{"@id":"https:\/\/jornaldasoficinas.com\/pt\/#website"},"primaryImageOfPage":{"@id":"https:\/\/jornaldasoficinas.com\/pt\/aran-exige-apoios-para-empresas-pronto-socorro\/#primaryimage"},"image":{"@id":"https:\/\/jornaldasoficinas.com\/pt\/aran-exige-apoios-para-empresas-pronto-socorro\/#primaryimage"},"thumbnailUrl":"https:\/\/jornaldasoficinas.com\/pt\/wp-content\/uploads\/2022\/03\/ARAN-exige-apoios-para-empresas-pronto-socorro.jpg","datePublished":"2022-03-11T18:00:22+00:00","breadcrumb":{"@id":"https:\/\/jornaldasoficinas.com\/pt\/aran-exige-apoios-para-empresas-pronto-socorro\/#breadcrumb"},"inLanguage":"pt-PT","potentialAction":[{"@type":"ReadAction","target":["https:\/\/jornaldasoficinas.com\/pt\/aran-exige-apoios-para-empresas-pronto-socorro\/"]}]},{"@type":"ImageObject","inLanguage":"pt-PT","@id":"https:\/\/jornaldasoficinas.com\/pt\/aran-exige-apoios-para-empresas-pronto-socorro\/#primaryimage","url":"https:\/\/jornaldasoficinas.com\/pt\/wp-content\/uploads\/2022\/03\/ARAN-exige-apoios-para-empresas-pronto-socorro.jpg","contentUrl":"https:\/\/jornaldasoficinas.com\/pt\/wp-content\/uploads\/2022\/03\/ARAN-exige-apoios-para-empresas-pronto-socorro.jpg","width":1024,"height":581,"caption":"03 - ARAN exige apoios para empresas pronto socorro"},{"@type":"BreadcrumbList","@id":"https:\/\/jornaldasoficinas.com\/pt\/aran-exige-apoios-para-empresas-pronto-socorro\/#breadcrumb","itemListElement":[{"@type":"ListItem","position":1,"name":"In\u00edcio","item":"https:\/\/jornaldasoficinas.com\/pt\/"},{"@type":"ListItem","position":2,"name":"ARAN exige apoios para empresas pronto-socorro"}]},{"@type":"WebSite","@id":"https:\/\/jornaldasoficinas.com\/pt\/#website","url":"https:\/\/jornaldasoficinas.com\/pt\/","name":"Jornal das Oficinas","description":"Jornal independente do Aftermarket Autom\u00f3vel em Portugal","publisher":{"@id":"https:\/\/jornaldasoficinas.com\/pt\/#organization"},"potentialAction":[{"@type":"SearchAction","target":{"@type":"EntryPoint","urlTemplate":"https:\/\/jornaldasoficinas.com\/pt\/?s={search_term_string}"},"query-input":{"@type":"PropertyValueSpecification","valueRequired":true,"valueName":"search_term_string"}}],"inLanguage":"pt-PT"},{"@type":"Organization","@id":"https:\/\/jornaldasoficinas.com\/pt\/#organization","name":"Jornal das Oficinas","url":"https:\/\/jornaldasoficinas.com\/pt\/","logo":{"@type":"ImageObject","inLanguage":"pt-PT","@id":"https:\/\/jornaldasoficinas.com\/pt\/#\/schema\/logo\/image\/","url":"https:\/\/jornaldasoficinas.com\/pt\/wp-content\/uploads\/logoJO-SEO.png","contentUrl":"https:\/\/jornaldasoficinas.com\/pt\/wp-content\/uploads\/logoJO-SEO.png","width":285,"height":450,"caption":"Jornal das Oficinas"},"image":{"@id":"https:\/\/jornaldasoficinas.com\/pt\/#\/schema\/logo\/image\/"},"sameAs":["https:\/\/www.facebook.com\/jornaloficinas","https:\/\/x.com\/jornaloficinas","https:\/\/www.instagram.com\/jornal_oficinas\/","https:\/\/www.linkedin.com\/company\/jornal-das-oficinas\/","https:\/\/www.youtube.com\/channel\/UCbQZBqtcvV-oSQrr7RzINGg"]},{"@type":"Person","@id":"https:\/\/jornaldasoficinas.com\/pt\/#\/schema\/person\/a38eef5de2c41d9e7c9ac10141afddf3","name":"Reda\u00e7\u00e3o JO","image":{"@type":"ImageObject","inLanguage":"pt-PT","@id":"https:\/\/secure.gravatar.com\/avatar\/71f2fa71737ad68a84fea94bc708ddac8ea5b0c4788dc2ad202f3ccb2887742f?s=96&d=wp_user_avatar&r=g","url":"https:\/\/secure.gravatar.com\/avatar\/71f2fa71737ad68a84fea94bc708ddac8ea5b0c4788dc2ad202f3ccb2887742f?s=96&d=wp_user_avatar&r=g","contentUrl":"https:\/\/secure.gravatar.com\/avatar\/71f2fa71737ad68a84fea94bc708ddac8ea5b0c4788dc2ad202f3ccb2887742f?s=96&d=wp_user_avatar&r=g","caption":"Reda\u00e7\u00e3o JO"},"url":"https:\/\/jornaldasoficinas.com\/pt\/author\/joredacao\/"}]}},"_links":{"self":[{"href":"https:\/\/jornaldasoficinas.com\/pt\/wp-json\/wp\/v2\/posts\/27897","targetHints":{"allow":["GET"]}}],"collection":[{"href":"https:\/\/jornaldasoficinas.com\/pt\/wp-json\/wp\/v2\/posts"}],"about":[{"href":"https:\/\/jornaldasoficinas.com\/pt\/wp-json\/wp\/v2\/types\/post"}],"author":[{"embeddable":true,"href":"https:\/\/jornaldasoficinas.com\/pt\/wp-json\/wp\/v2\/users\/15"}],"replies":[{"embeddable":true,"href":"https:\/\/jornaldasoficinas.com\/pt\/wp-json\/wp\/v2\/comments?post=27897"}],"version-history":[{"count":0,"href":"https:\/\/jornaldasoficinas.com\/pt\/wp-json\/wp\/v2\/posts\/27897\/revisions"}],"wp:featuredmedia":[{"embeddable":true,"href":"https:\/\/jornaldasoficinas.com\/pt\/wp-json\/wp\/v2\/media\/27885"}],"wp:attachment":[{"href":"https:\/\/jornaldasoficinas.com\/pt\/wp-json\/wp\/v2\/media?parent=27897"}],"wp:term":[{"taxonomy":"category","embeddable":true,"href":"https:\/\/jornaldasoficinas.com\/pt\/wp-json\/wp\/v2\/categories?post=27897"},{"taxonomy":"post_tag","embeddable":true,"href":"https:\/\/jornaldasoficinas.com\/pt\/wp-json\/wp\/v2\/tags?post=27897"}],"curies":[{"name":"wp","href":"https:\/\/api.w.org\/{rel}","templated":true}]}}