{"id":27902,"date":"2022-03-12T10:00:19","date_gmt":"2022-03-12T10:00:19","guid":{"rendered":"https:\/\/jornaldasoficinas.com\/pt\/?p=27902"},"modified":"2022-03-10T20:01:31","modified_gmt":"2022-03-10T20:01:31","slug":"repsol-avanca-com-construcao-de-fabrica-biocombustiveis","status":"publish","type":"post","link":"https:\/\/jornaldasoficinas.com\/pt\/repsol-avanca-com-construcao-de-fabrica-biocombustiveis\/","title":{"rendered":"Repsol avan\u00e7a com constru\u00e7\u00e3o de f\u00e1brica biocombust\u00edveis"},"content":{"rendered":"<p><strong><img loading=\"lazy\" decoding=\"async\" class=\"alignnone size-full wp-image-27882\" src=\"https:\/\/jornaldasoficinas.com\/pt\/wp-content\/uploads\/2022\/03\/Repsol-avanca-com-construcao-de-fabrica-biocombustiveis.jpg\" alt=\"03 - Repsol avanca com construcao de fabrica biocombustiveis\" width=\"1024\" height=\"581\" srcset=\"https:\/\/jornaldasoficinas.com\/pt\/wp-content\/uploads\/2022\/03\/Repsol-avanca-com-construcao-de-fabrica-biocombustiveis.jpg 1024w, https:\/\/jornaldasoficinas.com\/pt\/wp-content\/uploads\/2022\/03\/Repsol-avanca-com-construcao-de-fabrica-biocombustiveis-300x170.jpg 300w, https:\/\/jornaldasoficinas.com\/pt\/wp-content\/uploads\/2022\/03\/Repsol-avanca-com-construcao-de-fabrica-biocombustiveis-150x85.jpg 150w, https:\/\/jornaldasoficinas.com\/pt\/wp-content\/uploads\/2022\/03\/Repsol-avanca-com-construcao-de-fabrica-biocombustiveis-768x436.jpg 768w\" sizes=\"auto, (max-width: 1024px) 100vw, 1024px\" \/><\/strong><\/p>\n<p><strong>Antonio Brufau, Presidente da <a href=\"https:\/\/www.repsol.pt\/pt\/index.cshtml\" target=\"_blank\" rel=\"noopener\">Repsol<\/a>, visitou as instala\u00e7\u00f5es da refinaria de Cartagena, onde arrancaram os trabalhos de constru\u00e7\u00e3o da primeira f\u00e1brica de biocombust\u00edveis avan\u00e7ados de Espanha<\/strong><\/p>\n<p>O Presidente da Repsol, Antonio Brufau, assistiu esta segunda-feira \u00e0 apresenta\u00e7\u00e3o do arranque das obras de constru\u00e7\u00e3o da primeira f\u00e1brica de biocombust\u00edveis avan\u00e7ados em Espanha, no complexo da Repsol, em Cartagena.<\/p>\n<p>No evento, foi acompanhado pelo Diretor do complexo industrial, Antonio Mestre, e pelo Presidente da Comunidade Aut\u00f3noma da Regi\u00e3o de M\u00farcia, Fernando L\u00f3pez Miras, pelo Delegado do Governo nacional na Regi\u00e3o de M\u00farcia, Jos\u00e9 V\u00e9lez, pela Presidente da C\u00e2mara de Cartagena, Noelia Arroyo, e outros representantes das autoridades regionais e locais e entidades empresariais.<\/p>\n<p>Depois de serem conhecidos os pormenores do projeto, os representantes entraram no complexo para visitar a zona onde ser\u00e1 instalada a f\u00e1brica de hidrotratamento.<\/p>\n<p>A Repsol, em linha com o seu compromisso de se tornar uma empresa com zero emiss\u00f5es l\u00edquidas at\u00e9 2050, ir\u00e1 investir 200 milh\u00f5es de euros neste projeto, que permitir\u00e1 fornecer 250.000 toneladas por ano de biocombust\u00edveis avan\u00e7ados, tais como biodiesel, biojet, bionafta e biopropano, para serem utilizados em avi\u00f5es, cami\u00f5es ou carros, sem necessidade de alterar os motores existentes. Estes biocombust\u00edveis ser\u00e3o produzidos a partir de res\u00edduos e permitir\u00e3o uma redu\u00e7\u00e3o de 900.000 toneladas de CO2\u00a0por ano.<\/p>\n<p>Antonio Brufau, Presidente da Repsol, assegura que \u201cCom este projeto, Cartagena vai consolidar-se como centro de distribui\u00e7\u00e3o de produtos essenciais para o presente e o futuro, e como um exemplo do compromisso da Repsol com a mobilidade sustent\u00e1vel&#8221;.<\/p>\n<p>O respons\u00e1vel salientou a import\u00e2ncia do compromisso com a neutralidade tecnol\u00f3gica para se poder avan\u00e7ar no objetivo de alcan\u00e7ar as zero emiss\u00f5es l\u00edquidas at\u00e9 2050. Apelou \u00e0s administra\u00e7\u00f5es p\u00fablicas que criem &#8220;uma regulamenta\u00e7\u00e3o facilitadora, flex\u00edvel e n\u00e3o exclusiva&#8221;, que permita o desenvolvimento de projetos futuros, uma vez que s\u00f3 assim &#8220;estaremos a proteger a nossa economia, ind\u00fastria e emprego&#8221;.<\/p>\n<p>Por sua vez, o Presidente do Governo Regional, Fernando L\u00f3pez Miras, afirmou que &#8220;a Repsol representa o compromisso com o progresso, desenvolvimento e sustentabilidade. Cartagena e a Repsol t\u00eam crescido de m\u00e3os dadas, at\u00e9 um ponto em que deixa de ser poss\u00edvel compreender o desenvolvimento da Escombreras, e da sua convers\u00e3o num\u00a0hub\u00a0multienerg\u00e9tico, sem falar da Repsol. E agora, acrescentamos a boa not\u00edcia desta constru\u00e7\u00e3o da primeira f\u00e1brica em Espanha de produ\u00e7\u00e3o avan\u00e7ada de biocombust\u00edveis, uma f\u00e1brica de vanguarda que \u00e9 um exemplo magn\u00edfico da designada economia circular&#8221;.<\/p>\n<p>Relativamente ao projeto, o Diretor do complexo da Repsol em Cartagena, Antonio Mestre, salientou que a nova f\u00e1brica &#8220;\u00e9 um exemplo tang\u00edvel de economia circular, que nos permitir\u00e1 oferecer solu\u00e7\u00f5es de mobilidade sustent\u00e1vel a todos os setores da sociedade, e \u00e9 um passo muito importante na transforma\u00e7\u00e3o do complexo industrial num\u00a0hub\u00a0multienerg\u00e9tico\u201d.<\/p>\n<p><strong>Economia circular, um pilar estrat\u00e9gico para a descarboniza\u00e7\u00e3o do transporte<br \/>\n<\/strong>A Repsol tem vindo a incorporar biocombust\u00edveis nos seus combust\u00edveis autom\u00f3veis h\u00e1 mais de duas d\u00e9cadas. A empresa d\u00e1 agora mais um passo, tendo por base a economia circular, com a produ\u00e7\u00e3o de biocombust\u00edveis avan\u00e7ados a partir de diferentes tipos de res\u00edduos da ind\u00fastria agroalimentar e outros, como por exemplo \u00f3leos alimentares usados. Assim, a Repsol conseguir\u00e1 dar uma segunda vida aos res\u00edduos que de outra forma acabariam num aterro, transformando-os em produtos com elevado valor acrescentado.<\/p>\n<p>Estes biocombust\u00edveis avan\u00e7ados s\u00e3o uma solu\u00e7\u00e3o sustent\u00e1vel para todos os segmentos de mobilidade, especialmente os que n\u00e3o t\u00eam alternativas atuais de descarboniza\u00e7\u00e3o, tais como o transporte mar\u00edtimo, de longa dist\u00e2ncia, ou a\u00e9reo. Estes biocombust\u00edveis permitir\u00e3o uma redu\u00e7\u00e3o de emiss\u00f5es de CO2\u00a0entre 65% a 85%, comparando com os combust\u00edveis tradicionais que representam.<\/p>\n<p>A Repsol tem na economia circular um dos seus pilares estrat\u00e9gicos, para fabricar produtos com uma pegada de carbono baixa, zero ou mesmo negativa. O objetivo da Repsol \u00e9 utilizar tr\u00eas milh\u00f5es de toneladas de res\u00edduos por ano, para produzir dois milh\u00f5es de toneladas de combust\u00edveis com baixo teor de carbono at\u00e9 2030, o que permitir\u00e1 evitar mais de sete milh\u00f5es de emiss\u00f5es de toneladas de CO2\u00a0por ano.<\/p>\n<p><strong>240 empresas auxiliares e 1.000 pessoas estar\u00e3o envolvidas nos trabalhos de constru\u00e7\u00e3o<br \/>\n<\/strong>A expans\u00e3o das instala\u00e7\u00f5es do complexo de Cartagena vai permitir a constru\u00e7\u00e3o da nova f\u00e1brica de biocombust\u00edveis avan\u00e7ados, equipada com tecnologia de ponta e vai gerar cerca de 1.000 postos de trabalho em diferentes fases do projeto e o envolvimento de 240 empresas auxiliares, das quais 21% ser\u00e3o locais, 25% regionais, 42% nacionais e 12% internacionais.<\/p>\n<p>Atualmente, mais de 25 empresas e cerca de 300 pessoas j\u00e1 est\u00e3o a trabalhar dentro do complexo, o que aumentar\u00e1 para uma m\u00e9dia de 600 colaboradores, e espera-se que o pico seja atingido no pr\u00f3ximo outono com cerca de 800 trabalhadores diretos e indiretos.<\/p>\n<p>Desde que o projeto foi lan\u00e7ado, a Repsol investiu mais de 72 milh\u00f5es de euros em trabalhos preliminares de engenharia, servi\u00e7os de equipamento e m\u00e3o-de-obra auxiliar.<\/p>\n","protected":false},"excerpt":{"rendered":"<p>Antonio Brufau, Presidente da Repsol, visitou&#8230;<\/p>\n","protected":false},"author":15,"featured_media":27882,"comment_status":"closed","ping_status":"closed","sticky":false,"template":"","format":"standard","meta":{"footnotes":""},"categories":[37],"tags":[46],"class_list":["post-27902","post","type-post","status-publish","format-standard","has-post-thumbnail","hentry","category-mercado","tag-repsol"],"yoast_head":"<!-- This site is optimized with the Yoast SEO plugin v27.4 - https:\/\/yoast.com\/product\/yoast-seo-wordpress\/ -->\n<title>Repsol avan\u00e7a com constru\u00e7\u00e3o de f\u00e1brica biocombust\u00edveis - Jornal das Oficinas<\/title>\n<meta name=\"robots\" content=\"index, follow, max-snippet:-1, max-image-preview:large, max-video-preview:-1\" \/>\n<link rel=\"canonical\" href=\"https:\/\/jornaldasoficinas.com\/pt\/repsol-avanca-com-construcao-de-fabrica-biocombustiveis\/\" \/>\n<meta property=\"og:locale\" content=\"pt_PT\" \/>\n<meta property=\"og:type\" content=\"article\" \/>\n<meta property=\"og:title\" content=\"Repsol avan\u00e7a com constru\u00e7\u00e3o de f\u00e1brica biocombust\u00edveis - Jornal das Oficinas\" \/>\n<meta property=\"og:description\" content=\"Antonio Brufau, Presidente da Repsol, visitou...\" \/>\n<meta property=\"og:url\" content=\"https:\/\/jornaldasoficinas.com\/pt\/repsol-avanca-com-construcao-de-fabrica-biocombustiveis\/\" \/>\n<meta property=\"og:site_name\" content=\"Jornal das Oficinas\" \/>\n<meta property=\"article:publisher\" content=\"https:\/\/www.facebook.com\/jornaloficinas\" \/>\n<meta property=\"article:published_time\" content=\"2022-03-12T10:00:19+00:00\" \/>\n<meta property=\"og:image\" content=\"https:\/\/jornaldasoficinas.com\/pt\/wp-content\/uploads\/2022\/03\/Repsol-avanca-com-construcao-de-fabrica-biocombustiveis.jpg\" \/>\n\t<meta property=\"og:image:width\" content=\"1024\" \/>\n\t<meta property=\"og:image:height\" content=\"581\" \/>\n\t<meta property=\"og:image:type\" content=\"image\/jpeg\" \/>\n<meta name=\"author\" content=\"Reda\u00e7\u00e3o JO\" \/>\n<meta name=\"twitter:card\" content=\"summary_large_image\" \/>\n<meta name=\"twitter:creator\" content=\"@jornaloficinas\" \/>\n<meta name=\"twitter:site\" content=\"@jornaloficinas\" \/>\n<meta name=\"twitter:label1\" content=\"Escrito por\" \/>\n\t<meta name=\"twitter:data1\" content=\"Reda\u00e7\u00e3o JO\" \/>\n\t<meta name=\"twitter:label2\" content=\"Tempo estimado de leitura\" \/>\n\t<meta name=\"twitter:data2\" content=\"4 minutos\" \/>\n<script type=\"application\/ld+json\" class=\"yoast-schema-graph\">{\"@context\":\"https:\\\/\\\/schema.org\",\"@graph\":[{\"@type\":\"Article\",\"@id\":\"https:\\\/\\\/jornaldasoficinas.com\\\/pt\\\/repsol-avanca-com-construcao-de-fabrica-biocombustiveis\\\/#article\",\"isPartOf\":{\"@id\":\"https:\\\/\\\/jornaldasoficinas.com\\\/pt\\\/repsol-avanca-com-construcao-de-fabrica-biocombustiveis\\\/\"},\"author\":{\"name\":\"Reda\u00e7\u00e3o JO\",\"@id\":\"https:\\\/\\\/jornaldasoficinas.com\\\/pt\\\/#\\\/schema\\\/person\\\/a38eef5de2c41d9e7c9ac10141afddf3\"},\"headline\":\"Repsol avan\u00e7a com constru\u00e7\u00e3o de f\u00e1brica biocombust\u00edveis\",\"datePublished\":\"2022-03-12T10:00:19+00:00\",\"mainEntityOfPage\":{\"@id\":\"https:\\\/\\\/jornaldasoficinas.com\\\/pt\\\/repsol-avanca-com-construcao-de-fabrica-biocombustiveis\\\/\"},\"wordCount\":901,\"publisher\":{\"@id\":\"https:\\\/\\\/jornaldasoficinas.com\\\/pt\\\/#organization\"},\"image\":{\"@id\":\"https:\\\/\\\/jornaldasoficinas.com\\\/pt\\\/repsol-avanca-com-construcao-de-fabrica-biocombustiveis\\\/#primaryimage\"},\"thumbnailUrl\":\"https:\\\/\\\/jornaldasoficinas.com\\\/pt\\\/wp-content\\\/uploads\\\/2022\\\/03\\\/Repsol-avanca-com-construcao-de-fabrica-biocombustiveis.jpg\",\"keywords\":[\"Repsol\"],\"articleSection\":[\"Mercado\"],\"inLanguage\":\"pt-PT\"},{\"@type\":\"WebPage\",\"@id\":\"https:\\\/\\\/jornaldasoficinas.com\\\/pt\\\/repsol-avanca-com-construcao-de-fabrica-biocombustiveis\\\/\",\"url\":\"https:\\\/\\\/jornaldasoficinas.com\\\/pt\\\/repsol-avanca-com-construcao-de-fabrica-biocombustiveis\\\/\",\"name\":\"Repsol avan\u00e7a com constru\u00e7\u00e3o de f\u00e1brica biocombust\u00edveis - Jornal das Oficinas\",\"isPartOf\":{\"@id\":\"https:\\\/\\\/jornaldasoficinas.com\\\/pt\\\/#website\"},\"primaryImageOfPage\":{\"@id\":\"https:\\\/\\\/jornaldasoficinas.com\\\/pt\\\/repsol-avanca-com-construcao-de-fabrica-biocombustiveis\\\/#primaryimage\"},\"image\":{\"@id\":\"https:\\\/\\\/jornaldasoficinas.com\\\/pt\\\/repsol-avanca-com-construcao-de-fabrica-biocombustiveis\\\/#primaryimage\"},\"thumbnailUrl\":\"https:\\\/\\\/jornaldasoficinas.com\\\/pt\\\/wp-content\\\/uploads\\\/2022\\\/03\\\/Repsol-avanca-com-construcao-de-fabrica-biocombustiveis.jpg\",\"datePublished\":\"2022-03-12T10:00:19+00:00\",\"breadcrumb\":{\"@id\":\"https:\\\/\\\/jornaldasoficinas.com\\\/pt\\\/repsol-avanca-com-construcao-de-fabrica-biocombustiveis\\\/#breadcrumb\"},\"inLanguage\":\"pt-PT\",\"potentialAction\":[{\"@type\":\"ReadAction\",\"target\":[\"https:\\\/\\\/jornaldasoficinas.com\\\/pt\\\/repsol-avanca-com-construcao-de-fabrica-biocombustiveis\\\/\"]}]},{\"@type\":\"ImageObject\",\"inLanguage\":\"pt-PT\",\"@id\":\"https:\\\/\\\/jornaldasoficinas.com\\\/pt\\\/repsol-avanca-com-construcao-de-fabrica-biocombustiveis\\\/#primaryimage\",\"url\":\"https:\\\/\\\/jornaldasoficinas.com\\\/pt\\\/wp-content\\\/uploads\\\/2022\\\/03\\\/Repsol-avanca-com-construcao-de-fabrica-biocombustiveis.jpg\",\"contentUrl\":\"https:\\\/\\\/jornaldasoficinas.com\\\/pt\\\/wp-content\\\/uploads\\\/2022\\\/03\\\/Repsol-avanca-com-construcao-de-fabrica-biocombustiveis.jpg\",\"width\":1024,\"height\":581,\"caption\":\"03 - Repsol avanca com construcao de fabrica biocombustiveis\"},{\"@type\":\"BreadcrumbList\",\"@id\":\"https:\\\/\\\/jornaldasoficinas.com\\\/pt\\\/repsol-avanca-com-construcao-de-fabrica-biocombustiveis\\\/#breadcrumb\",\"itemListElement\":[{\"@type\":\"ListItem\",\"position\":1,\"name\":\"In\u00edcio\",\"item\":\"https:\\\/\\\/jornaldasoficinas.com\\\/pt\\\/\"},{\"@type\":\"ListItem\",\"position\":2,\"name\":\"Repsol avan\u00e7a com constru\u00e7\u00e3o de f\u00e1brica biocombust\u00edveis\"}]},{\"@type\":\"WebSite\",\"@id\":\"https:\\\/\\\/jornaldasoficinas.com\\\/pt\\\/#website\",\"url\":\"https:\\\/\\\/jornaldasoficinas.com\\\/pt\\\/\",\"name\":\"Jornal das Oficinas\",\"description\":\"Jornal independente do Aftermarket Autom\u00f3vel em Portugal\",\"publisher\":{\"@id\":\"https:\\\/\\\/jornaldasoficinas.com\\\/pt\\\/#organization\"},\"potentialAction\":[{\"@type\":\"SearchAction\",\"target\":{\"@type\":\"EntryPoint\",\"urlTemplate\":\"https:\\\/\\\/jornaldasoficinas.com\\\/pt\\\/?s={search_term_string}\"},\"query-input\":{\"@type\":\"PropertyValueSpecification\",\"valueRequired\":true,\"valueName\":\"search_term_string\"}}],\"inLanguage\":\"pt-PT\"},{\"@type\":\"Organization\",\"@id\":\"https:\\\/\\\/jornaldasoficinas.com\\\/pt\\\/#organization\",\"name\":\"Jornal das Oficinas\",\"url\":\"https:\\\/\\\/jornaldasoficinas.com\\\/pt\\\/\",\"logo\":{\"@type\":\"ImageObject\",\"inLanguage\":\"pt-PT\",\"@id\":\"https:\\\/\\\/jornaldasoficinas.com\\\/pt\\\/#\\\/schema\\\/logo\\\/image\\\/\",\"url\":\"https:\\\/\\\/jornaldasoficinas.com\\\/pt\\\/wp-content\\\/uploads\\\/logoJO-SEO.png\",\"contentUrl\":\"https:\\\/\\\/jornaldasoficinas.com\\\/pt\\\/wp-content\\\/uploads\\\/logoJO-SEO.png\",\"width\":285,\"height\":450,\"caption\":\"Jornal das Oficinas\"},\"image\":{\"@id\":\"https:\\\/\\\/jornaldasoficinas.com\\\/pt\\\/#\\\/schema\\\/logo\\\/image\\\/\"},\"sameAs\":[\"https:\\\/\\\/www.facebook.com\\\/jornaloficinas\",\"https:\\\/\\\/x.com\\\/jornaloficinas\",\"https:\\\/\\\/www.instagram.com\\\/jornal_oficinas\\\/\",\"https:\\\/\\\/www.linkedin.com\\\/company\\\/jornal-das-oficinas\\\/\",\"https:\\\/\\\/www.youtube.com\\\/channel\\\/UCbQZBqtcvV-oSQrr7RzINGg\"]},{\"@type\":\"Person\",\"@id\":\"https:\\\/\\\/jornaldasoficinas.com\\\/pt\\\/#\\\/schema\\\/person\\\/a38eef5de2c41d9e7c9ac10141afddf3\",\"name\":\"Reda\u00e7\u00e3o JO\",\"image\":{\"@type\":\"ImageObject\",\"inLanguage\":\"pt-PT\",\"@id\":\"https:\\\/\\\/secure.gravatar.com\\\/avatar\\\/71f2fa71737ad68a84fea94bc708ddac8ea5b0c4788dc2ad202f3ccb2887742f?s=96&d=wp_user_avatar&r=g\",\"url\":\"https:\\\/\\\/secure.gravatar.com\\\/avatar\\\/71f2fa71737ad68a84fea94bc708ddac8ea5b0c4788dc2ad202f3ccb2887742f?s=96&d=wp_user_avatar&r=g\",\"contentUrl\":\"https:\\\/\\\/secure.gravatar.com\\\/avatar\\\/71f2fa71737ad68a84fea94bc708ddac8ea5b0c4788dc2ad202f3ccb2887742f?s=96&d=wp_user_avatar&r=g\",\"caption\":\"Reda\u00e7\u00e3o JO\"},\"url\":\"https:\\\/\\\/jornaldasoficinas.com\\\/pt\\\/author\\\/joredacao\\\/\"}]}<\/script>\n<!-- \/ Yoast SEO plugin. -->","yoast_head_json":{"title":"Repsol avan\u00e7a com constru\u00e7\u00e3o de f\u00e1brica biocombust\u00edveis - Jornal das Oficinas","robots":{"index":"index","follow":"follow","max-snippet":"max-snippet:-1","max-image-preview":"max-image-preview:large","max-video-preview":"max-video-preview:-1"},"canonical":"https:\/\/jornaldasoficinas.com\/pt\/repsol-avanca-com-construcao-de-fabrica-biocombustiveis\/","og_locale":"pt_PT","og_type":"article","og_title":"Repsol avan\u00e7a com constru\u00e7\u00e3o de f\u00e1brica biocombust\u00edveis - Jornal das Oficinas","og_description":"Antonio Brufau, Presidente da Repsol, visitou...","og_url":"https:\/\/jornaldasoficinas.com\/pt\/repsol-avanca-com-construcao-de-fabrica-biocombustiveis\/","og_site_name":"Jornal das Oficinas","article_publisher":"https:\/\/www.facebook.com\/jornaloficinas","article_published_time":"2022-03-12T10:00:19+00:00","og_image":[{"width":1024,"height":581,"url":"https:\/\/jornaldasoficinas.com\/pt\/wp-content\/uploads\/2022\/03\/Repsol-avanca-com-construcao-de-fabrica-biocombustiveis.jpg","type":"image\/jpeg"}],"author":"Reda\u00e7\u00e3o JO","twitter_card":"summary_large_image","twitter_creator":"@jornaloficinas","twitter_site":"@jornaloficinas","twitter_misc":{"Escrito por":"Reda\u00e7\u00e3o JO","Tempo estimado de leitura":"4 minutos"},"schema":{"@context":"https:\/\/schema.org","@graph":[{"@type":"Article","@id":"https:\/\/jornaldasoficinas.com\/pt\/repsol-avanca-com-construcao-de-fabrica-biocombustiveis\/#article","isPartOf":{"@id":"https:\/\/jornaldasoficinas.com\/pt\/repsol-avanca-com-construcao-de-fabrica-biocombustiveis\/"},"author":{"name":"Reda\u00e7\u00e3o JO","@id":"https:\/\/jornaldasoficinas.com\/pt\/#\/schema\/person\/a38eef5de2c41d9e7c9ac10141afddf3"},"headline":"Repsol avan\u00e7a com constru\u00e7\u00e3o de f\u00e1brica biocombust\u00edveis","datePublished":"2022-03-12T10:00:19+00:00","mainEntityOfPage":{"@id":"https:\/\/jornaldasoficinas.com\/pt\/repsol-avanca-com-construcao-de-fabrica-biocombustiveis\/"},"wordCount":901,"publisher":{"@id":"https:\/\/jornaldasoficinas.com\/pt\/#organization"},"image":{"@id":"https:\/\/jornaldasoficinas.com\/pt\/repsol-avanca-com-construcao-de-fabrica-biocombustiveis\/#primaryimage"},"thumbnailUrl":"https:\/\/jornaldasoficinas.com\/pt\/wp-content\/uploads\/2022\/03\/Repsol-avanca-com-construcao-de-fabrica-biocombustiveis.jpg","keywords":["Repsol"],"articleSection":["Mercado"],"inLanguage":"pt-PT"},{"@type":"WebPage","@id":"https:\/\/jornaldasoficinas.com\/pt\/repsol-avanca-com-construcao-de-fabrica-biocombustiveis\/","url":"https:\/\/jornaldasoficinas.com\/pt\/repsol-avanca-com-construcao-de-fabrica-biocombustiveis\/","name":"Repsol avan\u00e7a com constru\u00e7\u00e3o de f\u00e1brica biocombust\u00edveis - Jornal das Oficinas","isPartOf":{"@id":"https:\/\/jornaldasoficinas.com\/pt\/#website"},"primaryImageOfPage":{"@id":"https:\/\/jornaldasoficinas.com\/pt\/repsol-avanca-com-construcao-de-fabrica-biocombustiveis\/#primaryimage"},"image":{"@id":"https:\/\/jornaldasoficinas.com\/pt\/repsol-avanca-com-construcao-de-fabrica-biocombustiveis\/#primaryimage"},"thumbnailUrl":"https:\/\/jornaldasoficinas.com\/pt\/wp-content\/uploads\/2022\/03\/Repsol-avanca-com-construcao-de-fabrica-biocombustiveis.jpg","datePublished":"2022-03-12T10:00:19+00:00","breadcrumb":{"@id":"https:\/\/jornaldasoficinas.com\/pt\/repsol-avanca-com-construcao-de-fabrica-biocombustiveis\/#breadcrumb"},"inLanguage":"pt-PT","potentialAction":[{"@type":"ReadAction","target":["https:\/\/jornaldasoficinas.com\/pt\/repsol-avanca-com-construcao-de-fabrica-biocombustiveis\/"]}]},{"@type":"ImageObject","inLanguage":"pt-PT","@id":"https:\/\/jornaldasoficinas.com\/pt\/repsol-avanca-com-construcao-de-fabrica-biocombustiveis\/#primaryimage","url":"https:\/\/jornaldasoficinas.com\/pt\/wp-content\/uploads\/2022\/03\/Repsol-avanca-com-construcao-de-fabrica-biocombustiveis.jpg","contentUrl":"https:\/\/jornaldasoficinas.com\/pt\/wp-content\/uploads\/2022\/03\/Repsol-avanca-com-construcao-de-fabrica-biocombustiveis.jpg","width":1024,"height":581,"caption":"03 - Repsol avanca com construcao de fabrica biocombustiveis"},{"@type":"BreadcrumbList","@id":"https:\/\/jornaldasoficinas.com\/pt\/repsol-avanca-com-construcao-de-fabrica-biocombustiveis\/#breadcrumb","itemListElement":[{"@type":"ListItem","position":1,"name":"In\u00edcio","item":"https:\/\/jornaldasoficinas.com\/pt\/"},{"@type":"ListItem","position":2,"name":"Repsol avan\u00e7a com constru\u00e7\u00e3o de f\u00e1brica biocombust\u00edveis"}]},{"@type":"WebSite","@id":"https:\/\/jornaldasoficinas.com\/pt\/#website","url":"https:\/\/jornaldasoficinas.com\/pt\/","name":"Jornal das Oficinas","description":"Jornal independente do Aftermarket Autom\u00f3vel em Portugal","publisher":{"@id":"https:\/\/jornaldasoficinas.com\/pt\/#organization"},"potentialAction":[{"@type":"SearchAction","target":{"@type":"EntryPoint","urlTemplate":"https:\/\/jornaldasoficinas.com\/pt\/?s={search_term_string}"},"query-input":{"@type":"PropertyValueSpecification","valueRequired":true,"valueName":"search_term_string"}}],"inLanguage":"pt-PT"},{"@type":"Organization","@id":"https:\/\/jornaldasoficinas.com\/pt\/#organization","name":"Jornal das Oficinas","url":"https:\/\/jornaldasoficinas.com\/pt\/","logo":{"@type":"ImageObject","inLanguage":"pt-PT","@id":"https:\/\/jornaldasoficinas.com\/pt\/#\/schema\/logo\/image\/","url":"https:\/\/jornaldasoficinas.com\/pt\/wp-content\/uploads\/logoJO-SEO.png","contentUrl":"https:\/\/jornaldasoficinas.com\/pt\/wp-content\/uploads\/logoJO-SEO.png","width":285,"height":450,"caption":"Jornal das Oficinas"},"image":{"@id":"https:\/\/jornaldasoficinas.com\/pt\/#\/schema\/logo\/image\/"},"sameAs":["https:\/\/www.facebook.com\/jornaloficinas","https:\/\/x.com\/jornaloficinas","https:\/\/www.instagram.com\/jornal_oficinas\/","https:\/\/www.linkedin.com\/company\/jornal-das-oficinas\/","https:\/\/www.youtube.com\/channel\/UCbQZBqtcvV-oSQrr7RzINGg"]},{"@type":"Person","@id":"https:\/\/jornaldasoficinas.com\/pt\/#\/schema\/person\/a38eef5de2c41d9e7c9ac10141afddf3","name":"Reda\u00e7\u00e3o JO","image":{"@type":"ImageObject","inLanguage":"pt-PT","@id":"https:\/\/secure.gravatar.com\/avatar\/71f2fa71737ad68a84fea94bc708ddac8ea5b0c4788dc2ad202f3ccb2887742f?s=96&d=wp_user_avatar&r=g","url":"https:\/\/secure.gravatar.com\/avatar\/71f2fa71737ad68a84fea94bc708ddac8ea5b0c4788dc2ad202f3ccb2887742f?s=96&d=wp_user_avatar&r=g","contentUrl":"https:\/\/secure.gravatar.com\/avatar\/71f2fa71737ad68a84fea94bc708ddac8ea5b0c4788dc2ad202f3ccb2887742f?s=96&d=wp_user_avatar&r=g","caption":"Reda\u00e7\u00e3o JO"},"url":"https:\/\/jornaldasoficinas.com\/pt\/author\/joredacao\/"}]}},"_links":{"self":[{"href":"https:\/\/jornaldasoficinas.com\/pt\/wp-json\/wp\/v2\/posts\/27902","targetHints":{"allow":["GET"]}}],"collection":[{"href":"https:\/\/jornaldasoficinas.com\/pt\/wp-json\/wp\/v2\/posts"}],"about":[{"href":"https:\/\/jornaldasoficinas.com\/pt\/wp-json\/wp\/v2\/types\/post"}],"author":[{"embeddable":true,"href":"https:\/\/jornaldasoficinas.com\/pt\/wp-json\/wp\/v2\/users\/15"}],"replies":[{"embeddable":true,"href":"https:\/\/jornaldasoficinas.com\/pt\/wp-json\/wp\/v2\/comments?post=27902"}],"version-history":[{"count":0,"href":"https:\/\/jornaldasoficinas.com\/pt\/wp-json\/wp\/v2\/posts\/27902\/revisions"}],"wp:featuredmedia":[{"embeddable":true,"href":"https:\/\/jornaldasoficinas.com\/pt\/wp-json\/wp\/v2\/media\/27882"}],"wp:attachment":[{"href":"https:\/\/jornaldasoficinas.com\/pt\/wp-json\/wp\/v2\/media?parent=27902"}],"wp:term":[{"taxonomy":"category","embeddable":true,"href":"https:\/\/jornaldasoficinas.com\/pt\/wp-json\/wp\/v2\/categories?post=27902"},{"taxonomy":"post_tag","embeddable":true,"href":"https:\/\/jornaldasoficinas.com\/pt\/wp-json\/wp\/v2\/tags?post=27902"}],"curies":[{"name":"wp","href":"https:\/\/api.w.org\/{rel}","templated":true}]}}