{"id":27926,"date":"2022-03-13T19:00:05","date_gmt":"2022-03-13T19:00:05","guid":{"rendered":"https:\/\/jornaldasoficinas.com\/pt\/?p=27926"},"modified":"2022-03-14T14:47:10","modified_gmt":"2022-03-14T14:47:10","slug":"somos-um-parceiro-de-valor-para-as-oficinas-helder-vasconcelos-zukipecas","status":"publish","type":"post","link":"https:\/\/jornaldasoficinas.com\/pt\/somos-um-parceiro-de-valor-para-as-oficinas-helder-vasconcelos-zukipecas\/","title":{"rendered":"&#8220;Somos um parceiro de valor para  as oficinas&#8221;, H\u00e9lder Vasconcelos, Zukipe\u00e7as"},"content":{"rendered":"<p><img loading=\"lazy\" decoding=\"async\" class=\"alignnone size-full wp-image-27923\" src=\"https:\/\/jornaldasoficinas.com\/pt\/wp-content\/uploads\/2022\/03\/zukipecas.jpeg\" alt=\"03 - zukipecas\" width=\"1024\" height=\"581\" srcset=\"https:\/\/jornaldasoficinas.com\/pt\/wp-content\/uploads\/2022\/03\/zukipecas.jpeg 1024w, https:\/\/jornaldasoficinas.com\/pt\/wp-content\/uploads\/2022\/03\/zukipecas-300x170.jpeg 300w, https:\/\/jornaldasoficinas.com\/pt\/wp-content\/uploads\/2022\/03\/zukipecas-150x85.jpeg 150w, https:\/\/jornaldasoficinas.com\/pt\/wp-content\/uploads\/2022\/03\/zukipecas-768x436.jpeg 768w\" sizes=\"auto, (max-width: 1024px) 100vw, 1024px\" \/><\/p>\n<p><strong>A <a href=\"https:\/\/www.zukipecas.pt\/pt\/\" target=\"_blank\" rel=\"noopener\">Zukipe\u00e7as<\/a> foi criada em per\u00edodo de pandemia em 2020 totalmente contra a mar\u00e9\u2026 Com capitais pr\u00f3prios, H\u00e9lder Vasconcelos, fundador da empresa, definiu o foco do neg\u00f3cio num nicho de mercado que at\u00e9 ent\u00e3o n\u00e3o tinha suporte em Portugal: a comercializa\u00e7\u00e3o de pe\u00e7as de repara\u00e7\u00e3o originais Suzuki e Santana, em especial para os modelos 4&#215;4<\/strong><\/p>\n<p>Todo o know how da empresa assenta nos modelos Samurai, Jimny, Vitara e GrandVitara. Igualmente, mas com menos express\u00e3o, os modelos LJ10, LJ20, LJ50 e LJ80 e o novo Jimny, dos quais existem muitos poucos exemplares em Portugal. O com\u00e9rcio de pe\u00e7as para outros modelos Suzuki tamb\u00e9m faz parte do core da empresa, embora represente uma percentagem menor, mas em crescimento. \u201cVendemos sempre pe\u00e7as novas essencialmente para oficinas que nos procuram tamb\u00e9m pelo nosso conhecimento t\u00e9cnico na gest\u00e3o\/manuten\u00e7\u00e3o dos 4&#215;4 da Suzuki. O<em> know how<\/em> da equipa j\u00e1 soma 20 anos de conhecimento destes modelos e \u00e9 com prazer que fornecemos a solu\u00e7\u00e3o ideal para a repara\u00e7\u00e3o destes ve\u00edculos. Como mais valia do nosso servi\u00e7o, vamos diretos \u00e0 quest\u00e3o face aos sintomas de uma avaria e com isso conseguimos fazer o profissional poupar tempo na gest\u00e3o do trabalho e fornecer as pe\u00e7as adequadas. Somos claramente um parceiro de valor. Fazemos o envio do material em 24\/48h com entregas em todo o pa\u00eds\u201d, refere H\u00e9lder Vasconcelos.<\/p>\n<p>\u201cQueremos estar cada vez mais perto do condutor Suzuki e claro, das oficinas. N\u00e3o temos pretens\u00e3o de ser um concession\u00e1rio. Somos bons no universo 4&#215;4 Suzuki e \u00e9 isso que queremos continuar a ser. A Suzuki nasceu no Jap\u00e3o dentro do conceito dos Kei Cars que se limitavam ao essencial minimalista, e trazemos isso junto nos ideais de crescimento da Zukipe\u00e7as para um crescimento certo e comport\u00e1vel para a estrutura que temos\u201d, acrescenta.<\/p>\n<p>A presen\u00e7a da Zukipe\u00e7as no mercado estrangeiro tamb\u00e9m j\u00e1 est\u00e1 em pleno andamento. Este ano ser\u00e1 lan\u00e7ada uma vers\u00e3o do website dedicada ao mercado mundial e j\u00e1 tem clientes no Canad\u00e1, Gr\u00e9cia, It\u00e1lia, Fran\u00e7a, Brasil, Rep\u00fablica Checa, sendo Espanha, pela proximidade geogr\u00e1fica, um mercado com muita aprecia\u00e7\u00e3o na sua gama de artigos.<\/p>\n<p>Para ler todo o artigo clique <a href=\"https:\/\/www.yumpu.com\/pt\/document\/read\/66443795\/jornal-das-oficinas-195\/46\" target=\"_blank\" rel=\"noopener\">aqui<\/a>.<\/p>\n","protected":false},"excerpt":{"rendered":"<p>A Zukipe\u00e7as foi criada em per\u00edodo&#8230;<\/p>\n","protected":false},"author":15,"featured_media":27923,"comment_status":"closed","ping_status":"closed","sticky":false,"template":"","format":"standard","meta":{"footnotes":""},"categories":[29],"tags":[2742],"class_list":["post-27926","post","type-post","status-publish","format-standard","has-post-thumbnail","hentry","category-empresas","tag-zukipecas"],"yoast_head":"<!-- This site is optimized with the Yoast SEO plugin v27.4 - https:\/\/yoast.com\/product\/yoast-seo-wordpress\/ -->\n<title>&quot;Somos um parceiro de valor para as oficinas&quot;, H\u00e9lder Vasconcelos, Zukipe\u00e7as - Jornal das Oficinas<\/title>\n<meta name=\"robots\" content=\"index, follow, max-snippet:-1, max-image-preview:large, max-video-preview:-1\" \/>\n<link rel=\"canonical\" href=\"https:\/\/jornaldasoficinas.com\/pt\/somos-um-parceiro-de-valor-para-as-oficinas-helder-vasconcelos-zukipecas\/\" \/>\n<meta property=\"og:locale\" content=\"pt_PT\" \/>\n<meta property=\"og:type\" content=\"article\" \/>\n<meta property=\"og:title\" content=\"&quot;Somos um parceiro de valor para as oficinas&quot;, H\u00e9lder Vasconcelos, Zukipe\u00e7as - Jornal das Oficinas\" \/>\n<meta property=\"og:description\" content=\"A Zukipe\u00e7as foi criada em per\u00edodo...\" \/>\n<meta property=\"og:url\" content=\"https:\/\/jornaldasoficinas.com\/pt\/somos-um-parceiro-de-valor-para-as-oficinas-helder-vasconcelos-zukipecas\/\" \/>\n<meta property=\"og:site_name\" content=\"Jornal das Oficinas\" \/>\n<meta property=\"article:publisher\" content=\"https:\/\/www.facebook.com\/jornaloficinas\" \/>\n<meta property=\"article:published_time\" content=\"2022-03-13T19:00:05+00:00\" \/>\n<meta property=\"article:modified_time\" content=\"2022-03-14T14:47:10+00:00\" \/>\n<meta property=\"og:image\" content=\"https:\/\/jornaldasoficinas.com\/pt\/wp-content\/uploads\/2022\/03\/zukipecas.jpeg\" \/>\n\t<meta property=\"og:image:width\" content=\"1024\" \/>\n\t<meta property=\"og:image:height\" content=\"581\" \/>\n\t<meta property=\"og:image:type\" content=\"image\/jpeg\" \/>\n<meta name=\"author\" content=\"Reda\u00e7\u00e3o JO\" \/>\n<meta name=\"twitter:card\" content=\"summary_large_image\" \/>\n<meta name=\"twitter:creator\" content=\"@jornaloficinas\" \/>\n<meta name=\"twitter:site\" content=\"@jornaloficinas\" \/>\n<meta name=\"twitter:label1\" content=\"Escrito por\" \/>\n\t<meta name=\"twitter:data1\" content=\"Reda\u00e7\u00e3o JO\" \/>\n\t<meta name=\"twitter:label2\" content=\"Tempo estimado de leitura\" \/>\n\t<meta name=\"twitter:data2\" content=\"2 minutos\" \/>\n<script type=\"application\/ld+json\" class=\"yoast-schema-graph\">{\"@context\":\"https:\\\/\\\/schema.org\",\"@graph\":[{\"@type\":\"Article\",\"@id\":\"https:\\\/\\\/jornaldasoficinas.com\\\/pt\\\/somos-um-parceiro-de-valor-para-as-oficinas-helder-vasconcelos-zukipecas\\\/#article\",\"isPartOf\":{\"@id\":\"https:\\\/\\\/jornaldasoficinas.com\\\/pt\\\/somos-um-parceiro-de-valor-para-as-oficinas-helder-vasconcelos-zukipecas\\\/\"},\"author\":{\"name\":\"Reda\u00e7\u00e3o JO\",\"@id\":\"https:\\\/\\\/jornaldasoficinas.com\\\/pt\\\/#\\\/schema\\\/person\\\/a38eef5de2c41d9e7c9ac10141afddf3\"},\"headline\":\"&#8220;Somos um parceiro de valor para as oficinas&#8221;, H\u00e9lder Vasconcelos, Zukipe\u00e7as\",\"datePublished\":\"2022-03-13T19:00:05+00:00\",\"dateModified\":\"2022-03-14T14:47:10+00:00\",\"mainEntityOfPage\":{\"@id\":\"https:\\\/\\\/jornaldasoficinas.com\\\/pt\\\/somos-um-parceiro-de-valor-para-as-oficinas-helder-vasconcelos-zukipecas\\\/\"},\"wordCount\":406,\"publisher\":{\"@id\":\"https:\\\/\\\/jornaldasoficinas.com\\\/pt\\\/#organization\"},\"image\":{\"@id\":\"https:\\\/\\\/jornaldasoficinas.com\\\/pt\\\/somos-um-parceiro-de-valor-para-as-oficinas-helder-vasconcelos-zukipecas\\\/#primaryimage\"},\"thumbnailUrl\":\"https:\\\/\\\/jornaldasoficinas.com\\\/pt\\\/wp-content\\\/uploads\\\/2022\\\/03\\\/zukipecas.jpeg\",\"keywords\":[\"Zukipe\u00e7as\"],\"articleSection\":[\"Empresas\"],\"inLanguage\":\"pt-PT\"},{\"@type\":\"WebPage\",\"@id\":\"https:\\\/\\\/jornaldasoficinas.com\\\/pt\\\/somos-um-parceiro-de-valor-para-as-oficinas-helder-vasconcelos-zukipecas\\\/\",\"url\":\"https:\\\/\\\/jornaldasoficinas.com\\\/pt\\\/somos-um-parceiro-de-valor-para-as-oficinas-helder-vasconcelos-zukipecas\\\/\",\"name\":\"\\\"Somos um parceiro de valor para as oficinas\\\", H\u00e9lder Vasconcelos, Zukipe\u00e7as - Jornal das Oficinas\",\"isPartOf\":{\"@id\":\"https:\\\/\\\/jornaldasoficinas.com\\\/pt\\\/#website\"},\"primaryImageOfPage\":{\"@id\":\"https:\\\/\\\/jornaldasoficinas.com\\\/pt\\\/somos-um-parceiro-de-valor-para-as-oficinas-helder-vasconcelos-zukipecas\\\/#primaryimage\"},\"image\":{\"@id\":\"https:\\\/\\\/jornaldasoficinas.com\\\/pt\\\/somos-um-parceiro-de-valor-para-as-oficinas-helder-vasconcelos-zukipecas\\\/#primaryimage\"},\"thumbnailUrl\":\"https:\\\/\\\/jornaldasoficinas.com\\\/pt\\\/wp-content\\\/uploads\\\/2022\\\/03\\\/zukipecas.jpeg\",\"datePublished\":\"2022-03-13T19:00:05+00:00\",\"dateModified\":\"2022-03-14T14:47:10+00:00\",\"breadcrumb\":{\"@id\":\"https:\\\/\\\/jornaldasoficinas.com\\\/pt\\\/somos-um-parceiro-de-valor-para-as-oficinas-helder-vasconcelos-zukipecas\\\/#breadcrumb\"},\"inLanguage\":\"pt-PT\",\"potentialAction\":[{\"@type\":\"ReadAction\",\"target\":[\"https:\\\/\\\/jornaldasoficinas.com\\\/pt\\\/somos-um-parceiro-de-valor-para-as-oficinas-helder-vasconcelos-zukipecas\\\/\"]}]},{\"@type\":\"ImageObject\",\"inLanguage\":\"pt-PT\",\"@id\":\"https:\\\/\\\/jornaldasoficinas.com\\\/pt\\\/somos-um-parceiro-de-valor-para-as-oficinas-helder-vasconcelos-zukipecas\\\/#primaryimage\",\"url\":\"https:\\\/\\\/jornaldasoficinas.com\\\/pt\\\/wp-content\\\/uploads\\\/2022\\\/03\\\/zukipecas.jpeg\",\"contentUrl\":\"https:\\\/\\\/jornaldasoficinas.com\\\/pt\\\/wp-content\\\/uploads\\\/2022\\\/03\\\/zukipecas.jpeg\",\"width\":1024,\"height\":581,\"caption\":\"03 - zukipecas\"},{\"@type\":\"BreadcrumbList\",\"@id\":\"https:\\\/\\\/jornaldasoficinas.com\\\/pt\\\/somos-um-parceiro-de-valor-para-as-oficinas-helder-vasconcelos-zukipecas\\\/#breadcrumb\",\"itemListElement\":[{\"@type\":\"ListItem\",\"position\":1,\"name\":\"In\u00edcio\",\"item\":\"https:\\\/\\\/jornaldasoficinas.com\\\/pt\\\/\"},{\"@type\":\"ListItem\",\"position\":2,\"name\":\"&#8220;Somos um parceiro de valor para as oficinas&#8221;, H\u00e9lder Vasconcelos, Zukipe\u00e7as\"}]},{\"@type\":\"WebSite\",\"@id\":\"https:\\\/\\\/jornaldasoficinas.com\\\/pt\\\/#website\",\"url\":\"https:\\\/\\\/jornaldasoficinas.com\\\/pt\\\/\",\"name\":\"Jornal das Oficinas\",\"description\":\"Jornal independente do Aftermarket Autom\u00f3vel em Portugal\",\"publisher\":{\"@id\":\"https:\\\/\\\/jornaldasoficinas.com\\\/pt\\\/#organization\"},\"potentialAction\":[{\"@type\":\"SearchAction\",\"target\":{\"@type\":\"EntryPoint\",\"urlTemplate\":\"https:\\\/\\\/jornaldasoficinas.com\\\/pt\\\/?s={search_term_string}\"},\"query-input\":{\"@type\":\"PropertyValueSpecification\",\"valueRequired\":true,\"valueName\":\"search_term_string\"}}],\"inLanguage\":\"pt-PT\"},{\"@type\":\"Organization\",\"@id\":\"https:\\\/\\\/jornaldasoficinas.com\\\/pt\\\/#organization\",\"name\":\"Jornal das Oficinas\",\"url\":\"https:\\\/\\\/jornaldasoficinas.com\\\/pt\\\/\",\"logo\":{\"@type\":\"ImageObject\",\"inLanguage\":\"pt-PT\",\"@id\":\"https:\\\/\\\/jornaldasoficinas.com\\\/pt\\\/#\\\/schema\\\/logo\\\/image\\\/\",\"url\":\"https:\\\/\\\/jornaldasoficinas.com\\\/pt\\\/wp-content\\\/uploads\\\/logoJO-SEO.png\",\"contentUrl\":\"https:\\\/\\\/jornaldasoficinas.com\\\/pt\\\/wp-content\\\/uploads\\\/logoJO-SEO.png\",\"width\":285,\"height\":450,\"caption\":\"Jornal das Oficinas\"},\"image\":{\"@id\":\"https:\\\/\\\/jornaldasoficinas.com\\\/pt\\\/#\\\/schema\\\/logo\\\/image\\\/\"},\"sameAs\":[\"https:\\\/\\\/www.facebook.com\\\/jornaloficinas\",\"https:\\\/\\\/x.com\\\/jornaloficinas\",\"https:\\\/\\\/www.instagram.com\\\/jornal_oficinas\\\/\",\"https:\\\/\\\/www.linkedin.com\\\/company\\\/jornal-das-oficinas\\\/\",\"https:\\\/\\\/www.youtube.com\\\/channel\\\/UCbQZBqtcvV-oSQrr7RzINGg\"]},{\"@type\":\"Person\",\"@id\":\"https:\\\/\\\/jornaldasoficinas.com\\\/pt\\\/#\\\/schema\\\/person\\\/a38eef5de2c41d9e7c9ac10141afddf3\",\"name\":\"Reda\u00e7\u00e3o JO\",\"image\":{\"@type\":\"ImageObject\",\"inLanguage\":\"pt-PT\",\"@id\":\"https:\\\/\\\/secure.gravatar.com\\\/avatar\\\/71f2fa71737ad68a84fea94bc708ddac8ea5b0c4788dc2ad202f3ccb2887742f?s=96&d=wp_user_avatar&r=g\",\"url\":\"https:\\\/\\\/secure.gravatar.com\\\/avatar\\\/71f2fa71737ad68a84fea94bc708ddac8ea5b0c4788dc2ad202f3ccb2887742f?s=96&d=wp_user_avatar&r=g\",\"contentUrl\":\"https:\\\/\\\/secure.gravatar.com\\\/avatar\\\/71f2fa71737ad68a84fea94bc708ddac8ea5b0c4788dc2ad202f3ccb2887742f?s=96&d=wp_user_avatar&r=g\",\"caption\":\"Reda\u00e7\u00e3o JO\"},\"url\":\"https:\\\/\\\/jornaldasoficinas.com\\\/pt\\\/author\\\/joredacao\\\/\"}]}<\/script>\n<!-- \/ Yoast SEO plugin. -->","yoast_head_json":{"title":"\"Somos um parceiro de valor para as oficinas\", H\u00e9lder Vasconcelos, Zukipe\u00e7as - Jornal das Oficinas","robots":{"index":"index","follow":"follow","max-snippet":"max-snippet:-1","max-image-preview":"max-image-preview:large","max-video-preview":"max-video-preview:-1"},"canonical":"https:\/\/jornaldasoficinas.com\/pt\/somos-um-parceiro-de-valor-para-as-oficinas-helder-vasconcelos-zukipecas\/","og_locale":"pt_PT","og_type":"article","og_title":"\"Somos um parceiro de valor para as oficinas\", H\u00e9lder Vasconcelos, Zukipe\u00e7as - Jornal das Oficinas","og_description":"A Zukipe\u00e7as foi criada em per\u00edodo...","og_url":"https:\/\/jornaldasoficinas.com\/pt\/somos-um-parceiro-de-valor-para-as-oficinas-helder-vasconcelos-zukipecas\/","og_site_name":"Jornal das Oficinas","article_publisher":"https:\/\/www.facebook.com\/jornaloficinas","article_published_time":"2022-03-13T19:00:05+00:00","article_modified_time":"2022-03-14T14:47:10+00:00","og_image":[{"width":1024,"height":581,"url":"https:\/\/jornaldasoficinas.com\/pt\/wp-content\/uploads\/2022\/03\/zukipecas.jpeg","type":"image\/jpeg"}],"author":"Reda\u00e7\u00e3o JO","twitter_card":"summary_large_image","twitter_creator":"@jornaloficinas","twitter_site":"@jornaloficinas","twitter_misc":{"Escrito por":"Reda\u00e7\u00e3o JO","Tempo estimado de leitura":"2 minutos"},"schema":{"@context":"https:\/\/schema.org","@graph":[{"@type":"Article","@id":"https:\/\/jornaldasoficinas.com\/pt\/somos-um-parceiro-de-valor-para-as-oficinas-helder-vasconcelos-zukipecas\/#article","isPartOf":{"@id":"https:\/\/jornaldasoficinas.com\/pt\/somos-um-parceiro-de-valor-para-as-oficinas-helder-vasconcelos-zukipecas\/"},"author":{"name":"Reda\u00e7\u00e3o JO","@id":"https:\/\/jornaldasoficinas.com\/pt\/#\/schema\/person\/a38eef5de2c41d9e7c9ac10141afddf3"},"headline":"&#8220;Somos um parceiro de valor para as oficinas&#8221;, H\u00e9lder Vasconcelos, Zukipe\u00e7as","datePublished":"2022-03-13T19:00:05+00:00","dateModified":"2022-03-14T14:47:10+00:00","mainEntityOfPage":{"@id":"https:\/\/jornaldasoficinas.com\/pt\/somos-um-parceiro-de-valor-para-as-oficinas-helder-vasconcelos-zukipecas\/"},"wordCount":406,"publisher":{"@id":"https:\/\/jornaldasoficinas.com\/pt\/#organization"},"image":{"@id":"https:\/\/jornaldasoficinas.com\/pt\/somos-um-parceiro-de-valor-para-as-oficinas-helder-vasconcelos-zukipecas\/#primaryimage"},"thumbnailUrl":"https:\/\/jornaldasoficinas.com\/pt\/wp-content\/uploads\/2022\/03\/zukipecas.jpeg","keywords":["Zukipe\u00e7as"],"articleSection":["Empresas"],"inLanguage":"pt-PT"},{"@type":"WebPage","@id":"https:\/\/jornaldasoficinas.com\/pt\/somos-um-parceiro-de-valor-para-as-oficinas-helder-vasconcelos-zukipecas\/","url":"https:\/\/jornaldasoficinas.com\/pt\/somos-um-parceiro-de-valor-para-as-oficinas-helder-vasconcelos-zukipecas\/","name":"\"Somos um parceiro de valor para as oficinas\", H\u00e9lder Vasconcelos, Zukipe\u00e7as - Jornal das Oficinas","isPartOf":{"@id":"https:\/\/jornaldasoficinas.com\/pt\/#website"},"primaryImageOfPage":{"@id":"https:\/\/jornaldasoficinas.com\/pt\/somos-um-parceiro-de-valor-para-as-oficinas-helder-vasconcelos-zukipecas\/#primaryimage"},"image":{"@id":"https:\/\/jornaldasoficinas.com\/pt\/somos-um-parceiro-de-valor-para-as-oficinas-helder-vasconcelos-zukipecas\/#primaryimage"},"thumbnailUrl":"https:\/\/jornaldasoficinas.com\/pt\/wp-content\/uploads\/2022\/03\/zukipecas.jpeg","datePublished":"2022-03-13T19:00:05+00:00","dateModified":"2022-03-14T14:47:10+00:00","breadcrumb":{"@id":"https:\/\/jornaldasoficinas.com\/pt\/somos-um-parceiro-de-valor-para-as-oficinas-helder-vasconcelos-zukipecas\/#breadcrumb"},"inLanguage":"pt-PT","potentialAction":[{"@type":"ReadAction","target":["https:\/\/jornaldasoficinas.com\/pt\/somos-um-parceiro-de-valor-para-as-oficinas-helder-vasconcelos-zukipecas\/"]}]},{"@type":"ImageObject","inLanguage":"pt-PT","@id":"https:\/\/jornaldasoficinas.com\/pt\/somos-um-parceiro-de-valor-para-as-oficinas-helder-vasconcelos-zukipecas\/#primaryimage","url":"https:\/\/jornaldasoficinas.com\/pt\/wp-content\/uploads\/2022\/03\/zukipecas.jpeg","contentUrl":"https:\/\/jornaldasoficinas.com\/pt\/wp-content\/uploads\/2022\/03\/zukipecas.jpeg","width":1024,"height":581,"caption":"03 - zukipecas"},{"@type":"BreadcrumbList","@id":"https:\/\/jornaldasoficinas.com\/pt\/somos-um-parceiro-de-valor-para-as-oficinas-helder-vasconcelos-zukipecas\/#breadcrumb","itemListElement":[{"@type":"ListItem","position":1,"name":"In\u00edcio","item":"https:\/\/jornaldasoficinas.com\/pt\/"},{"@type":"ListItem","position":2,"name":"&#8220;Somos um parceiro de valor para as oficinas&#8221;, H\u00e9lder Vasconcelos, Zukipe\u00e7as"}]},{"@type":"WebSite","@id":"https:\/\/jornaldasoficinas.com\/pt\/#website","url":"https:\/\/jornaldasoficinas.com\/pt\/","name":"Jornal das Oficinas","description":"Jornal independente do Aftermarket Autom\u00f3vel em Portugal","publisher":{"@id":"https:\/\/jornaldasoficinas.com\/pt\/#organization"},"potentialAction":[{"@type":"SearchAction","target":{"@type":"EntryPoint","urlTemplate":"https:\/\/jornaldasoficinas.com\/pt\/?s={search_term_string}"},"query-input":{"@type":"PropertyValueSpecification","valueRequired":true,"valueName":"search_term_string"}}],"inLanguage":"pt-PT"},{"@type":"Organization","@id":"https:\/\/jornaldasoficinas.com\/pt\/#organization","name":"Jornal das Oficinas","url":"https:\/\/jornaldasoficinas.com\/pt\/","logo":{"@type":"ImageObject","inLanguage":"pt-PT","@id":"https:\/\/jornaldasoficinas.com\/pt\/#\/schema\/logo\/image\/","url":"https:\/\/jornaldasoficinas.com\/pt\/wp-content\/uploads\/logoJO-SEO.png","contentUrl":"https:\/\/jornaldasoficinas.com\/pt\/wp-content\/uploads\/logoJO-SEO.png","width":285,"height":450,"caption":"Jornal das Oficinas"},"image":{"@id":"https:\/\/jornaldasoficinas.com\/pt\/#\/schema\/logo\/image\/"},"sameAs":["https:\/\/www.facebook.com\/jornaloficinas","https:\/\/x.com\/jornaloficinas","https:\/\/www.instagram.com\/jornal_oficinas\/","https:\/\/www.linkedin.com\/company\/jornal-das-oficinas\/","https:\/\/www.youtube.com\/channel\/UCbQZBqtcvV-oSQrr7RzINGg"]},{"@type":"Person","@id":"https:\/\/jornaldasoficinas.com\/pt\/#\/schema\/person\/a38eef5de2c41d9e7c9ac10141afddf3","name":"Reda\u00e7\u00e3o JO","image":{"@type":"ImageObject","inLanguage":"pt-PT","@id":"https:\/\/secure.gravatar.com\/avatar\/71f2fa71737ad68a84fea94bc708ddac8ea5b0c4788dc2ad202f3ccb2887742f?s=96&d=wp_user_avatar&r=g","url":"https:\/\/secure.gravatar.com\/avatar\/71f2fa71737ad68a84fea94bc708ddac8ea5b0c4788dc2ad202f3ccb2887742f?s=96&d=wp_user_avatar&r=g","contentUrl":"https:\/\/secure.gravatar.com\/avatar\/71f2fa71737ad68a84fea94bc708ddac8ea5b0c4788dc2ad202f3ccb2887742f?s=96&d=wp_user_avatar&r=g","caption":"Reda\u00e7\u00e3o JO"},"url":"https:\/\/jornaldasoficinas.com\/pt\/author\/joredacao\/"}]}},"_links":{"self":[{"href":"https:\/\/jornaldasoficinas.com\/pt\/wp-json\/wp\/v2\/posts\/27926","targetHints":{"allow":["GET"]}}],"collection":[{"href":"https:\/\/jornaldasoficinas.com\/pt\/wp-json\/wp\/v2\/posts"}],"about":[{"href":"https:\/\/jornaldasoficinas.com\/pt\/wp-json\/wp\/v2\/types\/post"}],"author":[{"embeddable":true,"href":"https:\/\/jornaldasoficinas.com\/pt\/wp-json\/wp\/v2\/users\/15"}],"replies":[{"embeddable":true,"href":"https:\/\/jornaldasoficinas.com\/pt\/wp-json\/wp\/v2\/comments?post=27926"}],"version-history":[{"count":0,"href":"https:\/\/jornaldasoficinas.com\/pt\/wp-json\/wp\/v2\/posts\/27926\/revisions"}],"wp:featuredmedia":[{"embeddable":true,"href":"https:\/\/jornaldasoficinas.com\/pt\/wp-json\/wp\/v2\/media\/27923"}],"wp:attachment":[{"href":"https:\/\/jornaldasoficinas.com\/pt\/wp-json\/wp\/v2\/media?parent=27926"}],"wp:term":[{"taxonomy":"category","embeddable":true,"href":"https:\/\/jornaldasoficinas.com\/pt\/wp-json\/wp\/v2\/categories?post=27926"},{"taxonomy":"post_tag","embeddable":true,"href":"https:\/\/jornaldasoficinas.com\/pt\/wp-json\/wp\/v2\/tags?post=27926"}],"curies":[{"name":"wp","href":"https:\/\/api.w.org\/{rel}","templated":true}]}}