{"id":28145,"date":"2022-03-18T19:00:44","date_gmt":"2022-03-18T19:00:44","guid":{"rendered":"https:\/\/jornaldasoficinas.com\/pt\/?p=28145"},"modified":"2022-03-18T10:37:50","modified_gmt":"2022-03-18T10:37:50","slug":"jaguar-land-rover-da-segunda-vida-as-baterias-do-i-pace","status":"publish","type":"post","link":"https:\/\/jornaldasoficinas.com\/pt\/jaguar-land-rover-da-segunda-vida-as-baterias-do-i-pace\/","title":{"rendered":"Jaguar Land Rover d\u00e1 segunda vida \u00e0s baterias do I-PACE"},"content":{"rendered":"<p><img loading=\"lazy\" decoding=\"async\" class=\"alignnone size-full wp-image-28123\" src=\"https:\/\/jornaldasoficinas.com\/pt\/wp-content\/uploads\/2022\/03\/Jaguar-Land-Rover-da-segunda.jpg\" alt=\"03 - Jaguar Land Rover da segunda\" width=\"1024\" height=\"581\" srcset=\"https:\/\/jornaldasoficinas.com\/pt\/wp-content\/uploads\/2022\/03\/Jaguar-Land-Rover-da-segunda.jpg 1024w, https:\/\/jornaldasoficinas.com\/pt\/wp-content\/uploads\/2022\/03\/Jaguar-Land-Rover-da-segunda-300x170.jpg 300w, https:\/\/jornaldasoficinas.com\/pt\/wp-content\/uploads\/2022\/03\/Jaguar-Land-Rover-da-segunda-150x85.jpg 150w, https:\/\/jornaldasoficinas.com\/pt\/wp-content\/uploads\/2022\/03\/Jaguar-Land-Rover-da-segunda-768x436.jpg 768w\" sizes=\"auto, (max-width: 1024px) 100vw, 1024px\" \/><\/p>\n<p><strong>A <a href=\"https:\/\/www.jaguarlandrover.com\/\" target=\"_blank\" rel=\"noopener\">Jaguar Land Rover<\/a> estabeleceu uma parceria com a Off Grid Energy para desenvolver uma unidade de armazenamento de energia com zero emiss\u00f5es gra\u00e7as \u00e0 segunda vida das baterias do Jaguar I-PACE<\/strong><\/p>\n<p>O sistema de armazenamento de energia (ESS, pela sua sigla em ingl\u00eas) de bateria m\u00f3vel gridtogo\u2122, que incorpora c\u00e9lulas de i\u00f5es de l\u00edtio das baterias do Jaguar I-PACE obtidas de prot\u00f3tipos e ve\u00edculos de testes e engenharia, fornece energia com zero emiss\u00f5es quando o acesso \u00e0 rede el\u00e9trica \u00e9 limitado ou n\u00e3o est\u00e1 dispon\u00edvel.<\/p>\n<p>Esta parceria \u00e9 o primeiro passo nos planos da Jaguar Land Rover para criar novos modelos empresariais de economia circular para as baterias dos ve\u00edculos. Integrado no seu compromisso para neutralidade nas emiss\u00f5es de carbono antes de 2039, a empresa ir\u00e1 implementar programas que deem uma segunda vida e novas utiliza\u00e7\u00f5es \u00e0s baterias dos seus ve\u00edculos el\u00e9tricos.<\/p>\n<p>As baterias da Jaguar Land Rover foram concebidas em conformidade com as normas de seguran\u00e7a mais exigentes, pelo que podem ser utilizadas de forma segura posteriormente e em situa\u00e7\u00f5es de energia baixa quando a vida \u00fatil da bateria for inferior aos requisitos exigentes de um ve\u00edculo el\u00e9trico.<\/p>\n<p>O fornecimento das baterias recuperadas para aplica\u00e7\u00f5es fixas, como armazenamento de energia renov\u00e1vel, poder\u00e1 exceder 200 gigavolts\/hora antes de 2030, o que ir\u00e1 gerar um valor global superior a 30.000 milh\u00f5es de d\u00f3lares.<\/p>\n<p>Este sistema topo de gama pode disponibilizar at\u00e9 125 kW, uma pot\u00eancia mais do que suficiente para carregar integralmente o amplamente galardoado SUV de alta performance totalmente el\u00e9trico I-PACE da Jaguar ou para fornecer a energia consumida numa casa m\u00e9dia durante uma semana. Off Grid Energy reutiliza diretamente at\u00e9 85 % das baterias de ve\u00edculos fornecidas pela Jaguar Land Rover em conjunto com a unidade de armazenamento, incluindo m\u00f3dulos e cablagem. Os restantes materiais s\u00e3o reciclados e reenviados \u00e0 cadeia fornecimento.<\/p>\n<p>A unidade, que pode ser carregada com os pain\u00e9is solares da Off Grid Energy, \u00e9 uma solu\u00e7\u00e3o independente composta por um sistema de baterias conectado a um conversor bidirecional e aos sistemas de gest\u00e3o de controlo derivados. Dispon\u00edveis para aluguer comercial, as unidades integram liga\u00e7\u00f5es de carregamento para ve\u00edculo el\u00e9trico Type 2 com controlo din\u00e2mico e uma pot\u00eancia de at\u00e9 22 kW CA para carregar ve\u00edculos el\u00e9tricos.<\/p>\n<p>A unidade demonstrou as suas capacidades nos testes realizados pela Jaguar TCS Racing no Reino Unido e Espanha para preparar o campeonato mundial ABB FIA F\u00f3rmula E de 2022, onde foi utilizada para alimentar os inovadores equipamentos de diagn\u00f3stico da equipa que analisam o desempenho em pista dos ve\u00edculos de competi\u00e7\u00e3o e para fornecer energia auxiliar \u00e0s boxes da Jaguar.<\/p>\n<p>Em complemento, o Jaguar Land Rover Experience Centre de Joanesburgo (\u00c1frica do Sul) ir\u00e1 contar com um sistema de armazenamento de energia da Off Grid para auxiliar este centro, o maior do mundo, a gerir a rede el\u00e9trica inconsistente.<\/p>\n<p>Andrew Whitworth, Battery Manager, Circular Economy Team, Jaguar Land Rover, declarou:\u00a0este an\u00fancio \u00e9 um excelente exemplo da nossa forma de colaborar com os l\u00edderes do setor para atingir um futuro sustent\u00e1vel e uma verdadeira economia circular. \u00c9 para n\u00f3s um prazer colaborar com a Off Grid Energy e dar uma segunda vida \u00e0s baterias do Jaguar I-PACE como unidades port\u00e1teis de energia com zero emiss\u00f5es e apoiar a Jaguar TCS Racing nesta temporada, pois representa uma oportunidade excecional de demonstrar as capacidades destas unidades.<\/p>\n<p>Fran\u00e7ois Dossa, Executive Director, Strategy &amp; Sustainability, Jaguar Land Rover, declarou:\u00a0\u201co primeiro modelo completamente el\u00e9trico da Land Rover dever\u00e1 ser lan\u00e7ado em 2024 e a Jaguar dever\u00e1 ser uma marca totalmente el\u00e9trica a partir de 2025. Assim, a transi\u00e7\u00e3o para um futuro el\u00e9trico \u00e9 a chave da nossa estrat\u00e9gia de sustentabilidade atrav\u00e9s do desenvolvimento de um ecossistema de ve\u00edculos el\u00e9tricos integral, das baterias ao carregamento. Isto inclui os nossos esfor\u00e7os para desenvolver inova\u00e7\u00f5es t\u00e9cnicas e empresariais para a reutiliza\u00e7\u00e3o de baterias noutras aplica\u00e7\u00f5es. A nossa parceria com a Off Grid Energy encontra-se em conformidade com a nossa orienta\u00e7\u00e3o e demonstra que \u00e9 poss\u00edvel fornecer energia com zero emiss\u00f5es atrav\u00e9s da combina\u00e7\u00e3o de baterias renov\u00e1veis e recuperadas. Durante os testes em Valencia, a equipa Jaguar TCS Racing demonstrou que podemos servir de inspira\u00e7\u00e3o para todo o setor, continuar a procurar sinergias e confirmar a viabilidade das solu\u00e7\u00f5es de energia limpa.\u201d<\/p>\n<p>Danny Jones, Director, Off Grid Energy, declarou:\u00a0\u201cfoi um privil\u00e9gio trabalhar com a Jaguar Land Rover, um parceiro muito empenhado no nosso objetivo de desenvolver um produto s\u00f3lido e uma op\u00e7\u00e3o comercial vi\u00e1vel dando uma segunda vida aos m\u00f3dulos de ve\u00edculos el\u00e9tricos. \u00a0Escrevemos um novo cap\u00edtulo na hist\u00f3ria da sustentabilidade como fabricante de tecnologias eficientes em termos energ\u00e9ticos e com redu\u00e7\u00e3o de carbono. Esperamos continuar a colaborar com a Jaguar Land Rover e disponibilizar solu\u00e7\u00f5es inovadoras de infraestrutura de carregamento para apoiar a eletrifica\u00e7\u00e3o dos seus ve\u00edculos l\u00edderes no seu segmento.\u201d<\/p>\n<div class=\"wonderplugingallery-container\" id=\"wonderplugingallery-container-83\" style=\"max-width:960px;margin:0 auto;\"><div class=\"wonderplugingallery\" id=\"wonderplugingallery-83\" data-galleryid=\"83\" data-width=\"960\" data-height=\"540\" data-skin=\"gallery\" data-playsinline=\"false\" data-mutevideo=\"false\" data-random=\"false\" data-autoslide=\"false\" data-autoplayvideo=\"false\" data-schemamarkup=\"false\" data-stopallplaying=\"false\" data-reloadonvideoend=\"false\" data-donotuseposter=\"false\" data-enabletabindex=\"false\" data-loadnextonvideoend=\"false\" data-hidetitlewhenvideoisplaying=\"false\" data-disablehovereventontouch=\"false\" data-autoslideandplayafterfirstplayed=\"false\" data-html5player=\"true\" data-responsive=\"true\" data-fullwidth=\"false\" data-showtitle=\"true\" data-showdescription=\"true\" data-showplaybutton=\"true\" data-showfullscreenbutton=\"true\" data-showtimer=\"true\" data-showcarousel=\"true\" data-galleryshadow=\"false\" data-slideshadow=\"true\" data-thumbshowtitle=\"false\" data-thumbshowimage=\"true\" data-thumbshadow=\"true\" data-lightboxshowtitle=\"true\" data-lightboxshowdescription=\"true\" data-specifyid=\"true\" data-donotinit=\"false\" data-addinitscript=\"false\" data-triggerresize=\"false\" data-thumbcolumnsresponsive=\"false\" data-thumbverticalmiddle=\"true\" data-removeinlinecss=\"true\" data-switchonmouseover=\"false\" data-showcategory=\"true\" data-showimgtitle=\"false\" data-titlesmallscreen=\"false\" data-initsocial=\"true\" data-showsocial=\"false\" data-showemail=\"false\" data-showfacebook=\"true\" data-showtwitter=\"true\" data-showpinterest=\"true\" data-socialrotateeffect=\"true\" data-doshortcodeontext=\"false\" data-loop=\"0\" data-duration=\"1500\" data-slideduration=\"1000\" data-slideshowinterval=\"6000\" data-googleanalyticsaccount=\"\" data-resizemode=\"fill\" data-imagetoolboxmode=\"mouseover\" data-effect=\"fade\" data-padding=\"12\" data-bgcolor=\"\" data-bgimage=\"\" data-thumbwidth=\"120\" data-thumbheight=\"60\" data-thumbgap=\"8\" data-thumbrowgap=\"16\" data-lightboxtextheight=\"72\" data-lightboxtitlecss=\"{color:#333333; font:bold 12px Arial,Helvetica,sans-serif; overflow:hidden; white-space:normal; line-height:18px;}\" data-lightboxdescriptioncss=\"{color:#333333; font:normal 12px Arial,Helvetica,sans-serif; overflow:hidden; white-space:normal; line-height:14px;}\" data-titlecss=\"{color:#ffffff; font-size:14px; font-family:Armata, sans-serif, Arial; overflow:hidden; text-align:left; padding:10px 0px 10px 10px; background:rgb(102, 102, 102) transparent; background:rgba(102, 102, 102, 0.6);}\" data-descriptioncss=\"{color:#ffffff; font-size:13px; font-family:Armata, sans-serif, Arial; overflow:hidden; text-align:left; padding:0px 0px 10px 10px; background:rgb(102, 102, 102) transparent; background:rgba(102, 102, 102, 0.6);}\" data-titleheight=\"72\" data-titlesmallscreenwidth=\"640\" data-titleheightsmallscreen=\"148\" data-socialmode=\"mouseover\" data-socialposition=\"position:absolute;top:8px;right:8px;\" data-socialpositionlightbox=\"position:absolute;top:8px;right:8px;\" data-socialdirection=\"horizontal\" data-socialbuttonsize=\"32\" data-socialbuttonfontsize=\"18\" data-defaultvideovolume=\"1\" data-thumbtitleheight=\"24\" data-thumbmediumtitleheight=\"48\" data-thumbsmalltitleheight=\"72\" data-categoryheight=\"48\" data-categorydefault=\"all\" data-triggerresizedelay=\"100\" data-thumbmediumsize=\"800\" data-thumbsmallsize=\"480\" data-thumbmediumwidth=\"64\" data-thumbmediumheight=\"64\" data-thumbsmallwidth=\"48\" data-thumbsmallheight=\"48\" data-imgtitle=\"title\" data-categorystyle=\"dropdown\" data-categorylist=\"[{&quot;slug&quot;:&quot;all&quot;,&quot;caption&quot;:&quot;Show All&quot;}]\" data-jsfolder=\"https:\/\/jornaldasoficinas.com\/pt\/wp-content\/plugins\/wonderplugin-gallery\/engine\/\" style=\"display:none;\" ><a class=\"html5galleryimglink\" href=\"https:\/\/jornaldasoficinas.com\/pt\/wp-content\/uploads\/2022\/03\/Jaguar-Land-Rover-da-segunda\/JLR_Pramac_SecondLifeBattery_I-PACE_I-TYPE5_1503_011.jpg\" data-mediatype=1><img decoding=\"async\" class=\"html5galleryimg html5gallery-tn-image\" src=\"https:\/\/jornaldasoficinas.com\/pt\/wp-content\/uploads\/2022\/03\/Jaguar-Land-Rover-da-segunda\/JLR_Pramac_SecondLifeBattery_I-PACE_I-TYPE5_1503_011.jpg\" alt=\"\"><\/a><div class=\"html5gallery-info\"><\/div><a class=\"html5galleryimglink\" href=\"https:\/\/jornaldasoficinas.com\/pt\/wp-content\/uploads\/2022\/03\/Jaguar-Land-Rover-da-segunda\/JLR_Pramac_SecondLifeBattery_I-TYPE5_1503_011.jpg\" data-mediatype=1><img decoding=\"async\" class=\"html5galleryimg html5gallery-tn-image\" src=\"https:\/\/jornaldasoficinas.com\/pt\/wp-content\/uploads\/2022\/03\/Jaguar-Land-Rover-da-segunda\/JLR_Pramac_SecondLifeBattery_I-TYPE5_1503_011.jpg\" alt=\"\"><\/a><div class=\"html5gallery-info\"><\/div><a class=\"html5galleryimglink\" href=\"https:\/\/jornaldasoficinas.com\/pt\/wp-content\/uploads\/2022\/03\/Jaguar-Land-Rover-da-segunda\/JLR_Pramac_SecondLifeBattery_Unit_1503_021.jpg\" data-mediatype=1><img decoding=\"async\" class=\"html5galleryimg html5gallery-tn-image\" src=\"https:\/\/jornaldasoficinas.com\/pt\/wp-content\/uploads\/2022\/03\/Jaguar-Land-Rover-da-segunda\/JLR_Pramac_SecondLifeBattery_Unit_1503_021.jpg\" alt=\"\"><\/a><div class=\"html5gallery-info\"><\/div><\/div><\/div><script>function wondergallery_83_appendcss(csscode) {var head=document.head || document.getElementsByTagName(\"head\")[0];var style=document.createElement(\"style\");head.appendChild(style);style.type=\"text\/css\";if (style.styleSheet){style.styleSheet.cssText=csscode;} else {style.appendChild(document.createTextNode(csscode));}};wondergallery_83_appendcss(\"#wonderplugingallery-83 .html5gallery-cat-selection-83 { \tbox-sizing: border-box; \ttext-align: center; }  #wonderplugingallery-83 .html5gallery-cat-selection-83 select { \tbox-sizing: border-box; \tmargin: 4px auto; }\");<\/script>\n","protected":false},"excerpt":{"rendered":"<p>A Jaguar Land Rover estabeleceu uma&#8230;<\/p>\n","protected":false},"author":15,"featured_media":28123,"comment_status":"closed","ping_status":"closed","sticky":false,"template":"","format":"standard","meta":{"footnotes":""},"categories":[118],"tags":[849],"class_list":["post-28145","post","type-post","status-publish","format-standard","has-post-thumbnail","hentry","category-oficina-4-0","tag-jaguar-land-rover"],"yoast_head":"<!-- This site is optimized with the Yoast SEO plugin v27.4 - https:\/\/yoast.com\/product\/yoast-seo-wordpress\/ -->\n<title>Jaguar Land Rover d\u00e1 segunda vida \u00e0s baterias do I-PACE - Jornal das Oficinas<\/title>\n<meta name=\"robots\" content=\"index, follow, max-snippet:-1, max-image-preview:large, max-video-preview:-1\" \/>\n<link rel=\"canonical\" href=\"https:\/\/jornaldasoficinas.com\/pt\/jaguar-land-rover-da-segunda-vida-as-baterias-do-i-pace\/\" \/>\n<meta property=\"og:locale\" content=\"pt_PT\" \/>\n<meta property=\"og:type\" content=\"article\" \/>\n<meta property=\"og:title\" content=\"Jaguar Land Rover d\u00e1 segunda vida \u00e0s baterias do I-PACE - Jornal das Oficinas\" \/>\n<meta property=\"og:description\" content=\"A Jaguar Land Rover estabeleceu uma...\" \/>\n<meta property=\"og:url\" content=\"https:\/\/jornaldasoficinas.com\/pt\/jaguar-land-rover-da-segunda-vida-as-baterias-do-i-pace\/\" \/>\n<meta property=\"og:site_name\" content=\"Jornal das Oficinas\" \/>\n<meta property=\"article:publisher\" content=\"https:\/\/www.facebook.com\/jornaloficinas\" \/>\n<meta property=\"article:published_time\" content=\"2022-03-18T19:00:44+00:00\" \/>\n<meta property=\"og:image\" content=\"https:\/\/jornaldasoficinas.com\/pt\/wp-content\/uploads\/2022\/03\/Jaguar-Land-Rover-da-segunda.jpg\" \/>\n\t<meta property=\"og:image:width\" content=\"1024\" \/>\n\t<meta property=\"og:image:height\" content=\"581\" \/>\n\t<meta property=\"og:image:type\" content=\"image\/jpeg\" \/>\n<meta name=\"author\" content=\"Reda\u00e7\u00e3o JO\" \/>\n<meta name=\"twitter:card\" content=\"summary_large_image\" \/>\n<meta name=\"twitter:creator\" content=\"@jornaloficinas\" \/>\n<meta name=\"twitter:site\" content=\"@jornaloficinas\" \/>\n<meta name=\"twitter:label1\" content=\"Escrito por\" \/>\n\t<meta name=\"twitter:data1\" content=\"Reda\u00e7\u00e3o JO\" \/>\n\t<meta name=\"twitter:label2\" content=\"Tempo estimado de leitura\" \/>\n\t<meta name=\"twitter:data2\" content=\"4 minutos\" \/>\n<script type=\"application\/ld+json\" class=\"yoast-schema-graph\">{\"@context\":\"https:\\\/\\\/schema.org\",\"@graph\":[{\"@type\":\"Article\",\"@id\":\"https:\\\/\\\/jornaldasoficinas.com\\\/pt\\\/jaguar-land-rover-da-segunda-vida-as-baterias-do-i-pace\\\/#article\",\"isPartOf\":{\"@id\":\"https:\\\/\\\/jornaldasoficinas.com\\\/pt\\\/jaguar-land-rover-da-segunda-vida-as-baterias-do-i-pace\\\/\"},\"author\":{\"name\":\"Reda\u00e7\u00e3o JO\",\"@id\":\"https:\\\/\\\/jornaldasoficinas.com\\\/pt\\\/#\\\/schema\\\/person\\\/a38eef5de2c41d9e7c9ac10141afddf3\"},\"headline\":\"Jaguar Land Rover d\u00e1 segunda vida \u00e0s baterias do I-PACE\",\"datePublished\":\"2022-03-18T19:00:44+00:00\",\"mainEntityOfPage\":{\"@id\":\"https:\\\/\\\/jornaldasoficinas.com\\\/pt\\\/jaguar-land-rover-da-segunda-vida-as-baterias-do-i-pace\\\/\"},\"wordCount\":880,\"publisher\":{\"@id\":\"https:\\\/\\\/jornaldasoficinas.com\\\/pt\\\/#organization\"},\"image\":{\"@id\":\"https:\\\/\\\/jornaldasoficinas.com\\\/pt\\\/jaguar-land-rover-da-segunda-vida-as-baterias-do-i-pace\\\/#primaryimage\"},\"thumbnailUrl\":\"https:\\\/\\\/jornaldasoficinas.com\\\/pt\\\/wp-content\\\/uploads\\\/2022\\\/03\\\/Jaguar-Land-Rover-da-segunda.jpg\",\"keywords\":[\"Jaguar Land Rover\"],\"articleSection\":[\"Oficina 4.0\"],\"inLanguage\":\"pt-PT\"},{\"@type\":\"WebPage\",\"@id\":\"https:\\\/\\\/jornaldasoficinas.com\\\/pt\\\/jaguar-land-rover-da-segunda-vida-as-baterias-do-i-pace\\\/\",\"url\":\"https:\\\/\\\/jornaldasoficinas.com\\\/pt\\\/jaguar-land-rover-da-segunda-vida-as-baterias-do-i-pace\\\/\",\"name\":\"Jaguar Land Rover d\u00e1 segunda vida \u00e0s baterias do I-PACE - Jornal das Oficinas\",\"isPartOf\":{\"@id\":\"https:\\\/\\\/jornaldasoficinas.com\\\/pt\\\/#website\"},\"primaryImageOfPage\":{\"@id\":\"https:\\\/\\\/jornaldasoficinas.com\\\/pt\\\/jaguar-land-rover-da-segunda-vida-as-baterias-do-i-pace\\\/#primaryimage\"},\"image\":{\"@id\":\"https:\\\/\\\/jornaldasoficinas.com\\\/pt\\\/jaguar-land-rover-da-segunda-vida-as-baterias-do-i-pace\\\/#primaryimage\"},\"thumbnailUrl\":\"https:\\\/\\\/jornaldasoficinas.com\\\/pt\\\/wp-content\\\/uploads\\\/2022\\\/03\\\/Jaguar-Land-Rover-da-segunda.jpg\",\"datePublished\":\"2022-03-18T19:00:44+00:00\",\"breadcrumb\":{\"@id\":\"https:\\\/\\\/jornaldasoficinas.com\\\/pt\\\/jaguar-land-rover-da-segunda-vida-as-baterias-do-i-pace\\\/#breadcrumb\"},\"inLanguage\":\"pt-PT\",\"potentialAction\":[{\"@type\":\"ReadAction\",\"target\":[\"https:\\\/\\\/jornaldasoficinas.com\\\/pt\\\/jaguar-land-rover-da-segunda-vida-as-baterias-do-i-pace\\\/\"]}]},{\"@type\":\"ImageObject\",\"inLanguage\":\"pt-PT\",\"@id\":\"https:\\\/\\\/jornaldasoficinas.com\\\/pt\\\/jaguar-land-rover-da-segunda-vida-as-baterias-do-i-pace\\\/#primaryimage\",\"url\":\"https:\\\/\\\/jornaldasoficinas.com\\\/pt\\\/wp-content\\\/uploads\\\/2022\\\/03\\\/Jaguar-Land-Rover-da-segunda.jpg\",\"contentUrl\":\"https:\\\/\\\/jornaldasoficinas.com\\\/pt\\\/wp-content\\\/uploads\\\/2022\\\/03\\\/Jaguar-Land-Rover-da-segunda.jpg\",\"width\":1024,\"height\":581,\"caption\":\"03 - Jaguar Land Rover da segunda\"},{\"@type\":\"BreadcrumbList\",\"@id\":\"https:\\\/\\\/jornaldasoficinas.com\\\/pt\\\/jaguar-land-rover-da-segunda-vida-as-baterias-do-i-pace\\\/#breadcrumb\",\"itemListElement\":[{\"@type\":\"ListItem\",\"position\":1,\"name\":\"In\u00edcio\",\"item\":\"https:\\\/\\\/jornaldasoficinas.com\\\/pt\\\/\"},{\"@type\":\"ListItem\",\"position\":2,\"name\":\"Jaguar Land Rover d\u00e1 segunda vida \u00e0s baterias do I-PACE\"}]},{\"@type\":\"WebSite\",\"@id\":\"https:\\\/\\\/jornaldasoficinas.com\\\/pt\\\/#website\",\"url\":\"https:\\\/\\\/jornaldasoficinas.com\\\/pt\\\/\",\"name\":\"Jornal das Oficinas\",\"description\":\"Jornal independente do Aftermarket Autom\u00f3vel em Portugal\",\"publisher\":{\"@id\":\"https:\\\/\\\/jornaldasoficinas.com\\\/pt\\\/#organization\"},\"potentialAction\":[{\"@type\":\"SearchAction\",\"target\":{\"@type\":\"EntryPoint\",\"urlTemplate\":\"https:\\\/\\\/jornaldasoficinas.com\\\/pt\\\/?s={search_term_string}\"},\"query-input\":{\"@type\":\"PropertyValueSpecification\",\"valueRequired\":true,\"valueName\":\"search_term_string\"}}],\"inLanguage\":\"pt-PT\"},{\"@type\":\"Organization\",\"@id\":\"https:\\\/\\\/jornaldasoficinas.com\\\/pt\\\/#organization\",\"name\":\"Jornal das Oficinas\",\"url\":\"https:\\\/\\\/jornaldasoficinas.com\\\/pt\\\/\",\"logo\":{\"@type\":\"ImageObject\",\"inLanguage\":\"pt-PT\",\"@id\":\"https:\\\/\\\/jornaldasoficinas.com\\\/pt\\\/#\\\/schema\\\/logo\\\/image\\\/\",\"url\":\"https:\\\/\\\/jornaldasoficinas.com\\\/pt\\\/wp-content\\\/uploads\\\/logoJO-SEO.png\",\"contentUrl\":\"https:\\\/\\\/jornaldasoficinas.com\\\/pt\\\/wp-content\\\/uploads\\\/logoJO-SEO.png\",\"width\":285,\"height\":450,\"caption\":\"Jornal das Oficinas\"},\"image\":{\"@id\":\"https:\\\/\\\/jornaldasoficinas.com\\\/pt\\\/#\\\/schema\\\/logo\\\/image\\\/\"},\"sameAs\":[\"https:\\\/\\\/www.facebook.com\\\/jornaloficinas\",\"https:\\\/\\\/x.com\\\/jornaloficinas\",\"https:\\\/\\\/www.instagram.com\\\/jornal_oficinas\\\/\",\"https:\\\/\\\/www.linkedin.com\\\/company\\\/jornal-das-oficinas\\\/\",\"https:\\\/\\\/www.youtube.com\\\/channel\\\/UCbQZBqtcvV-oSQrr7RzINGg\"]},{\"@type\":\"Person\",\"@id\":\"https:\\\/\\\/jornaldasoficinas.com\\\/pt\\\/#\\\/schema\\\/person\\\/a38eef5de2c41d9e7c9ac10141afddf3\",\"name\":\"Reda\u00e7\u00e3o JO\",\"image\":{\"@type\":\"ImageObject\",\"inLanguage\":\"pt-PT\",\"@id\":\"https:\\\/\\\/secure.gravatar.com\\\/avatar\\\/71f2fa71737ad68a84fea94bc708ddac8ea5b0c4788dc2ad202f3ccb2887742f?s=96&d=wp_user_avatar&r=g\",\"url\":\"https:\\\/\\\/secure.gravatar.com\\\/avatar\\\/71f2fa71737ad68a84fea94bc708ddac8ea5b0c4788dc2ad202f3ccb2887742f?s=96&d=wp_user_avatar&r=g\",\"contentUrl\":\"https:\\\/\\\/secure.gravatar.com\\\/avatar\\\/71f2fa71737ad68a84fea94bc708ddac8ea5b0c4788dc2ad202f3ccb2887742f?s=96&d=wp_user_avatar&r=g\",\"caption\":\"Reda\u00e7\u00e3o JO\"},\"url\":\"https:\\\/\\\/jornaldasoficinas.com\\\/pt\\\/author\\\/joredacao\\\/\"}]}<\/script>\n<!-- \/ Yoast SEO plugin. -->","yoast_head_json":{"title":"Jaguar Land Rover d\u00e1 segunda vida \u00e0s baterias do I-PACE - Jornal das Oficinas","robots":{"index":"index","follow":"follow","max-snippet":"max-snippet:-1","max-image-preview":"max-image-preview:large","max-video-preview":"max-video-preview:-1"},"canonical":"https:\/\/jornaldasoficinas.com\/pt\/jaguar-land-rover-da-segunda-vida-as-baterias-do-i-pace\/","og_locale":"pt_PT","og_type":"article","og_title":"Jaguar Land Rover d\u00e1 segunda vida \u00e0s baterias do I-PACE - Jornal das Oficinas","og_description":"A Jaguar Land Rover estabeleceu uma...","og_url":"https:\/\/jornaldasoficinas.com\/pt\/jaguar-land-rover-da-segunda-vida-as-baterias-do-i-pace\/","og_site_name":"Jornal das Oficinas","article_publisher":"https:\/\/www.facebook.com\/jornaloficinas","article_published_time":"2022-03-18T19:00:44+00:00","og_image":[{"width":1024,"height":581,"url":"https:\/\/jornaldasoficinas.com\/pt\/wp-content\/uploads\/2022\/03\/Jaguar-Land-Rover-da-segunda.jpg","type":"image\/jpeg"}],"author":"Reda\u00e7\u00e3o JO","twitter_card":"summary_large_image","twitter_creator":"@jornaloficinas","twitter_site":"@jornaloficinas","twitter_misc":{"Escrito por":"Reda\u00e7\u00e3o JO","Tempo estimado de leitura":"4 minutos"},"schema":{"@context":"https:\/\/schema.org","@graph":[{"@type":"Article","@id":"https:\/\/jornaldasoficinas.com\/pt\/jaguar-land-rover-da-segunda-vida-as-baterias-do-i-pace\/#article","isPartOf":{"@id":"https:\/\/jornaldasoficinas.com\/pt\/jaguar-land-rover-da-segunda-vida-as-baterias-do-i-pace\/"},"author":{"name":"Reda\u00e7\u00e3o JO","@id":"https:\/\/jornaldasoficinas.com\/pt\/#\/schema\/person\/a38eef5de2c41d9e7c9ac10141afddf3"},"headline":"Jaguar Land Rover d\u00e1 segunda vida \u00e0s baterias do I-PACE","datePublished":"2022-03-18T19:00:44+00:00","mainEntityOfPage":{"@id":"https:\/\/jornaldasoficinas.com\/pt\/jaguar-land-rover-da-segunda-vida-as-baterias-do-i-pace\/"},"wordCount":880,"publisher":{"@id":"https:\/\/jornaldasoficinas.com\/pt\/#organization"},"image":{"@id":"https:\/\/jornaldasoficinas.com\/pt\/jaguar-land-rover-da-segunda-vida-as-baterias-do-i-pace\/#primaryimage"},"thumbnailUrl":"https:\/\/jornaldasoficinas.com\/pt\/wp-content\/uploads\/2022\/03\/Jaguar-Land-Rover-da-segunda.jpg","keywords":["Jaguar Land Rover"],"articleSection":["Oficina 4.0"],"inLanguage":"pt-PT"},{"@type":"WebPage","@id":"https:\/\/jornaldasoficinas.com\/pt\/jaguar-land-rover-da-segunda-vida-as-baterias-do-i-pace\/","url":"https:\/\/jornaldasoficinas.com\/pt\/jaguar-land-rover-da-segunda-vida-as-baterias-do-i-pace\/","name":"Jaguar Land Rover d\u00e1 segunda vida \u00e0s baterias do I-PACE - Jornal das Oficinas","isPartOf":{"@id":"https:\/\/jornaldasoficinas.com\/pt\/#website"},"primaryImageOfPage":{"@id":"https:\/\/jornaldasoficinas.com\/pt\/jaguar-land-rover-da-segunda-vida-as-baterias-do-i-pace\/#primaryimage"},"image":{"@id":"https:\/\/jornaldasoficinas.com\/pt\/jaguar-land-rover-da-segunda-vida-as-baterias-do-i-pace\/#primaryimage"},"thumbnailUrl":"https:\/\/jornaldasoficinas.com\/pt\/wp-content\/uploads\/2022\/03\/Jaguar-Land-Rover-da-segunda.jpg","datePublished":"2022-03-18T19:00:44+00:00","breadcrumb":{"@id":"https:\/\/jornaldasoficinas.com\/pt\/jaguar-land-rover-da-segunda-vida-as-baterias-do-i-pace\/#breadcrumb"},"inLanguage":"pt-PT","potentialAction":[{"@type":"ReadAction","target":["https:\/\/jornaldasoficinas.com\/pt\/jaguar-land-rover-da-segunda-vida-as-baterias-do-i-pace\/"]}]},{"@type":"ImageObject","inLanguage":"pt-PT","@id":"https:\/\/jornaldasoficinas.com\/pt\/jaguar-land-rover-da-segunda-vida-as-baterias-do-i-pace\/#primaryimage","url":"https:\/\/jornaldasoficinas.com\/pt\/wp-content\/uploads\/2022\/03\/Jaguar-Land-Rover-da-segunda.jpg","contentUrl":"https:\/\/jornaldasoficinas.com\/pt\/wp-content\/uploads\/2022\/03\/Jaguar-Land-Rover-da-segunda.jpg","width":1024,"height":581,"caption":"03 - Jaguar Land Rover da segunda"},{"@type":"BreadcrumbList","@id":"https:\/\/jornaldasoficinas.com\/pt\/jaguar-land-rover-da-segunda-vida-as-baterias-do-i-pace\/#breadcrumb","itemListElement":[{"@type":"ListItem","position":1,"name":"In\u00edcio","item":"https:\/\/jornaldasoficinas.com\/pt\/"},{"@type":"ListItem","position":2,"name":"Jaguar Land Rover d\u00e1 segunda vida \u00e0s baterias do I-PACE"}]},{"@type":"WebSite","@id":"https:\/\/jornaldasoficinas.com\/pt\/#website","url":"https:\/\/jornaldasoficinas.com\/pt\/","name":"Jornal das Oficinas","description":"Jornal independente do Aftermarket Autom\u00f3vel em Portugal","publisher":{"@id":"https:\/\/jornaldasoficinas.com\/pt\/#organization"},"potentialAction":[{"@type":"SearchAction","target":{"@type":"EntryPoint","urlTemplate":"https:\/\/jornaldasoficinas.com\/pt\/?s={search_term_string}"},"query-input":{"@type":"PropertyValueSpecification","valueRequired":true,"valueName":"search_term_string"}}],"inLanguage":"pt-PT"},{"@type":"Organization","@id":"https:\/\/jornaldasoficinas.com\/pt\/#organization","name":"Jornal das Oficinas","url":"https:\/\/jornaldasoficinas.com\/pt\/","logo":{"@type":"ImageObject","inLanguage":"pt-PT","@id":"https:\/\/jornaldasoficinas.com\/pt\/#\/schema\/logo\/image\/","url":"https:\/\/jornaldasoficinas.com\/pt\/wp-content\/uploads\/logoJO-SEO.png","contentUrl":"https:\/\/jornaldasoficinas.com\/pt\/wp-content\/uploads\/logoJO-SEO.png","width":285,"height":450,"caption":"Jornal das Oficinas"},"image":{"@id":"https:\/\/jornaldasoficinas.com\/pt\/#\/schema\/logo\/image\/"},"sameAs":["https:\/\/www.facebook.com\/jornaloficinas","https:\/\/x.com\/jornaloficinas","https:\/\/www.instagram.com\/jornal_oficinas\/","https:\/\/www.linkedin.com\/company\/jornal-das-oficinas\/","https:\/\/www.youtube.com\/channel\/UCbQZBqtcvV-oSQrr7RzINGg"]},{"@type":"Person","@id":"https:\/\/jornaldasoficinas.com\/pt\/#\/schema\/person\/a38eef5de2c41d9e7c9ac10141afddf3","name":"Reda\u00e7\u00e3o JO","image":{"@type":"ImageObject","inLanguage":"pt-PT","@id":"https:\/\/secure.gravatar.com\/avatar\/71f2fa71737ad68a84fea94bc708ddac8ea5b0c4788dc2ad202f3ccb2887742f?s=96&d=wp_user_avatar&r=g","url":"https:\/\/secure.gravatar.com\/avatar\/71f2fa71737ad68a84fea94bc708ddac8ea5b0c4788dc2ad202f3ccb2887742f?s=96&d=wp_user_avatar&r=g","contentUrl":"https:\/\/secure.gravatar.com\/avatar\/71f2fa71737ad68a84fea94bc708ddac8ea5b0c4788dc2ad202f3ccb2887742f?s=96&d=wp_user_avatar&r=g","caption":"Reda\u00e7\u00e3o JO"},"url":"https:\/\/jornaldasoficinas.com\/pt\/author\/joredacao\/"}]}},"_links":{"self":[{"href":"https:\/\/jornaldasoficinas.com\/pt\/wp-json\/wp\/v2\/posts\/28145","targetHints":{"allow":["GET"]}}],"collection":[{"href":"https:\/\/jornaldasoficinas.com\/pt\/wp-json\/wp\/v2\/posts"}],"about":[{"href":"https:\/\/jornaldasoficinas.com\/pt\/wp-json\/wp\/v2\/types\/post"}],"author":[{"embeddable":true,"href":"https:\/\/jornaldasoficinas.com\/pt\/wp-json\/wp\/v2\/users\/15"}],"replies":[{"embeddable":true,"href":"https:\/\/jornaldasoficinas.com\/pt\/wp-json\/wp\/v2\/comments?post=28145"}],"version-history":[{"count":0,"href":"https:\/\/jornaldasoficinas.com\/pt\/wp-json\/wp\/v2\/posts\/28145\/revisions"}],"wp:featuredmedia":[{"embeddable":true,"href":"https:\/\/jornaldasoficinas.com\/pt\/wp-json\/wp\/v2\/media\/28123"}],"wp:attachment":[{"href":"https:\/\/jornaldasoficinas.com\/pt\/wp-json\/wp\/v2\/media?parent=28145"}],"wp:term":[{"taxonomy":"category","embeddable":true,"href":"https:\/\/jornaldasoficinas.com\/pt\/wp-json\/wp\/v2\/categories?post=28145"},{"taxonomy":"post_tag","embeddable":true,"href":"https:\/\/jornaldasoficinas.com\/pt\/wp-json\/wp\/v2\/tags?post=28145"}],"curies":[{"name":"wp","href":"https:\/\/api.w.org\/{rel}","templated":true}]}}