{"id":28262,"date":"2022-03-23T17:00:28","date_gmt":"2022-03-23T17:00:28","guid":{"rendered":"https:\/\/jornaldasoficinas.com\/pt\/?p=28262"},"modified":"2022-03-23T14:17:36","modified_gmt":"2022-03-23T14:17:36","slug":"situacao-excecional-medidas-excecionais","status":"publish","type":"post","link":"https:\/\/jornaldasoficinas.com\/pt\/situacao-excecional-medidas-excecionais\/","title":{"rendered":"Situa\u00e7\u00e3o excecional, medidas excecionais"},"content":{"rendered":"<p><strong><img loading=\"lazy\" decoding=\"async\" class=\"alignnone size-full wp-image-28260\" src=\"https:\/\/jornaldasoficinas.com\/pt\/wp-content\/uploads\/2022\/03\/Situacao-excecional-medidas-excecionais.jpeg\" alt=\"03 - Situacao excecional medidas excecionais\" width=\"1024\" height=\"581\" srcset=\"https:\/\/jornaldasoficinas.com\/pt\/wp-content\/uploads\/2022\/03\/Situacao-excecional-medidas-excecionais.jpeg 1024w, https:\/\/jornaldasoficinas.com\/pt\/wp-content\/uploads\/2022\/03\/Situacao-excecional-medidas-excecionais-300x170.jpeg 300w, https:\/\/jornaldasoficinas.com\/pt\/wp-content\/uploads\/2022\/03\/Situacao-excecional-medidas-excecionais-150x85.jpeg 150w, https:\/\/jornaldasoficinas.com\/pt\/wp-content\/uploads\/2022\/03\/Situacao-excecional-medidas-excecionais-768x436.jpeg 768w\" sizes=\"auto, (max-width: 1024px) 100vw, 1024px\" \/><\/strong><\/p>\n<p><strong>Quando j\u00e1 se vislumbrava uma luz no fundo do t\u00fanel e a pandemia come\u00e7ava a dar tr\u00e9guas, eis que a guerra na Ucr\u00e2nia vem complicar um trajeto que se perfilava de recupera\u00e7\u00e3o. Aumentos brutais nos pre\u00e7os da energia, o agravamento das rela\u00e7\u00f5es internacionais e a instabilidade dos mercados, a falta de m\u00e3o de obra e das mat\u00e9rias-primas, um sem-fim de contrariedades<\/strong><\/p>\n<p>N\u00e3o h\u00e1 setor que n\u00e3o esteja a sofrer impactos negativos com a guerra na Ucr\u00e2nia. Direta ou indiretamente, o conflito causado pela invas\u00e3o iniciada pela R\u00fassia est\u00e1 a ter efeitos devastadores em todo o mundo, o que causa, obviamente, grande preocupa\u00e7\u00e3o entre os protagonistas da \u00e1rea econ\u00f3mica e empresarial, incluindo o p\u00f3s-venda autom\u00f3vel. H\u00e1 que tomar medidas urgentes para evitar o descalabro.<\/p>\n<p>Para manter a atividade sustent\u00e1vel e conseguir ultrapassar esta nova crise com poucos estragos e preju\u00edzos, as oficinas devem manter padr\u00f5es de qualidade elevados para prestar um excelente servi\u00e7o aos seus clientes. Ou seja, devem estabelecer uma estrutura global que lhes permita disponibilizar um servi\u00e7o completo e eficiente e obter um bom posicionamento no mercado. Isto passa pelo cumprimento de uma s\u00e9rie de pontos cruciais.<\/p>\n<p>\u00c9 necess\u00e1rio ter o controlo de todos os aspetos do neg\u00f3cio. Cumprir a legisla\u00e7\u00e3o laboral, a lei de prote\u00e7\u00e3o de dados ou efetuar um seguimento dos clientes s\u00e3o alguns dos par\u00e2metros que devem ser sempre controlados.\u00a0 Realizar controlos de qualidade \u00e9 tamb\u00e9m essencial. A fun\u00e7\u00e3o destes \u00e9 confirmar se se est\u00e1 a executar uma gest\u00e3o adequada da oficina, detetar falhas ou problemas operacionais e propor solu\u00e7\u00f5es pertinentes.<\/p>\n<p>Dispor do equipamento e ferramentas necess\u00e1rias \u00e9 vital para o bom funcionamento da oficina. \u00c9 necess\u00e1rio efetuar uma manuten\u00e7\u00e3o de acordo com as instru\u00e7\u00f5es do fabricante, assim como revis\u00f5es peri\u00f3dicas para verificar se se encontram em perfeito estado. Isto \u00e9 fundamental para saber quando substituir as ferramentas da oficina. Deve contar com um sistema adequado de gest\u00e3o de res\u00edduos. Lembre-se que na oficina s\u00e3o produzidos diferentes tipos de res\u00edduos e que \u00e9 necess\u00e1rio contar com autoriza\u00e7\u00e3o para se poder tratar dos mesmos.<\/p>\n<p>Promova a forma\u00e7\u00e3o cont\u00ednua dos funcion\u00e1rios. A tecnologia avan\u00e7a a passos largos e, para poder cumprir com os padr\u00f5es de qualidade adequados, os profissionais do setor autom\u00f3vel devem estar preparados para as mudan\u00e7as que a\u00ed v\u00eam. Al\u00e9m disso, a forma\u00e7\u00e3o cont\u00ednua n\u00e3o s\u00f3 \u00e9 necess\u00e1ria no estrito desenvolvimento das respetivas atividades, mas tamb\u00e9m noutros \u00e2mbitos como a preven\u00e7\u00e3o de riscos laborais.<br \/>\nUtilize software e aplica\u00e7\u00f5es especializadas. Hoje em dia, existe uma quantidade de programas e aplica\u00e7\u00f5es que permitem simplificar em grande medida a gest\u00e3o da oficina. Estas ferramentas simplificam as tarefas para os gestores da oficina e representam um valor extra para os clientes (por exemplo, a solicita\u00e7\u00e3o de marca\u00e7\u00f5es pr\u00e9vias ou o seguimento em tempo real do estado da repara\u00e7\u00e3o do ve\u00edculo). Aposte nas novas tecnologias. Aquilo que \u00e9 mais moderno costuma ser mais caro, mas tamb\u00e9m lhe permite diferenciar-se da concorr\u00eancia e oferecer maiores padr\u00f5es de qualidade.<\/p>\n<p>Obtenha certificados de qualidade. Existem associa\u00e7\u00f5es como a ACAP que concedem certifica\u00e7\u00f5es de qualidade \u00e0s oficinas que as solicitam (e as merecem). Estas s\u00e3o concedidas ap\u00f3s a verifica\u00e7\u00e3o por parte de um t\u00e9cnico especializado.\u00a0 Por \u00faltimo, confie em distribuidores de qualidade. Na oficina apenas devem entrar pe\u00e7as devidamente homologadas e com os certificados de qualidade pertinentes. E o mais importante: melhorar os padr\u00f5es de qualidade n\u00e3o \u00e9 um trabalho pontual, sendo a otimiza\u00e7\u00e3o do posicionamento no mercado um processo cont\u00ednuo ao longo do tempo.<\/p>\n","protected":false},"excerpt":{"rendered":"<p>Quando j\u00e1 se vislumbrava uma luz&#8230;<\/p>\n","protected":false},"author":15,"featured_media":28260,"comment_status":"closed","ping_status":"closed","sticky":false,"template":"","format":"standard","meta":{"footnotes":""},"categories":[37],"tags":[],"class_list":["post-28262","post","type-post","status-publish","format-standard","has-post-thumbnail","hentry","category-mercado"],"yoast_head":"<!-- This site is optimized with the Yoast SEO plugin v27.4 - https:\/\/yoast.com\/product\/yoast-seo-wordpress\/ -->\n<title>Situa\u00e7\u00e3o excecional, medidas excecionais - Jornal das Oficinas<\/title>\n<meta name=\"robots\" content=\"index, follow, max-snippet:-1, max-image-preview:large, max-video-preview:-1\" \/>\n<link rel=\"canonical\" href=\"https:\/\/jornaldasoficinas.com\/pt\/situacao-excecional-medidas-excecionais\/\" \/>\n<meta property=\"og:locale\" content=\"pt_PT\" \/>\n<meta property=\"og:type\" content=\"article\" \/>\n<meta property=\"og:title\" content=\"Situa\u00e7\u00e3o excecional, medidas excecionais - Jornal das Oficinas\" \/>\n<meta property=\"og:description\" content=\"Quando j\u00e1 se vislumbrava uma luz...\" \/>\n<meta property=\"og:url\" content=\"https:\/\/jornaldasoficinas.com\/pt\/situacao-excecional-medidas-excecionais\/\" \/>\n<meta property=\"og:site_name\" content=\"Jornal das Oficinas\" \/>\n<meta property=\"article:publisher\" content=\"https:\/\/www.facebook.com\/jornaloficinas\" \/>\n<meta property=\"article:published_time\" content=\"2022-03-23T17:00:28+00:00\" \/>\n<meta property=\"og:image\" content=\"https:\/\/jornaldasoficinas.com\/pt\/wp-content\/uploads\/2022\/03\/Situacao-excecional-medidas-excecionais.jpeg\" \/>\n\t<meta property=\"og:image:width\" content=\"1024\" \/>\n\t<meta property=\"og:image:height\" content=\"581\" \/>\n\t<meta property=\"og:image:type\" content=\"image\/jpeg\" \/>\n<meta name=\"author\" content=\"Reda\u00e7\u00e3o JO\" \/>\n<meta name=\"twitter:card\" content=\"summary_large_image\" \/>\n<meta name=\"twitter:creator\" content=\"@jornaloficinas\" \/>\n<meta name=\"twitter:site\" content=\"@jornaloficinas\" \/>\n<meta name=\"twitter:label1\" content=\"Escrito por\" \/>\n\t<meta name=\"twitter:data1\" content=\"Reda\u00e7\u00e3o JO\" \/>\n\t<meta name=\"twitter:label2\" content=\"Tempo estimado de leitura\" \/>\n\t<meta name=\"twitter:data2\" content=\"3 minutos\" \/>\n<script type=\"application\/ld+json\" class=\"yoast-schema-graph\">{\"@context\":\"https:\\\/\\\/schema.org\",\"@graph\":[{\"@type\":\"Article\",\"@id\":\"https:\\\/\\\/jornaldasoficinas.com\\\/pt\\\/situacao-excecional-medidas-excecionais\\\/#article\",\"isPartOf\":{\"@id\":\"https:\\\/\\\/jornaldasoficinas.com\\\/pt\\\/situacao-excecional-medidas-excecionais\\\/\"},\"author\":{\"name\":\"Reda\u00e7\u00e3o JO\",\"@id\":\"https:\\\/\\\/jornaldasoficinas.com\\\/pt\\\/#\\\/schema\\\/person\\\/a38eef5de2c41d9e7c9ac10141afddf3\"},\"headline\":\"Situa\u00e7\u00e3o excecional, medidas excecionais\",\"datePublished\":\"2022-03-23T17:00:28+00:00\",\"mainEntityOfPage\":{\"@id\":\"https:\\\/\\\/jornaldasoficinas.com\\\/pt\\\/situacao-excecional-medidas-excecionais\\\/\"},\"wordCount\":648,\"publisher\":{\"@id\":\"https:\\\/\\\/jornaldasoficinas.com\\\/pt\\\/#organization\"},\"image\":{\"@id\":\"https:\\\/\\\/jornaldasoficinas.com\\\/pt\\\/situacao-excecional-medidas-excecionais\\\/#primaryimage\"},\"thumbnailUrl\":\"https:\\\/\\\/jornaldasoficinas.com\\\/pt\\\/wp-content\\\/uploads\\\/2022\\\/03\\\/Situacao-excecional-medidas-excecionais.jpeg\",\"articleSection\":[\"Mercado\"],\"inLanguage\":\"pt-PT\"},{\"@type\":\"WebPage\",\"@id\":\"https:\\\/\\\/jornaldasoficinas.com\\\/pt\\\/situacao-excecional-medidas-excecionais\\\/\",\"url\":\"https:\\\/\\\/jornaldasoficinas.com\\\/pt\\\/situacao-excecional-medidas-excecionais\\\/\",\"name\":\"Situa\u00e7\u00e3o excecional, medidas excecionais - Jornal das Oficinas\",\"isPartOf\":{\"@id\":\"https:\\\/\\\/jornaldasoficinas.com\\\/pt\\\/#website\"},\"primaryImageOfPage\":{\"@id\":\"https:\\\/\\\/jornaldasoficinas.com\\\/pt\\\/situacao-excecional-medidas-excecionais\\\/#primaryimage\"},\"image\":{\"@id\":\"https:\\\/\\\/jornaldasoficinas.com\\\/pt\\\/situacao-excecional-medidas-excecionais\\\/#primaryimage\"},\"thumbnailUrl\":\"https:\\\/\\\/jornaldasoficinas.com\\\/pt\\\/wp-content\\\/uploads\\\/2022\\\/03\\\/Situacao-excecional-medidas-excecionais.jpeg\",\"datePublished\":\"2022-03-23T17:00:28+00:00\",\"breadcrumb\":{\"@id\":\"https:\\\/\\\/jornaldasoficinas.com\\\/pt\\\/situacao-excecional-medidas-excecionais\\\/#breadcrumb\"},\"inLanguage\":\"pt-PT\",\"potentialAction\":[{\"@type\":\"ReadAction\",\"target\":[\"https:\\\/\\\/jornaldasoficinas.com\\\/pt\\\/situacao-excecional-medidas-excecionais\\\/\"]}]},{\"@type\":\"ImageObject\",\"inLanguage\":\"pt-PT\",\"@id\":\"https:\\\/\\\/jornaldasoficinas.com\\\/pt\\\/situacao-excecional-medidas-excecionais\\\/#primaryimage\",\"url\":\"https:\\\/\\\/jornaldasoficinas.com\\\/pt\\\/wp-content\\\/uploads\\\/2022\\\/03\\\/Situacao-excecional-medidas-excecionais.jpeg\",\"contentUrl\":\"https:\\\/\\\/jornaldasoficinas.com\\\/pt\\\/wp-content\\\/uploads\\\/2022\\\/03\\\/Situacao-excecional-medidas-excecionais.jpeg\",\"width\":1024,\"height\":581,\"caption\":\"03 - Situacao excecional medidas excecionais\"},{\"@type\":\"BreadcrumbList\",\"@id\":\"https:\\\/\\\/jornaldasoficinas.com\\\/pt\\\/situacao-excecional-medidas-excecionais\\\/#breadcrumb\",\"itemListElement\":[{\"@type\":\"ListItem\",\"position\":1,\"name\":\"In\u00edcio\",\"item\":\"https:\\\/\\\/jornaldasoficinas.com\\\/pt\\\/\"},{\"@type\":\"ListItem\",\"position\":2,\"name\":\"Situa\u00e7\u00e3o excecional, medidas excecionais\"}]},{\"@type\":\"WebSite\",\"@id\":\"https:\\\/\\\/jornaldasoficinas.com\\\/pt\\\/#website\",\"url\":\"https:\\\/\\\/jornaldasoficinas.com\\\/pt\\\/\",\"name\":\"Jornal das Oficinas\",\"description\":\"Jornal independente do Aftermarket Autom\u00f3vel em Portugal\",\"publisher\":{\"@id\":\"https:\\\/\\\/jornaldasoficinas.com\\\/pt\\\/#organization\"},\"potentialAction\":[{\"@type\":\"SearchAction\",\"target\":{\"@type\":\"EntryPoint\",\"urlTemplate\":\"https:\\\/\\\/jornaldasoficinas.com\\\/pt\\\/?s={search_term_string}\"},\"query-input\":{\"@type\":\"PropertyValueSpecification\",\"valueRequired\":true,\"valueName\":\"search_term_string\"}}],\"inLanguage\":\"pt-PT\"},{\"@type\":\"Organization\",\"@id\":\"https:\\\/\\\/jornaldasoficinas.com\\\/pt\\\/#organization\",\"name\":\"Jornal das Oficinas\",\"url\":\"https:\\\/\\\/jornaldasoficinas.com\\\/pt\\\/\",\"logo\":{\"@type\":\"ImageObject\",\"inLanguage\":\"pt-PT\",\"@id\":\"https:\\\/\\\/jornaldasoficinas.com\\\/pt\\\/#\\\/schema\\\/logo\\\/image\\\/\",\"url\":\"https:\\\/\\\/jornaldasoficinas.com\\\/pt\\\/wp-content\\\/uploads\\\/logoJO-SEO.png\",\"contentUrl\":\"https:\\\/\\\/jornaldasoficinas.com\\\/pt\\\/wp-content\\\/uploads\\\/logoJO-SEO.png\",\"width\":285,\"height\":450,\"caption\":\"Jornal das Oficinas\"},\"image\":{\"@id\":\"https:\\\/\\\/jornaldasoficinas.com\\\/pt\\\/#\\\/schema\\\/logo\\\/image\\\/\"},\"sameAs\":[\"https:\\\/\\\/www.facebook.com\\\/jornaloficinas\",\"https:\\\/\\\/x.com\\\/jornaloficinas\",\"https:\\\/\\\/www.instagram.com\\\/jornal_oficinas\\\/\",\"https:\\\/\\\/www.linkedin.com\\\/company\\\/jornal-das-oficinas\\\/\",\"https:\\\/\\\/www.youtube.com\\\/channel\\\/UCbQZBqtcvV-oSQrr7RzINGg\"]},{\"@type\":\"Person\",\"@id\":\"https:\\\/\\\/jornaldasoficinas.com\\\/pt\\\/#\\\/schema\\\/person\\\/a38eef5de2c41d9e7c9ac10141afddf3\",\"name\":\"Reda\u00e7\u00e3o JO\",\"image\":{\"@type\":\"ImageObject\",\"inLanguage\":\"pt-PT\",\"@id\":\"https:\\\/\\\/secure.gravatar.com\\\/avatar\\\/71f2fa71737ad68a84fea94bc708ddac8ea5b0c4788dc2ad202f3ccb2887742f?s=96&d=wp_user_avatar&r=g\",\"url\":\"https:\\\/\\\/secure.gravatar.com\\\/avatar\\\/71f2fa71737ad68a84fea94bc708ddac8ea5b0c4788dc2ad202f3ccb2887742f?s=96&d=wp_user_avatar&r=g\",\"contentUrl\":\"https:\\\/\\\/secure.gravatar.com\\\/avatar\\\/71f2fa71737ad68a84fea94bc708ddac8ea5b0c4788dc2ad202f3ccb2887742f?s=96&d=wp_user_avatar&r=g\",\"caption\":\"Reda\u00e7\u00e3o JO\"},\"url\":\"https:\\\/\\\/jornaldasoficinas.com\\\/pt\\\/author\\\/joredacao\\\/\"}]}<\/script>\n<!-- \/ Yoast SEO plugin. -->","yoast_head_json":{"title":"Situa\u00e7\u00e3o excecional, medidas excecionais - Jornal das Oficinas","robots":{"index":"index","follow":"follow","max-snippet":"max-snippet:-1","max-image-preview":"max-image-preview:large","max-video-preview":"max-video-preview:-1"},"canonical":"https:\/\/jornaldasoficinas.com\/pt\/situacao-excecional-medidas-excecionais\/","og_locale":"pt_PT","og_type":"article","og_title":"Situa\u00e7\u00e3o excecional, medidas excecionais - Jornal das Oficinas","og_description":"Quando j\u00e1 se vislumbrava uma luz...","og_url":"https:\/\/jornaldasoficinas.com\/pt\/situacao-excecional-medidas-excecionais\/","og_site_name":"Jornal das Oficinas","article_publisher":"https:\/\/www.facebook.com\/jornaloficinas","article_published_time":"2022-03-23T17:00:28+00:00","og_image":[{"width":1024,"height":581,"url":"https:\/\/jornaldasoficinas.com\/pt\/wp-content\/uploads\/2022\/03\/Situacao-excecional-medidas-excecionais.jpeg","type":"image\/jpeg"}],"author":"Reda\u00e7\u00e3o JO","twitter_card":"summary_large_image","twitter_creator":"@jornaloficinas","twitter_site":"@jornaloficinas","twitter_misc":{"Escrito por":"Reda\u00e7\u00e3o JO","Tempo estimado de leitura":"3 minutos"},"schema":{"@context":"https:\/\/schema.org","@graph":[{"@type":"Article","@id":"https:\/\/jornaldasoficinas.com\/pt\/situacao-excecional-medidas-excecionais\/#article","isPartOf":{"@id":"https:\/\/jornaldasoficinas.com\/pt\/situacao-excecional-medidas-excecionais\/"},"author":{"name":"Reda\u00e7\u00e3o JO","@id":"https:\/\/jornaldasoficinas.com\/pt\/#\/schema\/person\/a38eef5de2c41d9e7c9ac10141afddf3"},"headline":"Situa\u00e7\u00e3o excecional, medidas excecionais","datePublished":"2022-03-23T17:00:28+00:00","mainEntityOfPage":{"@id":"https:\/\/jornaldasoficinas.com\/pt\/situacao-excecional-medidas-excecionais\/"},"wordCount":648,"publisher":{"@id":"https:\/\/jornaldasoficinas.com\/pt\/#organization"},"image":{"@id":"https:\/\/jornaldasoficinas.com\/pt\/situacao-excecional-medidas-excecionais\/#primaryimage"},"thumbnailUrl":"https:\/\/jornaldasoficinas.com\/pt\/wp-content\/uploads\/2022\/03\/Situacao-excecional-medidas-excecionais.jpeg","articleSection":["Mercado"],"inLanguage":"pt-PT"},{"@type":"WebPage","@id":"https:\/\/jornaldasoficinas.com\/pt\/situacao-excecional-medidas-excecionais\/","url":"https:\/\/jornaldasoficinas.com\/pt\/situacao-excecional-medidas-excecionais\/","name":"Situa\u00e7\u00e3o excecional, medidas excecionais - Jornal das Oficinas","isPartOf":{"@id":"https:\/\/jornaldasoficinas.com\/pt\/#website"},"primaryImageOfPage":{"@id":"https:\/\/jornaldasoficinas.com\/pt\/situacao-excecional-medidas-excecionais\/#primaryimage"},"image":{"@id":"https:\/\/jornaldasoficinas.com\/pt\/situacao-excecional-medidas-excecionais\/#primaryimage"},"thumbnailUrl":"https:\/\/jornaldasoficinas.com\/pt\/wp-content\/uploads\/2022\/03\/Situacao-excecional-medidas-excecionais.jpeg","datePublished":"2022-03-23T17:00:28+00:00","breadcrumb":{"@id":"https:\/\/jornaldasoficinas.com\/pt\/situacao-excecional-medidas-excecionais\/#breadcrumb"},"inLanguage":"pt-PT","potentialAction":[{"@type":"ReadAction","target":["https:\/\/jornaldasoficinas.com\/pt\/situacao-excecional-medidas-excecionais\/"]}]},{"@type":"ImageObject","inLanguage":"pt-PT","@id":"https:\/\/jornaldasoficinas.com\/pt\/situacao-excecional-medidas-excecionais\/#primaryimage","url":"https:\/\/jornaldasoficinas.com\/pt\/wp-content\/uploads\/2022\/03\/Situacao-excecional-medidas-excecionais.jpeg","contentUrl":"https:\/\/jornaldasoficinas.com\/pt\/wp-content\/uploads\/2022\/03\/Situacao-excecional-medidas-excecionais.jpeg","width":1024,"height":581,"caption":"03 - Situacao excecional medidas excecionais"},{"@type":"BreadcrumbList","@id":"https:\/\/jornaldasoficinas.com\/pt\/situacao-excecional-medidas-excecionais\/#breadcrumb","itemListElement":[{"@type":"ListItem","position":1,"name":"In\u00edcio","item":"https:\/\/jornaldasoficinas.com\/pt\/"},{"@type":"ListItem","position":2,"name":"Situa\u00e7\u00e3o excecional, medidas excecionais"}]},{"@type":"WebSite","@id":"https:\/\/jornaldasoficinas.com\/pt\/#website","url":"https:\/\/jornaldasoficinas.com\/pt\/","name":"Jornal das Oficinas","description":"Jornal independente do Aftermarket Autom\u00f3vel em Portugal","publisher":{"@id":"https:\/\/jornaldasoficinas.com\/pt\/#organization"},"potentialAction":[{"@type":"SearchAction","target":{"@type":"EntryPoint","urlTemplate":"https:\/\/jornaldasoficinas.com\/pt\/?s={search_term_string}"},"query-input":{"@type":"PropertyValueSpecification","valueRequired":true,"valueName":"search_term_string"}}],"inLanguage":"pt-PT"},{"@type":"Organization","@id":"https:\/\/jornaldasoficinas.com\/pt\/#organization","name":"Jornal das Oficinas","url":"https:\/\/jornaldasoficinas.com\/pt\/","logo":{"@type":"ImageObject","inLanguage":"pt-PT","@id":"https:\/\/jornaldasoficinas.com\/pt\/#\/schema\/logo\/image\/","url":"https:\/\/jornaldasoficinas.com\/pt\/wp-content\/uploads\/logoJO-SEO.png","contentUrl":"https:\/\/jornaldasoficinas.com\/pt\/wp-content\/uploads\/logoJO-SEO.png","width":285,"height":450,"caption":"Jornal das Oficinas"},"image":{"@id":"https:\/\/jornaldasoficinas.com\/pt\/#\/schema\/logo\/image\/"},"sameAs":["https:\/\/www.facebook.com\/jornaloficinas","https:\/\/x.com\/jornaloficinas","https:\/\/www.instagram.com\/jornal_oficinas\/","https:\/\/www.linkedin.com\/company\/jornal-das-oficinas\/","https:\/\/www.youtube.com\/channel\/UCbQZBqtcvV-oSQrr7RzINGg"]},{"@type":"Person","@id":"https:\/\/jornaldasoficinas.com\/pt\/#\/schema\/person\/a38eef5de2c41d9e7c9ac10141afddf3","name":"Reda\u00e7\u00e3o JO","image":{"@type":"ImageObject","inLanguage":"pt-PT","@id":"https:\/\/secure.gravatar.com\/avatar\/71f2fa71737ad68a84fea94bc708ddac8ea5b0c4788dc2ad202f3ccb2887742f?s=96&d=wp_user_avatar&r=g","url":"https:\/\/secure.gravatar.com\/avatar\/71f2fa71737ad68a84fea94bc708ddac8ea5b0c4788dc2ad202f3ccb2887742f?s=96&d=wp_user_avatar&r=g","contentUrl":"https:\/\/secure.gravatar.com\/avatar\/71f2fa71737ad68a84fea94bc708ddac8ea5b0c4788dc2ad202f3ccb2887742f?s=96&d=wp_user_avatar&r=g","caption":"Reda\u00e7\u00e3o JO"},"url":"https:\/\/jornaldasoficinas.com\/pt\/author\/joredacao\/"}]}},"_links":{"self":[{"href":"https:\/\/jornaldasoficinas.com\/pt\/wp-json\/wp\/v2\/posts\/28262","targetHints":{"allow":["GET"]}}],"collection":[{"href":"https:\/\/jornaldasoficinas.com\/pt\/wp-json\/wp\/v2\/posts"}],"about":[{"href":"https:\/\/jornaldasoficinas.com\/pt\/wp-json\/wp\/v2\/types\/post"}],"author":[{"embeddable":true,"href":"https:\/\/jornaldasoficinas.com\/pt\/wp-json\/wp\/v2\/users\/15"}],"replies":[{"embeddable":true,"href":"https:\/\/jornaldasoficinas.com\/pt\/wp-json\/wp\/v2\/comments?post=28262"}],"version-history":[{"count":0,"href":"https:\/\/jornaldasoficinas.com\/pt\/wp-json\/wp\/v2\/posts\/28262\/revisions"}],"wp:featuredmedia":[{"embeddable":true,"href":"https:\/\/jornaldasoficinas.com\/pt\/wp-json\/wp\/v2\/media\/28260"}],"wp:attachment":[{"href":"https:\/\/jornaldasoficinas.com\/pt\/wp-json\/wp\/v2\/media?parent=28262"}],"wp:term":[{"taxonomy":"category","embeddable":true,"href":"https:\/\/jornaldasoficinas.com\/pt\/wp-json\/wp\/v2\/categories?post=28262"},{"taxonomy":"post_tag","embeddable":true,"href":"https:\/\/jornaldasoficinas.com\/pt\/wp-json\/wp\/v2\/tags?post=28262"}],"curies":[{"name":"wp","href":"https:\/\/api.w.org\/{rel}","templated":true}]}}