{"id":28300,"date":"2022-03-25T10:00:33","date_gmt":"2022-03-25T10:00:33","guid":{"rendered":"https:\/\/jornaldasoficinas.com\/pt\/?p=28300"},"modified":"2022-03-24T09:31:30","modified_gmt":"2022-03-24T09:31:30","slug":"herth-buss-apresenta-sistema-carregamento-ve","status":"publish","type":"post","link":"https:\/\/jornaldasoficinas.com\/pt\/herth-buss-apresenta-sistema-carregamento-ve\/","title":{"rendered":"Herth + Buss apresenta sistema carregamento VE"},"content":{"rendered":"<p><strong><img loading=\"lazy\" decoding=\"async\" class=\"alignnone size-full wp-image-28291\" src=\"https:\/\/jornaldasoficinas.com\/pt\/wp-content\/uploads\/2022\/03\/Herth-Buss-apresenta.jpg\" alt=\"03 - Herth Buss apresenta\" width=\"1024\" height=\"581\" srcset=\"https:\/\/jornaldasoficinas.com\/pt\/wp-content\/uploads\/2022\/03\/Herth-Buss-apresenta.jpg 1024w, https:\/\/jornaldasoficinas.com\/pt\/wp-content\/uploads\/2022\/03\/Herth-Buss-apresenta-300x170.jpg 300w, https:\/\/jornaldasoficinas.com\/pt\/wp-content\/uploads\/2022\/03\/Herth-Buss-apresenta-150x85.jpg 150w, https:\/\/jornaldasoficinas.com\/pt\/wp-content\/uploads\/2022\/03\/Herth-Buss-apresenta-768x436.jpg 768w\" sizes=\"auto, (max-width: 1024px) 100vw, 1024px\" \/><\/strong><\/p>\n<p><strong>O crescente interesse na e-mobilidade e o n\u00famero crescente de ve\u00edculos el\u00e9tricos est\u00e1 a mudar n\u00e3o s\u00f3 o tr\u00e1fego rodovi\u00e1rio tradicional, mas tamb\u00e9m a procura no mercado de p\u00f3s-venda autom\u00f3vel. A <a href=\"https:\/\/herthundbuss.com\/pt-pt\/\" target=\"_blank\" rel=\"noopener\">Herth + Buss<\/a> tem vindo a acompanhar este desenvolvimento h\u00e1 muito tempo e estamos constantemente a trabalhar para adaptar a nossa gama de produtos \u00e0s novas exig\u00eancias dos condutores e das oficinas<\/strong><\/p>\n<p>\u00c9 por isso que a gama de produtos da Herth + Buss inclui a unidade de carregamento NRGkick para ve\u00edculos el\u00e9ctricos e h\u00edbridos plug-in. A NRGkick \u00e9 mais do que uma simples caixa de parede. A NRGkick permite carregar at\u00e9 32 amperes e fornece uma pot\u00eancia de at\u00e9 22 kW. Um ve\u00edculo el\u00e9ctrico com uma capacidade de 24 kWh pode ser totalmente carregado em pouco mais de uma hora. Isto poupa v\u00e1rias horas em compara\u00e7\u00e3o com os cabos convencionais de carregamento de emerg\u00eancia.<\/p>\n<p>Em vez da instala\u00e7\u00e3o adicional e dispendiosa das caixas de parede inflex\u00edveis e esta\u00e7\u00f5es de carregamento, apenas \u00e9 necess\u00e1ria uma tomada padr\u00e3o quando se utiliza o NRGkick. Devido aos acess\u00f3rios de ficha intercambi\u00e1veis, o NRGkick \u00e9 adequado tanto para tomadas CEE32, CEE16 como para tomadas com liga\u00e7\u00e3o \u00e0 terra.<\/p>\n<p>A ficha adicional de tipo 2 tamb\u00e9m pode ser utilizada para carregar em qualquer esta\u00e7\u00e3o de carregamento p\u00fablica. Isto significa que o cabo de carregamento do modo tradicional 3, que normalmente \u00e9 necess\u00e1rio nas esta\u00e7\u00f5es de carregamento p\u00fablicas, j\u00e1 n\u00e3o \u00e9 necess\u00e1rio.<\/p>\n<p>Adaptadores adicionais est\u00e3o tamb\u00e9m dispon\u00edveis dependendo da aplica\u00e7\u00e3o, que podem ser encomendados opcionalmente como acess\u00f3rios. A unidade de carregamento est\u00e1 tamb\u00e9m dispon\u00edvel como um conjunto contendo os adaptadores CEE e Schuko num pr\u00e1tico saco de transporte.<\/p>\n<p><strong>O NRGkick permite um servi\u00e7o \u00f3ptimo na oficina<br \/>\n<\/strong>Com a unidade de carregamento NRGkick, ve\u00edculos el\u00e9ctricos e h\u00edbridos plug-in podem ser carregados n\u00e3o s\u00f3 em casa, mas tamb\u00e9m convenientemente na oficina. Isto permite um servi\u00e7o excepcional.<\/p>\n<p>Durante os trabalhos de repara\u00e7\u00e3o, os ve\u00edculos podem ser carregados directamente na oficina e depois devolvidos ao cliente totalmente carregados. Isto n\u00e3o s\u00f3 deixa uma boa impress\u00e3o no cliente, como tamb\u00e9m tem um impacto positivo no ambiente.<\/p>\n<p>Afinal de contas, isto significa que os h\u00edbridos plug-in podem ser conduzidos de volta a casa de forma puramente el\u00e9ctrica, o que permite poupar nas emiss\u00f5es.<\/p>\n<p><strong>Manuseamento f\u00e1cil e controlo conveniente<br \/>\n<\/strong>A unidade de carga \u00e9 extremamente f\u00e1cil de usar. Um painel de toque capacitivo pode ser utilizado para ajustar facilmente a corrente e a capacidade de carga. Existe uma interface Wifi e Bluetooth que permite a utiliza\u00e7\u00e3o da aplica\u00e7\u00e3o gratuita. A aplica\u00e7\u00e3o fornece op\u00e7\u00f5es de controlo avan\u00e7adas e exibe dados de carregamento, tais como estat\u00edsticas de carregamento ou custos de electricidade.<\/p>\n<p><strong>\u00a0<\/strong><strong>O NRGkick garante a m\u00e1xima seguran\u00e7a<br \/>\n<\/strong>NRGkick tamb\u00e9m impressiona com uma variedade de caracter\u00edsticas de seguran\u00e7a que fazem uso seguro e sem riscos. Para al\u00e9m da monitoriza\u00e7\u00e3o integrada da temperatura e da protec\u00e7\u00e3o contra sobreaquecimento e sobretens\u00e3o, a unidade de carregamento impressiona tamb\u00e9m com o sistema de ficha de seguran\u00e7a patenteado, completo com monitoriza\u00e7\u00e3o da temperatura de todos os acess\u00f3rios da ficha.<\/p>\n<p>O mecanismo de protec\u00e7\u00e3o de corrente residual integrado tamb\u00e9m assegura que a bateria n\u00e3o \u00e9 danificada no caso de um curto-circuito. Os cabos de carregamento s\u00e3o extremamente resistentes \u00e0 carga e impressionam pela sua resist\u00eancia ao impacto no trabalho di\u00e1rio da oficina. De acordo com a classe de protec\u00e7\u00e3o IP67, s\u00e3o tamb\u00e9m \u00e0 prova de \u00e1gua e \u00e0 prova de p\u00f3. NRGkick tem o s\u00edmbolo VDE e \u00d6VE e, portanto, cumpre os mais altos padr\u00f5es de qualidade.<\/p>\n","protected":false},"excerpt":{"rendered":"<p>O crescente interesse na e-mobilidade e&#8230;<\/p>\n","protected":false},"author":15,"featured_media":28291,"comment_status":"closed","ping_status":"closed","sticky":false,"template":"","format":"standard","meta":{"footnotes":""},"categories":[6],"tags":[1289],"class_list":["post-28300","post","type-post","status-publish","format-standard","has-post-thumbnail","hentry","category-equipamentos","tag-herth-buss"],"yoast_head":"<!-- This site is optimized with the Yoast SEO plugin v27.5 - https:\/\/yoast.com\/product\/yoast-seo-wordpress\/ -->\n<title>Herth + Buss apresenta sistema carregamento VE - Jornal das Oficinas<\/title>\n<meta name=\"robots\" content=\"index, follow, max-snippet:-1, max-image-preview:large, max-video-preview:-1\" \/>\n<link rel=\"canonical\" href=\"https:\/\/jornaldasoficinas.com\/pt\/herth-buss-apresenta-sistema-carregamento-ve\/\" \/>\n<meta property=\"og:locale\" content=\"pt_PT\" \/>\n<meta property=\"og:type\" content=\"article\" \/>\n<meta property=\"og:title\" content=\"Herth + Buss apresenta sistema carregamento VE - Jornal das Oficinas\" \/>\n<meta property=\"og:description\" content=\"O crescente interesse na e-mobilidade e...\" \/>\n<meta property=\"og:url\" content=\"https:\/\/jornaldasoficinas.com\/pt\/herth-buss-apresenta-sistema-carregamento-ve\/\" \/>\n<meta property=\"og:site_name\" content=\"Jornal das Oficinas\" \/>\n<meta property=\"article:publisher\" content=\"https:\/\/www.facebook.com\/jornaloficinas\" \/>\n<meta property=\"article:published_time\" content=\"2022-03-25T10:00:33+00:00\" \/>\n<meta property=\"og:image\" content=\"https:\/\/jornaldasoficinas.com\/pt\/wp-content\/uploads\/2022\/03\/Herth-Buss-apresenta.jpg\" \/>\n\t<meta property=\"og:image:width\" content=\"1024\" \/>\n\t<meta property=\"og:image:height\" content=\"581\" \/>\n\t<meta property=\"og:image:type\" content=\"image\/jpeg\" \/>\n<meta name=\"author\" content=\"Reda\u00e7\u00e3o JO\" \/>\n<meta name=\"twitter:card\" content=\"summary_large_image\" \/>\n<meta name=\"twitter:creator\" content=\"@jornaloficinas\" \/>\n<meta name=\"twitter:site\" content=\"@jornaloficinas\" \/>\n<meta name=\"twitter:label1\" content=\"Escrito por\" \/>\n\t<meta name=\"twitter:data1\" content=\"Reda\u00e7\u00e3o JO\" \/>\n\t<meta name=\"twitter:label2\" content=\"Tempo estimado de leitura\" \/>\n\t<meta name=\"twitter:data2\" content=\"3 minutos\" \/>\n<script type=\"application\/ld+json\" class=\"yoast-schema-graph\">{\"@context\":\"https:\\\/\\\/schema.org\",\"@graph\":[{\"@type\":\"Article\",\"@id\":\"https:\\\/\\\/jornaldasoficinas.com\\\/pt\\\/herth-buss-apresenta-sistema-carregamento-ve\\\/#article\",\"isPartOf\":{\"@id\":\"https:\\\/\\\/jornaldasoficinas.com\\\/pt\\\/herth-buss-apresenta-sistema-carregamento-ve\\\/\"},\"author\":{\"name\":\"Reda\u00e7\u00e3o JO\",\"@id\":\"https:\\\/\\\/jornaldasoficinas.com\\\/pt\\\/#\\\/schema\\\/person\\\/a38eef5de2c41d9e7c9ac10141afddf3\"},\"headline\":\"Herth + Buss apresenta sistema carregamento VE\",\"datePublished\":\"2022-03-25T10:00:33+00:00\",\"mainEntityOfPage\":{\"@id\":\"https:\\\/\\\/jornaldasoficinas.com\\\/pt\\\/herth-buss-apresenta-sistema-carregamento-ve\\\/\"},\"wordCount\":654,\"publisher\":{\"@id\":\"https:\\\/\\\/jornaldasoficinas.com\\\/pt\\\/#organization\"},\"image\":{\"@id\":\"https:\\\/\\\/jornaldasoficinas.com\\\/pt\\\/herth-buss-apresenta-sistema-carregamento-ve\\\/#primaryimage\"},\"thumbnailUrl\":\"https:\\\/\\\/jornaldasoficinas.com\\\/pt\\\/wp-content\\\/uploads\\\/2022\\\/03\\\/Herth-Buss-apresenta.jpg\",\"keywords\":[\"Herth + Buss\"],\"articleSection\":[\"Equipamentos\"],\"inLanguage\":\"pt-PT\"},{\"@type\":\"WebPage\",\"@id\":\"https:\\\/\\\/jornaldasoficinas.com\\\/pt\\\/herth-buss-apresenta-sistema-carregamento-ve\\\/\",\"url\":\"https:\\\/\\\/jornaldasoficinas.com\\\/pt\\\/herth-buss-apresenta-sistema-carregamento-ve\\\/\",\"name\":\"Herth + Buss apresenta sistema carregamento VE - Jornal das Oficinas\",\"isPartOf\":{\"@id\":\"https:\\\/\\\/jornaldasoficinas.com\\\/pt\\\/#website\"},\"primaryImageOfPage\":{\"@id\":\"https:\\\/\\\/jornaldasoficinas.com\\\/pt\\\/herth-buss-apresenta-sistema-carregamento-ve\\\/#primaryimage\"},\"image\":{\"@id\":\"https:\\\/\\\/jornaldasoficinas.com\\\/pt\\\/herth-buss-apresenta-sistema-carregamento-ve\\\/#primaryimage\"},\"thumbnailUrl\":\"https:\\\/\\\/jornaldasoficinas.com\\\/pt\\\/wp-content\\\/uploads\\\/2022\\\/03\\\/Herth-Buss-apresenta.jpg\",\"datePublished\":\"2022-03-25T10:00:33+00:00\",\"breadcrumb\":{\"@id\":\"https:\\\/\\\/jornaldasoficinas.com\\\/pt\\\/herth-buss-apresenta-sistema-carregamento-ve\\\/#breadcrumb\"},\"inLanguage\":\"pt-PT\",\"potentialAction\":[{\"@type\":\"ReadAction\",\"target\":[\"https:\\\/\\\/jornaldasoficinas.com\\\/pt\\\/herth-buss-apresenta-sistema-carregamento-ve\\\/\"]}]},{\"@type\":\"ImageObject\",\"inLanguage\":\"pt-PT\",\"@id\":\"https:\\\/\\\/jornaldasoficinas.com\\\/pt\\\/herth-buss-apresenta-sistema-carregamento-ve\\\/#primaryimage\",\"url\":\"https:\\\/\\\/jornaldasoficinas.com\\\/pt\\\/wp-content\\\/uploads\\\/2022\\\/03\\\/Herth-Buss-apresenta.jpg\",\"contentUrl\":\"https:\\\/\\\/jornaldasoficinas.com\\\/pt\\\/wp-content\\\/uploads\\\/2022\\\/03\\\/Herth-Buss-apresenta.jpg\",\"width\":1024,\"height\":581,\"caption\":\"03 - Herth Buss apresenta\"},{\"@type\":\"BreadcrumbList\",\"@id\":\"https:\\\/\\\/jornaldasoficinas.com\\\/pt\\\/herth-buss-apresenta-sistema-carregamento-ve\\\/#breadcrumb\",\"itemListElement\":[{\"@type\":\"ListItem\",\"position\":1,\"name\":\"In\u00edcio\",\"item\":\"https:\\\/\\\/jornaldasoficinas.com\\\/pt\\\/\"},{\"@type\":\"ListItem\",\"position\":2,\"name\":\"Herth + Buss apresenta sistema carregamento VE\"}]},{\"@type\":\"WebSite\",\"@id\":\"https:\\\/\\\/jornaldasoficinas.com\\\/pt\\\/#website\",\"url\":\"https:\\\/\\\/jornaldasoficinas.com\\\/pt\\\/\",\"name\":\"Jornal das Oficinas\",\"description\":\"Jornal independente do Aftermarket Autom\u00f3vel em Portugal\",\"publisher\":{\"@id\":\"https:\\\/\\\/jornaldasoficinas.com\\\/pt\\\/#organization\"},\"potentialAction\":[{\"@type\":\"SearchAction\",\"target\":{\"@type\":\"EntryPoint\",\"urlTemplate\":\"https:\\\/\\\/jornaldasoficinas.com\\\/pt\\\/?s={search_term_string}\"},\"query-input\":{\"@type\":\"PropertyValueSpecification\",\"valueRequired\":true,\"valueName\":\"search_term_string\"}}],\"inLanguage\":\"pt-PT\"},{\"@type\":\"Organization\",\"@id\":\"https:\\\/\\\/jornaldasoficinas.com\\\/pt\\\/#organization\",\"name\":\"Jornal das Oficinas\",\"url\":\"https:\\\/\\\/jornaldasoficinas.com\\\/pt\\\/\",\"logo\":{\"@type\":\"ImageObject\",\"inLanguage\":\"pt-PT\",\"@id\":\"https:\\\/\\\/jornaldasoficinas.com\\\/pt\\\/#\\\/schema\\\/logo\\\/image\\\/\",\"url\":\"https:\\\/\\\/jornaldasoficinas.com\\\/pt\\\/wp-content\\\/uploads\\\/logoJO-SEO.png\",\"contentUrl\":\"https:\\\/\\\/jornaldasoficinas.com\\\/pt\\\/wp-content\\\/uploads\\\/logoJO-SEO.png\",\"width\":285,\"height\":450,\"caption\":\"Jornal das Oficinas\"},\"image\":{\"@id\":\"https:\\\/\\\/jornaldasoficinas.com\\\/pt\\\/#\\\/schema\\\/logo\\\/image\\\/\"},\"sameAs\":[\"https:\\\/\\\/www.facebook.com\\\/jornaloficinas\",\"https:\\\/\\\/x.com\\\/jornaloficinas\",\"https:\\\/\\\/www.instagram.com\\\/jornal_oficinas\\\/\",\"https:\\\/\\\/www.linkedin.com\\\/company\\\/jornal-das-oficinas\\\/\",\"https:\\\/\\\/www.youtube.com\\\/channel\\\/UCbQZBqtcvV-oSQrr7RzINGg\"]},{\"@type\":\"Person\",\"@id\":\"https:\\\/\\\/jornaldasoficinas.com\\\/pt\\\/#\\\/schema\\\/person\\\/a38eef5de2c41d9e7c9ac10141afddf3\",\"name\":\"Reda\u00e7\u00e3o JO\",\"image\":{\"@type\":\"ImageObject\",\"inLanguage\":\"pt-PT\",\"@id\":\"https:\\\/\\\/secure.gravatar.com\\\/avatar\\\/71f2fa71737ad68a84fea94bc708ddac8ea5b0c4788dc2ad202f3ccb2887742f?s=96&d=wp_user_avatar&r=g\",\"url\":\"https:\\\/\\\/secure.gravatar.com\\\/avatar\\\/71f2fa71737ad68a84fea94bc708ddac8ea5b0c4788dc2ad202f3ccb2887742f?s=96&d=wp_user_avatar&r=g\",\"contentUrl\":\"https:\\\/\\\/secure.gravatar.com\\\/avatar\\\/71f2fa71737ad68a84fea94bc708ddac8ea5b0c4788dc2ad202f3ccb2887742f?s=96&d=wp_user_avatar&r=g\",\"caption\":\"Reda\u00e7\u00e3o JO\"},\"url\":\"https:\\\/\\\/jornaldasoficinas.com\\\/pt\\\/author\\\/joredacao\\\/\"}]}<\/script>\n<!-- \/ Yoast SEO plugin. -->","yoast_head_json":{"title":"Herth + Buss apresenta sistema carregamento VE - Jornal das Oficinas","robots":{"index":"index","follow":"follow","max-snippet":"max-snippet:-1","max-image-preview":"max-image-preview:large","max-video-preview":"max-video-preview:-1"},"canonical":"https:\/\/jornaldasoficinas.com\/pt\/herth-buss-apresenta-sistema-carregamento-ve\/","og_locale":"pt_PT","og_type":"article","og_title":"Herth + Buss apresenta sistema carregamento VE - Jornal das Oficinas","og_description":"O crescente interesse na e-mobilidade e...","og_url":"https:\/\/jornaldasoficinas.com\/pt\/herth-buss-apresenta-sistema-carregamento-ve\/","og_site_name":"Jornal das Oficinas","article_publisher":"https:\/\/www.facebook.com\/jornaloficinas","article_published_time":"2022-03-25T10:00:33+00:00","og_image":[{"width":1024,"height":581,"url":"https:\/\/jornaldasoficinas.com\/pt\/wp-content\/uploads\/2022\/03\/Herth-Buss-apresenta.jpg","type":"image\/jpeg"}],"author":"Reda\u00e7\u00e3o JO","twitter_card":"summary_large_image","twitter_creator":"@jornaloficinas","twitter_site":"@jornaloficinas","twitter_misc":{"Escrito por":"Reda\u00e7\u00e3o JO","Tempo estimado de leitura":"3 minutos"},"schema":{"@context":"https:\/\/schema.org","@graph":[{"@type":"Article","@id":"https:\/\/jornaldasoficinas.com\/pt\/herth-buss-apresenta-sistema-carregamento-ve\/#article","isPartOf":{"@id":"https:\/\/jornaldasoficinas.com\/pt\/herth-buss-apresenta-sistema-carregamento-ve\/"},"author":{"name":"Reda\u00e7\u00e3o JO","@id":"https:\/\/jornaldasoficinas.com\/pt\/#\/schema\/person\/a38eef5de2c41d9e7c9ac10141afddf3"},"headline":"Herth + Buss apresenta sistema carregamento VE","datePublished":"2022-03-25T10:00:33+00:00","mainEntityOfPage":{"@id":"https:\/\/jornaldasoficinas.com\/pt\/herth-buss-apresenta-sistema-carregamento-ve\/"},"wordCount":654,"publisher":{"@id":"https:\/\/jornaldasoficinas.com\/pt\/#organization"},"image":{"@id":"https:\/\/jornaldasoficinas.com\/pt\/herth-buss-apresenta-sistema-carregamento-ve\/#primaryimage"},"thumbnailUrl":"https:\/\/jornaldasoficinas.com\/pt\/wp-content\/uploads\/2022\/03\/Herth-Buss-apresenta.jpg","keywords":["Herth + Buss"],"articleSection":["Equipamentos"],"inLanguage":"pt-PT"},{"@type":"WebPage","@id":"https:\/\/jornaldasoficinas.com\/pt\/herth-buss-apresenta-sistema-carregamento-ve\/","url":"https:\/\/jornaldasoficinas.com\/pt\/herth-buss-apresenta-sistema-carregamento-ve\/","name":"Herth + Buss apresenta sistema carregamento VE - Jornal das Oficinas","isPartOf":{"@id":"https:\/\/jornaldasoficinas.com\/pt\/#website"},"primaryImageOfPage":{"@id":"https:\/\/jornaldasoficinas.com\/pt\/herth-buss-apresenta-sistema-carregamento-ve\/#primaryimage"},"image":{"@id":"https:\/\/jornaldasoficinas.com\/pt\/herth-buss-apresenta-sistema-carregamento-ve\/#primaryimage"},"thumbnailUrl":"https:\/\/jornaldasoficinas.com\/pt\/wp-content\/uploads\/2022\/03\/Herth-Buss-apresenta.jpg","datePublished":"2022-03-25T10:00:33+00:00","breadcrumb":{"@id":"https:\/\/jornaldasoficinas.com\/pt\/herth-buss-apresenta-sistema-carregamento-ve\/#breadcrumb"},"inLanguage":"pt-PT","potentialAction":[{"@type":"ReadAction","target":["https:\/\/jornaldasoficinas.com\/pt\/herth-buss-apresenta-sistema-carregamento-ve\/"]}]},{"@type":"ImageObject","inLanguage":"pt-PT","@id":"https:\/\/jornaldasoficinas.com\/pt\/herth-buss-apresenta-sistema-carregamento-ve\/#primaryimage","url":"https:\/\/jornaldasoficinas.com\/pt\/wp-content\/uploads\/2022\/03\/Herth-Buss-apresenta.jpg","contentUrl":"https:\/\/jornaldasoficinas.com\/pt\/wp-content\/uploads\/2022\/03\/Herth-Buss-apresenta.jpg","width":1024,"height":581,"caption":"03 - Herth Buss apresenta"},{"@type":"BreadcrumbList","@id":"https:\/\/jornaldasoficinas.com\/pt\/herth-buss-apresenta-sistema-carregamento-ve\/#breadcrumb","itemListElement":[{"@type":"ListItem","position":1,"name":"In\u00edcio","item":"https:\/\/jornaldasoficinas.com\/pt\/"},{"@type":"ListItem","position":2,"name":"Herth + Buss apresenta sistema carregamento VE"}]},{"@type":"WebSite","@id":"https:\/\/jornaldasoficinas.com\/pt\/#website","url":"https:\/\/jornaldasoficinas.com\/pt\/","name":"Jornal das Oficinas","description":"Jornal independente do Aftermarket Autom\u00f3vel em Portugal","publisher":{"@id":"https:\/\/jornaldasoficinas.com\/pt\/#organization"},"potentialAction":[{"@type":"SearchAction","target":{"@type":"EntryPoint","urlTemplate":"https:\/\/jornaldasoficinas.com\/pt\/?s={search_term_string}"},"query-input":{"@type":"PropertyValueSpecification","valueRequired":true,"valueName":"search_term_string"}}],"inLanguage":"pt-PT"},{"@type":"Organization","@id":"https:\/\/jornaldasoficinas.com\/pt\/#organization","name":"Jornal das Oficinas","url":"https:\/\/jornaldasoficinas.com\/pt\/","logo":{"@type":"ImageObject","inLanguage":"pt-PT","@id":"https:\/\/jornaldasoficinas.com\/pt\/#\/schema\/logo\/image\/","url":"https:\/\/jornaldasoficinas.com\/pt\/wp-content\/uploads\/logoJO-SEO.png","contentUrl":"https:\/\/jornaldasoficinas.com\/pt\/wp-content\/uploads\/logoJO-SEO.png","width":285,"height":450,"caption":"Jornal das Oficinas"},"image":{"@id":"https:\/\/jornaldasoficinas.com\/pt\/#\/schema\/logo\/image\/"},"sameAs":["https:\/\/www.facebook.com\/jornaloficinas","https:\/\/x.com\/jornaloficinas","https:\/\/www.instagram.com\/jornal_oficinas\/","https:\/\/www.linkedin.com\/company\/jornal-das-oficinas\/","https:\/\/www.youtube.com\/channel\/UCbQZBqtcvV-oSQrr7RzINGg"]},{"@type":"Person","@id":"https:\/\/jornaldasoficinas.com\/pt\/#\/schema\/person\/a38eef5de2c41d9e7c9ac10141afddf3","name":"Reda\u00e7\u00e3o JO","image":{"@type":"ImageObject","inLanguage":"pt-PT","@id":"https:\/\/secure.gravatar.com\/avatar\/71f2fa71737ad68a84fea94bc708ddac8ea5b0c4788dc2ad202f3ccb2887742f?s=96&d=wp_user_avatar&r=g","url":"https:\/\/secure.gravatar.com\/avatar\/71f2fa71737ad68a84fea94bc708ddac8ea5b0c4788dc2ad202f3ccb2887742f?s=96&d=wp_user_avatar&r=g","contentUrl":"https:\/\/secure.gravatar.com\/avatar\/71f2fa71737ad68a84fea94bc708ddac8ea5b0c4788dc2ad202f3ccb2887742f?s=96&d=wp_user_avatar&r=g","caption":"Reda\u00e7\u00e3o JO"},"url":"https:\/\/jornaldasoficinas.com\/pt\/author\/joredacao\/"}]}},"_links":{"self":[{"href":"https:\/\/jornaldasoficinas.com\/pt\/wp-json\/wp\/v2\/posts\/28300","targetHints":{"allow":["GET"]}}],"collection":[{"href":"https:\/\/jornaldasoficinas.com\/pt\/wp-json\/wp\/v2\/posts"}],"about":[{"href":"https:\/\/jornaldasoficinas.com\/pt\/wp-json\/wp\/v2\/types\/post"}],"author":[{"embeddable":true,"href":"https:\/\/jornaldasoficinas.com\/pt\/wp-json\/wp\/v2\/users\/15"}],"replies":[{"embeddable":true,"href":"https:\/\/jornaldasoficinas.com\/pt\/wp-json\/wp\/v2\/comments?post=28300"}],"version-history":[{"count":0,"href":"https:\/\/jornaldasoficinas.com\/pt\/wp-json\/wp\/v2\/posts\/28300\/revisions"}],"wp:featuredmedia":[{"embeddable":true,"href":"https:\/\/jornaldasoficinas.com\/pt\/wp-json\/wp\/v2\/media\/28291"}],"wp:attachment":[{"href":"https:\/\/jornaldasoficinas.com\/pt\/wp-json\/wp\/v2\/media?parent=28300"}],"wp:term":[{"taxonomy":"category","embeddable":true,"href":"https:\/\/jornaldasoficinas.com\/pt\/wp-json\/wp\/v2\/categories?post=28300"},{"taxonomy":"post_tag","embeddable":true,"href":"https:\/\/jornaldasoficinas.com\/pt\/wp-json\/wp\/v2\/tags?post=28300"}],"curies":[{"name":"wp","href":"https:\/\/api.w.org\/{rel}","templated":true}]}}