{"id":28380,"date":"2022-03-28T15:00:37","date_gmt":"2022-03-28T14:00:37","guid":{"rendered":"https:\/\/jornaldasoficinas.com\/pt\/?p=28380"},"modified":"2022-03-28T09:05:16","modified_gmt":"2022-03-28T08:05:16","slug":"talents4aa-e-a-nova-associacao-para-o-setor-aftermarket","status":"publish","type":"post","link":"https:\/\/jornaldasoficinas.com\/pt\/talents4aa-e-a-nova-associacao-para-o-setor-aftermarket\/","title":{"rendered":"Talents4AA \u00e9 a nova Associa\u00e7\u00e3o para o setor aftermarket"},"content":{"rendered":"<p><strong><img loading=\"lazy\" decoding=\"async\" class=\"alignnone size-full wp-image-28377\" src=\"https:\/\/jornaldasoficinas.com\/pt\/wp-content\/uploads\/2022\/03\/Talents4AAA-e-a-nova-Associacao.jpg\" alt=\"03 - Talents4AAA e a nova Associacao\" width=\"1024\" height=\"581\" srcset=\"https:\/\/jornaldasoficinas.com\/pt\/wp-content\/uploads\/2022\/03\/Talents4AAA-e-a-nova-Associacao.jpg 1024w, https:\/\/jornaldasoficinas.com\/pt\/wp-content\/uploads\/2022\/03\/Talents4AAA-e-a-nova-Associacao-300x170.jpg 300w, https:\/\/jornaldasoficinas.com\/pt\/wp-content\/uploads\/2022\/03\/Talents4AAA-e-a-nova-Associacao-150x85.jpg 150w, https:\/\/jornaldasoficinas.com\/pt\/wp-content\/uploads\/2022\/03\/Talents4AAA-e-a-nova-Associacao-768x436.jpg 768w\" sizes=\"auto, (max-width: 1024px) 100vw, 1024px\" \/><\/strong><\/p>\n<p><strong>Ap\u00f3s 2 anos de trabalho preliminar e interc\u00e2mbios, a associa\u00e7\u00e3o <a href=\"https:\/\/talents4aa.com\/\" target=\"_blank\" rel=\"noopener\">Talents4AA<\/a> foi oficialmente criada em Paris em Mar\u00e7o de 2022 com o objetivo de atrair e reter talentos de todas as idades e origens, em todas as profiss\u00f5es, num dos sectores mais atrativos: o aftermarket<\/strong><\/p>\n<p>Inegavelmente, o Aftermarket \u00e9 um sector multifacetado e fascinante que oferece uma enorme escolha e gama de oportunidades de carreira a todos os n\u00edveis, desde a oficina \u00e0 gest\u00e3o de topo. No entanto, todos os participantes &#8211; desde fabricantes de pe\u00e7as, distribuidores e reparadores &#8211; enfrentam o mesmo desafio: tornar o sector amplamente reconhecido e atrair e reter talentos.<\/p>\n<p>Como os estudos confirmam, o mercado de reposi\u00e7\u00e3o autom\u00f3vel \u00e9 na maioria das vezes desconhecido dos jovens potenciais e, al\u00e9m disso, n\u00e3o \u00e9 considerado suficientemente atrativo. Para enfrentar este desafio, v\u00e1rios Grupos Comerciais Internacionais, distribuidores, federa\u00e7\u00f5es e fornecedores decidiram, em Janeiro de 2020, lan\u00e7ar a iniciativa comum de colabora\u00e7\u00e3o denominada Talents4AAA. Em Mar\u00e7o de 2022, a Talents4AA assumiu a forma legal de uma associa\u00e7\u00e3o registada, com 11 parceiros fundadores a juntarem for\u00e7as para fazer com que o Mercado de Reposi\u00e7\u00e3o Autom\u00f3vel assumisse a posi\u00e7\u00e3o de mercado que merece e o tornasse um lugar desej\u00e1vel para todos os talentos.<\/p>\n<p><strong>Os 11 parceiros fundadores s\u00e3o:<\/strong><\/p>\n<p>&#8211; Fabricantes de pe\u00e7as: BorgWarner, Bosch, Nissens, Schaeffler, TMD Friction e ZF<\/p>\n<p>&#8211; Grupos comerciais internacionais: Global One Automotive, Nexus Automotive International, e Temot International<\/p>\n<p>&#8211; A federa\u00e7\u00e3o europeia dos grossistas e retalhistas independentes de pe\u00e7as de substitui\u00e7\u00e3o autom\u00f3vel e as suas cadeias de repara\u00e7\u00e3o associadas: FIGIEFA<\/p>\n<p>&#8211; Um parceiro de inova\u00e7\u00e3o: Mobilion, um fundo de capital de risco em fase inicial que investe na mobilidade inteligente<\/p>\n<p>Todos eles p\u00f5em voluntariamente as suas experi\u00eancias e compet\u00eancias ao servi\u00e7o da associa\u00e7\u00e3o para desenvolver, testar e divulgar solu\u00e7\u00f5es eficazes para satisfazer as necessidades locais e globais.<\/p>\n<p><strong>Al\u00e9m disso, aderiram \u00e0 associa\u00e7\u00e3o:<\/strong><\/p>\n<p>&#8211; Automechanika, a plataforma internacional l\u00edder para o mercado de reposi\u00e7\u00e3o automotive<\/p>\n<p>&#8211; Dinex, o principal fornecedor de componentes de emiss\u00e3o e escape para servi\u00e7os pesados<\/p>\n<p>&#8211; The University of Southern Denmark, SDU &#8211; Associa\u00e7\u00e3o Sueca de Distribuidores (Sveriges Bildelsgrossisters F\u00f6rening, SBF)<\/p>\n<p>Fotios Katsardis, Presidente e Diretor Executivo da Temot International, foi eleito como Presidente da associa\u00e7\u00e3o Talents4AA por 2 anos. Ele comentou: &#8220;Nos \u00faltimos 2 anos, foi feito muito trabalho para definir a nossa ind\u00fastria; as Universidades foram envolvidas, foram realizadas sondagens, e foram adquiridos novos conhecimentos sobre o que \u00e9 importante e como abordar e ganhar potenciais para o sector. Com a constitui\u00e7\u00e3o da associa\u00e7\u00e3o, acab\u00e1mos de dar um passo importante que nos permitir\u00e1 comunicar amplamente, tanto dentro do sector de reposi\u00e7\u00e3o como fora dele, com os talentos que queremos atrair. Estamos a convidar todos os intervenientes do sector a unir for\u00e7as connosco: Precisamos de estar todos juntos nesta nobre ac\u00e7\u00e3o, ningu\u00e9m deve ficar de fora&#8221;.<\/p>\n<p>De facto, a Talents4AAA realiza v\u00e1rias actividades e trabalha em estreita colabora\u00e7\u00e3o com membros da comunidade do aftermarket para estabelecer, entre outros, a sua presen\u00e7a na imprensa e nos meios de comunica\u00e7\u00e3o social. Uma prioridade adicional \u00e9 o desenvolvimento de um n\u00facleo digital para permitir que os talentos e a ind\u00fastria se encontrem e troquem.<\/p>\n<p>Talents4AAA estar\u00e1 tamb\u00e9m ativamente presente na Automechanika Frankfurt, que ter\u00e1 lugar de 13 a 17 de Setembro de 2022.<\/p>\n<p>Veja mais informa\u00e7\u00f5es sobre a nova Associa\u00e7\u00e3o <a href=\"http:\/\/www.talents4aa.com\" target=\"_blank\" rel=\"noopener\">aqui<\/a>.<\/p>\n","protected":false},"excerpt":{"rendered":"<p>Ap\u00f3s 2 anos de trabalho preliminar&#8230;<\/p>\n","protected":false},"author":15,"featured_media":28377,"comment_status":"closed","ping_status":"closed","sticky":false,"template":"","format":"standard","meta":{"footnotes":""},"categories":[37],"tags":[2822],"class_list":["post-28380","post","type-post","status-publish","format-standard","has-post-thumbnail","hentry","category-mercado","tag-talents4aa"],"yoast_head":"<!-- This site is optimized with the Yoast SEO plugin v27.4 - https:\/\/yoast.com\/product\/yoast-seo-wordpress\/ -->\n<title>Talents4AA \u00e9 a nova Associa\u00e7\u00e3o para o setor aftermarket - Jornal das Oficinas<\/title>\n<meta name=\"robots\" content=\"index, follow, max-snippet:-1, max-image-preview:large, max-video-preview:-1\" \/>\n<link rel=\"canonical\" href=\"https:\/\/jornaldasoficinas.com\/pt\/talents4aa-e-a-nova-associacao-para-o-setor-aftermarket\/\" \/>\n<meta property=\"og:locale\" content=\"pt_PT\" \/>\n<meta property=\"og:type\" content=\"article\" \/>\n<meta property=\"og:title\" content=\"Talents4AA \u00e9 a nova Associa\u00e7\u00e3o para o setor aftermarket - Jornal das Oficinas\" \/>\n<meta property=\"og:description\" content=\"Ap\u00f3s 2 anos de trabalho preliminar...\" \/>\n<meta property=\"og:url\" content=\"https:\/\/jornaldasoficinas.com\/pt\/talents4aa-e-a-nova-associacao-para-o-setor-aftermarket\/\" \/>\n<meta property=\"og:site_name\" content=\"Jornal das Oficinas\" \/>\n<meta property=\"article:publisher\" content=\"https:\/\/www.facebook.com\/jornaloficinas\" \/>\n<meta property=\"article:published_time\" content=\"2022-03-28T14:00:37+00:00\" \/>\n<meta property=\"og:image\" content=\"https:\/\/jornaldasoficinas.com\/pt\/wp-content\/uploads\/2022\/03\/Talents4AAA-e-a-nova-Associacao.jpg\" \/>\n\t<meta property=\"og:image:width\" content=\"1024\" \/>\n\t<meta property=\"og:image:height\" content=\"581\" \/>\n\t<meta property=\"og:image:type\" content=\"image\/jpeg\" \/>\n<meta name=\"author\" content=\"Reda\u00e7\u00e3o JO\" \/>\n<meta name=\"twitter:card\" content=\"summary_large_image\" \/>\n<meta name=\"twitter:creator\" content=\"@jornaloficinas\" \/>\n<meta name=\"twitter:site\" content=\"@jornaloficinas\" \/>\n<meta name=\"twitter:label1\" content=\"Escrito por\" \/>\n\t<meta name=\"twitter:data1\" content=\"Reda\u00e7\u00e3o JO\" \/>\n\t<meta name=\"twitter:label2\" content=\"Tempo estimado de leitura\" \/>\n\t<meta name=\"twitter:data2\" content=\"3 minutos\" \/>\n<script type=\"application\/ld+json\" class=\"yoast-schema-graph\">{\"@context\":\"https:\\\/\\\/schema.org\",\"@graph\":[{\"@type\":\"Article\",\"@id\":\"https:\\\/\\\/jornaldasoficinas.com\\\/pt\\\/talents4aa-e-a-nova-associacao-para-o-setor-aftermarket\\\/#article\",\"isPartOf\":{\"@id\":\"https:\\\/\\\/jornaldasoficinas.com\\\/pt\\\/talents4aa-e-a-nova-associacao-para-o-setor-aftermarket\\\/\"},\"author\":{\"name\":\"Reda\u00e7\u00e3o JO\",\"@id\":\"https:\\\/\\\/jornaldasoficinas.com\\\/pt\\\/#\\\/schema\\\/person\\\/a38eef5de2c41d9e7c9ac10141afddf3\"},\"headline\":\"Talents4AA \u00e9 a nova Associa\u00e7\u00e3o para o setor aftermarket\",\"datePublished\":\"2022-03-28T14:00:37+00:00\",\"mainEntityOfPage\":{\"@id\":\"https:\\\/\\\/jornaldasoficinas.com\\\/pt\\\/talents4aa-e-a-nova-associacao-para-o-setor-aftermarket\\\/\"},\"wordCount\":607,\"publisher\":{\"@id\":\"https:\\\/\\\/jornaldasoficinas.com\\\/pt\\\/#organization\"},\"image\":{\"@id\":\"https:\\\/\\\/jornaldasoficinas.com\\\/pt\\\/talents4aa-e-a-nova-associacao-para-o-setor-aftermarket\\\/#primaryimage\"},\"thumbnailUrl\":\"https:\\\/\\\/jornaldasoficinas.com\\\/pt\\\/wp-content\\\/uploads\\\/2022\\\/03\\\/Talents4AAA-e-a-nova-Associacao.jpg\",\"keywords\":[\"Talents4AA\"],\"articleSection\":[\"Mercado\"],\"inLanguage\":\"pt-PT\"},{\"@type\":\"WebPage\",\"@id\":\"https:\\\/\\\/jornaldasoficinas.com\\\/pt\\\/talents4aa-e-a-nova-associacao-para-o-setor-aftermarket\\\/\",\"url\":\"https:\\\/\\\/jornaldasoficinas.com\\\/pt\\\/talents4aa-e-a-nova-associacao-para-o-setor-aftermarket\\\/\",\"name\":\"Talents4AA \u00e9 a nova Associa\u00e7\u00e3o para o setor aftermarket - Jornal das Oficinas\",\"isPartOf\":{\"@id\":\"https:\\\/\\\/jornaldasoficinas.com\\\/pt\\\/#website\"},\"primaryImageOfPage\":{\"@id\":\"https:\\\/\\\/jornaldasoficinas.com\\\/pt\\\/talents4aa-e-a-nova-associacao-para-o-setor-aftermarket\\\/#primaryimage\"},\"image\":{\"@id\":\"https:\\\/\\\/jornaldasoficinas.com\\\/pt\\\/talents4aa-e-a-nova-associacao-para-o-setor-aftermarket\\\/#primaryimage\"},\"thumbnailUrl\":\"https:\\\/\\\/jornaldasoficinas.com\\\/pt\\\/wp-content\\\/uploads\\\/2022\\\/03\\\/Talents4AAA-e-a-nova-Associacao.jpg\",\"datePublished\":\"2022-03-28T14:00:37+00:00\",\"breadcrumb\":{\"@id\":\"https:\\\/\\\/jornaldasoficinas.com\\\/pt\\\/talents4aa-e-a-nova-associacao-para-o-setor-aftermarket\\\/#breadcrumb\"},\"inLanguage\":\"pt-PT\",\"potentialAction\":[{\"@type\":\"ReadAction\",\"target\":[\"https:\\\/\\\/jornaldasoficinas.com\\\/pt\\\/talents4aa-e-a-nova-associacao-para-o-setor-aftermarket\\\/\"]}]},{\"@type\":\"ImageObject\",\"inLanguage\":\"pt-PT\",\"@id\":\"https:\\\/\\\/jornaldasoficinas.com\\\/pt\\\/talents4aa-e-a-nova-associacao-para-o-setor-aftermarket\\\/#primaryimage\",\"url\":\"https:\\\/\\\/jornaldasoficinas.com\\\/pt\\\/wp-content\\\/uploads\\\/2022\\\/03\\\/Talents4AAA-e-a-nova-Associacao.jpg\",\"contentUrl\":\"https:\\\/\\\/jornaldasoficinas.com\\\/pt\\\/wp-content\\\/uploads\\\/2022\\\/03\\\/Talents4AAA-e-a-nova-Associacao.jpg\",\"width\":1024,\"height\":581,\"caption\":\"03 - Talents4AAA e a nova Associacao\"},{\"@type\":\"BreadcrumbList\",\"@id\":\"https:\\\/\\\/jornaldasoficinas.com\\\/pt\\\/talents4aa-e-a-nova-associacao-para-o-setor-aftermarket\\\/#breadcrumb\",\"itemListElement\":[{\"@type\":\"ListItem\",\"position\":1,\"name\":\"In\u00edcio\",\"item\":\"https:\\\/\\\/jornaldasoficinas.com\\\/pt\\\/\"},{\"@type\":\"ListItem\",\"position\":2,\"name\":\"Talents4AA \u00e9 a nova Associa\u00e7\u00e3o para o setor aftermarket\"}]},{\"@type\":\"WebSite\",\"@id\":\"https:\\\/\\\/jornaldasoficinas.com\\\/pt\\\/#website\",\"url\":\"https:\\\/\\\/jornaldasoficinas.com\\\/pt\\\/\",\"name\":\"Jornal das Oficinas\",\"description\":\"Jornal independente do Aftermarket Autom\u00f3vel em Portugal\",\"publisher\":{\"@id\":\"https:\\\/\\\/jornaldasoficinas.com\\\/pt\\\/#organization\"},\"potentialAction\":[{\"@type\":\"SearchAction\",\"target\":{\"@type\":\"EntryPoint\",\"urlTemplate\":\"https:\\\/\\\/jornaldasoficinas.com\\\/pt\\\/?s={search_term_string}\"},\"query-input\":{\"@type\":\"PropertyValueSpecification\",\"valueRequired\":true,\"valueName\":\"search_term_string\"}}],\"inLanguage\":\"pt-PT\"},{\"@type\":\"Organization\",\"@id\":\"https:\\\/\\\/jornaldasoficinas.com\\\/pt\\\/#organization\",\"name\":\"Jornal das Oficinas\",\"url\":\"https:\\\/\\\/jornaldasoficinas.com\\\/pt\\\/\",\"logo\":{\"@type\":\"ImageObject\",\"inLanguage\":\"pt-PT\",\"@id\":\"https:\\\/\\\/jornaldasoficinas.com\\\/pt\\\/#\\\/schema\\\/logo\\\/image\\\/\",\"url\":\"https:\\\/\\\/jornaldasoficinas.com\\\/pt\\\/wp-content\\\/uploads\\\/logoJO-SEO.png\",\"contentUrl\":\"https:\\\/\\\/jornaldasoficinas.com\\\/pt\\\/wp-content\\\/uploads\\\/logoJO-SEO.png\",\"width\":285,\"height\":450,\"caption\":\"Jornal das Oficinas\"},\"image\":{\"@id\":\"https:\\\/\\\/jornaldasoficinas.com\\\/pt\\\/#\\\/schema\\\/logo\\\/image\\\/\"},\"sameAs\":[\"https:\\\/\\\/www.facebook.com\\\/jornaloficinas\",\"https:\\\/\\\/x.com\\\/jornaloficinas\",\"https:\\\/\\\/www.instagram.com\\\/jornal_oficinas\\\/\",\"https:\\\/\\\/www.linkedin.com\\\/company\\\/jornal-das-oficinas\\\/\",\"https:\\\/\\\/www.youtube.com\\\/channel\\\/UCbQZBqtcvV-oSQrr7RzINGg\"]},{\"@type\":\"Person\",\"@id\":\"https:\\\/\\\/jornaldasoficinas.com\\\/pt\\\/#\\\/schema\\\/person\\\/a38eef5de2c41d9e7c9ac10141afddf3\",\"name\":\"Reda\u00e7\u00e3o JO\",\"image\":{\"@type\":\"ImageObject\",\"inLanguage\":\"pt-PT\",\"@id\":\"https:\\\/\\\/secure.gravatar.com\\\/avatar\\\/71f2fa71737ad68a84fea94bc708ddac8ea5b0c4788dc2ad202f3ccb2887742f?s=96&d=wp_user_avatar&r=g\",\"url\":\"https:\\\/\\\/secure.gravatar.com\\\/avatar\\\/71f2fa71737ad68a84fea94bc708ddac8ea5b0c4788dc2ad202f3ccb2887742f?s=96&d=wp_user_avatar&r=g\",\"contentUrl\":\"https:\\\/\\\/secure.gravatar.com\\\/avatar\\\/71f2fa71737ad68a84fea94bc708ddac8ea5b0c4788dc2ad202f3ccb2887742f?s=96&d=wp_user_avatar&r=g\",\"caption\":\"Reda\u00e7\u00e3o JO\"},\"url\":\"https:\\\/\\\/jornaldasoficinas.com\\\/pt\\\/author\\\/joredacao\\\/\"}]}<\/script>\n<!-- \/ Yoast SEO plugin. -->","yoast_head_json":{"title":"Talents4AA \u00e9 a nova Associa\u00e7\u00e3o para o setor aftermarket - Jornal das Oficinas","robots":{"index":"index","follow":"follow","max-snippet":"max-snippet:-1","max-image-preview":"max-image-preview:large","max-video-preview":"max-video-preview:-1"},"canonical":"https:\/\/jornaldasoficinas.com\/pt\/talents4aa-e-a-nova-associacao-para-o-setor-aftermarket\/","og_locale":"pt_PT","og_type":"article","og_title":"Talents4AA \u00e9 a nova Associa\u00e7\u00e3o para o setor aftermarket - Jornal das Oficinas","og_description":"Ap\u00f3s 2 anos de trabalho preliminar...","og_url":"https:\/\/jornaldasoficinas.com\/pt\/talents4aa-e-a-nova-associacao-para-o-setor-aftermarket\/","og_site_name":"Jornal das Oficinas","article_publisher":"https:\/\/www.facebook.com\/jornaloficinas","article_published_time":"2022-03-28T14:00:37+00:00","og_image":[{"width":1024,"height":581,"url":"https:\/\/jornaldasoficinas.com\/pt\/wp-content\/uploads\/2022\/03\/Talents4AAA-e-a-nova-Associacao.jpg","type":"image\/jpeg"}],"author":"Reda\u00e7\u00e3o JO","twitter_card":"summary_large_image","twitter_creator":"@jornaloficinas","twitter_site":"@jornaloficinas","twitter_misc":{"Escrito por":"Reda\u00e7\u00e3o JO","Tempo estimado de leitura":"3 minutos"},"schema":{"@context":"https:\/\/schema.org","@graph":[{"@type":"Article","@id":"https:\/\/jornaldasoficinas.com\/pt\/talents4aa-e-a-nova-associacao-para-o-setor-aftermarket\/#article","isPartOf":{"@id":"https:\/\/jornaldasoficinas.com\/pt\/talents4aa-e-a-nova-associacao-para-o-setor-aftermarket\/"},"author":{"name":"Reda\u00e7\u00e3o JO","@id":"https:\/\/jornaldasoficinas.com\/pt\/#\/schema\/person\/a38eef5de2c41d9e7c9ac10141afddf3"},"headline":"Talents4AA \u00e9 a nova Associa\u00e7\u00e3o para o setor aftermarket","datePublished":"2022-03-28T14:00:37+00:00","mainEntityOfPage":{"@id":"https:\/\/jornaldasoficinas.com\/pt\/talents4aa-e-a-nova-associacao-para-o-setor-aftermarket\/"},"wordCount":607,"publisher":{"@id":"https:\/\/jornaldasoficinas.com\/pt\/#organization"},"image":{"@id":"https:\/\/jornaldasoficinas.com\/pt\/talents4aa-e-a-nova-associacao-para-o-setor-aftermarket\/#primaryimage"},"thumbnailUrl":"https:\/\/jornaldasoficinas.com\/pt\/wp-content\/uploads\/2022\/03\/Talents4AAA-e-a-nova-Associacao.jpg","keywords":["Talents4AA"],"articleSection":["Mercado"],"inLanguage":"pt-PT"},{"@type":"WebPage","@id":"https:\/\/jornaldasoficinas.com\/pt\/talents4aa-e-a-nova-associacao-para-o-setor-aftermarket\/","url":"https:\/\/jornaldasoficinas.com\/pt\/talents4aa-e-a-nova-associacao-para-o-setor-aftermarket\/","name":"Talents4AA \u00e9 a nova Associa\u00e7\u00e3o para o setor aftermarket - Jornal das Oficinas","isPartOf":{"@id":"https:\/\/jornaldasoficinas.com\/pt\/#website"},"primaryImageOfPage":{"@id":"https:\/\/jornaldasoficinas.com\/pt\/talents4aa-e-a-nova-associacao-para-o-setor-aftermarket\/#primaryimage"},"image":{"@id":"https:\/\/jornaldasoficinas.com\/pt\/talents4aa-e-a-nova-associacao-para-o-setor-aftermarket\/#primaryimage"},"thumbnailUrl":"https:\/\/jornaldasoficinas.com\/pt\/wp-content\/uploads\/2022\/03\/Talents4AAA-e-a-nova-Associacao.jpg","datePublished":"2022-03-28T14:00:37+00:00","breadcrumb":{"@id":"https:\/\/jornaldasoficinas.com\/pt\/talents4aa-e-a-nova-associacao-para-o-setor-aftermarket\/#breadcrumb"},"inLanguage":"pt-PT","potentialAction":[{"@type":"ReadAction","target":["https:\/\/jornaldasoficinas.com\/pt\/talents4aa-e-a-nova-associacao-para-o-setor-aftermarket\/"]}]},{"@type":"ImageObject","inLanguage":"pt-PT","@id":"https:\/\/jornaldasoficinas.com\/pt\/talents4aa-e-a-nova-associacao-para-o-setor-aftermarket\/#primaryimage","url":"https:\/\/jornaldasoficinas.com\/pt\/wp-content\/uploads\/2022\/03\/Talents4AAA-e-a-nova-Associacao.jpg","contentUrl":"https:\/\/jornaldasoficinas.com\/pt\/wp-content\/uploads\/2022\/03\/Talents4AAA-e-a-nova-Associacao.jpg","width":1024,"height":581,"caption":"03 - Talents4AAA e a nova Associacao"},{"@type":"BreadcrumbList","@id":"https:\/\/jornaldasoficinas.com\/pt\/talents4aa-e-a-nova-associacao-para-o-setor-aftermarket\/#breadcrumb","itemListElement":[{"@type":"ListItem","position":1,"name":"In\u00edcio","item":"https:\/\/jornaldasoficinas.com\/pt\/"},{"@type":"ListItem","position":2,"name":"Talents4AA \u00e9 a nova Associa\u00e7\u00e3o para o setor aftermarket"}]},{"@type":"WebSite","@id":"https:\/\/jornaldasoficinas.com\/pt\/#website","url":"https:\/\/jornaldasoficinas.com\/pt\/","name":"Jornal das Oficinas","description":"Jornal independente do Aftermarket Autom\u00f3vel em Portugal","publisher":{"@id":"https:\/\/jornaldasoficinas.com\/pt\/#organization"},"potentialAction":[{"@type":"SearchAction","target":{"@type":"EntryPoint","urlTemplate":"https:\/\/jornaldasoficinas.com\/pt\/?s={search_term_string}"},"query-input":{"@type":"PropertyValueSpecification","valueRequired":true,"valueName":"search_term_string"}}],"inLanguage":"pt-PT"},{"@type":"Organization","@id":"https:\/\/jornaldasoficinas.com\/pt\/#organization","name":"Jornal das Oficinas","url":"https:\/\/jornaldasoficinas.com\/pt\/","logo":{"@type":"ImageObject","inLanguage":"pt-PT","@id":"https:\/\/jornaldasoficinas.com\/pt\/#\/schema\/logo\/image\/","url":"https:\/\/jornaldasoficinas.com\/pt\/wp-content\/uploads\/logoJO-SEO.png","contentUrl":"https:\/\/jornaldasoficinas.com\/pt\/wp-content\/uploads\/logoJO-SEO.png","width":285,"height":450,"caption":"Jornal das Oficinas"},"image":{"@id":"https:\/\/jornaldasoficinas.com\/pt\/#\/schema\/logo\/image\/"},"sameAs":["https:\/\/www.facebook.com\/jornaloficinas","https:\/\/x.com\/jornaloficinas","https:\/\/www.instagram.com\/jornal_oficinas\/","https:\/\/www.linkedin.com\/company\/jornal-das-oficinas\/","https:\/\/www.youtube.com\/channel\/UCbQZBqtcvV-oSQrr7RzINGg"]},{"@type":"Person","@id":"https:\/\/jornaldasoficinas.com\/pt\/#\/schema\/person\/a38eef5de2c41d9e7c9ac10141afddf3","name":"Reda\u00e7\u00e3o JO","image":{"@type":"ImageObject","inLanguage":"pt-PT","@id":"https:\/\/secure.gravatar.com\/avatar\/71f2fa71737ad68a84fea94bc708ddac8ea5b0c4788dc2ad202f3ccb2887742f?s=96&d=wp_user_avatar&r=g","url":"https:\/\/secure.gravatar.com\/avatar\/71f2fa71737ad68a84fea94bc708ddac8ea5b0c4788dc2ad202f3ccb2887742f?s=96&d=wp_user_avatar&r=g","contentUrl":"https:\/\/secure.gravatar.com\/avatar\/71f2fa71737ad68a84fea94bc708ddac8ea5b0c4788dc2ad202f3ccb2887742f?s=96&d=wp_user_avatar&r=g","caption":"Reda\u00e7\u00e3o JO"},"url":"https:\/\/jornaldasoficinas.com\/pt\/author\/joredacao\/"}]}},"_links":{"self":[{"href":"https:\/\/jornaldasoficinas.com\/pt\/wp-json\/wp\/v2\/posts\/28380","targetHints":{"allow":["GET"]}}],"collection":[{"href":"https:\/\/jornaldasoficinas.com\/pt\/wp-json\/wp\/v2\/posts"}],"about":[{"href":"https:\/\/jornaldasoficinas.com\/pt\/wp-json\/wp\/v2\/types\/post"}],"author":[{"embeddable":true,"href":"https:\/\/jornaldasoficinas.com\/pt\/wp-json\/wp\/v2\/users\/15"}],"replies":[{"embeddable":true,"href":"https:\/\/jornaldasoficinas.com\/pt\/wp-json\/wp\/v2\/comments?post=28380"}],"version-history":[{"count":0,"href":"https:\/\/jornaldasoficinas.com\/pt\/wp-json\/wp\/v2\/posts\/28380\/revisions"}],"wp:featuredmedia":[{"embeddable":true,"href":"https:\/\/jornaldasoficinas.com\/pt\/wp-json\/wp\/v2\/media\/28377"}],"wp:attachment":[{"href":"https:\/\/jornaldasoficinas.com\/pt\/wp-json\/wp\/v2\/media?parent=28380"}],"wp:term":[{"taxonomy":"category","embeddable":true,"href":"https:\/\/jornaldasoficinas.com\/pt\/wp-json\/wp\/v2\/categories?post=28380"},{"taxonomy":"post_tag","embeddable":true,"href":"https:\/\/jornaldasoficinas.com\/pt\/wp-json\/wp\/v2\/tags?post=28380"}],"curies":[{"name":"wp","href":"https:\/\/api.w.org\/{rel}","templated":true}]}}