{"id":28456,"date":"2022-03-31T12:00:36","date_gmt":"2022-03-31T11:00:36","guid":{"rendered":"https:\/\/jornaldasoficinas.com\/pt\/?p=28456"},"modified":"2022-03-31T09:26:52","modified_gmt":"2022-03-31T08:26:52","slug":"arval-lanca-arval-connect","status":"publish","type":"post","link":"https:\/\/jornaldasoficinas.com\/pt\/arval-lanca-arval-connect\/","title":{"rendered":"Arval lan\u00e7a Arval Connect"},"content":{"rendered":"<p><img loading=\"lazy\" decoding=\"async\" class=\"size-full wp-image-28458\" src=\"https:\/\/jornaldasoficinas.com\/pt\/wp-content\/uploads\/2022\/03\/Arval-lanc\u0327a-Arval-Connect.jpg\" alt=\"03 - Arval lanc\u0327a Arval Connect\" width=\"1024\" height=\"581\" srcset=\"https:\/\/jornaldasoficinas.com\/pt\/wp-content\/uploads\/2022\/03\/Arval-lanc\u0327a-Arval-Connect.jpg 1024w, https:\/\/jornaldasoficinas.com\/pt\/wp-content\/uploads\/2022\/03\/Arval-lanc\u0327a-Arval-Connect-300x170.jpg 300w, https:\/\/jornaldasoficinas.com\/pt\/wp-content\/uploads\/2022\/03\/Arval-lanc\u0327a-Arval-Connect-150x85.jpg 150w, https:\/\/jornaldasoficinas.com\/pt\/wp-content\/uploads\/2022\/03\/Arval-lanc\u0327a-Arval-Connect-768x436.jpg 768w\" sizes=\"auto, (max-width: 1024px) 100vw, 1024px\" \/><\/p>\n<p><strong>Atualmente, a escassez de semicondutores e a press\u00e3o da infla\u00e7\u00e3o est\u00e3o a ter um impacto direto nas empresas. Ao mesmo tempo, a RSE est\u00e1 a tornar-se cada vez mais importante, estando as empresas cada vez mais conscientes da sua responsabilidade em acelerar a transi\u00e7\u00e3o energ\u00e9tica<\/strong><\/p>\n<p>Mais do que nunca, controlar os custos e agir positivamente em quest\u00f5es ambientais s\u00e3o prioridades fundamentais. Para apoiar os seus clientes, a <a href=\"https:\/\/www.arval.pt\/\" target=\"_blank\" rel=\"noopener\">Arval<\/a> renovou o Arval Active Link, a sua atual oferta de servi\u00e7os ligados, e est\u00e1 agora a lan\u00e7ar o Arval Connect.<\/p>\n<p><strong>Arval Connect: a alavancar as hist\u00f3rias de sucesso dos clientes<\/strong><\/p>\n<p>Com equipas internas dedicadas de especialistas, a Arval tem vindo a investir em telem\u00e1tica h\u00e1 dez anos e conta agora com 400.000 ve\u00edculos conectados na sua frota. No \u00e2mbito da estrat\u00e9gia Arval Beyond, a Arval anunciou o ambicioso objetivo de ter 1,5 milh\u00f5es de ve\u00edculos ligados at\u00e9 ao final de 2025, representando 75% da sua frota alugada.<\/p>\n<p><strong>Com o novo Arval Connect, os clientes podem esperar: <\/strong><\/p>\n<ul>\n<li>um TCO otimizado: por exemplo, atrav\u00e9s da identifica\u00e7\u00e3o de formas de reduzir o consumo de combust\u00edvel (at\u00e9 16% de poupan\u00e7a de combust\u00edvel),<\/li>\n<li>maior seguran\u00e7a e uma frota mais sustent\u00e1vel: fornecendo um perfil de comportamento de condu\u00e7\u00e3o personalizado e promovendo a seguran\u00e7a rodovi\u00e1ria (at\u00e9 25% de redu\u00e7\u00e3o de acidentes), analisando oportunidades de eletrifica\u00e7\u00e3o e reduzindo as emiss\u00f5es de CO2,<\/li>\n<li>uma m\u00e3o-de-obra mais eficiente: oferecendo a possibilidade de atribuir tarefas urgentes otimizando o tempo gasto na condu\u00e7\u00e3o.<\/li>\n<\/ul>\n<p>Os clientes recebem assist\u00eancia personalizada durante toda a implementa\u00e7\u00e3o do seu projeto, assegurando que a sua viagem at\u00e9 \u00e0 conectividade seja um sucesso. A Arval est\u00e1 empenhada em oferecer uma solu\u00e7\u00e3o forte e diferenciadora com uma possibilidade de \u201cmoney back guarantee\u201d.<\/p>\n<p><strong>Um passo \u00e0 frente: Arval Connect combinado com o seguro<br \/>\n<\/strong>Com o objetivo de aumentar a condu\u00e7\u00e3o segura e eco consciente, reduzir o n\u00famero de colis\u00f5es na estrada e ajudar os clientes a poupar dinheiro, a Arval vai ainda mais longe, ligando os dados de comportamento na condu\u00e7\u00e3o com a gest\u00e3o do risco. Os clientes da Arval Connect no Reino Unido e It\u00e1lia s\u00e3o os primeiros a beneficiar de dois novos servi\u00e7os piloto:<\/p>\n<ul>\n<li>um servi\u00e7o de aluguer com seguro Connected que proporcionar\u00e1 um desconto no aluguer, com base no hist\u00f3rico de condu\u00e7\u00e3o, quando o ve\u00edculo estiver segurado pela Arval,<\/li>\n<li>um programa de Connected Drivers para apoiar os clientes na melhoria das pontua\u00e7\u00f5es dos condutores. Este programa vem com um conjunto de cursos de forma\u00e7\u00e3o e incentivos para condutores.<\/li>\n<\/ul>\n<p>&#8220;Numa altura em que as empresas est\u00e3o a monitorizar de perto as emiss\u00f5es de CO2 e a frota, a nossa miss\u00e3o \u00e9 ajudar os nossos clientes a alcan\u00e7ar os seus objetivos atrav\u00e9s de uma mobilidade mais inteligente. Com a Arval Connect, fornecemos-lhes uma esp\u00e9cie de mini ferramenta de consultoria que permite benef\u00edcios tang\u00edveis e melhores decis\u00f5es. Combinado com servi\u00e7os relacionados com seguros, oferecemos uma abordagem inovadora para encorajar uma condu\u00e7\u00e3o segura e mais amiga do ambiente&#8221;, comenta Alain van Groenendael, Presidente e CEO da Arval.<\/p>\n<p>A Arval Connect est\u00e1 atualmente implantada em 22 pa\u00edses.<\/p>\n","protected":false},"excerpt":{"rendered":"<p>Atualmente, a escassez de semicondutores e&#8230;<\/p>\n","protected":false},"author":15,"featured_media":28458,"comment_status":"closed","ping_status":"closed","sticky":false,"template":"","format":"standard","meta":{"footnotes":""},"categories":[37],"tags":[364],"class_list":["post-28456","post","type-post","status-publish","format-standard","has-post-thumbnail","hentry","category-mercado","tag-arval"],"yoast_head":"<!-- This site is optimized with the Yoast SEO plugin v27.5 - https:\/\/yoast.com\/product\/yoast-seo-wordpress\/ -->\n<title>Arval lan\u00e7a Arval Connect - Jornal das Oficinas<\/title>\n<meta name=\"robots\" content=\"index, follow, max-snippet:-1, max-image-preview:large, max-video-preview:-1\" \/>\n<link rel=\"canonical\" href=\"https:\/\/jornaldasoficinas.com\/pt\/arval-lanca-arval-connect\/\" \/>\n<meta property=\"og:locale\" content=\"pt_PT\" \/>\n<meta property=\"og:type\" content=\"article\" \/>\n<meta property=\"og:title\" content=\"Arval lan\u00e7a Arval Connect - Jornal das Oficinas\" \/>\n<meta property=\"og:description\" content=\"Atualmente, a escassez de semicondutores e...\" \/>\n<meta property=\"og:url\" content=\"https:\/\/jornaldasoficinas.com\/pt\/arval-lanca-arval-connect\/\" \/>\n<meta property=\"og:site_name\" content=\"Jornal das Oficinas\" \/>\n<meta property=\"article:publisher\" content=\"https:\/\/www.facebook.com\/jornaloficinas\" \/>\n<meta property=\"article:published_time\" content=\"2022-03-31T11:00:36+00:00\" \/>\n<meta property=\"og:image\" content=\"https:\/\/jornaldasoficinas.com\/pt\/wp-content\/uploads\/2022\/03\/Arval-lanc\u0327a-Arval-Connect.jpg\" \/>\n\t<meta property=\"og:image:width\" content=\"1024\" \/>\n\t<meta property=\"og:image:height\" content=\"581\" \/>\n\t<meta property=\"og:image:type\" content=\"image\/jpeg\" \/>\n<meta name=\"author\" content=\"Reda\u00e7\u00e3o JO\" \/>\n<meta name=\"twitter:card\" content=\"summary_large_image\" \/>\n<meta name=\"twitter:creator\" content=\"@jornaloficinas\" \/>\n<meta name=\"twitter:site\" content=\"@jornaloficinas\" \/>\n<meta name=\"twitter:label1\" content=\"Escrito por\" \/>\n\t<meta name=\"twitter:data1\" content=\"Reda\u00e7\u00e3o JO\" \/>\n\t<meta name=\"twitter:label2\" content=\"Tempo estimado de leitura\" \/>\n\t<meta name=\"twitter:data2\" content=\"3 minutos\" \/>\n<script type=\"application\/ld+json\" class=\"yoast-schema-graph\">{\"@context\":\"https:\\\/\\\/schema.org\",\"@graph\":[{\"@type\":\"Article\",\"@id\":\"https:\\\/\\\/jornaldasoficinas.com\\\/pt\\\/arval-lanca-arval-connect\\\/#article\",\"isPartOf\":{\"@id\":\"https:\\\/\\\/jornaldasoficinas.com\\\/pt\\\/arval-lanca-arval-connect\\\/\"},\"author\":{\"name\":\"Reda\u00e7\u00e3o JO\",\"@id\":\"https:\\\/\\\/jornaldasoficinas.com\\\/pt\\\/#\\\/schema\\\/person\\\/a38eef5de2c41d9e7c9ac10141afddf3\"},\"headline\":\"Arval lan\u00e7a Arval Connect\",\"datePublished\":\"2022-03-31T11:00:36+00:00\",\"mainEntityOfPage\":{\"@id\":\"https:\\\/\\\/jornaldasoficinas.com\\\/pt\\\/arval-lanca-arval-connect\\\/\"},\"wordCount\":556,\"publisher\":{\"@id\":\"https:\\\/\\\/jornaldasoficinas.com\\\/pt\\\/#organization\"},\"image\":{\"@id\":\"https:\\\/\\\/jornaldasoficinas.com\\\/pt\\\/arval-lanca-arval-connect\\\/#primaryimage\"},\"thumbnailUrl\":\"https:\\\/\\\/jornaldasoficinas.com\\\/pt\\\/wp-content\\\/uploads\\\/2022\\\/03\\\/Arval-lanc\u0327a-Arval-Connect.jpg\",\"keywords\":[\"Arval\"],\"articleSection\":[\"Mercado\"],\"inLanguage\":\"pt-PT\"},{\"@type\":\"WebPage\",\"@id\":\"https:\\\/\\\/jornaldasoficinas.com\\\/pt\\\/arval-lanca-arval-connect\\\/\",\"url\":\"https:\\\/\\\/jornaldasoficinas.com\\\/pt\\\/arval-lanca-arval-connect\\\/\",\"name\":\"Arval lan\u00e7a Arval Connect - Jornal das Oficinas\",\"isPartOf\":{\"@id\":\"https:\\\/\\\/jornaldasoficinas.com\\\/pt\\\/#website\"},\"primaryImageOfPage\":{\"@id\":\"https:\\\/\\\/jornaldasoficinas.com\\\/pt\\\/arval-lanca-arval-connect\\\/#primaryimage\"},\"image\":{\"@id\":\"https:\\\/\\\/jornaldasoficinas.com\\\/pt\\\/arval-lanca-arval-connect\\\/#primaryimage\"},\"thumbnailUrl\":\"https:\\\/\\\/jornaldasoficinas.com\\\/pt\\\/wp-content\\\/uploads\\\/2022\\\/03\\\/Arval-lanc\u0327a-Arval-Connect.jpg\",\"datePublished\":\"2022-03-31T11:00:36+00:00\",\"breadcrumb\":{\"@id\":\"https:\\\/\\\/jornaldasoficinas.com\\\/pt\\\/arval-lanca-arval-connect\\\/#breadcrumb\"},\"inLanguage\":\"pt-PT\",\"potentialAction\":[{\"@type\":\"ReadAction\",\"target\":[\"https:\\\/\\\/jornaldasoficinas.com\\\/pt\\\/arval-lanca-arval-connect\\\/\"]}]},{\"@type\":\"ImageObject\",\"inLanguage\":\"pt-PT\",\"@id\":\"https:\\\/\\\/jornaldasoficinas.com\\\/pt\\\/arval-lanca-arval-connect\\\/#primaryimage\",\"url\":\"https:\\\/\\\/jornaldasoficinas.com\\\/pt\\\/wp-content\\\/uploads\\\/2022\\\/03\\\/Arval-lanc\u0327a-Arval-Connect.jpg\",\"contentUrl\":\"https:\\\/\\\/jornaldasoficinas.com\\\/pt\\\/wp-content\\\/uploads\\\/2022\\\/03\\\/Arval-lanc\u0327a-Arval-Connect.jpg\",\"width\":1024,\"height\":581,\"caption\":\"LOGO ARVAL DANS LE HALL D'ENTREE DE LA SOCIETE ARVAL\"},{\"@type\":\"BreadcrumbList\",\"@id\":\"https:\\\/\\\/jornaldasoficinas.com\\\/pt\\\/arval-lanca-arval-connect\\\/#breadcrumb\",\"itemListElement\":[{\"@type\":\"ListItem\",\"position\":1,\"name\":\"In\u00edcio\",\"item\":\"https:\\\/\\\/jornaldasoficinas.com\\\/pt\\\/\"},{\"@type\":\"ListItem\",\"position\":2,\"name\":\"Arval lan\u00e7a Arval Connect\"}]},{\"@type\":\"WebSite\",\"@id\":\"https:\\\/\\\/jornaldasoficinas.com\\\/pt\\\/#website\",\"url\":\"https:\\\/\\\/jornaldasoficinas.com\\\/pt\\\/\",\"name\":\"Jornal das Oficinas\",\"description\":\"Jornal independente do Aftermarket Autom\u00f3vel em Portugal\",\"publisher\":{\"@id\":\"https:\\\/\\\/jornaldasoficinas.com\\\/pt\\\/#organization\"},\"potentialAction\":[{\"@type\":\"SearchAction\",\"target\":{\"@type\":\"EntryPoint\",\"urlTemplate\":\"https:\\\/\\\/jornaldasoficinas.com\\\/pt\\\/?s={search_term_string}\"},\"query-input\":{\"@type\":\"PropertyValueSpecification\",\"valueRequired\":true,\"valueName\":\"search_term_string\"}}],\"inLanguage\":\"pt-PT\"},{\"@type\":\"Organization\",\"@id\":\"https:\\\/\\\/jornaldasoficinas.com\\\/pt\\\/#organization\",\"name\":\"Jornal das Oficinas\",\"url\":\"https:\\\/\\\/jornaldasoficinas.com\\\/pt\\\/\",\"logo\":{\"@type\":\"ImageObject\",\"inLanguage\":\"pt-PT\",\"@id\":\"https:\\\/\\\/jornaldasoficinas.com\\\/pt\\\/#\\\/schema\\\/logo\\\/image\\\/\",\"url\":\"https:\\\/\\\/jornaldasoficinas.com\\\/pt\\\/wp-content\\\/uploads\\\/logoJO-SEO.png\",\"contentUrl\":\"https:\\\/\\\/jornaldasoficinas.com\\\/pt\\\/wp-content\\\/uploads\\\/logoJO-SEO.png\",\"width\":285,\"height\":450,\"caption\":\"Jornal das Oficinas\"},\"image\":{\"@id\":\"https:\\\/\\\/jornaldasoficinas.com\\\/pt\\\/#\\\/schema\\\/logo\\\/image\\\/\"},\"sameAs\":[\"https:\\\/\\\/www.facebook.com\\\/jornaloficinas\",\"https:\\\/\\\/x.com\\\/jornaloficinas\",\"https:\\\/\\\/www.instagram.com\\\/jornal_oficinas\\\/\",\"https:\\\/\\\/www.linkedin.com\\\/company\\\/jornal-das-oficinas\\\/\",\"https:\\\/\\\/www.youtube.com\\\/channel\\\/UCbQZBqtcvV-oSQrr7RzINGg\"]},{\"@type\":\"Person\",\"@id\":\"https:\\\/\\\/jornaldasoficinas.com\\\/pt\\\/#\\\/schema\\\/person\\\/a38eef5de2c41d9e7c9ac10141afddf3\",\"name\":\"Reda\u00e7\u00e3o JO\",\"image\":{\"@type\":\"ImageObject\",\"inLanguage\":\"pt-PT\",\"@id\":\"https:\\\/\\\/secure.gravatar.com\\\/avatar\\\/71f2fa71737ad68a84fea94bc708ddac8ea5b0c4788dc2ad202f3ccb2887742f?s=96&d=wp_user_avatar&r=g\",\"url\":\"https:\\\/\\\/secure.gravatar.com\\\/avatar\\\/71f2fa71737ad68a84fea94bc708ddac8ea5b0c4788dc2ad202f3ccb2887742f?s=96&d=wp_user_avatar&r=g\",\"contentUrl\":\"https:\\\/\\\/secure.gravatar.com\\\/avatar\\\/71f2fa71737ad68a84fea94bc708ddac8ea5b0c4788dc2ad202f3ccb2887742f?s=96&d=wp_user_avatar&r=g\",\"caption\":\"Reda\u00e7\u00e3o JO\"},\"url\":\"https:\\\/\\\/jornaldasoficinas.com\\\/pt\\\/author\\\/joredacao\\\/\"}]}<\/script>\n<!-- \/ Yoast SEO plugin. -->","yoast_head_json":{"title":"Arval lan\u00e7a Arval Connect - Jornal das Oficinas","robots":{"index":"index","follow":"follow","max-snippet":"max-snippet:-1","max-image-preview":"max-image-preview:large","max-video-preview":"max-video-preview:-1"},"canonical":"https:\/\/jornaldasoficinas.com\/pt\/arval-lanca-arval-connect\/","og_locale":"pt_PT","og_type":"article","og_title":"Arval lan\u00e7a Arval Connect - Jornal das Oficinas","og_description":"Atualmente, a escassez de semicondutores e...","og_url":"https:\/\/jornaldasoficinas.com\/pt\/arval-lanca-arval-connect\/","og_site_name":"Jornal das Oficinas","article_publisher":"https:\/\/www.facebook.com\/jornaloficinas","article_published_time":"2022-03-31T11:00:36+00:00","og_image":[{"width":1024,"height":581,"url":"https:\/\/jornaldasoficinas.com\/pt\/wp-content\/uploads\/2022\/03\/Arval-lanc\u0327a-Arval-Connect.jpg","type":"image\/jpeg"}],"author":"Reda\u00e7\u00e3o JO","twitter_card":"summary_large_image","twitter_creator":"@jornaloficinas","twitter_site":"@jornaloficinas","twitter_misc":{"Escrito por":"Reda\u00e7\u00e3o JO","Tempo estimado de leitura":"3 minutos"},"schema":{"@context":"https:\/\/schema.org","@graph":[{"@type":"Article","@id":"https:\/\/jornaldasoficinas.com\/pt\/arval-lanca-arval-connect\/#article","isPartOf":{"@id":"https:\/\/jornaldasoficinas.com\/pt\/arval-lanca-arval-connect\/"},"author":{"name":"Reda\u00e7\u00e3o JO","@id":"https:\/\/jornaldasoficinas.com\/pt\/#\/schema\/person\/a38eef5de2c41d9e7c9ac10141afddf3"},"headline":"Arval lan\u00e7a Arval Connect","datePublished":"2022-03-31T11:00:36+00:00","mainEntityOfPage":{"@id":"https:\/\/jornaldasoficinas.com\/pt\/arval-lanca-arval-connect\/"},"wordCount":556,"publisher":{"@id":"https:\/\/jornaldasoficinas.com\/pt\/#organization"},"image":{"@id":"https:\/\/jornaldasoficinas.com\/pt\/arval-lanca-arval-connect\/#primaryimage"},"thumbnailUrl":"https:\/\/jornaldasoficinas.com\/pt\/wp-content\/uploads\/2022\/03\/Arval-lanc\u0327a-Arval-Connect.jpg","keywords":["Arval"],"articleSection":["Mercado"],"inLanguage":"pt-PT"},{"@type":"WebPage","@id":"https:\/\/jornaldasoficinas.com\/pt\/arval-lanca-arval-connect\/","url":"https:\/\/jornaldasoficinas.com\/pt\/arval-lanca-arval-connect\/","name":"Arval lan\u00e7a Arval Connect - Jornal das Oficinas","isPartOf":{"@id":"https:\/\/jornaldasoficinas.com\/pt\/#website"},"primaryImageOfPage":{"@id":"https:\/\/jornaldasoficinas.com\/pt\/arval-lanca-arval-connect\/#primaryimage"},"image":{"@id":"https:\/\/jornaldasoficinas.com\/pt\/arval-lanca-arval-connect\/#primaryimage"},"thumbnailUrl":"https:\/\/jornaldasoficinas.com\/pt\/wp-content\/uploads\/2022\/03\/Arval-lanc\u0327a-Arval-Connect.jpg","datePublished":"2022-03-31T11:00:36+00:00","breadcrumb":{"@id":"https:\/\/jornaldasoficinas.com\/pt\/arval-lanca-arval-connect\/#breadcrumb"},"inLanguage":"pt-PT","potentialAction":[{"@type":"ReadAction","target":["https:\/\/jornaldasoficinas.com\/pt\/arval-lanca-arval-connect\/"]}]},{"@type":"ImageObject","inLanguage":"pt-PT","@id":"https:\/\/jornaldasoficinas.com\/pt\/arval-lanca-arval-connect\/#primaryimage","url":"https:\/\/jornaldasoficinas.com\/pt\/wp-content\/uploads\/2022\/03\/Arval-lanc\u0327a-Arval-Connect.jpg","contentUrl":"https:\/\/jornaldasoficinas.com\/pt\/wp-content\/uploads\/2022\/03\/Arval-lanc\u0327a-Arval-Connect.jpg","width":1024,"height":581,"caption":"LOGO ARVAL DANS LE HALL D'ENTREE DE LA SOCIETE ARVAL"},{"@type":"BreadcrumbList","@id":"https:\/\/jornaldasoficinas.com\/pt\/arval-lanca-arval-connect\/#breadcrumb","itemListElement":[{"@type":"ListItem","position":1,"name":"In\u00edcio","item":"https:\/\/jornaldasoficinas.com\/pt\/"},{"@type":"ListItem","position":2,"name":"Arval lan\u00e7a Arval Connect"}]},{"@type":"WebSite","@id":"https:\/\/jornaldasoficinas.com\/pt\/#website","url":"https:\/\/jornaldasoficinas.com\/pt\/","name":"Jornal das Oficinas","description":"Jornal independente do Aftermarket Autom\u00f3vel em Portugal","publisher":{"@id":"https:\/\/jornaldasoficinas.com\/pt\/#organization"},"potentialAction":[{"@type":"SearchAction","target":{"@type":"EntryPoint","urlTemplate":"https:\/\/jornaldasoficinas.com\/pt\/?s={search_term_string}"},"query-input":{"@type":"PropertyValueSpecification","valueRequired":true,"valueName":"search_term_string"}}],"inLanguage":"pt-PT"},{"@type":"Organization","@id":"https:\/\/jornaldasoficinas.com\/pt\/#organization","name":"Jornal das Oficinas","url":"https:\/\/jornaldasoficinas.com\/pt\/","logo":{"@type":"ImageObject","inLanguage":"pt-PT","@id":"https:\/\/jornaldasoficinas.com\/pt\/#\/schema\/logo\/image\/","url":"https:\/\/jornaldasoficinas.com\/pt\/wp-content\/uploads\/logoJO-SEO.png","contentUrl":"https:\/\/jornaldasoficinas.com\/pt\/wp-content\/uploads\/logoJO-SEO.png","width":285,"height":450,"caption":"Jornal das Oficinas"},"image":{"@id":"https:\/\/jornaldasoficinas.com\/pt\/#\/schema\/logo\/image\/"},"sameAs":["https:\/\/www.facebook.com\/jornaloficinas","https:\/\/x.com\/jornaloficinas","https:\/\/www.instagram.com\/jornal_oficinas\/","https:\/\/www.linkedin.com\/company\/jornal-das-oficinas\/","https:\/\/www.youtube.com\/channel\/UCbQZBqtcvV-oSQrr7RzINGg"]},{"@type":"Person","@id":"https:\/\/jornaldasoficinas.com\/pt\/#\/schema\/person\/a38eef5de2c41d9e7c9ac10141afddf3","name":"Reda\u00e7\u00e3o JO","image":{"@type":"ImageObject","inLanguage":"pt-PT","@id":"https:\/\/secure.gravatar.com\/avatar\/71f2fa71737ad68a84fea94bc708ddac8ea5b0c4788dc2ad202f3ccb2887742f?s=96&d=wp_user_avatar&r=g","url":"https:\/\/secure.gravatar.com\/avatar\/71f2fa71737ad68a84fea94bc708ddac8ea5b0c4788dc2ad202f3ccb2887742f?s=96&d=wp_user_avatar&r=g","contentUrl":"https:\/\/secure.gravatar.com\/avatar\/71f2fa71737ad68a84fea94bc708ddac8ea5b0c4788dc2ad202f3ccb2887742f?s=96&d=wp_user_avatar&r=g","caption":"Reda\u00e7\u00e3o JO"},"url":"https:\/\/jornaldasoficinas.com\/pt\/author\/joredacao\/"}]}},"_links":{"self":[{"href":"https:\/\/jornaldasoficinas.com\/pt\/wp-json\/wp\/v2\/posts\/28456","targetHints":{"allow":["GET"]}}],"collection":[{"href":"https:\/\/jornaldasoficinas.com\/pt\/wp-json\/wp\/v2\/posts"}],"about":[{"href":"https:\/\/jornaldasoficinas.com\/pt\/wp-json\/wp\/v2\/types\/post"}],"author":[{"embeddable":true,"href":"https:\/\/jornaldasoficinas.com\/pt\/wp-json\/wp\/v2\/users\/15"}],"replies":[{"embeddable":true,"href":"https:\/\/jornaldasoficinas.com\/pt\/wp-json\/wp\/v2\/comments?post=28456"}],"version-history":[{"count":0,"href":"https:\/\/jornaldasoficinas.com\/pt\/wp-json\/wp\/v2\/posts\/28456\/revisions"}],"wp:featuredmedia":[{"embeddable":true,"href":"https:\/\/jornaldasoficinas.com\/pt\/wp-json\/wp\/v2\/media\/28458"}],"wp:attachment":[{"href":"https:\/\/jornaldasoficinas.com\/pt\/wp-json\/wp\/v2\/media?parent=28456"}],"wp:term":[{"taxonomy":"category","embeddable":true,"href":"https:\/\/jornaldasoficinas.com\/pt\/wp-json\/wp\/v2\/categories?post=28456"},{"taxonomy":"post_tag","embeddable":true,"href":"https:\/\/jornaldasoficinas.com\/pt\/wp-json\/wp\/v2\/tags?post=28456"}],"curies":[{"name":"wp","href":"https:\/\/api.w.org\/{rel}","templated":true}]}}