{"id":28486,"date":"2022-04-01T16:00:59","date_gmt":"2022-04-01T15:00:59","guid":{"rendered":"https:\/\/jornaldasoficinas.com\/pt\/?p=28486"},"modified":"2023-07-20T16:12:18","modified_gmt":"2023-07-20T15:12:18","slug":"renault-trucks-regista-o-maior-crescimento","status":"publish","type":"post","link":"https:\/\/jornaldasoficinas.com\/pt\/renault-trucks-regista-o-maior-crescimento\/","title":{"rendered":"Renault Trucks regista o maior crescimento"},"content":{"rendered":"<p><img loading=\"lazy\" decoding=\"async\" class=\"alignnone size-full wp-image-28464\" src=\"https:\/\/jornaldasoficinas.com\/pt\/wp-content\/uploads\/2022\/03\/Renault-Trucks-regista.png\" alt=\"03 - Renault Trucks regista\" width=\"1024\" height=\"581\" srcset=\"https:\/\/jornaldasoficinas.com\/pt\/wp-content\/uploads\/2022\/03\/Renault-Trucks-regista.png 1024w, https:\/\/jornaldasoficinas.com\/pt\/wp-content\/uploads\/2022\/03\/Renault-Trucks-regista-300x170.png 300w, https:\/\/jornaldasoficinas.com\/pt\/wp-content\/uploads\/2022\/03\/Renault-Trucks-regista-150x85.png 150w, https:\/\/jornaldasoficinas.com\/pt\/wp-content\/uploads\/2022\/03\/Renault-Trucks-regista-768x436.png 768w\" sizes=\"auto, (max-width: 1024px) 100vw, 1024px\" \/><\/p>\n<p><strong>Em 2021, a Renault Trucks registou um crescimento significativo dos seus neg\u00f3cios, com um total de 51.460 ve\u00edculos faturados (+25%), num mercado din\u00e2mico. Em Fran\u00e7a, o fabricante apresenta agora uma quota de mercado de 29,8%, a mais alta dos \u00faltimos dez anos<\/strong><\/p>\n<p>No final de um ano marcado por uma recupera\u00e7\u00e3o geral da atividade econ\u00f3mica e por uma forte procura nos mercados de ve\u00edculos comerciais, a Renault Trucks registou um aumento de 25% para 51.460 ve\u00edculos no total da sua fatura\u00e7\u00e3o, apesar da interrup\u00e7\u00e3o no abastecimento das suas linhas de produ\u00e7\u00e3o. A Renault Trucks tamb\u00e9m registou um aumento de 44% no n\u00famero de encomendas.<\/p>\n<p><strong>Entregas em Crescimento<\/strong><\/p>\n<p><strong>As entregas repartem-se da seguinte forma:<\/strong><\/p>\n<p><strong>Por destino<\/strong><\/p>\n<p>Europa (excluindo a Fran\u00e7a): 24.760<\/p>\n<p>Fran\u00e7a: 21.222<\/p>\n<p>Resto do mundo: 5.478<\/p>\n<p><strong>\u00a0<\/strong><strong>Por tonelagem:<\/strong><\/p>\n<p>Ve\u00edculos pesados (gama alta e m\u00e9dia): 33.422 (+27%)<\/p>\n<p>Ve\u00edculos comerciais ligeiros: 18.038 (+21%)<\/p>\n<p><strong>Consolida\u00e7\u00e3o de posi\u00e7\u00f5es na Europa<br \/>\n<\/strong>Na Europa, a Renault Trucks tamb\u00e9m consolidou os seus bons resultados, com um aumento de 41% da fatura\u00e7\u00e3o no mercado de ve\u00edculos com mais de 6 toneladas e um aumento da atividade em todos os mercados onde atua. Em Fran\u00e7a, o fabricante apresenta agora a mais alta quota de mercado em dez anos, na ordem dos 29,8%. A marca teve um desempenho particularmente bom na Pol\u00f3nia, com um aumento de 89% (1705 ve\u00edculos) e no Reino Unido (+56%).<\/p>\n<p>O fabricante tamb\u00e9m registou um crescimento na penetra\u00e7\u00e3o dos seus contratos de manuten\u00e7\u00e3o, que acompanharam 45% das suas vendas de ve\u00edculos em 2021.<\/p>\n<p>No segmento superior a 16t, os registos aumentaram 20,7%, permitindo \u00e0 Renault Trucks estabilizar a sua quota de mercado em 8,8%.<\/p>\n<p>A Renault Trucks est\u00e1 a acompanhar o mercado das 6-16t, com a sua quota a subir 0,7 pontos para 7,3% e os registos a aumentar 11%.<\/p>\n<p>No mercado dos VCL (ve\u00edculos comerciais ligeiros), a fatura\u00e7\u00e3o da Renault Trucks aumentou em 20%, com aumentos significativos na Holanda (+57%), B\u00e9lgica, Reino Unido (+20%), Europa Central e It\u00e1lia (+45%).<\/p>\n<p>Vendas internacionais aumentam em todas as regi\u00f5es<\/p>\n<p>A Renault Trucks registou um aumento de 15% na fatura\u00e7\u00e3o e um aumento de 7% nas encomendas. A marca verificou tamb\u00e9m um aumento na penetra\u00e7\u00e3o dos respetivos contratos de manuten\u00e7\u00e3o, que acompanharam 30% da venda de ve\u00edculos.<\/p>\n<p>2021 foi marcado por um aumento da quota de mercado da Renault Trucks em todas as suas regi\u00f5es. O fabricante fez o seu melhor progresso na Turquia, com uma quota de mercado de 6,7%, a mais elevada dos \u00faltimos 17 anos, e alcan\u00e7ou uma impressionante quota de mercado de 8% no M\u00e9dio Oriente.<\/p>\n<p>Em \u00c1frica, na Am\u00e9rica Latina e na \u00c1sia, a Renault Trucks alcan\u00e7ou uma quota de mercado de 16% (+5 pontos), com desempenhos not\u00e1veis no Chile, Marrocos e Indon\u00e9sia.<\/p>\n<p><strong>Uma procura constante de cami\u00f5es usados<br \/>\n<\/strong>Em 2021, a procura de cami\u00f5es usados manteve-se muito elevada num mercado impulsionado pela retoma da atividade e pela escassez de ve\u00edculos novos devido a interrup\u00e7\u00f5es na produ\u00e7\u00e3o.<\/p>\n<p>A Renault Trucks faturou 13% (8926 unidades) menos ve\u00edculos do que em 2020, devido a um n\u00edvel historicamente baixo de stock de menos de 1000 ve\u00edculos.<\/p>\n<p>Em 2021, a Renault Trucks continuou o seu investimento na economia circular, ao converter 300 ve\u00edculos na sua F\u00e1brica de Cami\u00f5es Usados em Bourg-en-Bresse e lan\u00e7ando uma s\u00e9rie limitada de tratores T Robust 13 L usados, concebidos para durar pelo menos 1 milh\u00e3o de quil\u00f3metros.<\/p>\n<p><strong>A Renault Trucks acelera na mobilidade el\u00e9trica<br \/>\n<\/strong>Desde h\u00e1 v\u00e1rios anos que a gama de cami\u00f5es el\u00e9tricos da Renault Trucks tem vindo a expandir-se constantemente e os seus volumes de vendas refletem este r\u00e1pido progresso: em 2021, foram entregues 249 cami\u00f5es el\u00e9tricos e foram encomendados 613.<\/p>\n<p>Num mercado europeu onde os volumes permanecem modestos (450 registos), a quota do fabricante \u00e9 de 17%.<\/p>\n<p>A Renault Trucks est\u00e1 a intensificar a sua estrat\u00e9gia com ambi\u00e7\u00f5es acrescidas: 50% do seu volume de vendas em 2030 ser\u00e1 composto por ve\u00edculos el\u00e9tricos e 100% dos ve\u00edculos que comercializa ser\u00e3o neutros em termos de carbono at\u00e9 2040.<\/p>\n","protected":false},"excerpt":{"rendered":"<p>Em 2021, a Renault Trucks registou&#8230;<\/p>\n","protected":false},"author":15,"featured_media":28464,"comment_status":"closed","ping_status":"closed","sticky":false,"template":"","format":"standard","meta":{"footnotes":""},"categories":[29],"tags":[460],"class_list":["post-28486","post","type-post","status-publish","format-standard","has-post-thumbnail","hentry","category-empresas","tag-renault-trucks"],"yoast_head":"<!-- This site is optimized with the Yoast SEO plugin v27.4 - https:\/\/yoast.com\/product\/yoast-seo-wordpress\/ -->\n<title>Renault Trucks regista o maior crescimento - Jornal das Oficinas<\/title>\n<meta name=\"robots\" content=\"index, follow, max-snippet:-1, max-image-preview:large, max-video-preview:-1\" \/>\n<link rel=\"canonical\" href=\"https:\/\/jornaldasoficinas.com\/pt\/renault-trucks-regista-o-maior-crescimento\/\" \/>\n<meta property=\"og:locale\" content=\"pt_PT\" \/>\n<meta property=\"og:type\" content=\"article\" \/>\n<meta property=\"og:title\" content=\"Renault Trucks regista o maior crescimento - Jornal das Oficinas\" \/>\n<meta property=\"og:description\" content=\"Em 2021, a Renault Trucks registou...\" \/>\n<meta property=\"og:url\" content=\"https:\/\/jornaldasoficinas.com\/pt\/renault-trucks-regista-o-maior-crescimento\/\" \/>\n<meta property=\"og:site_name\" content=\"Jornal das Oficinas\" \/>\n<meta property=\"article:publisher\" content=\"https:\/\/www.facebook.com\/jornaloficinas\" \/>\n<meta property=\"article:published_time\" content=\"2022-04-01T15:00:59+00:00\" \/>\n<meta property=\"article:modified_time\" content=\"2023-07-20T15:12:18+00:00\" \/>\n<meta property=\"og:image\" content=\"https:\/\/jornaldasoficinas.com\/pt\/wp-content\/uploads\/2022\/03\/Renault-Trucks-regista.png\" \/>\n\t<meta property=\"og:image:width\" content=\"1024\" \/>\n\t<meta property=\"og:image:height\" content=\"581\" \/>\n\t<meta property=\"og:image:type\" content=\"image\/png\" \/>\n<meta name=\"author\" content=\"Reda\u00e7\u00e3o JO\" \/>\n<meta name=\"twitter:card\" content=\"summary_large_image\" \/>\n<meta name=\"twitter:creator\" content=\"@jornaloficinas\" \/>\n<meta name=\"twitter:site\" content=\"@jornaloficinas\" \/>\n<meta name=\"twitter:label1\" content=\"Escrito por\" \/>\n\t<meta name=\"twitter:data1\" content=\"Reda\u00e7\u00e3o JO\" \/>\n\t<meta name=\"twitter:label2\" content=\"Tempo estimado de leitura\" \/>\n\t<meta name=\"twitter:data2\" content=\"3 minutos\" \/>\n<script type=\"application\/ld+json\" class=\"yoast-schema-graph\">{\"@context\":\"https:\\\/\\\/schema.org\",\"@graph\":[{\"@type\":\"Article\",\"@id\":\"https:\\\/\\\/jornaldasoficinas.com\\\/pt\\\/renault-trucks-regista-o-maior-crescimento\\\/#article\",\"isPartOf\":{\"@id\":\"https:\\\/\\\/jornaldasoficinas.com\\\/pt\\\/renault-trucks-regista-o-maior-crescimento\\\/\"},\"author\":{\"name\":\"Reda\u00e7\u00e3o JO\",\"@id\":\"https:\\\/\\\/jornaldasoficinas.com\\\/pt\\\/#\\\/schema\\\/person\\\/a38eef5de2c41d9e7c9ac10141afddf3\"},\"headline\":\"Renault Trucks regista o maior crescimento\",\"datePublished\":\"2022-04-01T15:00:59+00:00\",\"dateModified\":\"2023-07-20T15:12:18+00:00\",\"mainEntityOfPage\":{\"@id\":\"https:\\\/\\\/jornaldasoficinas.com\\\/pt\\\/renault-trucks-regista-o-maior-crescimento\\\/\"},\"wordCount\":678,\"publisher\":{\"@id\":\"https:\\\/\\\/jornaldasoficinas.com\\\/pt\\\/#organization\"},\"image\":{\"@id\":\"https:\\\/\\\/jornaldasoficinas.com\\\/pt\\\/renault-trucks-regista-o-maior-crescimento\\\/#primaryimage\"},\"thumbnailUrl\":\"https:\\\/\\\/jornaldasoficinas.com\\\/pt\\\/wp-content\\\/uploads\\\/2022\\\/03\\\/Renault-Trucks-regista.png\",\"keywords\":[\"Renault Trucks\"],\"articleSection\":[\"Empresas\"],\"inLanguage\":\"pt-PT\"},{\"@type\":\"WebPage\",\"@id\":\"https:\\\/\\\/jornaldasoficinas.com\\\/pt\\\/renault-trucks-regista-o-maior-crescimento\\\/\",\"url\":\"https:\\\/\\\/jornaldasoficinas.com\\\/pt\\\/renault-trucks-regista-o-maior-crescimento\\\/\",\"name\":\"Renault Trucks regista o maior crescimento - Jornal das Oficinas\",\"isPartOf\":{\"@id\":\"https:\\\/\\\/jornaldasoficinas.com\\\/pt\\\/#website\"},\"primaryImageOfPage\":{\"@id\":\"https:\\\/\\\/jornaldasoficinas.com\\\/pt\\\/renault-trucks-regista-o-maior-crescimento\\\/#primaryimage\"},\"image\":{\"@id\":\"https:\\\/\\\/jornaldasoficinas.com\\\/pt\\\/renault-trucks-regista-o-maior-crescimento\\\/#primaryimage\"},\"thumbnailUrl\":\"https:\\\/\\\/jornaldasoficinas.com\\\/pt\\\/wp-content\\\/uploads\\\/2022\\\/03\\\/Renault-Trucks-regista.png\",\"datePublished\":\"2022-04-01T15:00:59+00:00\",\"dateModified\":\"2023-07-20T15:12:18+00:00\",\"breadcrumb\":{\"@id\":\"https:\\\/\\\/jornaldasoficinas.com\\\/pt\\\/renault-trucks-regista-o-maior-crescimento\\\/#breadcrumb\"},\"inLanguage\":\"pt-PT\",\"potentialAction\":[{\"@type\":\"ReadAction\",\"target\":[\"https:\\\/\\\/jornaldasoficinas.com\\\/pt\\\/renault-trucks-regista-o-maior-crescimento\\\/\"]}]},{\"@type\":\"ImageObject\",\"inLanguage\":\"pt-PT\",\"@id\":\"https:\\\/\\\/jornaldasoficinas.com\\\/pt\\\/renault-trucks-regista-o-maior-crescimento\\\/#primaryimage\",\"url\":\"https:\\\/\\\/jornaldasoficinas.com\\\/pt\\\/wp-content\\\/uploads\\\/2022\\\/03\\\/Renault-Trucks-regista.png\",\"contentUrl\":\"https:\\\/\\\/jornaldasoficinas.com\\\/pt\\\/wp-content\\\/uploads\\\/2022\\\/03\\\/Renault-Trucks-regista.png\",\"width\":1024,\"height\":581,\"caption\":\"03 - Renault Trucks regista\"},{\"@type\":\"BreadcrumbList\",\"@id\":\"https:\\\/\\\/jornaldasoficinas.com\\\/pt\\\/renault-trucks-regista-o-maior-crescimento\\\/#breadcrumb\",\"itemListElement\":[{\"@type\":\"ListItem\",\"position\":1,\"name\":\"In\u00edcio\",\"item\":\"https:\\\/\\\/jornaldasoficinas.com\\\/pt\\\/\"},{\"@type\":\"ListItem\",\"position\":2,\"name\":\"Renault Trucks regista o maior crescimento\"}]},{\"@type\":\"WebSite\",\"@id\":\"https:\\\/\\\/jornaldasoficinas.com\\\/pt\\\/#website\",\"url\":\"https:\\\/\\\/jornaldasoficinas.com\\\/pt\\\/\",\"name\":\"Jornal das Oficinas\",\"description\":\"Jornal independente do Aftermarket Autom\u00f3vel em Portugal\",\"publisher\":{\"@id\":\"https:\\\/\\\/jornaldasoficinas.com\\\/pt\\\/#organization\"},\"potentialAction\":[{\"@type\":\"SearchAction\",\"target\":{\"@type\":\"EntryPoint\",\"urlTemplate\":\"https:\\\/\\\/jornaldasoficinas.com\\\/pt\\\/?s={search_term_string}\"},\"query-input\":{\"@type\":\"PropertyValueSpecification\",\"valueRequired\":true,\"valueName\":\"search_term_string\"}}],\"inLanguage\":\"pt-PT\"},{\"@type\":\"Organization\",\"@id\":\"https:\\\/\\\/jornaldasoficinas.com\\\/pt\\\/#organization\",\"name\":\"Jornal das Oficinas\",\"url\":\"https:\\\/\\\/jornaldasoficinas.com\\\/pt\\\/\",\"logo\":{\"@type\":\"ImageObject\",\"inLanguage\":\"pt-PT\",\"@id\":\"https:\\\/\\\/jornaldasoficinas.com\\\/pt\\\/#\\\/schema\\\/logo\\\/image\\\/\",\"url\":\"https:\\\/\\\/jornaldasoficinas.com\\\/pt\\\/wp-content\\\/uploads\\\/logoJO-SEO.png\",\"contentUrl\":\"https:\\\/\\\/jornaldasoficinas.com\\\/pt\\\/wp-content\\\/uploads\\\/logoJO-SEO.png\",\"width\":285,\"height\":450,\"caption\":\"Jornal das Oficinas\"},\"image\":{\"@id\":\"https:\\\/\\\/jornaldasoficinas.com\\\/pt\\\/#\\\/schema\\\/logo\\\/image\\\/\"},\"sameAs\":[\"https:\\\/\\\/www.facebook.com\\\/jornaloficinas\",\"https:\\\/\\\/x.com\\\/jornaloficinas\",\"https:\\\/\\\/www.instagram.com\\\/jornal_oficinas\\\/\",\"https:\\\/\\\/www.linkedin.com\\\/company\\\/jornal-das-oficinas\\\/\",\"https:\\\/\\\/www.youtube.com\\\/channel\\\/UCbQZBqtcvV-oSQrr7RzINGg\"]},{\"@type\":\"Person\",\"@id\":\"https:\\\/\\\/jornaldasoficinas.com\\\/pt\\\/#\\\/schema\\\/person\\\/a38eef5de2c41d9e7c9ac10141afddf3\",\"name\":\"Reda\u00e7\u00e3o JO\",\"image\":{\"@type\":\"ImageObject\",\"inLanguage\":\"pt-PT\",\"@id\":\"https:\\\/\\\/secure.gravatar.com\\\/avatar\\\/71f2fa71737ad68a84fea94bc708ddac8ea5b0c4788dc2ad202f3ccb2887742f?s=96&d=wp_user_avatar&r=g\",\"url\":\"https:\\\/\\\/secure.gravatar.com\\\/avatar\\\/71f2fa71737ad68a84fea94bc708ddac8ea5b0c4788dc2ad202f3ccb2887742f?s=96&d=wp_user_avatar&r=g\",\"contentUrl\":\"https:\\\/\\\/secure.gravatar.com\\\/avatar\\\/71f2fa71737ad68a84fea94bc708ddac8ea5b0c4788dc2ad202f3ccb2887742f?s=96&d=wp_user_avatar&r=g\",\"caption\":\"Reda\u00e7\u00e3o JO\"},\"url\":\"https:\\\/\\\/jornaldasoficinas.com\\\/pt\\\/author\\\/joredacao\\\/\"}]}<\/script>\n<!-- \/ Yoast SEO plugin. -->","yoast_head_json":{"title":"Renault Trucks regista o maior crescimento - Jornal das Oficinas","robots":{"index":"index","follow":"follow","max-snippet":"max-snippet:-1","max-image-preview":"max-image-preview:large","max-video-preview":"max-video-preview:-1"},"canonical":"https:\/\/jornaldasoficinas.com\/pt\/renault-trucks-regista-o-maior-crescimento\/","og_locale":"pt_PT","og_type":"article","og_title":"Renault Trucks regista o maior crescimento - Jornal das Oficinas","og_description":"Em 2021, a Renault Trucks registou...","og_url":"https:\/\/jornaldasoficinas.com\/pt\/renault-trucks-regista-o-maior-crescimento\/","og_site_name":"Jornal das Oficinas","article_publisher":"https:\/\/www.facebook.com\/jornaloficinas","article_published_time":"2022-04-01T15:00:59+00:00","article_modified_time":"2023-07-20T15:12:18+00:00","og_image":[{"width":1024,"height":581,"url":"https:\/\/jornaldasoficinas.com\/pt\/wp-content\/uploads\/2022\/03\/Renault-Trucks-regista.png","type":"image\/png"}],"author":"Reda\u00e7\u00e3o JO","twitter_card":"summary_large_image","twitter_creator":"@jornaloficinas","twitter_site":"@jornaloficinas","twitter_misc":{"Escrito por":"Reda\u00e7\u00e3o JO","Tempo estimado de leitura":"3 minutos"},"schema":{"@context":"https:\/\/schema.org","@graph":[{"@type":"Article","@id":"https:\/\/jornaldasoficinas.com\/pt\/renault-trucks-regista-o-maior-crescimento\/#article","isPartOf":{"@id":"https:\/\/jornaldasoficinas.com\/pt\/renault-trucks-regista-o-maior-crescimento\/"},"author":{"name":"Reda\u00e7\u00e3o JO","@id":"https:\/\/jornaldasoficinas.com\/pt\/#\/schema\/person\/a38eef5de2c41d9e7c9ac10141afddf3"},"headline":"Renault Trucks regista o maior crescimento","datePublished":"2022-04-01T15:00:59+00:00","dateModified":"2023-07-20T15:12:18+00:00","mainEntityOfPage":{"@id":"https:\/\/jornaldasoficinas.com\/pt\/renault-trucks-regista-o-maior-crescimento\/"},"wordCount":678,"publisher":{"@id":"https:\/\/jornaldasoficinas.com\/pt\/#organization"},"image":{"@id":"https:\/\/jornaldasoficinas.com\/pt\/renault-trucks-regista-o-maior-crescimento\/#primaryimage"},"thumbnailUrl":"https:\/\/jornaldasoficinas.com\/pt\/wp-content\/uploads\/2022\/03\/Renault-Trucks-regista.png","keywords":["Renault Trucks"],"articleSection":["Empresas"],"inLanguage":"pt-PT"},{"@type":"WebPage","@id":"https:\/\/jornaldasoficinas.com\/pt\/renault-trucks-regista-o-maior-crescimento\/","url":"https:\/\/jornaldasoficinas.com\/pt\/renault-trucks-regista-o-maior-crescimento\/","name":"Renault Trucks regista o maior crescimento - Jornal das Oficinas","isPartOf":{"@id":"https:\/\/jornaldasoficinas.com\/pt\/#website"},"primaryImageOfPage":{"@id":"https:\/\/jornaldasoficinas.com\/pt\/renault-trucks-regista-o-maior-crescimento\/#primaryimage"},"image":{"@id":"https:\/\/jornaldasoficinas.com\/pt\/renault-trucks-regista-o-maior-crescimento\/#primaryimage"},"thumbnailUrl":"https:\/\/jornaldasoficinas.com\/pt\/wp-content\/uploads\/2022\/03\/Renault-Trucks-regista.png","datePublished":"2022-04-01T15:00:59+00:00","dateModified":"2023-07-20T15:12:18+00:00","breadcrumb":{"@id":"https:\/\/jornaldasoficinas.com\/pt\/renault-trucks-regista-o-maior-crescimento\/#breadcrumb"},"inLanguage":"pt-PT","potentialAction":[{"@type":"ReadAction","target":["https:\/\/jornaldasoficinas.com\/pt\/renault-trucks-regista-o-maior-crescimento\/"]}]},{"@type":"ImageObject","inLanguage":"pt-PT","@id":"https:\/\/jornaldasoficinas.com\/pt\/renault-trucks-regista-o-maior-crescimento\/#primaryimage","url":"https:\/\/jornaldasoficinas.com\/pt\/wp-content\/uploads\/2022\/03\/Renault-Trucks-regista.png","contentUrl":"https:\/\/jornaldasoficinas.com\/pt\/wp-content\/uploads\/2022\/03\/Renault-Trucks-regista.png","width":1024,"height":581,"caption":"03 - Renault Trucks regista"},{"@type":"BreadcrumbList","@id":"https:\/\/jornaldasoficinas.com\/pt\/renault-trucks-regista-o-maior-crescimento\/#breadcrumb","itemListElement":[{"@type":"ListItem","position":1,"name":"In\u00edcio","item":"https:\/\/jornaldasoficinas.com\/pt\/"},{"@type":"ListItem","position":2,"name":"Renault Trucks regista o maior crescimento"}]},{"@type":"WebSite","@id":"https:\/\/jornaldasoficinas.com\/pt\/#website","url":"https:\/\/jornaldasoficinas.com\/pt\/","name":"Jornal das Oficinas","description":"Jornal independente do Aftermarket Autom\u00f3vel em Portugal","publisher":{"@id":"https:\/\/jornaldasoficinas.com\/pt\/#organization"},"potentialAction":[{"@type":"SearchAction","target":{"@type":"EntryPoint","urlTemplate":"https:\/\/jornaldasoficinas.com\/pt\/?s={search_term_string}"},"query-input":{"@type":"PropertyValueSpecification","valueRequired":true,"valueName":"search_term_string"}}],"inLanguage":"pt-PT"},{"@type":"Organization","@id":"https:\/\/jornaldasoficinas.com\/pt\/#organization","name":"Jornal das Oficinas","url":"https:\/\/jornaldasoficinas.com\/pt\/","logo":{"@type":"ImageObject","inLanguage":"pt-PT","@id":"https:\/\/jornaldasoficinas.com\/pt\/#\/schema\/logo\/image\/","url":"https:\/\/jornaldasoficinas.com\/pt\/wp-content\/uploads\/logoJO-SEO.png","contentUrl":"https:\/\/jornaldasoficinas.com\/pt\/wp-content\/uploads\/logoJO-SEO.png","width":285,"height":450,"caption":"Jornal das Oficinas"},"image":{"@id":"https:\/\/jornaldasoficinas.com\/pt\/#\/schema\/logo\/image\/"},"sameAs":["https:\/\/www.facebook.com\/jornaloficinas","https:\/\/x.com\/jornaloficinas","https:\/\/www.instagram.com\/jornal_oficinas\/","https:\/\/www.linkedin.com\/company\/jornal-das-oficinas\/","https:\/\/www.youtube.com\/channel\/UCbQZBqtcvV-oSQrr7RzINGg"]},{"@type":"Person","@id":"https:\/\/jornaldasoficinas.com\/pt\/#\/schema\/person\/a38eef5de2c41d9e7c9ac10141afddf3","name":"Reda\u00e7\u00e3o JO","image":{"@type":"ImageObject","inLanguage":"pt-PT","@id":"https:\/\/secure.gravatar.com\/avatar\/71f2fa71737ad68a84fea94bc708ddac8ea5b0c4788dc2ad202f3ccb2887742f?s=96&d=wp_user_avatar&r=g","url":"https:\/\/secure.gravatar.com\/avatar\/71f2fa71737ad68a84fea94bc708ddac8ea5b0c4788dc2ad202f3ccb2887742f?s=96&d=wp_user_avatar&r=g","contentUrl":"https:\/\/secure.gravatar.com\/avatar\/71f2fa71737ad68a84fea94bc708ddac8ea5b0c4788dc2ad202f3ccb2887742f?s=96&d=wp_user_avatar&r=g","caption":"Reda\u00e7\u00e3o JO"},"url":"https:\/\/jornaldasoficinas.com\/pt\/author\/joredacao\/"}]}},"_links":{"self":[{"href":"https:\/\/jornaldasoficinas.com\/pt\/wp-json\/wp\/v2\/posts\/28486","targetHints":{"allow":["GET"]}}],"collection":[{"href":"https:\/\/jornaldasoficinas.com\/pt\/wp-json\/wp\/v2\/posts"}],"about":[{"href":"https:\/\/jornaldasoficinas.com\/pt\/wp-json\/wp\/v2\/types\/post"}],"author":[{"embeddable":true,"href":"https:\/\/jornaldasoficinas.com\/pt\/wp-json\/wp\/v2\/users\/15"}],"replies":[{"embeddable":true,"href":"https:\/\/jornaldasoficinas.com\/pt\/wp-json\/wp\/v2\/comments?post=28486"}],"version-history":[{"count":0,"href":"https:\/\/jornaldasoficinas.com\/pt\/wp-json\/wp\/v2\/posts\/28486\/revisions"}],"wp:featuredmedia":[{"embeddable":true,"href":"https:\/\/jornaldasoficinas.com\/pt\/wp-json\/wp\/v2\/media\/28464"}],"wp:attachment":[{"href":"https:\/\/jornaldasoficinas.com\/pt\/wp-json\/wp\/v2\/media?parent=28486"}],"wp:term":[{"taxonomy":"category","embeddable":true,"href":"https:\/\/jornaldasoficinas.com\/pt\/wp-json\/wp\/v2\/categories?post=28486"},{"taxonomy":"post_tag","embeddable":true,"href":"https:\/\/jornaldasoficinas.com\/pt\/wp-json\/wp\/v2\/tags?post=28486"}],"curies":[{"name":"wp","href":"https:\/\/api.w.org\/{rel}","templated":true}]}}