{"id":28609,"date":"2022-04-07T10:00:20","date_gmt":"2022-04-07T09:00:20","guid":{"rendered":"https:\/\/jornaldasoficinas.com\/pt\/?p=28609"},"modified":"2022-04-05T16:43:20","modified_gmt":"2022-04-05T15:43:20","slug":"escassez-de-automoveis-vai-continuar","status":"publish","type":"post","link":"https:\/\/jornaldasoficinas.com\/pt\/escassez-de-automoveis-vai-continuar\/","title":{"rendered":"Escassez de autom\u00f3veis vai continuar"},"content":{"rendered":"<p><img loading=\"lazy\" decoding=\"async\" class=\"alignnone size-full wp-image-28588\" src=\"https:\/\/jornaldasoficinas.com\/pt\/wp-content\/uploads\/2022\/03\/Escassez-de-automoveis-vai-continuar.jpg\" alt=\"03 - Escassez de automoveis vai continuar\" width=\"1024\" height=\"581\" srcset=\"https:\/\/jornaldasoficinas.com\/pt\/wp-content\/uploads\/2022\/03\/Escassez-de-automoveis-vai-continuar.jpg 1024w, https:\/\/jornaldasoficinas.com\/pt\/wp-content\/uploads\/2022\/03\/Escassez-de-automoveis-vai-continuar-300x170.jpg 300w, https:\/\/jornaldasoficinas.com\/pt\/wp-content\/uploads\/2022\/03\/Escassez-de-automoveis-vai-continuar-150x85.jpg 150w, https:\/\/jornaldasoficinas.com\/pt\/wp-content\/uploads\/2022\/03\/Escassez-de-automoveis-vai-continuar-768x436.jpg 768w\" sizes=\"auto, (max-width: 1024px) 100vw, 1024px\" \/><\/p>\n<p><strong>No m\u00eas de mar\u00e7o, a equipa de Customer Experience da World Shopper foi tentar comprar autom\u00f3veis novos eletrificados em Portugal, simulando a abordagem de Clientes particulares. Analisou 12 modelos, dos quais 9 BEVs e 3 PHEVs, em 48 concession\u00e1rios das regi\u00f5es de Lisboa e Porto<\/strong><\/p>\n<p>Considerando as atuais dificuldades de produ\u00e7\u00e3o que a ind\u00fastria atravessa um pouco por todo o mundo, \u00e9 natural que os clientes se tenham deparado com um prazo m\u00e9dio de entrega de cerca de 8 meses. Num dos modelos em an\u00e1lise foi mesmo anunciado, de forma consistente, um prazo de um ano e meio. E \u00e9 um SUV compacto.<\/p>\n<p>Em 30 de dezembro, a World Shopper publicou um artigo sobre a import\u00e2ncia de se proporem solu\u00e7\u00f5es alternativas de mobilidade ao Cliente, neste cen\u00e1rio de entregas muito prolongadas. Na altura sugeriu que poderia ser espontaneamente proposta uma solu\u00e7\u00e3o de Rent-a-Car, em condi\u00e7\u00f5es especiais, durante o per\u00edodo de espera pelo carro novo. Foi apresentado como exemplo, uma solu\u00e7\u00e3o de uma gestora de frotas que, entretanto, tem vindo a refinar e a divulgar cada vez mais esta estrat\u00e9gia.<\/p>\n<p>Nas 48 simula\u00e7\u00f5es de compra realizadas tr\u00eas meses depois da publica\u00e7\u00e3o do referido texto, a equipa da World Shopper deparou-se sem qualquer solu\u00e7\u00e3o alternativa proposta espontaneamente, tanto no percurso digital do cliente como na intera\u00e7\u00e3o direta com os comerciais abordados.<\/p>\n<p>Ap\u00f3s o cliente questionar se existiria uma solu\u00e7\u00e3o de mobilidade para o per\u00edodo de espera pelo ve\u00edculo novo, em apenas 2 processos de compra foi poss\u00edvel aceder a solu\u00e7\u00f5es alternativas (RAC). Em 12 casos, foram referidas solu\u00e7\u00f5es que passavam pela compra de um ve\u00edculo de servi\u00e7o, de outro modelo ou a possibilidade de algum Cliente desistir de uma encomenda. Em 34 (71%) casos n\u00e3o foi apresentada qualquer solu\u00e7\u00e3o. O Cliente teria que aguardar e ponto.<\/p>\n<p>Ainda h\u00e1 muita incerteza sobre quando estar\u00e1 resolvida a escassez de semicondutores, mas as opini\u00f5es coincidem cada vez mais em que o fen\u00f3meno se ir\u00e1 arrastar at\u00e9 meados de 2023.<\/p>\n<p>Al\u00e9m disso \u00e9 prov\u00e1vel que as consequ\u00eancias da guerra na Ucr\u00e2nia tamb\u00e9m impactem os prazos de entrega, para al\u00e9m da situa\u00e7\u00e3o j\u00e1 identificada a n\u00edvel do fornecimento de cablagens.<\/p>\n<p>No dom\u00ednio dos ve\u00edculos el\u00e9tricos, em clara fase de aumento de procura, tamb\u00e9m \u00e9 previs\u00edvel que se venham a registar algumas falhas no abastecimento de mat\u00e9rias-primas, como \u00e9 o caso do l\u00edtio e do n\u00edquel utilizados na produ\u00e7\u00e3o de baterias de tra\u00e7\u00e3o.<\/p>\n<p>Neste contexto, o setor autom\u00f3vel tem que se adaptar, sobreviver e vencer num cen\u00e1rio de escassez. Fabricantes, fornecedores e redes de distribui\u00e7\u00e3o precisam de reagir: a redu\u00e7\u00e3o de stocks at\u00e9 pode contribuir para a sustentabilidade financeira desta ind\u00fastria de \u201cpush-stocks\u201d, mas \u00e9 crucial manter a din\u00e2mica poss\u00edvel do mercado. Muito se tem feito ao n\u00edvel da adapta\u00e7\u00e3o da estrutura produtiva a este cen\u00e1rio\u2026 \u00e9 mais do que tempo de aplicar essa criatividade e energia no fim da linha, junto de quem mais importa: o Cliente.<\/p>\n","protected":false},"excerpt":{"rendered":"<p>No m\u00eas de mar\u00e7o, a equipa&#8230;<\/p>\n","protected":false},"author":15,"featured_media":28588,"comment_status":"closed","ping_status":"closed","sticky":false,"template":"","format":"standard","meta":{"footnotes":""},"categories":[37],"tags":[],"class_list":["post-28609","post","type-post","status-publish","format-standard","has-post-thumbnail","hentry","category-mercado"],"yoast_head":"<!-- This site is optimized with the Yoast SEO plugin v27.4 - https:\/\/yoast.com\/product\/yoast-seo-wordpress\/ -->\n<title>Escassez de autom\u00f3veis vai continuar - Jornal das Oficinas<\/title>\n<meta name=\"robots\" content=\"index, follow, max-snippet:-1, max-image-preview:large, max-video-preview:-1\" \/>\n<link rel=\"canonical\" href=\"https:\/\/jornaldasoficinas.com\/pt\/escassez-de-automoveis-vai-continuar\/\" \/>\n<meta property=\"og:locale\" content=\"pt_PT\" \/>\n<meta property=\"og:type\" content=\"article\" \/>\n<meta property=\"og:title\" content=\"Escassez de autom\u00f3veis vai continuar - Jornal das Oficinas\" \/>\n<meta property=\"og:description\" content=\"No m\u00eas de mar\u00e7o, a equipa...\" \/>\n<meta property=\"og:url\" content=\"https:\/\/jornaldasoficinas.com\/pt\/escassez-de-automoveis-vai-continuar\/\" \/>\n<meta property=\"og:site_name\" content=\"Jornal das Oficinas\" \/>\n<meta property=\"article:publisher\" content=\"https:\/\/www.facebook.com\/jornaloficinas\" \/>\n<meta property=\"article:published_time\" content=\"2022-04-07T09:00:20+00:00\" \/>\n<meta property=\"og:image\" content=\"https:\/\/jornaldasoficinas.com\/pt\/wp-content\/uploads\/2022\/03\/Escassez-de-automoveis-vai-continuar.jpg\" \/>\n\t<meta property=\"og:image:width\" content=\"1024\" \/>\n\t<meta property=\"og:image:height\" content=\"581\" \/>\n\t<meta property=\"og:image:type\" content=\"image\/jpeg\" \/>\n<meta name=\"author\" content=\"Reda\u00e7\u00e3o JO\" \/>\n<meta name=\"twitter:card\" content=\"summary_large_image\" \/>\n<meta name=\"twitter:creator\" content=\"@jornaloficinas\" \/>\n<meta name=\"twitter:site\" content=\"@jornaloficinas\" \/>\n<meta name=\"twitter:label1\" content=\"Escrito por\" \/>\n\t<meta name=\"twitter:data1\" content=\"Reda\u00e7\u00e3o JO\" \/>\n\t<meta name=\"twitter:label2\" content=\"Tempo estimado de leitura\" \/>\n\t<meta name=\"twitter:data2\" content=\"3 minutos\" \/>\n<script type=\"application\/ld+json\" class=\"yoast-schema-graph\">{\"@context\":\"https:\\\/\\\/schema.org\",\"@graph\":[{\"@type\":\"Article\",\"@id\":\"https:\\\/\\\/jornaldasoficinas.com\\\/pt\\\/escassez-de-automoveis-vai-continuar\\\/#article\",\"isPartOf\":{\"@id\":\"https:\\\/\\\/jornaldasoficinas.com\\\/pt\\\/escassez-de-automoveis-vai-continuar\\\/\"},\"author\":{\"name\":\"Reda\u00e7\u00e3o JO\",\"@id\":\"https:\\\/\\\/jornaldasoficinas.com\\\/pt\\\/#\\\/schema\\\/person\\\/a38eef5de2c41d9e7c9ac10141afddf3\"},\"headline\":\"Escassez de autom\u00f3veis vai continuar\",\"datePublished\":\"2022-04-07T09:00:20+00:00\",\"mainEntityOfPage\":{\"@id\":\"https:\\\/\\\/jornaldasoficinas.com\\\/pt\\\/escassez-de-automoveis-vai-continuar\\\/\"},\"wordCount\":530,\"publisher\":{\"@id\":\"https:\\\/\\\/jornaldasoficinas.com\\\/pt\\\/#organization\"},\"image\":{\"@id\":\"https:\\\/\\\/jornaldasoficinas.com\\\/pt\\\/escassez-de-automoveis-vai-continuar\\\/#primaryimage\"},\"thumbnailUrl\":\"https:\\\/\\\/jornaldasoficinas.com\\\/pt\\\/wp-content\\\/uploads\\\/2022\\\/03\\\/Escassez-de-automoveis-vai-continuar.jpg\",\"articleSection\":[\"Mercado\"],\"inLanguage\":\"pt-PT\"},{\"@type\":\"WebPage\",\"@id\":\"https:\\\/\\\/jornaldasoficinas.com\\\/pt\\\/escassez-de-automoveis-vai-continuar\\\/\",\"url\":\"https:\\\/\\\/jornaldasoficinas.com\\\/pt\\\/escassez-de-automoveis-vai-continuar\\\/\",\"name\":\"Escassez de autom\u00f3veis vai continuar - Jornal das Oficinas\",\"isPartOf\":{\"@id\":\"https:\\\/\\\/jornaldasoficinas.com\\\/pt\\\/#website\"},\"primaryImageOfPage\":{\"@id\":\"https:\\\/\\\/jornaldasoficinas.com\\\/pt\\\/escassez-de-automoveis-vai-continuar\\\/#primaryimage\"},\"image\":{\"@id\":\"https:\\\/\\\/jornaldasoficinas.com\\\/pt\\\/escassez-de-automoveis-vai-continuar\\\/#primaryimage\"},\"thumbnailUrl\":\"https:\\\/\\\/jornaldasoficinas.com\\\/pt\\\/wp-content\\\/uploads\\\/2022\\\/03\\\/Escassez-de-automoveis-vai-continuar.jpg\",\"datePublished\":\"2022-04-07T09:00:20+00:00\",\"breadcrumb\":{\"@id\":\"https:\\\/\\\/jornaldasoficinas.com\\\/pt\\\/escassez-de-automoveis-vai-continuar\\\/#breadcrumb\"},\"inLanguage\":\"pt-PT\",\"potentialAction\":[{\"@type\":\"ReadAction\",\"target\":[\"https:\\\/\\\/jornaldasoficinas.com\\\/pt\\\/escassez-de-automoveis-vai-continuar\\\/\"]}]},{\"@type\":\"ImageObject\",\"inLanguage\":\"pt-PT\",\"@id\":\"https:\\\/\\\/jornaldasoficinas.com\\\/pt\\\/escassez-de-automoveis-vai-continuar\\\/#primaryimage\",\"url\":\"https:\\\/\\\/jornaldasoficinas.com\\\/pt\\\/wp-content\\\/uploads\\\/2022\\\/03\\\/Escassez-de-automoveis-vai-continuar.jpg\",\"contentUrl\":\"https:\\\/\\\/jornaldasoficinas.com\\\/pt\\\/wp-content\\\/uploads\\\/2022\\\/03\\\/Escassez-de-automoveis-vai-continuar.jpg\",\"width\":1024,\"height\":581,\"caption\":\"03 - Escassez de automoveis vai continuar\"},{\"@type\":\"BreadcrumbList\",\"@id\":\"https:\\\/\\\/jornaldasoficinas.com\\\/pt\\\/escassez-de-automoveis-vai-continuar\\\/#breadcrumb\",\"itemListElement\":[{\"@type\":\"ListItem\",\"position\":1,\"name\":\"In\u00edcio\",\"item\":\"https:\\\/\\\/jornaldasoficinas.com\\\/pt\\\/\"},{\"@type\":\"ListItem\",\"position\":2,\"name\":\"Escassez de autom\u00f3veis vai continuar\"}]},{\"@type\":\"WebSite\",\"@id\":\"https:\\\/\\\/jornaldasoficinas.com\\\/pt\\\/#website\",\"url\":\"https:\\\/\\\/jornaldasoficinas.com\\\/pt\\\/\",\"name\":\"Jornal das Oficinas\",\"description\":\"Jornal independente do Aftermarket Autom\u00f3vel em Portugal\",\"publisher\":{\"@id\":\"https:\\\/\\\/jornaldasoficinas.com\\\/pt\\\/#organization\"},\"potentialAction\":[{\"@type\":\"SearchAction\",\"target\":{\"@type\":\"EntryPoint\",\"urlTemplate\":\"https:\\\/\\\/jornaldasoficinas.com\\\/pt\\\/?s={search_term_string}\"},\"query-input\":{\"@type\":\"PropertyValueSpecification\",\"valueRequired\":true,\"valueName\":\"search_term_string\"}}],\"inLanguage\":\"pt-PT\"},{\"@type\":\"Organization\",\"@id\":\"https:\\\/\\\/jornaldasoficinas.com\\\/pt\\\/#organization\",\"name\":\"Jornal das Oficinas\",\"url\":\"https:\\\/\\\/jornaldasoficinas.com\\\/pt\\\/\",\"logo\":{\"@type\":\"ImageObject\",\"inLanguage\":\"pt-PT\",\"@id\":\"https:\\\/\\\/jornaldasoficinas.com\\\/pt\\\/#\\\/schema\\\/logo\\\/image\\\/\",\"url\":\"https:\\\/\\\/jornaldasoficinas.com\\\/pt\\\/wp-content\\\/uploads\\\/logoJO-SEO.png\",\"contentUrl\":\"https:\\\/\\\/jornaldasoficinas.com\\\/pt\\\/wp-content\\\/uploads\\\/logoJO-SEO.png\",\"width\":285,\"height\":450,\"caption\":\"Jornal das Oficinas\"},\"image\":{\"@id\":\"https:\\\/\\\/jornaldasoficinas.com\\\/pt\\\/#\\\/schema\\\/logo\\\/image\\\/\"},\"sameAs\":[\"https:\\\/\\\/www.facebook.com\\\/jornaloficinas\",\"https:\\\/\\\/x.com\\\/jornaloficinas\",\"https:\\\/\\\/www.instagram.com\\\/jornal_oficinas\\\/\",\"https:\\\/\\\/www.linkedin.com\\\/company\\\/jornal-das-oficinas\\\/\",\"https:\\\/\\\/www.youtube.com\\\/channel\\\/UCbQZBqtcvV-oSQrr7RzINGg\"]},{\"@type\":\"Person\",\"@id\":\"https:\\\/\\\/jornaldasoficinas.com\\\/pt\\\/#\\\/schema\\\/person\\\/a38eef5de2c41d9e7c9ac10141afddf3\",\"name\":\"Reda\u00e7\u00e3o JO\",\"image\":{\"@type\":\"ImageObject\",\"inLanguage\":\"pt-PT\",\"@id\":\"https:\\\/\\\/secure.gravatar.com\\\/avatar\\\/71f2fa71737ad68a84fea94bc708ddac8ea5b0c4788dc2ad202f3ccb2887742f?s=96&d=wp_user_avatar&r=g\",\"url\":\"https:\\\/\\\/secure.gravatar.com\\\/avatar\\\/71f2fa71737ad68a84fea94bc708ddac8ea5b0c4788dc2ad202f3ccb2887742f?s=96&d=wp_user_avatar&r=g\",\"contentUrl\":\"https:\\\/\\\/secure.gravatar.com\\\/avatar\\\/71f2fa71737ad68a84fea94bc708ddac8ea5b0c4788dc2ad202f3ccb2887742f?s=96&d=wp_user_avatar&r=g\",\"caption\":\"Reda\u00e7\u00e3o JO\"},\"url\":\"https:\\\/\\\/jornaldasoficinas.com\\\/pt\\\/author\\\/joredacao\\\/\"}]}<\/script>\n<!-- \/ Yoast SEO plugin. -->","yoast_head_json":{"title":"Escassez de autom\u00f3veis vai continuar - Jornal das Oficinas","robots":{"index":"index","follow":"follow","max-snippet":"max-snippet:-1","max-image-preview":"max-image-preview:large","max-video-preview":"max-video-preview:-1"},"canonical":"https:\/\/jornaldasoficinas.com\/pt\/escassez-de-automoveis-vai-continuar\/","og_locale":"pt_PT","og_type":"article","og_title":"Escassez de autom\u00f3veis vai continuar - Jornal das Oficinas","og_description":"No m\u00eas de mar\u00e7o, a equipa...","og_url":"https:\/\/jornaldasoficinas.com\/pt\/escassez-de-automoveis-vai-continuar\/","og_site_name":"Jornal das Oficinas","article_publisher":"https:\/\/www.facebook.com\/jornaloficinas","article_published_time":"2022-04-07T09:00:20+00:00","og_image":[{"width":1024,"height":581,"url":"https:\/\/jornaldasoficinas.com\/pt\/wp-content\/uploads\/2022\/03\/Escassez-de-automoveis-vai-continuar.jpg","type":"image\/jpeg"}],"author":"Reda\u00e7\u00e3o JO","twitter_card":"summary_large_image","twitter_creator":"@jornaloficinas","twitter_site":"@jornaloficinas","twitter_misc":{"Escrito por":"Reda\u00e7\u00e3o JO","Tempo estimado de leitura":"3 minutos"},"schema":{"@context":"https:\/\/schema.org","@graph":[{"@type":"Article","@id":"https:\/\/jornaldasoficinas.com\/pt\/escassez-de-automoveis-vai-continuar\/#article","isPartOf":{"@id":"https:\/\/jornaldasoficinas.com\/pt\/escassez-de-automoveis-vai-continuar\/"},"author":{"name":"Reda\u00e7\u00e3o JO","@id":"https:\/\/jornaldasoficinas.com\/pt\/#\/schema\/person\/a38eef5de2c41d9e7c9ac10141afddf3"},"headline":"Escassez de autom\u00f3veis vai continuar","datePublished":"2022-04-07T09:00:20+00:00","mainEntityOfPage":{"@id":"https:\/\/jornaldasoficinas.com\/pt\/escassez-de-automoveis-vai-continuar\/"},"wordCount":530,"publisher":{"@id":"https:\/\/jornaldasoficinas.com\/pt\/#organization"},"image":{"@id":"https:\/\/jornaldasoficinas.com\/pt\/escassez-de-automoveis-vai-continuar\/#primaryimage"},"thumbnailUrl":"https:\/\/jornaldasoficinas.com\/pt\/wp-content\/uploads\/2022\/03\/Escassez-de-automoveis-vai-continuar.jpg","articleSection":["Mercado"],"inLanguage":"pt-PT"},{"@type":"WebPage","@id":"https:\/\/jornaldasoficinas.com\/pt\/escassez-de-automoveis-vai-continuar\/","url":"https:\/\/jornaldasoficinas.com\/pt\/escassez-de-automoveis-vai-continuar\/","name":"Escassez de autom\u00f3veis vai continuar - Jornal das Oficinas","isPartOf":{"@id":"https:\/\/jornaldasoficinas.com\/pt\/#website"},"primaryImageOfPage":{"@id":"https:\/\/jornaldasoficinas.com\/pt\/escassez-de-automoveis-vai-continuar\/#primaryimage"},"image":{"@id":"https:\/\/jornaldasoficinas.com\/pt\/escassez-de-automoveis-vai-continuar\/#primaryimage"},"thumbnailUrl":"https:\/\/jornaldasoficinas.com\/pt\/wp-content\/uploads\/2022\/03\/Escassez-de-automoveis-vai-continuar.jpg","datePublished":"2022-04-07T09:00:20+00:00","breadcrumb":{"@id":"https:\/\/jornaldasoficinas.com\/pt\/escassez-de-automoveis-vai-continuar\/#breadcrumb"},"inLanguage":"pt-PT","potentialAction":[{"@type":"ReadAction","target":["https:\/\/jornaldasoficinas.com\/pt\/escassez-de-automoveis-vai-continuar\/"]}]},{"@type":"ImageObject","inLanguage":"pt-PT","@id":"https:\/\/jornaldasoficinas.com\/pt\/escassez-de-automoveis-vai-continuar\/#primaryimage","url":"https:\/\/jornaldasoficinas.com\/pt\/wp-content\/uploads\/2022\/03\/Escassez-de-automoveis-vai-continuar.jpg","contentUrl":"https:\/\/jornaldasoficinas.com\/pt\/wp-content\/uploads\/2022\/03\/Escassez-de-automoveis-vai-continuar.jpg","width":1024,"height":581,"caption":"03 - Escassez de automoveis vai continuar"},{"@type":"BreadcrumbList","@id":"https:\/\/jornaldasoficinas.com\/pt\/escassez-de-automoveis-vai-continuar\/#breadcrumb","itemListElement":[{"@type":"ListItem","position":1,"name":"In\u00edcio","item":"https:\/\/jornaldasoficinas.com\/pt\/"},{"@type":"ListItem","position":2,"name":"Escassez de autom\u00f3veis vai continuar"}]},{"@type":"WebSite","@id":"https:\/\/jornaldasoficinas.com\/pt\/#website","url":"https:\/\/jornaldasoficinas.com\/pt\/","name":"Jornal das Oficinas","description":"Jornal independente do Aftermarket Autom\u00f3vel em Portugal","publisher":{"@id":"https:\/\/jornaldasoficinas.com\/pt\/#organization"},"potentialAction":[{"@type":"SearchAction","target":{"@type":"EntryPoint","urlTemplate":"https:\/\/jornaldasoficinas.com\/pt\/?s={search_term_string}"},"query-input":{"@type":"PropertyValueSpecification","valueRequired":true,"valueName":"search_term_string"}}],"inLanguage":"pt-PT"},{"@type":"Organization","@id":"https:\/\/jornaldasoficinas.com\/pt\/#organization","name":"Jornal das Oficinas","url":"https:\/\/jornaldasoficinas.com\/pt\/","logo":{"@type":"ImageObject","inLanguage":"pt-PT","@id":"https:\/\/jornaldasoficinas.com\/pt\/#\/schema\/logo\/image\/","url":"https:\/\/jornaldasoficinas.com\/pt\/wp-content\/uploads\/logoJO-SEO.png","contentUrl":"https:\/\/jornaldasoficinas.com\/pt\/wp-content\/uploads\/logoJO-SEO.png","width":285,"height":450,"caption":"Jornal das Oficinas"},"image":{"@id":"https:\/\/jornaldasoficinas.com\/pt\/#\/schema\/logo\/image\/"},"sameAs":["https:\/\/www.facebook.com\/jornaloficinas","https:\/\/x.com\/jornaloficinas","https:\/\/www.instagram.com\/jornal_oficinas\/","https:\/\/www.linkedin.com\/company\/jornal-das-oficinas\/","https:\/\/www.youtube.com\/channel\/UCbQZBqtcvV-oSQrr7RzINGg"]},{"@type":"Person","@id":"https:\/\/jornaldasoficinas.com\/pt\/#\/schema\/person\/a38eef5de2c41d9e7c9ac10141afddf3","name":"Reda\u00e7\u00e3o JO","image":{"@type":"ImageObject","inLanguage":"pt-PT","@id":"https:\/\/secure.gravatar.com\/avatar\/71f2fa71737ad68a84fea94bc708ddac8ea5b0c4788dc2ad202f3ccb2887742f?s=96&d=wp_user_avatar&r=g","url":"https:\/\/secure.gravatar.com\/avatar\/71f2fa71737ad68a84fea94bc708ddac8ea5b0c4788dc2ad202f3ccb2887742f?s=96&d=wp_user_avatar&r=g","contentUrl":"https:\/\/secure.gravatar.com\/avatar\/71f2fa71737ad68a84fea94bc708ddac8ea5b0c4788dc2ad202f3ccb2887742f?s=96&d=wp_user_avatar&r=g","caption":"Reda\u00e7\u00e3o JO"},"url":"https:\/\/jornaldasoficinas.com\/pt\/author\/joredacao\/"}]}},"_links":{"self":[{"href":"https:\/\/jornaldasoficinas.com\/pt\/wp-json\/wp\/v2\/posts\/28609","targetHints":{"allow":["GET"]}}],"collection":[{"href":"https:\/\/jornaldasoficinas.com\/pt\/wp-json\/wp\/v2\/posts"}],"about":[{"href":"https:\/\/jornaldasoficinas.com\/pt\/wp-json\/wp\/v2\/types\/post"}],"author":[{"embeddable":true,"href":"https:\/\/jornaldasoficinas.com\/pt\/wp-json\/wp\/v2\/users\/15"}],"replies":[{"embeddable":true,"href":"https:\/\/jornaldasoficinas.com\/pt\/wp-json\/wp\/v2\/comments?post=28609"}],"version-history":[{"count":0,"href":"https:\/\/jornaldasoficinas.com\/pt\/wp-json\/wp\/v2\/posts\/28609\/revisions"}],"wp:featuredmedia":[{"embeddable":true,"href":"https:\/\/jornaldasoficinas.com\/pt\/wp-json\/wp\/v2\/media\/28588"}],"wp:attachment":[{"href":"https:\/\/jornaldasoficinas.com\/pt\/wp-json\/wp\/v2\/media?parent=28609"}],"wp:term":[{"taxonomy":"category","embeddable":true,"href":"https:\/\/jornaldasoficinas.com\/pt\/wp-json\/wp\/v2\/categories?post=28609"},{"taxonomy":"post_tag","embeddable":true,"href":"https:\/\/jornaldasoficinas.com\/pt\/wp-json\/wp\/v2\/tags?post=28609"}],"curies":[{"name":"wp","href":"https:\/\/api.w.org\/{rel}","templated":true}]}}