{"id":28752,"date":"2022-04-12T16:00:15","date_gmt":"2022-04-12T15:00:15","guid":{"rendered":"https:\/\/jornaldasoficinas.com\/pt\/?p=28752"},"modified":"2023-07-20T16:12:16","modified_gmt":"2023-07-20T15:12:16","slug":"man-regista-encomenda-de-700-autocarros-eletricos","status":"publish","type":"post","link":"https:\/\/jornaldasoficinas.com\/pt\/man-regista-encomenda-de-700-autocarros-eletricos\/","title":{"rendered":"MAN regista encomenda de 700 autocarros el\u00e9tricos"},"content":{"rendered":"<p><strong><img loading=\"lazy\" decoding=\"async\" class=\"alignnone size-full wp-image-28725\" src=\"https:\/\/jornaldasoficinas.com\/pt\/wp-content\/uploads\/2022\/04\/MAN-regista-encomenda.jpg\" alt=\"04 - MAN regista encomenda\" width=\"1024\" height=\"581\" srcset=\"https:\/\/jornaldasoficinas.com\/pt\/wp-content\/uploads\/2022\/04\/MAN-regista-encomenda.jpg 1024w, https:\/\/jornaldasoficinas.com\/pt\/wp-content\/uploads\/2022\/04\/MAN-regista-encomenda-300x170.jpg 300w, https:\/\/jornaldasoficinas.com\/pt\/wp-content\/uploads\/2022\/04\/MAN-regista-encomenda-150x85.jpg 150w, https:\/\/jornaldasoficinas.com\/pt\/wp-content\/uploads\/2022\/04\/MAN-regista-encomenda-768x436.jpg 768w\" sizes=\"auto, (max-width: 1024px) 100vw, 1024px\" \/><\/strong><\/p>\n<p><strong>Os neg\u00f3cios com autocarros el\u00e9tricos est\u00e3o a crescer de forma significativa na MAN Truck &amp; Bus. Mais de 700 autocarros el\u00e9tricos MAN j\u00e1 foram encomendados desde que o Lion&#8217;s City E foi disponibilizado para venda. A \u00faltima encomenda de um total de 53 dos autocarros urbanos totalmente el\u00e9tricos veio agora de Hamburgo. No entanto, v\u00e1rios autocarros el\u00e9tricos j\u00e1 est\u00e3o a ser utilizados em toda a Europa<\/strong><\/p>\n<p>Os autocarros el\u00e9tricos MAN s\u00e3o cada vez mais procurados. Desde o lan\u00e7amento das vendas do Lion&#8217;s City E em 2020, a MAN assinou contratos com clientes para a entrega de mais de 700 autocarros el\u00e9tricos. No \u00faltimo ano fiscal, o Lion&#8217;s City E vendido pela MAN na Europa representou cerca de 5,5%, do total de mais de 2.400 autocarros urbanos MAN.<\/p>\n<p>Na Alemanha, isto coloca a MAN em terceiro lugar em termos de autocarros el\u00e9tricos registados em 2021. &#8220;No entanto, o nosso objetivo \u00e9, claramente, colocar ainda mais autocarros el\u00e9tricos na estrada: At\u00e9 2025, metade dos nossos novos autocarros urbanos ser\u00e3o alimentados a energia alternativa. E esperamos que apenas cinco anos mais tarde &#8211; em 2030 &#8211; 90% dos nossos autocarros urbanos sejam alimentados a bateria&#8221;, diz Rudi Kuchta, Chefe da Unidade de Neg\u00f3cios de Autocarros da MAN Truck &amp; Bus.<\/p>\n<p>A MAN recebeu recentemente duas encomendas de um total de 53 autocarros el\u00e9tricos de Hamburgo. A Hamburger Hochbahn AG, por exemplo, encomendou \u00e0 MAN pela primeira vez, com um total de 17 MAN Lion&#8217;s City 18 E. Os primeiros ve\u00edculos ser\u00e3o entregues este ano. A segunda encomenda de Hamburgo vem da Verkehrsbetriebe Hamburg-Holstein GmbH, que optou pela terceira vez pelos autocarros el\u00e9tricos MAN. A encomenda atual compreende 30 autocarros el\u00e9tricos r\u00edgidos e seis autocarros el\u00e9tricos articulados. A entrega dos primeiros autocarros est\u00e1 agendada para este ano.<\/p>\n<p>No entanto, muitos mais autocarros el\u00e9tricos encomendados ser\u00e3o tamb\u00e9m entregues em breve. Alguns deles j\u00e1 est\u00e3o em uso &#8211; tais como os 39 autocarros da VAG Verkehrs-Aktiengesellschaft N\u00fcrnberg. A empresa encomendou inicialmente 15 e depois, como parte de uma encomenda posterior, mais 13 Lion&#8217;s City 18 E e 11 Lion&#8217;s City 12 E da MAN Truck &amp; Bus. Um total de 15 MAN el\u00e9tricos estar\u00e3o tamb\u00e9m na estrada em Zurique, Su\u00ed\u00e7a, nas linhas de autocarros normais da cidade a partir do Outono de 2022. Verkehrsbetriebe Z\u00fcrich (VBZ) est\u00e1 a seguir uma estrat\u00e9gia consistente de autocarros el\u00e9tricos e optou pelo Lion&#8217;s City E 12 E como parte desta estrat\u00e9gia.<\/p>\n<p><strong>MAN Lion&#8217;s City E impressiona na Escandin\u00e1via<br \/>\n<\/strong>Os autocarros el\u00e9tricos MAN tamb\u00e9m operam em Copenhaga desde Fevereiro: os 25 autocarros Lion&#8217;s City 12 E s\u00e3o utilizados na rota central de autocarros 7A de Copenhaga, que transporta mais de 4,3 milh\u00f5es de passageiros por ano. Para tornar os transportes urbanos t\u00e3o sustent\u00e1veis quanto poss\u00edvel, os autocarros da cidade s\u00e3o carregados exclusivamente com eletricidade verde. Mais 12 autocarros el\u00e9tricos foram tamb\u00e9m recentemente entregues \u00e0 Vikingbus em Odder. Isto significa que 37 autocarros el\u00e9tricos est\u00e3o agora a fazer as suas rondas nas estradas dinamarquesas.<\/p>\n<p>Tamb\u00e9m na vizinha Su\u00e9cia, a MAN Lion&#8217;s City E garantir\u00e1 a mobilidade sustent\u00e1vel no futuro. A KEOLIS encomendou um total de 75 MAN Lion&#8217;s City 18 E para a Su\u00e9cia: 60 autocarros el\u00e9tricos MAN articulados ir\u00e3o para Gotemburgo e 15 para Estocolmo. Outros 12 MAN Lion&#8217;s City 18 E tamb\u00e9m estar\u00e3o em breve a funcionar em Uppsala, Su\u00e9cia. O acordo com a Gamla Uppsala Buss inclui uma op\u00e7\u00e3o para mais 65 autocarros el\u00e9tricos &#8211; 45 dos quais Lion&#8217;s City 18 E e 20 Lion&#8217;s City 12 E autocarros individuais.<\/p>\n<p>Al\u00e9m disso, 22 autocarros Lion&#8217;s City E na cidade costeira de Malm\u00f6, na regi\u00e3o sul da Su\u00e9cia, em Sk\u00e5ne, demonstram como podem lidar de forma excelente com o tr\u00e1fego urbano e como podem ser facilmente integrados nas opera\u00e7\u00f5es existentes. S\u00e3o operados por Nobina Sverige AB. &#8220;H\u00e1 um enorme interesse internacional na tecnologia de condu\u00e7\u00e3o orientada para o futuro&#8221;, diz Kuchta.<\/p>\n<p><strong>Tecnologia sofisticada, longo alcance<br \/>\n<\/strong>A MAN completou a sua nova gera\u00e7\u00e3o de autocarros urbanos com a MAN Lion&#8217;s City E totalmente el\u00e9trica, uma variante de emiss\u00f5es zero. A produ\u00e7\u00e3o em s\u00e9rie da vers\u00e3o a solo de 12 metros come\u00e7ou em Outubro de 2020 na f\u00e1brica polaca da MAN em Starachowice. O autocarro articulado totalmente el\u00e9trico Lion&#8217;s City 18 E entrou em produ\u00e7\u00e3o em s\u00e9rie em Abril de 2021. Este oferece espa\u00e7o para at\u00e9 130 passageiros, o autocarro a solo para at\u00e9 88 passageiros.<\/p>\n<p>Em termos de tra\u00e7\u00e3o, a MAN conta com um motor central no eixo traseiro do seu autocarro el\u00e9trico articulado, ou dois motores centrais no segundo e terceiro eixos do autocarro articulado, o que beneficia o desempenho de condu\u00e7\u00e3o. A energia para o sistema motriz totalmente el\u00e9trico prov\u00e9m das baterias no tejadilho do ve\u00edculo. Os autocarros el\u00e9tricos oferecem um alcance de at\u00e9 350 quil\u00f3metros em condi\u00e7\u00f5es favor\u00e1veis ao longo de toda a vida \u00fatil das baterias.<\/p>\n","protected":false},"excerpt":{"rendered":"<p>Os neg\u00f3cios com autocarros el\u00e9tricos est\u00e3o&#8230;<\/p>\n","protected":false},"author":15,"featured_media":28725,"comment_status":"closed","ping_status":"closed","sticky":false,"template":"","format":"standard","meta":{"footnotes":""},"categories":[29],"tags":[],"class_list":["post-28752","post","type-post","status-publish","format-standard","has-post-thumbnail","hentry","category-empresas"],"yoast_head":"<!-- This site is optimized with the Yoast SEO plugin v27.5 - https:\/\/yoast.com\/product\/yoast-seo-wordpress\/ -->\n<title>MAN regista encomenda de 700 autocarros el\u00e9tricos - Jornal das Oficinas<\/title>\n<meta name=\"robots\" content=\"index, follow, max-snippet:-1, max-image-preview:large, max-video-preview:-1\" \/>\n<link rel=\"canonical\" href=\"https:\/\/jornaldasoficinas.com\/pt\/man-regista-encomenda-de-700-autocarros-eletricos\/\" \/>\n<meta property=\"og:locale\" content=\"pt_PT\" \/>\n<meta property=\"og:type\" content=\"article\" \/>\n<meta property=\"og:title\" content=\"MAN regista encomenda de 700 autocarros el\u00e9tricos - Jornal das Oficinas\" \/>\n<meta property=\"og:description\" content=\"Os neg\u00f3cios com autocarros el\u00e9tricos est\u00e3o...\" \/>\n<meta property=\"og:url\" content=\"https:\/\/jornaldasoficinas.com\/pt\/man-regista-encomenda-de-700-autocarros-eletricos\/\" \/>\n<meta property=\"og:site_name\" content=\"Jornal das Oficinas\" \/>\n<meta property=\"article:publisher\" content=\"https:\/\/www.facebook.com\/jornaloficinas\" \/>\n<meta property=\"article:published_time\" content=\"2022-04-12T15:00:15+00:00\" \/>\n<meta property=\"article:modified_time\" content=\"2023-07-20T15:12:16+00:00\" \/>\n<meta property=\"og:image\" content=\"https:\/\/jornaldasoficinas.com\/pt\/wp-content\/uploads\/2022\/04\/MAN-regista-encomenda.jpg\" \/>\n\t<meta property=\"og:image:width\" content=\"1024\" \/>\n\t<meta property=\"og:image:height\" content=\"581\" \/>\n\t<meta property=\"og:image:type\" content=\"image\/jpeg\" \/>\n<meta name=\"author\" content=\"Reda\u00e7\u00e3o JO\" \/>\n<meta name=\"twitter:card\" content=\"summary_large_image\" \/>\n<meta name=\"twitter:creator\" content=\"@jornaloficinas\" \/>\n<meta name=\"twitter:site\" content=\"@jornaloficinas\" \/>\n<meta name=\"twitter:label1\" content=\"Escrito por\" \/>\n\t<meta name=\"twitter:data1\" content=\"Reda\u00e7\u00e3o JO\" \/>\n\t<meta name=\"twitter:label2\" content=\"Tempo estimado de leitura\" \/>\n\t<meta name=\"twitter:data2\" content=\"4 minutos\" \/>\n<script type=\"application\/ld+json\" class=\"yoast-schema-graph\">{\"@context\":\"https:\\\/\\\/schema.org\",\"@graph\":[{\"@type\":\"Article\",\"@id\":\"https:\\\/\\\/jornaldasoficinas.com\\\/pt\\\/man-regista-encomenda-de-700-autocarros-eletricos\\\/#article\",\"isPartOf\":{\"@id\":\"https:\\\/\\\/jornaldasoficinas.com\\\/pt\\\/man-regista-encomenda-de-700-autocarros-eletricos\\\/\"},\"author\":{\"name\":\"Reda\u00e7\u00e3o JO\",\"@id\":\"https:\\\/\\\/jornaldasoficinas.com\\\/pt\\\/#\\\/schema\\\/person\\\/a38eef5de2c41d9e7c9ac10141afddf3\"},\"headline\":\"MAN regista encomenda de 700 autocarros el\u00e9tricos\",\"datePublished\":\"2022-04-12T15:00:15+00:00\",\"dateModified\":\"2023-07-20T15:12:16+00:00\",\"mainEntityOfPage\":{\"@id\":\"https:\\\/\\\/jornaldasoficinas.com\\\/pt\\\/man-regista-encomenda-de-700-autocarros-eletricos\\\/\"},\"wordCount\":863,\"publisher\":{\"@id\":\"https:\\\/\\\/jornaldasoficinas.com\\\/pt\\\/#organization\"},\"image\":{\"@id\":\"https:\\\/\\\/jornaldasoficinas.com\\\/pt\\\/man-regista-encomenda-de-700-autocarros-eletricos\\\/#primaryimage\"},\"thumbnailUrl\":\"https:\\\/\\\/jornaldasoficinas.com\\\/pt\\\/wp-content\\\/uploads\\\/2022\\\/04\\\/MAN-regista-encomenda.jpg\",\"articleSection\":[\"Empresas\"],\"inLanguage\":\"pt-PT\"},{\"@type\":\"WebPage\",\"@id\":\"https:\\\/\\\/jornaldasoficinas.com\\\/pt\\\/man-regista-encomenda-de-700-autocarros-eletricos\\\/\",\"url\":\"https:\\\/\\\/jornaldasoficinas.com\\\/pt\\\/man-regista-encomenda-de-700-autocarros-eletricos\\\/\",\"name\":\"MAN regista encomenda de 700 autocarros el\u00e9tricos - Jornal das Oficinas\",\"isPartOf\":{\"@id\":\"https:\\\/\\\/jornaldasoficinas.com\\\/pt\\\/#website\"},\"primaryImageOfPage\":{\"@id\":\"https:\\\/\\\/jornaldasoficinas.com\\\/pt\\\/man-regista-encomenda-de-700-autocarros-eletricos\\\/#primaryimage\"},\"image\":{\"@id\":\"https:\\\/\\\/jornaldasoficinas.com\\\/pt\\\/man-regista-encomenda-de-700-autocarros-eletricos\\\/#primaryimage\"},\"thumbnailUrl\":\"https:\\\/\\\/jornaldasoficinas.com\\\/pt\\\/wp-content\\\/uploads\\\/2022\\\/04\\\/MAN-regista-encomenda.jpg\",\"datePublished\":\"2022-04-12T15:00:15+00:00\",\"dateModified\":\"2023-07-20T15:12:16+00:00\",\"breadcrumb\":{\"@id\":\"https:\\\/\\\/jornaldasoficinas.com\\\/pt\\\/man-regista-encomenda-de-700-autocarros-eletricos\\\/#breadcrumb\"},\"inLanguage\":\"pt-PT\",\"potentialAction\":[{\"@type\":\"ReadAction\",\"target\":[\"https:\\\/\\\/jornaldasoficinas.com\\\/pt\\\/man-regista-encomenda-de-700-autocarros-eletricos\\\/\"]}]},{\"@type\":\"ImageObject\",\"inLanguage\":\"pt-PT\",\"@id\":\"https:\\\/\\\/jornaldasoficinas.com\\\/pt\\\/man-regista-encomenda-de-700-autocarros-eletricos\\\/#primaryimage\",\"url\":\"https:\\\/\\\/jornaldasoficinas.com\\\/pt\\\/wp-content\\\/uploads\\\/2022\\\/04\\\/MAN-regista-encomenda.jpg\",\"contentUrl\":\"https:\\\/\\\/jornaldasoficinas.com\\\/pt\\\/wp-content\\\/uploads\\\/2022\\\/04\\\/MAN-regista-encomenda.jpg\",\"width\":1024,\"height\":581,\"caption\":\"04 - MAN regista encomenda\"},{\"@type\":\"BreadcrumbList\",\"@id\":\"https:\\\/\\\/jornaldasoficinas.com\\\/pt\\\/man-regista-encomenda-de-700-autocarros-eletricos\\\/#breadcrumb\",\"itemListElement\":[{\"@type\":\"ListItem\",\"position\":1,\"name\":\"In\u00edcio\",\"item\":\"https:\\\/\\\/jornaldasoficinas.com\\\/pt\\\/\"},{\"@type\":\"ListItem\",\"position\":2,\"name\":\"MAN regista encomenda de 700 autocarros el\u00e9tricos\"}]},{\"@type\":\"WebSite\",\"@id\":\"https:\\\/\\\/jornaldasoficinas.com\\\/pt\\\/#website\",\"url\":\"https:\\\/\\\/jornaldasoficinas.com\\\/pt\\\/\",\"name\":\"Jornal das Oficinas\",\"description\":\"Jornal independente do Aftermarket Autom\u00f3vel em Portugal\",\"publisher\":{\"@id\":\"https:\\\/\\\/jornaldasoficinas.com\\\/pt\\\/#organization\"},\"potentialAction\":[{\"@type\":\"SearchAction\",\"target\":{\"@type\":\"EntryPoint\",\"urlTemplate\":\"https:\\\/\\\/jornaldasoficinas.com\\\/pt\\\/?s={search_term_string}\"},\"query-input\":{\"@type\":\"PropertyValueSpecification\",\"valueRequired\":true,\"valueName\":\"search_term_string\"}}],\"inLanguage\":\"pt-PT\"},{\"@type\":\"Organization\",\"@id\":\"https:\\\/\\\/jornaldasoficinas.com\\\/pt\\\/#organization\",\"name\":\"Jornal das Oficinas\",\"url\":\"https:\\\/\\\/jornaldasoficinas.com\\\/pt\\\/\",\"logo\":{\"@type\":\"ImageObject\",\"inLanguage\":\"pt-PT\",\"@id\":\"https:\\\/\\\/jornaldasoficinas.com\\\/pt\\\/#\\\/schema\\\/logo\\\/image\\\/\",\"url\":\"https:\\\/\\\/jornaldasoficinas.com\\\/pt\\\/wp-content\\\/uploads\\\/logoJO-SEO.png\",\"contentUrl\":\"https:\\\/\\\/jornaldasoficinas.com\\\/pt\\\/wp-content\\\/uploads\\\/logoJO-SEO.png\",\"width\":285,\"height\":450,\"caption\":\"Jornal das Oficinas\"},\"image\":{\"@id\":\"https:\\\/\\\/jornaldasoficinas.com\\\/pt\\\/#\\\/schema\\\/logo\\\/image\\\/\"},\"sameAs\":[\"https:\\\/\\\/www.facebook.com\\\/jornaloficinas\",\"https:\\\/\\\/x.com\\\/jornaloficinas\",\"https:\\\/\\\/www.instagram.com\\\/jornal_oficinas\\\/\",\"https:\\\/\\\/www.linkedin.com\\\/company\\\/jornal-das-oficinas\\\/\",\"https:\\\/\\\/www.youtube.com\\\/channel\\\/UCbQZBqtcvV-oSQrr7RzINGg\"]},{\"@type\":\"Person\",\"@id\":\"https:\\\/\\\/jornaldasoficinas.com\\\/pt\\\/#\\\/schema\\\/person\\\/a38eef5de2c41d9e7c9ac10141afddf3\",\"name\":\"Reda\u00e7\u00e3o JO\",\"image\":{\"@type\":\"ImageObject\",\"inLanguage\":\"pt-PT\",\"@id\":\"https:\\\/\\\/secure.gravatar.com\\\/avatar\\\/71f2fa71737ad68a84fea94bc708ddac8ea5b0c4788dc2ad202f3ccb2887742f?s=96&d=wp_user_avatar&r=g\",\"url\":\"https:\\\/\\\/secure.gravatar.com\\\/avatar\\\/71f2fa71737ad68a84fea94bc708ddac8ea5b0c4788dc2ad202f3ccb2887742f?s=96&d=wp_user_avatar&r=g\",\"contentUrl\":\"https:\\\/\\\/secure.gravatar.com\\\/avatar\\\/71f2fa71737ad68a84fea94bc708ddac8ea5b0c4788dc2ad202f3ccb2887742f?s=96&d=wp_user_avatar&r=g\",\"caption\":\"Reda\u00e7\u00e3o JO\"},\"url\":\"https:\\\/\\\/jornaldasoficinas.com\\\/pt\\\/author\\\/joredacao\\\/\"}]}<\/script>\n<!-- \/ Yoast SEO plugin. -->","yoast_head_json":{"title":"MAN regista encomenda de 700 autocarros el\u00e9tricos - Jornal das Oficinas","robots":{"index":"index","follow":"follow","max-snippet":"max-snippet:-1","max-image-preview":"max-image-preview:large","max-video-preview":"max-video-preview:-1"},"canonical":"https:\/\/jornaldasoficinas.com\/pt\/man-regista-encomenda-de-700-autocarros-eletricos\/","og_locale":"pt_PT","og_type":"article","og_title":"MAN regista encomenda de 700 autocarros el\u00e9tricos - Jornal das Oficinas","og_description":"Os neg\u00f3cios com autocarros el\u00e9tricos est\u00e3o...","og_url":"https:\/\/jornaldasoficinas.com\/pt\/man-regista-encomenda-de-700-autocarros-eletricos\/","og_site_name":"Jornal das Oficinas","article_publisher":"https:\/\/www.facebook.com\/jornaloficinas","article_published_time":"2022-04-12T15:00:15+00:00","article_modified_time":"2023-07-20T15:12:16+00:00","og_image":[{"width":1024,"height":581,"url":"https:\/\/jornaldasoficinas.com\/pt\/wp-content\/uploads\/2022\/04\/MAN-regista-encomenda.jpg","type":"image\/jpeg"}],"author":"Reda\u00e7\u00e3o JO","twitter_card":"summary_large_image","twitter_creator":"@jornaloficinas","twitter_site":"@jornaloficinas","twitter_misc":{"Escrito por":"Reda\u00e7\u00e3o JO","Tempo estimado de leitura":"4 minutos"},"schema":{"@context":"https:\/\/schema.org","@graph":[{"@type":"Article","@id":"https:\/\/jornaldasoficinas.com\/pt\/man-regista-encomenda-de-700-autocarros-eletricos\/#article","isPartOf":{"@id":"https:\/\/jornaldasoficinas.com\/pt\/man-regista-encomenda-de-700-autocarros-eletricos\/"},"author":{"name":"Reda\u00e7\u00e3o JO","@id":"https:\/\/jornaldasoficinas.com\/pt\/#\/schema\/person\/a38eef5de2c41d9e7c9ac10141afddf3"},"headline":"MAN regista encomenda de 700 autocarros el\u00e9tricos","datePublished":"2022-04-12T15:00:15+00:00","dateModified":"2023-07-20T15:12:16+00:00","mainEntityOfPage":{"@id":"https:\/\/jornaldasoficinas.com\/pt\/man-regista-encomenda-de-700-autocarros-eletricos\/"},"wordCount":863,"publisher":{"@id":"https:\/\/jornaldasoficinas.com\/pt\/#organization"},"image":{"@id":"https:\/\/jornaldasoficinas.com\/pt\/man-regista-encomenda-de-700-autocarros-eletricos\/#primaryimage"},"thumbnailUrl":"https:\/\/jornaldasoficinas.com\/pt\/wp-content\/uploads\/2022\/04\/MAN-regista-encomenda.jpg","articleSection":["Empresas"],"inLanguage":"pt-PT"},{"@type":"WebPage","@id":"https:\/\/jornaldasoficinas.com\/pt\/man-regista-encomenda-de-700-autocarros-eletricos\/","url":"https:\/\/jornaldasoficinas.com\/pt\/man-regista-encomenda-de-700-autocarros-eletricos\/","name":"MAN regista encomenda de 700 autocarros el\u00e9tricos - Jornal das Oficinas","isPartOf":{"@id":"https:\/\/jornaldasoficinas.com\/pt\/#website"},"primaryImageOfPage":{"@id":"https:\/\/jornaldasoficinas.com\/pt\/man-regista-encomenda-de-700-autocarros-eletricos\/#primaryimage"},"image":{"@id":"https:\/\/jornaldasoficinas.com\/pt\/man-regista-encomenda-de-700-autocarros-eletricos\/#primaryimage"},"thumbnailUrl":"https:\/\/jornaldasoficinas.com\/pt\/wp-content\/uploads\/2022\/04\/MAN-regista-encomenda.jpg","datePublished":"2022-04-12T15:00:15+00:00","dateModified":"2023-07-20T15:12:16+00:00","breadcrumb":{"@id":"https:\/\/jornaldasoficinas.com\/pt\/man-regista-encomenda-de-700-autocarros-eletricos\/#breadcrumb"},"inLanguage":"pt-PT","potentialAction":[{"@type":"ReadAction","target":["https:\/\/jornaldasoficinas.com\/pt\/man-regista-encomenda-de-700-autocarros-eletricos\/"]}]},{"@type":"ImageObject","inLanguage":"pt-PT","@id":"https:\/\/jornaldasoficinas.com\/pt\/man-regista-encomenda-de-700-autocarros-eletricos\/#primaryimage","url":"https:\/\/jornaldasoficinas.com\/pt\/wp-content\/uploads\/2022\/04\/MAN-regista-encomenda.jpg","contentUrl":"https:\/\/jornaldasoficinas.com\/pt\/wp-content\/uploads\/2022\/04\/MAN-regista-encomenda.jpg","width":1024,"height":581,"caption":"04 - MAN regista encomenda"},{"@type":"BreadcrumbList","@id":"https:\/\/jornaldasoficinas.com\/pt\/man-regista-encomenda-de-700-autocarros-eletricos\/#breadcrumb","itemListElement":[{"@type":"ListItem","position":1,"name":"In\u00edcio","item":"https:\/\/jornaldasoficinas.com\/pt\/"},{"@type":"ListItem","position":2,"name":"MAN regista encomenda de 700 autocarros el\u00e9tricos"}]},{"@type":"WebSite","@id":"https:\/\/jornaldasoficinas.com\/pt\/#website","url":"https:\/\/jornaldasoficinas.com\/pt\/","name":"Jornal das Oficinas","description":"Jornal independente do Aftermarket Autom\u00f3vel em Portugal","publisher":{"@id":"https:\/\/jornaldasoficinas.com\/pt\/#organization"},"potentialAction":[{"@type":"SearchAction","target":{"@type":"EntryPoint","urlTemplate":"https:\/\/jornaldasoficinas.com\/pt\/?s={search_term_string}"},"query-input":{"@type":"PropertyValueSpecification","valueRequired":true,"valueName":"search_term_string"}}],"inLanguage":"pt-PT"},{"@type":"Organization","@id":"https:\/\/jornaldasoficinas.com\/pt\/#organization","name":"Jornal das Oficinas","url":"https:\/\/jornaldasoficinas.com\/pt\/","logo":{"@type":"ImageObject","inLanguage":"pt-PT","@id":"https:\/\/jornaldasoficinas.com\/pt\/#\/schema\/logo\/image\/","url":"https:\/\/jornaldasoficinas.com\/pt\/wp-content\/uploads\/logoJO-SEO.png","contentUrl":"https:\/\/jornaldasoficinas.com\/pt\/wp-content\/uploads\/logoJO-SEO.png","width":285,"height":450,"caption":"Jornal das Oficinas"},"image":{"@id":"https:\/\/jornaldasoficinas.com\/pt\/#\/schema\/logo\/image\/"},"sameAs":["https:\/\/www.facebook.com\/jornaloficinas","https:\/\/x.com\/jornaloficinas","https:\/\/www.instagram.com\/jornal_oficinas\/","https:\/\/www.linkedin.com\/company\/jornal-das-oficinas\/","https:\/\/www.youtube.com\/channel\/UCbQZBqtcvV-oSQrr7RzINGg"]},{"@type":"Person","@id":"https:\/\/jornaldasoficinas.com\/pt\/#\/schema\/person\/a38eef5de2c41d9e7c9ac10141afddf3","name":"Reda\u00e7\u00e3o JO","image":{"@type":"ImageObject","inLanguage":"pt-PT","@id":"https:\/\/secure.gravatar.com\/avatar\/71f2fa71737ad68a84fea94bc708ddac8ea5b0c4788dc2ad202f3ccb2887742f?s=96&d=wp_user_avatar&r=g","url":"https:\/\/secure.gravatar.com\/avatar\/71f2fa71737ad68a84fea94bc708ddac8ea5b0c4788dc2ad202f3ccb2887742f?s=96&d=wp_user_avatar&r=g","contentUrl":"https:\/\/secure.gravatar.com\/avatar\/71f2fa71737ad68a84fea94bc708ddac8ea5b0c4788dc2ad202f3ccb2887742f?s=96&d=wp_user_avatar&r=g","caption":"Reda\u00e7\u00e3o JO"},"url":"https:\/\/jornaldasoficinas.com\/pt\/author\/joredacao\/"}]}},"_links":{"self":[{"href":"https:\/\/jornaldasoficinas.com\/pt\/wp-json\/wp\/v2\/posts\/28752","targetHints":{"allow":["GET"]}}],"collection":[{"href":"https:\/\/jornaldasoficinas.com\/pt\/wp-json\/wp\/v2\/posts"}],"about":[{"href":"https:\/\/jornaldasoficinas.com\/pt\/wp-json\/wp\/v2\/types\/post"}],"author":[{"embeddable":true,"href":"https:\/\/jornaldasoficinas.com\/pt\/wp-json\/wp\/v2\/users\/15"}],"replies":[{"embeddable":true,"href":"https:\/\/jornaldasoficinas.com\/pt\/wp-json\/wp\/v2\/comments?post=28752"}],"version-history":[{"count":0,"href":"https:\/\/jornaldasoficinas.com\/pt\/wp-json\/wp\/v2\/posts\/28752\/revisions"}],"wp:featuredmedia":[{"embeddable":true,"href":"https:\/\/jornaldasoficinas.com\/pt\/wp-json\/wp\/v2\/media\/28725"}],"wp:attachment":[{"href":"https:\/\/jornaldasoficinas.com\/pt\/wp-json\/wp\/v2\/media?parent=28752"}],"wp:term":[{"taxonomy":"category","embeddable":true,"href":"https:\/\/jornaldasoficinas.com\/pt\/wp-json\/wp\/v2\/categories?post=28752"},{"taxonomy":"post_tag","embeddable":true,"href":"https:\/\/jornaldasoficinas.com\/pt\/wp-json\/wp\/v2\/tags?post=28752"}],"curies":[{"name":"wp","href":"https:\/\/api.w.org\/{rel}","templated":true}]}}