{"id":28912,"date":"2022-04-19T10:00:57","date_gmt":"2022-04-19T09:00:57","guid":{"rendered":"https:\/\/jornaldasoficinas.com\/pt\/?p=28912"},"modified":"2023-07-20T16:12:13","modified_gmt":"2023-07-20T15:12:13","slug":"man-reforca-frota-da-tja-com-camiao-100-eletrico","status":"publish","type":"post","link":"https:\/\/jornaldasoficinas.com\/pt\/man-reforca-frota-da-tja-com-camiao-100-eletrico\/","title":{"rendered":"MAN refor\u00e7a frota da TJA com cami\u00e3o 100% el\u00e9trico"},"content":{"rendered":"<p><strong><img loading=\"lazy\" decoding=\"async\" class=\"alignnone size-full wp-image-28856\" src=\"https:\/\/jornaldasoficinas.com\/pt\/wp-content\/uploads\/2022\/04\/MAN-reforc\u0327a-frota-da-TJA.jpg\" alt=\"04 - MAN reforc\u0327a frota da TJA\" width=\"1024\" height=\"581\" srcset=\"https:\/\/jornaldasoficinas.com\/pt\/wp-content\/uploads\/2022\/04\/MAN-reforc\u0327a-frota-da-TJA.jpg 1024w, https:\/\/jornaldasoficinas.com\/pt\/wp-content\/uploads\/2022\/04\/MAN-reforc\u0327a-frota-da-TJA-300x170.jpg 300w, https:\/\/jornaldasoficinas.com\/pt\/wp-content\/uploads\/2022\/04\/MAN-reforc\u0327a-frota-da-TJA-150x85.jpg 150w, https:\/\/jornaldasoficinas.com\/pt\/wp-content\/uploads\/2022\/04\/MAN-reforc\u0327a-frota-da-TJA-768x436.jpg 768w\" sizes=\"auto, (max-width: 1024px) 100vw, 1024px\" \/><\/strong><\/p>\n<p><strong>O primeiro cami\u00e3o 100% el\u00e9trico da <a href=\"https:\/\/www.man.eu\/pt\/pt\/camioes\/todos-os-modelos\/o-man-etgm\/etgm.html?gclid=Cj0KCQjwmPSSBhCNARIsAH3cYgaV2mn3iF1nhSpsonHBHagwW6L3QiSuwgQKPbX2FL5uZ9cynBY1lIEaAt03EALw_wcB\" target=\"_blank\" rel=\"noopener\">MAN eTGM<\/a>, em Portugal pertence \u00e0 frota da TJA- Transportes J. Amaral, S.A. e j\u00e1 anda pelas estradas portuguesas<\/strong><\/p>\n<p>A TJA \u2013 Transportes J. Amaral, S.A. \u00e9 uma empresa portuguesa de refer\u00eancia no mercado nacional, com 75 anos de hist\u00f3ria e experi\u00eancia comprovada na presta\u00e7\u00e3o de servi\u00e7os de transporte e log\u00edstica em todos os sectores de atividade.<\/p>\n<p>A empresa conta mais de 1400 colaboradores e com uma vasta frota de ve\u00edculos de carga geral, ve\u00edculos de gran\u00e9is s\u00f3lidos e l\u00edquidos, ve\u00edculos de frio controlado e solu\u00e7\u00f5es tecnologicamente avan\u00e7adas no dom\u00ednio do transporte de mercadorias perigosas e com a forte aposta no sector do tr\u00e1fego internacional, pretende refor\u00e7ar a imagem da marca no espa\u00e7o europeu. Mais de 900 viaturas que permitem executar os seus servi\u00e7os, praticamente com recurso a meios pr\u00f3prios, sinal de qualidade e distin\u00e7\u00e3o.<\/p>\n<p>A TJA est\u00e1 cada vez mais focada na efici\u00eancia e na renova\u00e7\u00e3o constante da frota. Apostando na inova\u00e7\u00e3o e em proporcionar o maior conforto, comodidade e melhores condi\u00e7\u00f5es de trabalho aos seus colaboradores, sem nunca descurar uma das principais obriga\u00e7\u00f5es que \u00e9 a diminui\u00e7\u00e3o do impacto ambiental da sua atividade.<\/p>\n<p>Com este prop\u00f3sito, a TJA apostou no novo MAN eTGM, totalmente el\u00e9trico, silencioso e altamente eficiente. O MAN eTGM tem a mesma carga \u00fatil que um cami\u00e3o com um motor de combust\u00e3o convencional e, juntamente com um alcance fi\u00e1vel de 190 quil\u00f3metros e fun\u00e7\u00f5es de carregamento r\u00e1pido, satisfaz todos os requisitos de utiliza\u00e7\u00e3o pr\u00e1tica.<\/p>\n<p>O MAN eTGM, distinguido com o pr\u00e9mio europeu de sustentabilidade no transporte 2020, est\u00e1 j\u00e1 \u00e0 disposi\u00e7\u00e3o da TJA para oferecer um desempenho ecol\u00f3gico e energicamente eficiente e reduzir custos operacionais e de oficina.<\/p>\n<p>A aposta pioneira da TJA refor\u00e7a a sua oferta de um servi\u00e7o de excel\u00eancia, orientado para o cliente, ao explorar as vantagens da mobilidade el\u00e9trica com a MAN.<\/p>\n","protected":false},"excerpt":{"rendered":"<p>O primeiro cami\u00e3o 100% el\u00e9trico da&#8230;<\/p>\n","protected":false},"author":15,"featured_media":28856,"comment_status":"closed","ping_status":"closed","sticky":false,"template":"","format":"standard","meta":{"footnotes":""},"categories":[29],"tags":[10],"class_list":["post-28912","post","type-post","status-publish","format-standard","has-post-thumbnail","hentry","category-empresas","tag-man"],"yoast_head":"<!-- This site is optimized with the Yoast SEO plugin v27.4 - https:\/\/yoast.com\/product\/yoast-seo-wordpress\/ -->\n<title>MAN refor\u00e7a frota da TJA com cami\u00e3o 100% el\u00e9trico - Jornal das Oficinas<\/title>\n<meta name=\"robots\" content=\"index, follow, max-snippet:-1, max-image-preview:large, max-video-preview:-1\" \/>\n<link rel=\"canonical\" href=\"https:\/\/jornaldasoficinas.com\/pt\/man-reforca-frota-da-tja-com-camiao-100-eletrico\/\" \/>\n<meta property=\"og:locale\" content=\"pt_PT\" \/>\n<meta property=\"og:type\" content=\"article\" \/>\n<meta property=\"og:title\" content=\"MAN refor\u00e7a frota da TJA com cami\u00e3o 100% el\u00e9trico - Jornal das Oficinas\" \/>\n<meta property=\"og:description\" content=\"O primeiro cami\u00e3o 100% el\u00e9trico da...\" \/>\n<meta property=\"og:url\" content=\"https:\/\/jornaldasoficinas.com\/pt\/man-reforca-frota-da-tja-com-camiao-100-eletrico\/\" \/>\n<meta property=\"og:site_name\" content=\"Jornal das Oficinas\" \/>\n<meta property=\"article:publisher\" content=\"https:\/\/www.facebook.com\/jornaloficinas\" \/>\n<meta property=\"article:published_time\" content=\"2022-04-19T09:00:57+00:00\" \/>\n<meta property=\"article:modified_time\" content=\"2023-07-20T15:12:13+00:00\" \/>\n<meta property=\"og:image\" content=\"https:\/\/jornaldasoficinas.com\/pt\/wp-content\/uploads\/2022\/04\/MAN-reforc\u0327a-frota-da-TJA.jpg\" \/>\n\t<meta property=\"og:image:width\" content=\"1024\" \/>\n\t<meta property=\"og:image:height\" content=\"581\" \/>\n\t<meta property=\"og:image:type\" content=\"image\/jpeg\" \/>\n<meta name=\"author\" content=\"Reda\u00e7\u00e3o JO\" \/>\n<meta name=\"twitter:card\" content=\"summary_large_image\" \/>\n<meta name=\"twitter:creator\" content=\"@jornaloficinas\" \/>\n<meta name=\"twitter:site\" content=\"@jornaloficinas\" \/>\n<meta name=\"twitter:label1\" content=\"Escrito por\" \/>\n\t<meta name=\"twitter:data1\" content=\"Reda\u00e7\u00e3o JO\" \/>\n\t<meta name=\"twitter:label2\" content=\"Tempo estimado de leitura\" \/>\n\t<meta name=\"twitter:data2\" content=\"2 minutos\" \/>\n<script type=\"application\/ld+json\" class=\"yoast-schema-graph\">{\"@context\":\"https:\\\/\\\/schema.org\",\"@graph\":[{\"@type\":\"Article\",\"@id\":\"https:\\\/\\\/jornaldasoficinas.com\\\/pt\\\/man-reforca-frota-da-tja-com-camiao-100-eletrico\\\/#article\",\"isPartOf\":{\"@id\":\"https:\\\/\\\/jornaldasoficinas.com\\\/pt\\\/man-reforca-frota-da-tja-com-camiao-100-eletrico\\\/\"},\"author\":{\"name\":\"Reda\u00e7\u00e3o JO\",\"@id\":\"https:\\\/\\\/jornaldasoficinas.com\\\/pt\\\/#\\\/schema\\\/person\\\/a38eef5de2c41d9e7c9ac10141afddf3\"},\"headline\":\"MAN refor\u00e7a frota da TJA com cami\u00e3o 100% el\u00e9trico\",\"datePublished\":\"2022-04-19T09:00:57+00:00\",\"dateModified\":\"2023-07-20T15:12:13+00:00\",\"mainEntityOfPage\":{\"@id\":\"https:\\\/\\\/jornaldasoficinas.com\\\/pt\\\/man-reforca-frota-da-tja-com-camiao-100-eletrico\\\/\"},\"wordCount\":355,\"publisher\":{\"@id\":\"https:\\\/\\\/jornaldasoficinas.com\\\/pt\\\/#organization\"},\"image\":{\"@id\":\"https:\\\/\\\/jornaldasoficinas.com\\\/pt\\\/man-reforca-frota-da-tja-com-camiao-100-eletrico\\\/#primaryimage\"},\"thumbnailUrl\":\"https:\\\/\\\/jornaldasoficinas.com\\\/pt\\\/wp-content\\\/uploads\\\/2022\\\/04\\\/MAN-reforc\u0327a-frota-da-TJA.jpg\",\"keywords\":[\"Man\"],\"articleSection\":[\"Empresas\"],\"inLanguage\":\"pt-PT\"},{\"@type\":\"WebPage\",\"@id\":\"https:\\\/\\\/jornaldasoficinas.com\\\/pt\\\/man-reforca-frota-da-tja-com-camiao-100-eletrico\\\/\",\"url\":\"https:\\\/\\\/jornaldasoficinas.com\\\/pt\\\/man-reforca-frota-da-tja-com-camiao-100-eletrico\\\/\",\"name\":\"MAN refor\u00e7a frota da TJA com cami\u00e3o 100% el\u00e9trico - Jornal das Oficinas\",\"isPartOf\":{\"@id\":\"https:\\\/\\\/jornaldasoficinas.com\\\/pt\\\/#website\"},\"primaryImageOfPage\":{\"@id\":\"https:\\\/\\\/jornaldasoficinas.com\\\/pt\\\/man-reforca-frota-da-tja-com-camiao-100-eletrico\\\/#primaryimage\"},\"image\":{\"@id\":\"https:\\\/\\\/jornaldasoficinas.com\\\/pt\\\/man-reforca-frota-da-tja-com-camiao-100-eletrico\\\/#primaryimage\"},\"thumbnailUrl\":\"https:\\\/\\\/jornaldasoficinas.com\\\/pt\\\/wp-content\\\/uploads\\\/2022\\\/04\\\/MAN-reforc\u0327a-frota-da-TJA.jpg\",\"datePublished\":\"2022-04-19T09:00:57+00:00\",\"dateModified\":\"2023-07-20T15:12:13+00:00\",\"breadcrumb\":{\"@id\":\"https:\\\/\\\/jornaldasoficinas.com\\\/pt\\\/man-reforca-frota-da-tja-com-camiao-100-eletrico\\\/#breadcrumb\"},\"inLanguage\":\"pt-PT\",\"potentialAction\":[{\"@type\":\"ReadAction\",\"target\":[\"https:\\\/\\\/jornaldasoficinas.com\\\/pt\\\/man-reforca-frota-da-tja-com-camiao-100-eletrico\\\/\"]}]},{\"@type\":\"ImageObject\",\"inLanguage\":\"pt-PT\",\"@id\":\"https:\\\/\\\/jornaldasoficinas.com\\\/pt\\\/man-reforca-frota-da-tja-com-camiao-100-eletrico\\\/#primaryimage\",\"url\":\"https:\\\/\\\/jornaldasoficinas.com\\\/pt\\\/wp-content\\\/uploads\\\/2022\\\/04\\\/MAN-reforc\u0327a-frota-da-TJA.jpg\",\"contentUrl\":\"https:\\\/\\\/jornaldasoficinas.com\\\/pt\\\/wp-content\\\/uploads\\\/2022\\\/04\\\/MAN-reforc\u0327a-frota-da-TJA.jpg\",\"width\":1024,\"height\":581,\"caption\":\"04 - MAN reforc\u0327a frota da TJA\"},{\"@type\":\"BreadcrumbList\",\"@id\":\"https:\\\/\\\/jornaldasoficinas.com\\\/pt\\\/man-reforca-frota-da-tja-com-camiao-100-eletrico\\\/#breadcrumb\",\"itemListElement\":[{\"@type\":\"ListItem\",\"position\":1,\"name\":\"In\u00edcio\",\"item\":\"https:\\\/\\\/jornaldasoficinas.com\\\/pt\\\/\"},{\"@type\":\"ListItem\",\"position\":2,\"name\":\"MAN refor\u00e7a frota da TJA com cami\u00e3o 100% el\u00e9trico\"}]},{\"@type\":\"WebSite\",\"@id\":\"https:\\\/\\\/jornaldasoficinas.com\\\/pt\\\/#website\",\"url\":\"https:\\\/\\\/jornaldasoficinas.com\\\/pt\\\/\",\"name\":\"Jornal das Oficinas\",\"description\":\"Jornal independente do Aftermarket Autom\u00f3vel em Portugal\",\"publisher\":{\"@id\":\"https:\\\/\\\/jornaldasoficinas.com\\\/pt\\\/#organization\"},\"potentialAction\":[{\"@type\":\"SearchAction\",\"target\":{\"@type\":\"EntryPoint\",\"urlTemplate\":\"https:\\\/\\\/jornaldasoficinas.com\\\/pt\\\/?s={search_term_string}\"},\"query-input\":{\"@type\":\"PropertyValueSpecification\",\"valueRequired\":true,\"valueName\":\"search_term_string\"}}],\"inLanguage\":\"pt-PT\"},{\"@type\":\"Organization\",\"@id\":\"https:\\\/\\\/jornaldasoficinas.com\\\/pt\\\/#organization\",\"name\":\"Jornal das Oficinas\",\"url\":\"https:\\\/\\\/jornaldasoficinas.com\\\/pt\\\/\",\"logo\":{\"@type\":\"ImageObject\",\"inLanguage\":\"pt-PT\",\"@id\":\"https:\\\/\\\/jornaldasoficinas.com\\\/pt\\\/#\\\/schema\\\/logo\\\/image\\\/\",\"url\":\"https:\\\/\\\/jornaldasoficinas.com\\\/pt\\\/wp-content\\\/uploads\\\/logoJO-SEO.png\",\"contentUrl\":\"https:\\\/\\\/jornaldasoficinas.com\\\/pt\\\/wp-content\\\/uploads\\\/logoJO-SEO.png\",\"width\":285,\"height\":450,\"caption\":\"Jornal das Oficinas\"},\"image\":{\"@id\":\"https:\\\/\\\/jornaldasoficinas.com\\\/pt\\\/#\\\/schema\\\/logo\\\/image\\\/\"},\"sameAs\":[\"https:\\\/\\\/www.facebook.com\\\/jornaloficinas\",\"https:\\\/\\\/x.com\\\/jornaloficinas\",\"https:\\\/\\\/www.instagram.com\\\/jornal_oficinas\\\/\",\"https:\\\/\\\/www.linkedin.com\\\/company\\\/jornal-das-oficinas\\\/\",\"https:\\\/\\\/www.youtube.com\\\/channel\\\/UCbQZBqtcvV-oSQrr7RzINGg\"]},{\"@type\":\"Person\",\"@id\":\"https:\\\/\\\/jornaldasoficinas.com\\\/pt\\\/#\\\/schema\\\/person\\\/a38eef5de2c41d9e7c9ac10141afddf3\",\"name\":\"Reda\u00e7\u00e3o JO\",\"image\":{\"@type\":\"ImageObject\",\"inLanguage\":\"pt-PT\",\"@id\":\"https:\\\/\\\/secure.gravatar.com\\\/avatar\\\/71f2fa71737ad68a84fea94bc708ddac8ea5b0c4788dc2ad202f3ccb2887742f?s=96&d=wp_user_avatar&r=g\",\"url\":\"https:\\\/\\\/secure.gravatar.com\\\/avatar\\\/71f2fa71737ad68a84fea94bc708ddac8ea5b0c4788dc2ad202f3ccb2887742f?s=96&d=wp_user_avatar&r=g\",\"contentUrl\":\"https:\\\/\\\/secure.gravatar.com\\\/avatar\\\/71f2fa71737ad68a84fea94bc708ddac8ea5b0c4788dc2ad202f3ccb2887742f?s=96&d=wp_user_avatar&r=g\",\"caption\":\"Reda\u00e7\u00e3o JO\"},\"url\":\"https:\\\/\\\/jornaldasoficinas.com\\\/pt\\\/author\\\/joredacao\\\/\"}]}<\/script>\n<!-- \/ Yoast SEO plugin. -->","yoast_head_json":{"title":"MAN refor\u00e7a frota da TJA com cami\u00e3o 100% el\u00e9trico - Jornal das Oficinas","robots":{"index":"index","follow":"follow","max-snippet":"max-snippet:-1","max-image-preview":"max-image-preview:large","max-video-preview":"max-video-preview:-1"},"canonical":"https:\/\/jornaldasoficinas.com\/pt\/man-reforca-frota-da-tja-com-camiao-100-eletrico\/","og_locale":"pt_PT","og_type":"article","og_title":"MAN refor\u00e7a frota da TJA com cami\u00e3o 100% el\u00e9trico - Jornal das Oficinas","og_description":"O primeiro cami\u00e3o 100% el\u00e9trico da...","og_url":"https:\/\/jornaldasoficinas.com\/pt\/man-reforca-frota-da-tja-com-camiao-100-eletrico\/","og_site_name":"Jornal das Oficinas","article_publisher":"https:\/\/www.facebook.com\/jornaloficinas","article_published_time":"2022-04-19T09:00:57+00:00","article_modified_time":"2023-07-20T15:12:13+00:00","og_image":[{"width":1024,"height":581,"url":"https:\/\/jornaldasoficinas.com\/pt\/wp-content\/uploads\/2022\/04\/MAN-reforc\u0327a-frota-da-TJA.jpg","type":"image\/jpeg"}],"author":"Reda\u00e7\u00e3o JO","twitter_card":"summary_large_image","twitter_creator":"@jornaloficinas","twitter_site":"@jornaloficinas","twitter_misc":{"Escrito por":"Reda\u00e7\u00e3o JO","Tempo estimado de leitura":"2 minutos"},"schema":{"@context":"https:\/\/schema.org","@graph":[{"@type":"Article","@id":"https:\/\/jornaldasoficinas.com\/pt\/man-reforca-frota-da-tja-com-camiao-100-eletrico\/#article","isPartOf":{"@id":"https:\/\/jornaldasoficinas.com\/pt\/man-reforca-frota-da-tja-com-camiao-100-eletrico\/"},"author":{"name":"Reda\u00e7\u00e3o JO","@id":"https:\/\/jornaldasoficinas.com\/pt\/#\/schema\/person\/a38eef5de2c41d9e7c9ac10141afddf3"},"headline":"MAN refor\u00e7a frota da TJA com cami\u00e3o 100% el\u00e9trico","datePublished":"2022-04-19T09:00:57+00:00","dateModified":"2023-07-20T15:12:13+00:00","mainEntityOfPage":{"@id":"https:\/\/jornaldasoficinas.com\/pt\/man-reforca-frota-da-tja-com-camiao-100-eletrico\/"},"wordCount":355,"publisher":{"@id":"https:\/\/jornaldasoficinas.com\/pt\/#organization"},"image":{"@id":"https:\/\/jornaldasoficinas.com\/pt\/man-reforca-frota-da-tja-com-camiao-100-eletrico\/#primaryimage"},"thumbnailUrl":"https:\/\/jornaldasoficinas.com\/pt\/wp-content\/uploads\/2022\/04\/MAN-reforc\u0327a-frota-da-TJA.jpg","keywords":["Man"],"articleSection":["Empresas"],"inLanguage":"pt-PT"},{"@type":"WebPage","@id":"https:\/\/jornaldasoficinas.com\/pt\/man-reforca-frota-da-tja-com-camiao-100-eletrico\/","url":"https:\/\/jornaldasoficinas.com\/pt\/man-reforca-frota-da-tja-com-camiao-100-eletrico\/","name":"MAN refor\u00e7a frota da TJA com cami\u00e3o 100% el\u00e9trico - Jornal das Oficinas","isPartOf":{"@id":"https:\/\/jornaldasoficinas.com\/pt\/#website"},"primaryImageOfPage":{"@id":"https:\/\/jornaldasoficinas.com\/pt\/man-reforca-frota-da-tja-com-camiao-100-eletrico\/#primaryimage"},"image":{"@id":"https:\/\/jornaldasoficinas.com\/pt\/man-reforca-frota-da-tja-com-camiao-100-eletrico\/#primaryimage"},"thumbnailUrl":"https:\/\/jornaldasoficinas.com\/pt\/wp-content\/uploads\/2022\/04\/MAN-reforc\u0327a-frota-da-TJA.jpg","datePublished":"2022-04-19T09:00:57+00:00","dateModified":"2023-07-20T15:12:13+00:00","breadcrumb":{"@id":"https:\/\/jornaldasoficinas.com\/pt\/man-reforca-frota-da-tja-com-camiao-100-eletrico\/#breadcrumb"},"inLanguage":"pt-PT","potentialAction":[{"@type":"ReadAction","target":["https:\/\/jornaldasoficinas.com\/pt\/man-reforca-frota-da-tja-com-camiao-100-eletrico\/"]}]},{"@type":"ImageObject","inLanguage":"pt-PT","@id":"https:\/\/jornaldasoficinas.com\/pt\/man-reforca-frota-da-tja-com-camiao-100-eletrico\/#primaryimage","url":"https:\/\/jornaldasoficinas.com\/pt\/wp-content\/uploads\/2022\/04\/MAN-reforc\u0327a-frota-da-TJA.jpg","contentUrl":"https:\/\/jornaldasoficinas.com\/pt\/wp-content\/uploads\/2022\/04\/MAN-reforc\u0327a-frota-da-TJA.jpg","width":1024,"height":581,"caption":"04 - MAN reforc\u0327a frota da TJA"},{"@type":"BreadcrumbList","@id":"https:\/\/jornaldasoficinas.com\/pt\/man-reforca-frota-da-tja-com-camiao-100-eletrico\/#breadcrumb","itemListElement":[{"@type":"ListItem","position":1,"name":"In\u00edcio","item":"https:\/\/jornaldasoficinas.com\/pt\/"},{"@type":"ListItem","position":2,"name":"MAN refor\u00e7a frota da TJA com cami\u00e3o 100% el\u00e9trico"}]},{"@type":"WebSite","@id":"https:\/\/jornaldasoficinas.com\/pt\/#website","url":"https:\/\/jornaldasoficinas.com\/pt\/","name":"Jornal das Oficinas","description":"Jornal independente do Aftermarket Autom\u00f3vel em Portugal","publisher":{"@id":"https:\/\/jornaldasoficinas.com\/pt\/#organization"},"potentialAction":[{"@type":"SearchAction","target":{"@type":"EntryPoint","urlTemplate":"https:\/\/jornaldasoficinas.com\/pt\/?s={search_term_string}"},"query-input":{"@type":"PropertyValueSpecification","valueRequired":true,"valueName":"search_term_string"}}],"inLanguage":"pt-PT"},{"@type":"Organization","@id":"https:\/\/jornaldasoficinas.com\/pt\/#organization","name":"Jornal das Oficinas","url":"https:\/\/jornaldasoficinas.com\/pt\/","logo":{"@type":"ImageObject","inLanguage":"pt-PT","@id":"https:\/\/jornaldasoficinas.com\/pt\/#\/schema\/logo\/image\/","url":"https:\/\/jornaldasoficinas.com\/pt\/wp-content\/uploads\/logoJO-SEO.png","contentUrl":"https:\/\/jornaldasoficinas.com\/pt\/wp-content\/uploads\/logoJO-SEO.png","width":285,"height":450,"caption":"Jornal das Oficinas"},"image":{"@id":"https:\/\/jornaldasoficinas.com\/pt\/#\/schema\/logo\/image\/"},"sameAs":["https:\/\/www.facebook.com\/jornaloficinas","https:\/\/x.com\/jornaloficinas","https:\/\/www.instagram.com\/jornal_oficinas\/","https:\/\/www.linkedin.com\/company\/jornal-das-oficinas\/","https:\/\/www.youtube.com\/channel\/UCbQZBqtcvV-oSQrr7RzINGg"]},{"@type":"Person","@id":"https:\/\/jornaldasoficinas.com\/pt\/#\/schema\/person\/a38eef5de2c41d9e7c9ac10141afddf3","name":"Reda\u00e7\u00e3o JO","image":{"@type":"ImageObject","inLanguage":"pt-PT","@id":"https:\/\/secure.gravatar.com\/avatar\/71f2fa71737ad68a84fea94bc708ddac8ea5b0c4788dc2ad202f3ccb2887742f?s=96&d=wp_user_avatar&r=g","url":"https:\/\/secure.gravatar.com\/avatar\/71f2fa71737ad68a84fea94bc708ddac8ea5b0c4788dc2ad202f3ccb2887742f?s=96&d=wp_user_avatar&r=g","contentUrl":"https:\/\/secure.gravatar.com\/avatar\/71f2fa71737ad68a84fea94bc708ddac8ea5b0c4788dc2ad202f3ccb2887742f?s=96&d=wp_user_avatar&r=g","caption":"Reda\u00e7\u00e3o JO"},"url":"https:\/\/jornaldasoficinas.com\/pt\/author\/joredacao\/"}]}},"_links":{"self":[{"href":"https:\/\/jornaldasoficinas.com\/pt\/wp-json\/wp\/v2\/posts\/28912","targetHints":{"allow":["GET"]}}],"collection":[{"href":"https:\/\/jornaldasoficinas.com\/pt\/wp-json\/wp\/v2\/posts"}],"about":[{"href":"https:\/\/jornaldasoficinas.com\/pt\/wp-json\/wp\/v2\/types\/post"}],"author":[{"embeddable":true,"href":"https:\/\/jornaldasoficinas.com\/pt\/wp-json\/wp\/v2\/users\/15"}],"replies":[{"embeddable":true,"href":"https:\/\/jornaldasoficinas.com\/pt\/wp-json\/wp\/v2\/comments?post=28912"}],"version-history":[{"count":0,"href":"https:\/\/jornaldasoficinas.com\/pt\/wp-json\/wp\/v2\/posts\/28912\/revisions"}],"wp:featuredmedia":[{"embeddable":true,"href":"https:\/\/jornaldasoficinas.com\/pt\/wp-json\/wp\/v2\/media\/28856"}],"wp:attachment":[{"href":"https:\/\/jornaldasoficinas.com\/pt\/wp-json\/wp\/v2\/media?parent=28912"}],"wp:term":[{"taxonomy":"category","embeddable":true,"href":"https:\/\/jornaldasoficinas.com\/pt\/wp-json\/wp\/v2\/categories?post=28912"},{"taxonomy":"post_tag","embeddable":true,"href":"https:\/\/jornaldasoficinas.com\/pt\/wp-json\/wp\/v2\/tags?post=28912"}],"curies":[{"name":"wp","href":"https:\/\/api.w.org\/{rel}","templated":true}]}}