{"id":29211,"date":"2022-04-26T18:00:09","date_gmt":"2022-04-26T17:00:09","guid":{"rendered":"https:\/\/jornaldasoficinas.com\/pt\/?p=29211"},"modified":"2022-04-25T10:34:38","modified_gmt":"2022-04-25T09:34:38","slug":"secretario-estado-economia-visita-microplasticos","status":"publish","type":"post","link":"https:\/\/jornaldasoficinas.com\/pt\/secretario-estado-economia-visita-microplasticos\/","title":{"rendered":"Secret\u00e1rio Estado Economia visita MICROpl\u00e1sticos"},"content":{"rendered":"<p><strong><img loading=\"lazy\" decoding=\"async\" class=\"alignnone size-full wp-image-29212\" src=\"https:\/\/jornaldasoficinas.com\/pt\/wp-content\/uploads\/2022\/04\/Secreta\u0301rio-Estado-Economia-visita-MICROpla\u0301sticos.png\" alt=\"04 - Secreta\u0301rio Estado Economia visita MICROpla\u0301sticos\" width=\"1024\" height=\"581\" srcset=\"https:\/\/jornaldasoficinas.com\/pt\/wp-content\/uploads\/2022\/04\/Secreta\u0301rio-Estado-Economia-visita-MICROpla\u0301sticos.png 1024w, https:\/\/jornaldasoficinas.com\/pt\/wp-content\/uploads\/2022\/04\/Secreta\u0301rio-Estado-Economia-visita-MICROpla\u0301sticos-300x170.png 300w, https:\/\/jornaldasoficinas.com\/pt\/wp-content\/uploads\/2022\/04\/Secreta\u0301rio-Estado-Economia-visita-MICROpla\u0301sticos-150x85.png 150w, https:\/\/jornaldasoficinas.com\/pt\/wp-content\/uploads\/2022\/04\/Secreta\u0301rio-Estado-Economia-visita-MICROpla\u0301sticos-768x436.png 768w\" sizes=\"auto, (max-width: 1024px) 100vw, 1024px\" \/><\/strong><\/p>\n<p><strong>Ap\u00f3s chamada de aten\u00e7\u00e3o por parte da <a href=\"https:\/\/afia.pt\/\" target=\"_blank\" rel=\"noopener\">AFIA<\/a> para a situa\u00e7\u00e3o das empresas fabricantes para a ind\u00fastria autom\u00f3vel, o Secret\u00e1rio de Estado da Economia visita uma empresa para ver in loco a realidade atual da ind\u00fastria<\/strong><\/p>\n<p>Jo\u00e3o Correia Neves visitou a MICROpl\u00e1sticos, empresa especializada na inje\u00e7\u00e3o de pl\u00e1sticos para a ind\u00fastria autom\u00f3vel, localizada na Figueira da Foz.<\/p>\n<p>Com o abrandamento da economia e redu\u00e7\u00e3o da procura, as vendas de autom\u00f3veis est\u00e3o em queda acentuada. Os grandes cortes na produ\u00e7\u00e3o de autom\u00f3veis, e o facto de na Uni\u00e3o Europeia as f\u00e1bricas autom\u00f3veis estarem paradas, obrigam os fornecedores a considerar mudan\u00e7as dr\u00e1sticas. Esta situa\u00e7\u00e3o \u00e9 um culminar de fortes press\u00f5es sobre as empresas em geral, e em particular para as portuguesas, caraterizada por redu\u00e7\u00e3o de encomendas. Por\u00e9m, as empresas, n\u00e3o t\u00eam e n\u00e3o podem deixar de continuar a investir em tecnologia, para manterem a competitividade, como \u00e9 o caso da MICROpl\u00e1sticos que tem refor\u00e7ado o n\u00edvel tecnol\u00f3gico numa l\u00f3gica da i4.0 (Ind\u00fastria 4.0).<\/p>\n<p>A guerra na Ucr\u00e2nia veio aumentar ainda mais a incerteza: Situa\u00e7\u00e3o geopol\u00edtica \/ Guerra na Ucr\u00e2nia; Disrup\u00e7\u00f5es nas cadeias de abastecimento; Escassez de semicondutores e outras mat\u00e9rias-primas; Infla\u00e7\u00e3o dos custos: mat\u00e9rias-primas, energia, transporte; COVID-19.<\/p>\n<p>Enfim, as empresas t\u00eam que gerir a incerteza, tudo isto num contexto de dupla transi\u00e7\u00e3o: digital e energ\u00e9tica.<\/p>\n<p>Como consequ\u00eancia, perspetiva-se a curto prazo um severo impacto na atividade econ\u00f3mica e das exporta\u00e7\u00f5es de um dos sectores que mais contribui para a economia nacional: 6% do PIB, 9% do emprego da ind\u00fastria transformadora e 16% das exporta\u00e7\u00f5es nacionais de bens transacion\u00e1veis.<\/p>\n<p>As empresas fabricantes para a ind\u00fastria autom\u00f3vel ainda n\u00e3o conseguiram alcan\u00e7ar os n\u00edveis pr\u00e9-Covid e o volume de neg\u00f3cios em 2021 ficou 10% abaixo ao alcan\u00e7ado no ano de 2019.<\/p>\n<p>O recente inqu\u00e9rito da AFIA aos seus Associados indica quais mais de 2\/3 das empresas sofreram quedas acentuadas no m\u00eas de mar\u00e7o, sendo que a tend\u00eancia \u00e9 para a situa\u00e7\u00e3o agravar-se nos meses seguintes. Analisando a evolu\u00e7\u00e3o mensal exporta\u00e7\u00f5es portuguesas de componentes autom\u00f3veis, excetuando o m\u00eas de janeiro de 2022, verifica-se que desde julho de 2021 que as exporta\u00e7\u00f5es mensais est\u00e3o sempre abaixo ao verificado no ano anterior.<\/p>\n<p>A consultora S&amp;P Global Mobility (antiga IHS Markit) em mar\u00e7o reviu em baixa a proje\u00e7\u00e3o de produ\u00e7\u00e3o mundial de ve\u00edculos autom\u00f3veis ligeiros para 2022 e 2023, em 2,6 milh\u00f5es de unidades para ambos os anos, face \u00e0 anterior previs\u00e3o de janeiro. Para a Europa, em 2022 deixar\u00e3o de ser produzidos 1,7 milh\u00f5es de autom\u00f3veis ligeiros face \u00e0 previs\u00e3o do m\u00eas janeiro.<\/p>\n<p>A ind\u00fastria autom\u00f3vel na Europa Ocidental, ainda mal recuperou dos efeitos da Covid-19 e j\u00e1 est\u00e1 a sentir os graves efeitos conflito na Ucr\u00e2nia. Em mar\u00e7o as vendas de carros novos diminu\u00edram 20% face ao mesmo m\u00eas de 2021, e comparando com mar\u00e7o de 2019 a queda \u00e9 ainda mais acentuada, -38%. Isto \u00e9, nos tr\u00eas primeiros meses deste ano venderam-se menos 1,3 milh\u00f5es de autom\u00f3veis face ao per\u00edodo hom\u00f3logo de 2019.<\/p>\n<p>Face ao exposto, \u00e0s necessidades espec\u00edficas e \u00e0 import\u00e2ncia estrat\u00e9gica desta ind\u00fastria, a AFIA solicitou ao Governo que sejam tomadas medidas urgentes, flex\u00edveis e eficazes que passam:<\/p>\n<p>&#8211; pelo regresso imediato e urgente do regime de lay-off simplificado;<\/p>\n<p>&#8211; e pela cria\u00e7\u00e3o de medidas de prote\u00e7\u00e3o dos postos de trabalho.<\/p>\n<p>Estas medidas, permitir\u00e3o \u00e0s empresas n\u00e3o s\u00f3 atenuar esta crise, mas tamb\u00e9m manter a sua competitividade, ap\u00f3s este per\u00edodo, logo que se verifique a retoma gradual da economia.<\/p>\n<p>As empresas est\u00e3o dispon\u00edveis para dialogar com o Governo e encontrar modelos de desenvolvimento integrados, sob pena de redu\u00e7\u00e3o dr\u00e1stica dos investimentos e encerramento de empresas ou unidades de produ\u00e7\u00e3o, com consequ\u00eancias graves na economia e sociedade.<\/p>\n","protected":false},"excerpt":{"rendered":"<p>Ap\u00f3s chamada de aten\u00e7\u00e3o por parte&#8230;<\/p>\n","protected":false},"author":15,"featured_media":29212,"comment_status":"closed","ping_status":"closed","sticky":false,"template":"","format":"standard","meta":{"footnotes":""},"categories":[37],"tags":[100],"class_list":["post-29211","post","type-post","status-publish","format-standard","has-post-thumbnail","hentry","category-mercado","tag-afia"],"yoast_head":"<!-- This site is optimized with the Yoast SEO plugin v27.5 - https:\/\/yoast.com\/product\/yoast-seo-wordpress\/ -->\n<title>Secret\u00e1rio Estado Economia visita MICROpl\u00e1sticos - Jornal das Oficinas<\/title>\n<meta name=\"robots\" content=\"index, follow, max-snippet:-1, max-image-preview:large, max-video-preview:-1\" \/>\n<link rel=\"canonical\" href=\"https:\/\/jornaldasoficinas.com\/pt\/secretario-estado-economia-visita-microplasticos\/\" \/>\n<meta property=\"og:locale\" content=\"pt_PT\" \/>\n<meta property=\"og:type\" content=\"article\" \/>\n<meta property=\"og:title\" content=\"Secret\u00e1rio Estado Economia visita MICROpl\u00e1sticos - Jornal das Oficinas\" \/>\n<meta property=\"og:description\" content=\"Ap\u00f3s chamada de aten\u00e7\u00e3o por parte...\" \/>\n<meta property=\"og:url\" content=\"https:\/\/jornaldasoficinas.com\/pt\/secretario-estado-economia-visita-microplasticos\/\" \/>\n<meta property=\"og:site_name\" content=\"Jornal das Oficinas\" \/>\n<meta property=\"article:publisher\" content=\"https:\/\/www.facebook.com\/jornaloficinas\" \/>\n<meta property=\"article:published_time\" content=\"2022-04-26T17:00:09+00:00\" \/>\n<meta property=\"og:image\" content=\"https:\/\/jornaldasoficinas.com\/pt\/wp-content\/uploads\/2022\/04\/Secreta\u0301rio-Estado-Economia-visita-MICROpla\u0301sticos.png\" \/>\n\t<meta property=\"og:image:width\" content=\"1024\" \/>\n\t<meta property=\"og:image:height\" content=\"581\" \/>\n\t<meta property=\"og:image:type\" content=\"image\/png\" \/>\n<meta name=\"author\" content=\"Reda\u00e7\u00e3o JO\" \/>\n<meta name=\"twitter:card\" content=\"summary_large_image\" \/>\n<meta name=\"twitter:creator\" content=\"@jornaloficinas\" \/>\n<meta name=\"twitter:site\" content=\"@jornaloficinas\" \/>\n<meta name=\"twitter:label1\" content=\"Escrito por\" \/>\n\t<meta name=\"twitter:data1\" content=\"Reda\u00e7\u00e3o JO\" \/>\n\t<meta name=\"twitter:label2\" content=\"Tempo estimado de leitura\" \/>\n\t<meta name=\"twitter:data2\" content=\"3 minutos\" \/>\n<script type=\"application\/ld+json\" class=\"yoast-schema-graph\">{\"@context\":\"https:\\\/\\\/schema.org\",\"@graph\":[{\"@type\":\"Article\",\"@id\":\"https:\\\/\\\/jornaldasoficinas.com\\\/pt\\\/secretario-estado-economia-visita-microplasticos\\\/#article\",\"isPartOf\":{\"@id\":\"https:\\\/\\\/jornaldasoficinas.com\\\/pt\\\/secretario-estado-economia-visita-microplasticos\\\/\"},\"author\":{\"name\":\"Reda\u00e7\u00e3o JO\",\"@id\":\"https:\\\/\\\/jornaldasoficinas.com\\\/pt\\\/#\\\/schema\\\/person\\\/a38eef5de2c41d9e7c9ac10141afddf3\"},\"headline\":\"Secret\u00e1rio Estado Economia visita MICROpl\u00e1sticos\",\"datePublished\":\"2022-04-26T17:00:09+00:00\",\"mainEntityOfPage\":{\"@id\":\"https:\\\/\\\/jornaldasoficinas.com\\\/pt\\\/secretario-estado-economia-visita-microplasticos\\\/\"},\"wordCount\":696,\"publisher\":{\"@id\":\"https:\\\/\\\/jornaldasoficinas.com\\\/pt\\\/#organization\"},\"image\":{\"@id\":\"https:\\\/\\\/jornaldasoficinas.com\\\/pt\\\/secretario-estado-economia-visita-microplasticos\\\/#primaryimage\"},\"thumbnailUrl\":\"https:\\\/\\\/jornaldasoficinas.com\\\/pt\\\/wp-content\\\/uploads\\\/2022\\\/04\\\/Secreta\u0301rio-Estado-Economia-visita-MICROpla\u0301sticos.png\",\"keywords\":[\"AFIA\"],\"articleSection\":[\"Mercado\"],\"inLanguage\":\"pt-PT\"},{\"@type\":\"WebPage\",\"@id\":\"https:\\\/\\\/jornaldasoficinas.com\\\/pt\\\/secretario-estado-economia-visita-microplasticos\\\/\",\"url\":\"https:\\\/\\\/jornaldasoficinas.com\\\/pt\\\/secretario-estado-economia-visita-microplasticos\\\/\",\"name\":\"Secret\u00e1rio Estado Economia visita MICROpl\u00e1sticos - Jornal das Oficinas\",\"isPartOf\":{\"@id\":\"https:\\\/\\\/jornaldasoficinas.com\\\/pt\\\/#website\"},\"primaryImageOfPage\":{\"@id\":\"https:\\\/\\\/jornaldasoficinas.com\\\/pt\\\/secretario-estado-economia-visita-microplasticos\\\/#primaryimage\"},\"image\":{\"@id\":\"https:\\\/\\\/jornaldasoficinas.com\\\/pt\\\/secretario-estado-economia-visita-microplasticos\\\/#primaryimage\"},\"thumbnailUrl\":\"https:\\\/\\\/jornaldasoficinas.com\\\/pt\\\/wp-content\\\/uploads\\\/2022\\\/04\\\/Secreta\u0301rio-Estado-Economia-visita-MICROpla\u0301sticos.png\",\"datePublished\":\"2022-04-26T17:00:09+00:00\",\"breadcrumb\":{\"@id\":\"https:\\\/\\\/jornaldasoficinas.com\\\/pt\\\/secretario-estado-economia-visita-microplasticos\\\/#breadcrumb\"},\"inLanguage\":\"pt-PT\",\"potentialAction\":[{\"@type\":\"ReadAction\",\"target\":[\"https:\\\/\\\/jornaldasoficinas.com\\\/pt\\\/secretario-estado-economia-visita-microplasticos\\\/\"]}]},{\"@type\":\"ImageObject\",\"inLanguage\":\"pt-PT\",\"@id\":\"https:\\\/\\\/jornaldasoficinas.com\\\/pt\\\/secretario-estado-economia-visita-microplasticos\\\/#primaryimage\",\"url\":\"https:\\\/\\\/jornaldasoficinas.com\\\/pt\\\/wp-content\\\/uploads\\\/2022\\\/04\\\/Secreta\u0301rio-Estado-Economia-visita-MICROpla\u0301sticos.png\",\"contentUrl\":\"https:\\\/\\\/jornaldasoficinas.com\\\/pt\\\/wp-content\\\/uploads\\\/2022\\\/04\\\/Secreta\u0301rio-Estado-Economia-visita-MICROpla\u0301sticos.png\",\"width\":1024,\"height\":581,\"caption\":\"04 - Secreta\u0301rio Estado Economia visita MICROpla\u0301sticos\"},{\"@type\":\"BreadcrumbList\",\"@id\":\"https:\\\/\\\/jornaldasoficinas.com\\\/pt\\\/secretario-estado-economia-visita-microplasticos\\\/#breadcrumb\",\"itemListElement\":[{\"@type\":\"ListItem\",\"position\":1,\"name\":\"In\u00edcio\",\"item\":\"https:\\\/\\\/jornaldasoficinas.com\\\/pt\\\/\"},{\"@type\":\"ListItem\",\"position\":2,\"name\":\"Secret\u00e1rio Estado Economia visita MICROpl\u00e1sticos\"}]},{\"@type\":\"WebSite\",\"@id\":\"https:\\\/\\\/jornaldasoficinas.com\\\/pt\\\/#website\",\"url\":\"https:\\\/\\\/jornaldasoficinas.com\\\/pt\\\/\",\"name\":\"Jornal das Oficinas\",\"description\":\"Jornal independente do Aftermarket Autom\u00f3vel em Portugal\",\"publisher\":{\"@id\":\"https:\\\/\\\/jornaldasoficinas.com\\\/pt\\\/#organization\"},\"potentialAction\":[{\"@type\":\"SearchAction\",\"target\":{\"@type\":\"EntryPoint\",\"urlTemplate\":\"https:\\\/\\\/jornaldasoficinas.com\\\/pt\\\/?s={search_term_string}\"},\"query-input\":{\"@type\":\"PropertyValueSpecification\",\"valueRequired\":true,\"valueName\":\"search_term_string\"}}],\"inLanguage\":\"pt-PT\"},{\"@type\":\"Organization\",\"@id\":\"https:\\\/\\\/jornaldasoficinas.com\\\/pt\\\/#organization\",\"name\":\"Jornal das Oficinas\",\"url\":\"https:\\\/\\\/jornaldasoficinas.com\\\/pt\\\/\",\"logo\":{\"@type\":\"ImageObject\",\"inLanguage\":\"pt-PT\",\"@id\":\"https:\\\/\\\/jornaldasoficinas.com\\\/pt\\\/#\\\/schema\\\/logo\\\/image\\\/\",\"url\":\"https:\\\/\\\/jornaldasoficinas.com\\\/pt\\\/wp-content\\\/uploads\\\/logoJO-SEO.png\",\"contentUrl\":\"https:\\\/\\\/jornaldasoficinas.com\\\/pt\\\/wp-content\\\/uploads\\\/logoJO-SEO.png\",\"width\":285,\"height\":450,\"caption\":\"Jornal das Oficinas\"},\"image\":{\"@id\":\"https:\\\/\\\/jornaldasoficinas.com\\\/pt\\\/#\\\/schema\\\/logo\\\/image\\\/\"},\"sameAs\":[\"https:\\\/\\\/www.facebook.com\\\/jornaloficinas\",\"https:\\\/\\\/x.com\\\/jornaloficinas\",\"https:\\\/\\\/www.instagram.com\\\/jornal_oficinas\\\/\",\"https:\\\/\\\/www.linkedin.com\\\/company\\\/jornal-das-oficinas\\\/\",\"https:\\\/\\\/www.youtube.com\\\/channel\\\/UCbQZBqtcvV-oSQrr7RzINGg\"]},{\"@type\":\"Person\",\"@id\":\"https:\\\/\\\/jornaldasoficinas.com\\\/pt\\\/#\\\/schema\\\/person\\\/a38eef5de2c41d9e7c9ac10141afddf3\",\"name\":\"Reda\u00e7\u00e3o JO\",\"image\":{\"@type\":\"ImageObject\",\"inLanguage\":\"pt-PT\",\"@id\":\"https:\\\/\\\/secure.gravatar.com\\\/avatar\\\/71f2fa71737ad68a84fea94bc708ddac8ea5b0c4788dc2ad202f3ccb2887742f?s=96&d=wp_user_avatar&r=g\",\"url\":\"https:\\\/\\\/secure.gravatar.com\\\/avatar\\\/71f2fa71737ad68a84fea94bc708ddac8ea5b0c4788dc2ad202f3ccb2887742f?s=96&d=wp_user_avatar&r=g\",\"contentUrl\":\"https:\\\/\\\/secure.gravatar.com\\\/avatar\\\/71f2fa71737ad68a84fea94bc708ddac8ea5b0c4788dc2ad202f3ccb2887742f?s=96&d=wp_user_avatar&r=g\",\"caption\":\"Reda\u00e7\u00e3o JO\"},\"url\":\"https:\\\/\\\/jornaldasoficinas.com\\\/pt\\\/author\\\/joredacao\\\/\"}]}<\/script>\n<!-- \/ Yoast SEO plugin. -->","yoast_head_json":{"title":"Secret\u00e1rio Estado Economia visita MICROpl\u00e1sticos - Jornal das Oficinas","robots":{"index":"index","follow":"follow","max-snippet":"max-snippet:-1","max-image-preview":"max-image-preview:large","max-video-preview":"max-video-preview:-1"},"canonical":"https:\/\/jornaldasoficinas.com\/pt\/secretario-estado-economia-visita-microplasticos\/","og_locale":"pt_PT","og_type":"article","og_title":"Secret\u00e1rio Estado Economia visita MICROpl\u00e1sticos - Jornal das Oficinas","og_description":"Ap\u00f3s chamada de aten\u00e7\u00e3o por parte...","og_url":"https:\/\/jornaldasoficinas.com\/pt\/secretario-estado-economia-visita-microplasticos\/","og_site_name":"Jornal das Oficinas","article_publisher":"https:\/\/www.facebook.com\/jornaloficinas","article_published_time":"2022-04-26T17:00:09+00:00","og_image":[{"width":1024,"height":581,"url":"https:\/\/jornaldasoficinas.com\/pt\/wp-content\/uploads\/2022\/04\/Secreta\u0301rio-Estado-Economia-visita-MICROpla\u0301sticos.png","type":"image\/png"}],"author":"Reda\u00e7\u00e3o JO","twitter_card":"summary_large_image","twitter_creator":"@jornaloficinas","twitter_site":"@jornaloficinas","twitter_misc":{"Escrito por":"Reda\u00e7\u00e3o JO","Tempo estimado de leitura":"3 minutos"},"schema":{"@context":"https:\/\/schema.org","@graph":[{"@type":"Article","@id":"https:\/\/jornaldasoficinas.com\/pt\/secretario-estado-economia-visita-microplasticos\/#article","isPartOf":{"@id":"https:\/\/jornaldasoficinas.com\/pt\/secretario-estado-economia-visita-microplasticos\/"},"author":{"name":"Reda\u00e7\u00e3o JO","@id":"https:\/\/jornaldasoficinas.com\/pt\/#\/schema\/person\/a38eef5de2c41d9e7c9ac10141afddf3"},"headline":"Secret\u00e1rio Estado Economia visita MICROpl\u00e1sticos","datePublished":"2022-04-26T17:00:09+00:00","mainEntityOfPage":{"@id":"https:\/\/jornaldasoficinas.com\/pt\/secretario-estado-economia-visita-microplasticos\/"},"wordCount":696,"publisher":{"@id":"https:\/\/jornaldasoficinas.com\/pt\/#organization"},"image":{"@id":"https:\/\/jornaldasoficinas.com\/pt\/secretario-estado-economia-visita-microplasticos\/#primaryimage"},"thumbnailUrl":"https:\/\/jornaldasoficinas.com\/pt\/wp-content\/uploads\/2022\/04\/Secreta\u0301rio-Estado-Economia-visita-MICROpla\u0301sticos.png","keywords":["AFIA"],"articleSection":["Mercado"],"inLanguage":"pt-PT"},{"@type":"WebPage","@id":"https:\/\/jornaldasoficinas.com\/pt\/secretario-estado-economia-visita-microplasticos\/","url":"https:\/\/jornaldasoficinas.com\/pt\/secretario-estado-economia-visita-microplasticos\/","name":"Secret\u00e1rio Estado Economia visita MICROpl\u00e1sticos - Jornal das Oficinas","isPartOf":{"@id":"https:\/\/jornaldasoficinas.com\/pt\/#website"},"primaryImageOfPage":{"@id":"https:\/\/jornaldasoficinas.com\/pt\/secretario-estado-economia-visita-microplasticos\/#primaryimage"},"image":{"@id":"https:\/\/jornaldasoficinas.com\/pt\/secretario-estado-economia-visita-microplasticos\/#primaryimage"},"thumbnailUrl":"https:\/\/jornaldasoficinas.com\/pt\/wp-content\/uploads\/2022\/04\/Secreta\u0301rio-Estado-Economia-visita-MICROpla\u0301sticos.png","datePublished":"2022-04-26T17:00:09+00:00","breadcrumb":{"@id":"https:\/\/jornaldasoficinas.com\/pt\/secretario-estado-economia-visita-microplasticos\/#breadcrumb"},"inLanguage":"pt-PT","potentialAction":[{"@type":"ReadAction","target":["https:\/\/jornaldasoficinas.com\/pt\/secretario-estado-economia-visita-microplasticos\/"]}]},{"@type":"ImageObject","inLanguage":"pt-PT","@id":"https:\/\/jornaldasoficinas.com\/pt\/secretario-estado-economia-visita-microplasticos\/#primaryimage","url":"https:\/\/jornaldasoficinas.com\/pt\/wp-content\/uploads\/2022\/04\/Secreta\u0301rio-Estado-Economia-visita-MICROpla\u0301sticos.png","contentUrl":"https:\/\/jornaldasoficinas.com\/pt\/wp-content\/uploads\/2022\/04\/Secreta\u0301rio-Estado-Economia-visita-MICROpla\u0301sticos.png","width":1024,"height":581,"caption":"04 - Secreta\u0301rio Estado Economia visita MICROpla\u0301sticos"},{"@type":"BreadcrumbList","@id":"https:\/\/jornaldasoficinas.com\/pt\/secretario-estado-economia-visita-microplasticos\/#breadcrumb","itemListElement":[{"@type":"ListItem","position":1,"name":"In\u00edcio","item":"https:\/\/jornaldasoficinas.com\/pt\/"},{"@type":"ListItem","position":2,"name":"Secret\u00e1rio Estado Economia visita MICROpl\u00e1sticos"}]},{"@type":"WebSite","@id":"https:\/\/jornaldasoficinas.com\/pt\/#website","url":"https:\/\/jornaldasoficinas.com\/pt\/","name":"Jornal das Oficinas","description":"Jornal independente do Aftermarket Autom\u00f3vel em Portugal","publisher":{"@id":"https:\/\/jornaldasoficinas.com\/pt\/#organization"},"potentialAction":[{"@type":"SearchAction","target":{"@type":"EntryPoint","urlTemplate":"https:\/\/jornaldasoficinas.com\/pt\/?s={search_term_string}"},"query-input":{"@type":"PropertyValueSpecification","valueRequired":true,"valueName":"search_term_string"}}],"inLanguage":"pt-PT"},{"@type":"Organization","@id":"https:\/\/jornaldasoficinas.com\/pt\/#organization","name":"Jornal das Oficinas","url":"https:\/\/jornaldasoficinas.com\/pt\/","logo":{"@type":"ImageObject","inLanguage":"pt-PT","@id":"https:\/\/jornaldasoficinas.com\/pt\/#\/schema\/logo\/image\/","url":"https:\/\/jornaldasoficinas.com\/pt\/wp-content\/uploads\/logoJO-SEO.png","contentUrl":"https:\/\/jornaldasoficinas.com\/pt\/wp-content\/uploads\/logoJO-SEO.png","width":285,"height":450,"caption":"Jornal das Oficinas"},"image":{"@id":"https:\/\/jornaldasoficinas.com\/pt\/#\/schema\/logo\/image\/"},"sameAs":["https:\/\/www.facebook.com\/jornaloficinas","https:\/\/x.com\/jornaloficinas","https:\/\/www.instagram.com\/jornal_oficinas\/","https:\/\/www.linkedin.com\/company\/jornal-das-oficinas\/","https:\/\/www.youtube.com\/channel\/UCbQZBqtcvV-oSQrr7RzINGg"]},{"@type":"Person","@id":"https:\/\/jornaldasoficinas.com\/pt\/#\/schema\/person\/a38eef5de2c41d9e7c9ac10141afddf3","name":"Reda\u00e7\u00e3o JO","image":{"@type":"ImageObject","inLanguage":"pt-PT","@id":"https:\/\/secure.gravatar.com\/avatar\/71f2fa71737ad68a84fea94bc708ddac8ea5b0c4788dc2ad202f3ccb2887742f?s=96&d=wp_user_avatar&r=g","url":"https:\/\/secure.gravatar.com\/avatar\/71f2fa71737ad68a84fea94bc708ddac8ea5b0c4788dc2ad202f3ccb2887742f?s=96&d=wp_user_avatar&r=g","contentUrl":"https:\/\/secure.gravatar.com\/avatar\/71f2fa71737ad68a84fea94bc708ddac8ea5b0c4788dc2ad202f3ccb2887742f?s=96&d=wp_user_avatar&r=g","caption":"Reda\u00e7\u00e3o JO"},"url":"https:\/\/jornaldasoficinas.com\/pt\/author\/joredacao\/"}]}},"_links":{"self":[{"href":"https:\/\/jornaldasoficinas.com\/pt\/wp-json\/wp\/v2\/posts\/29211","targetHints":{"allow":["GET"]}}],"collection":[{"href":"https:\/\/jornaldasoficinas.com\/pt\/wp-json\/wp\/v2\/posts"}],"about":[{"href":"https:\/\/jornaldasoficinas.com\/pt\/wp-json\/wp\/v2\/types\/post"}],"author":[{"embeddable":true,"href":"https:\/\/jornaldasoficinas.com\/pt\/wp-json\/wp\/v2\/users\/15"}],"replies":[{"embeddable":true,"href":"https:\/\/jornaldasoficinas.com\/pt\/wp-json\/wp\/v2\/comments?post=29211"}],"version-history":[{"count":0,"href":"https:\/\/jornaldasoficinas.com\/pt\/wp-json\/wp\/v2\/posts\/29211\/revisions"}],"wp:featuredmedia":[{"embeddable":true,"href":"https:\/\/jornaldasoficinas.com\/pt\/wp-json\/wp\/v2\/media\/29212"}],"wp:attachment":[{"href":"https:\/\/jornaldasoficinas.com\/pt\/wp-json\/wp\/v2\/media?parent=29211"}],"wp:term":[{"taxonomy":"category","embeddable":true,"href":"https:\/\/jornaldasoficinas.com\/pt\/wp-json\/wp\/v2\/categories?post=29211"},{"taxonomy":"post_tag","embeddable":true,"href":"https:\/\/jornaldasoficinas.com\/pt\/wp-json\/wp\/v2\/tags?post=29211"}],"curies":[{"name":"wp","href":"https:\/\/api.w.org\/{rel}","templated":true}]}}