{"id":29254,"date":"2022-04-27T14:00:51","date_gmt":"2022-04-27T13:00:51","guid":{"rendered":"https:\/\/jornaldasoficinas.com\/pt\/?p=29254"},"modified":"2022-04-27T08:52:27","modified_gmt":"2022-04-27T07:52:27","slug":"brembo-apresenta-pincas-de-travao-para-comerciais-ligeiros","status":"publish","type":"post","link":"https:\/\/jornaldasoficinas.com\/pt\/brembo-apresenta-pincas-de-travao-para-comerciais-ligeiros\/","title":{"rendered":"Brembo apresenta pin\u00e7as de trav\u00e3o para comerciais ligeiros"},"content":{"rendered":"<p><img loading=\"lazy\" decoding=\"async\" class=\"alignnone size-full wp-image-29238\" src=\"https:\/\/jornaldasoficinas.com\/pt\/wp-content\/uploads\/2022\/04\/Brembo-apresenta-pinc\u0327as-de-trava\u0303o.jpg\" alt=\"04 - Brembo apresenta pinc\u0327as de trava\u0303o\" width=\"1024\" height=\"581\" srcset=\"https:\/\/jornaldasoficinas.com\/pt\/wp-content\/uploads\/2022\/04\/Brembo-apresenta-pinc\u0327as-de-trava\u0303o.jpg 1024w, https:\/\/jornaldasoficinas.com\/pt\/wp-content\/uploads\/2022\/04\/Brembo-apresenta-pinc\u0327as-de-trava\u0303o-300x170.jpg 300w, https:\/\/jornaldasoficinas.com\/pt\/wp-content\/uploads\/2022\/04\/Brembo-apresenta-pinc\u0327as-de-trava\u0303o-150x85.jpg 150w, https:\/\/jornaldasoficinas.com\/pt\/wp-content\/uploads\/2022\/04\/Brembo-apresenta-pinc\u0327as-de-trava\u0303o-768x436.jpg 768w\" sizes=\"auto, (max-width: 1024px) 100vw, 1024px\" \/><\/p>\n<p><strong>A <a href=\"https:\/\/www.brembo.com\/en\" target=\"_blank\" rel=\"noopener\">Brembo<\/a> apresentou na <a href=\"https:\/\/www.ifema.es\/en\/motortec\" target=\"_blank\" rel=\"noopener\">Motortec Madrid<\/a> a mais recente adi\u00e7\u00e3o \u00e0 sua oferta de Aftermarket: uma fam\u00edlia inteiramente nova de pin\u00e7as de trav\u00e3o para ve\u00edculos comerciais ligeiros. Este importante produto marca um passo em frente na carteira de produtos da Brembo, abra\u00e7ando a miss\u00e3o da empresa de se tornar um fornecedor de solu\u00e7\u00f5es<\/strong><\/p>\n<p>As novas pin\u00e7as derivam diretamente da experi\u00eancia da Brembo no mercado de Equipamento Original (EO). Para al\u00e9m de partilharem a mesma alta qualidade e conte\u00fado t\u00e9cnico, os novos produtos utilizam os mesmos processos de pesquisa e modela\u00e7\u00e3o que os seus hom\u00f3logos do equipamento original.<\/p>\n<p>Esta solu\u00e7\u00e3o foi fabricada e testada internamente com as tecnologias mais avan\u00e7adas, que permitem aos engenheiros da Brembo avaliar o desempenho e a rea\u00e7\u00e3o do sistema de travagem sob uma enorme variedade de condi\u00e7\u00f5es diferentes. Especificamente, a solu\u00e7\u00e3o tem origem no know-how t\u00e9cnico da Brembo e \u00e9 capaz de lidar com as peculiaridades estruturais e funcionais dos ve\u00edculos comerciais ligeiros mais populares e recentes no mercado.<\/p>\n<p>Os ve\u00edculos comerciais s\u00e3o obrigados a satisfazer os mais elevados padr\u00f5es de seguran\u00e7a, fiabilidade e integridade para durar anos em cada uma e todas as condi\u00e7\u00f5es ambientais. Para o conseguir, todos os componentes do calibrador de trav\u00f5es devem ser concebidos de modo a oferecer uma resist\u00eancia de alto desempenho e uma durabilidade duradoura na estrada. A mais recente linha de pin\u00e7as de trav\u00e3o Brembo garante extrema qualidade e fiabilidade, assegurando uma melhor resist\u00eancia \u00e0 corros\u00e3o atmosf\u00e9rica atrav\u00e9s da conce\u00e7\u00e3o de vedantes que evitam infiltra\u00e7\u00f5es.<\/p>\n<p>O resultado \u00e9 uma nova oferta completa de pin\u00e7as de trav\u00f5es, que inclui 86 n\u00fameros de pe\u00e7as \u00fanicas para os principais fabricantes de ve\u00edculos comerciais ligeiros.<\/p>\n<p>A gama de novas pin\u00e7as e suportes de trav\u00f5es Brembo est\u00e1 dispon\u00edvel no mercado EMEA desde Maio de 2022, numa embalagem especial dedicada.<\/p>\n","protected":false},"excerpt":{"rendered":"<p>A Brembo apresentou na Motortec Madrid&#8230;<\/p>\n","protected":false},"author":15,"featured_media":29238,"comment_status":"closed","ping_status":"closed","sticky":false,"template":"","format":"standard","meta":{"footnotes":""},"categories":[29],"tags":[283],"class_list":["post-29254","post","type-post","status-publish","format-standard","has-post-thumbnail","hentry","category-empresas","tag-brembo"],"yoast_head":"<!-- This site is optimized with the Yoast SEO plugin v27.4 - https:\/\/yoast.com\/product\/yoast-seo-wordpress\/ -->\n<title>Brembo apresenta pin\u00e7as de trav\u00e3o para comerciais ligeiros - Jornal das Oficinas<\/title>\n<meta name=\"robots\" content=\"index, follow, max-snippet:-1, max-image-preview:large, max-video-preview:-1\" \/>\n<link rel=\"canonical\" href=\"https:\/\/jornaldasoficinas.com\/pt\/brembo-apresenta-pincas-de-travao-para-comerciais-ligeiros\/\" \/>\n<meta property=\"og:locale\" content=\"pt_PT\" \/>\n<meta property=\"og:type\" content=\"article\" \/>\n<meta property=\"og:title\" content=\"Brembo apresenta pin\u00e7as de trav\u00e3o para comerciais ligeiros - Jornal das Oficinas\" \/>\n<meta property=\"og:description\" content=\"A Brembo apresentou na Motortec Madrid...\" \/>\n<meta property=\"og:url\" content=\"https:\/\/jornaldasoficinas.com\/pt\/brembo-apresenta-pincas-de-travao-para-comerciais-ligeiros\/\" \/>\n<meta property=\"og:site_name\" content=\"Jornal das Oficinas\" \/>\n<meta property=\"article:publisher\" content=\"https:\/\/www.facebook.com\/jornaloficinas\" \/>\n<meta property=\"article:published_time\" content=\"2022-04-27T13:00:51+00:00\" \/>\n<meta property=\"og:image\" content=\"https:\/\/jornaldasoficinas.com\/pt\/wp-content\/uploads\/2022\/04\/Brembo-apresenta-pinc\u0327as-de-trava\u0303o.jpg\" \/>\n\t<meta property=\"og:image:width\" content=\"1024\" \/>\n\t<meta property=\"og:image:height\" content=\"581\" \/>\n\t<meta property=\"og:image:type\" content=\"image\/jpeg\" \/>\n<meta name=\"author\" content=\"Reda\u00e7\u00e3o JO\" \/>\n<meta name=\"twitter:card\" content=\"summary_large_image\" \/>\n<meta name=\"twitter:creator\" content=\"@jornaloficinas\" \/>\n<meta name=\"twitter:site\" content=\"@jornaloficinas\" \/>\n<meta name=\"twitter:label1\" content=\"Escrito por\" \/>\n\t<meta name=\"twitter:data1\" content=\"Reda\u00e7\u00e3o JO\" \/>\n\t<meta name=\"twitter:label2\" content=\"Tempo estimado de leitura\" \/>\n\t<meta name=\"twitter:data2\" content=\"2 minutos\" \/>\n<script type=\"application\/ld+json\" class=\"yoast-schema-graph\">{\"@context\":\"https:\\\/\\\/schema.org\",\"@graph\":[{\"@type\":\"Article\",\"@id\":\"https:\\\/\\\/jornaldasoficinas.com\\\/pt\\\/brembo-apresenta-pincas-de-travao-para-comerciais-ligeiros\\\/#article\",\"isPartOf\":{\"@id\":\"https:\\\/\\\/jornaldasoficinas.com\\\/pt\\\/brembo-apresenta-pincas-de-travao-para-comerciais-ligeiros\\\/\"},\"author\":{\"name\":\"Reda\u00e7\u00e3o JO\",\"@id\":\"https:\\\/\\\/jornaldasoficinas.com\\\/pt\\\/#\\\/schema\\\/person\\\/a38eef5de2c41d9e7c9ac10141afddf3\"},\"headline\":\"Brembo apresenta pin\u00e7as de trav\u00e3o para comerciais ligeiros\",\"datePublished\":\"2022-04-27T13:00:51+00:00\",\"mainEntityOfPage\":{\"@id\":\"https:\\\/\\\/jornaldasoficinas.com\\\/pt\\\/brembo-apresenta-pincas-de-travao-para-comerciais-ligeiros\\\/\"},\"wordCount\":345,\"publisher\":{\"@id\":\"https:\\\/\\\/jornaldasoficinas.com\\\/pt\\\/#organization\"},\"image\":{\"@id\":\"https:\\\/\\\/jornaldasoficinas.com\\\/pt\\\/brembo-apresenta-pincas-de-travao-para-comerciais-ligeiros\\\/#primaryimage\"},\"thumbnailUrl\":\"https:\\\/\\\/jornaldasoficinas.com\\\/pt\\\/wp-content\\\/uploads\\\/2022\\\/04\\\/Brembo-apresenta-pinc\u0327as-de-trava\u0303o.jpg\",\"keywords\":[\"Brembo\"],\"articleSection\":[\"Empresas\"],\"inLanguage\":\"pt-PT\"},{\"@type\":\"WebPage\",\"@id\":\"https:\\\/\\\/jornaldasoficinas.com\\\/pt\\\/brembo-apresenta-pincas-de-travao-para-comerciais-ligeiros\\\/\",\"url\":\"https:\\\/\\\/jornaldasoficinas.com\\\/pt\\\/brembo-apresenta-pincas-de-travao-para-comerciais-ligeiros\\\/\",\"name\":\"Brembo apresenta pin\u00e7as de trav\u00e3o para comerciais ligeiros - Jornal das Oficinas\",\"isPartOf\":{\"@id\":\"https:\\\/\\\/jornaldasoficinas.com\\\/pt\\\/#website\"},\"primaryImageOfPage\":{\"@id\":\"https:\\\/\\\/jornaldasoficinas.com\\\/pt\\\/brembo-apresenta-pincas-de-travao-para-comerciais-ligeiros\\\/#primaryimage\"},\"image\":{\"@id\":\"https:\\\/\\\/jornaldasoficinas.com\\\/pt\\\/brembo-apresenta-pincas-de-travao-para-comerciais-ligeiros\\\/#primaryimage\"},\"thumbnailUrl\":\"https:\\\/\\\/jornaldasoficinas.com\\\/pt\\\/wp-content\\\/uploads\\\/2022\\\/04\\\/Brembo-apresenta-pinc\u0327as-de-trava\u0303o.jpg\",\"datePublished\":\"2022-04-27T13:00:51+00:00\",\"breadcrumb\":{\"@id\":\"https:\\\/\\\/jornaldasoficinas.com\\\/pt\\\/brembo-apresenta-pincas-de-travao-para-comerciais-ligeiros\\\/#breadcrumb\"},\"inLanguage\":\"pt-PT\",\"potentialAction\":[{\"@type\":\"ReadAction\",\"target\":[\"https:\\\/\\\/jornaldasoficinas.com\\\/pt\\\/brembo-apresenta-pincas-de-travao-para-comerciais-ligeiros\\\/\"]}]},{\"@type\":\"ImageObject\",\"inLanguage\":\"pt-PT\",\"@id\":\"https:\\\/\\\/jornaldasoficinas.com\\\/pt\\\/brembo-apresenta-pincas-de-travao-para-comerciais-ligeiros\\\/#primaryimage\",\"url\":\"https:\\\/\\\/jornaldasoficinas.com\\\/pt\\\/wp-content\\\/uploads\\\/2022\\\/04\\\/Brembo-apresenta-pinc\u0327as-de-trava\u0303o.jpg\",\"contentUrl\":\"https:\\\/\\\/jornaldasoficinas.com\\\/pt\\\/wp-content\\\/uploads\\\/2022\\\/04\\\/Brembo-apresenta-pinc\u0327as-de-trava\u0303o.jpg\",\"width\":1024,\"height\":581,\"caption\":\"04 - Brembo apresenta pinc\u0327as de trava\u0303o\"},{\"@type\":\"BreadcrumbList\",\"@id\":\"https:\\\/\\\/jornaldasoficinas.com\\\/pt\\\/brembo-apresenta-pincas-de-travao-para-comerciais-ligeiros\\\/#breadcrumb\",\"itemListElement\":[{\"@type\":\"ListItem\",\"position\":1,\"name\":\"In\u00edcio\",\"item\":\"https:\\\/\\\/jornaldasoficinas.com\\\/pt\\\/\"},{\"@type\":\"ListItem\",\"position\":2,\"name\":\"Brembo apresenta pin\u00e7as de trav\u00e3o para comerciais ligeiros\"}]},{\"@type\":\"WebSite\",\"@id\":\"https:\\\/\\\/jornaldasoficinas.com\\\/pt\\\/#website\",\"url\":\"https:\\\/\\\/jornaldasoficinas.com\\\/pt\\\/\",\"name\":\"Jornal das Oficinas\",\"description\":\"Jornal independente do Aftermarket Autom\u00f3vel em Portugal\",\"publisher\":{\"@id\":\"https:\\\/\\\/jornaldasoficinas.com\\\/pt\\\/#organization\"},\"potentialAction\":[{\"@type\":\"SearchAction\",\"target\":{\"@type\":\"EntryPoint\",\"urlTemplate\":\"https:\\\/\\\/jornaldasoficinas.com\\\/pt\\\/?s={search_term_string}\"},\"query-input\":{\"@type\":\"PropertyValueSpecification\",\"valueRequired\":true,\"valueName\":\"search_term_string\"}}],\"inLanguage\":\"pt-PT\"},{\"@type\":\"Organization\",\"@id\":\"https:\\\/\\\/jornaldasoficinas.com\\\/pt\\\/#organization\",\"name\":\"Jornal das Oficinas\",\"url\":\"https:\\\/\\\/jornaldasoficinas.com\\\/pt\\\/\",\"logo\":{\"@type\":\"ImageObject\",\"inLanguage\":\"pt-PT\",\"@id\":\"https:\\\/\\\/jornaldasoficinas.com\\\/pt\\\/#\\\/schema\\\/logo\\\/image\\\/\",\"url\":\"https:\\\/\\\/jornaldasoficinas.com\\\/pt\\\/wp-content\\\/uploads\\\/logoJO-SEO.png\",\"contentUrl\":\"https:\\\/\\\/jornaldasoficinas.com\\\/pt\\\/wp-content\\\/uploads\\\/logoJO-SEO.png\",\"width\":285,\"height\":450,\"caption\":\"Jornal das Oficinas\"},\"image\":{\"@id\":\"https:\\\/\\\/jornaldasoficinas.com\\\/pt\\\/#\\\/schema\\\/logo\\\/image\\\/\"},\"sameAs\":[\"https:\\\/\\\/www.facebook.com\\\/jornaloficinas\",\"https:\\\/\\\/x.com\\\/jornaloficinas\",\"https:\\\/\\\/www.instagram.com\\\/jornal_oficinas\\\/\",\"https:\\\/\\\/www.linkedin.com\\\/company\\\/jornal-das-oficinas\\\/\",\"https:\\\/\\\/www.youtube.com\\\/channel\\\/UCbQZBqtcvV-oSQrr7RzINGg\"]},{\"@type\":\"Person\",\"@id\":\"https:\\\/\\\/jornaldasoficinas.com\\\/pt\\\/#\\\/schema\\\/person\\\/a38eef5de2c41d9e7c9ac10141afddf3\",\"name\":\"Reda\u00e7\u00e3o JO\",\"image\":{\"@type\":\"ImageObject\",\"inLanguage\":\"pt-PT\",\"@id\":\"https:\\\/\\\/secure.gravatar.com\\\/avatar\\\/71f2fa71737ad68a84fea94bc708ddac8ea5b0c4788dc2ad202f3ccb2887742f?s=96&d=wp_user_avatar&r=g\",\"url\":\"https:\\\/\\\/secure.gravatar.com\\\/avatar\\\/71f2fa71737ad68a84fea94bc708ddac8ea5b0c4788dc2ad202f3ccb2887742f?s=96&d=wp_user_avatar&r=g\",\"contentUrl\":\"https:\\\/\\\/secure.gravatar.com\\\/avatar\\\/71f2fa71737ad68a84fea94bc708ddac8ea5b0c4788dc2ad202f3ccb2887742f?s=96&d=wp_user_avatar&r=g\",\"caption\":\"Reda\u00e7\u00e3o JO\"},\"url\":\"https:\\\/\\\/jornaldasoficinas.com\\\/pt\\\/author\\\/joredacao\\\/\"}]}<\/script>\n<!-- \/ Yoast SEO plugin. -->","yoast_head_json":{"title":"Brembo apresenta pin\u00e7as de trav\u00e3o para comerciais ligeiros - Jornal das Oficinas","robots":{"index":"index","follow":"follow","max-snippet":"max-snippet:-1","max-image-preview":"max-image-preview:large","max-video-preview":"max-video-preview:-1"},"canonical":"https:\/\/jornaldasoficinas.com\/pt\/brembo-apresenta-pincas-de-travao-para-comerciais-ligeiros\/","og_locale":"pt_PT","og_type":"article","og_title":"Brembo apresenta pin\u00e7as de trav\u00e3o para comerciais ligeiros - Jornal das Oficinas","og_description":"A Brembo apresentou na Motortec Madrid...","og_url":"https:\/\/jornaldasoficinas.com\/pt\/brembo-apresenta-pincas-de-travao-para-comerciais-ligeiros\/","og_site_name":"Jornal das Oficinas","article_publisher":"https:\/\/www.facebook.com\/jornaloficinas","article_published_time":"2022-04-27T13:00:51+00:00","og_image":[{"width":1024,"height":581,"url":"https:\/\/jornaldasoficinas.com\/pt\/wp-content\/uploads\/2022\/04\/Brembo-apresenta-pinc\u0327as-de-trava\u0303o.jpg","type":"image\/jpeg"}],"author":"Reda\u00e7\u00e3o JO","twitter_card":"summary_large_image","twitter_creator":"@jornaloficinas","twitter_site":"@jornaloficinas","twitter_misc":{"Escrito por":"Reda\u00e7\u00e3o JO","Tempo estimado de leitura":"2 minutos"},"schema":{"@context":"https:\/\/schema.org","@graph":[{"@type":"Article","@id":"https:\/\/jornaldasoficinas.com\/pt\/brembo-apresenta-pincas-de-travao-para-comerciais-ligeiros\/#article","isPartOf":{"@id":"https:\/\/jornaldasoficinas.com\/pt\/brembo-apresenta-pincas-de-travao-para-comerciais-ligeiros\/"},"author":{"name":"Reda\u00e7\u00e3o JO","@id":"https:\/\/jornaldasoficinas.com\/pt\/#\/schema\/person\/a38eef5de2c41d9e7c9ac10141afddf3"},"headline":"Brembo apresenta pin\u00e7as de trav\u00e3o para comerciais ligeiros","datePublished":"2022-04-27T13:00:51+00:00","mainEntityOfPage":{"@id":"https:\/\/jornaldasoficinas.com\/pt\/brembo-apresenta-pincas-de-travao-para-comerciais-ligeiros\/"},"wordCount":345,"publisher":{"@id":"https:\/\/jornaldasoficinas.com\/pt\/#organization"},"image":{"@id":"https:\/\/jornaldasoficinas.com\/pt\/brembo-apresenta-pincas-de-travao-para-comerciais-ligeiros\/#primaryimage"},"thumbnailUrl":"https:\/\/jornaldasoficinas.com\/pt\/wp-content\/uploads\/2022\/04\/Brembo-apresenta-pinc\u0327as-de-trava\u0303o.jpg","keywords":["Brembo"],"articleSection":["Empresas"],"inLanguage":"pt-PT"},{"@type":"WebPage","@id":"https:\/\/jornaldasoficinas.com\/pt\/brembo-apresenta-pincas-de-travao-para-comerciais-ligeiros\/","url":"https:\/\/jornaldasoficinas.com\/pt\/brembo-apresenta-pincas-de-travao-para-comerciais-ligeiros\/","name":"Brembo apresenta pin\u00e7as de trav\u00e3o para comerciais ligeiros - Jornal das Oficinas","isPartOf":{"@id":"https:\/\/jornaldasoficinas.com\/pt\/#website"},"primaryImageOfPage":{"@id":"https:\/\/jornaldasoficinas.com\/pt\/brembo-apresenta-pincas-de-travao-para-comerciais-ligeiros\/#primaryimage"},"image":{"@id":"https:\/\/jornaldasoficinas.com\/pt\/brembo-apresenta-pincas-de-travao-para-comerciais-ligeiros\/#primaryimage"},"thumbnailUrl":"https:\/\/jornaldasoficinas.com\/pt\/wp-content\/uploads\/2022\/04\/Brembo-apresenta-pinc\u0327as-de-trava\u0303o.jpg","datePublished":"2022-04-27T13:00:51+00:00","breadcrumb":{"@id":"https:\/\/jornaldasoficinas.com\/pt\/brembo-apresenta-pincas-de-travao-para-comerciais-ligeiros\/#breadcrumb"},"inLanguage":"pt-PT","potentialAction":[{"@type":"ReadAction","target":["https:\/\/jornaldasoficinas.com\/pt\/brembo-apresenta-pincas-de-travao-para-comerciais-ligeiros\/"]}]},{"@type":"ImageObject","inLanguage":"pt-PT","@id":"https:\/\/jornaldasoficinas.com\/pt\/brembo-apresenta-pincas-de-travao-para-comerciais-ligeiros\/#primaryimage","url":"https:\/\/jornaldasoficinas.com\/pt\/wp-content\/uploads\/2022\/04\/Brembo-apresenta-pinc\u0327as-de-trava\u0303o.jpg","contentUrl":"https:\/\/jornaldasoficinas.com\/pt\/wp-content\/uploads\/2022\/04\/Brembo-apresenta-pinc\u0327as-de-trava\u0303o.jpg","width":1024,"height":581,"caption":"04 - Brembo apresenta pinc\u0327as de trava\u0303o"},{"@type":"BreadcrumbList","@id":"https:\/\/jornaldasoficinas.com\/pt\/brembo-apresenta-pincas-de-travao-para-comerciais-ligeiros\/#breadcrumb","itemListElement":[{"@type":"ListItem","position":1,"name":"In\u00edcio","item":"https:\/\/jornaldasoficinas.com\/pt\/"},{"@type":"ListItem","position":2,"name":"Brembo apresenta pin\u00e7as de trav\u00e3o para comerciais ligeiros"}]},{"@type":"WebSite","@id":"https:\/\/jornaldasoficinas.com\/pt\/#website","url":"https:\/\/jornaldasoficinas.com\/pt\/","name":"Jornal das Oficinas","description":"Jornal independente do Aftermarket Autom\u00f3vel em Portugal","publisher":{"@id":"https:\/\/jornaldasoficinas.com\/pt\/#organization"},"potentialAction":[{"@type":"SearchAction","target":{"@type":"EntryPoint","urlTemplate":"https:\/\/jornaldasoficinas.com\/pt\/?s={search_term_string}"},"query-input":{"@type":"PropertyValueSpecification","valueRequired":true,"valueName":"search_term_string"}}],"inLanguage":"pt-PT"},{"@type":"Organization","@id":"https:\/\/jornaldasoficinas.com\/pt\/#organization","name":"Jornal das Oficinas","url":"https:\/\/jornaldasoficinas.com\/pt\/","logo":{"@type":"ImageObject","inLanguage":"pt-PT","@id":"https:\/\/jornaldasoficinas.com\/pt\/#\/schema\/logo\/image\/","url":"https:\/\/jornaldasoficinas.com\/pt\/wp-content\/uploads\/logoJO-SEO.png","contentUrl":"https:\/\/jornaldasoficinas.com\/pt\/wp-content\/uploads\/logoJO-SEO.png","width":285,"height":450,"caption":"Jornal das Oficinas"},"image":{"@id":"https:\/\/jornaldasoficinas.com\/pt\/#\/schema\/logo\/image\/"},"sameAs":["https:\/\/www.facebook.com\/jornaloficinas","https:\/\/x.com\/jornaloficinas","https:\/\/www.instagram.com\/jornal_oficinas\/","https:\/\/www.linkedin.com\/company\/jornal-das-oficinas\/","https:\/\/www.youtube.com\/channel\/UCbQZBqtcvV-oSQrr7RzINGg"]},{"@type":"Person","@id":"https:\/\/jornaldasoficinas.com\/pt\/#\/schema\/person\/a38eef5de2c41d9e7c9ac10141afddf3","name":"Reda\u00e7\u00e3o JO","image":{"@type":"ImageObject","inLanguage":"pt-PT","@id":"https:\/\/secure.gravatar.com\/avatar\/71f2fa71737ad68a84fea94bc708ddac8ea5b0c4788dc2ad202f3ccb2887742f?s=96&d=wp_user_avatar&r=g","url":"https:\/\/secure.gravatar.com\/avatar\/71f2fa71737ad68a84fea94bc708ddac8ea5b0c4788dc2ad202f3ccb2887742f?s=96&d=wp_user_avatar&r=g","contentUrl":"https:\/\/secure.gravatar.com\/avatar\/71f2fa71737ad68a84fea94bc708ddac8ea5b0c4788dc2ad202f3ccb2887742f?s=96&d=wp_user_avatar&r=g","caption":"Reda\u00e7\u00e3o JO"},"url":"https:\/\/jornaldasoficinas.com\/pt\/author\/joredacao\/"}]}},"_links":{"self":[{"href":"https:\/\/jornaldasoficinas.com\/pt\/wp-json\/wp\/v2\/posts\/29254","targetHints":{"allow":["GET"]}}],"collection":[{"href":"https:\/\/jornaldasoficinas.com\/pt\/wp-json\/wp\/v2\/posts"}],"about":[{"href":"https:\/\/jornaldasoficinas.com\/pt\/wp-json\/wp\/v2\/types\/post"}],"author":[{"embeddable":true,"href":"https:\/\/jornaldasoficinas.com\/pt\/wp-json\/wp\/v2\/users\/15"}],"replies":[{"embeddable":true,"href":"https:\/\/jornaldasoficinas.com\/pt\/wp-json\/wp\/v2\/comments?post=29254"}],"version-history":[{"count":0,"href":"https:\/\/jornaldasoficinas.com\/pt\/wp-json\/wp\/v2\/posts\/29254\/revisions"}],"wp:featuredmedia":[{"embeddable":true,"href":"https:\/\/jornaldasoficinas.com\/pt\/wp-json\/wp\/v2\/media\/29238"}],"wp:attachment":[{"href":"https:\/\/jornaldasoficinas.com\/pt\/wp-json\/wp\/v2\/media?parent=29254"}],"wp:term":[{"taxonomy":"category","embeddable":true,"href":"https:\/\/jornaldasoficinas.com\/pt\/wp-json\/wp\/v2\/categories?post=29254"},{"taxonomy":"post_tag","embeddable":true,"href":"https:\/\/jornaldasoficinas.com\/pt\/wp-json\/wp\/v2\/tags?post=29254"}],"curies":[{"name":"wp","href":"https:\/\/api.w.org\/{rel}","templated":true}]}}