{"id":29271,"date":"2022-04-28T12:00:54","date_gmt":"2022-04-28T11:00:54","guid":{"rendered":"https:\/\/jornaldasoficinas.com\/pt\/?p=29271"},"modified":"2022-04-28T10:12:12","modified_gmt":"2022-04-28T09:12:12","slug":"basf-iberia-e-esade-reforcam-compromisso-com-o-talento","status":"publish","type":"post","link":"https:\/\/jornaldasoficinas.com\/pt\/basf-iberia-e-esade-reforcam-compromisso-com-o-talento\/","title":{"rendered":"BASF Iberia e Esade refor\u00e7am compromisso com o talento"},"content":{"rendered":"<p><img loading=\"lazy\" decoding=\"async\" class=\"size-full wp-image-29233\" src=\"https:\/\/jornaldasoficinas.com\/pt\/wp-content\/uploads\/2022\/04\/BASF-Iberia-e-Esade.jpg\" alt=\"04 - BASF Iberia e Esade\" width=\"1024\" height=\"581\" srcset=\"https:\/\/jornaldasoficinas.com\/pt\/wp-content\/uploads\/2022\/04\/BASF-Iberia-e-Esade.jpg 1024w, https:\/\/jornaldasoficinas.com\/pt\/wp-content\/uploads\/2022\/04\/BASF-Iberia-e-Esade-300x170.jpg 300w, https:\/\/jornaldasoficinas.com\/pt\/wp-content\/uploads\/2022\/04\/BASF-Iberia-e-Esade-150x85.jpg 150w, https:\/\/jornaldasoficinas.com\/pt\/wp-content\/uploads\/2022\/04\/BASF-Iberia-e-Esade-768x436.jpg 768w\" sizes=\"auto, (max-width: 1024px) 100vw, 1024px\" \/><\/p>\n<p><strong>A <a href=\"https:\/\/www.basf.com\/pt\/pt.html\" target=\"_blank\" rel=\"noopener\">BASF<\/a> Iberia e a <a href=\"https:\/\/www.esade.edu\/en\" target=\"_blank\" rel=\"noopener\">Esade<\/a> renovaram o seu acordo de colabora\u00e7\u00e3o pelo qual a empresa qu\u00edmica multinacional continuar\u00e1 a promover projetos de investiga\u00e7\u00e3o e debate social da C\u00e1tedra de Lideran\u00e7a e Sustentabilidade da institui\u00e7\u00e3o<\/strong><\/p>\n<p>A empresa qu\u00edmica ir\u00e1 promover projetos de investiga\u00e7\u00e3o e debate social da C\u00e1tedra Esade de Lideran\u00e7a e Sustentabilidade e ir\u00e1 refor\u00e7ar o Programa de Bolsas de Estudo para atrair talento e diversidade para a nova Licenciatura em Lideran\u00e7a Transformacional e Impacto Social da institui\u00e7\u00e3o.<\/p>\n<p>Al\u00e9m disso, a BASF ir\u00e1 colaborar com o Programa de Bolsas de Estudo Esade para promover a igualdade de oportunidades, inclus\u00e3o e diversidade na sala de aula, ajudando jovens talentosos com recursos econ\u00f3micos limitados a estudar o Grau Esade em Lideran\u00e7a Transformacional e Impacto Social.<\/p>\n<p>O director-geral da BASF em Espanha, Carles Navarro, salientou a import\u00e2ncia de promover e refor\u00e7ar a colabora\u00e7\u00e3o entre o sector educativo e o mundo empresarial e &#8220;com uma institui\u00e7\u00e3o t\u00e3o conhecida como Esade, e de o fazer com o objectivo de ligar o conhecimento acad\u00e9mico \u00e0 contribui\u00e7\u00e3o de uma sociedade mais justa e sustent\u00e1vel baseada na lideran\u00e7a&#8221;. Por seu lado, Olaya Garcia-Lancha, Directora de Desenvolvimento Institucional e Envolvimento no Esade, afirmou que &#8220;este acordo permite-nos refor\u00e7ar a liga\u00e7\u00e3o e colabora\u00e7\u00e3o que temos vindo a desenvolver com a BASF desde 2018 e, por outro lado, refor\u00e7ar a nossa miss\u00e3o de nos tornarmos um agente de mudan\u00e7a atrav\u00e9s da forma\u00e7\u00e3o, atraindo diversos talentos, investiga\u00e7\u00e3o e debate social&#8221;.<\/p>\n<p><strong>Impulsionar a investiga\u00e7\u00e3o e o debate social<br \/>\n<\/strong>A colabora\u00e7\u00e3o com a C\u00e1tedra de Lideran\u00e7a e Sustentabilidade continuar\u00e1 a refor\u00e7ar a rela\u00e7\u00e3o entre a BASF e a Esade, atrav\u00e9s da realiza\u00e7\u00e3o de f\u00f3runs e workshops de conhecimento entre estudantes, professores e profissionais da empresa; a divulga\u00e7\u00e3o de hist\u00f3rias de sucesso e hist\u00f3rias reais de lideran\u00e7a empresarial orientada para a sustentabilidade; e a promo\u00e7\u00e3o da forma\u00e7\u00e3o cont\u00ednua dos funcion\u00e1rios da BASF em desenvolvimento sustent\u00e1vel e Agenda 2030.<\/p>\n<p>Al\u00e9m disso, a BASF facilitar\u00e1 o acesso aos estudos da Licenciatura em Lideran\u00e7a Transformacional e Impacto Social, com a qual Esade pretende capacitar jovens e empres\u00e1rios com consci\u00eancia social para responder aos grandes desafios da sociedade. Este \u00e9 um novo programa universit\u00e1rio concebido para formar a pr\u00f3xima gera\u00e7\u00e3o de l\u00edderes empresariais e visa abordar os problemas e ambi\u00e7\u00f5es de uma gera\u00e7\u00e3o que apela a um novo mundo empresarial, fortemente empenhada na sustentabilidade e no ambiente, e no bem-estar das pessoas e da sociedade. A primeira turma de gradua\u00e7\u00e3o deste ano inclui 44 estudantes de 27 pa\u00edses.<\/p>\n<p><strong>A forma\u00e7\u00e3o em sustentabilidade como eixo fundamental<br \/>\n<\/strong>O compromisso abrangente da Esade em incluir a sustentabilidade ambiental e social como eixo fundamental da sua actividade acad\u00e9mica foi reconhecido como a &#8220;Melhor Pr\u00e1tica Circular no Mundo Acad\u00e9mico&#8221; na 2\u00aa edi\u00e7\u00e3o dos Pr\u00e9mios BASF. Especificamente, para o desenvolvimento e implementa\u00e7\u00e3o na escola de uma s\u00e9rie de itiner\u00e1rios de forma\u00e7\u00e3o em que a economia circular e a sustentabilidade s\u00e3o o foco principal. Estes itiner\u00e1rios come\u00e7am durante os programas de gradua\u00e7\u00e3o, com o tema Sustentabilidade, Neg\u00f3cios e Valores, continuando com os Projectos de Grau Final e tornando-se mais especializados com os mestrados, atrav\u00e9s de uma Tese (investiga\u00e7\u00e3o) ou Projecto In-Company, centrada numa empresa, ONG ou institui\u00e7\u00e3o (consultoria).<\/p>\n","protected":false},"excerpt":{"rendered":"<p>A BASF Iberia e a Esade&#8230;<\/p>\n","protected":false},"author":15,"featured_media":29233,"comment_status":"closed","ping_status":"closed","sticky":false,"template":"","format":"standard","meta":{"footnotes":""},"categories":[2],"tags":[247,2852],"class_list":["post-29271","post","type-post","status-publish","format-standard","has-post-thumbnail","hentry","category-repintura","tag-basf","tag-esade"],"yoast_head":"<!-- This site is optimized with the Yoast SEO plugin v27.4 - https:\/\/yoast.com\/product\/yoast-seo-wordpress\/ -->\n<title>BASF Iberia e Esade refor\u00e7am compromisso com o talento - Jornal das Oficinas<\/title>\n<meta name=\"robots\" content=\"index, follow, max-snippet:-1, max-image-preview:large, max-video-preview:-1\" \/>\n<link rel=\"canonical\" href=\"https:\/\/jornaldasoficinas.com\/pt\/basf-iberia-e-esade-reforcam-compromisso-com-o-talento\/\" \/>\n<meta property=\"og:locale\" content=\"pt_PT\" \/>\n<meta property=\"og:type\" content=\"article\" \/>\n<meta property=\"og:title\" content=\"BASF Iberia e Esade refor\u00e7am compromisso com o talento - Jornal das Oficinas\" \/>\n<meta property=\"og:description\" content=\"A BASF Iberia e a Esade...\" \/>\n<meta property=\"og:url\" content=\"https:\/\/jornaldasoficinas.com\/pt\/basf-iberia-e-esade-reforcam-compromisso-com-o-talento\/\" \/>\n<meta property=\"og:site_name\" content=\"Jornal das Oficinas\" \/>\n<meta property=\"article:publisher\" content=\"https:\/\/www.facebook.com\/jornaloficinas\" \/>\n<meta property=\"article:published_time\" content=\"2022-04-28T11:00:54+00:00\" \/>\n<meta property=\"og:image\" content=\"https:\/\/jornaldasoficinas.com\/pt\/wp-content\/uploads\/2022\/04\/BASF-Iberia-e-Esade.jpg\" \/>\n\t<meta property=\"og:image:width\" content=\"1024\" \/>\n\t<meta property=\"og:image:height\" content=\"581\" \/>\n\t<meta property=\"og:image:type\" content=\"image\/jpeg\" \/>\n<meta name=\"author\" content=\"Reda\u00e7\u00e3o JO\" \/>\n<meta name=\"twitter:card\" content=\"summary_large_image\" \/>\n<meta name=\"twitter:creator\" content=\"@jornaloficinas\" \/>\n<meta name=\"twitter:site\" content=\"@jornaloficinas\" \/>\n<meta name=\"twitter:label1\" content=\"Escrito por\" \/>\n\t<meta name=\"twitter:data1\" content=\"Reda\u00e7\u00e3o JO\" \/>\n\t<meta name=\"twitter:label2\" content=\"Tempo estimado de leitura\" \/>\n\t<meta name=\"twitter:data2\" content=\"3 minutos\" \/>\n<script type=\"application\/ld+json\" class=\"yoast-schema-graph\">{\"@context\":\"https:\\\/\\\/schema.org\",\"@graph\":[{\"@type\":\"Article\",\"@id\":\"https:\\\/\\\/jornaldasoficinas.com\\\/pt\\\/basf-iberia-e-esade-reforcam-compromisso-com-o-talento\\\/#article\",\"isPartOf\":{\"@id\":\"https:\\\/\\\/jornaldasoficinas.com\\\/pt\\\/basf-iberia-e-esade-reforcam-compromisso-com-o-talento\\\/\"},\"author\":{\"name\":\"Reda\u00e7\u00e3o JO\",\"@id\":\"https:\\\/\\\/jornaldasoficinas.com\\\/pt\\\/#\\\/schema\\\/person\\\/a38eef5de2c41d9e7c9ac10141afddf3\"},\"headline\":\"BASF Iberia e Esade refor\u00e7am compromisso com o talento\",\"datePublished\":\"2022-04-28T11:00:54+00:00\",\"mainEntityOfPage\":{\"@id\":\"https:\\\/\\\/jornaldasoficinas.com\\\/pt\\\/basf-iberia-e-esade-reforcam-compromisso-com-o-talento\\\/\"},\"wordCount\":609,\"publisher\":{\"@id\":\"https:\\\/\\\/jornaldasoficinas.com\\\/pt\\\/#organization\"},\"image\":{\"@id\":\"https:\\\/\\\/jornaldasoficinas.com\\\/pt\\\/basf-iberia-e-esade-reforcam-compromisso-com-o-talento\\\/#primaryimage\"},\"thumbnailUrl\":\"https:\\\/\\\/jornaldasoficinas.com\\\/pt\\\/wp-content\\\/uploads\\\/2022\\\/04\\\/BASF-Iberia-e-Esade.jpg\",\"keywords\":[\"BASF\",\"Esade\"],\"articleSection\":[\"Repintura\"],\"inLanguage\":\"pt-PT\"},{\"@type\":\"WebPage\",\"@id\":\"https:\\\/\\\/jornaldasoficinas.com\\\/pt\\\/basf-iberia-e-esade-reforcam-compromisso-com-o-talento\\\/\",\"url\":\"https:\\\/\\\/jornaldasoficinas.com\\\/pt\\\/basf-iberia-e-esade-reforcam-compromisso-com-o-talento\\\/\",\"name\":\"BASF Iberia e Esade refor\u00e7am compromisso com o talento - Jornal das Oficinas\",\"isPartOf\":{\"@id\":\"https:\\\/\\\/jornaldasoficinas.com\\\/pt\\\/#website\"},\"primaryImageOfPage\":{\"@id\":\"https:\\\/\\\/jornaldasoficinas.com\\\/pt\\\/basf-iberia-e-esade-reforcam-compromisso-com-o-talento\\\/#primaryimage\"},\"image\":{\"@id\":\"https:\\\/\\\/jornaldasoficinas.com\\\/pt\\\/basf-iberia-e-esade-reforcam-compromisso-com-o-talento\\\/#primaryimage\"},\"thumbnailUrl\":\"https:\\\/\\\/jornaldasoficinas.com\\\/pt\\\/wp-content\\\/uploads\\\/2022\\\/04\\\/BASF-Iberia-e-Esade.jpg\",\"datePublished\":\"2022-04-28T11:00:54+00:00\",\"breadcrumb\":{\"@id\":\"https:\\\/\\\/jornaldasoficinas.com\\\/pt\\\/basf-iberia-e-esade-reforcam-compromisso-com-o-talento\\\/#breadcrumb\"},\"inLanguage\":\"pt-PT\",\"potentialAction\":[{\"@type\":\"ReadAction\",\"target\":[\"https:\\\/\\\/jornaldasoficinas.com\\\/pt\\\/basf-iberia-e-esade-reforcam-compromisso-com-o-talento\\\/\"]}]},{\"@type\":\"ImageObject\",\"inLanguage\":\"pt-PT\",\"@id\":\"https:\\\/\\\/jornaldasoficinas.com\\\/pt\\\/basf-iberia-e-esade-reforcam-compromisso-com-o-talento\\\/#primaryimage\",\"url\":\"https:\\\/\\\/jornaldasoficinas.com\\\/pt\\\/wp-content\\\/uploads\\\/2022\\\/04\\\/BASF-Iberia-e-Esade.jpg\",\"contentUrl\":\"https:\\\/\\\/jornaldasoficinas.com\\\/pt\\\/wp-content\\\/uploads\\\/2022\\\/04\\\/BASF-Iberia-e-Esade.jpg\",\"width\":1024,\"height\":581,\"caption\":\"Esade y BASF refuerzan su compromiso con el talento\"},{\"@type\":\"BreadcrumbList\",\"@id\":\"https:\\\/\\\/jornaldasoficinas.com\\\/pt\\\/basf-iberia-e-esade-reforcam-compromisso-com-o-talento\\\/#breadcrumb\",\"itemListElement\":[{\"@type\":\"ListItem\",\"position\":1,\"name\":\"In\u00edcio\",\"item\":\"https:\\\/\\\/jornaldasoficinas.com\\\/pt\\\/\"},{\"@type\":\"ListItem\",\"position\":2,\"name\":\"BASF Iberia e Esade refor\u00e7am compromisso com o talento\"}]},{\"@type\":\"WebSite\",\"@id\":\"https:\\\/\\\/jornaldasoficinas.com\\\/pt\\\/#website\",\"url\":\"https:\\\/\\\/jornaldasoficinas.com\\\/pt\\\/\",\"name\":\"Jornal das Oficinas\",\"description\":\"Jornal independente do Aftermarket Autom\u00f3vel em Portugal\",\"publisher\":{\"@id\":\"https:\\\/\\\/jornaldasoficinas.com\\\/pt\\\/#organization\"},\"potentialAction\":[{\"@type\":\"SearchAction\",\"target\":{\"@type\":\"EntryPoint\",\"urlTemplate\":\"https:\\\/\\\/jornaldasoficinas.com\\\/pt\\\/?s={search_term_string}\"},\"query-input\":{\"@type\":\"PropertyValueSpecification\",\"valueRequired\":true,\"valueName\":\"search_term_string\"}}],\"inLanguage\":\"pt-PT\"},{\"@type\":\"Organization\",\"@id\":\"https:\\\/\\\/jornaldasoficinas.com\\\/pt\\\/#organization\",\"name\":\"Jornal das Oficinas\",\"url\":\"https:\\\/\\\/jornaldasoficinas.com\\\/pt\\\/\",\"logo\":{\"@type\":\"ImageObject\",\"inLanguage\":\"pt-PT\",\"@id\":\"https:\\\/\\\/jornaldasoficinas.com\\\/pt\\\/#\\\/schema\\\/logo\\\/image\\\/\",\"url\":\"https:\\\/\\\/jornaldasoficinas.com\\\/pt\\\/wp-content\\\/uploads\\\/logoJO-SEO.png\",\"contentUrl\":\"https:\\\/\\\/jornaldasoficinas.com\\\/pt\\\/wp-content\\\/uploads\\\/logoJO-SEO.png\",\"width\":285,\"height\":450,\"caption\":\"Jornal das Oficinas\"},\"image\":{\"@id\":\"https:\\\/\\\/jornaldasoficinas.com\\\/pt\\\/#\\\/schema\\\/logo\\\/image\\\/\"},\"sameAs\":[\"https:\\\/\\\/www.facebook.com\\\/jornaloficinas\",\"https:\\\/\\\/x.com\\\/jornaloficinas\",\"https:\\\/\\\/www.instagram.com\\\/jornal_oficinas\\\/\",\"https:\\\/\\\/www.linkedin.com\\\/company\\\/jornal-das-oficinas\\\/\",\"https:\\\/\\\/www.youtube.com\\\/channel\\\/UCbQZBqtcvV-oSQrr7RzINGg\"]},{\"@type\":\"Person\",\"@id\":\"https:\\\/\\\/jornaldasoficinas.com\\\/pt\\\/#\\\/schema\\\/person\\\/a38eef5de2c41d9e7c9ac10141afddf3\",\"name\":\"Reda\u00e7\u00e3o JO\",\"image\":{\"@type\":\"ImageObject\",\"inLanguage\":\"pt-PT\",\"@id\":\"https:\\\/\\\/secure.gravatar.com\\\/avatar\\\/71f2fa71737ad68a84fea94bc708ddac8ea5b0c4788dc2ad202f3ccb2887742f?s=96&d=wp_user_avatar&r=g\",\"url\":\"https:\\\/\\\/secure.gravatar.com\\\/avatar\\\/71f2fa71737ad68a84fea94bc708ddac8ea5b0c4788dc2ad202f3ccb2887742f?s=96&d=wp_user_avatar&r=g\",\"contentUrl\":\"https:\\\/\\\/secure.gravatar.com\\\/avatar\\\/71f2fa71737ad68a84fea94bc708ddac8ea5b0c4788dc2ad202f3ccb2887742f?s=96&d=wp_user_avatar&r=g\",\"caption\":\"Reda\u00e7\u00e3o JO\"},\"url\":\"https:\\\/\\\/jornaldasoficinas.com\\\/pt\\\/author\\\/joredacao\\\/\"}]}<\/script>\n<!-- \/ Yoast SEO plugin. -->","yoast_head_json":{"title":"BASF Iberia e Esade refor\u00e7am compromisso com o talento - Jornal das Oficinas","robots":{"index":"index","follow":"follow","max-snippet":"max-snippet:-1","max-image-preview":"max-image-preview:large","max-video-preview":"max-video-preview:-1"},"canonical":"https:\/\/jornaldasoficinas.com\/pt\/basf-iberia-e-esade-reforcam-compromisso-com-o-talento\/","og_locale":"pt_PT","og_type":"article","og_title":"BASF Iberia e Esade refor\u00e7am compromisso com o talento - Jornal das Oficinas","og_description":"A BASF Iberia e a Esade...","og_url":"https:\/\/jornaldasoficinas.com\/pt\/basf-iberia-e-esade-reforcam-compromisso-com-o-talento\/","og_site_name":"Jornal das Oficinas","article_publisher":"https:\/\/www.facebook.com\/jornaloficinas","article_published_time":"2022-04-28T11:00:54+00:00","og_image":[{"width":1024,"height":581,"url":"https:\/\/jornaldasoficinas.com\/pt\/wp-content\/uploads\/2022\/04\/BASF-Iberia-e-Esade.jpg","type":"image\/jpeg"}],"author":"Reda\u00e7\u00e3o JO","twitter_card":"summary_large_image","twitter_creator":"@jornaloficinas","twitter_site":"@jornaloficinas","twitter_misc":{"Escrito por":"Reda\u00e7\u00e3o JO","Tempo estimado de leitura":"3 minutos"},"schema":{"@context":"https:\/\/schema.org","@graph":[{"@type":"Article","@id":"https:\/\/jornaldasoficinas.com\/pt\/basf-iberia-e-esade-reforcam-compromisso-com-o-talento\/#article","isPartOf":{"@id":"https:\/\/jornaldasoficinas.com\/pt\/basf-iberia-e-esade-reforcam-compromisso-com-o-talento\/"},"author":{"name":"Reda\u00e7\u00e3o JO","@id":"https:\/\/jornaldasoficinas.com\/pt\/#\/schema\/person\/a38eef5de2c41d9e7c9ac10141afddf3"},"headline":"BASF Iberia e Esade refor\u00e7am compromisso com o talento","datePublished":"2022-04-28T11:00:54+00:00","mainEntityOfPage":{"@id":"https:\/\/jornaldasoficinas.com\/pt\/basf-iberia-e-esade-reforcam-compromisso-com-o-talento\/"},"wordCount":609,"publisher":{"@id":"https:\/\/jornaldasoficinas.com\/pt\/#organization"},"image":{"@id":"https:\/\/jornaldasoficinas.com\/pt\/basf-iberia-e-esade-reforcam-compromisso-com-o-talento\/#primaryimage"},"thumbnailUrl":"https:\/\/jornaldasoficinas.com\/pt\/wp-content\/uploads\/2022\/04\/BASF-Iberia-e-Esade.jpg","keywords":["BASF","Esade"],"articleSection":["Repintura"],"inLanguage":"pt-PT"},{"@type":"WebPage","@id":"https:\/\/jornaldasoficinas.com\/pt\/basf-iberia-e-esade-reforcam-compromisso-com-o-talento\/","url":"https:\/\/jornaldasoficinas.com\/pt\/basf-iberia-e-esade-reforcam-compromisso-com-o-talento\/","name":"BASF Iberia e Esade refor\u00e7am compromisso com o talento - Jornal das Oficinas","isPartOf":{"@id":"https:\/\/jornaldasoficinas.com\/pt\/#website"},"primaryImageOfPage":{"@id":"https:\/\/jornaldasoficinas.com\/pt\/basf-iberia-e-esade-reforcam-compromisso-com-o-talento\/#primaryimage"},"image":{"@id":"https:\/\/jornaldasoficinas.com\/pt\/basf-iberia-e-esade-reforcam-compromisso-com-o-talento\/#primaryimage"},"thumbnailUrl":"https:\/\/jornaldasoficinas.com\/pt\/wp-content\/uploads\/2022\/04\/BASF-Iberia-e-Esade.jpg","datePublished":"2022-04-28T11:00:54+00:00","breadcrumb":{"@id":"https:\/\/jornaldasoficinas.com\/pt\/basf-iberia-e-esade-reforcam-compromisso-com-o-talento\/#breadcrumb"},"inLanguage":"pt-PT","potentialAction":[{"@type":"ReadAction","target":["https:\/\/jornaldasoficinas.com\/pt\/basf-iberia-e-esade-reforcam-compromisso-com-o-talento\/"]}]},{"@type":"ImageObject","inLanguage":"pt-PT","@id":"https:\/\/jornaldasoficinas.com\/pt\/basf-iberia-e-esade-reforcam-compromisso-com-o-talento\/#primaryimage","url":"https:\/\/jornaldasoficinas.com\/pt\/wp-content\/uploads\/2022\/04\/BASF-Iberia-e-Esade.jpg","contentUrl":"https:\/\/jornaldasoficinas.com\/pt\/wp-content\/uploads\/2022\/04\/BASF-Iberia-e-Esade.jpg","width":1024,"height":581,"caption":"Esade y BASF refuerzan su compromiso con el talento"},{"@type":"BreadcrumbList","@id":"https:\/\/jornaldasoficinas.com\/pt\/basf-iberia-e-esade-reforcam-compromisso-com-o-talento\/#breadcrumb","itemListElement":[{"@type":"ListItem","position":1,"name":"In\u00edcio","item":"https:\/\/jornaldasoficinas.com\/pt\/"},{"@type":"ListItem","position":2,"name":"BASF Iberia e Esade refor\u00e7am compromisso com o talento"}]},{"@type":"WebSite","@id":"https:\/\/jornaldasoficinas.com\/pt\/#website","url":"https:\/\/jornaldasoficinas.com\/pt\/","name":"Jornal das Oficinas","description":"Jornal independente do Aftermarket Autom\u00f3vel em Portugal","publisher":{"@id":"https:\/\/jornaldasoficinas.com\/pt\/#organization"},"potentialAction":[{"@type":"SearchAction","target":{"@type":"EntryPoint","urlTemplate":"https:\/\/jornaldasoficinas.com\/pt\/?s={search_term_string}"},"query-input":{"@type":"PropertyValueSpecification","valueRequired":true,"valueName":"search_term_string"}}],"inLanguage":"pt-PT"},{"@type":"Organization","@id":"https:\/\/jornaldasoficinas.com\/pt\/#organization","name":"Jornal das Oficinas","url":"https:\/\/jornaldasoficinas.com\/pt\/","logo":{"@type":"ImageObject","inLanguage":"pt-PT","@id":"https:\/\/jornaldasoficinas.com\/pt\/#\/schema\/logo\/image\/","url":"https:\/\/jornaldasoficinas.com\/pt\/wp-content\/uploads\/logoJO-SEO.png","contentUrl":"https:\/\/jornaldasoficinas.com\/pt\/wp-content\/uploads\/logoJO-SEO.png","width":285,"height":450,"caption":"Jornal das Oficinas"},"image":{"@id":"https:\/\/jornaldasoficinas.com\/pt\/#\/schema\/logo\/image\/"},"sameAs":["https:\/\/www.facebook.com\/jornaloficinas","https:\/\/x.com\/jornaloficinas","https:\/\/www.instagram.com\/jornal_oficinas\/","https:\/\/www.linkedin.com\/company\/jornal-das-oficinas\/","https:\/\/www.youtube.com\/channel\/UCbQZBqtcvV-oSQrr7RzINGg"]},{"@type":"Person","@id":"https:\/\/jornaldasoficinas.com\/pt\/#\/schema\/person\/a38eef5de2c41d9e7c9ac10141afddf3","name":"Reda\u00e7\u00e3o JO","image":{"@type":"ImageObject","inLanguage":"pt-PT","@id":"https:\/\/secure.gravatar.com\/avatar\/71f2fa71737ad68a84fea94bc708ddac8ea5b0c4788dc2ad202f3ccb2887742f?s=96&d=wp_user_avatar&r=g","url":"https:\/\/secure.gravatar.com\/avatar\/71f2fa71737ad68a84fea94bc708ddac8ea5b0c4788dc2ad202f3ccb2887742f?s=96&d=wp_user_avatar&r=g","contentUrl":"https:\/\/secure.gravatar.com\/avatar\/71f2fa71737ad68a84fea94bc708ddac8ea5b0c4788dc2ad202f3ccb2887742f?s=96&d=wp_user_avatar&r=g","caption":"Reda\u00e7\u00e3o JO"},"url":"https:\/\/jornaldasoficinas.com\/pt\/author\/joredacao\/"}]}},"_links":{"self":[{"href":"https:\/\/jornaldasoficinas.com\/pt\/wp-json\/wp\/v2\/posts\/29271","targetHints":{"allow":["GET"]}}],"collection":[{"href":"https:\/\/jornaldasoficinas.com\/pt\/wp-json\/wp\/v2\/posts"}],"about":[{"href":"https:\/\/jornaldasoficinas.com\/pt\/wp-json\/wp\/v2\/types\/post"}],"author":[{"embeddable":true,"href":"https:\/\/jornaldasoficinas.com\/pt\/wp-json\/wp\/v2\/users\/15"}],"replies":[{"embeddable":true,"href":"https:\/\/jornaldasoficinas.com\/pt\/wp-json\/wp\/v2\/comments?post=29271"}],"version-history":[{"count":0,"href":"https:\/\/jornaldasoficinas.com\/pt\/wp-json\/wp\/v2\/posts\/29271\/revisions"}],"wp:featuredmedia":[{"embeddable":true,"href":"https:\/\/jornaldasoficinas.com\/pt\/wp-json\/wp\/v2\/media\/29233"}],"wp:attachment":[{"href":"https:\/\/jornaldasoficinas.com\/pt\/wp-json\/wp\/v2\/media?parent=29271"}],"wp:term":[{"taxonomy":"category","embeddable":true,"href":"https:\/\/jornaldasoficinas.com\/pt\/wp-json\/wp\/v2\/categories?post=29271"},{"taxonomy":"post_tag","embeddable":true,"href":"https:\/\/jornaldasoficinas.com\/pt\/wp-json\/wp\/v2\/tags?post=29271"}],"curies":[{"name":"wp","href":"https:\/\/api.w.org\/{rel}","templated":true}]}}