{"id":29289,"date":"2022-04-28T13:00:00","date_gmt":"2022-04-28T12:00:00","guid":{"rendered":"https:\/\/jornaldasoficinas.com\/pt\/?p=29289"},"modified":"2022-04-28T12:07:57","modified_gmt":"2022-04-28T11:07:57","slug":"eni-acelera-estrategia-de-gas-para-abastecer-europa","status":"publish","type":"post","link":"https:\/\/jornaldasoficinas.com\/pt\/eni-acelera-estrategia-de-gas-para-abastecer-europa\/","title":{"rendered":"Eni acelera estrat\u00e9gia de g\u00e1s para abastecer Europa"},"content":{"rendered":"<p><strong><img loading=\"lazy\" decoding=\"async\" class=\"alignnone size-full wp-image-29237\" src=\"https:\/\/jornaldasoficinas.com\/pt\/wp-content\/uploads\/2022\/04\/Eni-acelera-estrate\u0301gia-de-ga\u0301s.jpg\" alt=\"04 - Eni acelera estrate\u0301gia de ga\u0301s\" width=\"1024\" height=\"581\" srcset=\"https:\/\/jornaldasoficinas.com\/pt\/wp-content\/uploads\/2022\/04\/Eni-acelera-estrate\u0301gia-de-ga\u0301s.jpg 1024w, https:\/\/jornaldasoficinas.com\/pt\/wp-content\/uploads\/2022\/04\/Eni-acelera-estrate\u0301gia-de-ga\u0301s-300x170.jpg 300w, https:\/\/jornaldasoficinas.com\/pt\/wp-content\/uploads\/2022\/04\/Eni-acelera-estrate\u0301gia-de-ga\u0301s-150x85.jpg 150w, https:\/\/jornaldasoficinas.com\/pt\/wp-content\/uploads\/2022\/04\/Eni-acelera-estrate\u0301gia-de-ga\u0301s-768x436.jpg 768w\" sizes=\"auto, (max-width: 1024px) 100vw, 1024px\" \/><\/strong><\/p>\n<p><strong>O portef\u00f3lio da <a href=\"https:\/\/www.sintetica.enilubes.com\/\" target=\"_blank\" rel=\"noopener\">Eni<\/a> \u00e9 \u00fanico na medida em que tem op\u00e7\u00f5es de condutas e de GNL para o fornecimento adicional de g\u00e1s natural \u00e0 Europa. A empresa reagiu mais rapidamente entre os seus pares para mudar a atividade para fornecimento de g\u00e1s<\/strong><\/p>\n<p>Este impulso do g\u00e1s tamb\u00e9m se adequa \u00e0 estrat\u00e9gia da Eni a longo prazo, a qual vislumbra um grande papel para o g\u00e1s \u00e0 medida que a empresa reduz as emiss\u00f5es no seu portef\u00f3lio.<\/p>\n<p><strong>Problema<br \/>\n<\/strong>Enquanto a Europa se apressa para substituir as importa\u00e7\u00f5es de energia da R\u00fassia, empresas europeias como a Eni tentam oferecer op\u00e7\u00f5es aos governos que procuram por novas fontes de g\u00e1s. Os produtores est\u00e3o a revisitar \u00e1reas dos portef\u00f3lios que foram recentemente negligenciadas e est\u00e3o a considerar novos projetos de forma acelerada. Apesar do potencial para novas oportunidades, a Eni e outras empresas ainda ter\u00e3o de pesar os desafios financeiros e log\u00edsticos envolvidos em obter g\u00e1s adicional para os mercados europeus de forma rent\u00e1vel.<\/p>\n<p><strong>\u00a0<\/strong><strong>Reabastecer o Fornecimento de G\u00e1s \u00e0 Europa<br \/>\n<\/strong>A necessidade de novas fontes de g\u00e1s \u00e9 especialmente cr\u00edtica em It\u00e1lia, que depende da R\u00fassia em cerca de 40% do seu fornecimento. A Eni tem sido r\u00e1pida a responder aos pedidos para fontes diversificadas de g\u00e1s e possui um portef\u00f3lio \u00fanico de projetos que \u00e9 capaz de fornecer g\u00e1s \u00e0 Europa, tanto atrav\u00e9s das condutas atuais como de GNL. O CEO da Eni, Claudio Descalzi, estima que a empresa possui 50 trili\u00f5es de metros c\u00fabicos de reservas que poderiam ser aproveitadas nos pr\u00f3ximos tr\u00eas anos para aumentar os volumes dispon\u00edveis para a Europa.<\/p>\n<p>\u201cCome\u00e7\u00e1mos a interagir imediatamente assim que a guerra come\u00e7ou\u2026 com pa\u00edses onde produzimos,\u201d disse ele a investidores numa apresenta\u00e7\u00e3o da estrat\u00e9gia no m\u00eas passado. \u201cE isso \u00e9 importante porque estamos a falar sobre a possibilidade de produzir as nossas reservas de forma r\u00e1pida.\u201d<\/p>\n<p>O chefe da Eni upstream, Christian Signoretto, estima que a empresa poderia produzir adicionalmente 50.000 barris equivalentes de petr\u00f3leo por dia (bep\/d) em 2025 \u2013 ou cerca de 300 milh\u00f5es de metros c\u00fabicos de g\u00e1s natural \u2013 com um aumento de menos de 5% aos 7 bili\u00f5es de d\u00f3lares do plano de despesa.<\/p>\n<p>Descalzi disse recentemente numa confer\u00eancia da ind\u00fastria que o aumento de g\u00e1s dos projetos \u201c\u00e9 para o nosso pa\u00eds, para a It\u00e1lia.\u201d Mas o impulso do g\u00e1s tamb\u00e9m se adequa perfeitamente \u00e0 estrat\u00e9gia da Eni, a qual vislumbra a participa\u00e7\u00e3o do combust\u00edvel na produ\u00e7\u00e3o total da empresa aumentar de 52% no ano passado para 60% em 2030 e 90% em 2040.<\/p>\n<p><strong>Op\u00e7\u00f5es de Condutas<br \/>\n<\/strong>O portef\u00f3lio da Eni inclui uma variedade de campos e perspetivas que est\u00e3o diretamente ligadas a It\u00e1lia ou ao continente europeu em geral atrav\u00e9s das condutas atualmente existentes.<\/p>\n<p>A empresa possui um grande portef\u00f3lio de projetos de g\u00e1s natural no norte de \u00c1frica, apesar da guerra civil na L\u00edbia e da falta de investimento na Alg\u00e9ria terem levado \u00e0 diminui\u00e7\u00e3o da produ\u00e7\u00e3o na regi\u00e3o em mais de 50% nos \u00faltimos cinco anos. A agita\u00e7\u00e3o cont\u00ednua na L\u00edbia provoca incerteza, na melhor das hip\u00f3teses, para qualquer aumento da produ\u00e7\u00e3o na regi\u00e3o. Existem oportunidades para reverter o decl\u00ednio na Alg\u00e9ria, mas isso exigir\u00e1 o arranque de um setor upstream que estagnou nos \u00faltimos anos.<\/p>\n<p>Descalzi visitou o Primeiro-Ministro da Alg\u00e9ria, Aymen Benabderrahmane, e o Ministro da Energia, Mohamed Arkab, esta semana para discutir o aumento de volumes atrav\u00e9s do gasoduto TransMed\/Enrico Mattei, incluindo o acelerar do projeto de expans\u00e3o Berkine South. \u201cN\u00f3s temos capacidade extra no gasoduto argelino,\u201d disse Descalzi aos investidores.<\/p>\n<p>Para al\u00e9m do norte de \u00c1frica, a Eni tem op\u00e7\u00f5es para a produ\u00e7\u00e3o europeia aut\u00f3ctone atrav\u00e9s do seu portef\u00f3lio offshore italiano e do seu interesse em a\u00e7\u00f5es da independente Var Energi no offshore da Noruega. Em It\u00e1lia, o projeto Cassiopeia trar\u00e1 cerca de 160 MMcf de g\u00e1s dos campos Argo e Cassiopeia no offshore da Sic\u00edlia a partir do pr\u00f3ximo ano.<\/p>\n<p>A Var, que recentemente realizou uma oferta p\u00fablica inicial bem-sucedida, planeia aumentar a produ\u00e7\u00e3o atual de 250.000 bep\/d para 350.000 bep\/d em 2025, com o g\u00e1s a representar cerca de 37% do total.<\/p>\n<p><strong>A Expans\u00e3o do GNL<br \/>\n<\/strong>A Eni tem vindo a investir fortemente no seu portef\u00f3lio de GNL, especialmente em \u00c1frica, e existe potencial para impulsionar a oferta de novos projetos e de instala\u00e7\u00f5es j\u00e1 existentes<\/p>\n<p>O objetivo da empresa \u00e9 ter mais de 15 milh\u00f5es de toneladas por ano de GNL no seu portef\u00f3lio em 2025, um pouco menos acima dos 11 milh\u00f5es de toneladas em 2021. \u201cO GNL vem de algum GNL que possu\u00edmos e que iremos desviar para a Europa\u201d, disse Descalzi.<\/p>\n<p>A instala\u00e7\u00e3o flutuante de GNL, Coral Sul, no offshore de Mo\u00e7ambique, deve atingir este ano a capacidade de 3,4 milh\u00f5es de toneladas por ano. A Eni \u00e9 acionista de capital deste cons\u00f3rcio, mas a BP \u2013 que tamb\u00e9m disse que iria trabalhar para ajudar a cobrir o g\u00e1s russo na Europa \u2013 contratou toda a oferta da instala\u00e7\u00e3o num acordo de 20 anos.<\/p>\n<p>A Eni est\u00e1 a acelerar um desenvolvimento \u00fanico de GNL de at\u00e9 7 Tcf de reservas encontradas no offshore do Congo (Brazzaville). O projeto ir\u00e1 utilizar liquefa\u00e7\u00e3o flutuante para colocar em funcionamento uma instala\u00e7\u00e3o com capacidade anual de 2 milh\u00f5es de toneladas em 2024. Toda esta produ\u00e7\u00e3o ser\u00e1 vendida num mercado bastante ativo a pronto pagamento, onde os pre\u00e7os persistentemente elevados do g\u00e1s europeu devem continuar a atrair cargas flex\u00edveis.<\/p>\n<p>Em Angola, a Eni anunciou que estava a visar o primeiro projeto do pa\u00eds n\u00e3o-associado a g\u00e1s atra v\u00e9s do rec\u00e9m-formado Azule Energy, um cons\u00f3rcio com a BP. Os volumes do projeto v\u00e3o ajudar a alimentar a instala\u00e7\u00e3o de GNL de Angola, que est\u00e1 a funcionar a cerca de 50% da sua capacidade nominal de 5,2 milh\u00f5es de toneladas por ano nos primeiros dois meses de 2022, conforme dados do banco de investimento JPMorgan.<\/p>\n<p>No Egito, a produ\u00e7\u00e3o de g\u00e1s natural da Eni quase duplicou nos \u00faltimos cinco anos para cerca de 42 milh\u00f5es de metros c\u00fabicos por dia, impulsionada pela enorme descoberta de Zohr no mar Mediterr\u00e2neo. Este aumento ajudou a Eni a impulsionar os volumes da reiniciada instala\u00e7\u00e3o de liquefa\u00e7\u00e3o de Damietta para mais de 350% no primeiro trimestre em compara\u00e7\u00e3o com o mesmo per\u00edodo um ano antes, de acordo com as estimativas da JPMorgan. Os dados de rastreamento de navios mostram que a maioria das cargas no primeiro trimestre atracou na Europa, incluindo terminais em It\u00e1lia, Turquia e Gr\u00e9cia. A Eni planeia vender cerca de 50 cargas de Damietta neste ano, assumindo que a instala\u00e7\u00e3o esteja a funcionar a 70% da sua capacidade nominal de 5,2 milh\u00f5es de toneladas por ano.<\/p>\n","protected":false},"excerpt":{"rendered":"<p>O portef\u00f3lio da Eni \u00e9 \u00fanico&#8230;<\/p>\n","protected":false},"author":15,"featured_media":29237,"comment_status":"closed","ping_status":"closed","sticky":false,"template":"","format":"standard","meta":{"footnotes":""},"categories":[29],"tags":[70],"class_list":["post-29289","post","type-post","status-publish","format-standard","has-post-thumbnail","hentry","category-empresas","tag-eni"],"yoast_head":"<!-- This site is optimized with the Yoast SEO plugin v27.4 - https:\/\/yoast.com\/product\/yoast-seo-wordpress\/ -->\n<title>Eni acelera estrat\u00e9gia de g\u00e1s para abastecer Europa - Jornal das Oficinas<\/title>\n<meta name=\"robots\" content=\"index, follow, max-snippet:-1, max-image-preview:large, max-video-preview:-1\" \/>\n<link rel=\"canonical\" href=\"https:\/\/jornaldasoficinas.com\/pt\/eni-acelera-estrategia-de-gas-para-abastecer-europa\/\" \/>\n<meta property=\"og:locale\" content=\"pt_PT\" \/>\n<meta property=\"og:type\" content=\"article\" \/>\n<meta property=\"og:title\" content=\"Eni acelera estrat\u00e9gia de g\u00e1s para abastecer Europa - Jornal das Oficinas\" \/>\n<meta property=\"og:description\" content=\"O portef\u00f3lio da Eni \u00e9 \u00fanico...\" \/>\n<meta property=\"og:url\" content=\"https:\/\/jornaldasoficinas.com\/pt\/eni-acelera-estrategia-de-gas-para-abastecer-europa\/\" \/>\n<meta property=\"og:site_name\" content=\"Jornal das Oficinas\" \/>\n<meta property=\"article:publisher\" content=\"https:\/\/www.facebook.com\/jornaloficinas\" \/>\n<meta property=\"article:published_time\" content=\"2022-04-28T12:00:00+00:00\" \/>\n<meta property=\"og:image\" content=\"https:\/\/jornaldasoficinas.com\/pt\/wp-content\/uploads\/2022\/04\/Eni-acelera-estrate\u0301gia-de-ga\u0301s.jpg\" \/>\n\t<meta property=\"og:image:width\" content=\"1024\" \/>\n\t<meta property=\"og:image:height\" content=\"581\" \/>\n\t<meta property=\"og:image:type\" content=\"image\/jpeg\" \/>\n<meta name=\"author\" content=\"Reda\u00e7\u00e3o JO\" \/>\n<meta name=\"twitter:card\" content=\"summary_large_image\" \/>\n<meta name=\"twitter:creator\" content=\"@jornaloficinas\" \/>\n<meta name=\"twitter:site\" content=\"@jornaloficinas\" \/>\n<meta name=\"twitter:label1\" content=\"Escrito por\" \/>\n\t<meta name=\"twitter:data1\" content=\"Reda\u00e7\u00e3o JO\" \/>\n\t<meta name=\"twitter:label2\" content=\"Tempo estimado de leitura\" \/>\n\t<meta name=\"twitter:data2\" content=\"6 minutos\" \/>\n<script type=\"application\/ld+json\" class=\"yoast-schema-graph\">{\"@context\":\"https:\\\/\\\/schema.org\",\"@graph\":[{\"@type\":\"Article\",\"@id\":\"https:\\\/\\\/jornaldasoficinas.com\\\/pt\\\/eni-acelera-estrategia-de-gas-para-abastecer-europa\\\/#article\",\"isPartOf\":{\"@id\":\"https:\\\/\\\/jornaldasoficinas.com\\\/pt\\\/eni-acelera-estrategia-de-gas-para-abastecer-europa\\\/\"},\"author\":{\"name\":\"Reda\u00e7\u00e3o JO\",\"@id\":\"https:\\\/\\\/jornaldasoficinas.com\\\/pt\\\/#\\\/schema\\\/person\\\/a38eef5de2c41d9e7c9ac10141afddf3\"},\"headline\":\"Eni acelera estrat\u00e9gia de g\u00e1s para abastecer Europa\",\"datePublished\":\"2022-04-28T12:00:00+00:00\",\"mainEntityOfPage\":{\"@id\":\"https:\\\/\\\/jornaldasoficinas.com\\\/pt\\\/eni-acelera-estrategia-de-gas-para-abastecer-europa\\\/\"},\"wordCount\":1198,\"publisher\":{\"@id\":\"https:\\\/\\\/jornaldasoficinas.com\\\/pt\\\/#organization\"},\"image\":{\"@id\":\"https:\\\/\\\/jornaldasoficinas.com\\\/pt\\\/eni-acelera-estrategia-de-gas-para-abastecer-europa\\\/#primaryimage\"},\"thumbnailUrl\":\"https:\\\/\\\/jornaldasoficinas.com\\\/pt\\\/wp-content\\\/uploads\\\/2022\\\/04\\\/Eni-acelera-estrate\u0301gia-de-ga\u0301s.jpg\",\"keywords\":[\"Eni\"],\"articleSection\":[\"Empresas\"],\"inLanguage\":\"pt-PT\"},{\"@type\":\"WebPage\",\"@id\":\"https:\\\/\\\/jornaldasoficinas.com\\\/pt\\\/eni-acelera-estrategia-de-gas-para-abastecer-europa\\\/\",\"url\":\"https:\\\/\\\/jornaldasoficinas.com\\\/pt\\\/eni-acelera-estrategia-de-gas-para-abastecer-europa\\\/\",\"name\":\"Eni acelera estrat\u00e9gia de g\u00e1s para abastecer Europa - Jornal das Oficinas\",\"isPartOf\":{\"@id\":\"https:\\\/\\\/jornaldasoficinas.com\\\/pt\\\/#website\"},\"primaryImageOfPage\":{\"@id\":\"https:\\\/\\\/jornaldasoficinas.com\\\/pt\\\/eni-acelera-estrategia-de-gas-para-abastecer-europa\\\/#primaryimage\"},\"image\":{\"@id\":\"https:\\\/\\\/jornaldasoficinas.com\\\/pt\\\/eni-acelera-estrategia-de-gas-para-abastecer-europa\\\/#primaryimage\"},\"thumbnailUrl\":\"https:\\\/\\\/jornaldasoficinas.com\\\/pt\\\/wp-content\\\/uploads\\\/2022\\\/04\\\/Eni-acelera-estrate\u0301gia-de-ga\u0301s.jpg\",\"datePublished\":\"2022-04-28T12:00:00+00:00\",\"breadcrumb\":{\"@id\":\"https:\\\/\\\/jornaldasoficinas.com\\\/pt\\\/eni-acelera-estrategia-de-gas-para-abastecer-europa\\\/#breadcrumb\"},\"inLanguage\":\"pt-PT\",\"potentialAction\":[{\"@type\":\"ReadAction\",\"target\":[\"https:\\\/\\\/jornaldasoficinas.com\\\/pt\\\/eni-acelera-estrategia-de-gas-para-abastecer-europa\\\/\"]}]},{\"@type\":\"ImageObject\",\"inLanguage\":\"pt-PT\",\"@id\":\"https:\\\/\\\/jornaldasoficinas.com\\\/pt\\\/eni-acelera-estrategia-de-gas-para-abastecer-europa\\\/#primaryimage\",\"url\":\"https:\\\/\\\/jornaldasoficinas.com\\\/pt\\\/wp-content\\\/uploads\\\/2022\\\/04\\\/Eni-acelera-estrate\u0301gia-de-ga\u0301s.jpg\",\"contentUrl\":\"https:\\\/\\\/jornaldasoficinas.com\\\/pt\\\/wp-content\\\/uploads\\\/2022\\\/04\\\/Eni-acelera-estrate\u0301gia-de-ga\u0301s.jpg\",\"width\":1024,\"height\":581,\"caption\":\"04 - Eni acelera estrate\u0301gia de ga\u0301s\"},{\"@type\":\"BreadcrumbList\",\"@id\":\"https:\\\/\\\/jornaldasoficinas.com\\\/pt\\\/eni-acelera-estrategia-de-gas-para-abastecer-europa\\\/#breadcrumb\",\"itemListElement\":[{\"@type\":\"ListItem\",\"position\":1,\"name\":\"In\u00edcio\",\"item\":\"https:\\\/\\\/jornaldasoficinas.com\\\/pt\\\/\"},{\"@type\":\"ListItem\",\"position\":2,\"name\":\"Eni acelera estrat\u00e9gia de g\u00e1s para abastecer Europa\"}]},{\"@type\":\"WebSite\",\"@id\":\"https:\\\/\\\/jornaldasoficinas.com\\\/pt\\\/#website\",\"url\":\"https:\\\/\\\/jornaldasoficinas.com\\\/pt\\\/\",\"name\":\"Jornal das Oficinas\",\"description\":\"Jornal independente do Aftermarket Autom\u00f3vel em Portugal\",\"publisher\":{\"@id\":\"https:\\\/\\\/jornaldasoficinas.com\\\/pt\\\/#organization\"},\"potentialAction\":[{\"@type\":\"SearchAction\",\"target\":{\"@type\":\"EntryPoint\",\"urlTemplate\":\"https:\\\/\\\/jornaldasoficinas.com\\\/pt\\\/?s={search_term_string}\"},\"query-input\":{\"@type\":\"PropertyValueSpecification\",\"valueRequired\":true,\"valueName\":\"search_term_string\"}}],\"inLanguage\":\"pt-PT\"},{\"@type\":\"Organization\",\"@id\":\"https:\\\/\\\/jornaldasoficinas.com\\\/pt\\\/#organization\",\"name\":\"Jornal das Oficinas\",\"url\":\"https:\\\/\\\/jornaldasoficinas.com\\\/pt\\\/\",\"logo\":{\"@type\":\"ImageObject\",\"inLanguage\":\"pt-PT\",\"@id\":\"https:\\\/\\\/jornaldasoficinas.com\\\/pt\\\/#\\\/schema\\\/logo\\\/image\\\/\",\"url\":\"https:\\\/\\\/jornaldasoficinas.com\\\/pt\\\/wp-content\\\/uploads\\\/logoJO-SEO.png\",\"contentUrl\":\"https:\\\/\\\/jornaldasoficinas.com\\\/pt\\\/wp-content\\\/uploads\\\/logoJO-SEO.png\",\"width\":285,\"height\":450,\"caption\":\"Jornal das Oficinas\"},\"image\":{\"@id\":\"https:\\\/\\\/jornaldasoficinas.com\\\/pt\\\/#\\\/schema\\\/logo\\\/image\\\/\"},\"sameAs\":[\"https:\\\/\\\/www.facebook.com\\\/jornaloficinas\",\"https:\\\/\\\/x.com\\\/jornaloficinas\",\"https:\\\/\\\/www.instagram.com\\\/jornal_oficinas\\\/\",\"https:\\\/\\\/www.linkedin.com\\\/company\\\/jornal-das-oficinas\\\/\",\"https:\\\/\\\/www.youtube.com\\\/channel\\\/UCbQZBqtcvV-oSQrr7RzINGg\"]},{\"@type\":\"Person\",\"@id\":\"https:\\\/\\\/jornaldasoficinas.com\\\/pt\\\/#\\\/schema\\\/person\\\/a38eef5de2c41d9e7c9ac10141afddf3\",\"name\":\"Reda\u00e7\u00e3o JO\",\"image\":{\"@type\":\"ImageObject\",\"inLanguage\":\"pt-PT\",\"@id\":\"https:\\\/\\\/secure.gravatar.com\\\/avatar\\\/71f2fa71737ad68a84fea94bc708ddac8ea5b0c4788dc2ad202f3ccb2887742f?s=96&d=wp_user_avatar&r=g\",\"url\":\"https:\\\/\\\/secure.gravatar.com\\\/avatar\\\/71f2fa71737ad68a84fea94bc708ddac8ea5b0c4788dc2ad202f3ccb2887742f?s=96&d=wp_user_avatar&r=g\",\"contentUrl\":\"https:\\\/\\\/secure.gravatar.com\\\/avatar\\\/71f2fa71737ad68a84fea94bc708ddac8ea5b0c4788dc2ad202f3ccb2887742f?s=96&d=wp_user_avatar&r=g\",\"caption\":\"Reda\u00e7\u00e3o JO\"},\"url\":\"https:\\\/\\\/jornaldasoficinas.com\\\/pt\\\/author\\\/joredacao\\\/\"}]}<\/script>\n<!-- \/ Yoast SEO plugin. -->","yoast_head_json":{"title":"Eni acelera estrat\u00e9gia de g\u00e1s para abastecer Europa - Jornal das Oficinas","robots":{"index":"index","follow":"follow","max-snippet":"max-snippet:-1","max-image-preview":"max-image-preview:large","max-video-preview":"max-video-preview:-1"},"canonical":"https:\/\/jornaldasoficinas.com\/pt\/eni-acelera-estrategia-de-gas-para-abastecer-europa\/","og_locale":"pt_PT","og_type":"article","og_title":"Eni acelera estrat\u00e9gia de g\u00e1s para abastecer Europa - Jornal das Oficinas","og_description":"O portef\u00f3lio da Eni \u00e9 \u00fanico...","og_url":"https:\/\/jornaldasoficinas.com\/pt\/eni-acelera-estrategia-de-gas-para-abastecer-europa\/","og_site_name":"Jornal das Oficinas","article_publisher":"https:\/\/www.facebook.com\/jornaloficinas","article_published_time":"2022-04-28T12:00:00+00:00","og_image":[{"width":1024,"height":581,"url":"https:\/\/jornaldasoficinas.com\/pt\/wp-content\/uploads\/2022\/04\/Eni-acelera-estrate\u0301gia-de-ga\u0301s.jpg","type":"image\/jpeg"}],"author":"Reda\u00e7\u00e3o JO","twitter_card":"summary_large_image","twitter_creator":"@jornaloficinas","twitter_site":"@jornaloficinas","twitter_misc":{"Escrito por":"Reda\u00e7\u00e3o JO","Tempo estimado de leitura":"6 minutos"},"schema":{"@context":"https:\/\/schema.org","@graph":[{"@type":"Article","@id":"https:\/\/jornaldasoficinas.com\/pt\/eni-acelera-estrategia-de-gas-para-abastecer-europa\/#article","isPartOf":{"@id":"https:\/\/jornaldasoficinas.com\/pt\/eni-acelera-estrategia-de-gas-para-abastecer-europa\/"},"author":{"name":"Reda\u00e7\u00e3o JO","@id":"https:\/\/jornaldasoficinas.com\/pt\/#\/schema\/person\/a38eef5de2c41d9e7c9ac10141afddf3"},"headline":"Eni acelera estrat\u00e9gia de g\u00e1s para abastecer Europa","datePublished":"2022-04-28T12:00:00+00:00","mainEntityOfPage":{"@id":"https:\/\/jornaldasoficinas.com\/pt\/eni-acelera-estrategia-de-gas-para-abastecer-europa\/"},"wordCount":1198,"publisher":{"@id":"https:\/\/jornaldasoficinas.com\/pt\/#organization"},"image":{"@id":"https:\/\/jornaldasoficinas.com\/pt\/eni-acelera-estrategia-de-gas-para-abastecer-europa\/#primaryimage"},"thumbnailUrl":"https:\/\/jornaldasoficinas.com\/pt\/wp-content\/uploads\/2022\/04\/Eni-acelera-estrate\u0301gia-de-ga\u0301s.jpg","keywords":["Eni"],"articleSection":["Empresas"],"inLanguage":"pt-PT"},{"@type":"WebPage","@id":"https:\/\/jornaldasoficinas.com\/pt\/eni-acelera-estrategia-de-gas-para-abastecer-europa\/","url":"https:\/\/jornaldasoficinas.com\/pt\/eni-acelera-estrategia-de-gas-para-abastecer-europa\/","name":"Eni acelera estrat\u00e9gia de g\u00e1s para abastecer Europa - Jornal das Oficinas","isPartOf":{"@id":"https:\/\/jornaldasoficinas.com\/pt\/#website"},"primaryImageOfPage":{"@id":"https:\/\/jornaldasoficinas.com\/pt\/eni-acelera-estrategia-de-gas-para-abastecer-europa\/#primaryimage"},"image":{"@id":"https:\/\/jornaldasoficinas.com\/pt\/eni-acelera-estrategia-de-gas-para-abastecer-europa\/#primaryimage"},"thumbnailUrl":"https:\/\/jornaldasoficinas.com\/pt\/wp-content\/uploads\/2022\/04\/Eni-acelera-estrate\u0301gia-de-ga\u0301s.jpg","datePublished":"2022-04-28T12:00:00+00:00","breadcrumb":{"@id":"https:\/\/jornaldasoficinas.com\/pt\/eni-acelera-estrategia-de-gas-para-abastecer-europa\/#breadcrumb"},"inLanguage":"pt-PT","potentialAction":[{"@type":"ReadAction","target":["https:\/\/jornaldasoficinas.com\/pt\/eni-acelera-estrategia-de-gas-para-abastecer-europa\/"]}]},{"@type":"ImageObject","inLanguage":"pt-PT","@id":"https:\/\/jornaldasoficinas.com\/pt\/eni-acelera-estrategia-de-gas-para-abastecer-europa\/#primaryimage","url":"https:\/\/jornaldasoficinas.com\/pt\/wp-content\/uploads\/2022\/04\/Eni-acelera-estrate\u0301gia-de-ga\u0301s.jpg","contentUrl":"https:\/\/jornaldasoficinas.com\/pt\/wp-content\/uploads\/2022\/04\/Eni-acelera-estrate\u0301gia-de-ga\u0301s.jpg","width":1024,"height":581,"caption":"04 - Eni acelera estrate\u0301gia de ga\u0301s"},{"@type":"BreadcrumbList","@id":"https:\/\/jornaldasoficinas.com\/pt\/eni-acelera-estrategia-de-gas-para-abastecer-europa\/#breadcrumb","itemListElement":[{"@type":"ListItem","position":1,"name":"In\u00edcio","item":"https:\/\/jornaldasoficinas.com\/pt\/"},{"@type":"ListItem","position":2,"name":"Eni acelera estrat\u00e9gia de g\u00e1s para abastecer Europa"}]},{"@type":"WebSite","@id":"https:\/\/jornaldasoficinas.com\/pt\/#website","url":"https:\/\/jornaldasoficinas.com\/pt\/","name":"Jornal das Oficinas","description":"Jornal independente do Aftermarket Autom\u00f3vel em Portugal","publisher":{"@id":"https:\/\/jornaldasoficinas.com\/pt\/#organization"},"potentialAction":[{"@type":"SearchAction","target":{"@type":"EntryPoint","urlTemplate":"https:\/\/jornaldasoficinas.com\/pt\/?s={search_term_string}"},"query-input":{"@type":"PropertyValueSpecification","valueRequired":true,"valueName":"search_term_string"}}],"inLanguage":"pt-PT"},{"@type":"Organization","@id":"https:\/\/jornaldasoficinas.com\/pt\/#organization","name":"Jornal das Oficinas","url":"https:\/\/jornaldasoficinas.com\/pt\/","logo":{"@type":"ImageObject","inLanguage":"pt-PT","@id":"https:\/\/jornaldasoficinas.com\/pt\/#\/schema\/logo\/image\/","url":"https:\/\/jornaldasoficinas.com\/pt\/wp-content\/uploads\/logoJO-SEO.png","contentUrl":"https:\/\/jornaldasoficinas.com\/pt\/wp-content\/uploads\/logoJO-SEO.png","width":285,"height":450,"caption":"Jornal das Oficinas"},"image":{"@id":"https:\/\/jornaldasoficinas.com\/pt\/#\/schema\/logo\/image\/"},"sameAs":["https:\/\/www.facebook.com\/jornaloficinas","https:\/\/x.com\/jornaloficinas","https:\/\/www.instagram.com\/jornal_oficinas\/","https:\/\/www.linkedin.com\/company\/jornal-das-oficinas\/","https:\/\/www.youtube.com\/channel\/UCbQZBqtcvV-oSQrr7RzINGg"]},{"@type":"Person","@id":"https:\/\/jornaldasoficinas.com\/pt\/#\/schema\/person\/a38eef5de2c41d9e7c9ac10141afddf3","name":"Reda\u00e7\u00e3o JO","image":{"@type":"ImageObject","inLanguage":"pt-PT","@id":"https:\/\/secure.gravatar.com\/avatar\/71f2fa71737ad68a84fea94bc708ddac8ea5b0c4788dc2ad202f3ccb2887742f?s=96&d=wp_user_avatar&r=g","url":"https:\/\/secure.gravatar.com\/avatar\/71f2fa71737ad68a84fea94bc708ddac8ea5b0c4788dc2ad202f3ccb2887742f?s=96&d=wp_user_avatar&r=g","contentUrl":"https:\/\/secure.gravatar.com\/avatar\/71f2fa71737ad68a84fea94bc708ddac8ea5b0c4788dc2ad202f3ccb2887742f?s=96&d=wp_user_avatar&r=g","caption":"Reda\u00e7\u00e3o JO"},"url":"https:\/\/jornaldasoficinas.com\/pt\/author\/joredacao\/"}]}},"_links":{"self":[{"href":"https:\/\/jornaldasoficinas.com\/pt\/wp-json\/wp\/v2\/posts\/29289","targetHints":{"allow":["GET"]}}],"collection":[{"href":"https:\/\/jornaldasoficinas.com\/pt\/wp-json\/wp\/v2\/posts"}],"about":[{"href":"https:\/\/jornaldasoficinas.com\/pt\/wp-json\/wp\/v2\/types\/post"}],"author":[{"embeddable":true,"href":"https:\/\/jornaldasoficinas.com\/pt\/wp-json\/wp\/v2\/users\/15"}],"replies":[{"embeddable":true,"href":"https:\/\/jornaldasoficinas.com\/pt\/wp-json\/wp\/v2\/comments?post=29289"}],"version-history":[{"count":0,"href":"https:\/\/jornaldasoficinas.com\/pt\/wp-json\/wp\/v2\/posts\/29289\/revisions"}],"wp:featuredmedia":[{"embeddable":true,"href":"https:\/\/jornaldasoficinas.com\/pt\/wp-json\/wp\/v2\/media\/29237"}],"wp:attachment":[{"href":"https:\/\/jornaldasoficinas.com\/pt\/wp-json\/wp\/v2\/media?parent=29289"}],"wp:term":[{"taxonomy":"category","embeddable":true,"href":"https:\/\/jornaldasoficinas.com\/pt\/wp-json\/wp\/v2\/categories?post=29289"},{"taxonomy":"post_tag","embeddable":true,"href":"https:\/\/jornaldasoficinas.com\/pt\/wp-json\/wp\/v2\/tags?post=29289"}],"curies":[{"name":"wp","href":"https:\/\/api.w.org\/{rel}","templated":true}]}}