{"id":29299,"date":"2022-05-01T20:00:27","date_gmt":"2022-05-01T19:00:27","guid":{"rendered":"https:\/\/jornaldasoficinas.com\/pt\/?p=29299"},"modified":"2022-05-01T20:49:21","modified_gmt":"2022-05-01T19:49:21","slug":"jornal-das-oficinas-de-maio-ja-disponivel-online","status":"publish","type":"post","link":"https:\/\/jornaldasoficinas.com\/pt\/jornal-das-oficinas-de-maio-ja-disponivel-online\/","title":{"rendered":"Jornal das Oficinas de maio j\u00e1 dispon\u00edvel online"},"content":{"rendered":"<p><img loading=\"lazy\" decoding=\"async\" class=\"alignnone size-full wp-image-29298\" src=\"https:\/\/jornaldasoficinas.com\/pt\/wp-content\/uploads\/2022\/04\/JODigital197.png\" alt=\"04 - JODigital197\" width=\"1024\" height=\"581\" srcset=\"https:\/\/jornaldasoficinas.com\/pt\/wp-content\/uploads\/2022\/04\/JODigital197.png 1024w, https:\/\/jornaldasoficinas.com\/pt\/wp-content\/uploads\/2022\/04\/JODigital197-300x170.png 300w, https:\/\/jornaldasoficinas.com\/pt\/wp-content\/uploads\/2022\/04\/JODigital197-150x85.png 150w, https:\/\/jornaldasoficinas.com\/pt\/wp-content\/uploads\/2022\/04\/JODigital197-768x436.png 768w\" sizes=\"auto, (max-width: 1024px) 100vw, 1024px\" \/><\/p>\n<p><strong>Na edi\u00e7\u00e3o de maio de 2022, o artigo de destaque \u00e9 sobre Estagi\u00e1rios nas oficinas. Um est\u00e1gio pode significar o in\u00edcio de uma nova vida. Aprender compet\u00eancias valiosas durante o trabalho e a forma\u00e7\u00e3o pode abrir todos os tipos de oportunidades novas e estimulantes e fazer parte dessa jornada para algu\u00e9m \u00e9 realmente muito especial<\/strong><\/p>\n<p>O sal\u00e3o <a href=\"https:\/\/www.ifema.es\/en\/motortec\" target=\"_blank\" rel=\"noopener\">Motortec Madrid 2022<\/a> ficar\u00e1 na mem\u00f3ria de todos como o grande evento do aftermarket ib\u00e9rico celebrado p\u00f3s-pandemia, sem obrigatoriedade de uso de m\u00e1scara. O ambiente esteve extraordin\u00e1rio, com stands repletos de visitantes interessados em conhecer as novas tend\u00eancias e expositores entusiasmados pela recetividade dos profissionais aos seus produtos e servi\u00e7os.<\/p>\n<p>A campanha <a href=\"https:\/\/www.reuseaftermarket.com\/\" target=\"_blank\" rel=\"noopener\">REUSE Aftermarket<\/a> deste m\u00eas \u00e9 dedicada \u00e0s pe\u00e7as reconstru\u00eddas. Ser\u00e1 que usar pe\u00e7as de autom\u00f3veis recondicionadas ou reconstru\u00eddas \u00e9 seguro? Esta \u00e9 seguramente uma das quest\u00f5es que os automobilistas colocam \u00e0s oficinas. Apesar de n\u00e3o serem pe\u00e7as novas, estas s\u00e3o de confian\u00e7a e do ponto de vista meramente econ\u00f3mico, as pe\u00e7as recondicionadas e reconstru\u00eddas, s\u00e3o efetivamente uma op\u00e7\u00e3o mais acess\u00edvel.<\/p>\n<p>O <a href=\"https:\/\/www.challengeoficinas.pt\/\" target=\"_blank\" rel=\"noopener\">Challenge Oficinas 2022<\/a> entrou na 2\u00aa fase de avalia\u00e7\u00e3o. Os seis selecionados para a final est\u00e3o apurados e os t\u00e9cnicos da T Academy est\u00e3o no terreno a avaliar os conhecimentos de cada oficina para eleger as tr\u00eas finalistas.<\/p>\n<p>O artigo de atualidade \u00e9 dedicado \u00e0 Campanha El Recambiazo 2022. Durante este m\u00eas de maio est\u00e1 em vigor a campanha El Recambiazo, uma das a\u00e7\u00f5es mais representativas dos parceiros <a href=\"https:\/\/aserautomotive.com\/\" target=\"_blank\" rel=\"noopener\">ASER<\/a>, e um reflexo fiel do AND da Central de Servi\u00e7os ASER e dos seus valores: Proximidade, Comunica\u00e7\u00e3o, Inova\u00e7\u00e3o e Transpar\u00eancia.<\/p>\n<p>Bruno Nunes, gerente da <a href=\"https:\/\/www.motorportugal.pt\/\" target=\"_blank\" rel=\"noopener\">MotorPortugal<\/a>, empresa representante do conceituado grupo espanhol Asysum, apresenta toda a gama de produtos reconstru\u00eddos deste grupo, designadamente motores, cabe\u00e7as, turbos e caixas de velocidade. Um mercado que tem crescido nos \u00faltimos anos, mas onde impera ainda muito desconhecimento e d\u00favidas.<\/p>\n<p>O desafio de encontrar m\u00e3o de obra especializada parece ser cada vez maior e come\u00e7a a gerar-se preocupa\u00e7\u00e3o neste setor. O Jornal das Oficinas visitou as instala\u00e7\u00f5es da <a href=\"https:\/\/www.movetec.pt\/\" target=\"_blank\" rel=\"noopener\">Movetec<\/a>, onde Bruno Salgado e Bruna Rocha falaram sobre as dificuldades que t\u00eam tido na empresa que gerem no concelho da Maia.<\/p>\n<p>Fernanda Miguel, administradora da <a href=\"https:\/\/createbysandia.pt\/\" target=\"_blank\" rel=\"noopener\">Create by Sandia<\/a>, est\u00e1 na dianteira da comercializa\u00e7\u00e3o e distribui\u00e7\u00e3o de pe\u00e7as e acess\u00f3rios para autom\u00f3veis no Sul de Portugal. No in\u00edcio deste ano alterou a denomina\u00e7\u00e3o para Create by Sandia, como forma de uniformiza\u00e7\u00e3o da imagem.<\/p>\n<p>Numa fase em que nos libertamos a pouco e pouco da pandemia, mas que, em simult\u00e2neo, a guerra na Ucr\u00e2nia come\u00e7a a \u00abfazer mossa\u00bb no setor aftermarket, o Jornal das oficinas foi conversar com Jorge Lopo Cancella de Abreu, Managing Partner da<a href=\"https:\/\/team-up-international-training.negocio.site\/\" target=\"_blank\" rel=\"noopener\"> Team-Up International Training &amp; Consulting<\/a>, para saber o que h\u00e1 a fazer pelo futuro do neg\u00f3cio, e o que significa passar do \u201cp\u00f3s-venda para o p\u00f3s-compra\u201d<\/p>\n<p>Como resistir \u00e0 crise econ\u00f3mica. Neste artigo de gest\u00e3o explicamos como colaboradores felizes e produtivos podem contribuir para o sucesso da empresa. \u00c0 luz do panorama econ\u00f3mico atual, \u00e9 mais importante do que nunca que as empresas tenham colaboradores felizes e produtivos. E quando tem uma for\u00e7a de trabalho feliz e produtiva que est\u00e1 desejosa por contribuir, a sua empresa consegue resistir a qualquer crise econ\u00f3mica.<\/p>\n<p>Nem todas as estrat\u00e9gias de marketing se destinam a atrair clientes. Nalguns casos, a sua fun\u00e7\u00e3o \u00e9 fideliz\u00e1-los. \u00c9 esse o caso do marketing relacional, que \u00e9 o tema de outro artigo sobre gest\u00e3o publicado nesta edi\u00e7\u00e3o. Neste trabalho indicamos como pode implementar o marketing relacional na sua oficina para tirar o m\u00e1ximo proveito do mesmo e aumentar as suas vantagens.<\/p>\n<p><a href=\"https:\/\/www.oficinasmforce.pt\/\" target=\"_blank\" rel=\"noopener\">MForce Lab<\/a> \u00e9 a Oficina do M\u00eas de maio. \u00c9 um conceito inovador da rede oficinal MForce e pretende complementar a capacidade t\u00e9cnica do grupo com uma solu\u00e7\u00e3o integrada, para servi\u00e7os de repara\u00e7\u00e3o de maior envergadura.<\/p>\n<p>A <a href=\"https:\/\/www.europart.net\/pt\" target=\"_blank\" rel=\"noopener\">Europart<\/a> apresentou o seu mais recente produto, as c\u00e9lulas solares da Green Energy, uma solu\u00e7\u00e3o que converte energia solar de forma economicamente vi\u00e1vel e sustent\u00e1vel, amiga do ambiente e economizadora de combust\u00edvel para cami\u00f5es, carrinhas, autocarros e barcos.<\/p>\n<p>No artigo dedicado \u00e0 T\u00e9cnica &amp; Servi\u00e7o explicamos como evitar os defeitos de pintura. S\u00e3o muitos os fatores que influenciam o acabamento obtido ap\u00f3s uma repintura e entre eles encontram-se as condi\u00e7\u00f5es ambientais de temperatura e humidade presentes durante o armazenamento, prepara\u00e7\u00e3o, aplica\u00e7\u00e3o e secagem da tinta. N\u00e3o ter em conta ou n\u00e3o controlar de forma adequada estes fatores pode provocar o surgimento de defeitos na pel\u00edcula de tinta.<\/p>\n<p>Desejamos uma boa leitura e at\u00e9 ao pr\u00f3ximo JO.<\/p>\n<p><iframe loading=\"lazy\" src=\"https:\/\/www.yumpu.com\/pt\/embed\/view\/XaHD3ALyN6bqprO9\" width=\"620px\" height=\"526px\" frameborder=\"0\" allowfullscreen=\"allowfullscreen\"><\/iframe><\/p>\n","protected":false},"excerpt":{"rendered":"<p>Na edi\u00e7\u00e3o de maio de 2022,&#8230;<\/p>\n","protected":false},"author":15,"featured_media":29298,"comment_status":"closed","ping_status":"closed","sticky":false,"template":"","format":"standard","meta":{"footnotes":""},"categories":[411],"tags":[255,2854,1196,2855,624,2857,1472,24,1943,2856],"class_list":["post-29299","post","type-post","status-publish","format-standard","has-post-thumbnail","hentry","category-edicoes-jo","tag-aser","tag-campanha-reuse","tag-challenge-oficinas","tag-create-by-sandia","tag-europart","tag-mforce-lab","tag-motorportugal","tag-motortec","tag-movetec","tag-team-up-international"],"yoast_head":"<!-- This site is optimized with the Yoast SEO plugin v27.5 - https:\/\/yoast.com\/product\/yoast-seo-wordpress\/ -->\n<title>Jornal das Oficinas de maio j\u00e1 dispon\u00edvel online - Jornal das Oficinas<\/title>\n<meta name=\"robots\" content=\"index, follow, max-snippet:-1, max-image-preview:large, max-video-preview:-1\" \/>\n<link rel=\"canonical\" href=\"https:\/\/jornaldasoficinas.com\/pt\/jornal-das-oficinas-de-maio-ja-disponivel-online\/\" \/>\n<meta property=\"og:locale\" content=\"pt_PT\" \/>\n<meta property=\"og:type\" content=\"article\" \/>\n<meta property=\"og:title\" content=\"Jornal das Oficinas de maio j\u00e1 dispon\u00edvel online - Jornal das Oficinas\" \/>\n<meta property=\"og:description\" content=\"Na edi\u00e7\u00e3o de maio de 2022,...\" \/>\n<meta property=\"og:url\" content=\"https:\/\/jornaldasoficinas.com\/pt\/jornal-das-oficinas-de-maio-ja-disponivel-online\/\" \/>\n<meta property=\"og:site_name\" content=\"Jornal das Oficinas\" \/>\n<meta property=\"article:publisher\" content=\"https:\/\/www.facebook.com\/jornaloficinas\" \/>\n<meta property=\"article:published_time\" content=\"2022-05-01T19:00:27+00:00\" \/>\n<meta property=\"article:modified_time\" content=\"2022-05-01T19:49:21+00:00\" \/>\n<meta property=\"og:image\" content=\"https:\/\/jornaldasoficinas.com\/pt\/wp-content\/uploads\/2022\/04\/JODigital197.png\" \/>\n\t<meta property=\"og:image:width\" content=\"1024\" \/>\n\t<meta property=\"og:image:height\" content=\"581\" \/>\n\t<meta property=\"og:image:type\" content=\"image\/png\" \/>\n<meta name=\"author\" content=\"Reda\u00e7\u00e3o JO\" \/>\n<meta name=\"twitter:card\" content=\"summary_large_image\" \/>\n<meta name=\"twitter:creator\" content=\"@jornaloficinas\" \/>\n<meta name=\"twitter:site\" content=\"@jornaloficinas\" \/>\n<meta name=\"twitter:label1\" content=\"Escrito por\" \/>\n\t<meta name=\"twitter:data1\" content=\"Reda\u00e7\u00e3o JO\" \/>\n\t<meta name=\"twitter:label2\" content=\"Tempo estimado de leitura\" \/>\n\t<meta name=\"twitter:data2\" content=\"4 minutos\" \/>\n<script type=\"application\/ld+json\" class=\"yoast-schema-graph\">{\"@context\":\"https:\\\/\\\/schema.org\",\"@graph\":[{\"@type\":\"Article\",\"@id\":\"https:\\\/\\\/jornaldasoficinas.com\\\/pt\\\/jornal-das-oficinas-de-maio-ja-disponivel-online\\\/#article\",\"isPartOf\":{\"@id\":\"https:\\\/\\\/jornaldasoficinas.com\\\/pt\\\/jornal-das-oficinas-de-maio-ja-disponivel-online\\\/\"},\"author\":{\"name\":\"Reda\u00e7\u00e3o JO\",\"@id\":\"https:\\\/\\\/jornaldasoficinas.com\\\/pt\\\/#\\\/schema\\\/person\\\/a38eef5de2c41d9e7c9ac10141afddf3\"},\"headline\":\"Jornal das Oficinas de maio j\u00e1 dispon\u00edvel online\",\"datePublished\":\"2022-05-01T19:00:27+00:00\",\"dateModified\":\"2022-05-01T19:49:21+00:00\",\"mainEntityOfPage\":{\"@id\":\"https:\\\/\\\/jornaldasoficinas.com\\\/pt\\\/jornal-das-oficinas-de-maio-ja-disponivel-online\\\/\"},\"wordCount\":829,\"publisher\":{\"@id\":\"https:\\\/\\\/jornaldasoficinas.com\\\/pt\\\/#organization\"},\"image\":{\"@id\":\"https:\\\/\\\/jornaldasoficinas.com\\\/pt\\\/jornal-das-oficinas-de-maio-ja-disponivel-online\\\/#primaryimage\"},\"thumbnailUrl\":\"https:\\\/\\\/jornaldasoficinas.com\\\/pt\\\/wp-content\\\/uploads\\\/2022\\\/04\\\/JODigital197.png\",\"keywords\":[\"ASER\",\"campanha REUSE\",\"Challenge Oficinas\",\"Create by Sandia\",\"EUROPART\",\"MForce Lab\",\"Motorportugal\",\"Motortec\",\"MOVETEC\",\"Team-Up International\"],\"articleSection\":[\"Edi\u00e7\u00f5es JO\"],\"inLanguage\":\"pt-PT\"},{\"@type\":\"WebPage\",\"@id\":\"https:\\\/\\\/jornaldasoficinas.com\\\/pt\\\/jornal-das-oficinas-de-maio-ja-disponivel-online\\\/\",\"url\":\"https:\\\/\\\/jornaldasoficinas.com\\\/pt\\\/jornal-das-oficinas-de-maio-ja-disponivel-online\\\/\",\"name\":\"Jornal das Oficinas de maio j\u00e1 dispon\u00edvel online - Jornal das Oficinas\",\"isPartOf\":{\"@id\":\"https:\\\/\\\/jornaldasoficinas.com\\\/pt\\\/#website\"},\"primaryImageOfPage\":{\"@id\":\"https:\\\/\\\/jornaldasoficinas.com\\\/pt\\\/jornal-das-oficinas-de-maio-ja-disponivel-online\\\/#primaryimage\"},\"image\":{\"@id\":\"https:\\\/\\\/jornaldasoficinas.com\\\/pt\\\/jornal-das-oficinas-de-maio-ja-disponivel-online\\\/#primaryimage\"},\"thumbnailUrl\":\"https:\\\/\\\/jornaldasoficinas.com\\\/pt\\\/wp-content\\\/uploads\\\/2022\\\/04\\\/JODigital197.png\",\"datePublished\":\"2022-05-01T19:00:27+00:00\",\"dateModified\":\"2022-05-01T19:49:21+00:00\",\"breadcrumb\":{\"@id\":\"https:\\\/\\\/jornaldasoficinas.com\\\/pt\\\/jornal-das-oficinas-de-maio-ja-disponivel-online\\\/#breadcrumb\"},\"inLanguage\":\"pt-PT\",\"potentialAction\":[{\"@type\":\"ReadAction\",\"target\":[\"https:\\\/\\\/jornaldasoficinas.com\\\/pt\\\/jornal-das-oficinas-de-maio-ja-disponivel-online\\\/\"]}]},{\"@type\":\"ImageObject\",\"inLanguage\":\"pt-PT\",\"@id\":\"https:\\\/\\\/jornaldasoficinas.com\\\/pt\\\/jornal-das-oficinas-de-maio-ja-disponivel-online\\\/#primaryimage\",\"url\":\"https:\\\/\\\/jornaldasoficinas.com\\\/pt\\\/wp-content\\\/uploads\\\/2022\\\/04\\\/JODigital197.png\",\"contentUrl\":\"https:\\\/\\\/jornaldasoficinas.com\\\/pt\\\/wp-content\\\/uploads\\\/2022\\\/04\\\/JODigital197.png\",\"width\":1024,\"height\":581,\"caption\":\"04 - JODigital197\"},{\"@type\":\"BreadcrumbList\",\"@id\":\"https:\\\/\\\/jornaldasoficinas.com\\\/pt\\\/jornal-das-oficinas-de-maio-ja-disponivel-online\\\/#breadcrumb\",\"itemListElement\":[{\"@type\":\"ListItem\",\"position\":1,\"name\":\"In\u00edcio\",\"item\":\"https:\\\/\\\/jornaldasoficinas.com\\\/pt\\\/\"},{\"@type\":\"ListItem\",\"position\":2,\"name\":\"Jornal das Oficinas de maio j\u00e1 dispon\u00edvel online\"}]},{\"@type\":\"WebSite\",\"@id\":\"https:\\\/\\\/jornaldasoficinas.com\\\/pt\\\/#website\",\"url\":\"https:\\\/\\\/jornaldasoficinas.com\\\/pt\\\/\",\"name\":\"Jornal das Oficinas\",\"description\":\"Jornal independente do Aftermarket Autom\u00f3vel em Portugal\",\"publisher\":{\"@id\":\"https:\\\/\\\/jornaldasoficinas.com\\\/pt\\\/#organization\"},\"potentialAction\":[{\"@type\":\"SearchAction\",\"target\":{\"@type\":\"EntryPoint\",\"urlTemplate\":\"https:\\\/\\\/jornaldasoficinas.com\\\/pt\\\/?s={search_term_string}\"},\"query-input\":{\"@type\":\"PropertyValueSpecification\",\"valueRequired\":true,\"valueName\":\"search_term_string\"}}],\"inLanguage\":\"pt-PT\"},{\"@type\":\"Organization\",\"@id\":\"https:\\\/\\\/jornaldasoficinas.com\\\/pt\\\/#organization\",\"name\":\"Jornal das Oficinas\",\"url\":\"https:\\\/\\\/jornaldasoficinas.com\\\/pt\\\/\",\"logo\":{\"@type\":\"ImageObject\",\"inLanguage\":\"pt-PT\",\"@id\":\"https:\\\/\\\/jornaldasoficinas.com\\\/pt\\\/#\\\/schema\\\/logo\\\/image\\\/\",\"url\":\"https:\\\/\\\/jornaldasoficinas.com\\\/pt\\\/wp-content\\\/uploads\\\/logoJO-SEO.png\",\"contentUrl\":\"https:\\\/\\\/jornaldasoficinas.com\\\/pt\\\/wp-content\\\/uploads\\\/logoJO-SEO.png\",\"width\":285,\"height\":450,\"caption\":\"Jornal das Oficinas\"},\"image\":{\"@id\":\"https:\\\/\\\/jornaldasoficinas.com\\\/pt\\\/#\\\/schema\\\/logo\\\/image\\\/\"},\"sameAs\":[\"https:\\\/\\\/www.facebook.com\\\/jornaloficinas\",\"https:\\\/\\\/x.com\\\/jornaloficinas\",\"https:\\\/\\\/www.instagram.com\\\/jornal_oficinas\\\/\",\"https:\\\/\\\/www.linkedin.com\\\/company\\\/jornal-das-oficinas\\\/\",\"https:\\\/\\\/www.youtube.com\\\/channel\\\/UCbQZBqtcvV-oSQrr7RzINGg\"]},{\"@type\":\"Person\",\"@id\":\"https:\\\/\\\/jornaldasoficinas.com\\\/pt\\\/#\\\/schema\\\/person\\\/a38eef5de2c41d9e7c9ac10141afddf3\",\"name\":\"Reda\u00e7\u00e3o JO\",\"image\":{\"@type\":\"ImageObject\",\"inLanguage\":\"pt-PT\",\"@id\":\"https:\\\/\\\/secure.gravatar.com\\\/avatar\\\/71f2fa71737ad68a84fea94bc708ddac8ea5b0c4788dc2ad202f3ccb2887742f?s=96&d=wp_user_avatar&r=g\",\"url\":\"https:\\\/\\\/secure.gravatar.com\\\/avatar\\\/71f2fa71737ad68a84fea94bc708ddac8ea5b0c4788dc2ad202f3ccb2887742f?s=96&d=wp_user_avatar&r=g\",\"contentUrl\":\"https:\\\/\\\/secure.gravatar.com\\\/avatar\\\/71f2fa71737ad68a84fea94bc708ddac8ea5b0c4788dc2ad202f3ccb2887742f?s=96&d=wp_user_avatar&r=g\",\"caption\":\"Reda\u00e7\u00e3o JO\"},\"url\":\"https:\\\/\\\/jornaldasoficinas.com\\\/pt\\\/author\\\/joredacao\\\/\"}]}<\/script>\n<!-- \/ Yoast SEO plugin. -->","yoast_head_json":{"title":"Jornal das Oficinas de maio j\u00e1 dispon\u00edvel online - Jornal das Oficinas","robots":{"index":"index","follow":"follow","max-snippet":"max-snippet:-1","max-image-preview":"max-image-preview:large","max-video-preview":"max-video-preview:-1"},"canonical":"https:\/\/jornaldasoficinas.com\/pt\/jornal-das-oficinas-de-maio-ja-disponivel-online\/","og_locale":"pt_PT","og_type":"article","og_title":"Jornal das Oficinas de maio j\u00e1 dispon\u00edvel online - Jornal das Oficinas","og_description":"Na edi\u00e7\u00e3o de maio de 2022,...","og_url":"https:\/\/jornaldasoficinas.com\/pt\/jornal-das-oficinas-de-maio-ja-disponivel-online\/","og_site_name":"Jornal das Oficinas","article_publisher":"https:\/\/www.facebook.com\/jornaloficinas","article_published_time":"2022-05-01T19:00:27+00:00","article_modified_time":"2022-05-01T19:49:21+00:00","og_image":[{"width":1024,"height":581,"url":"https:\/\/jornaldasoficinas.com\/pt\/wp-content\/uploads\/2022\/04\/JODigital197.png","type":"image\/png"}],"author":"Reda\u00e7\u00e3o JO","twitter_card":"summary_large_image","twitter_creator":"@jornaloficinas","twitter_site":"@jornaloficinas","twitter_misc":{"Escrito por":"Reda\u00e7\u00e3o JO","Tempo estimado de leitura":"4 minutos"},"schema":{"@context":"https:\/\/schema.org","@graph":[{"@type":"Article","@id":"https:\/\/jornaldasoficinas.com\/pt\/jornal-das-oficinas-de-maio-ja-disponivel-online\/#article","isPartOf":{"@id":"https:\/\/jornaldasoficinas.com\/pt\/jornal-das-oficinas-de-maio-ja-disponivel-online\/"},"author":{"name":"Reda\u00e7\u00e3o JO","@id":"https:\/\/jornaldasoficinas.com\/pt\/#\/schema\/person\/a38eef5de2c41d9e7c9ac10141afddf3"},"headline":"Jornal das Oficinas de maio j\u00e1 dispon\u00edvel online","datePublished":"2022-05-01T19:00:27+00:00","dateModified":"2022-05-01T19:49:21+00:00","mainEntityOfPage":{"@id":"https:\/\/jornaldasoficinas.com\/pt\/jornal-das-oficinas-de-maio-ja-disponivel-online\/"},"wordCount":829,"publisher":{"@id":"https:\/\/jornaldasoficinas.com\/pt\/#organization"},"image":{"@id":"https:\/\/jornaldasoficinas.com\/pt\/jornal-das-oficinas-de-maio-ja-disponivel-online\/#primaryimage"},"thumbnailUrl":"https:\/\/jornaldasoficinas.com\/pt\/wp-content\/uploads\/2022\/04\/JODigital197.png","keywords":["ASER","campanha REUSE","Challenge Oficinas","Create by Sandia","EUROPART","MForce Lab","Motorportugal","Motortec","MOVETEC","Team-Up International"],"articleSection":["Edi\u00e7\u00f5es JO"],"inLanguage":"pt-PT"},{"@type":"WebPage","@id":"https:\/\/jornaldasoficinas.com\/pt\/jornal-das-oficinas-de-maio-ja-disponivel-online\/","url":"https:\/\/jornaldasoficinas.com\/pt\/jornal-das-oficinas-de-maio-ja-disponivel-online\/","name":"Jornal das Oficinas de maio j\u00e1 dispon\u00edvel online - Jornal das Oficinas","isPartOf":{"@id":"https:\/\/jornaldasoficinas.com\/pt\/#website"},"primaryImageOfPage":{"@id":"https:\/\/jornaldasoficinas.com\/pt\/jornal-das-oficinas-de-maio-ja-disponivel-online\/#primaryimage"},"image":{"@id":"https:\/\/jornaldasoficinas.com\/pt\/jornal-das-oficinas-de-maio-ja-disponivel-online\/#primaryimage"},"thumbnailUrl":"https:\/\/jornaldasoficinas.com\/pt\/wp-content\/uploads\/2022\/04\/JODigital197.png","datePublished":"2022-05-01T19:00:27+00:00","dateModified":"2022-05-01T19:49:21+00:00","breadcrumb":{"@id":"https:\/\/jornaldasoficinas.com\/pt\/jornal-das-oficinas-de-maio-ja-disponivel-online\/#breadcrumb"},"inLanguage":"pt-PT","potentialAction":[{"@type":"ReadAction","target":["https:\/\/jornaldasoficinas.com\/pt\/jornal-das-oficinas-de-maio-ja-disponivel-online\/"]}]},{"@type":"ImageObject","inLanguage":"pt-PT","@id":"https:\/\/jornaldasoficinas.com\/pt\/jornal-das-oficinas-de-maio-ja-disponivel-online\/#primaryimage","url":"https:\/\/jornaldasoficinas.com\/pt\/wp-content\/uploads\/2022\/04\/JODigital197.png","contentUrl":"https:\/\/jornaldasoficinas.com\/pt\/wp-content\/uploads\/2022\/04\/JODigital197.png","width":1024,"height":581,"caption":"04 - JODigital197"},{"@type":"BreadcrumbList","@id":"https:\/\/jornaldasoficinas.com\/pt\/jornal-das-oficinas-de-maio-ja-disponivel-online\/#breadcrumb","itemListElement":[{"@type":"ListItem","position":1,"name":"In\u00edcio","item":"https:\/\/jornaldasoficinas.com\/pt\/"},{"@type":"ListItem","position":2,"name":"Jornal das Oficinas de maio j\u00e1 dispon\u00edvel online"}]},{"@type":"WebSite","@id":"https:\/\/jornaldasoficinas.com\/pt\/#website","url":"https:\/\/jornaldasoficinas.com\/pt\/","name":"Jornal das Oficinas","description":"Jornal independente do Aftermarket Autom\u00f3vel em Portugal","publisher":{"@id":"https:\/\/jornaldasoficinas.com\/pt\/#organization"},"potentialAction":[{"@type":"SearchAction","target":{"@type":"EntryPoint","urlTemplate":"https:\/\/jornaldasoficinas.com\/pt\/?s={search_term_string}"},"query-input":{"@type":"PropertyValueSpecification","valueRequired":true,"valueName":"search_term_string"}}],"inLanguage":"pt-PT"},{"@type":"Organization","@id":"https:\/\/jornaldasoficinas.com\/pt\/#organization","name":"Jornal das Oficinas","url":"https:\/\/jornaldasoficinas.com\/pt\/","logo":{"@type":"ImageObject","inLanguage":"pt-PT","@id":"https:\/\/jornaldasoficinas.com\/pt\/#\/schema\/logo\/image\/","url":"https:\/\/jornaldasoficinas.com\/pt\/wp-content\/uploads\/logoJO-SEO.png","contentUrl":"https:\/\/jornaldasoficinas.com\/pt\/wp-content\/uploads\/logoJO-SEO.png","width":285,"height":450,"caption":"Jornal das Oficinas"},"image":{"@id":"https:\/\/jornaldasoficinas.com\/pt\/#\/schema\/logo\/image\/"},"sameAs":["https:\/\/www.facebook.com\/jornaloficinas","https:\/\/x.com\/jornaloficinas","https:\/\/www.instagram.com\/jornal_oficinas\/","https:\/\/www.linkedin.com\/company\/jornal-das-oficinas\/","https:\/\/www.youtube.com\/channel\/UCbQZBqtcvV-oSQrr7RzINGg"]},{"@type":"Person","@id":"https:\/\/jornaldasoficinas.com\/pt\/#\/schema\/person\/a38eef5de2c41d9e7c9ac10141afddf3","name":"Reda\u00e7\u00e3o JO","image":{"@type":"ImageObject","inLanguage":"pt-PT","@id":"https:\/\/secure.gravatar.com\/avatar\/71f2fa71737ad68a84fea94bc708ddac8ea5b0c4788dc2ad202f3ccb2887742f?s=96&d=wp_user_avatar&r=g","url":"https:\/\/secure.gravatar.com\/avatar\/71f2fa71737ad68a84fea94bc708ddac8ea5b0c4788dc2ad202f3ccb2887742f?s=96&d=wp_user_avatar&r=g","contentUrl":"https:\/\/secure.gravatar.com\/avatar\/71f2fa71737ad68a84fea94bc708ddac8ea5b0c4788dc2ad202f3ccb2887742f?s=96&d=wp_user_avatar&r=g","caption":"Reda\u00e7\u00e3o JO"},"url":"https:\/\/jornaldasoficinas.com\/pt\/author\/joredacao\/"}]}},"_links":{"self":[{"href":"https:\/\/jornaldasoficinas.com\/pt\/wp-json\/wp\/v2\/posts\/29299","targetHints":{"allow":["GET"]}}],"collection":[{"href":"https:\/\/jornaldasoficinas.com\/pt\/wp-json\/wp\/v2\/posts"}],"about":[{"href":"https:\/\/jornaldasoficinas.com\/pt\/wp-json\/wp\/v2\/types\/post"}],"author":[{"embeddable":true,"href":"https:\/\/jornaldasoficinas.com\/pt\/wp-json\/wp\/v2\/users\/15"}],"replies":[{"embeddable":true,"href":"https:\/\/jornaldasoficinas.com\/pt\/wp-json\/wp\/v2\/comments?post=29299"}],"version-history":[{"count":0,"href":"https:\/\/jornaldasoficinas.com\/pt\/wp-json\/wp\/v2\/posts\/29299\/revisions"}],"wp:featuredmedia":[{"embeddable":true,"href":"https:\/\/jornaldasoficinas.com\/pt\/wp-json\/wp\/v2\/media\/29298"}],"wp:attachment":[{"href":"https:\/\/jornaldasoficinas.com\/pt\/wp-json\/wp\/v2\/media?parent=29299"}],"wp:term":[{"taxonomy":"category","embeddable":true,"href":"https:\/\/jornaldasoficinas.com\/pt\/wp-json\/wp\/v2\/categories?post=29299"},{"taxonomy":"post_tag","embeddable":true,"href":"https:\/\/jornaldasoficinas.com\/pt\/wp-json\/wp\/v2\/tags?post=29299"}],"curies":[{"name":"wp","href":"https:\/\/api.w.org\/{rel}","templated":true}]}}