{"id":29314,"date":"2022-05-01T18:00:50","date_gmt":"2022-05-01T17:00:50","guid":{"rendered":"https:\/\/jornaldasoficinas.com\/pt\/?p=29314"},"modified":"2022-05-01T16:37:59","modified_gmt":"2022-05-01T15:37:59","slug":"onde-estao-os-pintores-automoveisbruno-salgado-e-bruna-rocha-movetec","status":"publish","type":"post","link":"https:\/\/jornaldasoficinas.com\/pt\/onde-estao-os-pintores-automoveisbruno-salgado-e-bruna-rocha-movetec\/","title":{"rendered":"&#8220;Onde est\u00e3o  os pintores autom\u00f3veis?&#8221;Bruno Salgado e Bruna Rocha, Movetec"},"content":{"rendered":"<p><strong><img loading=\"lazy\" decoding=\"async\" class=\"alignnone size-full wp-image-29302\" src=\"https:\/\/jornaldasoficinas.com\/pt\/wp-content\/uploads\/2022\/05\/movetec_jornal_das_oficinas.jpeg\" alt=\"05 - movetec_jornal_das_oficinas\" width=\"1024\" height=\"581\" srcset=\"https:\/\/jornaldasoficinas.com\/pt\/wp-content\/uploads\/2022\/05\/movetec_jornal_das_oficinas.jpeg 1024w, https:\/\/jornaldasoficinas.com\/pt\/wp-content\/uploads\/2022\/05\/movetec_jornal_das_oficinas-300x170.jpeg 300w, https:\/\/jornaldasoficinas.com\/pt\/wp-content\/uploads\/2022\/05\/movetec_jornal_das_oficinas-150x85.jpeg 150w, https:\/\/jornaldasoficinas.com\/pt\/wp-content\/uploads\/2022\/05\/movetec_jornal_das_oficinas-768x436.jpeg 768w\" sizes=\"auto, (max-width: 1024px) 100vw, 1024px\" \/><\/strong><\/p>\n<p><strong>O desafio de encontrar m\u00e3o de obra especializada parece ser cada vez maior e come\u00e7a a gerar\u00ad\u2011se preocupa\u00e7\u00e3o neste setor. O Jornal das Oficinas visitou as instala\u00e7\u00f5es da <a href=\"https:\/\/www.movetec.pt\/\" target=\"_blank\" rel=\"noopener\">Movetec<\/a>, onde Bruno Salgado e Bruna Rocha falaram sobre as dificuldades que t\u00eam tido na empresa que gerem no concelho da Maia<\/strong><\/p>\n<p>Criada em 2009, a Movetec nasceu do sonho de Bruno Salgado, que sempre teve \u201cmuita curiosidade e fasc\u00ednio pela \u00e1rea\u201d. Enquanto oficina de colis\u00e3o, come\u00e7ou por estar apenas dedicada \u00e0 chapa e \u00e0 pintura, mas a mec\u00e2nica foi tomando um papel cada vez mais preponderante no neg\u00f3cio e com \u201cum esp\u00edrito de resili\u00eancia muito grande, conseguimos ultrapassar os tr\u00eas anos iniciais e fomos singrando no mercado\u201d, conta o respons\u00e1vel. Em dezembro de 2015, o espa\u00e7o da oficina em Vilar do Pinheiro tornou\u00ad\u2011se pequeno e a Movetec mudou\u00ad\u2011se para a Zona Industrial da Maia, onde tem uma localiza\u00e7\u00e3o mais central, que permite uma melhor organiza\u00e7\u00e3o e uma \u00e1rea maior para trabalhar.<\/p>\n<p>Hoje, gra\u00e7as \u00e0 cabine adaptada que possuem, fazem tamb\u00e9m colis\u00e3o e pintura de pesados e contam com uma equipa de dez funcion\u00e1rios. Est\u00e3o habilitados para os mais diversos trabalhos, que podem ir da simples revis\u00e3o \u00e0s grandes repara\u00e7\u00f5es. Bruno Salgado explica que, desde 2009, a estrat\u00e9gia passou sempre pelos acordos com os clientes empresariais e que, apesar de j\u00e1 ter sido aliciado, prefere n\u00e3o se associar a nenhuma rede oficinal, o que lhe permite manter a independ\u00eancia e poder consultar o mercado \u201cde A a Z\u201d, quando \u00e9 preciso ir \u00e0 procura dos fornecedores com os melhores pre\u00e7os nas pe\u00e7as. O propriet\u00e1rio da Movetec entende que \u201cas pe\u00e7as aftermarket s\u00e3o uma mais\u00ad\u2011valia para o nosso cliente e, em termos de rela\u00e7\u00e3o qualidade pre\u00e7o, preferimos essas pe\u00e7as \u00e0s de origem em que a margem \u00e9 reduzida\u201d. Al\u00e9m disso, a empresa tem\u00ad\u2011se focado no contacto personalizado com o cliente, porque considera que \u201co melhor marketing \u00e9 feito boca a boca, no passa\u00ad\u2011palavra entre clientes satisfeitos. \u00c9 \u00e0 custa disso que vamos crescendo, apesar de estarmos tamb\u00e9m presentes nas redes sociais\u201d, afirma.<\/p>\n<p>Para ler toda a entrevista clique <a href=\"https:\/\/www.yumpu.com\/pt\/document\/read\/66802513\/jornal-das-oficinas-197\/40\" target=\"_blank\" rel=\"noopener\">aqui<\/a>.<\/p>\n","protected":false},"excerpt":{"rendered":"<p>O desafio de encontrar m\u00e3o de&#8230;<\/p>\n","protected":false},"author":15,"featured_media":29302,"comment_status":"closed","ping_status":"closed","sticky":false,"template":"","format":"standard","meta":{"footnotes":""},"categories":[38],"tags":[1943],"class_list":["post-29314","post","type-post","status-publish","format-standard","has-post-thumbnail","hentry","category-entrevistas","tag-movetec"],"yoast_head":"<!-- This site is optimized with the Yoast SEO plugin v27.4 - https:\/\/yoast.com\/product\/yoast-seo-wordpress\/ -->\n<title>&quot;Onde est\u00e3o os pintores autom\u00f3veis?&quot;Bruno Salgado e Bruna Rocha, Movetec - Jornal das Oficinas<\/title>\n<meta name=\"robots\" content=\"index, follow, max-snippet:-1, max-image-preview:large, max-video-preview:-1\" \/>\n<link rel=\"canonical\" href=\"https:\/\/jornaldasoficinas.com\/pt\/onde-estao-os-pintores-automoveisbruno-salgado-e-bruna-rocha-movetec\/\" \/>\n<meta property=\"og:locale\" content=\"pt_PT\" \/>\n<meta property=\"og:type\" content=\"article\" \/>\n<meta property=\"og:title\" content=\"&quot;Onde est\u00e3o os pintores autom\u00f3veis?&quot;Bruno Salgado e Bruna Rocha, Movetec - Jornal das Oficinas\" \/>\n<meta property=\"og:description\" content=\"O desafio de encontrar m\u00e3o de...\" \/>\n<meta property=\"og:url\" content=\"https:\/\/jornaldasoficinas.com\/pt\/onde-estao-os-pintores-automoveisbruno-salgado-e-bruna-rocha-movetec\/\" \/>\n<meta property=\"og:site_name\" content=\"Jornal das Oficinas\" \/>\n<meta property=\"article:publisher\" content=\"https:\/\/www.facebook.com\/jornaloficinas\" \/>\n<meta property=\"article:published_time\" content=\"2022-05-01T17:00:50+00:00\" \/>\n<meta property=\"og:image\" content=\"https:\/\/jornaldasoficinas.com\/pt\/wp-content\/uploads\/2022\/05\/movetec_jornal_das_oficinas.jpeg\" \/>\n\t<meta property=\"og:image:width\" content=\"1024\" \/>\n\t<meta property=\"og:image:height\" content=\"581\" \/>\n\t<meta property=\"og:image:type\" content=\"image\/jpeg\" \/>\n<meta name=\"author\" content=\"Reda\u00e7\u00e3o JO\" \/>\n<meta name=\"twitter:card\" content=\"summary_large_image\" \/>\n<meta name=\"twitter:creator\" content=\"@jornaloficinas\" \/>\n<meta name=\"twitter:site\" content=\"@jornaloficinas\" \/>\n<meta name=\"twitter:label1\" content=\"Escrito por\" \/>\n\t<meta name=\"twitter:data1\" content=\"Reda\u00e7\u00e3o JO\" \/>\n\t<meta name=\"twitter:label2\" content=\"Tempo estimado de leitura\" \/>\n\t<meta name=\"twitter:data2\" content=\"2 minutos\" \/>\n<script type=\"application\/ld+json\" class=\"yoast-schema-graph\">{\"@context\":\"https:\\\/\\\/schema.org\",\"@graph\":[{\"@type\":\"Article\",\"@id\":\"https:\\\/\\\/jornaldasoficinas.com\\\/pt\\\/onde-estao-os-pintores-automoveisbruno-salgado-e-bruna-rocha-movetec\\\/#article\",\"isPartOf\":{\"@id\":\"https:\\\/\\\/jornaldasoficinas.com\\\/pt\\\/onde-estao-os-pintores-automoveisbruno-salgado-e-bruna-rocha-movetec\\\/\"},\"author\":{\"name\":\"Reda\u00e7\u00e3o JO\",\"@id\":\"https:\\\/\\\/jornaldasoficinas.com\\\/pt\\\/#\\\/schema\\\/person\\\/a38eef5de2c41d9e7c9ac10141afddf3\"},\"headline\":\"&#8220;Onde est\u00e3o os pintores autom\u00f3veis?&#8221;Bruno Salgado e Bruna Rocha, Movetec\",\"datePublished\":\"2022-05-01T17:00:50+00:00\",\"mainEntityOfPage\":{\"@id\":\"https:\\\/\\\/jornaldasoficinas.com\\\/pt\\\/onde-estao-os-pintores-automoveisbruno-salgado-e-bruna-rocha-movetec\\\/\"},\"wordCount\":390,\"publisher\":{\"@id\":\"https:\\\/\\\/jornaldasoficinas.com\\\/pt\\\/#organization\"},\"image\":{\"@id\":\"https:\\\/\\\/jornaldasoficinas.com\\\/pt\\\/onde-estao-os-pintores-automoveisbruno-salgado-e-bruna-rocha-movetec\\\/#primaryimage\"},\"thumbnailUrl\":\"https:\\\/\\\/jornaldasoficinas.com\\\/pt\\\/wp-content\\\/uploads\\\/2022\\\/05\\\/movetec_jornal_das_oficinas.jpeg\",\"keywords\":[\"MOVETEC\"],\"articleSection\":[\"Entrevistas\"],\"inLanguage\":\"pt-PT\"},{\"@type\":\"WebPage\",\"@id\":\"https:\\\/\\\/jornaldasoficinas.com\\\/pt\\\/onde-estao-os-pintores-automoveisbruno-salgado-e-bruna-rocha-movetec\\\/\",\"url\":\"https:\\\/\\\/jornaldasoficinas.com\\\/pt\\\/onde-estao-os-pintores-automoveisbruno-salgado-e-bruna-rocha-movetec\\\/\",\"name\":\"\\\"Onde est\u00e3o os pintores autom\u00f3veis?\\\"Bruno Salgado e Bruna Rocha, Movetec - Jornal das Oficinas\",\"isPartOf\":{\"@id\":\"https:\\\/\\\/jornaldasoficinas.com\\\/pt\\\/#website\"},\"primaryImageOfPage\":{\"@id\":\"https:\\\/\\\/jornaldasoficinas.com\\\/pt\\\/onde-estao-os-pintores-automoveisbruno-salgado-e-bruna-rocha-movetec\\\/#primaryimage\"},\"image\":{\"@id\":\"https:\\\/\\\/jornaldasoficinas.com\\\/pt\\\/onde-estao-os-pintores-automoveisbruno-salgado-e-bruna-rocha-movetec\\\/#primaryimage\"},\"thumbnailUrl\":\"https:\\\/\\\/jornaldasoficinas.com\\\/pt\\\/wp-content\\\/uploads\\\/2022\\\/05\\\/movetec_jornal_das_oficinas.jpeg\",\"datePublished\":\"2022-05-01T17:00:50+00:00\",\"breadcrumb\":{\"@id\":\"https:\\\/\\\/jornaldasoficinas.com\\\/pt\\\/onde-estao-os-pintores-automoveisbruno-salgado-e-bruna-rocha-movetec\\\/#breadcrumb\"},\"inLanguage\":\"pt-PT\",\"potentialAction\":[{\"@type\":\"ReadAction\",\"target\":[\"https:\\\/\\\/jornaldasoficinas.com\\\/pt\\\/onde-estao-os-pintores-automoveisbruno-salgado-e-bruna-rocha-movetec\\\/\"]}]},{\"@type\":\"ImageObject\",\"inLanguage\":\"pt-PT\",\"@id\":\"https:\\\/\\\/jornaldasoficinas.com\\\/pt\\\/onde-estao-os-pintores-automoveisbruno-salgado-e-bruna-rocha-movetec\\\/#primaryimage\",\"url\":\"https:\\\/\\\/jornaldasoficinas.com\\\/pt\\\/wp-content\\\/uploads\\\/2022\\\/05\\\/movetec_jornal_das_oficinas.jpeg\",\"contentUrl\":\"https:\\\/\\\/jornaldasoficinas.com\\\/pt\\\/wp-content\\\/uploads\\\/2022\\\/05\\\/movetec_jornal_das_oficinas.jpeg\",\"width\":1024,\"height\":581,\"caption\":\"05 - movetec_jornal_das_oficinas\"},{\"@type\":\"BreadcrumbList\",\"@id\":\"https:\\\/\\\/jornaldasoficinas.com\\\/pt\\\/onde-estao-os-pintores-automoveisbruno-salgado-e-bruna-rocha-movetec\\\/#breadcrumb\",\"itemListElement\":[{\"@type\":\"ListItem\",\"position\":1,\"name\":\"In\u00edcio\",\"item\":\"https:\\\/\\\/jornaldasoficinas.com\\\/pt\\\/\"},{\"@type\":\"ListItem\",\"position\":2,\"name\":\"&#8220;Onde est\u00e3o os pintores autom\u00f3veis?&#8221;Bruno Salgado e Bruna Rocha, Movetec\"}]},{\"@type\":\"WebSite\",\"@id\":\"https:\\\/\\\/jornaldasoficinas.com\\\/pt\\\/#website\",\"url\":\"https:\\\/\\\/jornaldasoficinas.com\\\/pt\\\/\",\"name\":\"Jornal das Oficinas\",\"description\":\"Jornal independente do Aftermarket Autom\u00f3vel em Portugal\",\"publisher\":{\"@id\":\"https:\\\/\\\/jornaldasoficinas.com\\\/pt\\\/#organization\"},\"potentialAction\":[{\"@type\":\"SearchAction\",\"target\":{\"@type\":\"EntryPoint\",\"urlTemplate\":\"https:\\\/\\\/jornaldasoficinas.com\\\/pt\\\/?s={search_term_string}\"},\"query-input\":{\"@type\":\"PropertyValueSpecification\",\"valueRequired\":true,\"valueName\":\"search_term_string\"}}],\"inLanguage\":\"pt-PT\"},{\"@type\":\"Organization\",\"@id\":\"https:\\\/\\\/jornaldasoficinas.com\\\/pt\\\/#organization\",\"name\":\"Jornal das Oficinas\",\"url\":\"https:\\\/\\\/jornaldasoficinas.com\\\/pt\\\/\",\"logo\":{\"@type\":\"ImageObject\",\"inLanguage\":\"pt-PT\",\"@id\":\"https:\\\/\\\/jornaldasoficinas.com\\\/pt\\\/#\\\/schema\\\/logo\\\/image\\\/\",\"url\":\"https:\\\/\\\/jornaldasoficinas.com\\\/pt\\\/wp-content\\\/uploads\\\/logoJO-SEO.png\",\"contentUrl\":\"https:\\\/\\\/jornaldasoficinas.com\\\/pt\\\/wp-content\\\/uploads\\\/logoJO-SEO.png\",\"width\":285,\"height\":450,\"caption\":\"Jornal das Oficinas\"},\"image\":{\"@id\":\"https:\\\/\\\/jornaldasoficinas.com\\\/pt\\\/#\\\/schema\\\/logo\\\/image\\\/\"},\"sameAs\":[\"https:\\\/\\\/www.facebook.com\\\/jornaloficinas\",\"https:\\\/\\\/x.com\\\/jornaloficinas\",\"https:\\\/\\\/www.instagram.com\\\/jornal_oficinas\\\/\",\"https:\\\/\\\/www.linkedin.com\\\/company\\\/jornal-das-oficinas\\\/\",\"https:\\\/\\\/www.youtube.com\\\/channel\\\/UCbQZBqtcvV-oSQrr7RzINGg\"]},{\"@type\":\"Person\",\"@id\":\"https:\\\/\\\/jornaldasoficinas.com\\\/pt\\\/#\\\/schema\\\/person\\\/a38eef5de2c41d9e7c9ac10141afddf3\",\"name\":\"Reda\u00e7\u00e3o JO\",\"image\":{\"@type\":\"ImageObject\",\"inLanguage\":\"pt-PT\",\"@id\":\"https:\\\/\\\/secure.gravatar.com\\\/avatar\\\/71f2fa71737ad68a84fea94bc708ddac8ea5b0c4788dc2ad202f3ccb2887742f?s=96&d=wp_user_avatar&r=g\",\"url\":\"https:\\\/\\\/secure.gravatar.com\\\/avatar\\\/71f2fa71737ad68a84fea94bc708ddac8ea5b0c4788dc2ad202f3ccb2887742f?s=96&d=wp_user_avatar&r=g\",\"contentUrl\":\"https:\\\/\\\/secure.gravatar.com\\\/avatar\\\/71f2fa71737ad68a84fea94bc708ddac8ea5b0c4788dc2ad202f3ccb2887742f?s=96&d=wp_user_avatar&r=g\",\"caption\":\"Reda\u00e7\u00e3o JO\"},\"url\":\"https:\\\/\\\/jornaldasoficinas.com\\\/pt\\\/author\\\/joredacao\\\/\"}]}<\/script>\n<!-- \/ Yoast SEO plugin. -->","yoast_head_json":{"title":"\"Onde est\u00e3o os pintores autom\u00f3veis?\"Bruno Salgado e Bruna Rocha, Movetec - Jornal das Oficinas","robots":{"index":"index","follow":"follow","max-snippet":"max-snippet:-1","max-image-preview":"max-image-preview:large","max-video-preview":"max-video-preview:-1"},"canonical":"https:\/\/jornaldasoficinas.com\/pt\/onde-estao-os-pintores-automoveisbruno-salgado-e-bruna-rocha-movetec\/","og_locale":"pt_PT","og_type":"article","og_title":"\"Onde est\u00e3o os pintores autom\u00f3veis?\"Bruno Salgado e Bruna Rocha, Movetec - Jornal das Oficinas","og_description":"O desafio de encontrar m\u00e3o de...","og_url":"https:\/\/jornaldasoficinas.com\/pt\/onde-estao-os-pintores-automoveisbruno-salgado-e-bruna-rocha-movetec\/","og_site_name":"Jornal das Oficinas","article_publisher":"https:\/\/www.facebook.com\/jornaloficinas","article_published_time":"2022-05-01T17:00:50+00:00","og_image":[{"width":1024,"height":581,"url":"https:\/\/jornaldasoficinas.com\/pt\/wp-content\/uploads\/2022\/05\/movetec_jornal_das_oficinas.jpeg","type":"image\/jpeg"}],"author":"Reda\u00e7\u00e3o JO","twitter_card":"summary_large_image","twitter_creator":"@jornaloficinas","twitter_site":"@jornaloficinas","twitter_misc":{"Escrito por":"Reda\u00e7\u00e3o JO","Tempo estimado de leitura":"2 minutos"},"schema":{"@context":"https:\/\/schema.org","@graph":[{"@type":"Article","@id":"https:\/\/jornaldasoficinas.com\/pt\/onde-estao-os-pintores-automoveisbruno-salgado-e-bruna-rocha-movetec\/#article","isPartOf":{"@id":"https:\/\/jornaldasoficinas.com\/pt\/onde-estao-os-pintores-automoveisbruno-salgado-e-bruna-rocha-movetec\/"},"author":{"name":"Reda\u00e7\u00e3o JO","@id":"https:\/\/jornaldasoficinas.com\/pt\/#\/schema\/person\/a38eef5de2c41d9e7c9ac10141afddf3"},"headline":"&#8220;Onde est\u00e3o os pintores autom\u00f3veis?&#8221;Bruno Salgado e Bruna Rocha, Movetec","datePublished":"2022-05-01T17:00:50+00:00","mainEntityOfPage":{"@id":"https:\/\/jornaldasoficinas.com\/pt\/onde-estao-os-pintores-automoveisbruno-salgado-e-bruna-rocha-movetec\/"},"wordCount":390,"publisher":{"@id":"https:\/\/jornaldasoficinas.com\/pt\/#organization"},"image":{"@id":"https:\/\/jornaldasoficinas.com\/pt\/onde-estao-os-pintores-automoveisbruno-salgado-e-bruna-rocha-movetec\/#primaryimage"},"thumbnailUrl":"https:\/\/jornaldasoficinas.com\/pt\/wp-content\/uploads\/2022\/05\/movetec_jornal_das_oficinas.jpeg","keywords":["MOVETEC"],"articleSection":["Entrevistas"],"inLanguage":"pt-PT"},{"@type":"WebPage","@id":"https:\/\/jornaldasoficinas.com\/pt\/onde-estao-os-pintores-automoveisbruno-salgado-e-bruna-rocha-movetec\/","url":"https:\/\/jornaldasoficinas.com\/pt\/onde-estao-os-pintores-automoveisbruno-salgado-e-bruna-rocha-movetec\/","name":"\"Onde est\u00e3o os pintores autom\u00f3veis?\"Bruno Salgado e Bruna Rocha, Movetec - Jornal das Oficinas","isPartOf":{"@id":"https:\/\/jornaldasoficinas.com\/pt\/#website"},"primaryImageOfPage":{"@id":"https:\/\/jornaldasoficinas.com\/pt\/onde-estao-os-pintores-automoveisbruno-salgado-e-bruna-rocha-movetec\/#primaryimage"},"image":{"@id":"https:\/\/jornaldasoficinas.com\/pt\/onde-estao-os-pintores-automoveisbruno-salgado-e-bruna-rocha-movetec\/#primaryimage"},"thumbnailUrl":"https:\/\/jornaldasoficinas.com\/pt\/wp-content\/uploads\/2022\/05\/movetec_jornal_das_oficinas.jpeg","datePublished":"2022-05-01T17:00:50+00:00","breadcrumb":{"@id":"https:\/\/jornaldasoficinas.com\/pt\/onde-estao-os-pintores-automoveisbruno-salgado-e-bruna-rocha-movetec\/#breadcrumb"},"inLanguage":"pt-PT","potentialAction":[{"@type":"ReadAction","target":["https:\/\/jornaldasoficinas.com\/pt\/onde-estao-os-pintores-automoveisbruno-salgado-e-bruna-rocha-movetec\/"]}]},{"@type":"ImageObject","inLanguage":"pt-PT","@id":"https:\/\/jornaldasoficinas.com\/pt\/onde-estao-os-pintores-automoveisbruno-salgado-e-bruna-rocha-movetec\/#primaryimage","url":"https:\/\/jornaldasoficinas.com\/pt\/wp-content\/uploads\/2022\/05\/movetec_jornal_das_oficinas.jpeg","contentUrl":"https:\/\/jornaldasoficinas.com\/pt\/wp-content\/uploads\/2022\/05\/movetec_jornal_das_oficinas.jpeg","width":1024,"height":581,"caption":"05 - movetec_jornal_das_oficinas"},{"@type":"BreadcrumbList","@id":"https:\/\/jornaldasoficinas.com\/pt\/onde-estao-os-pintores-automoveisbruno-salgado-e-bruna-rocha-movetec\/#breadcrumb","itemListElement":[{"@type":"ListItem","position":1,"name":"In\u00edcio","item":"https:\/\/jornaldasoficinas.com\/pt\/"},{"@type":"ListItem","position":2,"name":"&#8220;Onde est\u00e3o os pintores autom\u00f3veis?&#8221;Bruno Salgado e Bruna Rocha, Movetec"}]},{"@type":"WebSite","@id":"https:\/\/jornaldasoficinas.com\/pt\/#website","url":"https:\/\/jornaldasoficinas.com\/pt\/","name":"Jornal das Oficinas","description":"Jornal independente do Aftermarket Autom\u00f3vel em Portugal","publisher":{"@id":"https:\/\/jornaldasoficinas.com\/pt\/#organization"},"potentialAction":[{"@type":"SearchAction","target":{"@type":"EntryPoint","urlTemplate":"https:\/\/jornaldasoficinas.com\/pt\/?s={search_term_string}"},"query-input":{"@type":"PropertyValueSpecification","valueRequired":true,"valueName":"search_term_string"}}],"inLanguage":"pt-PT"},{"@type":"Organization","@id":"https:\/\/jornaldasoficinas.com\/pt\/#organization","name":"Jornal das Oficinas","url":"https:\/\/jornaldasoficinas.com\/pt\/","logo":{"@type":"ImageObject","inLanguage":"pt-PT","@id":"https:\/\/jornaldasoficinas.com\/pt\/#\/schema\/logo\/image\/","url":"https:\/\/jornaldasoficinas.com\/pt\/wp-content\/uploads\/logoJO-SEO.png","contentUrl":"https:\/\/jornaldasoficinas.com\/pt\/wp-content\/uploads\/logoJO-SEO.png","width":285,"height":450,"caption":"Jornal das Oficinas"},"image":{"@id":"https:\/\/jornaldasoficinas.com\/pt\/#\/schema\/logo\/image\/"},"sameAs":["https:\/\/www.facebook.com\/jornaloficinas","https:\/\/x.com\/jornaloficinas","https:\/\/www.instagram.com\/jornal_oficinas\/","https:\/\/www.linkedin.com\/company\/jornal-das-oficinas\/","https:\/\/www.youtube.com\/channel\/UCbQZBqtcvV-oSQrr7RzINGg"]},{"@type":"Person","@id":"https:\/\/jornaldasoficinas.com\/pt\/#\/schema\/person\/a38eef5de2c41d9e7c9ac10141afddf3","name":"Reda\u00e7\u00e3o JO","image":{"@type":"ImageObject","inLanguage":"pt-PT","@id":"https:\/\/secure.gravatar.com\/avatar\/71f2fa71737ad68a84fea94bc708ddac8ea5b0c4788dc2ad202f3ccb2887742f?s=96&d=wp_user_avatar&r=g","url":"https:\/\/secure.gravatar.com\/avatar\/71f2fa71737ad68a84fea94bc708ddac8ea5b0c4788dc2ad202f3ccb2887742f?s=96&d=wp_user_avatar&r=g","contentUrl":"https:\/\/secure.gravatar.com\/avatar\/71f2fa71737ad68a84fea94bc708ddac8ea5b0c4788dc2ad202f3ccb2887742f?s=96&d=wp_user_avatar&r=g","caption":"Reda\u00e7\u00e3o JO"},"url":"https:\/\/jornaldasoficinas.com\/pt\/author\/joredacao\/"}]}},"_links":{"self":[{"href":"https:\/\/jornaldasoficinas.com\/pt\/wp-json\/wp\/v2\/posts\/29314","targetHints":{"allow":["GET"]}}],"collection":[{"href":"https:\/\/jornaldasoficinas.com\/pt\/wp-json\/wp\/v2\/posts"}],"about":[{"href":"https:\/\/jornaldasoficinas.com\/pt\/wp-json\/wp\/v2\/types\/post"}],"author":[{"embeddable":true,"href":"https:\/\/jornaldasoficinas.com\/pt\/wp-json\/wp\/v2\/users\/15"}],"replies":[{"embeddable":true,"href":"https:\/\/jornaldasoficinas.com\/pt\/wp-json\/wp\/v2\/comments?post=29314"}],"version-history":[{"count":0,"href":"https:\/\/jornaldasoficinas.com\/pt\/wp-json\/wp\/v2\/posts\/29314\/revisions"}],"wp:featuredmedia":[{"embeddable":true,"href":"https:\/\/jornaldasoficinas.com\/pt\/wp-json\/wp\/v2\/media\/29302"}],"wp:attachment":[{"href":"https:\/\/jornaldasoficinas.com\/pt\/wp-json\/wp\/v2\/media?parent=29314"}],"wp:term":[{"taxonomy":"category","embeddable":true,"href":"https:\/\/jornaldasoficinas.com\/pt\/wp-json\/wp\/v2\/categories?post=29314"},{"taxonomy":"post_tag","embeddable":true,"href":"https:\/\/jornaldasoficinas.com\/pt\/wp-json\/wp\/v2\/tags?post=29314"}],"curies":[{"name":"wp","href":"https:\/\/api.w.org\/{rel}","templated":true}]}}