{"id":29368,"date":"2022-05-03T10:00:44","date_gmt":"2022-05-03T09:00:44","guid":{"rendered":"https:\/\/jornaldasoficinas.com\/pt\/?p=29368"},"modified":"2022-05-02T10:54:59","modified_gmt":"2022-05-02T09:54:59","slug":"dacia-ultrapassa-os-10-milhoes-de-automoveis-produzidos","status":"publish","type":"post","link":"https:\/\/jornaldasoficinas.com\/pt\/dacia-ultrapassa-os-10-milhoes-de-automoveis-produzidos\/","title":{"rendered":"Dacia ultrapassa os 10 milh\u00f5es de autom\u00f3veis produzidos"},"content":{"rendered":"<p><strong><img loading=\"lazy\" decoding=\"async\" class=\"alignnone size-full wp-image-29342\" src=\"https:\/\/jornaldasoficinas.com\/pt\/wp-content\/uploads\/2022\/05\/Dacia-ultrapassa-os-10-milho\u0303es-de-automo\u0301veis-produzidos.jpeg\" alt=\"05 - Dacia ultrapassa os 10 milho\u0303es de automo\u0301veis produzidos\" width=\"1024\" height=\"581\" srcset=\"https:\/\/jornaldasoficinas.com\/pt\/wp-content\/uploads\/2022\/05\/Dacia-ultrapassa-os-10-milho\u0303es-de-automo\u0301veis-produzidos.jpeg 1024w, https:\/\/jornaldasoficinas.com\/pt\/wp-content\/uploads\/2022\/05\/Dacia-ultrapassa-os-10-milho\u0303es-de-automo\u0301veis-produzidos-300x170.jpeg 300w, https:\/\/jornaldasoficinas.com\/pt\/wp-content\/uploads\/2022\/05\/Dacia-ultrapassa-os-10-milho\u0303es-de-automo\u0301veis-produzidos-150x85.jpeg 150w, https:\/\/jornaldasoficinas.com\/pt\/wp-content\/uploads\/2022\/05\/Dacia-ultrapassa-os-10-milho\u0303es-de-automo\u0301veis-produzidos-768x436.jpeg 768w\" sizes=\"auto, (max-width: 1024px) 100vw, 1024px\" \/><\/strong><\/p>\n<p><strong>A <a href=\"https:\/\/www.dacia.pt\/\" target=\"_blank\" rel=\"noopener\">Dacia<\/a> acaba de produzir o autom\u00f3vel n\u00famero 10 milh\u00f5es da sua hist\u00f3ria. Uum Dacia Duster Extreme L.E. Urban Gray, acabado de sair da linha de montagem, posa para uma foto comemorativa e altamente simb\u00f3lica. Este \u00e9, de facto, o autom\u00f3vel Dacia n\u00famero 10 milh\u00f5es dos produzidos desde o nascimento da marca<\/strong><\/p>\n<p>\u00ab Estamos muito orgulhosos de ter ultrapassado a marca simb\u00f3lica dos 10 milh\u00f5es de autom\u00f3veis produzidos. Este resultado recompensa uma vis\u00e3o pragm\u00e1tica do autom\u00f3vel, centrada no que \u00e9 realmente essencial para os nossos clientes. \u00a0Com base na sua experi\u00eancia, a Dacia continuar\u00e1 a crescer e a oferecer autom\u00f3veis atractivos e adaptados ao estilo de vida dos nossos clientes&#8221;, refere Denis Le Vot, CEO da Dacia &amp; LADA.<\/p>\n<p><strong>DACIA, uma marca que continua a crescer<\/strong><\/p>\n<p>A Dacia produziu o seu primeiro autom\u00f3vel, o Dacia 1100, em Agosto de 1968. No ano seguinte, o ic\u00f3nico modelo Dacia 1300 deu origem a toda uma fam\u00edlia de variantes (berlina, carrinha, coup\u00e9 desportivo e comercial ligeiro). Permaneceu em produ\u00e7\u00e3o durante 35 anos, tendo deixado a sua marca no panorama autom\u00f3vel romeno.<\/p>\n<p>A aquisi\u00e7\u00e3o da marca pelo Grupo Renault, em 1999, abriu um novo cap\u00edtulo na hist\u00f3ria da Dacia. \u00a0Com o lan\u00e7amento do Logan em 2004, a Dacia tornou-se um fabricante de autom\u00f3veis internacional e o ritmo das vendas acelerou. Em 2005, a Dacia abriu uma unidade de produ\u00e7\u00e3o fora da Rom\u00e9nia, na f\u00e1brica de Somaca em Casablanca (Marrocos).<\/p>\n<p>O crescimento da gama de modelos (Sandero, Duster, etc.) e o seu sucesso imediato tornaram necess\u00e1ria a expans\u00e3o da capacidade de produ\u00e7\u00e3o:<\/p>\n<p>&#8211; Inaugura\u00e7\u00e3o, em 2012, de uma f\u00e1brica totalmente nova na cidade portu\u00e1ria de T\u00e2nger (Marrocos),<\/p>\n<p>&#8211; Abertura, em 2016, de uma linha de produ\u00e7\u00e3o em Oran, destinada exclusivamente ao mercado argelino,<\/p>\n<p>&#8211; A produ\u00e7\u00e3o do Spring, o primeiro autom\u00f3vel 100% el\u00e9ctrico da Dacia, iniciou-se em 2020, na f\u00e1brica de Shyian na China.<\/p>\n<p>Os autom\u00f3veis Dacia s\u00e3o, actualmente, vendidos em 44 pa\u00edses, com \u00eanfase na Europa e na bacia do Mediterr\u00e2neo.<\/p>\n<p><strong>SOBRE A DACIA<\/strong><\/p>\n<p>Nascida em 1968 e relan\u00e7ado pelo Grupo Renault a partir de 2004 em toda a Europa e pa\u00edses mediterr\u00e2nicos, a Dacia sempre ofereceu autom\u00f3veis com a melhor rela\u00e7\u00e3o qualidade\/pre\u00e7o, ao redefinir constantemente o que \u00e9 essencial.<\/p>\n<p>Revolucion\u00e1ria, a Dacia prop\u00f5e autom\u00f3veis simples, vers\u00e1teis e fi\u00e1veis, em sintonia com os estilos de vida dos clientes.<\/p>\n<p>Os modelos Dacia tornaram-se uma refer\u00eancia no mercado: Logan, o autom\u00f3vel novo ao pre\u00e7o de um usado; Sandero, o autom\u00f3vel de retalho mais vendido na Europa desde 2017; Duster, o SUV mais vendido aos clientes particulares europeus desde 2018; Spring, o campe\u00e3o da mobilidade el\u00e9ctrica acess\u00edvel; Jogger, o autom\u00f3vel familiar vers\u00e1til do segmento C.<\/p>\n<p>Presente em 44 pa\u00edses, a Dacia j\u00e1 vendeu mais de 7,5 milh\u00f5es de autom\u00f3veis desde 2004 e produziu mais de 10 milh\u00f5es desde 1968.<\/p>\n","protected":false},"excerpt":{"rendered":"<p>A Dacia acaba de produzir o&#8230;<\/p>\n","protected":false},"author":15,"featured_media":29342,"comment_status":"closed","ping_status":"closed","sticky":false,"template":"","format":"standard","meta":{"footnotes":""},"categories":[37],"tags":[822],"class_list":["post-29368","post","type-post","status-publish","format-standard","has-post-thumbnail","hentry","category-mercado","tag-dacia"],"yoast_head":"<!-- This site is optimized with the Yoast SEO plugin v27.4 - https:\/\/yoast.com\/product\/yoast-seo-wordpress\/ -->\n<title>Dacia ultrapassa os 10 milh\u00f5es de autom\u00f3veis produzidos - Jornal das Oficinas<\/title>\n<meta name=\"robots\" content=\"index, follow, max-snippet:-1, max-image-preview:large, max-video-preview:-1\" \/>\n<link rel=\"canonical\" href=\"https:\/\/jornaldasoficinas.com\/pt\/dacia-ultrapassa-os-10-milhoes-de-automoveis-produzidos\/\" \/>\n<meta property=\"og:locale\" content=\"pt_PT\" \/>\n<meta property=\"og:type\" content=\"article\" \/>\n<meta property=\"og:title\" content=\"Dacia ultrapassa os 10 milh\u00f5es de autom\u00f3veis produzidos - Jornal das Oficinas\" \/>\n<meta property=\"og:description\" content=\"A Dacia acaba de produzir o...\" \/>\n<meta property=\"og:url\" content=\"https:\/\/jornaldasoficinas.com\/pt\/dacia-ultrapassa-os-10-milhoes-de-automoveis-produzidos\/\" \/>\n<meta property=\"og:site_name\" content=\"Jornal das Oficinas\" \/>\n<meta property=\"article:publisher\" content=\"https:\/\/www.facebook.com\/jornaloficinas\" \/>\n<meta property=\"article:published_time\" content=\"2022-05-03T09:00:44+00:00\" \/>\n<meta property=\"og:image\" content=\"https:\/\/jornaldasoficinas.com\/pt\/wp-content\/uploads\/2022\/05\/Dacia-ultrapassa-os-10-milho\u0303es-de-automo\u0301veis-produzidos.jpeg\" \/>\n\t<meta property=\"og:image:width\" content=\"1024\" \/>\n\t<meta property=\"og:image:height\" content=\"581\" \/>\n\t<meta property=\"og:image:type\" content=\"image\/jpeg\" \/>\n<meta name=\"author\" content=\"Reda\u00e7\u00e3o JO\" \/>\n<meta name=\"twitter:card\" content=\"summary_large_image\" \/>\n<meta name=\"twitter:creator\" content=\"@jornaloficinas\" \/>\n<meta name=\"twitter:site\" content=\"@jornaloficinas\" \/>\n<meta name=\"twitter:label1\" content=\"Escrito por\" \/>\n\t<meta name=\"twitter:data1\" content=\"Reda\u00e7\u00e3o JO\" \/>\n\t<meta name=\"twitter:label2\" content=\"Tempo estimado de leitura\" \/>\n\t<meta name=\"twitter:data2\" content=\"3 minutos\" \/>\n<script type=\"application\/ld+json\" class=\"yoast-schema-graph\">{\"@context\":\"https:\\\/\\\/schema.org\",\"@graph\":[{\"@type\":\"Article\",\"@id\":\"https:\\\/\\\/jornaldasoficinas.com\\\/pt\\\/dacia-ultrapassa-os-10-milhoes-de-automoveis-produzidos\\\/#article\",\"isPartOf\":{\"@id\":\"https:\\\/\\\/jornaldasoficinas.com\\\/pt\\\/dacia-ultrapassa-os-10-milhoes-de-automoveis-produzidos\\\/\"},\"author\":{\"name\":\"Reda\u00e7\u00e3o JO\",\"@id\":\"https:\\\/\\\/jornaldasoficinas.com\\\/pt\\\/#\\\/schema\\\/person\\\/a38eef5de2c41d9e7c9ac10141afddf3\"},\"headline\":\"Dacia ultrapassa os 10 milh\u00f5es de autom\u00f3veis produzidos\",\"datePublished\":\"2022-05-03T09:00:44+00:00\",\"mainEntityOfPage\":{\"@id\":\"https:\\\/\\\/jornaldasoficinas.com\\\/pt\\\/dacia-ultrapassa-os-10-milhoes-de-automoveis-produzidos\\\/\"},\"wordCount\":514,\"publisher\":{\"@id\":\"https:\\\/\\\/jornaldasoficinas.com\\\/pt\\\/#organization\"},\"image\":{\"@id\":\"https:\\\/\\\/jornaldasoficinas.com\\\/pt\\\/dacia-ultrapassa-os-10-milhoes-de-automoveis-produzidos\\\/#primaryimage\"},\"thumbnailUrl\":\"https:\\\/\\\/jornaldasoficinas.com\\\/pt\\\/wp-content\\\/uploads\\\/2022\\\/05\\\/Dacia-ultrapassa-os-10-milho\u0303es-de-automo\u0301veis-produzidos.jpeg\",\"keywords\":[\"Dacia\"],\"articleSection\":[\"Mercado\"],\"inLanguage\":\"pt-PT\"},{\"@type\":\"WebPage\",\"@id\":\"https:\\\/\\\/jornaldasoficinas.com\\\/pt\\\/dacia-ultrapassa-os-10-milhoes-de-automoveis-produzidos\\\/\",\"url\":\"https:\\\/\\\/jornaldasoficinas.com\\\/pt\\\/dacia-ultrapassa-os-10-milhoes-de-automoveis-produzidos\\\/\",\"name\":\"Dacia ultrapassa os 10 milh\u00f5es de autom\u00f3veis produzidos - Jornal das Oficinas\",\"isPartOf\":{\"@id\":\"https:\\\/\\\/jornaldasoficinas.com\\\/pt\\\/#website\"},\"primaryImageOfPage\":{\"@id\":\"https:\\\/\\\/jornaldasoficinas.com\\\/pt\\\/dacia-ultrapassa-os-10-milhoes-de-automoveis-produzidos\\\/#primaryimage\"},\"image\":{\"@id\":\"https:\\\/\\\/jornaldasoficinas.com\\\/pt\\\/dacia-ultrapassa-os-10-milhoes-de-automoveis-produzidos\\\/#primaryimage\"},\"thumbnailUrl\":\"https:\\\/\\\/jornaldasoficinas.com\\\/pt\\\/wp-content\\\/uploads\\\/2022\\\/05\\\/Dacia-ultrapassa-os-10-milho\u0303es-de-automo\u0301veis-produzidos.jpeg\",\"datePublished\":\"2022-05-03T09:00:44+00:00\",\"breadcrumb\":{\"@id\":\"https:\\\/\\\/jornaldasoficinas.com\\\/pt\\\/dacia-ultrapassa-os-10-milhoes-de-automoveis-produzidos\\\/#breadcrumb\"},\"inLanguage\":\"pt-PT\",\"potentialAction\":[{\"@type\":\"ReadAction\",\"target\":[\"https:\\\/\\\/jornaldasoficinas.com\\\/pt\\\/dacia-ultrapassa-os-10-milhoes-de-automoveis-produzidos\\\/\"]}]},{\"@type\":\"ImageObject\",\"inLanguage\":\"pt-PT\",\"@id\":\"https:\\\/\\\/jornaldasoficinas.com\\\/pt\\\/dacia-ultrapassa-os-10-milhoes-de-automoveis-produzidos\\\/#primaryimage\",\"url\":\"https:\\\/\\\/jornaldasoficinas.com\\\/pt\\\/wp-content\\\/uploads\\\/2022\\\/05\\\/Dacia-ultrapassa-os-10-milho\u0303es-de-automo\u0301veis-produzidos.jpeg\",\"contentUrl\":\"https:\\\/\\\/jornaldasoficinas.com\\\/pt\\\/wp-content\\\/uploads\\\/2022\\\/05\\\/Dacia-ultrapassa-os-10-milho\u0303es-de-automo\u0301veis-produzidos.jpeg\",\"width\":1024,\"height\":581,\"caption\":\"05 - Dacia ultrapassa os 10 milho\u0303es de automo\u0301veis produzidos\"},{\"@type\":\"BreadcrumbList\",\"@id\":\"https:\\\/\\\/jornaldasoficinas.com\\\/pt\\\/dacia-ultrapassa-os-10-milhoes-de-automoveis-produzidos\\\/#breadcrumb\",\"itemListElement\":[{\"@type\":\"ListItem\",\"position\":1,\"name\":\"In\u00edcio\",\"item\":\"https:\\\/\\\/jornaldasoficinas.com\\\/pt\\\/\"},{\"@type\":\"ListItem\",\"position\":2,\"name\":\"Dacia ultrapassa os 10 milh\u00f5es de autom\u00f3veis produzidos\"}]},{\"@type\":\"WebSite\",\"@id\":\"https:\\\/\\\/jornaldasoficinas.com\\\/pt\\\/#website\",\"url\":\"https:\\\/\\\/jornaldasoficinas.com\\\/pt\\\/\",\"name\":\"Jornal das Oficinas\",\"description\":\"Jornal independente do Aftermarket Autom\u00f3vel em Portugal\",\"publisher\":{\"@id\":\"https:\\\/\\\/jornaldasoficinas.com\\\/pt\\\/#organization\"},\"potentialAction\":[{\"@type\":\"SearchAction\",\"target\":{\"@type\":\"EntryPoint\",\"urlTemplate\":\"https:\\\/\\\/jornaldasoficinas.com\\\/pt\\\/?s={search_term_string}\"},\"query-input\":{\"@type\":\"PropertyValueSpecification\",\"valueRequired\":true,\"valueName\":\"search_term_string\"}}],\"inLanguage\":\"pt-PT\"},{\"@type\":\"Organization\",\"@id\":\"https:\\\/\\\/jornaldasoficinas.com\\\/pt\\\/#organization\",\"name\":\"Jornal das Oficinas\",\"url\":\"https:\\\/\\\/jornaldasoficinas.com\\\/pt\\\/\",\"logo\":{\"@type\":\"ImageObject\",\"inLanguage\":\"pt-PT\",\"@id\":\"https:\\\/\\\/jornaldasoficinas.com\\\/pt\\\/#\\\/schema\\\/logo\\\/image\\\/\",\"url\":\"https:\\\/\\\/jornaldasoficinas.com\\\/pt\\\/wp-content\\\/uploads\\\/logoJO-SEO.png\",\"contentUrl\":\"https:\\\/\\\/jornaldasoficinas.com\\\/pt\\\/wp-content\\\/uploads\\\/logoJO-SEO.png\",\"width\":285,\"height\":450,\"caption\":\"Jornal das Oficinas\"},\"image\":{\"@id\":\"https:\\\/\\\/jornaldasoficinas.com\\\/pt\\\/#\\\/schema\\\/logo\\\/image\\\/\"},\"sameAs\":[\"https:\\\/\\\/www.facebook.com\\\/jornaloficinas\",\"https:\\\/\\\/x.com\\\/jornaloficinas\",\"https:\\\/\\\/www.instagram.com\\\/jornal_oficinas\\\/\",\"https:\\\/\\\/www.linkedin.com\\\/company\\\/jornal-das-oficinas\\\/\",\"https:\\\/\\\/www.youtube.com\\\/channel\\\/UCbQZBqtcvV-oSQrr7RzINGg\"]},{\"@type\":\"Person\",\"@id\":\"https:\\\/\\\/jornaldasoficinas.com\\\/pt\\\/#\\\/schema\\\/person\\\/a38eef5de2c41d9e7c9ac10141afddf3\",\"name\":\"Reda\u00e7\u00e3o JO\",\"image\":{\"@type\":\"ImageObject\",\"inLanguage\":\"pt-PT\",\"@id\":\"https:\\\/\\\/secure.gravatar.com\\\/avatar\\\/71f2fa71737ad68a84fea94bc708ddac8ea5b0c4788dc2ad202f3ccb2887742f?s=96&d=wp_user_avatar&r=g\",\"url\":\"https:\\\/\\\/secure.gravatar.com\\\/avatar\\\/71f2fa71737ad68a84fea94bc708ddac8ea5b0c4788dc2ad202f3ccb2887742f?s=96&d=wp_user_avatar&r=g\",\"contentUrl\":\"https:\\\/\\\/secure.gravatar.com\\\/avatar\\\/71f2fa71737ad68a84fea94bc708ddac8ea5b0c4788dc2ad202f3ccb2887742f?s=96&d=wp_user_avatar&r=g\",\"caption\":\"Reda\u00e7\u00e3o JO\"},\"url\":\"https:\\\/\\\/jornaldasoficinas.com\\\/pt\\\/author\\\/joredacao\\\/\"}]}<\/script>\n<!-- \/ Yoast SEO plugin. -->","yoast_head_json":{"title":"Dacia ultrapassa os 10 milh\u00f5es de autom\u00f3veis produzidos - Jornal das Oficinas","robots":{"index":"index","follow":"follow","max-snippet":"max-snippet:-1","max-image-preview":"max-image-preview:large","max-video-preview":"max-video-preview:-1"},"canonical":"https:\/\/jornaldasoficinas.com\/pt\/dacia-ultrapassa-os-10-milhoes-de-automoveis-produzidos\/","og_locale":"pt_PT","og_type":"article","og_title":"Dacia ultrapassa os 10 milh\u00f5es de autom\u00f3veis produzidos - Jornal das Oficinas","og_description":"A Dacia acaba de produzir o...","og_url":"https:\/\/jornaldasoficinas.com\/pt\/dacia-ultrapassa-os-10-milhoes-de-automoveis-produzidos\/","og_site_name":"Jornal das Oficinas","article_publisher":"https:\/\/www.facebook.com\/jornaloficinas","article_published_time":"2022-05-03T09:00:44+00:00","og_image":[{"width":1024,"height":581,"url":"https:\/\/jornaldasoficinas.com\/pt\/wp-content\/uploads\/2022\/05\/Dacia-ultrapassa-os-10-milho\u0303es-de-automo\u0301veis-produzidos.jpeg","type":"image\/jpeg"}],"author":"Reda\u00e7\u00e3o JO","twitter_card":"summary_large_image","twitter_creator":"@jornaloficinas","twitter_site":"@jornaloficinas","twitter_misc":{"Escrito por":"Reda\u00e7\u00e3o JO","Tempo estimado de leitura":"3 minutos"},"schema":{"@context":"https:\/\/schema.org","@graph":[{"@type":"Article","@id":"https:\/\/jornaldasoficinas.com\/pt\/dacia-ultrapassa-os-10-milhoes-de-automoveis-produzidos\/#article","isPartOf":{"@id":"https:\/\/jornaldasoficinas.com\/pt\/dacia-ultrapassa-os-10-milhoes-de-automoveis-produzidos\/"},"author":{"name":"Reda\u00e7\u00e3o JO","@id":"https:\/\/jornaldasoficinas.com\/pt\/#\/schema\/person\/a38eef5de2c41d9e7c9ac10141afddf3"},"headline":"Dacia ultrapassa os 10 milh\u00f5es de autom\u00f3veis produzidos","datePublished":"2022-05-03T09:00:44+00:00","mainEntityOfPage":{"@id":"https:\/\/jornaldasoficinas.com\/pt\/dacia-ultrapassa-os-10-milhoes-de-automoveis-produzidos\/"},"wordCount":514,"publisher":{"@id":"https:\/\/jornaldasoficinas.com\/pt\/#organization"},"image":{"@id":"https:\/\/jornaldasoficinas.com\/pt\/dacia-ultrapassa-os-10-milhoes-de-automoveis-produzidos\/#primaryimage"},"thumbnailUrl":"https:\/\/jornaldasoficinas.com\/pt\/wp-content\/uploads\/2022\/05\/Dacia-ultrapassa-os-10-milho\u0303es-de-automo\u0301veis-produzidos.jpeg","keywords":["Dacia"],"articleSection":["Mercado"],"inLanguage":"pt-PT"},{"@type":"WebPage","@id":"https:\/\/jornaldasoficinas.com\/pt\/dacia-ultrapassa-os-10-milhoes-de-automoveis-produzidos\/","url":"https:\/\/jornaldasoficinas.com\/pt\/dacia-ultrapassa-os-10-milhoes-de-automoveis-produzidos\/","name":"Dacia ultrapassa os 10 milh\u00f5es de autom\u00f3veis produzidos - Jornal das Oficinas","isPartOf":{"@id":"https:\/\/jornaldasoficinas.com\/pt\/#website"},"primaryImageOfPage":{"@id":"https:\/\/jornaldasoficinas.com\/pt\/dacia-ultrapassa-os-10-milhoes-de-automoveis-produzidos\/#primaryimage"},"image":{"@id":"https:\/\/jornaldasoficinas.com\/pt\/dacia-ultrapassa-os-10-milhoes-de-automoveis-produzidos\/#primaryimage"},"thumbnailUrl":"https:\/\/jornaldasoficinas.com\/pt\/wp-content\/uploads\/2022\/05\/Dacia-ultrapassa-os-10-milho\u0303es-de-automo\u0301veis-produzidos.jpeg","datePublished":"2022-05-03T09:00:44+00:00","breadcrumb":{"@id":"https:\/\/jornaldasoficinas.com\/pt\/dacia-ultrapassa-os-10-milhoes-de-automoveis-produzidos\/#breadcrumb"},"inLanguage":"pt-PT","potentialAction":[{"@type":"ReadAction","target":["https:\/\/jornaldasoficinas.com\/pt\/dacia-ultrapassa-os-10-milhoes-de-automoveis-produzidos\/"]}]},{"@type":"ImageObject","inLanguage":"pt-PT","@id":"https:\/\/jornaldasoficinas.com\/pt\/dacia-ultrapassa-os-10-milhoes-de-automoveis-produzidos\/#primaryimage","url":"https:\/\/jornaldasoficinas.com\/pt\/wp-content\/uploads\/2022\/05\/Dacia-ultrapassa-os-10-milho\u0303es-de-automo\u0301veis-produzidos.jpeg","contentUrl":"https:\/\/jornaldasoficinas.com\/pt\/wp-content\/uploads\/2022\/05\/Dacia-ultrapassa-os-10-milho\u0303es-de-automo\u0301veis-produzidos.jpeg","width":1024,"height":581,"caption":"05 - Dacia ultrapassa os 10 milho\u0303es de automo\u0301veis produzidos"},{"@type":"BreadcrumbList","@id":"https:\/\/jornaldasoficinas.com\/pt\/dacia-ultrapassa-os-10-milhoes-de-automoveis-produzidos\/#breadcrumb","itemListElement":[{"@type":"ListItem","position":1,"name":"In\u00edcio","item":"https:\/\/jornaldasoficinas.com\/pt\/"},{"@type":"ListItem","position":2,"name":"Dacia ultrapassa os 10 milh\u00f5es de autom\u00f3veis produzidos"}]},{"@type":"WebSite","@id":"https:\/\/jornaldasoficinas.com\/pt\/#website","url":"https:\/\/jornaldasoficinas.com\/pt\/","name":"Jornal das Oficinas","description":"Jornal independente do Aftermarket Autom\u00f3vel em Portugal","publisher":{"@id":"https:\/\/jornaldasoficinas.com\/pt\/#organization"},"potentialAction":[{"@type":"SearchAction","target":{"@type":"EntryPoint","urlTemplate":"https:\/\/jornaldasoficinas.com\/pt\/?s={search_term_string}"},"query-input":{"@type":"PropertyValueSpecification","valueRequired":true,"valueName":"search_term_string"}}],"inLanguage":"pt-PT"},{"@type":"Organization","@id":"https:\/\/jornaldasoficinas.com\/pt\/#organization","name":"Jornal das Oficinas","url":"https:\/\/jornaldasoficinas.com\/pt\/","logo":{"@type":"ImageObject","inLanguage":"pt-PT","@id":"https:\/\/jornaldasoficinas.com\/pt\/#\/schema\/logo\/image\/","url":"https:\/\/jornaldasoficinas.com\/pt\/wp-content\/uploads\/logoJO-SEO.png","contentUrl":"https:\/\/jornaldasoficinas.com\/pt\/wp-content\/uploads\/logoJO-SEO.png","width":285,"height":450,"caption":"Jornal das Oficinas"},"image":{"@id":"https:\/\/jornaldasoficinas.com\/pt\/#\/schema\/logo\/image\/"},"sameAs":["https:\/\/www.facebook.com\/jornaloficinas","https:\/\/x.com\/jornaloficinas","https:\/\/www.instagram.com\/jornal_oficinas\/","https:\/\/www.linkedin.com\/company\/jornal-das-oficinas\/","https:\/\/www.youtube.com\/channel\/UCbQZBqtcvV-oSQrr7RzINGg"]},{"@type":"Person","@id":"https:\/\/jornaldasoficinas.com\/pt\/#\/schema\/person\/a38eef5de2c41d9e7c9ac10141afddf3","name":"Reda\u00e7\u00e3o JO","image":{"@type":"ImageObject","inLanguage":"pt-PT","@id":"https:\/\/secure.gravatar.com\/avatar\/71f2fa71737ad68a84fea94bc708ddac8ea5b0c4788dc2ad202f3ccb2887742f?s=96&d=wp_user_avatar&r=g","url":"https:\/\/secure.gravatar.com\/avatar\/71f2fa71737ad68a84fea94bc708ddac8ea5b0c4788dc2ad202f3ccb2887742f?s=96&d=wp_user_avatar&r=g","contentUrl":"https:\/\/secure.gravatar.com\/avatar\/71f2fa71737ad68a84fea94bc708ddac8ea5b0c4788dc2ad202f3ccb2887742f?s=96&d=wp_user_avatar&r=g","caption":"Reda\u00e7\u00e3o JO"},"url":"https:\/\/jornaldasoficinas.com\/pt\/author\/joredacao\/"}]}},"_links":{"self":[{"href":"https:\/\/jornaldasoficinas.com\/pt\/wp-json\/wp\/v2\/posts\/29368","targetHints":{"allow":["GET"]}}],"collection":[{"href":"https:\/\/jornaldasoficinas.com\/pt\/wp-json\/wp\/v2\/posts"}],"about":[{"href":"https:\/\/jornaldasoficinas.com\/pt\/wp-json\/wp\/v2\/types\/post"}],"author":[{"embeddable":true,"href":"https:\/\/jornaldasoficinas.com\/pt\/wp-json\/wp\/v2\/users\/15"}],"replies":[{"embeddable":true,"href":"https:\/\/jornaldasoficinas.com\/pt\/wp-json\/wp\/v2\/comments?post=29368"}],"version-history":[{"count":0,"href":"https:\/\/jornaldasoficinas.com\/pt\/wp-json\/wp\/v2\/posts\/29368\/revisions"}],"wp:featuredmedia":[{"embeddable":true,"href":"https:\/\/jornaldasoficinas.com\/pt\/wp-json\/wp\/v2\/media\/29342"}],"wp:attachment":[{"href":"https:\/\/jornaldasoficinas.com\/pt\/wp-json\/wp\/v2\/media?parent=29368"}],"wp:term":[{"taxonomy":"category","embeddable":true,"href":"https:\/\/jornaldasoficinas.com\/pt\/wp-json\/wp\/v2\/categories?post=29368"},{"taxonomy":"post_tag","embeddable":true,"href":"https:\/\/jornaldasoficinas.com\/pt\/wp-json\/wp\/v2\/tags?post=29368"}],"curies":[{"name":"wp","href":"https:\/\/api.w.org\/{rel}","templated":true}]}}