{"id":29570,"date":"2022-05-10T08:00:28","date_gmt":"2022-05-10T07:00:28","guid":{"rendered":"https:\/\/jornaldasoficinas.com\/pt\/?p=29570"},"modified":"2023-07-20T16:12:09","modified_gmt":"2023-07-20T15:12:09","slug":"stratio-apresenta-solucao-manutencao-preditiva-para-ve","status":"publish","type":"post","link":"https:\/\/jornaldasoficinas.com\/pt\/stratio-apresenta-solucao-manutencao-preditiva-para-ve\/","title":{"rendered":"Stratio apresenta solu\u00e7\u00e3o manuten\u00e7\u00e3o preditiva para VE"},"content":{"rendered":"<p><strong><img loading=\"lazy\" decoding=\"async\" class=\"alignnone size-full wp-image-29481\" src=\"https:\/\/jornaldasoficinas.com\/pt\/wp-content\/uploads\/2022\/05\/Stratio-apresenta-soluc\u0327a\u0303o-manutenc\u0327a\u0303o-preditiva-para-VE.jpg\" alt=\"05 - Stratio apresenta soluc\u0327a\u0303o manutenc\u0327a\u0303o preditiva para VE\" width=\"1024\" height=\"581\" srcset=\"https:\/\/jornaldasoficinas.com\/pt\/wp-content\/uploads\/2022\/05\/Stratio-apresenta-soluc\u0327a\u0303o-manutenc\u0327a\u0303o-preditiva-para-VE.jpg 1024w, https:\/\/jornaldasoficinas.com\/pt\/wp-content\/uploads\/2022\/05\/Stratio-apresenta-soluc\u0327a\u0303o-manutenc\u0327a\u0303o-preditiva-para-VE-300x170.jpg 300w, https:\/\/jornaldasoficinas.com\/pt\/wp-content\/uploads\/2022\/05\/Stratio-apresenta-soluc\u0327a\u0303o-manutenc\u0327a\u0303o-preditiva-para-VE-150x85.jpg 150w, https:\/\/jornaldasoficinas.com\/pt\/wp-content\/uploads\/2022\/05\/Stratio-apresenta-soluc\u0327a\u0303o-manutenc\u0327a\u0303o-preditiva-para-VE-768x436.jpg 768w\" sizes=\"auto, (max-width: 1024px) 100vw, 1024px\" \/><\/strong><\/p>\n<p><strong><a href=\"https:\/\/stratioautomotive.com\/\" target=\"_blank\" rel=\"noopener\">Stratio<\/a>, a principal plataforma de manuten\u00e7\u00e3o preditiva para frotas, anuncia hoje a sua presen\u00e7a na Confer\u00eancia e Exposi\u00e7\u00e3o\u00a0 IT-TRANS 2022 em Karlsruhe, Alemanha (10-12 de Maio, 2022)<\/strong><\/p>\n<p>No evento, Rune Prytz, Head of Research da Stratio, apresentar\u00e1 os resultados do Projecto Battery Cortex sobre a an\u00e1lise preditiva de baterias para Ve\u00edculos El\u00e9tricos (VEs), realizado em parceria com a Universidade de Halmstad na Su\u00e9cia, um organismo de investiga\u00e7\u00e3o l\u00edder no campo das Tecnologias de Informa\u00e7\u00e3o e Ci\u00eancias da Inova\u00e7\u00e3o.<\/p>\n<p>Com a previs\u00e3o de um aumento de 83% das vendas de autocarros com zero emiss\u00f5es no mercado global at\u00e9 2040, e com o plano clim\u00e1tico da UE para reduzir as emiss\u00f5es de g\u00e1s em pelo menos 55% at\u00e9 2030, ter uma estrat\u00e9gia rent\u00e1vel de transi\u00e7\u00e3o para ve\u00edculos el\u00e9ctricos \u00e9 fundamental para os operadores de frotas de autocarros urbanos actuais.<\/p>\n<p>&#8220;As baterias representam 40% do custo total dos autocarros el\u00e9ctricos, pelo que o seu desempenho determina a vida \u00fatil e o custo de propriedade dos ve\u00edculos&#8221;, disse Prytz. &#8220;Por esta raz\u00e3o, dirigimos os nossos esfor\u00e7os para resolver os tr\u00eas problemas que atualmente existem com baterias EV: o controlo de falhas internas, a optimiza\u00e7\u00e3o da vida \u00fatil das baterias, e a previs\u00e3o da capacidade futura das baterias&#8221;, explicou ele.<\/p>\n<p>Na IT-TRANS, Rune Prytz cobrir\u00e1 a forma como a plataforma de manuten\u00e7\u00e3o preditiva da frota de VEs da Stratio resolve estes problemas, fornecendo aos operadores de frotas de autocarros urbanos os seguintes conhecimentos:<\/p>\n<p>Avalia\u00e7\u00e3o da bateria de VEs: an\u00e1lise do Estado de Sa\u00fade (SOH), capacidade m\u00e1xima e previs\u00e3o da vida \u00fatil remanescente;<\/p>\n<p>Informa\u00e7\u00e3o em tempo real sobre o ve\u00edculo: aceder a ve\u00edculos remotamente para receber informa\u00e7\u00e3o acion\u00e1vel sobre problemas e avarias em tempo real;<\/p>\n<p>Informa\u00e7\u00e3o detalhada sobre falhas: visualizar um hist\u00f3rico completo de ocorr\u00eancias em qualquer altura com informa\u00e7\u00e3o detalhada sobre repara\u00e7\u00f5es.<\/p>\n<p>O painel, intitulado &#8220;Transi\u00e7\u00e3o bem sucedida para Autocarros El\u00e9tricos&#8221;, ter\u00e1 lugar na ter\u00e7a-feira, dia 10 de Maio pelas 15:30 CET no pavilh\u00e3o 1 do piso da exposi\u00e7\u00e3o.<\/p>\n<p>A Stratio estar\u00e1 localizada no stand X20 do no sal\u00e3o dm-arena.<\/p>\n","protected":false},"excerpt":{"rendered":"<p>Stratio, a principal plataforma de manuten\u00e7\u00e3o&#8230;<\/p>\n","protected":false},"author":15,"featured_media":29481,"comment_status":"closed","ping_status":"closed","sticky":false,"template":"","format":"standard","meta":{"footnotes":""},"categories":[29],"tags":[933],"class_list":["post-29570","post","type-post","status-publish","format-standard","has-post-thumbnail","hentry","category-empresas","tag-stratio"],"yoast_head":"<!-- This site is optimized with the Yoast SEO plugin v27.4 - https:\/\/yoast.com\/product\/yoast-seo-wordpress\/ -->\n<title>Stratio apresenta solu\u00e7\u00e3o manuten\u00e7\u00e3o preditiva para VE - Jornal das Oficinas<\/title>\n<meta name=\"robots\" content=\"index, follow, max-snippet:-1, max-image-preview:large, max-video-preview:-1\" \/>\n<link rel=\"canonical\" href=\"https:\/\/jornaldasoficinas.com\/pt\/stratio-apresenta-solucao-manutencao-preditiva-para-ve\/\" \/>\n<meta property=\"og:locale\" content=\"pt_PT\" \/>\n<meta property=\"og:type\" content=\"article\" \/>\n<meta property=\"og:title\" content=\"Stratio apresenta solu\u00e7\u00e3o manuten\u00e7\u00e3o preditiva para VE - Jornal das Oficinas\" \/>\n<meta property=\"og:description\" content=\"Stratio, a principal plataforma de manuten\u00e7\u00e3o...\" \/>\n<meta property=\"og:url\" content=\"https:\/\/jornaldasoficinas.com\/pt\/stratio-apresenta-solucao-manutencao-preditiva-para-ve\/\" \/>\n<meta property=\"og:site_name\" content=\"Jornal das Oficinas\" \/>\n<meta property=\"article:publisher\" content=\"https:\/\/www.facebook.com\/jornaloficinas\" \/>\n<meta property=\"article:published_time\" content=\"2022-05-10T07:00:28+00:00\" \/>\n<meta property=\"article:modified_time\" content=\"2023-07-20T15:12:09+00:00\" \/>\n<meta property=\"og:image\" content=\"https:\/\/jornaldasoficinas.com\/pt\/wp-content\/uploads\/2022\/05\/Stratio-apresenta-soluc\u0327a\u0303o-manutenc\u0327a\u0303o-preditiva-para-VE.jpg\" \/>\n\t<meta property=\"og:image:width\" content=\"1024\" \/>\n\t<meta property=\"og:image:height\" content=\"581\" \/>\n\t<meta property=\"og:image:type\" content=\"image\/jpeg\" \/>\n<meta name=\"author\" content=\"Reda\u00e7\u00e3o JO\" \/>\n<meta name=\"twitter:card\" content=\"summary_large_image\" \/>\n<meta name=\"twitter:creator\" content=\"@jornaloficinas\" \/>\n<meta name=\"twitter:site\" content=\"@jornaloficinas\" \/>\n<meta name=\"twitter:label1\" content=\"Escrito por\" \/>\n\t<meta name=\"twitter:data1\" content=\"Reda\u00e7\u00e3o JO\" \/>\n\t<meta name=\"twitter:label2\" content=\"Tempo estimado de leitura\" \/>\n\t<meta name=\"twitter:data2\" content=\"2 minutos\" \/>\n<script type=\"application\/ld+json\" class=\"yoast-schema-graph\">{\"@context\":\"https:\\\/\\\/schema.org\",\"@graph\":[{\"@type\":\"Article\",\"@id\":\"https:\\\/\\\/jornaldasoficinas.com\\\/pt\\\/stratio-apresenta-solucao-manutencao-preditiva-para-ve\\\/#article\",\"isPartOf\":{\"@id\":\"https:\\\/\\\/jornaldasoficinas.com\\\/pt\\\/stratio-apresenta-solucao-manutencao-preditiva-para-ve\\\/\"},\"author\":{\"name\":\"Reda\u00e7\u00e3o JO\",\"@id\":\"https:\\\/\\\/jornaldasoficinas.com\\\/pt\\\/#\\\/schema\\\/person\\\/a38eef5de2c41d9e7c9ac10141afddf3\"},\"headline\":\"Stratio apresenta solu\u00e7\u00e3o manuten\u00e7\u00e3o preditiva para VE\",\"datePublished\":\"2022-05-10T07:00:28+00:00\",\"dateModified\":\"2023-07-20T15:12:09+00:00\",\"mainEntityOfPage\":{\"@id\":\"https:\\\/\\\/jornaldasoficinas.com\\\/pt\\\/stratio-apresenta-solucao-manutencao-preditiva-para-ve\\\/\"},\"wordCount\":385,\"publisher\":{\"@id\":\"https:\\\/\\\/jornaldasoficinas.com\\\/pt\\\/#organization\"},\"image\":{\"@id\":\"https:\\\/\\\/jornaldasoficinas.com\\\/pt\\\/stratio-apresenta-solucao-manutencao-preditiva-para-ve\\\/#primaryimage\"},\"thumbnailUrl\":\"https:\\\/\\\/jornaldasoficinas.com\\\/pt\\\/wp-content\\\/uploads\\\/2022\\\/05\\\/Stratio-apresenta-soluc\u0327a\u0303o-manutenc\u0327a\u0303o-preditiva-para-VE.jpg\",\"keywords\":[\"Stratio\"],\"articleSection\":[\"Empresas\"],\"inLanguage\":\"pt-PT\"},{\"@type\":\"WebPage\",\"@id\":\"https:\\\/\\\/jornaldasoficinas.com\\\/pt\\\/stratio-apresenta-solucao-manutencao-preditiva-para-ve\\\/\",\"url\":\"https:\\\/\\\/jornaldasoficinas.com\\\/pt\\\/stratio-apresenta-solucao-manutencao-preditiva-para-ve\\\/\",\"name\":\"Stratio apresenta solu\u00e7\u00e3o manuten\u00e7\u00e3o preditiva para VE - Jornal das Oficinas\",\"isPartOf\":{\"@id\":\"https:\\\/\\\/jornaldasoficinas.com\\\/pt\\\/#website\"},\"primaryImageOfPage\":{\"@id\":\"https:\\\/\\\/jornaldasoficinas.com\\\/pt\\\/stratio-apresenta-solucao-manutencao-preditiva-para-ve\\\/#primaryimage\"},\"image\":{\"@id\":\"https:\\\/\\\/jornaldasoficinas.com\\\/pt\\\/stratio-apresenta-solucao-manutencao-preditiva-para-ve\\\/#primaryimage\"},\"thumbnailUrl\":\"https:\\\/\\\/jornaldasoficinas.com\\\/pt\\\/wp-content\\\/uploads\\\/2022\\\/05\\\/Stratio-apresenta-soluc\u0327a\u0303o-manutenc\u0327a\u0303o-preditiva-para-VE.jpg\",\"datePublished\":\"2022-05-10T07:00:28+00:00\",\"dateModified\":\"2023-07-20T15:12:09+00:00\",\"breadcrumb\":{\"@id\":\"https:\\\/\\\/jornaldasoficinas.com\\\/pt\\\/stratio-apresenta-solucao-manutencao-preditiva-para-ve\\\/#breadcrumb\"},\"inLanguage\":\"pt-PT\",\"potentialAction\":[{\"@type\":\"ReadAction\",\"target\":[\"https:\\\/\\\/jornaldasoficinas.com\\\/pt\\\/stratio-apresenta-solucao-manutencao-preditiva-para-ve\\\/\"]}]},{\"@type\":\"ImageObject\",\"inLanguage\":\"pt-PT\",\"@id\":\"https:\\\/\\\/jornaldasoficinas.com\\\/pt\\\/stratio-apresenta-solucao-manutencao-preditiva-para-ve\\\/#primaryimage\",\"url\":\"https:\\\/\\\/jornaldasoficinas.com\\\/pt\\\/wp-content\\\/uploads\\\/2022\\\/05\\\/Stratio-apresenta-soluc\u0327a\u0303o-manutenc\u0327a\u0303o-preditiva-para-VE.jpg\",\"contentUrl\":\"https:\\\/\\\/jornaldasoficinas.com\\\/pt\\\/wp-content\\\/uploads\\\/2022\\\/05\\\/Stratio-apresenta-soluc\u0327a\u0303o-manutenc\u0327a\u0303o-preditiva-para-VE.jpg\",\"width\":1024,\"height\":581,\"caption\":\"05 - Stratio apresenta soluc\u0327a\u0303o manutenc\u0327a\u0303o preditiva para VE\"},{\"@type\":\"BreadcrumbList\",\"@id\":\"https:\\\/\\\/jornaldasoficinas.com\\\/pt\\\/stratio-apresenta-solucao-manutencao-preditiva-para-ve\\\/#breadcrumb\",\"itemListElement\":[{\"@type\":\"ListItem\",\"position\":1,\"name\":\"In\u00edcio\",\"item\":\"https:\\\/\\\/jornaldasoficinas.com\\\/pt\\\/\"},{\"@type\":\"ListItem\",\"position\":2,\"name\":\"Stratio apresenta solu\u00e7\u00e3o manuten\u00e7\u00e3o preditiva para VE\"}]},{\"@type\":\"WebSite\",\"@id\":\"https:\\\/\\\/jornaldasoficinas.com\\\/pt\\\/#website\",\"url\":\"https:\\\/\\\/jornaldasoficinas.com\\\/pt\\\/\",\"name\":\"Jornal das Oficinas\",\"description\":\"Jornal independente do Aftermarket Autom\u00f3vel em Portugal\",\"publisher\":{\"@id\":\"https:\\\/\\\/jornaldasoficinas.com\\\/pt\\\/#organization\"},\"potentialAction\":[{\"@type\":\"SearchAction\",\"target\":{\"@type\":\"EntryPoint\",\"urlTemplate\":\"https:\\\/\\\/jornaldasoficinas.com\\\/pt\\\/?s={search_term_string}\"},\"query-input\":{\"@type\":\"PropertyValueSpecification\",\"valueRequired\":true,\"valueName\":\"search_term_string\"}}],\"inLanguage\":\"pt-PT\"},{\"@type\":\"Organization\",\"@id\":\"https:\\\/\\\/jornaldasoficinas.com\\\/pt\\\/#organization\",\"name\":\"Jornal das Oficinas\",\"url\":\"https:\\\/\\\/jornaldasoficinas.com\\\/pt\\\/\",\"logo\":{\"@type\":\"ImageObject\",\"inLanguage\":\"pt-PT\",\"@id\":\"https:\\\/\\\/jornaldasoficinas.com\\\/pt\\\/#\\\/schema\\\/logo\\\/image\\\/\",\"url\":\"https:\\\/\\\/jornaldasoficinas.com\\\/pt\\\/wp-content\\\/uploads\\\/logoJO-SEO.png\",\"contentUrl\":\"https:\\\/\\\/jornaldasoficinas.com\\\/pt\\\/wp-content\\\/uploads\\\/logoJO-SEO.png\",\"width\":285,\"height\":450,\"caption\":\"Jornal das Oficinas\"},\"image\":{\"@id\":\"https:\\\/\\\/jornaldasoficinas.com\\\/pt\\\/#\\\/schema\\\/logo\\\/image\\\/\"},\"sameAs\":[\"https:\\\/\\\/www.facebook.com\\\/jornaloficinas\",\"https:\\\/\\\/x.com\\\/jornaloficinas\",\"https:\\\/\\\/www.instagram.com\\\/jornal_oficinas\\\/\",\"https:\\\/\\\/www.linkedin.com\\\/company\\\/jornal-das-oficinas\\\/\",\"https:\\\/\\\/www.youtube.com\\\/channel\\\/UCbQZBqtcvV-oSQrr7RzINGg\"]},{\"@type\":\"Person\",\"@id\":\"https:\\\/\\\/jornaldasoficinas.com\\\/pt\\\/#\\\/schema\\\/person\\\/a38eef5de2c41d9e7c9ac10141afddf3\",\"name\":\"Reda\u00e7\u00e3o JO\",\"image\":{\"@type\":\"ImageObject\",\"inLanguage\":\"pt-PT\",\"@id\":\"https:\\\/\\\/secure.gravatar.com\\\/avatar\\\/71f2fa71737ad68a84fea94bc708ddac8ea5b0c4788dc2ad202f3ccb2887742f?s=96&d=wp_user_avatar&r=g\",\"url\":\"https:\\\/\\\/secure.gravatar.com\\\/avatar\\\/71f2fa71737ad68a84fea94bc708ddac8ea5b0c4788dc2ad202f3ccb2887742f?s=96&d=wp_user_avatar&r=g\",\"contentUrl\":\"https:\\\/\\\/secure.gravatar.com\\\/avatar\\\/71f2fa71737ad68a84fea94bc708ddac8ea5b0c4788dc2ad202f3ccb2887742f?s=96&d=wp_user_avatar&r=g\",\"caption\":\"Reda\u00e7\u00e3o JO\"},\"url\":\"https:\\\/\\\/jornaldasoficinas.com\\\/pt\\\/author\\\/joredacao\\\/\"}]}<\/script>\n<!-- \/ Yoast SEO plugin. -->","yoast_head_json":{"title":"Stratio apresenta solu\u00e7\u00e3o manuten\u00e7\u00e3o preditiva para VE - Jornal das Oficinas","robots":{"index":"index","follow":"follow","max-snippet":"max-snippet:-1","max-image-preview":"max-image-preview:large","max-video-preview":"max-video-preview:-1"},"canonical":"https:\/\/jornaldasoficinas.com\/pt\/stratio-apresenta-solucao-manutencao-preditiva-para-ve\/","og_locale":"pt_PT","og_type":"article","og_title":"Stratio apresenta solu\u00e7\u00e3o manuten\u00e7\u00e3o preditiva para VE - Jornal das Oficinas","og_description":"Stratio, a principal plataforma de manuten\u00e7\u00e3o...","og_url":"https:\/\/jornaldasoficinas.com\/pt\/stratio-apresenta-solucao-manutencao-preditiva-para-ve\/","og_site_name":"Jornal das Oficinas","article_publisher":"https:\/\/www.facebook.com\/jornaloficinas","article_published_time":"2022-05-10T07:00:28+00:00","article_modified_time":"2023-07-20T15:12:09+00:00","og_image":[{"width":1024,"height":581,"url":"https:\/\/jornaldasoficinas.com\/pt\/wp-content\/uploads\/2022\/05\/Stratio-apresenta-soluc\u0327a\u0303o-manutenc\u0327a\u0303o-preditiva-para-VE.jpg","type":"image\/jpeg"}],"author":"Reda\u00e7\u00e3o JO","twitter_card":"summary_large_image","twitter_creator":"@jornaloficinas","twitter_site":"@jornaloficinas","twitter_misc":{"Escrito por":"Reda\u00e7\u00e3o JO","Tempo estimado de leitura":"2 minutos"},"schema":{"@context":"https:\/\/schema.org","@graph":[{"@type":"Article","@id":"https:\/\/jornaldasoficinas.com\/pt\/stratio-apresenta-solucao-manutencao-preditiva-para-ve\/#article","isPartOf":{"@id":"https:\/\/jornaldasoficinas.com\/pt\/stratio-apresenta-solucao-manutencao-preditiva-para-ve\/"},"author":{"name":"Reda\u00e7\u00e3o JO","@id":"https:\/\/jornaldasoficinas.com\/pt\/#\/schema\/person\/a38eef5de2c41d9e7c9ac10141afddf3"},"headline":"Stratio apresenta solu\u00e7\u00e3o manuten\u00e7\u00e3o preditiva para VE","datePublished":"2022-05-10T07:00:28+00:00","dateModified":"2023-07-20T15:12:09+00:00","mainEntityOfPage":{"@id":"https:\/\/jornaldasoficinas.com\/pt\/stratio-apresenta-solucao-manutencao-preditiva-para-ve\/"},"wordCount":385,"publisher":{"@id":"https:\/\/jornaldasoficinas.com\/pt\/#organization"},"image":{"@id":"https:\/\/jornaldasoficinas.com\/pt\/stratio-apresenta-solucao-manutencao-preditiva-para-ve\/#primaryimage"},"thumbnailUrl":"https:\/\/jornaldasoficinas.com\/pt\/wp-content\/uploads\/2022\/05\/Stratio-apresenta-soluc\u0327a\u0303o-manutenc\u0327a\u0303o-preditiva-para-VE.jpg","keywords":["Stratio"],"articleSection":["Empresas"],"inLanguage":"pt-PT"},{"@type":"WebPage","@id":"https:\/\/jornaldasoficinas.com\/pt\/stratio-apresenta-solucao-manutencao-preditiva-para-ve\/","url":"https:\/\/jornaldasoficinas.com\/pt\/stratio-apresenta-solucao-manutencao-preditiva-para-ve\/","name":"Stratio apresenta solu\u00e7\u00e3o manuten\u00e7\u00e3o preditiva para VE - Jornal das Oficinas","isPartOf":{"@id":"https:\/\/jornaldasoficinas.com\/pt\/#website"},"primaryImageOfPage":{"@id":"https:\/\/jornaldasoficinas.com\/pt\/stratio-apresenta-solucao-manutencao-preditiva-para-ve\/#primaryimage"},"image":{"@id":"https:\/\/jornaldasoficinas.com\/pt\/stratio-apresenta-solucao-manutencao-preditiva-para-ve\/#primaryimage"},"thumbnailUrl":"https:\/\/jornaldasoficinas.com\/pt\/wp-content\/uploads\/2022\/05\/Stratio-apresenta-soluc\u0327a\u0303o-manutenc\u0327a\u0303o-preditiva-para-VE.jpg","datePublished":"2022-05-10T07:00:28+00:00","dateModified":"2023-07-20T15:12:09+00:00","breadcrumb":{"@id":"https:\/\/jornaldasoficinas.com\/pt\/stratio-apresenta-solucao-manutencao-preditiva-para-ve\/#breadcrumb"},"inLanguage":"pt-PT","potentialAction":[{"@type":"ReadAction","target":["https:\/\/jornaldasoficinas.com\/pt\/stratio-apresenta-solucao-manutencao-preditiva-para-ve\/"]}]},{"@type":"ImageObject","inLanguage":"pt-PT","@id":"https:\/\/jornaldasoficinas.com\/pt\/stratio-apresenta-solucao-manutencao-preditiva-para-ve\/#primaryimage","url":"https:\/\/jornaldasoficinas.com\/pt\/wp-content\/uploads\/2022\/05\/Stratio-apresenta-soluc\u0327a\u0303o-manutenc\u0327a\u0303o-preditiva-para-VE.jpg","contentUrl":"https:\/\/jornaldasoficinas.com\/pt\/wp-content\/uploads\/2022\/05\/Stratio-apresenta-soluc\u0327a\u0303o-manutenc\u0327a\u0303o-preditiva-para-VE.jpg","width":1024,"height":581,"caption":"05 - Stratio apresenta soluc\u0327a\u0303o manutenc\u0327a\u0303o preditiva para VE"},{"@type":"BreadcrumbList","@id":"https:\/\/jornaldasoficinas.com\/pt\/stratio-apresenta-solucao-manutencao-preditiva-para-ve\/#breadcrumb","itemListElement":[{"@type":"ListItem","position":1,"name":"In\u00edcio","item":"https:\/\/jornaldasoficinas.com\/pt\/"},{"@type":"ListItem","position":2,"name":"Stratio apresenta solu\u00e7\u00e3o manuten\u00e7\u00e3o preditiva para VE"}]},{"@type":"WebSite","@id":"https:\/\/jornaldasoficinas.com\/pt\/#website","url":"https:\/\/jornaldasoficinas.com\/pt\/","name":"Jornal das Oficinas","description":"Jornal independente do Aftermarket Autom\u00f3vel em Portugal","publisher":{"@id":"https:\/\/jornaldasoficinas.com\/pt\/#organization"},"potentialAction":[{"@type":"SearchAction","target":{"@type":"EntryPoint","urlTemplate":"https:\/\/jornaldasoficinas.com\/pt\/?s={search_term_string}"},"query-input":{"@type":"PropertyValueSpecification","valueRequired":true,"valueName":"search_term_string"}}],"inLanguage":"pt-PT"},{"@type":"Organization","@id":"https:\/\/jornaldasoficinas.com\/pt\/#organization","name":"Jornal das Oficinas","url":"https:\/\/jornaldasoficinas.com\/pt\/","logo":{"@type":"ImageObject","inLanguage":"pt-PT","@id":"https:\/\/jornaldasoficinas.com\/pt\/#\/schema\/logo\/image\/","url":"https:\/\/jornaldasoficinas.com\/pt\/wp-content\/uploads\/logoJO-SEO.png","contentUrl":"https:\/\/jornaldasoficinas.com\/pt\/wp-content\/uploads\/logoJO-SEO.png","width":285,"height":450,"caption":"Jornal das Oficinas"},"image":{"@id":"https:\/\/jornaldasoficinas.com\/pt\/#\/schema\/logo\/image\/"},"sameAs":["https:\/\/www.facebook.com\/jornaloficinas","https:\/\/x.com\/jornaloficinas","https:\/\/www.instagram.com\/jornal_oficinas\/","https:\/\/www.linkedin.com\/company\/jornal-das-oficinas\/","https:\/\/www.youtube.com\/channel\/UCbQZBqtcvV-oSQrr7RzINGg"]},{"@type":"Person","@id":"https:\/\/jornaldasoficinas.com\/pt\/#\/schema\/person\/a38eef5de2c41d9e7c9ac10141afddf3","name":"Reda\u00e7\u00e3o JO","image":{"@type":"ImageObject","inLanguage":"pt-PT","@id":"https:\/\/secure.gravatar.com\/avatar\/71f2fa71737ad68a84fea94bc708ddac8ea5b0c4788dc2ad202f3ccb2887742f?s=96&d=wp_user_avatar&r=g","url":"https:\/\/secure.gravatar.com\/avatar\/71f2fa71737ad68a84fea94bc708ddac8ea5b0c4788dc2ad202f3ccb2887742f?s=96&d=wp_user_avatar&r=g","contentUrl":"https:\/\/secure.gravatar.com\/avatar\/71f2fa71737ad68a84fea94bc708ddac8ea5b0c4788dc2ad202f3ccb2887742f?s=96&d=wp_user_avatar&r=g","caption":"Reda\u00e7\u00e3o JO"},"url":"https:\/\/jornaldasoficinas.com\/pt\/author\/joredacao\/"}]}},"_links":{"self":[{"href":"https:\/\/jornaldasoficinas.com\/pt\/wp-json\/wp\/v2\/posts\/29570","targetHints":{"allow":["GET"]}}],"collection":[{"href":"https:\/\/jornaldasoficinas.com\/pt\/wp-json\/wp\/v2\/posts"}],"about":[{"href":"https:\/\/jornaldasoficinas.com\/pt\/wp-json\/wp\/v2\/types\/post"}],"author":[{"embeddable":true,"href":"https:\/\/jornaldasoficinas.com\/pt\/wp-json\/wp\/v2\/users\/15"}],"replies":[{"embeddable":true,"href":"https:\/\/jornaldasoficinas.com\/pt\/wp-json\/wp\/v2\/comments?post=29570"}],"version-history":[{"count":0,"href":"https:\/\/jornaldasoficinas.com\/pt\/wp-json\/wp\/v2\/posts\/29570\/revisions"}],"wp:featuredmedia":[{"embeddable":true,"href":"https:\/\/jornaldasoficinas.com\/pt\/wp-json\/wp\/v2\/media\/29481"}],"wp:attachment":[{"href":"https:\/\/jornaldasoficinas.com\/pt\/wp-json\/wp\/v2\/media?parent=29570"}],"wp:term":[{"taxonomy":"category","embeddable":true,"href":"https:\/\/jornaldasoficinas.com\/pt\/wp-json\/wp\/v2\/categories?post=29570"},{"taxonomy":"post_tag","embeddable":true,"href":"https:\/\/jornaldasoficinas.com\/pt\/wp-json\/wp\/v2\/tags?post=29570"}],"curies":[{"name":"wp","href":"https:\/\/api.w.org\/{rel}","templated":true}]}}