{"id":29576,"date":"2022-05-10T10:00:18","date_gmt":"2022-05-10T09:00:18","guid":{"rendered":"https:\/\/jornaldasoficinas.com\/pt\/?p=29576"},"modified":"2022-05-09T15:48:47","modified_gmt":"2022-05-09T14:48:47","slug":"valeo-alcanca-marco-100-milhoes-de-camaras-produzidas","status":"publish","type":"post","link":"https:\/\/jornaldasoficinas.com\/pt\/valeo-alcanca-marco-100-milhoes-de-camaras-produzidas\/","title":{"rendered":"Valeo alcan\u00e7a marco 100 milh\u00f5es de c\u00e2maras produzidas"},"content":{"rendered":"<p><strong><img loading=\"lazy\" decoding=\"async\" class=\"alignnone size-full wp-image-29482\" src=\"https:\/\/jornaldasoficinas.com\/pt\/wp-content\/uploads\/2022\/05\/Valeo-alcanc\u0327a-marco-100-milho\u0303es-de-ca\u0302maras-produzidas.jpg\" alt=\"05 - Valeo alcanc\u0327a marco 100 milho\u0303es de ca\u0302maras produzidas\" width=\"1024\" height=\"581\" srcset=\"https:\/\/jornaldasoficinas.com\/pt\/wp-content\/uploads\/2022\/05\/Valeo-alcanc\u0327a-marco-100-milho\u0303es-de-ca\u0302maras-produzidas.jpg 1024w, https:\/\/jornaldasoficinas.com\/pt\/wp-content\/uploads\/2022\/05\/Valeo-alcanc\u0327a-marco-100-milho\u0303es-de-ca\u0302maras-produzidas-300x170.jpg 300w, https:\/\/jornaldasoficinas.com\/pt\/wp-content\/uploads\/2022\/05\/Valeo-alcanc\u0327a-marco-100-milho\u0303es-de-ca\u0302maras-produzidas-150x85.jpg 150w, https:\/\/jornaldasoficinas.com\/pt\/wp-content\/uploads\/2022\/05\/Valeo-alcanc\u0327a-marco-100-milho\u0303es-de-ca\u0302maras-produzidas-768x436.jpg 768w\" sizes=\"auto, (max-width: 1024px) 100vw, 1024px\" \/><\/strong><\/p>\n<p><strong>A 29 de Abril de 2022, a <a href=\"https:\/\/www.valeoservice.pt\/pt-pt\" target=\"_blank\" rel=\"noopener\">Valeo<\/a> alcan\u00e7ou o marco de 100 milh\u00f5es de c\u00e2maras vis\u00e3o traseira e perif\u00e9rica na sua f\u00e1brica de Tuam na Irlanda (empregando cerca de 850 pessoas)<\/strong><\/p>\n<p>A primeira c\u00e2mara saiu das linhas de produ\u00e7\u00e3o irlandesas em 2002. Oito anos mais tarde, em 2010, um milh\u00e3o de unidades foram entregues aos clientes. Em 2013, foi atingido o limiar da d\u00e9cima milion\u00e9sima c\u00e2mara, e em 2015, o n\u00famero duplicou para 20 milh\u00f5es.<\/p>\n<p>Entre 2015 e 2018, a produ\u00e7\u00e3o aumentou 30 vezes em compara\u00e7\u00e3o com os primeiros oito anos, com 30 milh\u00f5es de c\u00e2maras fabricadas em tr\u00eas anos, para um total de 50 milh\u00f5es. Nos quatro anos entre 2018 e 2022, a produ\u00e7\u00e3o total duplicou e ultrapassou a marca dos 100 milh\u00f5es de c\u00e2maras. A f\u00e1brica Tuam \u00e9 a principal respons\u00e1vel por este sucesso industrial, para o qual contribu\u00edram outras tr\u00eas f\u00e1bricas de Valeo em todo o mundo (na Europa, Am\u00e9rica do Norte e \u00c1sia).<\/p>\n<p>Leo Varadkar TD, vice-primeiro-ministro irland\u00eas dos Neg\u00f3cios, Com\u00e9rcio e Emprego, comentou: &#8220;Gostaria de felicitar toda a equipa de Valeo por este marco verdadeiramente significativo na f\u00e1brica Tuam da empresa. Desde 2007, a Valeo criou aproximadamente 600 empregos em Galway.<\/p>\n<p>Atingir cem milh\u00f5es de c\u00e2maras \u00e9 um feito not\u00e1vel e uma prova da per\u00edcia e talento de cada membro do pessoal. Estou muito satisfeito por saber dos planos da empresa para conseguir mais, para aumentar ainda mais a produ\u00e7\u00e3o de c\u00e2maras durante os pr\u00f3ximos quatro anos e desejo \u00e0 equipa que continue a ter sucesso&#8221;.<\/p>\n<p>&#8220;De uma empresa pequena, inovadora e din\u00e2mica, capaz de ser o principal fornecedor de c\u00e2maras fotogr\u00e1ficas para fabricantes de autom\u00f3veis na Europa no in\u00edcio dos anos 2000, a f\u00e1brica Tuam, adquirida pela Valeo em 2007, transformou-se num gigante global no campo da vis\u00e3o de ve\u00edculos&#8221;, disse Marc Vrecko, Presidente do Grupo Empresarial de Assist\u00eancia \u00e0 Condu\u00e7\u00e3o e Sistemas de Conforto da Valeo. &#8220;E as coisas est\u00e3o prestes a subir outro n\u00edvel. Planeamos agora produzir mais de 20 milh\u00f5es de c\u00e2maras por ano e fornecer globalmente tantas unidades aos nossos clientes fabricantes de autom\u00f3veis nos pr\u00f3ximos quatro anos como o fizemos nos \u00faltimos 15, o que significa mais 100 milh\u00f5es de c\u00e2maras at\u00e9 2026&#8221;.<\/p>\n<p>Estes 100 milh\u00f5es de c\u00e2maras n\u00e3o teriam sido poss\u00edveis se a Valeo n\u00e3o tivesse conseguido tr\u00eas revolu\u00e7\u00f5es com sucesso. O primeiro foi no campo do desenvolvimento industrial, onde a produ\u00e7\u00e3o em massa tornou os sistemas de alta tecnologia amplamente acess\u00edveis em todo o mundo. Depois veio a revolu\u00e7\u00e3o em seguran\u00e7a e conforto, que tornou poss\u00edvel ver o que era anteriormente invis\u00edvel e assim garantir uma mobilidade mais segura e f\u00e1cil. A \u00faltima foi a revolu\u00e7\u00e3o da intelig\u00eancia, quando os algoritmos de intelig\u00eancia artificial e o software associado se tornaram componentes centrais dos sistemas de vis\u00e3o da Valeo, permitindo novas capacidades como a vis\u00e3o atrav\u00e9s do corpo e fun\u00e7\u00f5es aut\u00f3nomas de condu\u00e7\u00e3o e estacionamento.<\/p>\n<p>Valeo tem um grande centro de I&amp;D integrado na f\u00e1brica de Tuam, que tem uma extensa lista de compet\u00eancias tanto de engenharia de produtos como de processos em mecatr\u00f3nica, sistemas e software, bem como testes e valida\u00e7\u00e3o. Mais de 70% do seu pessoal s\u00e3o engenheiros com experi\u00eancia em programa\u00e7\u00e3o que desenvolveram caracter\u00edsticas inovadoras para a ind\u00fastria autom\u00f3vel. Um exemplo \u00e9 a tecnologia de fus\u00e3o de imagens, que cria um \u00fanico instant\u00e2neo a partir de m\u00faltiplas fontes de v\u00eddeo. Isto significa que hoje em dia, quando os condutores de muitos carros em todo o mundo recuam, podem ver o seu ve\u00edculo como se fosse filmado de cima por um drone, mesmo que n\u00e3o exista nenhum drone desse tipo.<\/p>\n<p>O fluxo de imagens filmadas, registadas e processadas por intelig\u00eancia artificial fornece dados suficientes para que os autom\u00f3veis alcancem o n\u00edvel 2+ de automatiza\u00e7\u00e3o. Em 2022, um grande cliente global da Valeo ir\u00e1 lan\u00e7ar um ve\u00edculo equipado com esta c\u00e2mara inteligente. Ter\u00e1 fun\u00e7\u00f5es avan\u00e7adas de assist\u00eancia e automatiza\u00e7\u00e3o tanto para o estacionamento (manobras a baixa velocidade) como para a condu\u00e7\u00e3o.<\/p>\n<p>Atualmente, as c\u00e2maras Valeo distinguem-se pela sua miniaturiza\u00e7\u00e3o, precis\u00e3o (fornecendo uma imagem n\u00edtida a temperaturas que variam entre -40\u00b0C e +85\u00b0C com uma resolu\u00e7\u00e3o de at\u00e9 3 megapixels) e precis\u00e3o (fabrico at\u00e9 ao micr\u00f3metro), bem como pela sua capacidade de processamento, que se tornou t\u00e3o importante como a \u00f3tica. Juntos, isto faz da Valeo e da sua f\u00e1brica Tuam um l\u00edder mundial em vis\u00e3o autom\u00f3vel. \u00c9, em alguns aspetos, a aplica\u00e7\u00e3o da cita\u00e7\u00e3o do matem\u00e1tico Isaac Newton de Fevereiro de 1675: &#8220;Se pude ver mais longe, foi porque fiquei sobre os ombros de gigantes&#8221;.<\/p>\n<p>Valeo \u00e9 j\u00e1 o n\u00famero um mundial em sistemas avan\u00e7ados de assist\u00eancia \u00e0 condu\u00e7\u00e3o (ADAS), equipando um em cada tr\u00eas novos autom\u00f3veis em todo o mundo com as suas tecnologias, e pretende acelerar ainda mais o ritmo neste campo. As suas c\u00e2maras desempenham um papel fundamental nesta acelera\u00e7\u00e3o. O Grupo anunciou este objetivo em Fevereiro de 2022 com o lan\u00e7amento do seu plano Move Up, a estrat\u00e9gia de cria\u00e7\u00e3o de valor centrada nas quatro megatend\u00eancias que revolucionam a mobilidade (eletrifica\u00e7\u00e3o, ADAS, reinven\u00e7\u00e3o da experi\u00eancia interior e ilumina\u00e7\u00e3o).<\/p>\n","protected":false},"excerpt":{"rendered":"<p>A 29 de Abril de 2022,&#8230;<\/p>\n","protected":false},"author":15,"featured_media":29482,"comment_status":"closed","ping_status":"closed","sticky":false,"template":"","format":"standard","meta":{"footnotes":""},"categories":[29],"tags":[917],"class_list":["post-29576","post","type-post","status-publish","format-standard","has-post-thumbnail","hentry","category-empresas","tag-valeo"],"yoast_head":"<!-- This site is optimized with the Yoast SEO plugin v27.4 - https:\/\/yoast.com\/product\/yoast-seo-wordpress\/ -->\n<title>Valeo alcan\u00e7a marco 100 milh\u00f5es de c\u00e2maras produzidas - Jornal das Oficinas<\/title>\n<meta name=\"robots\" content=\"index, follow, max-snippet:-1, max-image-preview:large, max-video-preview:-1\" \/>\n<link rel=\"canonical\" href=\"https:\/\/jornaldasoficinas.com\/pt\/valeo-alcanca-marco-100-milhoes-de-camaras-produzidas\/\" \/>\n<meta property=\"og:locale\" content=\"pt_PT\" \/>\n<meta property=\"og:type\" content=\"article\" \/>\n<meta property=\"og:title\" content=\"Valeo alcan\u00e7a marco 100 milh\u00f5es de c\u00e2maras produzidas - Jornal das Oficinas\" \/>\n<meta property=\"og:description\" content=\"A 29 de Abril de 2022,...\" \/>\n<meta property=\"og:url\" content=\"https:\/\/jornaldasoficinas.com\/pt\/valeo-alcanca-marco-100-milhoes-de-camaras-produzidas\/\" \/>\n<meta property=\"og:site_name\" content=\"Jornal das Oficinas\" \/>\n<meta property=\"article:publisher\" content=\"https:\/\/www.facebook.com\/jornaloficinas\" \/>\n<meta property=\"article:published_time\" content=\"2022-05-10T09:00:18+00:00\" \/>\n<meta property=\"og:image\" content=\"https:\/\/jornaldasoficinas.com\/pt\/wp-content\/uploads\/2022\/05\/Valeo-alcanc\u0327a-marco-100-milho\u0303es-de-ca\u0302maras-produzidas.jpg\" \/>\n\t<meta property=\"og:image:width\" content=\"1024\" \/>\n\t<meta property=\"og:image:height\" content=\"581\" \/>\n\t<meta property=\"og:image:type\" content=\"image\/jpeg\" \/>\n<meta name=\"author\" content=\"Reda\u00e7\u00e3o JO\" \/>\n<meta name=\"twitter:card\" content=\"summary_large_image\" \/>\n<meta name=\"twitter:creator\" content=\"@jornaloficinas\" \/>\n<meta name=\"twitter:site\" content=\"@jornaloficinas\" \/>\n<meta name=\"twitter:label1\" content=\"Escrito por\" \/>\n\t<meta name=\"twitter:data1\" content=\"Reda\u00e7\u00e3o JO\" \/>\n\t<meta name=\"twitter:label2\" content=\"Tempo estimado de leitura\" \/>\n\t<meta name=\"twitter:data2\" content=\"5 minutos\" \/>\n<script type=\"application\/ld+json\" class=\"yoast-schema-graph\">{\"@context\":\"https:\\\/\\\/schema.org\",\"@graph\":[{\"@type\":\"Article\",\"@id\":\"https:\\\/\\\/jornaldasoficinas.com\\\/pt\\\/valeo-alcanca-marco-100-milhoes-de-camaras-produzidas\\\/#article\",\"isPartOf\":{\"@id\":\"https:\\\/\\\/jornaldasoficinas.com\\\/pt\\\/valeo-alcanca-marco-100-milhoes-de-camaras-produzidas\\\/\"},\"author\":{\"name\":\"Reda\u00e7\u00e3o JO\",\"@id\":\"https:\\\/\\\/jornaldasoficinas.com\\\/pt\\\/#\\\/schema\\\/person\\\/a38eef5de2c41d9e7c9ac10141afddf3\"},\"headline\":\"Valeo alcan\u00e7a marco 100 milh\u00f5es de c\u00e2maras produzidas\",\"datePublished\":\"2022-05-10T09:00:18+00:00\",\"mainEntityOfPage\":{\"@id\":\"https:\\\/\\\/jornaldasoficinas.com\\\/pt\\\/valeo-alcanca-marco-100-milhoes-de-camaras-produzidas\\\/\"},\"wordCount\":949,\"publisher\":{\"@id\":\"https:\\\/\\\/jornaldasoficinas.com\\\/pt\\\/#organization\"},\"image\":{\"@id\":\"https:\\\/\\\/jornaldasoficinas.com\\\/pt\\\/valeo-alcanca-marco-100-milhoes-de-camaras-produzidas\\\/#primaryimage\"},\"thumbnailUrl\":\"https:\\\/\\\/jornaldasoficinas.com\\\/pt\\\/wp-content\\\/uploads\\\/2022\\\/05\\\/Valeo-alcanc\u0327a-marco-100-milho\u0303es-de-ca\u0302maras-produzidas.jpg\",\"keywords\":[\"Valeo\"],\"articleSection\":[\"Empresas\"],\"inLanguage\":\"pt-PT\"},{\"@type\":\"WebPage\",\"@id\":\"https:\\\/\\\/jornaldasoficinas.com\\\/pt\\\/valeo-alcanca-marco-100-milhoes-de-camaras-produzidas\\\/\",\"url\":\"https:\\\/\\\/jornaldasoficinas.com\\\/pt\\\/valeo-alcanca-marco-100-milhoes-de-camaras-produzidas\\\/\",\"name\":\"Valeo alcan\u00e7a marco 100 milh\u00f5es de c\u00e2maras produzidas - Jornal das Oficinas\",\"isPartOf\":{\"@id\":\"https:\\\/\\\/jornaldasoficinas.com\\\/pt\\\/#website\"},\"primaryImageOfPage\":{\"@id\":\"https:\\\/\\\/jornaldasoficinas.com\\\/pt\\\/valeo-alcanca-marco-100-milhoes-de-camaras-produzidas\\\/#primaryimage\"},\"image\":{\"@id\":\"https:\\\/\\\/jornaldasoficinas.com\\\/pt\\\/valeo-alcanca-marco-100-milhoes-de-camaras-produzidas\\\/#primaryimage\"},\"thumbnailUrl\":\"https:\\\/\\\/jornaldasoficinas.com\\\/pt\\\/wp-content\\\/uploads\\\/2022\\\/05\\\/Valeo-alcanc\u0327a-marco-100-milho\u0303es-de-ca\u0302maras-produzidas.jpg\",\"datePublished\":\"2022-05-10T09:00:18+00:00\",\"breadcrumb\":{\"@id\":\"https:\\\/\\\/jornaldasoficinas.com\\\/pt\\\/valeo-alcanca-marco-100-milhoes-de-camaras-produzidas\\\/#breadcrumb\"},\"inLanguage\":\"pt-PT\",\"potentialAction\":[{\"@type\":\"ReadAction\",\"target\":[\"https:\\\/\\\/jornaldasoficinas.com\\\/pt\\\/valeo-alcanca-marco-100-milhoes-de-camaras-produzidas\\\/\"]}]},{\"@type\":\"ImageObject\",\"inLanguage\":\"pt-PT\",\"@id\":\"https:\\\/\\\/jornaldasoficinas.com\\\/pt\\\/valeo-alcanca-marco-100-milhoes-de-camaras-produzidas\\\/#primaryimage\",\"url\":\"https:\\\/\\\/jornaldasoficinas.com\\\/pt\\\/wp-content\\\/uploads\\\/2022\\\/05\\\/Valeo-alcanc\u0327a-marco-100-milho\u0303es-de-ca\u0302maras-produzidas.jpg\",\"contentUrl\":\"https:\\\/\\\/jornaldasoficinas.com\\\/pt\\\/wp-content\\\/uploads\\\/2022\\\/05\\\/Valeo-alcanc\u0327a-marco-100-milho\u0303es-de-ca\u0302maras-produzidas.jpg\",\"width\":1024,\"height\":581,\"caption\":\"05 - Valeo alcanc\u0327a marco 100 milho\u0303es de ca\u0302maras produzidas\"},{\"@type\":\"BreadcrumbList\",\"@id\":\"https:\\\/\\\/jornaldasoficinas.com\\\/pt\\\/valeo-alcanca-marco-100-milhoes-de-camaras-produzidas\\\/#breadcrumb\",\"itemListElement\":[{\"@type\":\"ListItem\",\"position\":1,\"name\":\"In\u00edcio\",\"item\":\"https:\\\/\\\/jornaldasoficinas.com\\\/pt\\\/\"},{\"@type\":\"ListItem\",\"position\":2,\"name\":\"Valeo alcan\u00e7a marco 100 milh\u00f5es de c\u00e2maras produzidas\"}]},{\"@type\":\"WebSite\",\"@id\":\"https:\\\/\\\/jornaldasoficinas.com\\\/pt\\\/#website\",\"url\":\"https:\\\/\\\/jornaldasoficinas.com\\\/pt\\\/\",\"name\":\"Jornal das Oficinas\",\"description\":\"Jornal independente do Aftermarket Autom\u00f3vel em Portugal\",\"publisher\":{\"@id\":\"https:\\\/\\\/jornaldasoficinas.com\\\/pt\\\/#organization\"},\"potentialAction\":[{\"@type\":\"SearchAction\",\"target\":{\"@type\":\"EntryPoint\",\"urlTemplate\":\"https:\\\/\\\/jornaldasoficinas.com\\\/pt\\\/?s={search_term_string}\"},\"query-input\":{\"@type\":\"PropertyValueSpecification\",\"valueRequired\":true,\"valueName\":\"search_term_string\"}}],\"inLanguage\":\"pt-PT\"},{\"@type\":\"Organization\",\"@id\":\"https:\\\/\\\/jornaldasoficinas.com\\\/pt\\\/#organization\",\"name\":\"Jornal das Oficinas\",\"url\":\"https:\\\/\\\/jornaldasoficinas.com\\\/pt\\\/\",\"logo\":{\"@type\":\"ImageObject\",\"inLanguage\":\"pt-PT\",\"@id\":\"https:\\\/\\\/jornaldasoficinas.com\\\/pt\\\/#\\\/schema\\\/logo\\\/image\\\/\",\"url\":\"https:\\\/\\\/jornaldasoficinas.com\\\/pt\\\/wp-content\\\/uploads\\\/logoJO-SEO.png\",\"contentUrl\":\"https:\\\/\\\/jornaldasoficinas.com\\\/pt\\\/wp-content\\\/uploads\\\/logoJO-SEO.png\",\"width\":285,\"height\":450,\"caption\":\"Jornal das Oficinas\"},\"image\":{\"@id\":\"https:\\\/\\\/jornaldasoficinas.com\\\/pt\\\/#\\\/schema\\\/logo\\\/image\\\/\"},\"sameAs\":[\"https:\\\/\\\/www.facebook.com\\\/jornaloficinas\",\"https:\\\/\\\/x.com\\\/jornaloficinas\",\"https:\\\/\\\/www.instagram.com\\\/jornal_oficinas\\\/\",\"https:\\\/\\\/www.linkedin.com\\\/company\\\/jornal-das-oficinas\\\/\",\"https:\\\/\\\/www.youtube.com\\\/channel\\\/UCbQZBqtcvV-oSQrr7RzINGg\"]},{\"@type\":\"Person\",\"@id\":\"https:\\\/\\\/jornaldasoficinas.com\\\/pt\\\/#\\\/schema\\\/person\\\/a38eef5de2c41d9e7c9ac10141afddf3\",\"name\":\"Reda\u00e7\u00e3o JO\",\"image\":{\"@type\":\"ImageObject\",\"inLanguage\":\"pt-PT\",\"@id\":\"https:\\\/\\\/secure.gravatar.com\\\/avatar\\\/71f2fa71737ad68a84fea94bc708ddac8ea5b0c4788dc2ad202f3ccb2887742f?s=96&d=wp_user_avatar&r=g\",\"url\":\"https:\\\/\\\/secure.gravatar.com\\\/avatar\\\/71f2fa71737ad68a84fea94bc708ddac8ea5b0c4788dc2ad202f3ccb2887742f?s=96&d=wp_user_avatar&r=g\",\"contentUrl\":\"https:\\\/\\\/secure.gravatar.com\\\/avatar\\\/71f2fa71737ad68a84fea94bc708ddac8ea5b0c4788dc2ad202f3ccb2887742f?s=96&d=wp_user_avatar&r=g\",\"caption\":\"Reda\u00e7\u00e3o JO\"},\"url\":\"https:\\\/\\\/jornaldasoficinas.com\\\/pt\\\/author\\\/joredacao\\\/\"}]}<\/script>\n<!-- \/ Yoast SEO plugin. -->","yoast_head_json":{"title":"Valeo alcan\u00e7a marco 100 milh\u00f5es de c\u00e2maras produzidas - Jornal das Oficinas","robots":{"index":"index","follow":"follow","max-snippet":"max-snippet:-1","max-image-preview":"max-image-preview:large","max-video-preview":"max-video-preview:-1"},"canonical":"https:\/\/jornaldasoficinas.com\/pt\/valeo-alcanca-marco-100-milhoes-de-camaras-produzidas\/","og_locale":"pt_PT","og_type":"article","og_title":"Valeo alcan\u00e7a marco 100 milh\u00f5es de c\u00e2maras produzidas - Jornal das Oficinas","og_description":"A 29 de Abril de 2022,...","og_url":"https:\/\/jornaldasoficinas.com\/pt\/valeo-alcanca-marco-100-milhoes-de-camaras-produzidas\/","og_site_name":"Jornal das Oficinas","article_publisher":"https:\/\/www.facebook.com\/jornaloficinas","article_published_time":"2022-05-10T09:00:18+00:00","og_image":[{"width":1024,"height":581,"url":"https:\/\/jornaldasoficinas.com\/pt\/wp-content\/uploads\/2022\/05\/Valeo-alcanc\u0327a-marco-100-milho\u0303es-de-ca\u0302maras-produzidas.jpg","type":"image\/jpeg"}],"author":"Reda\u00e7\u00e3o JO","twitter_card":"summary_large_image","twitter_creator":"@jornaloficinas","twitter_site":"@jornaloficinas","twitter_misc":{"Escrito por":"Reda\u00e7\u00e3o JO","Tempo estimado de leitura":"5 minutos"},"schema":{"@context":"https:\/\/schema.org","@graph":[{"@type":"Article","@id":"https:\/\/jornaldasoficinas.com\/pt\/valeo-alcanca-marco-100-milhoes-de-camaras-produzidas\/#article","isPartOf":{"@id":"https:\/\/jornaldasoficinas.com\/pt\/valeo-alcanca-marco-100-milhoes-de-camaras-produzidas\/"},"author":{"name":"Reda\u00e7\u00e3o JO","@id":"https:\/\/jornaldasoficinas.com\/pt\/#\/schema\/person\/a38eef5de2c41d9e7c9ac10141afddf3"},"headline":"Valeo alcan\u00e7a marco 100 milh\u00f5es de c\u00e2maras produzidas","datePublished":"2022-05-10T09:00:18+00:00","mainEntityOfPage":{"@id":"https:\/\/jornaldasoficinas.com\/pt\/valeo-alcanca-marco-100-milhoes-de-camaras-produzidas\/"},"wordCount":949,"publisher":{"@id":"https:\/\/jornaldasoficinas.com\/pt\/#organization"},"image":{"@id":"https:\/\/jornaldasoficinas.com\/pt\/valeo-alcanca-marco-100-milhoes-de-camaras-produzidas\/#primaryimage"},"thumbnailUrl":"https:\/\/jornaldasoficinas.com\/pt\/wp-content\/uploads\/2022\/05\/Valeo-alcanc\u0327a-marco-100-milho\u0303es-de-ca\u0302maras-produzidas.jpg","keywords":["Valeo"],"articleSection":["Empresas"],"inLanguage":"pt-PT"},{"@type":"WebPage","@id":"https:\/\/jornaldasoficinas.com\/pt\/valeo-alcanca-marco-100-milhoes-de-camaras-produzidas\/","url":"https:\/\/jornaldasoficinas.com\/pt\/valeo-alcanca-marco-100-milhoes-de-camaras-produzidas\/","name":"Valeo alcan\u00e7a marco 100 milh\u00f5es de c\u00e2maras produzidas - Jornal das Oficinas","isPartOf":{"@id":"https:\/\/jornaldasoficinas.com\/pt\/#website"},"primaryImageOfPage":{"@id":"https:\/\/jornaldasoficinas.com\/pt\/valeo-alcanca-marco-100-milhoes-de-camaras-produzidas\/#primaryimage"},"image":{"@id":"https:\/\/jornaldasoficinas.com\/pt\/valeo-alcanca-marco-100-milhoes-de-camaras-produzidas\/#primaryimage"},"thumbnailUrl":"https:\/\/jornaldasoficinas.com\/pt\/wp-content\/uploads\/2022\/05\/Valeo-alcanc\u0327a-marco-100-milho\u0303es-de-ca\u0302maras-produzidas.jpg","datePublished":"2022-05-10T09:00:18+00:00","breadcrumb":{"@id":"https:\/\/jornaldasoficinas.com\/pt\/valeo-alcanca-marco-100-milhoes-de-camaras-produzidas\/#breadcrumb"},"inLanguage":"pt-PT","potentialAction":[{"@type":"ReadAction","target":["https:\/\/jornaldasoficinas.com\/pt\/valeo-alcanca-marco-100-milhoes-de-camaras-produzidas\/"]}]},{"@type":"ImageObject","inLanguage":"pt-PT","@id":"https:\/\/jornaldasoficinas.com\/pt\/valeo-alcanca-marco-100-milhoes-de-camaras-produzidas\/#primaryimage","url":"https:\/\/jornaldasoficinas.com\/pt\/wp-content\/uploads\/2022\/05\/Valeo-alcanc\u0327a-marco-100-milho\u0303es-de-ca\u0302maras-produzidas.jpg","contentUrl":"https:\/\/jornaldasoficinas.com\/pt\/wp-content\/uploads\/2022\/05\/Valeo-alcanc\u0327a-marco-100-milho\u0303es-de-ca\u0302maras-produzidas.jpg","width":1024,"height":581,"caption":"05 - Valeo alcanc\u0327a marco 100 milho\u0303es de ca\u0302maras produzidas"},{"@type":"BreadcrumbList","@id":"https:\/\/jornaldasoficinas.com\/pt\/valeo-alcanca-marco-100-milhoes-de-camaras-produzidas\/#breadcrumb","itemListElement":[{"@type":"ListItem","position":1,"name":"In\u00edcio","item":"https:\/\/jornaldasoficinas.com\/pt\/"},{"@type":"ListItem","position":2,"name":"Valeo alcan\u00e7a marco 100 milh\u00f5es de c\u00e2maras produzidas"}]},{"@type":"WebSite","@id":"https:\/\/jornaldasoficinas.com\/pt\/#website","url":"https:\/\/jornaldasoficinas.com\/pt\/","name":"Jornal das Oficinas","description":"Jornal independente do Aftermarket Autom\u00f3vel em Portugal","publisher":{"@id":"https:\/\/jornaldasoficinas.com\/pt\/#organization"},"potentialAction":[{"@type":"SearchAction","target":{"@type":"EntryPoint","urlTemplate":"https:\/\/jornaldasoficinas.com\/pt\/?s={search_term_string}"},"query-input":{"@type":"PropertyValueSpecification","valueRequired":true,"valueName":"search_term_string"}}],"inLanguage":"pt-PT"},{"@type":"Organization","@id":"https:\/\/jornaldasoficinas.com\/pt\/#organization","name":"Jornal das Oficinas","url":"https:\/\/jornaldasoficinas.com\/pt\/","logo":{"@type":"ImageObject","inLanguage":"pt-PT","@id":"https:\/\/jornaldasoficinas.com\/pt\/#\/schema\/logo\/image\/","url":"https:\/\/jornaldasoficinas.com\/pt\/wp-content\/uploads\/logoJO-SEO.png","contentUrl":"https:\/\/jornaldasoficinas.com\/pt\/wp-content\/uploads\/logoJO-SEO.png","width":285,"height":450,"caption":"Jornal das Oficinas"},"image":{"@id":"https:\/\/jornaldasoficinas.com\/pt\/#\/schema\/logo\/image\/"},"sameAs":["https:\/\/www.facebook.com\/jornaloficinas","https:\/\/x.com\/jornaloficinas","https:\/\/www.instagram.com\/jornal_oficinas\/","https:\/\/www.linkedin.com\/company\/jornal-das-oficinas\/","https:\/\/www.youtube.com\/channel\/UCbQZBqtcvV-oSQrr7RzINGg"]},{"@type":"Person","@id":"https:\/\/jornaldasoficinas.com\/pt\/#\/schema\/person\/a38eef5de2c41d9e7c9ac10141afddf3","name":"Reda\u00e7\u00e3o JO","image":{"@type":"ImageObject","inLanguage":"pt-PT","@id":"https:\/\/secure.gravatar.com\/avatar\/71f2fa71737ad68a84fea94bc708ddac8ea5b0c4788dc2ad202f3ccb2887742f?s=96&d=wp_user_avatar&r=g","url":"https:\/\/secure.gravatar.com\/avatar\/71f2fa71737ad68a84fea94bc708ddac8ea5b0c4788dc2ad202f3ccb2887742f?s=96&d=wp_user_avatar&r=g","contentUrl":"https:\/\/secure.gravatar.com\/avatar\/71f2fa71737ad68a84fea94bc708ddac8ea5b0c4788dc2ad202f3ccb2887742f?s=96&d=wp_user_avatar&r=g","caption":"Reda\u00e7\u00e3o JO"},"url":"https:\/\/jornaldasoficinas.com\/pt\/author\/joredacao\/"}]}},"_links":{"self":[{"href":"https:\/\/jornaldasoficinas.com\/pt\/wp-json\/wp\/v2\/posts\/29576","targetHints":{"allow":["GET"]}}],"collection":[{"href":"https:\/\/jornaldasoficinas.com\/pt\/wp-json\/wp\/v2\/posts"}],"about":[{"href":"https:\/\/jornaldasoficinas.com\/pt\/wp-json\/wp\/v2\/types\/post"}],"author":[{"embeddable":true,"href":"https:\/\/jornaldasoficinas.com\/pt\/wp-json\/wp\/v2\/users\/15"}],"replies":[{"embeddable":true,"href":"https:\/\/jornaldasoficinas.com\/pt\/wp-json\/wp\/v2\/comments?post=29576"}],"version-history":[{"count":0,"href":"https:\/\/jornaldasoficinas.com\/pt\/wp-json\/wp\/v2\/posts\/29576\/revisions"}],"wp:featuredmedia":[{"embeddable":true,"href":"https:\/\/jornaldasoficinas.com\/pt\/wp-json\/wp\/v2\/media\/29482"}],"wp:attachment":[{"href":"https:\/\/jornaldasoficinas.com\/pt\/wp-json\/wp\/v2\/media?parent=29576"}],"wp:term":[{"taxonomy":"category","embeddable":true,"href":"https:\/\/jornaldasoficinas.com\/pt\/wp-json\/wp\/v2\/categories?post=29576"},{"taxonomy":"post_tag","embeddable":true,"href":"https:\/\/jornaldasoficinas.com\/pt\/wp-json\/wp\/v2\/tags?post=29576"}],"curies":[{"name":"wp","href":"https:\/\/api.w.org\/{rel}","templated":true}]}}