{"id":29585,"date":"2022-05-10T12:00:24","date_gmt":"2022-05-10T11:00:24","guid":{"rendered":"https:\/\/jornaldasoficinas.com\/pt\/?p=29585"},"modified":"2022-05-10T07:57:07","modified_gmt":"2022-05-10T06:57:07","slug":"ngk-reforca-oferta-no-aftermarket","status":"publish","type":"post","link":"https:\/\/jornaldasoficinas.com\/pt\/ngk-reforca-oferta-no-aftermarket\/","title":{"rendered":"NGK refor\u00e7a oferta no aftermarket"},"content":{"rendered":"<p><strong><img loading=\"lazy\" decoding=\"async\" class=\"alignnone size-full wp-image-29589\" src=\"https:\/\/jornaldasoficinas.com\/pt\/wp-content\/uploads\/2022\/05\/NGK-reforc\u0327a-oferta-no-aftermarket.jpg\" alt=\"05 - NGK reforc\u0327a oferta no aftermarket\" width=\"1024\" height=\"581\" srcset=\"https:\/\/jornaldasoficinas.com\/pt\/wp-content\/uploads\/2022\/05\/NGK-reforc\u0327a-oferta-no-aftermarket.jpg 1024w, https:\/\/jornaldasoficinas.com\/pt\/wp-content\/uploads\/2022\/05\/NGK-reforc\u0327a-oferta-no-aftermarket-300x170.jpg 300w, https:\/\/jornaldasoficinas.com\/pt\/wp-content\/uploads\/2022\/05\/NGK-reforc\u0327a-oferta-no-aftermarket-150x85.jpg 150w, https:\/\/jornaldasoficinas.com\/pt\/wp-content\/uploads\/2022\/05\/NGK-reforc\u0327a-oferta-no-aftermarket-768x436.jpg 768w\" sizes=\"auto, (max-width: 1024px) 100vw, 1024px\" \/><\/strong><\/p>\n<p><strong>O especialista l\u00edder mundial em igni\u00e7\u00e3o e sensores, <a href=\"http:\/\/www.ngkntk.com\" target=\"_blank\" rel=\"noopener\">NGK SPARK PLUG<\/a>, refor\u00e7ou ainda mais a sua oferta no mercado p\u00f3s-venda com o lan\u00e7amento de 12 novas velas de igni\u00e7\u00e3o de tecnologia avan\u00e7ada para as centenas de aplica\u00e7\u00f5es de 4 rodas de mais r\u00e1pido crescimento na Europa<\/strong><\/p>\n<p>Todas as refer\u00eancias s\u00e3o oferecidas sob as suas gamas Laser Iridium, Laser Platinum ou Iridium IX de metais preciosos, e tr\u00eas s\u00e3o as primeiras a serem comercializadas. Al\u00e9m disso, quase todas as refer\u00eancias lan\u00e7adas prov\u00eam do neg\u00f3cio de equipamento original da NGK SPARK PLUG, garantindo a qualidade e o desempenho excecionais exigidos pela empresa.<\/p>\n<p>A gama alargada representa uma importante e crescente oportunidade de vendas para os clientes do aftermarket. Concebidos especificamente para muitos dos modelos mais vendidos de fabricantes como Honda, Volvo, Toyota, Land Rover e Audi, espera-se que as novas fichas cubram um lote de ve\u00edculos com mais de 1,8 milh\u00f5es de 4 rodas at\u00e9 2024, representando um aumento de 32% nos pr\u00f3ximos dois anos (fonte: TecAlliance).<\/p>\n<p>Dez dos novos produtos s\u00e3o velas de igni\u00e7\u00e3o de duplo metal precioso que garantem a m\u00e1xima resist\u00eancia ao desgaste. Al\u00e9m disso, proporcionam uma excelente capacidade de igni\u00e7\u00e3o atrav\u00e9s da utiliza\u00e7\u00e3o de el\u00e9ctrodos centrais finos. Tr\u00eas deles, todos Laser Iridium do neg\u00f3cio de equipamento original da NGK SPARK PLUG, s\u00e3o pioneiros de mercado, ou seja, est\u00e3o a ser lan\u00e7ados no mercado de reposi\u00e7\u00e3o pela primeira vez: SILKR7H8 \u00e9 adequado para o Mitsubishi Eclipse Cross 1. 5 a partir de Outubro de 2017; SILKGR9A7EG \u00e9 o n\u00famero de pe\u00e7a espec\u00edfico para v\u00e1rios motores 2.5 do Porsche Boxster e Cayman a partir de Abril de 2016; e o n\u00famero de pe\u00e7a ILNFR7A7G \u00e9 o substituto ideal para os modelos Opel\/Vauxhall Insignia 2.0 a partir de Abril de 2020.<\/p>\n<p>Apenas uma das novas velas de igni\u00e7\u00e3o Laser Iridium, ILZKAR8J8SY, representa um n\u00famero excecional de aplica\u00e7\u00f5es recentes da Volvo e Honda, incluindo a mais vendida Volvo XC60 2.0 (tanto a gasolina como h\u00edbrida) e a Honda CR-V 1.5 VTEC. O n\u00famero de pe\u00e7a SILZKAR8G7Y \u00e9 outra introdu\u00e7\u00e3o importante, abrangendo os populares modelos Land Rover Defender, Discovery e Range Rover Evoque a partir de Mar\u00e7o de 2017. Al\u00e9m disso, o Laser Iridium DILKAR7B8, DILKAR8J9G e ILZKAR7E11S encaixam em v\u00e1rias aplica\u00e7\u00f5es Subaru, Toyota e Honda; enquanto o Laser Platinum LTR6BP13 e o PFR7S11EG s\u00e3o adequados para os modelos Ford e Audi.<\/p>\n<p>Frank Massia, Director de Marketing Aftermarket EMEA, NGK SPARK PLUG EUROPE GmbH confirmou: &#8220;O objectivo cont\u00ednuo da NGK SPARK PLUG \u00e9 oferecer a vela de igni\u00e7\u00e3o ideal e de alto desempenho para cada ve\u00edculo na estrada. Estas 12 novas refer\u00eancias importantes representam um potencial de vendas adicional e de r\u00e1pido crescimento para os nossos clientes do mercado p\u00f3s-venda, juntamente com a qualidade de ponta pela qual a nossa empresa \u00e9 reconhecida&#8221;.<\/p>\n<p>Em termos de tecnologia, as velas de fa\u00edsca laser duplo metal precioso da NGK SPARK PLUG apresentam um el\u00e9trodo central de liga de ir\u00eddio soldado a laser e um chip de platina no el\u00e9trodo de terra para um \u00f3timo desempenho e vida \u00fatil. A sua gama Laser Platinum tem chips de platina no centro e el\u00e9trodos de terra, mantendo a dist\u00e2ncia entre el\u00e9trodos constante, assegurando uma igni\u00e7\u00e3o consistente durante toda a vida \u00fatil da ficha. Todos os novos produtos est\u00e3o publicados no TecDoc e ser\u00e3o tamb\u00e9m inclu\u00eddos no pr\u00f3ximo cat\u00e1logo de velas de igni\u00e7\u00e3o de 4 rodas da empresa.<\/p>\n<p>Encontrar mais detalhes <a href=\"http:\/\/www.ngkntk.com.\" target=\"_blank\" rel=\"noopener\"><strong>aqui<\/strong><\/a><\/p>\n","protected":false},"excerpt":{"rendered":"<p>O especialista l\u00edder mundial em igni\u00e7\u00e3o&#8230;<\/p>\n","protected":false},"author":15,"featured_media":29589,"comment_status":"closed","ping_status":"closed","sticky":false,"template":"","format":"standard","meta":{"footnotes":""},"categories":[29],"tags":[353],"class_list":["post-29585","post","type-post","status-publish","format-standard","has-post-thumbnail","hentry","category-empresas","tag-ngk-spark-plug"],"yoast_head":"<!-- This site is optimized with the Yoast SEO plugin v27.4 - https:\/\/yoast.com\/product\/yoast-seo-wordpress\/ -->\n<title>NGK refor\u00e7a oferta no aftermarket - Jornal das Oficinas<\/title>\n<meta name=\"robots\" content=\"index, follow, max-snippet:-1, max-image-preview:large, max-video-preview:-1\" \/>\n<link rel=\"canonical\" href=\"https:\/\/jornaldasoficinas.com\/pt\/ngk-reforca-oferta-no-aftermarket\/\" \/>\n<meta property=\"og:locale\" content=\"pt_PT\" \/>\n<meta property=\"og:type\" content=\"article\" \/>\n<meta property=\"og:title\" content=\"NGK refor\u00e7a oferta no aftermarket - Jornal das Oficinas\" \/>\n<meta property=\"og:description\" content=\"O especialista l\u00edder mundial em igni\u00e7\u00e3o...\" \/>\n<meta property=\"og:url\" content=\"https:\/\/jornaldasoficinas.com\/pt\/ngk-reforca-oferta-no-aftermarket\/\" \/>\n<meta property=\"og:site_name\" content=\"Jornal das Oficinas\" \/>\n<meta property=\"article:publisher\" content=\"https:\/\/www.facebook.com\/jornaloficinas\" \/>\n<meta property=\"article:published_time\" content=\"2022-05-10T11:00:24+00:00\" \/>\n<meta property=\"og:image\" content=\"https:\/\/jornaldasoficinas.com\/pt\/wp-content\/uploads\/2022\/05\/NGK-reforc\u0327a-oferta-no-aftermarket.jpg\" \/>\n\t<meta property=\"og:image:width\" content=\"1024\" \/>\n\t<meta property=\"og:image:height\" content=\"581\" \/>\n\t<meta property=\"og:image:type\" content=\"image\/jpeg\" \/>\n<meta name=\"author\" content=\"Reda\u00e7\u00e3o JO\" \/>\n<meta name=\"twitter:card\" content=\"summary_large_image\" \/>\n<meta name=\"twitter:creator\" content=\"@jornaloficinas\" \/>\n<meta name=\"twitter:site\" content=\"@jornaloficinas\" \/>\n<meta name=\"twitter:label1\" content=\"Escrito por\" \/>\n\t<meta name=\"twitter:data1\" content=\"Reda\u00e7\u00e3o JO\" \/>\n\t<meta name=\"twitter:label2\" content=\"Tempo estimado de leitura\" \/>\n\t<meta name=\"twitter:data2\" content=\"3 minutos\" \/>\n<script type=\"application\/ld+json\" class=\"yoast-schema-graph\">{\"@context\":\"https:\\\/\\\/schema.org\",\"@graph\":[{\"@type\":\"Article\",\"@id\":\"https:\\\/\\\/jornaldasoficinas.com\\\/pt\\\/ngk-reforca-oferta-no-aftermarket\\\/#article\",\"isPartOf\":{\"@id\":\"https:\\\/\\\/jornaldasoficinas.com\\\/pt\\\/ngk-reforca-oferta-no-aftermarket\\\/\"},\"author\":{\"name\":\"Reda\u00e7\u00e3o JO\",\"@id\":\"https:\\\/\\\/jornaldasoficinas.com\\\/pt\\\/#\\\/schema\\\/person\\\/a38eef5de2c41d9e7c9ac10141afddf3\"},\"headline\":\"NGK refor\u00e7a oferta no aftermarket\",\"datePublished\":\"2022-05-10T11:00:24+00:00\",\"mainEntityOfPage\":{\"@id\":\"https:\\\/\\\/jornaldasoficinas.com\\\/pt\\\/ngk-reforca-oferta-no-aftermarket\\\/\"},\"wordCount\":638,\"publisher\":{\"@id\":\"https:\\\/\\\/jornaldasoficinas.com\\\/pt\\\/#organization\"},\"image\":{\"@id\":\"https:\\\/\\\/jornaldasoficinas.com\\\/pt\\\/ngk-reforca-oferta-no-aftermarket\\\/#primaryimage\"},\"thumbnailUrl\":\"https:\\\/\\\/jornaldasoficinas.com\\\/pt\\\/wp-content\\\/uploads\\\/2022\\\/05\\\/NGK-reforc\u0327a-oferta-no-aftermarket.jpg\",\"keywords\":[\"NGK Spark Plug\"],\"articleSection\":[\"Empresas\"],\"inLanguage\":\"pt-PT\"},{\"@type\":\"WebPage\",\"@id\":\"https:\\\/\\\/jornaldasoficinas.com\\\/pt\\\/ngk-reforca-oferta-no-aftermarket\\\/\",\"url\":\"https:\\\/\\\/jornaldasoficinas.com\\\/pt\\\/ngk-reforca-oferta-no-aftermarket\\\/\",\"name\":\"NGK refor\u00e7a oferta no aftermarket - Jornal das Oficinas\",\"isPartOf\":{\"@id\":\"https:\\\/\\\/jornaldasoficinas.com\\\/pt\\\/#website\"},\"primaryImageOfPage\":{\"@id\":\"https:\\\/\\\/jornaldasoficinas.com\\\/pt\\\/ngk-reforca-oferta-no-aftermarket\\\/#primaryimage\"},\"image\":{\"@id\":\"https:\\\/\\\/jornaldasoficinas.com\\\/pt\\\/ngk-reforca-oferta-no-aftermarket\\\/#primaryimage\"},\"thumbnailUrl\":\"https:\\\/\\\/jornaldasoficinas.com\\\/pt\\\/wp-content\\\/uploads\\\/2022\\\/05\\\/NGK-reforc\u0327a-oferta-no-aftermarket.jpg\",\"datePublished\":\"2022-05-10T11:00:24+00:00\",\"breadcrumb\":{\"@id\":\"https:\\\/\\\/jornaldasoficinas.com\\\/pt\\\/ngk-reforca-oferta-no-aftermarket\\\/#breadcrumb\"},\"inLanguage\":\"pt-PT\",\"potentialAction\":[{\"@type\":\"ReadAction\",\"target\":[\"https:\\\/\\\/jornaldasoficinas.com\\\/pt\\\/ngk-reforca-oferta-no-aftermarket\\\/\"]}]},{\"@type\":\"ImageObject\",\"inLanguage\":\"pt-PT\",\"@id\":\"https:\\\/\\\/jornaldasoficinas.com\\\/pt\\\/ngk-reforca-oferta-no-aftermarket\\\/#primaryimage\",\"url\":\"https:\\\/\\\/jornaldasoficinas.com\\\/pt\\\/wp-content\\\/uploads\\\/2022\\\/05\\\/NGK-reforc\u0327a-oferta-no-aftermarket.jpg\",\"contentUrl\":\"https:\\\/\\\/jornaldasoficinas.com\\\/pt\\\/wp-content\\\/uploads\\\/2022\\\/05\\\/NGK-reforc\u0327a-oferta-no-aftermarket.jpg\",\"width\":1024,\"height\":581,\"caption\":\"05 - NGK reforc\u0327a oferta no aftermarket\"},{\"@type\":\"BreadcrumbList\",\"@id\":\"https:\\\/\\\/jornaldasoficinas.com\\\/pt\\\/ngk-reforca-oferta-no-aftermarket\\\/#breadcrumb\",\"itemListElement\":[{\"@type\":\"ListItem\",\"position\":1,\"name\":\"In\u00edcio\",\"item\":\"https:\\\/\\\/jornaldasoficinas.com\\\/pt\\\/\"},{\"@type\":\"ListItem\",\"position\":2,\"name\":\"NGK refor\u00e7a oferta no aftermarket\"}]},{\"@type\":\"WebSite\",\"@id\":\"https:\\\/\\\/jornaldasoficinas.com\\\/pt\\\/#website\",\"url\":\"https:\\\/\\\/jornaldasoficinas.com\\\/pt\\\/\",\"name\":\"Jornal das Oficinas\",\"description\":\"Jornal independente do Aftermarket Autom\u00f3vel em Portugal\",\"publisher\":{\"@id\":\"https:\\\/\\\/jornaldasoficinas.com\\\/pt\\\/#organization\"},\"potentialAction\":[{\"@type\":\"SearchAction\",\"target\":{\"@type\":\"EntryPoint\",\"urlTemplate\":\"https:\\\/\\\/jornaldasoficinas.com\\\/pt\\\/?s={search_term_string}\"},\"query-input\":{\"@type\":\"PropertyValueSpecification\",\"valueRequired\":true,\"valueName\":\"search_term_string\"}}],\"inLanguage\":\"pt-PT\"},{\"@type\":\"Organization\",\"@id\":\"https:\\\/\\\/jornaldasoficinas.com\\\/pt\\\/#organization\",\"name\":\"Jornal das Oficinas\",\"url\":\"https:\\\/\\\/jornaldasoficinas.com\\\/pt\\\/\",\"logo\":{\"@type\":\"ImageObject\",\"inLanguage\":\"pt-PT\",\"@id\":\"https:\\\/\\\/jornaldasoficinas.com\\\/pt\\\/#\\\/schema\\\/logo\\\/image\\\/\",\"url\":\"https:\\\/\\\/jornaldasoficinas.com\\\/pt\\\/wp-content\\\/uploads\\\/logoJO-SEO.png\",\"contentUrl\":\"https:\\\/\\\/jornaldasoficinas.com\\\/pt\\\/wp-content\\\/uploads\\\/logoJO-SEO.png\",\"width\":285,\"height\":450,\"caption\":\"Jornal das Oficinas\"},\"image\":{\"@id\":\"https:\\\/\\\/jornaldasoficinas.com\\\/pt\\\/#\\\/schema\\\/logo\\\/image\\\/\"},\"sameAs\":[\"https:\\\/\\\/www.facebook.com\\\/jornaloficinas\",\"https:\\\/\\\/x.com\\\/jornaloficinas\",\"https:\\\/\\\/www.instagram.com\\\/jornal_oficinas\\\/\",\"https:\\\/\\\/www.linkedin.com\\\/company\\\/jornal-das-oficinas\\\/\",\"https:\\\/\\\/www.youtube.com\\\/channel\\\/UCbQZBqtcvV-oSQrr7RzINGg\"]},{\"@type\":\"Person\",\"@id\":\"https:\\\/\\\/jornaldasoficinas.com\\\/pt\\\/#\\\/schema\\\/person\\\/a38eef5de2c41d9e7c9ac10141afddf3\",\"name\":\"Reda\u00e7\u00e3o JO\",\"image\":{\"@type\":\"ImageObject\",\"inLanguage\":\"pt-PT\",\"@id\":\"https:\\\/\\\/secure.gravatar.com\\\/avatar\\\/71f2fa71737ad68a84fea94bc708ddac8ea5b0c4788dc2ad202f3ccb2887742f?s=96&d=wp_user_avatar&r=g\",\"url\":\"https:\\\/\\\/secure.gravatar.com\\\/avatar\\\/71f2fa71737ad68a84fea94bc708ddac8ea5b0c4788dc2ad202f3ccb2887742f?s=96&d=wp_user_avatar&r=g\",\"contentUrl\":\"https:\\\/\\\/secure.gravatar.com\\\/avatar\\\/71f2fa71737ad68a84fea94bc708ddac8ea5b0c4788dc2ad202f3ccb2887742f?s=96&d=wp_user_avatar&r=g\",\"caption\":\"Reda\u00e7\u00e3o JO\"},\"url\":\"https:\\\/\\\/jornaldasoficinas.com\\\/pt\\\/author\\\/joredacao\\\/\"}]}<\/script>\n<!-- \/ Yoast SEO plugin. -->","yoast_head_json":{"title":"NGK refor\u00e7a oferta no aftermarket - Jornal das Oficinas","robots":{"index":"index","follow":"follow","max-snippet":"max-snippet:-1","max-image-preview":"max-image-preview:large","max-video-preview":"max-video-preview:-1"},"canonical":"https:\/\/jornaldasoficinas.com\/pt\/ngk-reforca-oferta-no-aftermarket\/","og_locale":"pt_PT","og_type":"article","og_title":"NGK refor\u00e7a oferta no aftermarket - Jornal das Oficinas","og_description":"O especialista l\u00edder mundial em igni\u00e7\u00e3o...","og_url":"https:\/\/jornaldasoficinas.com\/pt\/ngk-reforca-oferta-no-aftermarket\/","og_site_name":"Jornal das Oficinas","article_publisher":"https:\/\/www.facebook.com\/jornaloficinas","article_published_time":"2022-05-10T11:00:24+00:00","og_image":[{"width":1024,"height":581,"url":"https:\/\/jornaldasoficinas.com\/pt\/wp-content\/uploads\/2022\/05\/NGK-reforc\u0327a-oferta-no-aftermarket.jpg","type":"image\/jpeg"}],"author":"Reda\u00e7\u00e3o JO","twitter_card":"summary_large_image","twitter_creator":"@jornaloficinas","twitter_site":"@jornaloficinas","twitter_misc":{"Escrito por":"Reda\u00e7\u00e3o JO","Tempo estimado de leitura":"3 minutos"},"schema":{"@context":"https:\/\/schema.org","@graph":[{"@type":"Article","@id":"https:\/\/jornaldasoficinas.com\/pt\/ngk-reforca-oferta-no-aftermarket\/#article","isPartOf":{"@id":"https:\/\/jornaldasoficinas.com\/pt\/ngk-reforca-oferta-no-aftermarket\/"},"author":{"name":"Reda\u00e7\u00e3o JO","@id":"https:\/\/jornaldasoficinas.com\/pt\/#\/schema\/person\/a38eef5de2c41d9e7c9ac10141afddf3"},"headline":"NGK refor\u00e7a oferta no aftermarket","datePublished":"2022-05-10T11:00:24+00:00","mainEntityOfPage":{"@id":"https:\/\/jornaldasoficinas.com\/pt\/ngk-reforca-oferta-no-aftermarket\/"},"wordCount":638,"publisher":{"@id":"https:\/\/jornaldasoficinas.com\/pt\/#organization"},"image":{"@id":"https:\/\/jornaldasoficinas.com\/pt\/ngk-reforca-oferta-no-aftermarket\/#primaryimage"},"thumbnailUrl":"https:\/\/jornaldasoficinas.com\/pt\/wp-content\/uploads\/2022\/05\/NGK-reforc\u0327a-oferta-no-aftermarket.jpg","keywords":["NGK Spark Plug"],"articleSection":["Empresas"],"inLanguage":"pt-PT"},{"@type":"WebPage","@id":"https:\/\/jornaldasoficinas.com\/pt\/ngk-reforca-oferta-no-aftermarket\/","url":"https:\/\/jornaldasoficinas.com\/pt\/ngk-reforca-oferta-no-aftermarket\/","name":"NGK refor\u00e7a oferta no aftermarket - Jornal das Oficinas","isPartOf":{"@id":"https:\/\/jornaldasoficinas.com\/pt\/#website"},"primaryImageOfPage":{"@id":"https:\/\/jornaldasoficinas.com\/pt\/ngk-reforca-oferta-no-aftermarket\/#primaryimage"},"image":{"@id":"https:\/\/jornaldasoficinas.com\/pt\/ngk-reforca-oferta-no-aftermarket\/#primaryimage"},"thumbnailUrl":"https:\/\/jornaldasoficinas.com\/pt\/wp-content\/uploads\/2022\/05\/NGK-reforc\u0327a-oferta-no-aftermarket.jpg","datePublished":"2022-05-10T11:00:24+00:00","breadcrumb":{"@id":"https:\/\/jornaldasoficinas.com\/pt\/ngk-reforca-oferta-no-aftermarket\/#breadcrumb"},"inLanguage":"pt-PT","potentialAction":[{"@type":"ReadAction","target":["https:\/\/jornaldasoficinas.com\/pt\/ngk-reforca-oferta-no-aftermarket\/"]}]},{"@type":"ImageObject","inLanguage":"pt-PT","@id":"https:\/\/jornaldasoficinas.com\/pt\/ngk-reforca-oferta-no-aftermarket\/#primaryimage","url":"https:\/\/jornaldasoficinas.com\/pt\/wp-content\/uploads\/2022\/05\/NGK-reforc\u0327a-oferta-no-aftermarket.jpg","contentUrl":"https:\/\/jornaldasoficinas.com\/pt\/wp-content\/uploads\/2022\/05\/NGK-reforc\u0327a-oferta-no-aftermarket.jpg","width":1024,"height":581,"caption":"05 - NGK reforc\u0327a oferta no aftermarket"},{"@type":"BreadcrumbList","@id":"https:\/\/jornaldasoficinas.com\/pt\/ngk-reforca-oferta-no-aftermarket\/#breadcrumb","itemListElement":[{"@type":"ListItem","position":1,"name":"In\u00edcio","item":"https:\/\/jornaldasoficinas.com\/pt\/"},{"@type":"ListItem","position":2,"name":"NGK refor\u00e7a oferta no aftermarket"}]},{"@type":"WebSite","@id":"https:\/\/jornaldasoficinas.com\/pt\/#website","url":"https:\/\/jornaldasoficinas.com\/pt\/","name":"Jornal das Oficinas","description":"Jornal independente do Aftermarket Autom\u00f3vel em Portugal","publisher":{"@id":"https:\/\/jornaldasoficinas.com\/pt\/#organization"},"potentialAction":[{"@type":"SearchAction","target":{"@type":"EntryPoint","urlTemplate":"https:\/\/jornaldasoficinas.com\/pt\/?s={search_term_string}"},"query-input":{"@type":"PropertyValueSpecification","valueRequired":true,"valueName":"search_term_string"}}],"inLanguage":"pt-PT"},{"@type":"Organization","@id":"https:\/\/jornaldasoficinas.com\/pt\/#organization","name":"Jornal das Oficinas","url":"https:\/\/jornaldasoficinas.com\/pt\/","logo":{"@type":"ImageObject","inLanguage":"pt-PT","@id":"https:\/\/jornaldasoficinas.com\/pt\/#\/schema\/logo\/image\/","url":"https:\/\/jornaldasoficinas.com\/pt\/wp-content\/uploads\/logoJO-SEO.png","contentUrl":"https:\/\/jornaldasoficinas.com\/pt\/wp-content\/uploads\/logoJO-SEO.png","width":285,"height":450,"caption":"Jornal das Oficinas"},"image":{"@id":"https:\/\/jornaldasoficinas.com\/pt\/#\/schema\/logo\/image\/"},"sameAs":["https:\/\/www.facebook.com\/jornaloficinas","https:\/\/x.com\/jornaloficinas","https:\/\/www.instagram.com\/jornal_oficinas\/","https:\/\/www.linkedin.com\/company\/jornal-das-oficinas\/","https:\/\/www.youtube.com\/channel\/UCbQZBqtcvV-oSQrr7RzINGg"]},{"@type":"Person","@id":"https:\/\/jornaldasoficinas.com\/pt\/#\/schema\/person\/a38eef5de2c41d9e7c9ac10141afddf3","name":"Reda\u00e7\u00e3o JO","image":{"@type":"ImageObject","inLanguage":"pt-PT","@id":"https:\/\/secure.gravatar.com\/avatar\/71f2fa71737ad68a84fea94bc708ddac8ea5b0c4788dc2ad202f3ccb2887742f?s=96&d=wp_user_avatar&r=g","url":"https:\/\/secure.gravatar.com\/avatar\/71f2fa71737ad68a84fea94bc708ddac8ea5b0c4788dc2ad202f3ccb2887742f?s=96&d=wp_user_avatar&r=g","contentUrl":"https:\/\/secure.gravatar.com\/avatar\/71f2fa71737ad68a84fea94bc708ddac8ea5b0c4788dc2ad202f3ccb2887742f?s=96&d=wp_user_avatar&r=g","caption":"Reda\u00e7\u00e3o JO"},"url":"https:\/\/jornaldasoficinas.com\/pt\/author\/joredacao\/"}]}},"_links":{"self":[{"href":"https:\/\/jornaldasoficinas.com\/pt\/wp-json\/wp\/v2\/posts\/29585","targetHints":{"allow":["GET"]}}],"collection":[{"href":"https:\/\/jornaldasoficinas.com\/pt\/wp-json\/wp\/v2\/posts"}],"about":[{"href":"https:\/\/jornaldasoficinas.com\/pt\/wp-json\/wp\/v2\/types\/post"}],"author":[{"embeddable":true,"href":"https:\/\/jornaldasoficinas.com\/pt\/wp-json\/wp\/v2\/users\/15"}],"replies":[{"embeddable":true,"href":"https:\/\/jornaldasoficinas.com\/pt\/wp-json\/wp\/v2\/comments?post=29585"}],"version-history":[{"count":0,"href":"https:\/\/jornaldasoficinas.com\/pt\/wp-json\/wp\/v2\/posts\/29585\/revisions"}],"wp:featuredmedia":[{"embeddable":true,"href":"https:\/\/jornaldasoficinas.com\/pt\/wp-json\/wp\/v2\/media\/29589"}],"wp:attachment":[{"href":"https:\/\/jornaldasoficinas.com\/pt\/wp-json\/wp\/v2\/media?parent=29585"}],"wp:term":[{"taxonomy":"category","embeddable":true,"href":"https:\/\/jornaldasoficinas.com\/pt\/wp-json\/wp\/v2\/categories?post=29585"},{"taxonomy":"post_tag","embeddable":true,"href":"https:\/\/jornaldasoficinas.com\/pt\/wp-json\/wp\/v2\/tags?post=29585"}],"curies":[{"name":"wp","href":"https:\/\/api.w.org\/{rel}","templated":true}]}}