{"id":2968,"date":"2019-09-19T11:26:44","date_gmt":"2019-09-19T11:26:44","guid":{"rendered":"https:\/\/jornaldasoficinas.com\/pt\/?p=2968"},"modified":"2023-07-19T15:59:15","modified_gmt":"2023-07-19T14:59:15","slug":"9-a-edicao-da-mecanica-promete-muitas-novidades","status":"publish","type":"post","link":"https:\/\/jornaldasoficinas.com\/pt\/9-a-edicao-da-mecanica-promete-muitas-novidades\/","title":{"rendered":"9.\u00aa edi\u00e7\u00e3o da MEC\u00c2NICA promete muitas novidades"},"content":{"rendered":"<p><img loading=\"lazy\" decoding=\"async\" class=\"alignnone wp-image-3141 size-full\" src=\"https:\/\/jornaldasoficinas.com\/pt\/wp-content\/uploads\/2019\/09\/6fe6a3c30833e25c8f148d76468c08c5_XL.jpg\" alt=\"\" width=\"1024\" height=\"581\" \/><\/p>\n<p><strong>De 22 a 24 de novembro, a MEC\u00c2NICA, organizada pela Exposal\u00e3o, regressa a Lisboa para a sua 9.\u00aa edi\u00e7\u00e3o e contar\u00e1 com um programa renovado e recheado de novidades.<\/strong><\/p>\n<p>Durante tr\u00eas dias, a FIL ser\u00e1 o ponto de encontro para todos os profissionais que se movimentam no<em> aftermarket<\/em>, que poder\u00e3o encontrar, numa \u00e1rea de 10.000 m<sup>2<\/sup>, uma vasta pan\u00f3plia de produtos, equipamentos e acess\u00f3rios para o setor autom\u00f3vel, equipamento oficinal, autodiagn\u00f3stico, ferramentas e repintura.<\/p>\n<p>Mas n\u00e3o s\u00f3: estruturas e equipamentos para lavagem auto, equipamento GPL, pe\u00e7as e acess\u00f3rios, componentes el\u00e9tricos, vidros, ilumina\u00e7\u00e3o,<em> car audio<\/em>, cosm\u00e9tica autom\u00f3vel, ar condicionado, escapes, turbos, pneus, \u00f3leos e lubrificantes, gest\u00e3o de res\u00edduos, forma\u00e7\u00e3o,<em> software<\/em> de apoio \u00e0s oficinas, associa\u00e7\u00f5es setorias e imprensa especializada estar\u00e3o presentes na 9.\u00aa edi\u00e7\u00e3o da <a href=\"https:\/\/exposalao.pt\/displayFair\/mecanica-logistica-fil\" target=\"_blank\" rel=\"noopener noreferrer\">MEC\u00c2NICA<\/a>.<\/p>\n<p>Este ano, a feira contar\u00e1 com uma proje\u00e7\u00e3o internacional, fruto de uma parceria com a SINOMACHINT, um dos maiores grupos industriais chineses, devido \u00e0 forte aposta que a organiza\u00e7\u00e3o colocou na comunica\u00e7\u00e3o e divulga\u00e7\u00e3o para os mercados estrangeiros.<\/p>\n<p>O intuito \u00e9 reunir expositores, visitantes, parceiros de neg\u00f3cio e profissionais do setor num espa\u00e7o comum, ideal para a concretiza\u00e7\u00e3o de neg\u00f3cios. A aposta na internacionaliza\u00e7\u00e3o remete para a veloz altera\u00e7\u00e3o paradigm\u00e1tica que a pr\u00f3pria industria autom\u00f3vel est\u00e1 a sofrer no mundo inteiro.<\/p>\n<p>E Portugal n\u00e3o \u00e9 exce\u00e7\u00e3o. Nunca, como hoje, foi t\u00e3o importante as empresas do setor estarem atentas \u00e0s tend\u00eancias e ao caminho que devem adotar. Tanto o <em>aftermarket<\/em> como os profissionais das oficinas t\u00eam de adaptar-se a esta nova realidade e a MEC\u00c2NICA surge como a resposta ideal a essa necessidade.<\/p>\n<p>Destaque para a participa\u00e7\u00e3o do grande grupo industrial chin\u00eas, SINOMACHINT, acompanhado por uma delega\u00e7\u00e3o de dezenas de empresas, que ser\u00e1 respons\u00e1vel pela dinamiza\u00e7\u00e3o de uma confer\u00eancia em espa\u00e7o pr\u00f3prio, com v\u00e1rios especialistas do setor autom\u00f3vel e uma sess\u00e3o de abertura, na qual marcar\u00e3o presen\u00e7a o Minist\u00e9rio do Com\u00e9rcio Chin\u00eas, bem como outras entidades oficiais portuguesas e chinesas.<\/p>\n<p>Paralelamente, decorrer\u00e1 um painel de atividades recheado de novidades, dinamizado pelas associa\u00e7\u00f5es setoriais (ARAN, ANECRA, CASA, ANCIA, e ACEPI), forma\u00e7\u00f5es do CEPRA e EAATA, bem como outras entidades e empresas expositoras, que ir\u00e3o abordar e discutir os temas que dominam a atualidade do setor.<\/p>\n","protected":false},"excerpt":{"rendered":"<p>De 22 a 24 de novembro,&#8230;<\/p>\n","protected":false},"author":15,"featured_media":3313,"comment_status":"closed","ping_status":"closed","sticky":false,"template":"","format":"standard","meta":{"footnotes":""},"categories":[29],"tags":[133,84,132],"class_list":["post-2968","post","type-post","status-publish","format-standard","has-post-thumbnail","hentry","category-empresas","tag-exposalao","tag-fil","tag-salao-mecanica"],"yoast_head":"<!-- This site is optimized with the Yoast SEO plugin v27.4 - https:\/\/yoast.com\/product\/yoast-seo-wordpress\/ -->\n<title>9.\u00aa edi\u00e7\u00e3o da MEC\u00c2NICA promete muitas novidades - Jornal das Oficinas<\/title>\n<meta name=\"robots\" content=\"index, follow, max-snippet:-1, max-image-preview:large, max-video-preview:-1\" \/>\n<link rel=\"canonical\" href=\"https:\/\/jornaldasoficinas.com\/pt\/9-a-edicao-da-mecanica-promete-muitas-novidades\/\" \/>\n<meta property=\"og:locale\" content=\"pt_PT\" \/>\n<meta property=\"og:type\" content=\"article\" \/>\n<meta property=\"og:title\" content=\"9.\u00aa edi\u00e7\u00e3o da MEC\u00c2NICA promete muitas novidades - Jornal das Oficinas\" \/>\n<meta property=\"og:description\" content=\"De 22 a 24 de novembro,...\" \/>\n<meta property=\"og:url\" content=\"https:\/\/jornaldasoficinas.com\/pt\/9-a-edicao-da-mecanica-promete-muitas-novidades\/\" \/>\n<meta property=\"og:site_name\" content=\"Jornal das Oficinas\" \/>\n<meta property=\"article:publisher\" content=\"https:\/\/www.facebook.com\/jornaloficinas\" \/>\n<meta property=\"article:published_time\" content=\"2019-09-19T11:26:44+00:00\" \/>\n<meta property=\"article:modified_time\" content=\"2023-07-19T14:59:15+00:00\" \/>\n<meta property=\"og:image\" content=\"https:\/\/jornaldasoficinas.com\/pt\/wp-content\/uploads\/2019\/09\/6fe6a3c30833e25c8f148d76468c08c5_XL.jpg\" \/>\n\t<meta property=\"og:image:width\" content=\"1024\" \/>\n\t<meta property=\"og:image:height\" content=\"581\" \/>\n\t<meta property=\"og:image:type\" content=\"image\/jpeg\" \/>\n<meta name=\"author\" content=\"Reda\u00e7\u00e3o JO\" \/>\n<meta name=\"twitter:card\" content=\"summary_large_image\" \/>\n<meta name=\"twitter:creator\" content=\"@jornaloficinas\" \/>\n<meta name=\"twitter:site\" content=\"@jornaloficinas\" \/>\n<meta name=\"twitter:label1\" content=\"Escrito por\" \/>\n\t<meta name=\"twitter:data1\" content=\"Reda\u00e7\u00e3o JO\" \/>\n\t<meta name=\"twitter:label2\" content=\"Tempo estimado de leitura\" \/>\n\t<meta name=\"twitter:data2\" content=\"2 minutos\" \/>\n<script type=\"application\/ld+json\" class=\"yoast-schema-graph\">{\"@context\":\"https:\\\/\\\/schema.org\",\"@graph\":[{\"@type\":\"Article\",\"@id\":\"https:\\\/\\\/jornaldasoficinas.com\\\/pt\\\/9-a-edicao-da-mecanica-promete-muitas-novidades\\\/#article\",\"isPartOf\":{\"@id\":\"https:\\\/\\\/jornaldasoficinas.com\\\/pt\\\/9-a-edicao-da-mecanica-promete-muitas-novidades\\\/\"},\"author\":{\"name\":\"Reda\u00e7\u00e3o JO\",\"@id\":\"https:\\\/\\\/jornaldasoficinas.com\\\/pt\\\/#\\\/schema\\\/person\\\/a38eef5de2c41d9e7c9ac10141afddf3\"},\"headline\":\"9.\u00aa edi\u00e7\u00e3o da MEC\u00c2NICA promete muitas novidades\",\"datePublished\":\"2019-09-19T11:26:44+00:00\",\"dateModified\":\"2023-07-19T14:59:15+00:00\",\"mainEntityOfPage\":{\"@id\":\"https:\\\/\\\/jornaldasoficinas.com\\\/pt\\\/9-a-edicao-da-mecanica-promete-muitas-novidades\\\/\"},\"wordCount\":419,\"publisher\":{\"@id\":\"https:\\\/\\\/jornaldasoficinas.com\\\/pt\\\/#organization\"},\"image\":{\"@id\":\"https:\\\/\\\/jornaldasoficinas.com\\\/pt\\\/9-a-edicao-da-mecanica-promete-muitas-novidades\\\/#primaryimage\"},\"thumbnailUrl\":\"https:\\\/\\\/jornaldasoficinas.com\\\/pt\\\/wp-content\\\/uploads\\\/2019\\\/09\\\/6fe6a3c30833e25c8f148d76468c08c5_XL.jpg\",\"keywords\":[\"Exposal\u00e3o\",\"FIL\",\"Sal\u00e3o MEC\u00c2NICA\"],\"articleSection\":[\"Empresas\"],\"inLanguage\":\"pt-PT\"},{\"@type\":\"WebPage\",\"@id\":\"https:\\\/\\\/jornaldasoficinas.com\\\/pt\\\/9-a-edicao-da-mecanica-promete-muitas-novidades\\\/\",\"url\":\"https:\\\/\\\/jornaldasoficinas.com\\\/pt\\\/9-a-edicao-da-mecanica-promete-muitas-novidades\\\/\",\"name\":\"9.\u00aa edi\u00e7\u00e3o da MEC\u00c2NICA promete muitas novidades - Jornal das Oficinas\",\"isPartOf\":{\"@id\":\"https:\\\/\\\/jornaldasoficinas.com\\\/pt\\\/#website\"},\"primaryImageOfPage\":{\"@id\":\"https:\\\/\\\/jornaldasoficinas.com\\\/pt\\\/9-a-edicao-da-mecanica-promete-muitas-novidades\\\/#primaryimage\"},\"image\":{\"@id\":\"https:\\\/\\\/jornaldasoficinas.com\\\/pt\\\/9-a-edicao-da-mecanica-promete-muitas-novidades\\\/#primaryimage\"},\"thumbnailUrl\":\"https:\\\/\\\/jornaldasoficinas.com\\\/pt\\\/wp-content\\\/uploads\\\/2019\\\/09\\\/6fe6a3c30833e25c8f148d76468c08c5_XL.jpg\",\"datePublished\":\"2019-09-19T11:26:44+00:00\",\"dateModified\":\"2023-07-19T14:59:15+00:00\",\"breadcrumb\":{\"@id\":\"https:\\\/\\\/jornaldasoficinas.com\\\/pt\\\/9-a-edicao-da-mecanica-promete-muitas-novidades\\\/#breadcrumb\"},\"inLanguage\":\"pt-PT\",\"potentialAction\":[{\"@type\":\"ReadAction\",\"target\":[\"https:\\\/\\\/jornaldasoficinas.com\\\/pt\\\/9-a-edicao-da-mecanica-promete-muitas-novidades\\\/\"]}]},{\"@type\":\"ImageObject\",\"inLanguage\":\"pt-PT\",\"@id\":\"https:\\\/\\\/jornaldasoficinas.com\\\/pt\\\/9-a-edicao-da-mecanica-promete-muitas-novidades\\\/#primaryimage\",\"url\":\"https:\\\/\\\/jornaldasoficinas.com\\\/pt\\\/wp-content\\\/uploads\\\/2019\\\/09\\\/6fe6a3c30833e25c8f148d76468c08c5_XL.jpg\",\"contentUrl\":\"https:\\\/\\\/jornaldasoficinas.com\\\/pt\\\/wp-content\\\/uploads\\\/2019\\\/09\\\/6fe6a3c30833e25c8f148d76468c08c5_XL.jpg\",\"width\":1024,\"height\":581,\"caption\":\"09 - 6fe6a3c30833e25c8f148d76468c08c5_XL\"},{\"@type\":\"BreadcrumbList\",\"@id\":\"https:\\\/\\\/jornaldasoficinas.com\\\/pt\\\/9-a-edicao-da-mecanica-promete-muitas-novidades\\\/#breadcrumb\",\"itemListElement\":[{\"@type\":\"ListItem\",\"position\":1,\"name\":\"In\u00edcio\",\"item\":\"https:\\\/\\\/jornaldasoficinas.com\\\/pt\\\/\"},{\"@type\":\"ListItem\",\"position\":2,\"name\":\"9.\u00aa edi\u00e7\u00e3o da MEC\u00c2NICA promete muitas novidades\"}]},{\"@type\":\"WebSite\",\"@id\":\"https:\\\/\\\/jornaldasoficinas.com\\\/pt\\\/#website\",\"url\":\"https:\\\/\\\/jornaldasoficinas.com\\\/pt\\\/\",\"name\":\"Jornal das Oficinas\",\"description\":\"Jornal independente do Aftermarket Autom\u00f3vel em Portugal\",\"publisher\":{\"@id\":\"https:\\\/\\\/jornaldasoficinas.com\\\/pt\\\/#organization\"},\"potentialAction\":[{\"@type\":\"SearchAction\",\"target\":{\"@type\":\"EntryPoint\",\"urlTemplate\":\"https:\\\/\\\/jornaldasoficinas.com\\\/pt\\\/?s={search_term_string}\"},\"query-input\":{\"@type\":\"PropertyValueSpecification\",\"valueRequired\":true,\"valueName\":\"search_term_string\"}}],\"inLanguage\":\"pt-PT\"},{\"@type\":\"Organization\",\"@id\":\"https:\\\/\\\/jornaldasoficinas.com\\\/pt\\\/#organization\",\"name\":\"Jornal das Oficinas\",\"url\":\"https:\\\/\\\/jornaldasoficinas.com\\\/pt\\\/\",\"logo\":{\"@type\":\"ImageObject\",\"inLanguage\":\"pt-PT\",\"@id\":\"https:\\\/\\\/jornaldasoficinas.com\\\/pt\\\/#\\\/schema\\\/logo\\\/image\\\/\",\"url\":\"https:\\\/\\\/jornaldasoficinas.com\\\/pt\\\/wp-content\\\/uploads\\\/logoJO-SEO.png\",\"contentUrl\":\"https:\\\/\\\/jornaldasoficinas.com\\\/pt\\\/wp-content\\\/uploads\\\/logoJO-SEO.png\",\"width\":285,\"height\":450,\"caption\":\"Jornal das Oficinas\"},\"image\":{\"@id\":\"https:\\\/\\\/jornaldasoficinas.com\\\/pt\\\/#\\\/schema\\\/logo\\\/image\\\/\"},\"sameAs\":[\"https:\\\/\\\/www.facebook.com\\\/jornaloficinas\",\"https:\\\/\\\/x.com\\\/jornaloficinas\",\"https:\\\/\\\/www.instagram.com\\\/jornal_oficinas\\\/\",\"https:\\\/\\\/www.linkedin.com\\\/company\\\/jornal-das-oficinas\\\/\",\"https:\\\/\\\/www.youtube.com\\\/channel\\\/UCbQZBqtcvV-oSQrr7RzINGg\"]},{\"@type\":\"Person\",\"@id\":\"https:\\\/\\\/jornaldasoficinas.com\\\/pt\\\/#\\\/schema\\\/person\\\/a38eef5de2c41d9e7c9ac10141afddf3\",\"name\":\"Reda\u00e7\u00e3o JO\",\"image\":{\"@type\":\"ImageObject\",\"inLanguage\":\"pt-PT\",\"@id\":\"https:\\\/\\\/secure.gravatar.com\\\/avatar\\\/71f2fa71737ad68a84fea94bc708ddac8ea5b0c4788dc2ad202f3ccb2887742f?s=96&d=wp_user_avatar&r=g\",\"url\":\"https:\\\/\\\/secure.gravatar.com\\\/avatar\\\/71f2fa71737ad68a84fea94bc708ddac8ea5b0c4788dc2ad202f3ccb2887742f?s=96&d=wp_user_avatar&r=g\",\"contentUrl\":\"https:\\\/\\\/secure.gravatar.com\\\/avatar\\\/71f2fa71737ad68a84fea94bc708ddac8ea5b0c4788dc2ad202f3ccb2887742f?s=96&d=wp_user_avatar&r=g\",\"caption\":\"Reda\u00e7\u00e3o JO\"},\"url\":\"https:\\\/\\\/jornaldasoficinas.com\\\/pt\\\/author\\\/joredacao\\\/\"}]}<\/script>\n<!-- \/ Yoast SEO plugin. -->","yoast_head_json":{"title":"9.\u00aa edi\u00e7\u00e3o da MEC\u00c2NICA promete muitas novidades - Jornal das Oficinas","robots":{"index":"index","follow":"follow","max-snippet":"max-snippet:-1","max-image-preview":"max-image-preview:large","max-video-preview":"max-video-preview:-1"},"canonical":"https:\/\/jornaldasoficinas.com\/pt\/9-a-edicao-da-mecanica-promete-muitas-novidades\/","og_locale":"pt_PT","og_type":"article","og_title":"9.\u00aa edi\u00e7\u00e3o da MEC\u00c2NICA promete muitas novidades - Jornal das Oficinas","og_description":"De 22 a 24 de novembro,...","og_url":"https:\/\/jornaldasoficinas.com\/pt\/9-a-edicao-da-mecanica-promete-muitas-novidades\/","og_site_name":"Jornal das Oficinas","article_publisher":"https:\/\/www.facebook.com\/jornaloficinas","article_published_time":"2019-09-19T11:26:44+00:00","article_modified_time":"2023-07-19T14:59:15+00:00","og_image":[{"width":1024,"height":581,"url":"https:\/\/jornaldasoficinas.com\/pt\/wp-content\/uploads\/2019\/09\/6fe6a3c30833e25c8f148d76468c08c5_XL.jpg","type":"image\/jpeg"}],"author":"Reda\u00e7\u00e3o JO","twitter_card":"summary_large_image","twitter_creator":"@jornaloficinas","twitter_site":"@jornaloficinas","twitter_misc":{"Escrito por":"Reda\u00e7\u00e3o JO","Tempo estimado de leitura":"2 minutos"},"schema":{"@context":"https:\/\/schema.org","@graph":[{"@type":"Article","@id":"https:\/\/jornaldasoficinas.com\/pt\/9-a-edicao-da-mecanica-promete-muitas-novidades\/#article","isPartOf":{"@id":"https:\/\/jornaldasoficinas.com\/pt\/9-a-edicao-da-mecanica-promete-muitas-novidades\/"},"author":{"name":"Reda\u00e7\u00e3o JO","@id":"https:\/\/jornaldasoficinas.com\/pt\/#\/schema\/person\/a38eef5de2c41d9e7c9ac10141afddf3"},"headline":"9.\u00aa edi\u00e7\u00e3o da MEC\u00c2NICA promete muitas novidades","datePublished":"2019-09-19T11:26:44+00:00","dateModified":"2023-07-19T14:59:15+00:00","mainEntityOfPage":{"@id":"https:\/\/jornaldasoficinas.com\/pt\/9-a-edicao-da-mecanica-promete-muitas-novidades\/"},"wordCount":419,"publisher":{"@id":"https:\/\/jornaldasoficinas.com\/pt\/#organization"},"image":{"@id":"https:\/\/jornaldasoficinas.com\/pt\/9-a-edicao-da-mecanica-promete-muitas-novidades\/#primaryimage"},"thumbnailUrl":"https:\/\/jornaldasoficinas.com\/pt\/wp-content\/uploads\/2019\/09\/6fe6a3c30833e25c8f148d76468c08c5_XL.jpg","keywords":["Exposal\u00e3o","FIL","Sal\u00e3o MEC\u00c2NICA"],"articleSection":["Empresas"],"inLanguage":"pt-PT"},{"@type":"WebPage","@id":"https:\/\/jornaldasoficinas.com\/pt\/9-a-edicao-da-mecanica-promete-muitas-novidades\/","url":"https:\/\/jornaldasoficinas.com\/pt\/9-a-edicao-da-mecanica-promete-muitas-novidades\/","name":"9.\u00aa edi\u00e7\u00e3o da MEC\u00c2NICA promete muitas novidades - Jornal das Oficinas","isPartOf":{"@id":"https:\/\/jornaldasoficinas.com\/pt\/#website"},"primaryImageOfPage":{"@id":"https:\/\/jornaldasoficinas.com\/pt\/9-a-edicao-da-mecanica-promete-muitas-novidades\/#primaryimage"},"image":{"@id":"https:\/\/jornaldasoficinas.com\/pt\/9-a-edicao-da-mecanica-promete-muitas-novidades\/#primaryimage"},"thumbnailUrl":"https:\/\/jornaldasoficinas.com\/pt\/wp-content\/uploads\/2019\/09\/6fe6a3c30833e25c8f148d76468c08c5_XL.jpg","datePublished":"2019-09-19T11:26:44+00:00","dateModified":"2023-07-19T14:59:15+00:00","breadcrumb":{"@id":"https:\/\/jornaldasoficinas.com\/pt\/9-a-edicao-da-mecanica-promete-muitas-novidades\/#breadcrumb"},"inLanguage":"pt-PT","potentialAction":[{"@type":"ReadAction","target":["https:\/\/jornaldasoficinas.com\/pt\/9-a-edicao-da-mecanica-promete-muitas-novidades\/"]}]},{"@type":"ImageObject","inLanguage":"pt-PT","@id":"https:\/\/jornaldasoficinas.com\/pt\/9-a-edicao-da-mecanica-promete-muitas-novidades\/#primaryimage","url":"https:\/\/jornaldasoficinas.com\/pt\/wp-content\/uploads\/2019\/09\/6fe6a3c30833e25c8f148d76468c08c5_XL.jpg","contentUrl":"https:\/\/jornaldasoficinas.com\/pt\/wp-content\/uploads\/2019\/09\/6fe6a3c30833e25c8f148d76468c08c5_XL.jpg","width":1024,"height":581,"caption":"09 - 6fe6a3c30833e25c8f148d76468c08c5_XL"},{"@type":"BreadcrumbList","@id":"https:\/\/jornaldasoficinas.com\/pt\/9-a-edicao-da-mecanica-promete-muitas-novidades\/#breadcrumb","itemListElement":[{"@type":"ListItem","position":1,"name":"In\u00edcio","item":"https:\/\/jornaldasoficinas.com\/pt\/"},{"@type":"ListItem","position":2,"name":"9.\u00aa edi\u00e7\u00e3o da MEC\u00c2NICA promete muitas novidades"}]},{"@type":"WebSite","@id":"https:\/\/jornaldasoficinas.com\/pt\/#website","url":"https:\/\/jornaldasoficinas.com\/pt\/","name":"Jornal das Oficinas","description":"Jornal independente do Aftermarket Autom\u00f3vel em Portugal","publisher":{"@id":"https:\/\/jornaldasoficinas.com\/pt\/#organization"},"potentialAction":[{"@type":"SearchAction","target":{"@type":"EntryPoint","urlTemplate":"https:\/\/jornaldasoficinas.com\/pt\/?s={search_term_string}"},"query-input":{"@type":"PropertyValueSpecification","valueRequired":true,"valueName":"search_term_string"}}],"inLanguage":"pt-PT"},{"@type":"Organization","@id":"https:\/\/jornaldasoficinas.com\/pt\/#organization","name":"Jornal das Oficinas","url":"https:\/\/jornaldasoficinas.com\/pt\/","logo":{"@type":"ImageObject","inLanguage":"pt-PT","@id":"https:\/\/jornaldasoficinas.com\/pt\/#\/schema\/logo\/image\/","url":"https:\/\/jornaldasoficinas.com\/pt\/wp-content\/uploads\/logoJO-SEO.png","contentUrl":"https:\/\/jornaldasoficinas.com\/pt\/wp-content\/uploads\/logoJO-SEO.png","width":285,"height":450,"caption":"Jornal das Oficinas"},"image":{"@id":"https:\/\/jornaldasoficinas.com\/pt\/#\/schema\/logo\/image\/"},"sameAs":["https:\/\/www.facebook.com\/jornaloficinas","https:\/\/x.com\/jornaloficinas","https:\/\/www.instagram.com\/jornal_oficinas\/","https:\/\/www.linkedin.com\/company\/jornal-das-oficinas\/","https:\/\/www.youtube.com\/channel\/UCbQZBqtcvV-oSQrr7RzINGg"]},{"@type":"Person","@id":"https:\/\/jornaldasoficinas.com\/pt\/#\/schema\/person\/a38eef5de2c41d9e7c9ac10141afddf3","name":"Reda\u00e7\u00e3o JO","image":{"@type":"ImageObject","inLanguage":"pt-PT","@id":"https:\/\/secure.gravatar.com\/avatar\/71f2fa71737ad68a84fea94bc708ddac8ea5b0c4788dc2ad202f3ccb2887742f?s=96&d=wp_user_avatar&r=g","url":"https:\/\/secure.gravatar.com\/avatar\/71f2fa71737ad68a84fea94bc708ddac8ea5b0c4788dc2ad202f3ccb2887742f?s=96&d=wp_user_avatar&r=g","contentUrl":"https:\/\/secure.gravatar.com\/avatar\/71f2fa71737ad68a84fea94bc708ddac8ea5b0c4788dc2ad202f3ccb2887742f?s=96&d=wp_user_avatar&r=g","caption":"Reda\u00e7\u00e3o JO"},"url":"https:\/\/jornaldasoficinas.com\/pt\/author\/joredacao\/"}]}},"_links":{"self":[{"href":"https:\/\/jornaldasoficinas.com\/pt\/wp-json\/wp\/v2\/posts\/2968","targetHints":{"allow":["GET"]}}],"collection":[{"href":"https:\/\/jornaldasoficinas.com\/pt\/wp-json\/wp\/v2\/posts"}],"about":[{"href":"https:\/\/jornaldasoficinas.com\/pt\/wp-json\/wp\/v2\/types\/post"}],"author":[{"embeddable":true,"href":"https:\/\/jornaldasoficinas.com\/pt\/wp-json\/wp\/v2\/users\/15"}],"replies":[{"embeddable":true,"href":"https:\/\/jornaldasoficinas.com\/pt\/wp-json\/wp\/v2\/comments?post=2968"}],"version-history":[{"count":0,"href":"https:\/\/jornaldasoficinas.com\/pt\/wp-json\/wp\/v2\/posts\/2968\/revisions"}],"wp:featuredmedia":[{"embeddable":true,"href":"https:\/\/jornaldasoficinas.com\/pt\/wp-json\/wp\/v2\/media\/3313"}],"wp:attachment":[{"href":"https:\/\/jornaldasoficinas.com\/pt\/wp-json\/wp\/v2\/media?parent=2968"}],"wp:term":[{"taxonomy":"category","embeddable":true,"href":"https:\/\/jornaldasoficinas.com\/pt\/wp-json\/wp\/v2\/categories?post=2968"},{"taxonomy":"post_tag","embeddable":true,"href":"https:\/\/jornaldasoficinas.com\/pt\/wp-json\/wp\/v2\/tags?post=2968"}],"curies":[{"name":"wp","href":"https:\/\/api.w.org\/{rel}","templated":true}]}}