{"id":29985,"date":"2022-05-25T18:00:34","date_gmt":"2022-05-25T17:00:34","guid":{"rendered":"https:\/\/jornaldasoficinas.com\/pt\/?p=29985"},"modified":"2023-07-20T16:11:58","modified_gmt":"2023-07-20T15:11:58","slug":"volvo-trucks-inaugura-fabrica-de-baterias-em-ghent","status":"publish","type":"post","link":"https:\/\/jornaldasoficinas.com\/pt\/volvo-trucks-inaugura-fabrica-de-baterias-em-ghent\/","title":{"rendered":"Volvo Trucks inaugura f\u00e1brica de baterias em Ghent"},"content":{"rendered":"<p><strong><img loading=\"lazy\" decoding=\"async\" class=\"alignnone size-full wp-image-29913\" src=\"https:\/\/jornaldasoficinas.com\/pt\/wp-content\/uploads\/2022\/05\/Volvo-Trucks-inaugura-fa\u0301brica-de-baterias-em-Ghent.png\" alt=\"05 - Volvo Trucks inaugura fa\u0301brica de baterias em Ghent\" width=\"1024\" height=\"581\" srcset=\"https:\/\/jornaldasoficinas.com\/pt\/wp-content\/uploads\/2022\/05\/Volvo-Trucks-inaugura-fa\u0301brica-de-baterias-em-Ghent.png 1024w, https:\/\/jornaldasoficinas.com\/pt\/wp-content\/uploads\/2022\/05\/Volvo-Trucks-inaugura-fa\u0301brica-de-baterias-em-Ghent-300x170.png 300w, https:\/\/jornaldasoficinas.com\/pt\/wp-content\/uploads\/2022\/05\/Volvo-Trucks-inaugura-fa\u0301brica-de-baterias-em-Ghent-150x85.png 150w, https:\/\/jornaldasoficinas.com\/pt\/wp-content\/uploads\/2022\/05\/Volvo-Trucks-inaugura-fa\u0301brica-de-baterias-em-Ghent-768x436.png 768w\" sizes=\"auto, (max-width: 1024px) 100vw, 1024px\" \/><\/strong><\/p>\n<p><strong>A <a href=\"https:\/\/www.volvocars.com\/pt\" target=\"_blank\" rel=\"noopener\">Volvo<\/a> Trucks acaba de abrir a sua primeira f\u00e1brica de montagem de baterias, localizada em Ghent, na B\u00e9lgica. Esta \u00faltima aposta da marca, fornecer\u00e1 baterias prontas para cami\u00f5es pesados \u200b\u200btotalmente el\u00e9tricos da Volvo Trucks<\/strong><\/p>\n<p>\u201cEste investimento mostra o nosso forte compromisso com a eletrifica\u00e7\u00e3o do transporte rodovi\u00e1rio. At\u00e9 2030, pelo menos 50% de todos os cami\u00f5es que vendermos globalmente ser\u00e3o el\u00e9tricos e, em 2040, seremos uma empresa neutra em carbono\u201d, diz Roger Alm, presidente da Volvo Trucks.<\/p>\n<p>Na nova f\u00e1brica de baterias, as c\u00e9lulas e os m\u00f3dulos da Samsung SDI ser\u00e3o montados em conjuntos de baterias feitos sob medida para a linha el\u00e9trica de servi\u00e7o pesados da Volvo Trucks: Volvo FH, Volvo FM e Volvo FMX. A produ\u00e7\u00e3o em s\u00e9rie come\u00e7a no terceiro trimestre deste ano.<\/p>\n<p><strong>Lead times mais curtos e maior circularidade<br \/>\n<\/strong>Cada bateria tem uma capacidade de 90 kWh e o cliente pode optar por ter at\u00e9 seis baterias (540 kWh) num cami\u00e3o. O n\u00famero de baterias depende da faixa espec\u00edfica de cada cliente e das procuras de capacidade de carga.<\/p>\n<p>\u201cAo integrar o processo de montagem de baterias no nosso fluxo de produ\u00e7\u00e3o, podemos reduzir os prazos de entrega para os nossos clientes e garantir baterias de alto desempenho, ao mesmo tempo em que aumentamos a circularidade\u201d, diz Roger Alm.<\/p>\n<p>As baterias da Volvo Trucks s\u00e3o projetadas para que possam ser posteriormente remanufaturadas, reformadas e reutilizadas. A planta em si \u00e9 alimentada por energia 100% renov\u00e1vel.<\/p>\n<p><strong>Solu\u00e7\u00f5es el\u00e9tricas para a maioria das necessidades de transporte<br \/>\n<\/strong>Com a produ\u00e7\u00e3o de tr\u00eas modelos totalmente el\u00e9tricos para os servi\u00e7os pesados a partir deste ano na Europa, a Volvo Trucks oferecer\u00e1 um total de seis modelos de cami\u00f5es el\u00e9tricos, cobrindo tudo, desde distribui\u00e7\u00e3o urbana e manuseio de lixo at\u00e9 transporte regional e trabalhos de constru\u00e7\u00e3o.<\/p>\n<p>\u201cIniciamos a produ\u00e7\u00e3o em s\u00e9rie de cami\u00f5es el\u00e9tricos j\u00e1 em 2019 e lideramos o mercado na Europa e na Am\u00e9rica do Norte. Com o r\u00e1pido desenvolvimento de redes de carregamento e melhorias na tecnologia de baterias, estou convencido de que veremos uma r\u00e1pida transforma\u00e7\u00e3o de toda a ind\u00fastria de cami\u00f5es num futuro muito pr\u00f3ximo\u201d, conclui Roger Alm.<\/p>\n","protected":false},"excerpt":{"rendered":"<p>A Volvo Trucks acaba de abrir&#8230;<\/p>\n","protected":false},"author":15,"featured_media":29913,"comment_status":"closed","ping_status":"closed","sticky":false,"template":"","format":"standard","meta":{"footnotes":""},"categories":[29],"tags":[488],"class_list":["post-29985","post","type-post","status-publish","format-standard","has-post-thumbnail","hentry","category-empresas","tag-volvo"],"yoast_head":"<!-- This site is optimized with the Yoast SEO plugin v27.5 - https:\/\/yoast.com\/product\/yoast-seo-wordpress\/ -->\n<title>Volvo Trucks inaugura f\u00e1brica de baterias em Ghent - Jornal das Oficinas<\/title>\n<meta name=\"robots\" content=\"index, follow, max-snippet:-1, max-image-preview:large, max-video-preview:-1\" \/>\n<link rel=\"canonical\" href=\"https:\/\/jornaldasoficinas.com\/pt\/volvo-trucks-inaugura-fabrica-de-baterias-em-ghent\/\" \/>\n<meta property=\"og:locale\" content=\"pt_PT\" \/>\n<meta property=\"og:type\" content=\"article\" \/>\n<meta property=\"og:title\" content=\"Volvo Trucks inaugura f\u00e1brica de baterias em Ghent - Jornal das Oficinas\" \/>\n<meta property=\"og:description\" content=\"A Volvo Trucks acaba de abrir...\" \/>\n<meta property=\"og:url\" content=\"https:\/\/jornaldasoficinas.com\/pt\/volvo-trucks-inaugura-fabrica-de-baterias-em-ghent\/\" \/>\n<meta property=\"og:site_name\" content=\"Jornal das Oficinas\" \/>\n<meta property=\"article:publisher\" content=\"https:\/\/www.facebook.com\/jornaloficinas\" \/>\n<meta property=\"article:published_time\" content=\"2022-05-25T17:00:34+00:00\" \/>\n<meta property=\"article:modified_time\" content=\"2023-07-20T15:11:58+00:00\" \/>\n<meta property=\"og:image\" content=\"https:\/\/jornaldasoficinas.com\/pt\/wp-content\/uploads\/2022\/05\/Volvo-Trucks-inaugura-fa\u0301brica-de-baterias-em-Ghent.png\" \/>\n\t<meta property=\"og:image:width\" content=\"1024\" \/>\n\t<meta property=\"og:image:height\" content=\"581\" \/>\n\t<meta property=\"og:image:type\" content=\"image\/png\" \/>\n<meta name=\"author\" content=\"Reda\u00e7\u00e3o JO\" \/>\n<meta name=\"twitter:card\" content=\"summary_large_image\" \/>\n<meta name=\"twitter:creator\" content=\"@jornaloficinas\" \/>\n<meta name=\"twitter:site\" content=\"@jornaloficinas\" \/>\n<meta name=\"twitter:label1\" content=\"Escrito por\" \/>\n\t<meta name=\"twitter:data1\" content=\"Reda\u00e7\u00e3o JO\" \/>\n\t<meta name=\"twitter:label2\" content=\"Tempo estimado de leitura\" \/>\n\t<meta name=\"twitter:data2\" content=\"2 minutos\" \/>\n<script type=\"application\/ld+json\" class=\"yoast-schema-graph\">{\"@context\":\"https:\\\/\\\/schema.org\",\"@graph\":[{\"@type\":\"Article\",\"@id\":\"https:\\\/\\\/jornaldasoficinas.com\\\/pt\\\/volvo-trucks-inaugura-fabrica-de-baterias-em-ghent\\\/#article\",\"isPartOf\":{\"@id\":\"https:\\\/\\\/jornaldasoficinas.com\\\/pt\\\/volvo-trucks-inaugura-fabrica-de-baterias-em-ghent\\\/\"},\"author\":{\"name\":\"Reda\u00e7\u00e3o JO\",\"@id\":\"https:\\\/\\\/jornaldasoficinas.com\\\/pt\\\/#\\\/schema\\\/person\\\/a38eef5de2c41d9e7c9ac10141afddf3\"},\"headline\":\"Volvo Trucks inaugura f\u00e1brica de baterias em Ghent\",\"datePublished\":\"2022-05-25T17:00:34+00:00\",\"dateModified\":\"2023-07-20T15:11:58+00:00\",\"mainEntityOfPage\":{\"@id\":\"https:\\\/\\\/jornaldasoficinas.com\\\/pt\\\/volvo-trucks-inaugura-fabrica-de-baterias-em-ghent\\\/\"},\"wordCount\":398,\"publisher\":{\"@id\":\"https:\\\/\\\/jornaldasoficinas.com\\\/pt\\\/#organization\"},\"image\":{\"@id\":\"https:\\\/\\\/jornaldasoficinas.com\\\/pt\\\/volvo-trucks-inaugura-fabrica-de-baterias-em-ghent\\\/#primaryimage\"},\"thumbnailUrl\":\"https:\\\/\\\/jornaldasoficinas.com\\\/pt\\\/wp-content\\\/uploads\\\/2022\\\/05\\\/Volvo-Trucks-inaugura-fa\u0301brica-de-baterias-em-Ghent.png\",\"keywords\":[\"Volvo\"],\"articleSection\":[\"Empresas\"],\"inLanguage\":\"pt-PT\"},{\"@type\":\"WebPage\",\"@id\":\"https:\\\/\\\/jornaldasoficinas.com\\\/pt\\\/volvo-trucks-inaugura-fabrica-de-baterias-em-ghent\\\/\",\"url\":\"https:\\\/\\\/jornaldasoficinas.com\\\/pt\\\/volvo-trucks-inaugura-fabrica-de-baterias-em-ghent\\\/\",\"name\":\"Volvo Trucks inaugura f\u00e1brica de baterias em Ghent - Jornal das Oficinas\",\"isPartOf\":{\"@id\":\"https:\\\/\\\/jornaldasoficinas.com\\\/pt\\\/#website\"},\"primaryImageOfPage\":{\"@id\":\"https:\\\/\\\/jornaldasoficinas.com\\\/pt\\\/volvo-trucks-inaugura-fabrica-de-baterias-em-ghent\\\/#primaryimage\"},\"image\":{\"@id\":\"https:\\\/\\\/jornaldasoficinas.com\\\/pt\\\/volvo-trucks-inaugura-fabrica-de-baterias-em-ghent\\\/#primaryimage\"},\"thumbnailUrl\":\"https:\\\/\\\/jornaldasoficinas.com\\\/pt\\\/wp-content\\\/uploads\\\/2022\\\/05\\\/Volvo-Trucks-inaugura-fa\u0301brica-de-baterias-em-Ghent.png\",\"datePublished\":\"2022-05-25T17:00:34+00:00\",\"dateModified\":\"2023-07-20T15:11:58+00:00\",\"breadcrumb\":{\"@id\":\"https:\\\/\\\/jornaldasoficinas.com\\\/pt\\\/volvo-trucks-inaugura-fabrica-de-baterias-em-ghent\\\/#breadcrumb\"},\"inLanguage\":\"pt-PT\",\"potentialAction\":[{\"@type\":\"ReadAction\",\"target\":[\"https:\\\/\\\/jornaldasoficinas.com\\\/pt\\\/volvo-trucks-inaugura-fabrica-de-baterias-em-ghent\\\/\"]}]},{\"@type\":\"ImageObject\",\"inLanguage\":\"pt-PT\",\"@id\":\"https:\\\/\\\/jornaldasoficinas.com\\\/pt\\\/volvo-trucks-inaugura-fabrica-de-baterias-em-ghent\\\/#primaryimage\",\"url\":\"https:\\\/\\\/jornaldasoficinas.com\\\/pt\\\/wp-content\\\/uploads\\\/2022\\\/05\\\/Volvo-Trucks-inaugura-fa\u0301brica-de-baterias-em-Ghent.png\",\"contentUrl\":\"https:\\\/\\\/jornaldasoficinas.com\\\/pt\\\/wp-content\\\/uploads\\\/2022\\\/05\\\/Volvo-Trucks-inaugura-fa\u0301brica-de-baterias-em-Ghent.png\",\"width\":1024,\"height\":581,\"caption\":\"05 - Volvo Trucks inaugura fa\u0301brica de baterias em Ghent\"},{\"@type\":\"BreadcrumbList\",\"@id\":\"https:\\\/\\\/jornaldasoficinas.com\\\/pt\\\/volvo-trucks-inaugura-fabrica-de-baterias-em-ghent\\\/#breadcrumb\",\"itemListElement\":[{\"@type\":\"ListItem\",\"position\":1,\"name\":\"In\u00edcio\",\"item\":\"https:\\\/\\\/jornaldasoficinas.com\\\/pt\\\/\"},{\"@type\":\"ListItem\",\"position\":2,\"name\":\"Volvo Trucks inaugura f\u00e1brica de baterias em Ghent\"}]},{\"@type\":\"WebSite\",\"@id\":\"https:\\\/\\\/jornaldasoficinas.com\\\/pt\\\/#website\",\"url\":\"https:\\\/\\\/jornaldasoficinas.com\\\/pt\\\/\",\"name\":\"Jornal das Oficinas\",\"description\":\"Jornal independente do Aftermarket Autom\u00f3vel em Portugal\",\"publisher\":{\"@id\":\"https:\\\/\\\/jornaldasoficinas.com\\\/pt\\\/#organization\"},\"potentialAction\":[{\"@type\":\"SearchAction\",\"target\":{\"@type\":\"EntryPoint\",\"urlTemplate\":\"https:\\\/\\\/jornaldasoficinas.com\\\/pt\\\/?s={search_term_string}\"},\"query-input\":{\"@type\":\"PropertyValueSpecification\",\"valueRequired\":true,\"valueName\":\"search_term_string\"}}],\"inLanguage\":\"pt-PT\"},{\"@type\":\"Organization\",\"@id\":\"https:\\\/\\\/jornaldasoficinas.com\\\/pt\\\/#organization\",\"name\":\"Jornal das Oficinas\",\"url\":\"https:\\\/\\\/jornaldasoficinas.com\\\/pt\\\/\",\"logo\":{\"@type\":\"ImageObject\",\"inLanguage\":\"pt-PT\",\"@id\":\"https:\\\/\\\/jornaldasoficinas.com\\\/pt\\\/#\\\/schema\\\/logo\\\/image\\\/\",\"url\":\"https:\\\/\\\/jornaldasoficinas.com\\\/pt\\\/wp-content\\\/uploads\\\/logoJO-SEO.png\",\"contentUrl\":\"https:\\\/\\\/jornaldasoficinas.com\\\/pt\\\/wp-content\\\/uploads\\\/logoJO-SEO.png\",\"width\":285,\"height\":450,\"caption\":\"Jornal das Oficinas\"},\"image\":{\"@id\":\"https:\\\/\\\/jornaldasoficinas.com\\\/pt\\\/#\\\/schema\\\/logo\\\/image\\\/\"},\"sameAs\":[\"https:\\\/\\\/www.facebook.com\\\/jornaloficinas\",\"https:\\\/\\\/x.com\\\/jornaloficinas\",\"https:\\\/\\\/www.instagram.com\\\/jornal_oficinas\\\/\",\"https:\\\/\\\/www.linkedin.com\\\/company\\\/jornal-das-oficinas\\\/\",\"https:\\\/\\\/www.youtube.com\\\/channel\\\/UCbQZBqtcvV-oSQrr7RzINGg\"]},{\"@type\":\"Person\",\"@id\":\"https:\\\/\\\/jornaldasoficinas.com\\\/pt\\\/#\\\/schema\\\/person\\\/a38eef5de2c41d9e7c9ac10141afddf3\",\"name\":\"Reda\u00e7\u00e3o JO\",\"image\":{\"@type\":\"ImageObject\",\"inLanguage\":\"pt-PT\",\"@id\":\"https:\\\/\\\/secure.gravatar.com\\\/avatar\\\/71f2fa71737ad68a84fea94bc708ddac8ea5b0c4788dc2ad202f3ccb2887742f?s=96&d=wp_user_avatar&r=g\",\"url\":\"https:\\\/\\\/secure.gravatar.com\\\/avatar\\\/71f2fa71737ad68a84fea94bc708ddac8ea5b0c4788dc2ad202f3ccb2887742f?s=96&d=wp_user_avatar&r=g\",\"contentUrl\":\"https:\\\/\\\/secure.gravatar.com\\\/avatar\\\/71f2fa71737ad68a84fea94bc708ddac8ea5b0c4788dc2ad202f3ccb2887742f?s=96&d=wp_user_avatar&r=g\",\"caption\":\"Reda\u00e7\u00e3o JO\"},\"url\":\"https:\\\/\\\/jornaldasoficinas.com\\\/pt\\\/author\\\/joredacao\\\/\"}]}<\/script>\n<!-- \/ Yoast SEO plugin. -->","yoast_head_json":{"title":"Volvo Trucks inaugura f\u00e1brica de baterias em Ghent - Jornal das Oficinas","robots":{"index":"index","follow":"follow","max-snippet":"max-snippet:-1","max-image-preview":"max-image-preview:large","max-video-preview":"max-video-preview:-1"},"canonical":"https:\/\/jornaldasoficinas.com\/pt\/volvo-trucks-inaugura-fabrica-de-baterias-em-ghent\/","og_locale":"pt_PT","og_type":"article","og_title":"Volvo Trucks inaugura f\u00e1brica de baterias em Ghent - Jornal das Oficinas","og_description":"A Volvo Trucks acaba de abrir...","og_url":"https:\/\/jornaldasoficinas.com\/pt\/volvo-trucks-inaugura-fabrica-de-baterias-em-ghent\/","og_site_name":"Jornal das Oficinas","article_publisher":"https:\/\/www.facebook.com\/jornaloficinas","article_published_time":"2022-05-25T17:00:34+00:00","article_modified_time":"2023-07-20T15:11:58+00:00","og_image":[{"width":1024,"height":581,"url":"https:\/\/jornaldasoficinas.com\/pt\/wp-content\/uploads\/2022\/05\/Volvo-Trucks-inaugura-fa\u0301brica-de-baterias-em-Ghent.png","type":"image\/png"}],"author":"Reda\u00e7\u00e3o JO","twitter_card":"summary_large_image","twitter_creator":"@jornaloficinas","twitter_site":"@jornaloficinas","twitter_misc":{"Escrito por":"Reda\u00e7\u00e3o JO","Tempo estimado de leitura":"2 minutos"},"schema":{"@context":"https:\/\/schema.org","@graph":[{"@type":"Article","@id":"https:\/\/jornaldasoficinas.com\/pt\/volvo-trucks-inaugura-fabrica-de-baterias-em-ghent\/#article","isPartOf":{"@id":"https:\/\/jornaldasoficinas.com\/pt\/volvo-trucks-inaugura-fabrica-de-baterias-em-ghent\/"},"author":{"name":"Reda\u00e7\u00e3o JO","@id":"https:\/\/jornaldasoficinas.com\/pt\/#\/schema\/person\/a38eef5de2c41d9e7c9ac10141afddf3"},"headline":"Volvo Trucks inaugura f\u00e1brica de baterias em Ghent","datePublished":"2022-05-25T17:00:34+00:00","dateModified":"2023-07-20T15:11:58+00:00","mainEntityOfPage":{"@id":"https:\/\/jornaldasoficinas.com\/pt\/volvo-trucks-inaugura-fabrica-de-baterias-em-ghent\/"},"wordCount":398,"publisher":{"@id":"https:\/\/jornaldasoficinas.com\/pt\/#organization"},"image":{"@id":"https:\/\/jornaldasoficinas.com\/pt\/volvo-trucks-inaugura-fabrica-de-baterias-em-ghent\/#primaryimage"},"thumbnailUrl":"https:\/\/jornaldasoficinas.com\/pt\/wp-content\/uploads\/2022\/05\/Volvo-Trucks-inaugura-fa\u0301brica-de-baterias-em-Ghent.png","keywords":["Volvo"],"articleSection":["Empresas"],"inLanguage":"pt-PT"},{"@type":"WebPage","@id":"https:\/\/jornaldasoficinas.com\/pt\/volvo-trucks-inaugura-fabrica-de-baterias-em-ghent\/","url":"https:\/\/jornaldasoficinas.com\/pt\/volvo-trucks-inaugura-fabrica-de-baterias-em-ghent\/","name":"Volvo Trucks inaugura f\u00e1brica de baterias em Ghent - Jornal das Oficinas","isPartOf":{"@id":"https:\/\/jornaldasoficinas.com\/pt\/#website"},"primaryImageOfPage":{"@id":"https:\/\/jornaldasoficinas.com\/pt\/volvo-trucks-inaugura-fabrica-de-baterias-em-ghent\/#primaryimage"},"image":{"@id":"https:\/\/jornaldasoficinas.com\/pt\/volvo-trucks-inaugura-fabrica-de-baterias-em-ghent\/#primaryimage"},"thumbnailUrl":"https:\/\/jornaldasoficinas.com\/pt\/wp-content\/uploads\/2022\/05\/Volvo-Trucks-inaugura-fa\u0301brica-de-baterias-em-Ghent.png","datePublished":"2022-05-25T17:00:34+00:00","dateModified":"2023-07-20T15:11:58+00:00","breadcrumb":{"@id":"https:\/\/jornaldasoficinas.com\/pt\/volvo-trucks-inaugura-fabrica-de-baterias-em-ghent\/#breadcrumb"},"inLanguage":"pt-PT","potentialAction":[{"@type":"ReadAction","target":["https:\/\/jornaldasoficinas.com\/pt\/volvo-trucks-inaugura-fabrica-de-baterias-em-ghent\/"]}]},{"@type":"ImageObject","inLanguage":"pt-PT","@id":"https:\/\/jornaldasoficinas.com\/pt\/volvo-trucks-inaugura-fabrica-de-baterias-em-ghent\/#primaryimage","url":"https:\/\/jornaldasoficinas.com\/pt\/wp-content\/uploads\/2022\/05\/Volvo-Trucks-inaugura-fa\u0301brica-de-baterias-em-Ghent.png","contentUrl":"https:\/\/jornaldasoficinas.com\/pt\/wp-content\/uploads\/2022\/05\/Volvo-Trucks-inaugura-fa\u0301brica-de-baterias-em-Ghent.png","width":1024,"height":581,"caption":"05 - Volvo Trucks inaugura fa\u0301brica de baterias em Ghent"},{"@type":"BreadcrumbList","@id":"https:\/\/jornaldasoficinas.com\/pt\/volvo-trucks-inaugura-fabrica-de-baterias-em-ghent\/#breadcrumb","itemListElement":[{"@type":"ListItem","position":1,"name":"In\u00edcio","item":"https:\/\/jornaldasoficinas.com\/pt\/"},{"@type":"ListItem","position":2,"name":"Volvo Trucks inaugura f\u00e1brica de baterias em Ghent"}]},{"@type":"WebSite","@id":"https:\/\/jornaldasoficinas.com\/pt\/#website","url":"https:\/\/jornaldasoficinas.com\/pt\/","name":"Jornal das Oficinas","description":"Jornal independente do Aftermarket Autom\u00f3vel em Portugal","publisher":{"@id":"https:\/\/jornaldasoficinas.com\/pt\/#organization"},"potentialAction":[{"@type":"SearchAction","target":{"@type":"EntryPoint","urlTemplate":"https:\/\/jornaldasoficinas.com\/pt\/?s={search_term_string}"},"query-input":{"@type":"PropertyValueSpecification","valueRequired":true,"valueName":"search_term_string"}}],"inLanguage":"pt-PT"},{"@type":"Organization","@id":"https:\/\/jornaldasoficinas.com\/pt\/#organization","name":"Jornal das Oficinas","url":"https:\/\/jornaldasoficinas.com\/pt\/","logo":{"@type":"ImageObject","inLanguage":"pt-PT","@id":"https:\/\/jornaldasoficinas.com\/pt\/#\/schema\/logo\/image\/","url":"https:\/\/jornaldasoficinas.com\/pt\/wp-content\/uploads\/logoJO-SEO.png","contentUrl":"https:\/\/jornaldasoficinas.com\/pt\/wp-content\/uploads\/logoJO-SEO.png","width":285,"height":450,"caption":"Jornal das Oficinas"},"image":{"@id":"https:\/\/jornaldasoficinas.com\/pt\/#\/schema\/logo\/image\/"},"sameAs":["https:\/\/www.facebook.com\/jornaloficinas","https:\/\/x.com\/jornaloficinas","https:\/\/www.instagram.com\/jornal_oficinas\/","https:\/\/www.linkedin.com\/company\/jornal-das-oficinas\/","https:\/\/www.youtube.com\/channel\/UCbQZBqtcvV-oSQrr7RzINGg"]},{"@type":"Person","@id":"https:\/\/jornaldasoficinas.com\/pt\/#\/schema\/person\/a38eef5de2c41d9e7c9ac10141afddf3","name":"Reda\u00e7\u00e3o JO","image":{"@type":"ImageObject","inLanguage":"pt-PT","@id":"https:\/\/secure.gravatar.com\/avatar\/71f2fa71737ad68a84fea94bc708ddac8ea5b0c4788dc2ad202f3ccb2887742f?s=96&d=wp_user_avatar&r=g","url":"https:\/\/secure.gravatar.com\/avatar\/71f2fa71737ad68a84fea94bc708ddac8ea5b0c4788dc2ad202f3ccb2887742f?s=96&d=wp_user_avatar&r=g","contentUrl":"https:\/\/secure.gravatar.com\/avatar\/71f2fa71737ad68a84fea94bc708ddac8ea5b0c4788dc2ad202f3ccb2887742f?s=96&d=wp_user_avatar&r=g","caption":"Reda\u00e7\u00e3o JO"},"url":"https:\/\/jornaldasoficinas.com\/pt\/author\/joredacao\/"}]}},"_links":{"self":[{"href":"https:\/\/jornaldasoficinas.com\/pt\/wp-json\/wp\/v2\/posts\/29985","targetHints":{"allow":["GET"]}}],"collection":[{"href":"https:\/\/jornaldasoficinas.com\/pt\/wp-json\/wp\/v2\/posts"}],"about":[{"href":"https:\/\/jornaldasoficinas.com\/pt\/wp-json\/wp\/v2\/types\/post"}],"author":[{"embeddable":true,"href":"https:\/\/jornaldasoficinas.com\/pt\/wp-json\/wp\/v2\/users\/15"}],"replies":[{"embeddable":true,"href":"https:\/\/jornaldasoficinas.com\/pt\/wp-json\/wp\/v2\/comments?post=29985"}],"version-history":[{"count":0,"href":"https:\/\/jornaldasoficinas.com\/pt\/wp-json\/wp\/v2\/posts\/29985\/revisions"}],"wp:featuredmedia":[{"embeddable":true,"href":"https:\/\/jornaldasoficinas.com\/pt\/wp-json\/wp\/v2\/media\/29913"}],"wp:attachment":[{"href":"https:\/\/jornaldasoficinas.com\/pt\/wp-json\/wp\/v2\/media?parent=29985"}],"wp:term":[{"taxonomy":"category","embeddable":true,"href":"https:\/\/jornaldasoficinas.com\/pt\/wp-json\/wp\/v2\/categories?post=29985"},{"taxonomy":"post_tag","embeddable":true,"href":"https:\/\/jornaldasoficinas.com\/pt\/wp-json\/wp\/v2\/tags?post=29985"}],"curies":[{"name":"wp","href":"https:\/\/api.w.org\/{rel}","templated":true}]}}