{"id":29998,"date":"2022-05-26T12:00:06","date_gmt":"2022-05-26T11:00:06","guid":{"rendered":"https:\/\/jornaldasoficinas.com\/pt\/?p=29998"},"modified":"2023-07-19T15:47:29","modified_gmt":"2023-07-19T14:47:29","slug":"automechanika-frankfurt-realiza-se-de-13-a-17-setembro","status":"publish","type":"post","link":"https:\/\/jornaldasoficinas.com\/pt\/automechanika-frankfurt-realiza-se-de-13-a-17-setembro\/","title":{"rendered":"Automechanika Frankfurt realiza-se de 13 a 17 setembro"},"content":{"rendered":"<p><strong><img loading=\"lazy\" decoding=\"async\" class=\"alignnone size-full wp-image-29894\" src=\"https:\/\/jornaldasoficinas.com\/pt\/wp-content\/uploads\/2022\/05\/Automechanika-Frankfurt-realiza-se-de-13-a-17-Setembro.jpg\" alt=\"05 - Automechanika Frankfurt realiza se de 13 a 17 Setembro\" width=\"1024\" height=\"581\" srcset=\"https:\/\/jornaldasoficinas.com\/pt\/wp-content\/uploads\/2022\/05\/Automechanika-Frankfurt-realiza-se-de-13-a-17-Setembro.jpg 1024w, https:\/\/jornaldasoficinas.com\/pt\/wp-content\/uploads\/2022\/05\/Automechanika-Frankfurt-realiza-se-de-13-a-17-Setembro-300x170.jpg 300w, https:\/\/jornaldasoficinas.com\/pt\/wp-content\/uploads\/2022\/05\/Automechanika-Frankfurt-realiza-se-de-13-a-17-Setembro-150x85.jpg 150w, https:\/\/jornaldasoficinas.com\/pt\/wp-content\/uploads\/2022\/05\/Automechanika-Frankfurt-realiza-se-de-13-a-17-Setembro-768x436.jpg 768w\" sizes=\"auto, (max-width: 1024px) 100vw, 1024px\" \/><\/strong><\/p>\n<p><strong>Finalmente, o mercado internacional de p\u00f3s-venda autom\u00f3vel est\u00e1 de novo reunido em Frankfurt: de 13 a 17 de setembro de 2022 e depois em anos pares. Numerosas empresas l\u00edderes de mais de 60 pa\u00edses j\u00e1 confirmaram a sua participa\u00e7\u00e3o<\/strong><\/p>\n<p>Declara\u00e7\u00f5es recentes dos principais actores da ind\u00fastria sublinharam a import\u00e2ncia da Automechanika como o ponto de encontro internacional mais importante do sector. Os Pr\u00e9mios Automechanika de Inova\u00e7\u00e3o receberam um n\u00famero recorde de candidaturas. E o networking presencial \u00e9 mais importante do que nunca, com salas de networking adicionais agora dispon\u00edveis. Outras \u00e1reas de enfoque: log\u00edstica autom\u00f3vel, sustentabilidade, forma\u00e7\u00e3o, desenvolvimento profissional e recrutamento.<\/p>\n<p>Seja electromobilidade, conectividade, condu\u00e7\u00e3o aut\u00f3noma ou solu\u00e7\u00f5es digitais para oficinas e concession\u00e1rios de autom\u00f3veis, fabricantes e fornecedores no mercado p\u00f3s-venda autom\u00f3vel t\u00eam uma riqueza de novos produtos e inova\u00e7\u00f5es \u00e0 m\u00e3o para a pr\u00f3xima Automechanika Frankfurt.<\/p>\n<p>Olaf Mu\u00dfhoff, Director da Automechanika Frankfurt, est\u00e1 encantado com o feedback positivo do sector: &#8220;Estou ansioso por ver numerosos intervenientes internacionais e visitantes comerciais de todo o mundo de volta aqui em Frankfurt. \u00c9 uma oportunidade h\u00e1 muito esperada para fazer neg\u00f3cios pessoalmente e desfrutar de uma experi\u00eancia de perto de novos produtos e apresenta\u00e7\u00f5es ao vivo. Cri\u00e1mos novos formatos para a ocasi\u00e3o e coloc\u00e1mos importantes t\u00f3picos de tend\u00eancias na agenda&#8221;.<\/p>\n<p>Nenhuma outra feira cobre toda a cadeia de valor do aftermarket autom\u00f3vel como a Automechanika Frankfurt. Um Who&#8217;s Who internacional do sector re\u00fane-se no recinto de exposi\u00e7\u00f5es de Frankfurt. Empresas como Modula, G3, Peruzzo, Fabbri, Koni, Mc Guard, Edco, MF Transportsysteme, Climair, EAL, Tradekar, Gianso, Oto Konak e Gleddring apresentar\u00e3o inova\u00e7\u00f5es de produtos na categoria de Acess\u00f3rios &amp; Personaliza\u00e7\u00e3o.<\/p>\n<p>Na \u00e1rea de Carro\u00e7aria &amp; Pintura no pavilh\u00e3o 11, empresas incluindo BASF Coatings, Chemicar Europe, Mipa, SATA e ZKF (Associa\u00e7\u00e3o Alem\u00e3 para Carro\u00e7aria e Tecnologia de Ve\u00edculos) ir\u00e3o apresentar os seus produtos e servi\u00e7os. Entre os expositores na \u00e1rea de Lavagem &amp; Cuidados de Ve\u00edculos incluem-se Otto Christ, Alfred K\u00e4rcher, Colourlock, equipamento AVW, Interpump, Lavorwash, Comet, Innovative Chemicals, Koch Chemie, Washalia, MaFra e Soft99. A categoria Diagnostics &amp; Repair apresenta numerosas empresas que apresentam as suas mais recentes solu\u00e7\u00f5es, incluindo MAHA, Snap-on, Blitz Rotary, Texa, Nexion Corghi Group, Hunter, Abrites, Hella, Robert Bosch, Mahle, ZDK (Federa\u00e7\u00e3o Alem\u00e3 para o Com\u00e9rcio e Repara\u00e7\u00e3o Autom\u00f3vel), Rhinomotive, Dometic Waeco, Autocom, Carbon Zapp, Autel Intelligent (CN), W\u00fcrth, DAT, Celette France, Solera, Carbon,<\/p>\n<p>Prodyver, CTP GmbH, LiquiMoly, ROWE e RAVENOL. A HaynesPro, GT\u00dc, soft-nrg e outras empresas bem conhecidas da Alemanha e do estrangeiro apresentar\u00e3o novas solu\u00e7\u00f5es para a Gest\u00e3o de Revendedores &amp; Oficinas na feira comercial. Todo o espectro de pe\u00e7as e componentes para autom\u00f3veis, motociclos e ve\u00edculos comerciais ser\u00e1 apresentado por empresas como BPW Bergische Achsen, Jost-Werke, A.B.S. All Brakes Systems, Meyle, ElringKlinger, NTN-SNR, MS Motorservice, Heinrich Eibach, DVSE-Topmotive, Schaeffler e Continental Aftermarket. Osram, Clarios e Lumileds est\u00e3o entre as empresas que apresentam os seus \u00faltimos desenvolvimentos na \u00e1rea da Electr\u00f3nica e Conectividade.<\/p>\n<p>Declara\u00e7\u00f5es recentes dos principais actores da ind\u00fastria sublinharam a import\u00e2ncia da Automechanika como o ponto de encontro internacional do sector. Peter Wagner, Director Executivo da Continental Aftermarket &amp; Services GmbH, explicou: &#8220;N\u00e3o h\u00e1 d\u00favida de que a Automechanika \u00e9 a principal feira comercial do sector. \u00c9 aqui que se realizam discuss\u00f5es estrat\u00e9gicas ao mais alto n\u00edvel &#8211; algo que \u00e9 finalmente poss\u00edvel de novo&#8221;.<\/p>\n<p>Isto \u00e9 importante, porque o aftermarket est\u00e1 a mudar mais rapidamente do que nunca. Quer se trate de conectividade, acesso a dados, mobilidade electr\u00f3nica ou sustentabilidade &#8211; h\u00e1 muito sobre o que falar&#8221;! Haver\u00e1 tamb\u00e9m novos intervenientes no evento deste ano. Oliver Klinck, Director Executivo, CEO do eBay Alemanha: &#8220;Como l\u00edder do mercado online de pe\u00e7as e acess\u00f3rios para autom\u00f3veis, eBay tem o prazer de apresentar o E-Commerce Lounge na Automechanika pela primeira vez este ano&#8221;.<\/p>\n<p>Mais informa\u00e7\u00f5es e declara\u00e7\u00f5es de expositores da ind\u00fastria podem ser encontradas em automechanika.com\/statements. Hoje mais do que nunca, o foco est\u00e1 nas inova\u00e7\u00f5es e tend\u00eancias, e n\u00e3o s\u00e3o apenas os stands dos expositores onde estas podem ser encontradas. O expositor &#8216;Innovation4Mobility&#8217; apresenta solu\u00e7\u00f5es pioneiras para ve\u00edculos conectados e mobilidade neutra para o clima. Outro destaque: os produtos premiados pelos Pr\u00e9mios Automechanika Innovation. Mais produtos foram nomeados este ano do que nunca.<\/p>\n<p>Show Director Olaf Mu\u00dfhoff: &#8220;Isto envia um sinal forte e mostra como a ind\u00fastria \u00e9 inovadora &#8211; algo que \u00e9 especialmente importante com a situa\u00e7\u00e3o actual&#8221;. Mu\u00dfhoff est\u00e1 tamb\u00e9m a planear um f\u00f3rum centrado na gest\u00e3o da cadeia de abastecimento autom\u00f3vel, uma \u00e1rea em que a ind\u00fastria necessita urgentemente de um maior di\u00e1logo e de novas ideias. Atrair jovens e talentos de todas as idades para o aftermarket autom\u00f3vel \u00e9 outra \u00e1rea onde \u00e9 necess\u00e1ria ac\u00e7\u00e3o.<\/p>\n<p>\u00c9 por isso que a gest\u00e3o da feira colocou a forma\u00e7\u00e3o, o desenvolvimento profissional e o recrutamento no topo da agenda. Est\u00e3o previstos eventos especiais para alunos e rec\u00e9m-chegados, bem como oficinas de gest\u00e3o de repara\u00e7\u00e3o de acidentes e forma\u00e7\u00e3o para profissionais. A nova iniciativa &#8216;Talents4AAA&#8217; da ind\u00fastria vai dar destaque \u00e0s oportunidades de emprego e carreira na feira. A sustentabilidade \u00e9 outra \u00e1rea de enfoque.<\/p>\n<p>Esta \u00e9 a segunda vez que a Automechanika vai acolher o &#8216;Dia da Remanufactura\u00e7\u00e3o&#8217;. O evento, que se realiza em colabora\u00e7\u00e3o com a Associa\u00e7\u00e3o Internacional de Remanufactores de Pe\u00e7as Autom\u00f3veis (APRA), tem lugar a 14 de Setembro e conta com a presen\u00e7a de especialistas que apresentam os \u00faltimos desenvolvimentos na \u00e1rea da remanufactura\u00e7\u00e3o e da economia circular.<\/p>\n<p>O tema estar\u00e1 tamb\u00e9m presente nos sal\u00f5es de exposi\u00e7\u00e3o, com um log\u00f3tipo especial de remanufactura\u00e7\u00e3o verde identificando os expositores que oferecem produtos e servi\u00e7os nesta \u00e1rea.<\/p>\n<p>No subevento FIA Smart Driving Challenge, patrocinado pela Automechanika, que se realiza antes da feira, o foco est\u00e1 na condu\u00e7\u00e3o da forma mais sustent\u00e1vel e com maior conserva\u00e7\u00e3o de recursos poss\u00edvel.<\/p>\n<p>Qualquer pessoa que conduza e que tamb\u00e9m possua um smartphone \u00e9 livre de participar. O objectivo \u00e9 recolher o m\u00e1ximo de pontos poss\u00edvel atrav\u00e9s de uma condu\u00e7\u00e3o inteligente e amiga do ambiente &#8211; o vencedor ser\u00e1 homenageado na Automechanika Frankfurt.<\/p>\n","protected":false},"excerpt":{"rendered":"<p>Finalmente, o mercado internacional de p\u00f3s-venda&#8230;<\/p>\n","protected":false},"author":15,"featured_media":29894,"comment_status":"closed","ping_status":"closed","sticky":false,"template":"","format":"standard","meta":{"footnotes":""},"categories":[29],"tags":[1758],"class_list":["post-29998","post","type-post","status-publish","format-standard","has-post-thumbnail","hentry","category-empresas","tag-automechanika"],"yoast_head":"<!-- This site is optimized with the Yoast SEO plugin v27.5 - https:\/\/yoast.com\/product\/yoast-seo-wordpress\/ -->\n<title>Automechanika Frankfurt realiza-se de 13 a 17 setembro - Jornal das Oficinas<\/title>\n<meta name=\"robots\" content=\"index, follow, max-snippet:-1, max-image-preview:large, max-video-preview:-1\" \/>\n<link rel=\"canonical\" href=\"https:\/\/jornaldasoficinas.com\/pt\/automechanika-frankfurt-realiza-se-de-13-a-17-setembro\/\" \/>\n<meta property=\"og:locale\" content=\"pt_PT\" \/>\n<meta property=\"og:type\" content=\"article\" \/>\n<meta property=\"og:title\" content=\"Automechanika Frankfurt realiza-se de 13 a 17 setembro - Jornal das Oficinas\" \/>\n<meta property=\"og:description\" content=\"Finalmente, o mercado internacional de p\u00f3s-venda...\" \/>\n<meta property=\"og:url\" content=\"https:\/\/jornaldasoficinas.com\/pt\/automechanika-frankfurt-realiza-se-de-13-a-17-setembro\/\" \/>\n<meta property=\"og:site_name\" content=\"Jornal das Oficinas\" \/>\n<meta property=\"article:publisher\" content=\"https:\/\/www.facebook.com\/jornaloficinas\" \/>\n<meta property=\"article:published_time\" content=\"2022-05-26T11:00:06+00:00\" \/>\n<meta property=\"article:modified_time\" content=\"2023-07-19T14:47:29+00:00\" \/>\n<meta property=\"og:image\" content=\"https:\/\/jornaldasoficinas.com\/pt\/wp-content\/uploads\/2022\/05\/Automechanika-Frankfurt-realiza-se-de-13-a-17-Setembro.jpg\" \/>\n\t<meta property=\"og:image:width\" content=\"1024\" \/>\n\t<meta property=\"og:image:height\" content=\"581\" \/>\n\t<meta property=\"og:image:type\" content=\"image\/jpeg\" \/>\n<meta name=\"author\" content=\"Reda\u00e7\u00e3o JO\" \/>\n<meta name=\"twitter:card\" content=\"summary_large_image\" \/>\n<meta name=\"twitter:creator\" content=\"@jornaloficinas\" \/>\n<meta name=\"twitter:site\" content=\"@jornaloficinas\" \/>\n<meta name=\"twitter:label1\" content=\"Escrito por\" \/>\n\t<meta name=\"twitter:data1\" content=\"Reda\u00e7\u00e3o JO\" \/>\n\t<meta name=\"twitter:label2\" content=\"Tempo estimado de leitura\" \/>\n\t<meta name=\"twitter:data2\" content=\"6 minutos\" \/>\n<script type=\"application\/ld+json\" class=\"yoast-schema-graph\">{\"@context\":\"https:\\\/\\\/schema.org\",\"@graph\":[{\"@type\":\"Article\",\"@id\":\"https:\\\/\\\/jornaldasoficinas.com\\\/pt\\\/automechanika-frankfurt-realiza-se-de-13-a-17-setembro\\\/#article\",\"isPartOf\":{\"@id\":\"https:\\\/\\\/jornaldasoficinas.com\\\/pt\\\/automechanika-frankfurt-realiza-se-de-13-a-17-setembro\\\/\"},\"author\":{\"name\":\"Reda\u00e7\u00e3o JO\",\"@id\":\"https:\\\/\\\/jornaldasoficinas.com\\\/pt\\\/#\\\/schema\\\/person\\\/a38eef5de2c41d9e7c9ac10141afddf3\"},\"headline\":\"Automechanika Frankfurt realiza-se de 13 a 17 setembro\",\"datePublished\":\"2022-05-26T11:00:06+00:00\",\"dateModified\":\"2023-07-19T14:47:29+00:00\",\"mainEntityOfPage\":{\"@id\":\"https:\\\/\\\/jornaldasoficinas.com\\\/pt\\\/automechanika-frankfurt-realiza-se-de-13-a-17-setembro\\\/\"},\"wordCount\":1108,\"publisher\":{\"@id\":\"https:\\\/\\\/jornaldasoficinas.com\\\/pt\\\/#organization\"},\"image\":{\"@id\":\"https:\\\/\\\/jornaldasoficinas.com\\\/pt\\\/automechanika-frankfurt-realiza-se-de-13-a-17-setembro\\\/#primaryimage\"},\"thumbnailUrl\":\"https:\\\/\\\/jornaldasoficinas.com\\\/pt\\\/wp-content\\\/uploads\\\/2022\\\/05\\\/Automechanika-Frankfurt-realiza-se-de-13-a-17-Setembro.jpg\",\"keywords\":[\"Automechanika\"],\"articleSection\":[\"Empresas\"],\"inLanguage\":\"pt-PT\"},{\"@type\":\"WebPage\",\"@id\":\"https:\\\/\\\/jornaldasoficinas.com\\\/pt\\\/automechanika-frankfurt-realiza-se-de-13-a-17-setembro\\\/\",\"url\":\"https:\\\/\\\/jornaldasoficinas.com\\\/pt\\\/automechanika-frankfurt-realiza-se-de-13-a-17-setembro\\\/\",\"name\":\"Automechanika Frankfurt realiza-se de 13 a 17 setembro - Jornal das Oficinas\",\"isPartOf\":{\"@id\":\"https:\\\/\\\/jornaldasoficinas.com\\\/pt\\\/#website\"},\"primaryImageOfPage\":{\"@id\":\"https:\\\/\\\/jornaldasoficinas.com\\\/pt\\\/automechanika-frankfurt-realiza-se-de-13-a-17-setembro\\\/#primaryimage\"},\"image\":{\"@id\":\"https:\\\/\\\/jornaldasoficinas.com\\\/pt\\\/automechanika-frankfurt-realiza-se-de-13-a-17-setembro\\\/#primaryimage\"},\"thumbnailUrl\":\"https:\\\/\\\/jornaldasoficinas.com\\\/pt\\\/wp-content\\\/uploads\\\/2022\\\/05\\\/Automechanika-Frankfurt-realiza-se-de-13-a-17-Setembro.jpg\",\"datePublished\":\"2022-05-26T11:00:06+00:00\",\"dateModified\":\"2023-07-19T14:47:29+00:00\",\"breadcrumb\":{\"@id\":\"https:\\\/\\\/jornaldasoficinas.com\\\/pt\\\/automechanika-frankfurt-realiza-se-de-13-a-17-setembro\\\/#breadcrumb\"},\"inLanguage\":\"pt-PT\",\"potentialAction\":[{\"@type\":\"ReadAction\",\"target\":[\"https:\\\/\\\/jornaldasoficinas.com\\\/pt\\\/automechanika-frankfurt-realiza-se-de-13-a-17-setembro\\\/\"]}]},{\"@type\":\"ImageObject\",\"inLanguage\":\"pt-PT\",\"@id\":\"https:\\\/\\\/jornaldasoficinas.com\\\/pt\\\/automechanika-frankfurt-realiza-se-de-13-a-17-setembro\\\/#primaryimage\",\"url\":\"https:\\\/\\\/jornaldasoficinas.com\\\/pt\\\/wp-content\\\/uploads\\\/2022\\\/05\\\/Automechanika-Frankfurt-realiza-se-de-13-a-17-Setembro.jpg\",\"contentUrl\":\"https:\\\/\\\/jornaldasoficinas.com\\\/pt\\\/wp-content\\\/uploads\\\/2022\\\/05\\\/Automechanika-Frankfurt-realiza-se-de-13-a-17-Setembro.jpg\",\"width\":1024,\"height\":581,\"caption\":\"05 - Automechanika Frankfurt realiza se de 13 a 17 Setembro\"},{\"@type\":\"BreadcrumbList\",\"@id\":\"https:\\\/\\\/jornaldasoficinas.com\\\/pt\\\/automechanika-frankfurt-realiza-se-de-13-a-17-setembro\\\/#breadcrumb\",\"itemListElement\":[{\"@type\":\"ListItem\",\"position\":1,\"name\":\"In\u00edcio\",\"item\":\"https:\\\/\\\/jornaldasoficinas.com\\\/pt\\\/\"},{\"@type\":\"ListItem\",\"position\":2,\"name\":\"Automechanika Frankfurt realiza-se de 13 a 17 setembro\"}]},{\"@type\":\"WebSite\",\"@id\":\"https:\\\/\\\/jornaldasoficinas.com\\\/pt\\\/#website\",\"url\":\"https:\\\/\\\/jornaldasoficinas.com\\\/pt\\\/\",\"name\":\"Jornal das Oficinas\",\"description\":\"Jornal independente do Aftermarket Autom\u00f3vel em Portugal\",\"publisher\":{\"@id\":\"https:\\\/\\\/jornaldasoficinas.com\\\/pt\\\/#organization\"},\"potentialAction\":[{\"@type\":\"SearchAction\",\"target\":{\"@type\":\"EntryPoint\",\"urlTemplate\":\"https:\\\/\\\/jornaldasoficinas.com\\\/pt\\\/?s={search_term_string}\"},\"query-input\":{\"@type\":\"PropertyValueSpecification\",\"valueRequired\":true,\"valueName\":\"search_term_string\"}}],\"inLanguage\":\"pt-PT\"},{\"@type\":\"Organization\",\"@id\":\"https:\\\/\\\/jornaldasoficinas.com\\\/pt\\\/#organization\",\"name\":\"Jornal das Oficinas\",\"url\":\"https:\\\/\\\/jornaldasoficinas.com\\\/pt\\\/\",\"logo\":{\"@type\":\"ImageObject\",\"inLanguage\":\"pt-PT\",\"@id\":\"https:\\\/\\\/jornaldasoficinas.com\\\/pt\\\/#\\\/schema\\\/logo\\\/image\\\/\",\"url\":\"https:\\\/\\\/jornaldasoficinas.com\\\/pt\\\/wp-content\\\/uploads\\\/logoJO-SEO.png\",\"contentUrl\":\"https:\\\/\\\/jornaldasoficinas.com\\\/pt\\\/wp-content\\\/uploads\\\/logoJO-SEO.png\",\"width\":285,\"height\":450,\"caption\":\"Jornal das Oficinas\"},\"image\":{\"@id\":\"https:\\\/\\\/jornaldasoficinas.com\\\/pt\\\/#\\\/schema\\\/logo\\\/image\\\/\"},\"sameAs\":[\"https:\\\/\\\/www.facebook.com\\\/jornaloficinas\",\"https:\\\/\\\/x.com\\\/jornaloficinas\",\"https:\\\/\\\/www.instagram.com\\\/jornal_oficinas\\\/\",\"https:\\\/\\\/www.linkedin.com\\\/company\\\/jornal-das-oficinas\\\/\",\"https:\\\/\\\/www.youtube.com\\\/channel\\\/UCbQZBqtcvV-oSQrr7RzINGg\"]},{\"@type\":\"Person\",\"@id\":\"https:\\\/\\\/jornaldasoficinas.com\\\/pt\\\/#\\\/schema\\\/person\\\/a38eef5de2c41d9e7c9ac10141afddf3\",\"name\":\"Reda\u00e7\u00e3o JO\",\"image\":{\"@type\":\"ImageObject\",\"inLanguage\":\"pt-PT\",\"@id\":\"https:\\\/\\\/secure.gravatar.com\\\/avatar\\\/71f2fa71737ad68a84fea94bc708ddac8ea5b0c4788dc2ad202f3ccb2887742f?s=96&d=wp_user_avatar&r=g\",\"url\":\"https:\\\/\\\/secure.gravatar.com\\\/avatar\\\/71f2fa71737ad68a84fea94bc708ddac8ea5b0c4788dc2ad202f3ccb2887742f?s=96&d=wp_user_avatar&r=g\",\"contentUrl\":\"https:\\\/\\\/secure.gravatar.com\\\/avatar\\\/71f2fa71737ad68a84fea94bc708ddac8ea5b0c4788dc2ad202f3ccb2887742f?s=96&d=wp_user_avatar&r=g\",\"caption\":\"Reda\u00e7\u00e3o JO\"},\"url\":\"https:\\\/\\\/jornaldasoficinas.com\\\/pt\\\/author\\\/joredacao\\\/\"}]}<\/script>\n<!-- \/ Yoast SEO plugin. -->","yoast_head_json":{"title":"Automechanika Frankfurt realiza-se de 13 a 17 setembro - Jornal das Oficinas","robots":{"index":"index","follow":"follow","max-snippet":"max-snippet:-1","max-image-preview":"max-image-preview:large","max-video-preview":"max-video-preview:-1"},"canonical":"https:\/\/jornaldasoficinas.com\/pt\/automechanika-frankfurt-realiza-se-de-13-a-17-setembro\/","og_locale":"pt_PT","og_type":"article","og_title":"Automechanika Frankfurt realiza-se de 13 a 17 setembro - Jornal das Oficinas","og_description":"Finalmente, o mercado internacional de p\u00f3s-venda...","og_url":"https:\/\/jornaldasoficinas.com\/pt\/automechanika-frankfurt-realiza-se-de-13-a-17-setembro\/","og_site_name":"Jornal das Oficinas","article_publisher":"https:\/\/www.facebook.com\/jornaloficinas","article_published_time":"2022-05-26T11:00:06+00:00","article_modified_time":"2023-07-19T14:47:29+00:00","og_image":[{"width":1024,"height":581,"url":"https:\/\/jornaldasoficinas.com\/pt\/wp-content\/uploads\/2022\/05\/Automechanika-Frankfurt-realiza-se-de-13-a-17-Setembro.jpg","type":"image\/jpeg"}],"author":"Reda\u00e7\u00e3o JO","twitter_card":"summary_large_image","twitter_creator":"@jornaloficinas","twitter_site":"@jornaloficinas","twitter_misc":{"Escrito por":"Reda\u00e7\u00e3o JO","Tempo estimado de leitura":"6 minutos"},"schema":{"@context":"https:\/\/schema.org","@graph":[{"@type":"Article","@id":"https:\/\/jornaldasoficinas.com\/pt\/automechanika-frankfurt-realiza-se-de-13-a-17-setembro\/#article","isPartOf":{"@id":"https:\/\/jornaldasoficinas.com\/pt\/automechanika-frankfurt-realiza-se-de-13-a-17-setembro\/"},"author":{"name":"Reda\u00e7\u00e3o JO","@id":"https:\/\/jornaldasoficinas.com\/pt\/#\/schema\/person\/a38eef5de2c41d9e7c9ac10141afddf3"},"headline":"Automechanika Frankfurt realiza-se de 13 a 17 setembro","datePublished":"2022-05-26T11:00:06+00:00","dateModified":"2023-07-19T14:47:29+00:00","mainEntityOfPage":{"@id":"https:\/\/jornaldasoficinas.com\/pt\/automechanika-frankfurt-realiza-se-de-13-a-17-setembro\/"},"wordCount":1108,"publisher":{"@id":"https:\/\/jornaldasoficinas.com\/pt\/#organization"},"image":{"@id":"https:\/\/jornaldasoficinas.com\/pt\/automechanika-frankfurt-realiza-se-de-13-a-17-setembro\/#primaryimage"},"thumbnailUrl":"https:\/\/jornaldasoficinas.com\/pt\/wp-content\/uploads\/2022\/05\/Automechanika-Frankfurt-realiza-se-de-13-a-17-Setembro.jpg","keywords":["Automechanika"],"articleSection":["Empresas"],"inLanguage":"pt-PT"},{"@type":"WebPage","@id":"https:\/\/jornaldasoficinas.com\/pt\/automechanika-frankfurt-realiza-se-de-13-a-17-setembro\/","url":"https:\/\/jornaldasoficinas.com\/pt\/automechanika-frankfurt-realiza-se-de-13-a-17-setembro\/","name":"Automechanika Frankfurt realiza-se de 13 a 17 setembro - Jornal das Oficinas","isPartOf":{"@id":"https:\/\/jornaldasoficinas.com\/pt\/#website"},"primaryImageOfPage":{"@id":"https:\/\/jornaldasoficinas.com\/pt\/automechanika-frankfurt-realiza-se-de-13-a-17-setembro\/#primaryimage"},"image":{"@id":"https:\/\/jornaldasoficinas.com\/pt\/automechanika-frankfurt-realiza-se-de-13-a-17-setembro\/#primaryimage"},"thumbnailUrl":"https:\/\/jornaldasoficinas.com\/pt\/wp-content\/uploads\/2022\/05\/Automechanika-Frankfurt-realiza-se-de-13-a-17-Setembro.jpg","datePublished":"2022-05-26T11:00:06+00:00","dateModified":"2023-07-19T14:47:29+00:00","breadcrumb":{"@id":"https:\/\/jornaldasoficinas.com\/pt\/automechanika-frankfurt-realiza-se-de-13-a-17-setembro\/#breadcrumb"},"inLanguage":"pt-PT","potentialAction":[{"@type":"ReadAction","target":["https:\/\/jornaldasoficinas.com\/pt\/automechanika-frankfurt-realiza-se-de-13-a-17-setembro\/"]}]},{"@type":"ImageObject","inLanguage":"pt-PT","@id":"https:\/\/jornaldasoficinas.com\/pt\/automechanika-frankfurt-realiza-se-de-13-a-17-setembro\/#primaryimage","url":"https:\/\/jornaldasoficinas.com\/pt\/wp-content\/uploads\/2022\/05\/Automechanika-Frankfurt-realiza-se-de-13-a-17-Setembro.jpg","contentUrl":"https:\/\/jornaldasoficinas.com\/pt\/wp-content\/uploads\/2022\/05\/Automechanika-Frankfurt-realiza-se-de-13-a-17-Setembro.jpg","width":1024,"height":581,"caption":"05 - Automechanika Frankfurt realiza se de 13 a 17 Setembro"},{"@type":"BreadcrumbList","@id":"https:\/\/jornaldasoficinas.com\/pt\/automechanika-frankfurt-realiza-se-de-13-a-17-setembro\/#breadcrumb","itemListElement":[{"@type":"ListItem","position":1,"name":"In\u00edcio","item":"https:\/\/jornaldasoficinas.com\/pt\/"},{"@type":"ListItem","position":2,"name":"Automechanika Frankfurt realiza-se de 13 a 17 setembro"}]},{"@type":"WebSite","@id":"https:\/\/jornaldasoficinas.com\/pt\/#website","url":"https:\/\/jornaldasoficinas.com\/pt\/","name":"Jornal das Oficinas","description":"Jornal independente do Aftermarket Autom\u00f3vel em Portugal","publisher":{"@id":"https:\/\/jornaldasoficinas.com\/pt\/#organization"},"potentialAction":[{"@type":"SearchAction","target":{"@type":"EntryPoint","urlTemplate":"https:\/\/jornaldasoficinas.com\/pt\/?s={search_term_string}"},"query-input":{"@type":"PropertyValueSpecification","valueRequired":true,"valueName":"search_term_string"}}],"inLanguage":"pt-PT"},{"@type":"Organization","@id":"https:\/\/jornaldasoficinas.com\/pt\/#organization","name":"Jornal das Oficinas","url":"https:\/\/jornaldasoficinas.com\/pt\/","logo":{"@type":"ImageObject","inLanguage":"pt-PT","@id":"https:\/\/jornaldasoficinas.com\/pt\/#\/schema\/logo\/image\/","url":"https:\/\/jornaldasoficinas.com\/pt\/wp-content\/uploads\/logoJO-SEO.png","contentUrl":"https:\/\/jornaldasoficinas.com\/pt\/wp-content\/uploads\/logoJO-SEO.png","width":285,"height":450,"caption":"Jornal das Oficinas"},"image":{"@id":"https:\/\/jornaldasoficinas.com\/pt\/#\/schema\/logo\/image\/"},"sameAs":["https:\/\/www.facebook.com\/jornaloficinas","https:\/\/x.com\/jornaloficinas","https:\/\/www.instagram.com\/jornal_oficinas\/","https:\/\/www.linkedin.com\/company\/jornal-das-oficinas\/","https:\/\/www.youtube.com\/channel\/UCbQZBqtcvV-oSQrr7RzINGg"]},{"@type":"Person","@id":"https:\/\/jornaldasoficinas.com\/pt\/#\/schema\/person\/a38eef5de2c41d9e7c9ac10141afddf3","name":"Reda\u00e7\u00e3o JO","image":{"@type":"ImageObject","inLanguage":"pt-PT","@id":"https:\/\/secure.gravatar.com\/avatar\/71f2fa71737ad68a84fea94bc708ddac8ea5b0c4788dc2ad202f3ccb2887742f?s=96&d=wp_user_avatar&r=g","url":"https:\/\/secure.gravatar.com\/avatar\/71f2fa71737ad68a84fea94bc708ddac8ea5b0c4788dc2ad202f3ccb2887742f?s=96&d=wp_user_avatar&r=g","contentUrl":"https:\/\/secure.gravatar.com\/avatar\/71f2fa71737ad68a84fea94bc708ddac8ea5b0c4788dc2ad202f3ccb2887742f?s=96&d=wp_user_avatar&r=g","caption":"Reda\u00e7\u00e3o JO"},"url":"https:\/\/jornaldasoficinas.com\/pt\/author\/joredacao\/"}]}},"_links":{"self":[{"href":"https:\/\/jornaldasoficinas.com\/pt\/wp-json\/wp\/v2\/posts\/29998","targetHints":{"allow":["GET"]}}],"collection":[{"href":"https:\/\/jornaldasoficinas.com\/pt\/wp-json\/wp\/v2\/posts"}],"about":[{"href":"https:\/\/jornaldasoficinas.com\/pt\/wp-json\/wp\/v2\/types\/post"}],"author":[{"embeddable":true,"href":"https:\/\/jornaldasoficinas.com\/pt\/wp-json\/wp\/v2\/users\/15"}],"replies":[{"embeddable":true,"href":"https:\/\/jornaldasoficinas.com\/pt\/wp-json\/wp\/v2\/comments?post=29998"}],"version-history":[{"count":0,"href":"https:\/\/jornaldasoficinas.com\/pt\/wp-json\/wp\/v2\/posts\/29998\/revisions"}],"wp:featuredmedia":[{"embeddable":true,"href":"https:\/\/jornaldasoficinas.com\/pt\/wp-json\/wp\/v2\/media\/29894"}],"wp:attachment":[{"href":"https:\/\/jornaldasoficinas.com\/pt\/wp-json\/wp\/v2\/media?parent=29998"}],"wp:term":[{"taxonomy":"category","embeddable":true,"href":"https:\/\/jornaldasoficinas.com\/pt\/wp-json\/wp\/v2\/categories?post=29998"},{"taxonomy":"post_tag","embeddable":true,"href":"https:\/\/jornaldasoficinas.com\/pt\/wp-json\/wp\/v2\/tags?post=29998"}],"curies":[{"name":"wp","href":"https:\/\/api.w.org\/{rel}","templated":true}]}}