{"id":30121,"date":"2022-05-30T12:00:50","date_gmt":"2022-05-30T11:00:50","guid":{"rendered":"https:\/\/jornaldasoficinas.com\/pt\/?p=30121"},"modified":"2022-05-30T09:42:11","modified_gmt":"2022-05-30T08:42:11","slug":"forum-alf-debateu-sustentabilidade-e-digitalizacao","status":"publish","type":"post","link":"https:\/\/jornaldasoficinas.com\/pt\/forum-alf-debateu-sustentabilidade-e-digitalizacao\/","title":{"rendered":"F\u00f3rum ALF debateu sustentabilidade e digitaliza\u00e7\u00e3o"},"content":{"rendered":"<p><strong><img loading=\"lazy\" decoding=\"async\" class=\"alignnone size-full wp-image-30024\" src=\"https:\/\/jornaldasoficinas.com\/pt\/wp-content\/uploads\/2022\/05\/Fo\u0301rum-ALF-debateu-sustentabilidade-e-digitalizac\u0327a\u0303o-1.jpg\" alt=\"05 - Fo\u0301rum ALF debateu sustentabilidade e digitalizac\u0327a\u0303o 1\" width=\"1024\" height=\"581\" srcset=\"https:\/\/jornaldasoficinas.com\/pt\/wp-content\/uploads\/2022\/05\/Fo\u0301rum-ALF-debateu-sustentabilidade-e-digitalizac\u0327a\u0303o-1.jpg 1024w, https:\/\/jornaldasoficinas.com\/pt\/wp-content\/uploads\/2022\/05\/Fo\u0301rum-ALF-debateu-sustentabilidade-e-digitalizac\u0327a\u0303o-1-300x170.jpg 300w, https:\/\/jornaldasoficinas.com\/pt\/wp-content\/uploads\/2022\/05\/Fo\u0301rum-ALF-debateu-sustentabilidade-e-digitalizac\u0327a\u0303o-1-150x85.jpg 150w, https:\/\/jornaldasoficinas.com\/pt\/wp-content\/uploads\/2022\/05\/Fo\u0301rum-ALF-debateu-sustentabilidade-e-digitalizac\u0327a\u0303o-1-768x436.jpg 768w\" sizes=\"auto, (max-width: 1024px) 100vw, 1024px\" \/><\/strong><\/p>\n<p><strong>O F\u00f3rum ALF, realizado em meados de maio no Centro Cultural de Bel\u00e9m, contou com a presen\u00e7a de Rita Marques, Secret\u00e1ria de Estado do Turismo, Com\u00e9rcio e Servi\u00e7os, Lu\u00eds Augusto e o Presidente da Associa\u00e7\u00e3o Portuguesa de Leasing, Factoring e Renting (<a href=\"http:\/\/www.alf.pt\/pt\/in%C3%ADcio\" target=\"_blank\" rel=\"noopener\">ALF<\/a>). Este encontro teve como objetivo sensibilizar as empresas portuguesas a promoverem a sua adapta\u00e7\u00e3o aos desafios da sustentabilidade e da digitaliza\u00e7\u00e3o<\/strong><\/p>\n<p>As empresas portuguesas devem promover a sua adapta\u00e7\u00e3o aos desafios da sustentabilidade e da digitaliza\u00e7\u00e3o, e o financiamento especializado afirma-se como um dos ve\u00edculos para a transi\u00e7\u00e3o. Esta \u00e9 uma das conclus\u00f5es sa\u00eddas do F\u00f3rum organizado nesta quinta-feira, em Lisboa, pela Associa\u00e7\u00e3o Portuguesa de Leasing Factoring e Renting. Num regresso da iniciativa ao modelo presencial, ap\u00f3s dois anos de pandemia, a ALF juntou os associados em torno do tema \u201cFinanciamento especializado \u2013 O motor da transi\u00e7\u00e3o na economia portuguesa\u201d.<\/p>\n<p>Rita Marques, Secret\u00e1ria de Estado do Turismo, Com\u00e9rcio e Servi\u00e7os, a quem coube a abertura do F\u00f3rum ALF, salientou a nova agenda de transforma\u00e7\u00e3o para a d\u00e9cada como parte fundamental do desenvolvimento econ\u00f3mico neste per\u00edodo. Com a sustentabilidade e a digitaliza\u00e7\u00e3o enquanto condi\u00e7\u00f5es para o sucesso empresarial no p\u00f3s-pandemia, Rita Marques destacou que \u201cestamos a virar uma p\u00e1gina, tendo em conta as circunst\u00e2ncias pand\u00e9micas em que vivemos at\u00e9 h\u00e1 uns meses\u201d, pelo que, na \u00f3tica do Governo, \u201ceste \u00e9 o momento de trabalhar novas solu\u00e7\u00f5es, solu\u00e7\u00f5es inovadoras a n\u00edvel do financiamento especializado\u201d.<\/p>\n<p>Neste encontro decorrido no Centro Cultural de Bel\u00e9m, Lu\u00eds Augusto, presidente da Associa\u00e7\u00e3o Portuguesa de Leasing, Factoring e Renting, salientou a recupera\u00e7\u00e3o ao longo do ano passado \u2013 em alguns indicadores, para n\u00edveis de 2019, pr\u00e9-pandemia \u2013, explicando que \u201co financiamento especializado continua a posicionar-se como impulsionador inequ\u00edvoco do crescimento econ\u00f3mico. A evolu\u00e7\u00e3o hist\u00f3rica do setor, mesmo em tempo de crise, assim o demonstra, e a recupera\u00e7\u00e3o iniciada em 2021 demonstra a resili\u00eancia frente aos fortes constrangimentos econ\u00f3micos dos \u00faltimos dois anos\u201d, refor\u00e7ou Lu\u00eds Augusto.<\/p>\n<p>S\u00e3o disso exemplo o renting, com um aumento da produ\u00e7\u00e3o em 10,5% no n\u00famero de viaturas ao longo do primeiro trimestre deste ano \u2013 recupera\u00e7\u00e3o hom\u00f3loga a dois d\u00edgitos, ainda abaixo de 2019, mas que permite \u00e0 ALF afirmar que \u201cestamos a crer que o renting recuperar\u00e1 at\u00e9 final do ano para valores de 2019\u201d.<\/p>\n<p>Tamb\u00e9m o leasing, que no ano passado cresceu 5%, para cerca de 2,5 mil milh\u00f5es de euros em financiamentos, soma um importante refor\u00e7o no primeiro trimestre deste ano. De janeiro a mar\u00e7o, a loca\u00e7\u00e3o financeira cresceu 17,5% face ao per\u00edodo hom\u00f3logo de 2021, fruto do forte contributo do imobili\u00e1rio. \u201cContamos com mais 60 milh\u00f5es de euros em opera\u00e7\u00f5es novas, motivadas tamb\u00e9m pela melhoria do setor da constru\u00e7\u00e3o em Portugal\u201d, esclareceu o presidente da ALF. \u201cS\u00e3o valores que nos deixam bastante otimistas para 2022, e que confirmam o papel crucial dos nossos associados para o crescimento da economia e para a sustentabilidade ambiental e inova\u00e7\u00e3o da economia portuguesa\u201d, destacou Lu\u00eds Augusto. Na senda da defesa ambiental, o financiamento especializado tem permitido o investimento em pain\u00e9is solares e edif\u00edcios mais ecol\u00f3gicos, por exemplo.<\/p>\n<p>A relev\u00e2ncia dos bons instrumentos financeiros, bem como o papel da ALF na divulga\u00e7\u00e3o destes perante o tecido empresarial, foram destacados pela Secret\u00e1ria de Estado do Turismo, Com\u00e9rcio e Servi\u00e7os. \u201cN\u00e3o se ter\u00e1 bons investimentos se n\u00e3o tivermos \u00e0 disposi\u00e7\u00e3o dos nossos empres\u00e1rios bons instrumentos financeiros, que muitas vezes podem n\u00e3o ser do conhecimento de todos os empres\u00e1rios, principalmente porque temos um tecido econ\u00f3mico e empresarial, muito sustentado nas micro pequenas e m\u00e9dias empresas\u201d.<\/p>\n<p>\u00c0 ALF cabe saber capacitar o tecido empresarial, destaca Rita Marques, num repto aos dirigentes e associados da ALF, seguido de uma assun\u00e7\u00e3o de responsabilidades pr\u00f3prias: \u201cNuma reuni\u00e3o que tive com a dire\u00e7\u00e3o da ALF foram identificados v\u00e1rios constrangimentos que precisam de ser regulados\u201d. Entre esses temas, afirma a secret\u00e1ria de Estado, contam-se \u201ca elegibilidade de algumas despesas no quadro dos fundos comunit\u00e1rios\u201d e outros de natureza fiscal. \u201cSabemos que a n\u00edvel de opera\u00e7\u00f5es de leasing e renting, temas como o IMT e o IMI, precisam de ser melhor acarinhados e melhor analisados da parte do Estado\u201d, assumiu Rita Marques, acentuando a necessidade de simplifica\u00e7\u00e3o administrativa, \u201cuma das propostas que tive oportunidade de discutir com o presidente da ALF\u201d, explicou durante a sua interven\u00e7\u00e3o neste F\u00f3rum.<\/p>\n<p>O presidente da associa\u00e7\u00e3o, por seu turno, referindo-se tamb\u00e9m \u00e0s reuni\u00f5es conjuntas entre a ALF e o Governo, apontou, perante os associados, alguns dos argumentos utilizados em prol do financiamento especializado. Entre eles, a seguran\u00e7a do leasing no aproveitamento dos financiamentos, considerando que \u201csendo a Locadora propriet\u00e1ria jur\u00eddica do bem pode ele servir de garante de que n\u00e3o h\u00e1 desvios do investimento realizado\u201d.<\/p>\n<p><strong>Exporta\u00e7\u00f5es aceleram com ajuda do financiamento especializado<br \/>\n<\/strong>A n\u00edvel europeu, Portugal \u00e9 j\u00e1 o terceiro pa\u00eds onde o factoring mais pesa no Produto Interno Bruto, valendo, no acumulado ano passado, 16,4% do total da riqueza produzida em 2021. \u201c\u00c9 o valor mais alto da hist\u00f3ria do factoring em Portugal\u201d, real\u00e7ou Lu\u00eds Augusto. J\u00e1 relativamente \u00e0 participa\u00e7\u00e3o nas exporta\u00e7\u00f5es, o factoring vale cerca de 5% do total, representando cerca de 4 mil milh\u00f5es de euros.<\/p>\n<p>Por seu lado, referindo-se ao segmento das exporta\u00e7\u00f5es, Isabel Marques, diretora da AICEP (Ag\u00eancia para o Investimento e Com\u00e9rcio Externo de Portugal), deu conta de uma transi\u00e7\u00e3o na categoria dos bens exportados, de produtos indiferenciados, para outros \u201ccom incorpora\u00e7\u00e3o de alguma inova\u00e7\u00e3o, design, tecnologia e maior valor acrescentado.\u00a0Temos que evoluir e transitar para perfil de produ\u00e7\u00e3o que aporte mais valor, quer \u00e0s empresas quer \u00e0 economia\u201d, instou a diretora da AICEP perante uma assist\u00eancia de dezenas de associados da ALF, designadamente das rentings e do setor financeiro.<\/p>\n<p>Num encontro onde foram debatidas, para l\u00e1 da transi\u00e7\u00e3o exportadora, tamb\u00e9m a transi\u00e7\u00e3o do tecido empresarial (tema analisado por Jorge Portugal diretor-geral da COTEC Portugal), a transi\u00e7\u00e3o energ\u00e9tica (explicada por Nelson Lage, Presidente da Ag\u00eancia para a Energia &#8211; ADENE), a transi\u00e7\u00e3o digital (Jo\u00e3o Mota Lopes, Public Sector Lead da Oracle) e a transi\u00e7\u00e3o da mobilidade (Rui Rei, presidente da Parques Tejo E.M.), coube ao diretor da Ag\u00eancia para a Competitividade e Inova\u00e7\u00e3o (IAPMEI), Jos\u00e9 Augusto do Vale, encerrar a sess\u00e3o.<\/p>\n<p>\u201cO futuro da economia nacional passa claramente pelo aumento das exporta\u00e7\u00f5es, e o factoring pode e deve ser uma ferramenta indispens\u00e1vel neste caminho, com a sua capacidade de cobran\u00e7a em praticamente todos os pa\u00edses do mundo\u201d, destaca o presidente da ALF, frisando que \u201cnum mundo em constante mudan\u00e7a, o factoring permite \u00e0s empresas assegurar que as facturas s\u00e3o pagas no dia combinado, e que os fornecedores tamb\u00e9m recebem atempadamente, coisas que nos tempos de hoje continuam a ser uma dificuldade\u201d, concluiu Lu\u00eds Augusto.<\/p>\n","protected":false},"excerpt":{"rendered":"<p>O F\u00f3rum ALF, realizado em meados&#8230;<\/p>\n","protected":false},"author":15,"featured_media":30024,"comment_status":"closed","ping_status":"closed","sticky":false,"template":"","format":"standard","meta":{"footnotes":""},"categories":[37],"tags":[1146],"class_list":["post-30121","post","type-post","status-publish","format-standard","has-post-thumbnail","hentry","category-mercado","tag-alf"],"yoast_head":"<!-- This site is optimized with the Yoast SEO plugin v27.4 - https:\/\/yoast.com\/product\/yoast-seo-wordpress\/ -->\n<title>F\u00f3rum ALF debateu sustentabilidade e digitaliza\u00e7\u00e3o - Jornal das Oficinas<\/title>\n<meta name=\"robots\" content=\"index, follow, max-snippet:-1, max-image-preview:large, max-video-preview:-1\" \/>\n<link rel=\"canonical\" href=\"https:\/\/jornaldasoficinas.com\/pt\/forum-alf-debateu-sustentabilidade-e-digitalizacao\/\" \/>\n<meta property=\"og:locale\" content=\"pt_PT\" \/>\n<meta property=\"og:type\" content=\"article\" \/>\n<meta property=\"og:title\" content=\"F\u00f3rum ALF debateu sustentabilidade e digitaliza\u00e7\u00e3o - Jornal das Oficinas\" \/>\n<meta property=\"og:description\" content=\"O F\u00f3rum ALF, realizado em meados...\" \/>\n<meta property=\"og:url\" content=\"https:\/\/jornaldasoficinas.com\/pt\/forum-alf-debateu-sustentabilidade-e-digitalizacao\/\" \/>\n<meta property=\"og:site_name\" content=\"Jornal das Oficinas\" \/>\n<meta property=\"article:publisher\" content=\"https:\/\/www.facebook.com\/jornaloficinas\" \/>\n<meta property=\"article:published_time\" content=\"2022-05-30T11:00:50+00:00\" \/>\n<meta property=\"og:image\" content=\"https:\/\/jornaldasoficinas.com\/pt\/wp-content\/uploads\/2022\/05\/Fo\u0301rum-ALF-debateu-sustentabilidade-e-digitalizac\u0327a\u0303o-1.jpg\" \/>\n\t<meta property=\"og:image:width\" content=\"1024\" \/>\n\t<meta property=\"og:image:height\" content=\"581\" \/>\n\t<meta property=\"og:image:type\" content=\"image\/jpeg\" \/>\n<meta name=\"author\" content=\"Reda\u00e7\u00e3o JO\" \/>\n<meta name=\"twitter:card\" content=\"summary_large_image\" \/>\n<meta name=\"twitter:creator\" content=\"@jornaloficinas\" \/>\n<meta name=\"twitter:site\" content=\"@jornaloficinas\" \/>\n<meta name=\"twitter:label1\" content=\"Escrito por\" \/>\n\t<meta name=\"twitter:data1\" content=\"Reda\u00e7\u00e3o JO\" \/>\n\t<meta name=\"twitter:label2\" content=\"Tempo estimado de leitura\" \/>\n\t<meta name=\"twitter:data2\" content=\"6 minutos\" \/>\n<script type=\"application\/ld+json\" class=\"yoast-schema-graph\">{\"@context\":\"https:\\\/\\\/schema.org\",\"@graph\":[{\"@type\":\"Article\",\"@id\":\"https:\\\/\\\/jornaldasoficinas.com\\\/pt\\\/forum-alf-debateu-sustentabilidade-e-digitalizacao\\\/#article\",\"isPartOf\":{\"@id\":\"https:\\\/\\\/jornaldasoficinas.com\\\/pt\\\/forum-alf-debateu-sustentabilidade-e-digitalizacao\\\/\"},\"author\":{\"name\":\"Reda\u00e7\u00e3o JO\",\"@id\":\"https:\\\/\\\/jornaldasoficinas.com\\\/pt\\\/#\\\/schema\\\/person\\\/a38eef5de2c41d9e7c9ac10141afddf3\"},\"headline\":\"F\u00f3rum ALF debateu sustentabilidade e digitaliza\u00e7\u00e3o\",\"datePublished\":\"2022-05-30T11:00:50+00:00\",\"mainEntityOfPage\":{\"@id\":\"https:\\\/\\\/jornaldasoficinas.com\\\/pt\\\/forum-alf-debateu-sustentabilidade-e-digitalizacao\\\/\"},\"wordCount\":1220,\"publisher\":{\"@id\":\"https:\\\/\\\/jornaldasoficinas.com\\\/pt\\\/#organization\"},\"image\":{\"@id\":\"https:\\\/\\\/jornaldasoficinas.com\\\/pt\\\/forum-alf-debateu-sustentabilidade-e-digitalizacao\\\/#primaryimage\"},\"thumbnailUrl\":\"https:\\\/\\\/jornaldasoficinas.com\\\/pt\\\/wp-content\\\/uploads\\\/2022\\\/05\\\/Fo\u0301rum-ALF-debateu-sustentabilidade-e-digitalizac\u0327a\u0303o-1.jpg\",\"keywords\":[\"ALF\"],\"articleSection\":[\"Mercado\"],\"inLanguage\":\"pt-PT\"},{\"@type\":\"WebPage\",\"@id\":\"https:\\\/\\\/jornaldasoficinas.com\\\/pt\\\/forum-alf-debateu-sustentabilidade-e-digitalizacao\\\/\",\"url\":\"https:\\\/\\\/jornaldasoficinas.com\\\/pt\\\/forum-alf-debateu-sustentabilidade-e-digitalizacao\\\/\",\"name\":\"F\u00f3rum ALF debateu sustentabilidade e digitaliza\u00e7\u00e3o - Jornal das Oficinas\",\"isPartOf\":{\"@id\":\"https:\\\/\\\/jornaldasoficinas.com\\\/pt\\\/#website\"},\"primaryImageOfPage\":{\"@id\":\"https:\\\/\\\/jornaldasoficinas.com\\\/pt\\\/forum-alf-debateu-sustentabilidade-e-digitalizacao\\\/#primaryimage\"},\"image\":{\"@id\":\"https:\\\/\\\/jornaldasoficinas.com\\\/pt\\\/forum-alf-debateu-sustentabilidade-e-digitalizacao\\\/#primaryimage\"},\"thumbnailUrl\":\"https:\\\/\\\/jornaldasoficinas.com\\\/pt\\\/wp-content\\\/uploads\\\/2022\\\/05\\\/Fo\u0301rum-ALF-debateu-sustentabilidade-e-digitalizac\u0327a\u0303o-1.jpg\",\"datePublished\":\"2022-05-30T11:00:50+00:00\",\"breadcrumb\":{\"@id\":\"https:\\\/\\\/jornaldasoficinas.com\\\/pt\\\/forum-alf-debateu-sustentabilidade-e-digitalizacao\\\/#breadcrumb\"},\"inLanguage\":\"pt-PT\",\"potentialAction\":[{\"@type\":\"ReadAction\",\"target\":[\"https:\\\/\\\/jornaldasoficinas.com\\\/pt\\\/forum-alf-debateu-sustentabilidade-e-digitalizacao\\\/\"]}]},{\"@type\":\"ImageObject\",\"inLanguage\":\"pt-PT\",\"@id\":\"https:\\\/\\\/jornaldasoficinas.com\\\/pt\\\/forum-alf-debateu-sustentabilidade-e-digitalizacao\\\/#primaryimage\",\"url\":\"https:\\\/\\\/jornaldasoficinas.com\\\/pt\\\/wp-content\\\/uploads\\\/2022\\\/05\\\/Fo\u0301rum-ALF-debateu-sustentabilidade-e-digitalizac\u0327a\u0303o-1.jpg\",\"contentUrl\":\"https:\\\/\\\/jornaldasoficinas.com\\\/pt\\\/wp-content\\\/uploads\\\/2022\\\/05\\\/Fo\u0301rum-ALF-debateu-sustentabilidade-e-digitalizac\u0327a\u0303o-1.jpg\",\"width\":1024,\"height\":581,\"caption\":\"05 - Fo\u0301rum ALF debateu sustentabilidade e digitalizac\u0327a\u0303o 1\"},{\"@type\":\"BreadcrumbList\",\"@id\":\"https:\\\/\\\/jornaldasoficinas.com\\\/pt\\\/forum-alf-debateu-sustentabilidade-e-digitalizacao\\\/#breadcrumb\",\"itemListElement\":[{\"@type\":\"ListItem\",\"position\":1,\"name\":\"In\u00edcio\",\"item\":\"https:\\\/\\\/jornaldasoficinas.com\\\/pt\\\/\"},{\"@type\":\"ListItem\",\"position\":2,\"name\":\"F\u00f3rum ALF debateu sustentabilidade e digitaliza\u00e7\u00e3o\"}]},{\"@type\":\"WebSite\",\"@id\":\"https:\\\/\\\/jornaldasoficinas.com\\\/pt\\\/#website\",\"url\":\"https:\\\/\\\/jornaldasoficinas.com\\\/pt\\\/\",\"name\":\"Jornal das Oficinas\",\"description\":\"Jornal independente do Aftermarket Autom\u00f3vel em Portugal\",\"publisher\":{\"@id\":\"https:\\\/\\\/jornaldasoficinas.com\\\/pt\\\/#organization\"},\"potentialAction\":[{\"@type\":\"SearchAction\",\"target\":{\"@type\":\"EntryPoint\",\"urlTemplate\":\"https:\\\/\\\/jornaldasoficinas.com\\\/pt\\\/?s={search_term_string}\"},\"query-input\":{\"@type\":\"PropertyValueSpecification\",\"valueRequired\":true,\"valueName\":\"search_term_string\"}}],\"inLanguage\":\"pt-PT\"},{\"@type\":\"Organization\",\"@id\":\"https:\\\/\\\/jornaldasoficinas.com\\\/pt\\\/#organization\",\"name\":\"Jornal das Oficinas\",\"url\":\"https:\\\/\\\/jornaldasoficinas.com\\\/pt\\\/\",\"logo\":{\"@type\":\"ImageObject\",\"inLanguage\":\"pt-PT\",\"@id\":\"https:\\\/\\\/jornaldasoficinas.com\\\/pt\\\/#\\\/schema\\\/logo\\\/image\\\/\",\"url\":\"https:\\\/\\\/jornaldasoficinas.com\\\/pt\\\/wp-content\\\/uploads\\\/logoJO-SEO.png\",\"contentUrl\":\"https:\\\/\\\/jornaldasoficinas.com\\\/pt\\\/wp-content\\\/uploads\\\/logoJO-SEO.png\",\"width\":285,\"height\":450,\"caption\":\"Jornal das Oficinas\"},\"image\":{\"@id\":\"https:\\\/\\\/jornaldasoficinas.com\\\/pt\\\/#\\\/schema\\\/logo\\\/image\\\/\"},\"sameAs\":[\"https:\\\/\\\/www.facebook.com\\\/jornaloficinas\",\"https:\\\/\\\/x.com\\\/jornaloficinas\",\"https:\\\/\\\/www.instagram.com\\\/jornal_oficinas\\\/\",\"https:\\\/\\\/www.linkedin.com\\\/company\\\/jornal-das-oficinas\\\/\",\"https:\\\/\\\/www.youtube.com\\\/channel\\\/UCbQZBqtcvV-oSQrr7RzINGg\"]},{\"@type\":\"Person\",\"@id\":\"https:\\\/\\\/jornaldasoficinas.com\\\/pt\\\/#\\\/schema\\\/person\\\/a38eef5de2c41d9e7c9ac10141afddf3\",\"name\":\"Reda\u00e7\u00e3o JO\",\"image\":{\"@type\":\"ImageObject\",\"inLanguage\":\"pt-PT\",\"@id\":\"https:\\\/\\\/secure.gravatar.com\\\/avatar\\\/71f2fa71737ad68a84fea94bc708ddac8ea5b0c4788dc2ad202f3ccb2887742f?s=96&d=wp_user_avatar&r=g\",\"url\":\"https:\\\/\\\/secure.gravatar.com\\\/avatar\\\/71f2fa71737ad68a84fea94bc708ddac8ea5b0c4788dc2ad202f3ccb2887742f?s=96&d=wp_user_avatar&r=g\",\"contentUrl\":\"https:\\\/\\\/secure.gravatar.com\\\/avatar\\\/71f2fa71737ad68a84fea94bc708ddac8ea5b0c4788dc2ad202f3ccb2887742f?s=96&d=wp_user_avatar&r=g\",\"caption\":\"Reda\u00e7\u00e3o JO\"},\"url\":\"https:\\\/\\\/jornaldasoficinas.com\\\/pt\\\/author\\\/joredacao\\\/\"}]}<\/script>\n<!-- \/ Yoast SEO plugin. -->","yoast_head_json":{"title":"F\u00f3rum ALF debateu sustentabilidade e digitaliza\u00e7\u00e3o - Jornal das Oficinas","robots":{"index":"index","follow":"follow","max-snippet":"max-snippet:-1","max-image-preview":"max-image-preview:large","max-video-preview":"max-video-preview:-1"},"canonical":"https:\/\/jornaldasoficinas.com\/pt\/forum-alf-debateu-sustentabilidade-e-digitalizacao\/","og_locale":"pt_PT","og_type":"article","og_title":"F\u00f3rum ALF debateu sustentabilidade e digitaliza\u00e7\u00e3o - Jornal das Oficinas","og_description":"O F\u00f3rum ALF, realizado em meados...","og_url":"https:\/\/jornaldasoficinas.com\/pt\/forum-alf-debateu-sustentabilidade-e-digitalizacao\/","og_site_name":"Jornal das Oficinas","article_publisher":"https:\/\/www.facebook.com\/jornaloficinas","article_published_time":"2022-05-30T11:00:50+00:00","og_image":[{"width":1024,"height":581,"url":"https:\/\/jornaldasoficinas.com\/pt\/wp-content\/uploads\/2022\/05\/Fo\u0301rum-ALF-debateu-sustentabilidade-e-digitalizac\u0327a\u0303o-1.jpg","type":"image\/jpeg"}],"author":"Reda\u00e7\u00e3o JO","twitter_card":"summary_large_image","twitter_creator":"@jornaloficinas","twitter_site":"@jornaloficinas","twitter_misc":{"Escrito por":"Reda\u00e7\u00e3o JO","Tempo estimado de leitura":"6 minutos"},"schema":{"@context":"https:\/\/schema.org","@graph":[{"@type":"Article","@id":"https:\/\/jornaldasoficinas.com\/pt\/forum-alf-debateu-sustentabilidade-e-digitalizacao\/#article","isPartOf":{"@id":"https:\/\/jornaldasoficinas.com\/pt\/forum-alf-debateu-sustentabilidade-e-digitalizacao\/"},"author":{"name":"Reda\u00e7\u00e3o JO","@id":"https:\/\/jornaldasoficinas.com\/pt\/#\/schema\/person\/a38eef5de2c41d9e7c9ac10141afddf3"},"headline":"F\u00f3rum ALF debateu sustentabilidade e digitaliza\u00e7\u00e3o","datePublished":"2022-05-30T11:00:50+00:00","mainEntityOfPage":{"@id":"https:\/\/jornaldasoficinas.com\/pt\/forum-alf-debateu-sustentabilidade-e-digitalizacao\/"},"wordCount":1220,"publisher":{"@id":"https:\/\/jornaldasoficinas.com\/pt\/#organization"},"image":{"@id":"https:\/\/jornaldasoficinas.com\/pt\/forum-alf-debateu-sustentabilidade-e-digitalizacao\/#primaryimage"},"thumbnailUrl":"https:\/\/jornaldasoficinas.com\/pt\/wp-content\/uploads\/2022\/05\/Fo\u0301rum-ALF-debateu-sustentabilidade-e-digitalizac\u0327a\u0303o-1.jpg","keywords":["ALF"],"articleSection":["Mercado"],"inLanguage":"pt-PT"},{"@type":"WebPage","@id":"https:\/\/jornaldasoficinas.com\/pt\/forum-alf-debateu-sustentabilidade-e-digitalizacao\/","url":"https:\/\/jornaldasoficinas.com\/pt\/forum-alf-debateu-sustentabilidade-e-digitalizacao\/","name":"F\u00f3rum ALF debateu sustentabilidade e digitaliza\u00e7\u00e3o - Jornal das Oficinas","isPartOf":{"@id":"https:\/\/jornaldasoficinas.com\/pt\/#website"},"primaryImageOfPage":{"@id":"https:\/\/jornaldasoficinas.com\/pt\/forum-alf-debateu-sustentabilidade-e-digitalizacao\/#primaryimage"},"image":{"@id":"https:\/\/jornaldasoficinas.com\/pt\/forum-alf-debateu-sustentabilidade-e-digitalizacao\/#primaryimage"},"thumbnailUrl":"https:\/\/jornaldasoficinas.com\/pt\/wp-content\/uploads\/2022\/05\/Fo\u0301rum-ALF-debateu-sustentabilidade-e-digitalizac\u0327a\u0303o-1.jpg","datePublished":"2022-05-30T11:00:50+00:00","breadcrumb":{"@id":"https:\/\/jornaldasoficinas.com\/pt\/forum-alf-debateu-sustentabilidade-e-digitalizacao\/#breadcrumb"},"inLanguage":"pt-PT","potentialAction":[{"@type":"ReadAction","target":["https:\/\/jornaldasoficinas.com\/pt\/forum-alf-debateu-sustentabilidade-e-digitalizacao\/"]}]},{"@type":"ImageObject","inLanguage":"pt-PT","@id":"https:\/\/jornaldasoficinas.com\/pt\/forum-alf-debateu-sustentabilidade-e-digitalizacao\/#primaryimage","url":"https:\/\/jornaldasoficinas.com\/pt\/wp-content\/uploads\/2022\/05\/Fo\u0301rum-ALF-debateu-sustentabilidade-e-digitalizac\u0327a\u0303o-1.jpg","contentUrl":"https:\/\/jornaldasoficinas.com\/pt\/wp-content\/uploads\/2022\/05\/Fo\u0301rum-ALF-debateu-sustentabilidade-e-digitalizac\u0327a\u0303o-1.jpg","width":1024,"height":581,"caption":"05 - Fo\u0301rum ALF debateu sustentabilidade e digitalizac\u0327a\u0303o 1"},{"@type":"BreadcrumbList","@id":"https:\/\/jornaldasoficinas.com\/pt\/forum-alf-debateu-sustentabilidade-e-digitalizacao\/#breadcrumb","itemListElement":[{"@type":"ListItem","position":1,"name":"In\u00edcio","item":"https:\/\/jornaldasoficinas.com\/pt\/"},{"@type":"ListItem","position":2,"name":"F\u00f3rum ALF debateu sustentabilidade e digitaliza\u00e7\u00e3o"}]},{"@type":"WebSite","@id":"https:\/\/jornaldasoficinas.com\/pt\/#website","url":"https:\/\/jornaldasoficinas.com\/pt\/","name":"Jornal das Oficinas","description":"Jornal independente do Aftermarket Autom\u00f3vel em Portugal","publisher":{"@id":"https:\/\/jornaldasoficinas.com\/pt\/#organization"},"potentialAction":[{"@type":"SearchAction","target":{"@type":"EntryPoint","urlTemplate":"https:\/\/jornaldasoficinas.com\/pt\/?s={search_term_string}"},"query-input":{"@type":"PropertyValueSpecification","valueRequired":true,"valueName":"search_term_string"}}],"inLanguage":"pt-PT"},{"@type":"Organization","@id":"https:\/\/jornaldasoficinas.com\/pt\/#organization","name":"Jornal das Oficinas","url":"https:\/\/jornaldasoficinas.com\/pt\/","logo":{"@type":"ImageObject","inLanguage":"pt-PT","@id":"https:\/\/jornaldasoficinas.com\/pt\/#\/schema\/logo\/image\/","url":"https:\/\/jornaldasoficinas.com\/pt\/wp-content\/uploads\/logoJO-SEO.png","contentUrl":"https:\/\/jornaldasoficinas.com\/pt\/wp-content\/uploads\/logoJO-SEO.png","width":285,"height":450,"caption":"Jornal das Oficinas"},"image":{"@id":"https:\/\/jornaldasoficinas.com\/pt\/#\/schema\/logo\/image\/"},"sameAs":["https:\/\/www.facebook.com\/jornaloficinas","https:\/\/x.com\/jornaloficinas","https:\/\/www.instagram.com\/jornal_oficinas\/","https:\/\/www.linkedin.com\/company\/jornal-das-oficinas\/","https:\/\/www.youtube.com\/channel\/UCbQZBqtcvV-oSQrr7RzINGg"]},{"@type":"Person","@id":"https:\/\/jornaldasoficinas.com\/pt\/#\/schema\/person\/a38eef5de2c41d9e7c9ac10141afddf3","name":"Reda\u00e7\u00e3o JO","image":{"@type":"ImageObject","inLanguage":"pt-PT","@id":"https:\/\/secure.gravatar.com\/avatar\/71f2fa71737ad68a84fea94bc708ddac8ea5b0c4788dc2ad202f3ccb2887742f?s=96&d=wp_user_avatar&r=g","url":"https:\/\/secure.gravatar.com\/avatar\/71f2fa71737ad68a84fea94bc708ddac8ea5b0c4788dc2ad202f3ccb2887742f?s=96&d=wp_user_avatar&r=g","contentUrl":"https:\/\/secure.gravatar.com\/avatar\/71f2fa71737ad68a84fea94bc708ddac8ea5b0c4788dc2ad202f3ccb2887742f?s=96&d=wp_user_avatar&r=g","caption":"Reda\u00e7\u00e3o JO"},"url":"https:\/\/jornaldasoficinas.com\/pt\/author\/joredacao\/"}]}},"_links":{"self":[{"href":"https:\/\/jornaldasoficinas.com\/pt\/wp-json\/wp\/v2\/posts\/30121","targetHints":{"allow":["GET"]}}],"collection":[{"href":"https:\/\/jornaldasoficinas.com\/pt\/wp-json\/wp\/v2\/posts"}],"about":[{"href":"https:\/\/jornaldasoficinas.com\/pt\/wp-json\/wp\/v2\/types\/post"}],"author":[{"embeddable":true,"href":"https:\/\/jornaldasoficinas.com\/pt\/wp-json\/wp\/v2\/users\/15"}],"replies":[{"embeddable":true,"href":"https:\/\/jornaldasoficinas.com\/pt\/wp-json\/wp\/v2\/comments?post=30121"}],"version-history":[{"count":0,"href":"https:\/\/jornaldasoficinas.com\/pt\/wp-json\/wp\/v2\/posts\/30121\/revisions"}],"wp:featuredmedia":[{"embeddable":true,"href":"https:\/\/jornaldasoficinas.com\/pt\/wp-json\/wp\/v2\/media\/30024"}],"wp:attachment":[{"href":"https:\/\/jornaldasoficinas.com\/pt\/wp-json\/wp\/v2\/media?parent=30121"}],"wp:term":[{"taxonomy":"category","embeddable":true,"href":"https:\/\/jornaldasoficinas.com\/pt\/wp-json\/wp\/v2\/categories?post=30121"},{"taxonomy":"post_tag","embeddable":true,"href":"https:\/\/jornaldasoficinas.com\/pt\/wp-json\/wp\/v2\/tags?post=30121"}],"curies":[{"name":"wp","href":"https:\/\/api.w.org\/{rel}","templated":true}]}}