{"id":30218,"date":"2022-06-01T16:00:15","date_gmt":"2022-06-01T15:00:15","guid":{"rendered":"https:\/\/jornaldasoficinas.com\/pt\/?p=30218"},"modified":"2022-05-31T13:02:01","modified_gmt":"2022-05-31T12:02:01","slug":"factoring-e-renting-atingem-984-mil-milhoes-de-euros-em-2022","status":"publish","type":"post","link":"https:\/\/jornaldasoficinas.com\/pt\/factoring-e-renting-atingem-984-mil-milhoes-de-euros-em-2022\/","title":{"rendered":"Factoring e Renting atingem 9,84 mil milh\u00f5es de euros em 2022"},"content":{"rendered":"<p><strong><img loading=\"lazy\" decoding=\"async\" class=\"alignnone size-full wp-image-30187\" src=\"https:\/\/jornaldasoficinas.com\/pt\/wp-content\/uploads\/2022\/06\/Factoring-e-Renting-atingem-984.png\" alt=\"06 - Factoring e Renting atingem 984\" width=\"1024\" height=\"581\" srcset=\"https:\/\/jornaldasoficinas.com\/pt\/wp-content\/uploads\/2022\/06\/Factoring-e-Renting-atingem-984.png 1024w, https:\/\/jornaldasoficinas.com\/pt\/wp-content\/uploads\/2022\/06\/Factoring-e-Renting-atingem-984-300x170.png 300w, https:\/\/jornaldasoficinas.com\/pt\/wp-content\/uploads\/2022\/06\/Factoring-e-Renting-atingem-984-150x85.png 150w, https:\/\/jornaldasoficinas.com\/pt\/wp-content\/uploads\/2022\/06\/Factoring-e-Renting-atingem-984-768x436.png 768w\" sizes=\"auto, (max-width: 1024px) 100vw, 1024px\" \/><\/strong><\/p>\n<p><strong>De acordo com os dados revelados pela Associa\u00e7\u00e3o Portuguesa de Leasing, Factoring e Renting (<a href=\"http:\/\/www.alf.pt\/pt\/in%C3%ADcio\" target=\"_blank\" rel=\"noopener\">ALF<\/a>), relativos ao primeiro trimestre de 2022, o Factoring e o Renting j\u00e1 se encontram com valores de produ\u00e7\u00e3o superiores a 2019, e a loca\u00e7\u00e3o financeira regista uma taxa de crescimento hom\u00f3loga de 17,5%<\/strong><\/p>\n<p>Num trimestre em que a economia portuguesa registou um refor\u00e7o de 11,9% no PIB, relativamente ao per\u00edodo hom\u00f3logo, o apoio prestado pelos associados da ALF atrav\u00e9s do Factoring voltou a superar esse indicador, acelerando 33% para 9,84 mil milh\u00f5es de euros de cr\u00e9ditos tomados, em 2022.<\/p>\n<p>No Factoring internacional, os cr\u00e9ditos tomados alcan\u00e7aram um crescimento de 25% face ao trimestre hom\u00f3logo, para 1,13 mil milh\u00f5es de euros.<\/p>\n<p>J\u00e1 no factoring dom\u00e9stico, em que os associados da ALF contribu\u00edram com o apoio de 4,5 mil milh\u00f5es de euros, o desempenho superou em 35,3% o registo do primeiro trimestre do ano passado. O factoring com recurso, no qual n\u00e3o se verifica a cobertura do risco de cr\u00e9dito, registou um crescimento de 22,2% face ao per\u00edodo hom\u00f3logo, para 2,13 mil milh\u00f5es de euros, ao passo que o factoring sem recurso disparou 49,6%, para 2,40 mil milh\u00f5es de euros.<\/p>\n<p>Contudo, ao contr\u00e1rio da perce\u00e7\u00e3o inicial, \u00e9 no factoring com recurso que se encontra a compara\u00e7\u00e3o mais impactante com os anos pr\u00e9-pandemia: na an\u00e1lise da varia\u00e7\u00e3o de 2019 para 2022, a varia\u00e7\u00e3o supera os 60%. J\u00e1 no factoring dom\u00e9stico sem recurso,o crescimento face ao 2019 ficou-se pelos 9,4%.<\/p>\n<p>O papel do financiamento especializado no apoio \u00e0s empresas obt\u00e9m melhorias ao longo de todos os indicadores dos tr\u00eas setores de atividade representados pela ALF. A loca\u00e7\u00e3o financeira (Leasing) registou um refor\u00e7o de 17,5% no valor da sua produ\u00e7\u00e3o, face ao per\u00edodo hom\u00f3logo, posicionando-se o Leasing imobili\u00e1rio como o grande impulsionador, com uma subida de 41,2%, para os 206,9 milh\u00f5es de euros.<\/p>\n<p>O Leasing mobili\u00e1rio cresceu 6,5% em valor, para 388,14 milh\u00f5es de euros, com as viaturas a representarem dois ter\u00e7os do valor, fruto dos 5.834 ve\u00edculos financiados. Os investimentos financiados de equipamentos totalizaram 114,4 milh\u00f5es de euros.<\/p>\n<p>Com um total de 12.994 viaturas a serem adquiridas pelo Leasing e pelo Renting ao longo do primeiro trimestre, o equivalente a 30,6% do total do mercado autom\u00f3vel em Portugal, os associados da ALF voltaram a comprovar a sua capacidade de canalizar investimento para apoio \u00e0s empresas e particulares.<\/p>\n<p>Aos mais de 5.800 autom\u00f3veis que passaram pelo Leasing mobili\u00e1rio, o Renting somou a aquisi\u00e7\u00e3o de 7.160 viaturas ligeiras novas. Neste produto, a recupera\u00e7\u00e3o constatada no primeiro trimestre significou a recupera\u00e7\u00e3o para valores pr\u00e9-pandemia. Comparativamente ao 1\u00ba trimestre de 2019, a produ\u00e7\u00e3o em n\u00famero e em valor cresceu 2,5% e 13,9%, respetivamente.<\/p>\n<p>Face ao per\u00edodo hom\u00f3logo de 2021, registou-se um aumento de 10,5% no n\u00famero de viaturas novas adquiridas em Renting. Em termos de investimento, os novos contratos significaram, no final do trimestre, um acumulado de 166,7 milh\u00f5es de euros, um refor\u00e7o de 19,3%.<\/p>\n<p>Relativamente \u00e0 frota total gerida pelas Rentings, verifica-se a exist\u00eancia de contratos no valor de 1,97 mil milh\u00f5es de euros, um aumento de 3,7% em rela\u00e7\u00e3o ao mesmo per\u00edodo de 2021. Este valor traduz-se em 121 mil viaturas em frotas de empresas portuguesas. Comparativamente a 2019, o Renting j\u00e1 se encontra a crescer 7,3% no n\u00famero de viaturas geridase 6,0% no valor da frota.<\/p>\n<p>Para o presidente da ALF, Lu\u00eds Augusto, \u201csentiu-se no primeiro trimestre deste ano um clima econ\u00f3mico favor\u00e1vel, ao qual o financiamento especializado respondeu com o aumento das dota\u00e7\u00f5es para empresas e particulares. Ainda que praticamente metade do per\u00edodo em an\u00e1lise tenha estado preenchido pelo clima de incerteza criado pela guerra na Ucr\u00e2nia, a ALF regista com\u00a0 agrado a resili\u00eancia dos agentes econ\u00f3micos, que mantiveram investimentos, apesar das preocupa\u00e7\u00f5es internacionais, em que se incluem o aumento dos pre\u00e7os da energia e a subida da infla\u00e7\u00e3o. Neste contexto, os associados da ALF registaram subidas expressivas na sua atividade, fruto dos fundos por si canalizados para apoio \u00e0 economia\u201d, nota o porta-voz da associa\u00e7\u00e3o.<\/p>\n","protected":false},"excerpt":{"rendered":"<p>De acordo com os dados revelados&#8230;<\/p>\n","protected":false},"author":15,"featured_media":30187,"comment_status":"closed","ping_status":"closed","sticky":false,"template":"","format":"standard","meta":{"footnotes":""},"categories":[37],"tags":[1146],"class_list":["post-30218","post","type-post","status-publish","format-standard","has-post-thumbnail","hentry","category-mercado","tag-alf"],"yoast_head":"<!-- This site is optimized with the Yoast SEO plugin v27.4 - https:\/\/yoast.com\/product\/yoast-seo-wordpress\/ -->\n<title>Factoring e Renting atingem 9,84 mil milh\u00f5es de euros em 2022 - Jornal das Oficinas<\/title>\n<meta name=\"robots\" content=\"index, follow, max-snippet:-1, max-image-preview:large, max-video-preview:-1\" \/>\n<link rel=\"canonical\" href=\"https:\/\/jornaldasoficinas.com\/pt\/factoring-e-renting-atingem-984-mil-milhoes-de-euros-em-2022\/\" \/>\n<meta property=\"og:locale\" content=\"pt_PT\" \/>\n<meta property=\"og:type\" content=\"article\" \/>\n<meta property=\"og:title\" content=\"Factoring e Renting atingem 9,84 mil milh\u00f5es de euros em 2022 - Jornal das Oficinas\" \/>\n<meta property=\"og:description\" content=\"De acordo com os dados revelados...\" \/>\n<meta property=\"og:url\" content=\"https:\/\/jornaldasoficinas.com\/pt\/factoring-e-renting-atingem-984-mil-milhoes-de-euros-em-2022\/\" \/>\n<meta property=\"og:site_name\" content=\"Jornal das Oficinas\" \/>\n<meta property=\"article:publisher\" content=\"https:\/\/www.facebook.com\/jornaloficinas\" \/>\n<meta property=\"article:published_time\" content=\"2022-06-01T15:00:15+00:00\" \/>\n<meta property=\"og:image\" content=\"https:\/\/jornaldasoficinas.com\/pt\/wp-content\/uploads\/2022\/06\/Factoring-e-Renting-atingem-984.png\" \/>\n\t<meta property=\"og:image:width\" content=\"1024\" \/>\n\t<meta property=\"og:image:height\" content=\"581\" \/>\n\t<meta property=\"og:image:type\" content=\"image\/png\" \/>\n<meta name=\"author\" content=\"Reda\u00e7\u00e3o JO\" \/>\n<meta name=\"twitter:card\" content=\"summary_large_image\" \/>\n<meta name=\"twitter:creator\" content=\"@jornaloficinas\" \/>\n<meta name=\"twitter:site\" content=\"@jornaloficinas\" \/>\n<meta name=\"twitter:label1\" content=\"Escrito por\" \/>\n\t<meta name=\"twitter:data1\" content=\"Reda\u00e7\u00e3o JO\" \/>\n\t<meta name=\"twitter:label2\" content=\"Tempo estimado de leitura\" \/>\n\t<meta name=\"twitter:data2\" content=\"3 minutos\" \/>\n<script type=\"application\/ld+json\" class=\"yoast-schema-graph\">{\"@context\":\"https:\\\/\\\/schema.org\",\"@graph\":[{\"@type\":\"Article\",\"@id\":\"https:\\\/\\\/jornaldasoficinas.com\\\/pt\\\/factoring-e-renting-atingem-984-mil-milhoes-de-euros-em-2022\\\/#article\",\"isPartOf\":{\"@id\":\"https:\\\/\\\/jornaldasoficinas.com\\\/pt\\\/factoring-e-renting-atingem-984-mil-milhoes-de-euros-em-2022\\\/\"},\"author\":{\"name\":\"Reda\u00e7\u00e3o JO\",\"@id\":\"https:\\\/\\\/jornaldasoficinas.com\\\/pt\\\/#\\\/schema\\\/person\\\/a38eef5de2c41d9e7c9ac10141afddf3\"},\"headline\":\"Factoring e Renting atingem 9,84 mil milh\u00f5es de euros em 2022\",\"datePublished\":\"2022-06-01T15:00:15+00:00\",\"mainEntityOfPage\":{\"@id\":\"https:\\\/\\\/jornaldasoficinas.com\\\/pt\\\/factoring-e-renting-atingem-984-mil-milhoes-de-euros-em-2022\\\/\"},\"wordCount\":696,\"publisher\":{\"@id\":\"https:\\\/\\\/jornaldasoficinas.com\\\/pt\\\/#organization\"},\"image\":{\"@id\":\"https:\\\/\\\/jornaldasoficinas.com\\\/pt\\\/factoring-e-renting-atingem-984-mil-milhoes-de-euros-em-2022\\\/#primaryimage\"},\"thumbnailUrl\":\"https:\\\/\\\/jornaldasoficinas.com\\\/pt\\\/wp-content\\\/uploads\\\/2022\\\/06\\\/Factoring-e-Renting-atingem-984.png\",\"keywords\":[\"ALF\"],\"articleSection\":[\"Mercado\"],\"inLanguage\":\"pt-PT\"},{\"@type\":\"WebPage\",\"@id\":\"https:\\\/\\\/jornaldasoficinas.com\\\/pt\\\/factoring-e-renting-atingem-984-mil-milhoes-de-euros-em-2022\\\/\",\"url\":\"https:\\\/\\\/jornaldasoficinas.com\\\/pt\\\/factoring-e-renting-atingem-984-mil-milhoes-de-euros-em-2022\\\/\",\"name\":\"Factoring e Renting atingem 9,84 mil milh\u00f5es de euros em 2022 - Jornal das Oficinas\",\"isPartOf\":{\"@id\":\"https:\\\/\\\/jornaldasoficinas.com\\\/pt\\\/#website\"},\"primaryImageOfPage\":{\"@id\":\"https:\\\/\\\/jornaldasoficinas.com\\\/pt\\\/factoring-e-renting-atingem-984-mil-milhoes-de-euros-em-2022\\\/#primaryimage\"},\"image\":{\"@id\":\"https:\\\/\\\/jornaldasoficinas.com\\\/pt\\\/factoring-e-renting-atingem-984-mil-milhoes-de-euros-em-2022\\\/#primaryimage\"},\"thumbnailUrl\":\"https:\\\/\\\/jornaldasoficinas.com\\\/pt\\\/wp-content\\\/uploads\\\/2022\\\/06\\\/Factoring-e-Renting-atingem-984.png\",\"datePublished\":\"2022-06-01T15:00:15+00:00\",\"breadcrumb\":{\"@id\":\"https:\\\/\\\/jornaldasoficinas.com\\\/pt\\\/factoring-e-renting-atingem-984-mil-milhoes-de-euros-em-2022\\\/#breadcrumb\"},\"inLanguage\":\"pt-PT\",\"potentialAction\":[{\"@type\":\"ReadAction\",\"target\":[\"https:\\\/\\\/jornaldasoficinas.com\\\/pt\\\/factoring-e-renting-atingem-984-mil-milhoes-de-euros-em-2022\\\/\"]}]},{\"@type\":\"ImageObject\",\"inLanguage\":\"pt-PT\",\"@id\":\"https:\\\/\\\/jornaldasoficinas.com\\\/pt\\\/factoring-e-renting-atingem-984-mil-milhoes-de-euros-em-2022\\\/#primaryimage\",\"url\":\"https:\\\/\\\/jornaldasoficinas.com\\\/pt\\\/wp-content\\\/uploads\\\/2022\\\/06\\\/Factoring-e-Renting-atingem-984.png\",\"contentUrl\":\"https:\\\/\\\/jornaldasoficinas.com\\\/pt\\\/wp-content\\\/uploads\\\/2022\\\/06\\\/Factoring-e-Renting-atingem-984.png\",\"width\":1024,\"height\":581,\"caption\":\"06 - Factoring e Renting atingem 984\"},{\"@type\":\"BreadcrumbList\",\"@id\":\"https:\\\/\\\/jornaldasoficinas.com\\\/pt\\\/factoring-e-renting-atingem-984-mil-milhoes-de-euros-em-2022\\\/#breadcrumb\",\"itemListElement\":[{\"@type\":\"ListItem\",\"position\":1,\"name\":\"In\u00edcio\",\"item\":\"https:\\\/\\\/jornaldasoficinas.com\\\/pt\\\/\"},{\"@type\":\"ListItem\",\"position\":2,\"name\":\"Factoring e Renting atingem 9,84 mil milh\u00f5es de euros em 2022\"}]},{\"@type\":\"WebSite\",\"@id\":\"https:\\\/\\\/jornaldasoficinas.com\\\/pt\\\/#website\",\"url\":\"https:\\\/\\\/jornaldasoficinas.com\\\/pt\\\/\",\"name\":\"Jornal das Oficinas\",\"description\":\"Jornal independente do Aftermarket Autom\u00f3vel em Portugal\",\"publisher\":{\"@id\":\"https:\\\/\\\/jornaldasoficinas.com\\\/pt\\\/#organization\"},\"potentialAction\":[{\"@type\":\"SearchAction\",\"target\":{\"@type\":\"EntryPoint\",\"urlTemplate\":\"https:\\\/\\\/jornaldasoficinas.com\\\/pt\\\/?s={search_term_string}\"},\"query-input\":{\"@type\":\"PropertyValueSpecification\",\"valueRequired\":true,\"valueName\":\"search_term_string\"}}],\"inLanguage\":\"pt-PT\"},{\"@type\":\"Organization\",\"@id\":\"https:\\\/\\\/jornaldasoficinas.com\\\/pt\\\/#organization\",\"name\":\"Jornal das Oficinas\",\"url\":\"https:\\\/\\\/jornaldasoficinas.com\\\/pt\\\/\",\"logo\":{\"@type\":\"ImageObject\",\"inLanguage\":\"pt-PT\",\"@id\":\"https:\\\/\\\/jornaldasoficinas.com\\\/pt\\\/#\\\/schema\\\/logo\\\/image\\\/\",\"url\":\"https:\\\/\\\/jornaldasoficinas.com\\\/pt\\\/wp-content\\\/uploads\\\/logoJO-SEO.png\",\"contentUrl\":\"https:\\\/\\\/jornaldasoficinas.com\\\/pt\\\/wp-content\\\/uploads\\\/logoJO-SEO.png\",\"width\":285,\"height\":450,\"caption\":\"Jornal das Oficinas\"},\"image\":{\"@id\":\"https:\\\/\\\/jornaldasoficinas.com\\\/pt\\\/#\\\/schema\\\/logo\\\/image\\\/\"},\"sameAs\":[\"https:\\\/\\\/www.facebook.com\\\/jornaloficinas\",\"https:\\\/\\\/x.com\\\/jornaloficinas\",\"https:\\\/\\\/www.instagram.com\\\/jornal_oficinas\\\/\",\"https:\\\/\\\/www.linkedin.com\\\/company\\\/jornal-das-oficinas\\\/\",\"https:\\\/\\\/www.youtube.com\\\/channel\\\/UCbQZBqtcvV-oSQrr7RzINGg\"]},{\"@type\":\"Person\",\"@id\":\"https:\\\/\\\/jornaldasoficinas.com\\\/pt\\\/#\\\/schema\\\/person\\\/a38eef5de2c41d9e7c9ac10141afddf3\",\"name\":\"Reda\u00e7\u00e3o JO\",\"image\":{\"@type\":\"ImageObject\",\"inLanguage\":\"pt-PT\",\"@id\":\"https:\\\/\\\/secure.gravatar.com\\\/avatar\\\/71f2fa71737ad68a84fea94bc708ddac8ea5b0c4788dc2ad202f3ccb2887742f?s=96&d=wp_user_avatar&r=g\",\"url\":\"https:\\\/\\\/secure.gravatar.com\\\/avatar\\\/71f2fa71737ad68a84fea94bc708ddac8ea5b0c4788dc2ad202f3ccb2887742f?s=96&d=wp_user_avatar&r=g\",\"contentUrl\":\"https:\\\/\\\/secure.gravatar.com\\\/avatar\\\/71f2fa71737ad68a84fea94bc708ddac8ea5b0c4788dc2ad202f3ccb2887742f?s=96&d=wp_user_avatar&r=g\",\"caption\":\"Reda\u00e7\u00e3o JO\"},\"url\":\"https:\\\/\\\/jornaldasoficinas.com\\\/pt\\\/author\\\/joredacao\\\/\"}]}<\/script>\n<!-- \/ Yoast SEO plugin. -->","yoast_head_json":{"title":"Factoring e Renting atingem 9,84 mil milh\u00f5es de euros em 2022 - Jornal das Oficinas","robots":{"index":"index","follow":"follow","max-snippet":"max-snippet:-1","max-image-preview":"max-image-preview:large","max-video-preview":"max-video-preview:-1"},"canonical":"https:\/\/jornaldasoficinas.com\/pt\/factoring-e-renting-atingem-984-mil-milhoes-de-euros-em-2022\/","og_locale":"pt_PT","og_type":"article","og_title":"Factoring e Renting atingem 9,84 mil milh\u00f5es de euros em 2022 - Jornal das Oficinas","og_description":"De acordo com os dados revelados...","og_url":"https:\/\/jornaldasoficinas.com\/pt\/factoring-e-renting-atingem-984-mil-milhoes-de-euros-em-2022\/","og_site_name":"Jornal das Oficinas","article_publisher":"https:\/\/www.facebook.com\/jornaloficinas","article_published_time":"2022-06-01T15:00:15+00:00","og_image":[{"width":1024,"height":581,"url":"https:\/\/jornaldasoficinas.com\/pt\/wp-content\/uploads\/2022\/06\/Factoring-e-Renting-atingem-984.png","type":"image\/png"}],"author":"Reda\u00e7\u00e3o JO","twitter_card":"summary_large_image","twitter_creator":"@jornaloficinas","twitter_site":"@jornaloficinas","twitter_misc":{"Escrito por":"Reda\u00e7\u00e3o JO","Tempo estimado de leitura":"3 minutos"},"schema":{"@context":"https:\/\/schema.org","@graph":[{"@type":"Article","@id":"https:\/\/jornaldasoficinas.com\/pt\/factoring-e-renting-atingem-984-mil-milhoes-de-euros-em-2022\/#article","isPartOf":{"@id":"https:\/\/jornaldasoficinas.com\/pt\/factoring-e-renting-atingem-984-mil-milhoes-de-euros-em-2022\/"},"author":{"name":"Reda\u00e7\u00e3o JO","@id":"https:\/\/jornaldasoficinas.com\/pt\/#\/schema\/person\/a38eef5de2c41d9e7c9ac10141afddf3"},"headline":"Factoring e Renting atingem 9,84 mil milh\u00f5es de euros em 2022","datePublished":"2022-06-01T15:00:15+00:00","mainEntityOfPage":{"@id":"https:\/\/jornaldasoficinas.com\/pt\/factoring-e-renting-atingem-984-mil-milhoes-de-euros-em-2022\/"},"wordCount":696,"publisher":{"@id":"https:\/\/jornaldasoficinas.com\/pt\/#organization"},"image":{"@id":"https:\/\/jornaldasoficinas.com\/pt\/factoring-e-renting-atingem-984-mil-milhoes-de-euros-em-2022\/#primaryimage"},"thumbnailUrl":"https:\/\/jornaldasoficinas.com\/pt\/wp-content\/uploads\/2022\/06\/Factoring-e-Renting-atingem-984.png","keywords":["ALF"],"articleSection":["Mercado"],"inLanguage":"pt-PT"},{"@type":"WebPage","@id":"https:\/\/jornaldasoficinas.com\/pt\/factoring-e-renting-atingem-984-mil-milhoes-de-euros-em-2022\/","url":"https:\/\/jornaldasoficinas.com\/pt\/factoring-e-renting-atingem-984-mil-milhoes-de-euros-em-2022\/","name":"Factoring e Renting atingem 9,84 mil milh\u00f5es de euros em 2022 - Jornal das Oficinas","isPartOf":{"@id":"https:\/\/jornaldasoficinas.com\/pt\/#website"},"primaryImageOfPage":{"@id":"https:\/\/jornaldasoficinas.com\/pt\/factoring-e-renting-atingem-984-mil-milhoes-de-euros-em-2022\/#primaryimage"},"image":{"@id":"https:\/\/jornaldasoficinas.com\/pt\/factoring-e-renting-atingem-984-mil-milhoes-de-euros-em-2022\/#primaryimage"},"thumbnailUrl":"https:\/\/jornaldasoficinas.com\/pt\/wp-content\/uploads\/2022\/06\/Factoring-e-Renting-atingem-984.png","datePublished":"2022-06-01T15:00:15+00:00","breadcrumb":{"@id":"https:\/\/jornaldasoficinas.com\/pt\/factoring-e-renting-atingem-984-mil-milhoes-de-euros-em-2022\/#breadcrumb"},"inLanguage":"pt-PT","potentialAction":[{"@type":"ReadAction","target":["https:\/\/jornaldasoficinas.com\/pt\/factoring-e-renting-atingem-984-mil-milhoes-de-euros-em-2022\/"]}]},{"@type":"ImageObject","inLanguage":"pt-PT","@id":"https:\/\/jornaldasoficinas.com\/pt\/factoring-e-renting-atingem-984-mil-milhoes-de-euros-em-2022\/#primaryimage","url":"https:\/\/jornaldasoficinas.com\/pt\/wp-content\/uploads\/2022\/06\/Factoring-e-Renting-atingem-984.png","contentUrl":"https:\/\/jornaldasoficinas.com\/pt\/wp-content\/uploads\/2022\/06\/Factoring-e-Renting-atingem-984.png","width":1024,"height":581,"caption":"06 - Factoring e Renting atingem 984"},{"@type":"BreadcrumbList","@id":"https:\/\/jornaldasoficinas.com\/pt\/factoring-e-renting-atingem-984-mil-milhoes-de-euros-em-2022\/#breadcrumb","itemListElement":[{"@type":"ListItem","position":1,"name":"In\u00edcio","item":"https:\/\/jornaldasoficinas.com\/pt\/"},{"@type":"ListItem","position":2,"name":"Factoring e Renting atingem 9,84 mil milh\u00f5es de euros em 2022"}]},{"@type":"WebSite","@id":"https:\/\/jornaldasoficinas.com\/pt\/#website","url":"https:\/\/jornaldasoficinas.com\/pt\/","name":"Jornal das Oficinas","description":"Jornal independente do Aftermarket Autom\u00f3vel em Portugal","publisher":{"@id":"https:\/\/jornaldasoficinas.com\/pt\/#organization"},"potentialAction":[{"@type":"SearchAction","target":{"@type":"EntryPoint","urlTemplate":"https:\/\/jornaldasoficinas.com\/pt\/?s={search_term_string}"},"query-input":{"@type":"PropertyValueSpecification","valueRequired":true,"valueName":"search_term_string"}}],"inLanguage":"pt-PT"},{"@type":"Organization","@id":"https:\/\/jornaldasoficinas.com\/pt\/#organization","name":"Jornal das Oficinas","url":"https:\/\/jornaldasoficinas.com\/pt\/","logo":{"@type":"ImageObject","inLanguage":"pt-PT","@id":"https:\/\/jornaldasoficinas.com\/pt\/#\/schema\/logo\/image\/","url":"https:\/\/jornaldasoficinas.com\/pt\/wp-content\/uploads\/logoJO-SEO.png","contentUrl":"https:\/\/jornaldasoficinas.com\/pt\/wp-content\/uploads\/logoJO-SEO.png","width":285,"height":450,"caption":"Jornal das Oficinas"},"image":{"@id":"https:\/\/jornaldasoficinas.com\/pt\/#\/schema\/logo\/image\/"},"sameAs":["https:\/\/www.facebook.com\/jornaloficinas","https:\/\/x.com\/jornaloficinas","https:\/\/www.instagram.com\/jornal_oficinas\/","https:\/\/www.linkedin.com\/company\/jornal-das-oficinas\/","https:\/\/www.youtube.com\/channel\/UCbQZBqtcvV-oSQrr7RzINGg"]},{"@type":"Person","@id":"https:\/\/jornaldasoficinas.com\/pt\/#\/schema\/person\/a38eef5de2c41d9e7c9ac10141afddf3","name":"Reda\u00e7\u00e3o JO","image":{"@type":"ImageObject","inLanguage":"pt-PT","@id":"https:\/\/secure.gravatar.com\/avatar\/71f2fa71737ad68a84fea94bc708ddac8ea5b0c4788dc2ad202f3ccb2887742f?s=96&d=wp_user_avatar&r=g","url":"https:\/\/secure.gravatar.com\/avatar\/71f2fa71737ad68a84fea94bc708ddac8ea5b0c4788dc2ad202f3ccb2887742f?s=96&d=wp_user_avatar&r=g","contentUrl":"https:\/\/secure.gravatar.com\/avatar\/71f2fa71737ad68a84fea94bc708ddac8ea5b0c4788dc2ad202f3ccb2887742f?s=96&d=wp_user_avatar&r=g","caption":"Reda\u00e7\u00e3o JO"},"url":"https:\/\/jornaldasoficinas.com\/pt\/author\/joredacao\/"}]}},"_links":{"self":[{"href":"https:\/\/jornaldasoficinas.com\/pt\/wp-json\/wp\/v2\/posts\/30218","targetHints":{"allow":["GET"]}}],"collection":[{"href":"https:\/\/jornaldasoficinas.com\/pt\/wp-json\/wp\/v2\/posts"}],"about":[{"href":"https:\/\/jornaldasoficinas.com\/pt\/wp-json\/wp\/v2\/types\/post"}],"author":[{"embeddable":true,"href":"https:\/\/jornaldasoficinas.com\/pt\/wp-json\/wp\/v2\/users\/15"}],"replies":[{"embeddable":true,"href":"https:\/\/jornaldasoficinas.com\/pt\/wp-json\/wp\/v2\/comments?post=30218"}],"version-history":[{"count":0,"href":"https:\/\/jornaldasoficinas.com\/pt\/wp-json\/wp\/v2\/posts\/30218\/revisions"}],"wp:featuredmedia":[{"embeddable":true,"href":"https:\/\/jornaldasoficinas.com\/pt\/wp-json\/wp\/v2\/media\/30187"}],"wp:attachment":[{"href":"https:\/\/jornaldasoficinas.com\/pt\/wp-json\/wp\/v2\/media?parent=30218"}],"wp:term":[{"taxonomy":"category","embeddable":true,"href":"https:\/\/jornaldasoficinas.com\/pt\/wp-json\/wp\/v2\/categories?post=30218"},{"taxonomy":"post_tag","embeddable":true,"href":"https:\/\/jornaldasoficinas.com\/pt\/wp-json\/wp\/v2\/tags?post=30218"}],"curies":[{"name":"wp","href":"https:\/\/api.w.org\/{rel}","templated":true}]}}