{"id":30272,"date":"2022-06-03T08:00:43","date_gmt":"2022-06-03T07:00:43","guid":{"rendered":"https:\/\/jornaldasoficinas.com\/pt\/?p=30272"},"modified":"2022-06-02T12:45:59","modified_gmt":"2022-06-02T11:45:59","slug":"herthbuss-apresenta-lampada-de-mao-led","status":"publish","type":"post","link":"https:\/\/jornaldasoficinas.com\/pt\/herthbuss-apresenta-lampada-de-mao-led\/","title":{"rendered":"Herth+Buss apresenta l\u00e2mpada de m\u00e3o LED"},"content":{"rendered":"<p><img loading=\"lazy\" decoding=\"async\" class=\"alignnone size-full wp-image-30273\" src=\"https:\/\/jornaldasoficinas.com\/pt\/wp-content\/uploads\/2022\/06\/HerthBuss-apresenta-la\u0302mpada-de-ma\u0303o-LED.jpg\" alt=\"06 - HerthBuss apresenta la\u0302mpada de ma\u0303o LED\" width=\"1024\" height=\"581\" srcset=\"https:\/\/jornaldasoficinas.com\/pt\/wp-content\/uploads\/2022\/06\/HerthBuss-apresenta-la\u0302mpada-de-ma\u0303o-LED.jpg 1024w, https:\/\/jornaldasoficinas.com\/pt\/wp-content\/uploads\/2022\/06\/HerthBuss-apresenta-la\u0302mpada-de-ma\u0303o-LED-300x170.jpg 300w, https:\/\/jornaldasoficinas.com\/pt\/wp-content\/uploads\/2022\/06\/HerthBuss-apresenta-la\u0302mpada-de-ma\u0303o-LED-150x85.jpg 150w, https:\/\/jornaldasoficinas.com\/pt\/wp-content\/uploads\/2022\/06\/HerthBuss-apresenta-la\u0302mpada-de-ma\u0303o-LED-768x436.jpg 768w\" sizes=\"auto, (max-width: 1024px) 100vw, 1024px\" \/><\/p>\n<p><strong>Boas condi\u00e7\u00f5es de ilumina\u00e7\u00e3o no local de trabalho s\u00e3o indispens\u00e1veis nas oficinas, a fim de realizar um trabalho preciso e profissional. \u00c9 por isso que a <a href=\"https:\/\/herthundbuss.com\/en\/\" target=\"_blank\" rel=\"noopener\">Herth+Buss<\/a> expandiu a sua gama com outra l\u00e2mpada manual para iluminar perfeitamente o local de trabalho<\/strong><\/p>\n<p>A l\u00e2mpada de m\u00e3o LED apresenta um design robusto e compacto e impressiona com uma vasta gama de aplica\u00e7\u00f5es e v\u00e1rias fun\u00e7\u00f5es de ilumina\u00e7\u00e3o. Por um lado, a l\u00e2mpada manual LED tem uma fun\u00e7\u00e3o de projetor. Um \u00e2ngulo de ilumina\u00e7\u00e3o de 120\u00b0 pode assim ser utilizado para iluminar \u00e1reas amplas de forma brilhante.<\/p>\n<p>Com esta fun\u00e7\u00e3o, o fluxo luminoso pode ser ajustado em tr\u00eas fases e pode ser reduzido se a dura\u00e7\u00e3o da bateria tiver de ser prolongada. Se for selecionado o n\u00edvel mais baixo, a l\u00e2mpada manual de 350 l\u00famenes acende-se durante at\u00e9 dez horas. No n\u00edvel m\u00e9dio, a bateria dura at\u00e9 cinco horas a 700 l\u00famenes. No n\u00edvel mais alto, mesmo 1400 l\u00famenes podem ser mantidos por at\u00e9 duas horas e meia.<\/p>\n<p>Al\u00e9m da fun\u00e7\u00e3o holofote, a l\u00e2mpada manual LED tamb\u00e9m tem uma fun\u00e7\u00e3o holofote, que \u00e9 adequada para ilumina\u00e7\u00e3o pontual com um \u00e2ngulo de ilumina\u00e7\u00e3o de 20\u00b0. Se esta fun\u00e7\u00e3o for selecionada, os LEDs de 400 l\u00famenes iluminam-se durante at\u00e9 oito horas.<\/p>\n<p><strong>Pronto a usar em qualquer situa\u00e7\u00e3o<br \/>\n<\/strong>Com 6500 Kelvin, a luz LED gera uma luz branca diurna e assegura uma visibilidade extremamente clara. A l\u00e2mpada manual IP65 est\u00e1 em conformidade com a classe de prote\u00e7\u00e3o IP65 e est\u00e1, portanto, totalmente protegida contra a entrada de p\u00f3 e jatos de \u00e1gua. A rela\u00e7\u00e3o de resist\u00eancia ao choque IK07 tamb\u00e9m mostra que pode resistir a uma energia de impacto de at\u00e9 dois joules. Isto torna a l\u00e2mpada de m\u00e3o robusta ideal para opera\u00e7\u00f5es de oficina exigentes.<\/p>\n<p>A lanterna de m\u00e3o Herth+Buss \u00e9 tamb\u00e9m extremamente flex\u00edvel na utiliza\u00e7\u00e3o e pode n\u00e3o s\u00f3 ser colocada no ch\u00e3o como projetor, mas tamb\u00e9m tem um potente \u00edman que facilita a fixa\u00e7\u00e3o a plataformas elevat\u00f3rias, por exemplo. \u00c9 tamb\u00e9m muito f\u00e1cil de mover gra\u00e7as \u00e0 sua pega ajust\u00e1vel. Al\u00e9m disso, a l\u00e2mpada manual pode ser girada verticalmente at\u00e9 180\u00b0 e pode assim ser alinhada especificamente para os pontos a serem iluminados.<\/p>\n<p>Outra caracter\u00edstica extremamente \u00fatil \u00e9 que a bateria e o n\u00edvel de carga podem ser lidos usando tr\u00eas LEDs. A lanterna de m\u00e3o tem uma potente bateria de i\u00f5es de l\u00edtio com 5.200 mAh, que pode ser totalmente carregada em quatro horas. Est\u00e1 inclu\u00eddo um cabo de carregamento com um metro de comprimento, que pode ser ligado \u00e0 tomada de carregamento USB-C normalizada.<\/p>\n","protected":false},"excerpt":{"rendered":"<p>Boas condi\u00e7\u00f5es de ilumina\u00e7\u00e3o no local&#8230;<\/p>\n","protected":false},"author":15,"featured_media":30273,"comment_status":"closed","ping_status":"closed","sticky":false,"template":"","format":"standard","meta":{"footnotes":""},"categories":[6],"tags":[579],"class_list":["post-30272","post","type-post","status-publish","format-standard","has-post-thumbnail","hentry","category-equipamentos","tag-herthbuss"],"yoast_head":"<!-- This site is optimized with the Yoast SEO plugin v27.4 - https:\/\/yoast.com\/product\/yoast-seo-wordpress\/ -->\n<title>Herth+Buss apresenta l\u00e2mpada de m\u00e3o LED - Jornal das Oficinas<\/title>\n<meta name=\"robots\" content=\"index, follow, max-snippet:-1, max-image-preview:large, max-video-preview:-1\" \/>\n<link rel=\"canonical\" href=\"https:\/\/jornaldasoficinas.com\/pt\/herthbuss-apresenta-lampada-de-mao-led\/\" \/>\n<meta property=\"og:locale\" content=\"pt_PT\" \/>\n<meta property=\"og:type\" content=\"article\" \/>\n<meta property=\"og:title\" content=\"Herth+Buss apresenta l\u00e2mpada de m\u00e3o LED - Jornal das Oficinas\" \/>\n<meta property=\"og:description\" content=\"Boas condi\u00e7\u00f5es de ilumina\u00e7\u00e3o no local...\" \/>\n<meta property=\"og:url\" content=\"https:\/\/jornaldasoficinas.com\/pt\/herthbuss-apresenta-lampada-de-mao-led\/\" \/>\n<meta property=\"og:site_name\" content=\"Jornal das Oficinas\" \/>\n<meta property=\"article:publisher\" content=\"https:\/\/www.facebook.com\/jornaloficinas\" \/>\n<meta property=\"article:published_time\" content=\"2022-06-03T07:00:43+00:00\" \/>\n<meta property=\"og:image\" content=\"https:\/\/jornaldasoficinas.com\/pt\/wp-content\/uploads\/2022\/06\/HerthBuss-apresenta-la\u0302mpada-de-ma\u0303o-LED.jpg\" \/>\n\t<meta property=\"og:image:width\" content=\"1024\" \/>\n\t<meta property=\"og:image:height\" content=\"581\" \/>\n\t<meta property=\"og:image:type\" content=\"image\/jpeg\" \/>\n<meta name=\"author\" content=\"Reda\u00e7\u00e3o JO\" \/>\n<meta name=\"twitter:card\" content=\"summary_large_image\" \/>\n<meta name=\"twitter:creator\" content=\"@jornaloficinas\" \/>\n<meta name=\"twitter:site\" content=\"@jornaloficinas\" \/>\n<meta name=\"twitter:label1\" content=\"Escrito por\" \/>\n\t<meta name=\"twitter:data1\" content=\"Reda\u00e7\u00e3o JO\" \/>\n\t<meta name=\"twitter:label2\" content=\"Tempo estimado de leitura\" \/>\n\t<meta name=\"twitter:data2\" content=\"2 minutos\" \/>\n<script type=\"application\/ld+json\" class=\"yoast-schema-graph\">{\"@context\":\"https:\\\/\\\/schema.org\",\"@graph\":[{\"@type\":\"Article\",\"@id\":\"https:\\\/\\\/jornaldasoficinas.com\\\/pt\\\/herthbuss-apresenta-lampada-de-mao-led\\\/#article\",\"isPartOf\":{\"@id\":\"https:\\\/\\\/jornaldasoficinas.com\\\/pt\\\/herthbuss-apresenta-lampada-de-mao-led\\\/\"},\"author\":{\"name\":\"Reda\u00e7\u00e3o JO\",\"@id\":\"https:\\\/\\\/jornaldasoficinas.com\\\/pt\\\/#\\\/schema\\\/person\\\/a38eef5de2c41d9e7c9ac10141afddf3\"},\"headline\":\"Herth+Buss apresenta l\u00e2mpada de m\u00e3o LED\",\"datePublished\":\"2022-06-03T07:00:43+00:00\",\"mainEntityOfPage\":{\"@id\":\"https:\\\/\\\/jornaldasoficinas.com\\\/pt\\\/herthbuss-apresenta-lampada-de-mao-led\\\/\"},\"wordCount\":484,\"publisher\":{\"@id\":\"https:\\\/\\\/jornaldasoficinas.com\\\/pt\\\/#organization\"},\"image\":{\"@id\":\"https:\\\/\\\/jornaldasoficinas.com\\\/pt\\\/herthbuss-apresenta-lampada-de-mao-led\\\/#primaryimage\"},\"thumbnailUrl\":\"https:\\\/\\\/jornaldasoficinas.com\\\/pt\\\/wp-content\\\/uploads\\\/2022\\\/06\\\/HerthBuss-apresenta-la\u0302mpada-de-ma\u0303o-LED.jpg\",\"keywords\":[\"HERTH+BUSS\"],\"articleSection\":[\"Equipamentos\"],\"inLanguage\":\"pt-PT\"},{\"@type\":\"WebPage\",\"@id\":\"https:\\\/\\\/jornaldasoficinas.com\\\/pt\\\/herthbuss-apresenta-lampada-de-mao-led\\\/\",\"url\":\"https:\\\/\\\/jornaldasoficinas.com\\\/pt\\\/herthbuss-apresenta-lampada-de-mao-led\\\/\",\"name\":\"Herth+Buss apresenta l\u00e2mpada de m\u00e3o LED - Jornal das Oficinas\",\"isPartOf\":{\"@id\":\"https:\\\/\\\/jornaldasoficinas.com\\\/pt\\\/#website\"},\"primaryImageOfPage\":{\"@id\":\"https:\\\/\\\/jornaldasoficinas.com\\\/pt\\\/herthbuss-apresenta-lampada-de-mao-led\\\/#primaryimage\"},\"image\":{\"@id\":\"https:\\\/\\\/jornaldasoficinas.com\\\/pt\\\/herthbuss-apresenta-lampada-de-mao-led\\\/#primaryimage\"},\"thumbnailUrl\":\"https:\\\/\\\/jornaldasoficinas.com\\\/pt\\\/wp-content\\\/uploads\\\/2022\\\/06\\\/HerthBuss-apresenta-la\u0302mpada-de-ma\u0303o-LED.jpg\",\"datePublished\":\"2022-06-03T07:00:43+00:00\",\"breadcrumb\":{\"@id\":\"https:\\\/\\\/jornaldasoficinas.com\\\/pt\\\/herthbuss-apresenta-lampada-de-mao-led\\\/#breadcrumb\"},\"inLanguage\":\"pt-PT\",\"potentialAction\":[{\"@type\":\"ReadAction\",\"target\":[\"https:\\\/\\\/jornaldasoficinas.com\\\/pt\\\/herthbuss-apresenta-lampada-de-mao-led\\\/\"]}]},{\"@type\":\"ImageObject\",\"inLanguage\":\"pt-PT\",\"@id\":\"https:\\\/\\\/jornaldasoficinas.com\\\/pt\\\/herthbuss-apresenta-lampada-de-mao-led\\\/#primaryimage\",\"url\":\"https:\\\/\\\/jornaldasoficinas.com\\\/pt\\\/wp-content\\\/uploads\\\/2022\\\/06\\\/HerthBuss-apresenta-la\u0302mpada-de-ma\u0303o-LED.jpg\",\"contentUrl\":\"https:\\\/\\\/jornaldasoficinas.com\\\/pt\\\/wp-content\\\/uploads\\\/2022\\\/06\\\/HerthBuss-apresenta-la\u0302mpada-de-ma\u0303o-LED.jpg\",\"width\":1024,\"height\":581,\"caption\":\"06 - HerthBuss apresenta la\u0302mpada de ma\u0303o LED\"},{\"@type\":\"BreadcrumbList\",\"@id\":\"https:\\\/\\\/jornaldasoficinas.com\\\/pt\\\/herthbuss-apresenta-lampada-de-mao-led\\\/#breadcrumb\",\"itemListElement\":[{\"@type\":\"ListItem\",\"position\":1,\"name\":\"In\u00edcio\",\"item\":\"https:\\\/\\\/jornaldasoficinas.com\\\/pt\\\/\"},{\"@type\":\"ListItem\",\"position\":2,\"name\":\"Herth+Buss apresenta l\u00e2mpada de m\u00e3o LED\"}]},{\"@type\":\"WebSite\",\"@id\":\"https:\\\/\\\/jornaldasoficinas.com\\\/pt\\\/#website\",\"url\":\"https:\\\/\\\/jornaldasoficinas.com\\\/pt\\\/\",\"name\":\"Jornal das Oficinas\",\"description\":\"Jornal independente do Aftermarket Autom\u00f3vel em Portugal\",\"publisher\":{\"@id\":\"https:\\\/\\\/jornaldasoficinas.com\\\/pt\\\/#organization\"},\"potentialAction\":[{\"@type\":\"SearchAction\",\"target\":{\"@type\":\"EntryPoint\",\"urlTemplate\":\"https:\\\/\\\/jornaldasoficinas.com\\\/pt\\\/?s={search_term_string}\"},\"query-input\":{\"@type\":\"PropertyValueSpecification\",\"valueRequired\":true,\"valueName\":\"search_term_string\"}}],\"inLanguage\":\"pt-PT\"},{\"@type\":\"Organization\",\"@id\":\"https:\\\/\\\/jornaldasoficinas.com\\\/pt\\\/#organization\",\"name\":\"Jornal das Oficinas\",\"url\":\"https:\\\/\\\/jornaldasoficinas.com\\\/pt\\\/\",\"logo\":{\"@type\":\"ImageObject\",\"inLanguage\":\"pt-PT\",\"@id\":\"https:\\\/\\\/jornaldasoficinas.com\\\/pt\\\/#\\\/schema\\\/logo\\\/image\\\/\",\"url\":\"https:\\\/\\\/jornaldasoficinas.com\\\/pt\\\/wp-content\\\/uploads\\\/logoJO-SEO.png\",\"contentUrl\":\"https:\\\/\\\/jornaldasoficinas.com\\\/pt\\\/wp-content\\\/uploads\\\/logoJO-SEO.png\",\"width\":285,\"height\":450,\"caption\":\"Jornal das Oficinas\"},\"image\":{\"@id\":\"https:\\\/\\\/jornaldasoficinas.com\\\/pt\\\/#\\\/schema\\\/logo\\\/image\\\/\"},\"sameAs\":[\"https:\\\/\\\/www.facebook.com\\\/jornaloficinas\",\"https:\\\/\\\/x.com\\\/jornaloficinas\",\"https:\\\/\\\/www.instagram.com\\\/jornal_oficinas\\\/\",\"https:\\\/\\\/www.linkedin.com\\\/company\\\/jornal-das-oficinas\\\/\",\"https:\\\/\\\/www.youtube.com\\\/channel\\\/UCbQZBqtcvV-oSQrr7RzINGg\"]},{\"@type\":\"Person\",\"@id\":\"https:\\\/\\\/jornaldasoficinas.com\\\/pt\\\/#\\\/schema\\\/person\\\/a38eef5de2c41d9e7c9ac10141afddf3\",\"name\":\"Reda\u00e7\u00e3o JO\",\"image\":{\"@type\":\"ImageObject\",\"inLanguage\":\"pt-PT\",\"@id\":\"https:\\\/\\\/secure.gravatar.com\\\/avatar\\\/71f2fa71737ad68a84fea94bc708ddac8ea5b0c4788dc2ad202f3ccb2887742f?s=96&d=wp_user_avatar&r=g\",\"url\":\"https:\\\/\\\/secure.gravatar.com\\\/avatar\\\/71f2fa71737ad68a84fea94bc708ddac8ea5b0c4788dc2ad202f3ccb2887742f?s=96&d=wp_user_avatar&r=g\",\"contentUrl\":\"https:\\\/\\\/secure.gravatar.com\\\/avatar\\\/71f2fa71737ad68a84fea94bc708ddac8ea5b0c4788dc2ad202f3ccb2887742f?s=96&d=wp_user_avatar&r=g\",\"caption\":\"Reda\u00e7\u00e3o JO\"},\"url\":\"https:\\\/\\\/jornaldasoficinas.com\\\/pt\\\/author\\\/joredacao\\\/\"}]}<\/script>\n<!-- \/ Yoast SEO plugin. -->","yoast_head_json":{"title":"Herth+Buss apresenta l\u00e2mpada de m\u00e3o LED - Jornal das Oficinas","robots":{"index":"index","follow":"follow","max-snippet":"max-snippet:-1","max-image-preview":"max-image-preview:large","max-video-preview":"max-video-preview:-1"},"canonical":"https:\/\/jornaldasoficinas.com\/pt\/herthbuss-apresenta-lampada-de-mao-led\/","og_locale":"pt_PT","og_type":"article","og_title":"Herth+Buss apresenta l\u00e2mpada de m\u00e3o LED - Jornal das Oficinas","og_description":"Boas condi\u00e7\u00f5es de ilumina\u00e7\u00e3o no local...","og_url":"https:\/\/jornaldasoficinas.com\/pt\/herthbuss-apresenta-lampada-de-mao-led\/","og_site_name":"Jornal das Oficinas","article_publisher":"https:\/\/www.facebook.com\/jornaloficinas","article_published_time":"2022-06-03T07:00:43+00:00","og_image":[{"width":1024,"height":581,"url":"https:\/\/jornaldasoficinas.com\/pt\/wp-content\/uploads\/2022\/06\/HerthBuss-apresenta-la\u0302mpada-de-ma\u0303o-LED.jpg","type":"image\/jpeg"}],"author":"Reda\u00e7\u00e3o JO","twitter_card":"summary_large_image","twitter_creator":"@jornaloficinas","twitter_site":"@jornaloficinas","twitter_misc":{"Escrito por":"Reda\u00e7\u00e3o JO","Tempo estimado de leitura":"2 minutos"},"schema":{"@context":"https:\/\/schema.org","@graph":[{"@type":"Article","@id":"https:\/\/jornaldasoficinas.com\/pt\/herthbuss-apresenta-lampada-de-mao-led\/#article","isPartOf":{"@id":"https:\/\/jornaldasoficinas.com\/pt\/herthbuss-apresenta-lampada-de-mao-led\/"},"author":{"name":"Reda\u00e7\u00e3o JO","@id":"https:\/\/jornaldasoficinas.com\/pt\/#\/schema\/person\/a38eef5de2c41d9e7c9ac10141afddf3"},"headline":"Herth+Buss apresenta l\u00e2mpada de m\u00e3o LED","datePublished":"2022-06-03T07:00:43+00:00","mainEntityOfPage":{"@id":"https:\/\/jornaldasoficinas.com\/pt\/herthbuss-apresenta-lampada-de-mao-led\/"},"wordCount":484,"publisher":{"@id":"https:\/\/jornaldasoficinas.com\/pt\/#organization"},"image":{"@id":"https:\/\/jornaldasoficinas.com\/pt\/herthbuss-apresenta-lampada-de-mao-led\/#primaryimage"},"thumbnailUrl":"https:\/\/jornaldasoficinas.com\/pt\/wp-content\/uploads\/2022\/06\/HerthBuss-apresenta-la\u0302mpada-de-ma\u0303o-LED.jpg","keywords":["HERTH+BUSS"],"articleSection":["Equipamentos"],"inLanguage":"pt-PT"},{"@type":"WebPage","@id":"https:\/\/jornaldasoficinas.com\/pt\/herthbuss-apresenta-lampada-de-mao-led\/","url":"https:\/\/jornaldasoficinas.com\/pt\/herthbuss-apresenta-lampada-de-mao-led\/","name":"Herth+Buss apresenta l\u00e2mpada de m\u00e3o LED - Jornal das Oficinas","isPartOf":{"@id":"https:\/\/jornaldasoficinas.com\/pt\/#website"},"primaryImageOfPage":{"@id":"https:\/\/jornaldasoficinas.com\/pt\/herthbuss-apresenta-lampada-de-mao-led\/#primaryimage"},"image":{"@id":"https:\/\/jornaldasoficinas.com\/pt\/herthbuss-apresenta-lampada-de-mao-led\/#primaryimage"},"thumbnailUrl":"https:\/\/jornaldasoficinas.com\/pt\/wp-content\/uploads\/2022\/06\/HerthBuss-apresenta-la\u0302mpada-de-ma\u0303o-LED.jpg","datePublished":"2022-06-03T07:00:43+00:00","breadcrumb":{"@id":"https:\/\/jornaldasoficinas.com\/pt\/herthbuss-apresenta-lampada-de-mao-led\/#breadcrumb"},"inLanguage":"pt-PT","potentialAction":[{"@type":"ReadAction","target":["https:\/\/jornaldasoficinas.com\/pt\/herthbuss-apresenta-lampada-de-mao-led\/"]}]},{"@type":"ImageObject","inLanguage":"pt-PT","@id":"https:\/\/jornaldasoficinas.com\/pt\/herthbuss-apresenta-lampada-de-mao-led\/#primaryimage","url":"https:\/\/jornaldasoficinas.com\/pt\/wp-content\/uploads\/2022\/06\/HerthBuss-apresenta-la\u0302mpada-de-ma\u0303o-LED.jpg","contentUrl":"https:\/\/jornaldasoficinas.com\/pt\/wp-content\/uploads\/2022\/06\/HerthBuss-apresenta-la\u0302mpada-de-ma\u0303o-LED.jpg","width":1024,"height":581,"caption":"06 - HerthBuss apresenta la\u0302mpada de ma\u0303o LED"},{"@type":"BreadcrumbList","@id":"https:\/\/jornaldasoficinas.com\/pt\/herthbuss-apresenta-lampada-de-mao-led\/#breadcrumb","itemListElement":[{"@type":"ListItem","position":1,"name":"In\u00edcio","item":"https:\/\/jornaldasoficinas.com\/pt\/"},{"@type":"ListItem","position":2,"name":"Herth+Buss apresenta l\u00e2mpada de m\u00e3o LED"}]},{"@type":"WebSite","@id":"https:\/\/jornaldasoficinas.com\/pt\/#website","url":"https:\/\/jornaldasoficinas.com\/pt\/","name":"Jornal das Oficinas","description":"Jornal independente do Aftermarket Autom\u00f3vel em Portugal","publisher":{"@id":"https:\/\/jornaldasoficinas.com\/pt\/#organization"},"potentialAction":[{"@type":"SearchAction","target":{"@type":"EntryPoint","urlTemplate":"https:\/\/jornaldasoficinas.com\/pt\/?s={search_term_string}"},"query-input":{"@type":"PropertyValueSpecification","valueRequired":true,"valueName":"search_term_string"}}],"inLanguage":"pt-PT"},{"@type":"Organization","@id":"https:\/\/jornaldasoficinas.com\/pt\/#organization","name":"Jornal das Oficinas","url":"https:\/\/jornaldasoficinas.com\/pt\/","logo":{"@type":"ImageObject","inLanguage":"pt-PT","@id":"https:\/\/jornaldasoficinas.com\/pt\/#\/schema\/logo\/image\/","url":"https:\/\/jornaldasoficinas.com\/pt\/wp-content\/uploads\/logoJO-SEO.png","contentUrl":"https:\/\/jornaldasoficinas.com\/pt\/wp-content\/uploads\/logoJO-SEO.png","width":285,"height":450,"caption":"Jornal das Oficinas"},"image":{"@id":"https:\/\/jornaldasoficinas.com\/pt\/#\/schema\/logo\/image\/"},"sameAs":["https:\/\/www.facebook.com\/jornaloficinas","https:\/\/x.com\/jornaloficinas","https:\/\/www.instagram.com\/jornal_oficinas\/","https:\/\/www.linkedin.com\/company\/jornal-das-oficinas\/","https:\/\/www.youtube.com\/channel\/UCbQZBqtcvV-oSQrr7RzINGg"]},{"@type":"Person","@id":"https:\/\/jornaldasoficinas.com\/pt\/#\/schema\/person\/a38eef5de2c41d9e7c9ac10141afddf3","name":"Reda\u00e7\u00e3o JO","image":{"@type":"ImageObject","inLanguage":"pt-PT","@id":"https:\/\/secure.gravatar.com\/avatar\/71f2fa71737ad68a84fea94bc708ddac8ea5b0c4788dc2ad202f3ccb2887742f?s=96&d=wp_user_avatar&r=g","url":"https:\/\/secure.gravatar.com\/avatar\/71f2fa71737ad68a84fea94bc708ddac8ea5b0c4788dc2ad202f3ccb2887742f?s=96&d=wp_user_avatar&r=g","contentUrl":"https:\/\/secure.gravatar.com\/avatar\/71f2fa71737ad68a84fea94bc708ddac8ea5b0c4788dc2ad202f3ccb2887742f?s=96&d=wp_user_avatar&r=g","caption":"Reda\u00e7\u00e3o JO"},"url":"https:\/\/jornaldasoficinas.com\/pt\/author\/joredacao\/"}]}},"_links":{"self":[{"href":"https:\/\/jornaldasoficinas.com\/pt\/wp-json\/wp\/v2\/posts\/30272","targetHints":{"allow":["GET"]}}],"collection":[{"href":"https:\/\/jornaldasoficinas.com\/pt\/wp-json\/wp\/v2\/posts"}],"about":[{"href":"https:\/\/jornaldasoficinas.com\/pt\/wp-json\/wp\/v2\/types\/post"}],"author":[{"embeddable":true,"href":"https:\/\/jornaldasoficinas.com\/pt\/wp-json\/wp\/v2\/users\/15"}],"replies":[{"embeddable":true,"href":"https:\/\/jornaldasoficinas.com\/pt\/wp-json\/wp\/v2\/comments?post=30272"}],"version-history":[{"count":0,"href":"https:\/\/jornaldasoficinas.com\/pt\/wp-json\/wp\/v2\/posts\/30272\/revisions"}],"wp:featuredmedia":[{"embeddable":true,"href":"https:\/\/jornaldasoficinas.com\/pt\/wp-json\/wp\/v2\/media\/30273"}],"wp:attachment":[{"href":"https:\/\/jornaldasoficinas.com\/pt\/wp-json\/wp\/v2\/media?parent=30272"}],"wp:term":[{"taxonomy":"category","embeddable":true,"href":"https:\/\/jornaldasoficinas.com\/pt\/wp-json\/wp\/v2\/categories?post=30272"},{"taxonomy":"post_tag","embeddable":true,"href":"https:\/\/jornaldasoficinas.com\/pt\/wp-json\/wp\/v2\/tags?post=30272"}],"curies":[{"name":"wp","href":"https:\/\/api.w.org\/{rel}","templated":true}]}}