{"id":30312,"date":"2022-06-03T14:00:43","date_gmt":"2022-06-03T13:00:43","guid":{"rendered":"https:\/\/jornaldasoficinas.com\/pt\/?p=30312"},"modified":"2022-06-03T14:03:07","modified_gmt":"2022-06-03T13:03:07","slug":"ciber-resiliencia-tornou-se-prioritario-no-setor-automovel-pedro-silva-opco","status":"publish","type":"post","link":"https:\/\/jornaldasoficinas.com\/pt\/ciber-resiliencia-tornou-se-prioritario-no-setor-automovel-pedro-silva-opco\/","title":{"rendered":"\u201cCiber resili\u00eancia tornou-se priorit\u00e1rio no setor autom\u00f3vel\u201d, Pedro Silva, OPCO"},"content":{"rendered":"<p><strong><img loading=\"lazy\" decoding=\"async\" class=\"alignnone size-full wp-image-30280\" src=\"https:\/\/jornaldasoficinas.com\/pt\/wp-content\/uploads\/2022\/06\/Pedro-Silva-Diretor-Geral-da-OPCO.jpg\" alt=\"06 - Pedro Silva Diretor Geral da OPCO\" width=\"1024\" height=\"581\" srcset=\"https:\/\/jornaldasoficinas.com\/pt\/wp-content\/uploads\/2022\/06\/Pedro-Silva-Diretor-Geral-da-OPCO.jpg 1024w, https:\/\/jornaldasoficinas.com\/pt\/wp-content\/uploads\/2022\/06\/Pedro-Silva-Diretor-Geral-da-OPCO-300x170.jpg 300w, https:\/\/jornaldasoficinas.com\/pt\/wp-content\/uploads\/2022\/06\/Pedro-Silva-Diretor-Geral-da-OPCO-150x85.jpg 150w, https:\/\/jornaldasoficinas.com\/pt\/wp-content\/uploads\/2022\/06\/Pedro-Silva-Diretor-Geral-da-OPCO-768x436.jpg 768w\" sizes=\"auto, (max-width: 1024px) 100vw, 1024px\" \/><\/strong><\/p>\n<p><strong>Com a evolu\u00e7\u00e3o tecnol\u00f3gica e com as empresas no geral cada vez mais expostas no mundo digital, houve a necessidade de ado\u00e7\u00e3o de estrat\u00e9gias de ciber resili\u00eancia, e o setor autom\u00f3vel n\u00e3o \u00e9 exce\u00e7\u00e3o. Em entrevista ao JO, Pedro Silva, Diretor-Geral da OPCO explica porque\u00a0 a ciber resili\u00eancia e ciberseguran\u00e7a se tornaram temas priorit\u00e1rios tamb\u00e9m no setor autom\u00f3vel<\/strong><\/p>\n<p>A OPCO \u00e9 uma consultora portuguesa com 16 anos no mercado, especializada na presta\u00e7\u00e3o de servi\u00e7os de consultoria, forma\u00e7\u00e3o e auditoria interna nos setores autom\u00f3vel, aeron\u00e1utico e ind\u00fastria no geral.<\/p>\n<p>Surgiu em junho de 2006, na altura com dois s\u00f3cios, mas foi em agosto de 2015 que assumiu a forma atual. Tem como miss\u00e3o providenciar servi\u00e7os state of the art aos seus clientes, no que diz respeito a forma\u00e7\u00e3o em \u00e1reas t\u00e9cnicas, bem como apoio e aconselhamento em termos de Sistemas de Gest\u00e3o da Qualidade, Produtividade e Melhoria Cont\u00ednua, apoiando-os para que atinjam os melhores resultados.<\/p>\n<p>Possui uma equipa dedicada a duas vertentes: uma mais t\u00e9cnica, ligada \u00e0 ind\u00fastria e que forma a base da sua presen\u00e7a junto dos clientes, e outra mais relacionada com a gest\u00e3o das forma\u00e7\u00f5es, requisitos nacionais aplic\u00e1veis \u00e0s entidades formadoras e que forma o suporte da organiza\u00e7\u00e3o.<div class='yrm-content yrm-content-2 yrm-content-hide  ' id='yrm-J2Hhf' data-id='2' data-show-status='false' data-after-action='' style=\"visibility: hidden;height: 0;\">\n\t\t\t<div id='yrm-inner-content-yrm-J2Hhf' class='yrm-inner-content-wrapper yrm-cntent-2'><\/p>\n<p><strong>Que tipo de servi\u00e7os de seguran\u00e7a disponibiliza a OPCO para o setor autom\u00f3vel?<br \/>\n<\/strong>A OPCO disponibiliza servi\u00e7os relacionados com requisitos, certifica\u00e7\u00f5es e forma\u00e7\u00f5es relacionados com a \u00e1rea da seguran\u00e7a da informa\u00e7\u00e3o. Al\u00e9m disso, tamb\u00e9m procura estar a par dos requisitos associados ao desenvolvimento de software, comunica\u00e7\u00e3o eletr\u00f3nica, transfer\u00eancia de informa\u00e7\u00e3o em portais de cliente, n\u00edveis de seguran\u00e7a no desktop, bem como as normas internacionais ISO.<\/p>\n<p><strong>Porque aparece esta necessidade de ado\u00e7\u00e3o de estrat\u00e9gias de ciber resili\u00eancia por parte das empresas do setor autom\u00f3vel?<br \/>\n<\/strong>Com a evolu\u00e7\u00e3o tecnol\u00f3gica e com as empresas no geral cada vez mais expostas no mundo digital, houve a necessidade de ado\u00e7\u00e3o de estrat\u00e9gias de ciber resili\u00eancia, e o setor autom\u00f3vel n\u00e3o \u00e9 exce\u00e7\u00e3o. Nos \u00faltimos tempos, os grandes fabricantes t\u00eam apostado bastante nesta \u00e1rea, para se protegerem o melhor poss\u00edvel de tentativas de ataques inform\u00e1ticos que t\u00eam acontecido. A ciber resili\u00eancia e ciberseguran\u00e7a tornaram-se, por isso, temas priorit\u00e1rios tamb\u00e9m no setor autom\u00f3vel e j\u00e1 h\u00e1, inclusivamente, marcas como a Volkswagen e a PSA que exigem a forma\u00e7\u00e3o dos parceiros na \u00e1rea da seguran\u00e7a da informa\u00e7\u00e3o, bem como requisitos e certifica\u00e7\u00f5es que s\u00e3o precisos garantir ao longo de toda a cadeia de valor.<\/p>\n<p><strong>Como podem as empresas do setor autom\u00f3vel manter-se atualizadas sobre quest\u00f5es de seguran\u00e7a relevantes que possam influenciar o funcionamento das suas organiza\u00e7\u00f5es?<br \/>\n<\/strong>Para se manterem atualizadas sobre os processos de digitaliza\u00e7\u00e3o e ciberseguran\u00e7a, as empresas devem estar, em primeiro lugar, a par de todas as tend\u00eancias associadas e, claro, dos desafios que outros players do mercado estejam a sentir. Al\u00e9m disso, \u00e9 muito importante que criem planos de conting\u00eancia, assegurando que todos os desafios que possam surgir associados ao hardware e software t\u00eam resposta, garantindo que as componentes t\u00e9cnicas est\u00e3o operacionais e s\u00e3o exequ\u00edveis.<\/p>\n<p><strong>Quais as principais amea\u00e7as e como podem os cibercriminosos desenvolver ataques contra empresas do setor autom\u00f3vel e tamb\u00e9m dos ve\u00edculos?<br \/>\n<\/strong>Um estudo revelado pela Upstream revela que, nos \u00faltimos tr\u00eas anos, houve um forte aumento de ataques de hackers \u00e0 ind\u00fastria autom\u00f3vel (aumento de 225% dos ataques inform\u00e1ticos a ve\u00edculos ou diretamente \u00e0 ind\u00fastria autom\u00f3vel). As principais amea\u00e7as prendem-se n\u00e3o s\u00f3 com a possibilidade de assumir o controlo total dos ve\u00edculos conectados, como com a facilidade com que os cibercriminosos podem aceder a informa\u00e7\u00e3o relacionada com a investiga\u00e7\u00e3o, desenvolvimento e solu\u00e7\u00f5es das marcas e f\u00e1bricas. O facto de existirem cada vez mais carros interconectados faz com que estes estejam, tamb\u00e9m, muito mais expostos a poss\u00edveis ataques cibern\u00e9ticos. Tendo o controlo total dos ve\u00edculos, os cibercriminosos podem aceder e controlar componentes como a esta\u00e7\u00e3o de r\u00e1dio, o volume \u00a0do som, o ar condicionado, os trav\u00f5es e at\u00e9 mesmo o volante dos carros. Al\u00e9m disso, os hackers tamb\u00e9m podem aceder aos dados das empresas e atacar sistemas de f\u00e1bricas. Roubos de dados e quebras de privacidade s\u00e3o cada vez mais comuns, pelo que impreterivelmente, as empresas t\u00eam de estar mais atentas, prevendo situa\u00e7\u00f5es de ataque, trabalhando na sua defesa.<\/p>\n<p><strong>O autom\u00f3vel aut\u00f3nomo vai ser uma realidade nos pr\u00f3ximos anos. Embora o autom\u00f3vel aut\u00f3nomo proporcione enormes vantagens, apresenta o risco de os hackers interferirem na dire\u00e7\u00e3o ou na travagem. Considera que estes incidentes poder\u00e3o fomentar o medo em rela\u00e7\u00e3o aos autom\u00f3veis aut\u00f3nomos e colocar toda a tecnologia em risco?<br \/>\n<\/strong>Estes incidentes fazem parte do processo e as empresas est\u00e3o cada vez preparadas para a \u201csolu\u00e7\u00e3o\u201d. Quero com isto dizer que, inevitavelmente, a ind\u00fastria autom\u00f3vel vai ter de continuar a trabalhar para responder ao n\u00edvel de exig\u00eancia que a tecnologia imp\u00f5e. Ainda h\u00e1 espa\u00e7o para melhorar, mas no caso de Portugal, temos v\u00e1rios bons exemplos de que, em termos de hardware e software, est\u00e3o a trabalhar para melhorar e est\u00e3o relativamente bem assegurados. Acredito que os autom\u00f3veis aut\u00f3nomos far\u00e3o, certamente, parte do futuro, mas ainda h\u00e1 muitas arestas a limar, especialmente no que toca \u00e0 componente comportamental, pois tem existido um refinamento dos ataques e \u00e9 necess\u00e1rio estreitarmos as nossas solu\u00e7\u00f5es e planos de conting\u00eancia.<\/p>\n<p><strong>Os autom\u00f3veis est\u00e3o a tornar-se cada vez mais conectados. No entanto, a conectividade dos autom\u00f3veis \u00e9 um potencial vetor de ataque para os hackers comprometerem uma frota inteira de autom\u00f3veis. O que est\u00e1 a ser feito pelos fabricantes para protegerem os ve\u00edculos destes ataques?<br \/>\n<\/strong>As empresas t\u00eam investido cada vez mais na ciberseguran\u00e7a, munindo tanto a parte t\u00e9cnica \u2013 computadores, programas, servi\u00e7os -, como a parte humana, formando os pr\u00f3prios colaboradores. \u00c9 importante que a resposta das empresas que operam no setor autom\u00f3vel seja r\u00e1pida, mas consistente, pelo que este trabalho tem de ser feito \u201cde dentro para fora\u201d. Existem requisitos que t\u00eam de ser desenvolvidos e cumpridos, tanto associados ao software como \u00e0 comunica\u00e7\u00e3o eletr\u00f3nica, transfer\u00eancia de informa\u00e7\u00e3o em portais de cliente ou mesmo em rela\u00e7\u00e3o aos n\u00edveis de seguran\u00e7a no desktop. \u00a0\u00c9 importante que continuemos a trabalhar para proteger os detalhes de novos modelos que estejam prestes a ser lan\u00e7ados no mercado, por exemplo, e, al\u00e9m disso, munirmo-nos de ferramentas para proteger informa\u00e7\u00f5es sobre estes.<\/p>\n<p><strong>Os autom\u00f3veis partilhados s\u00e3o outra tend\u00eancia de mobilidade no futuro. Mas esta tend\u00eancia exige a prote\u00e7\u00e3o total dos dados dos utilizadores. Considera que o risco de viola\u00e7\u00e3o de dados pode estimular a desconfian\u00e7a massiva deste modelo de neg\u00f3cio?<br \/>\n<\/strong>Tudo o que \u00e9 novo provoca alguma desconfian\u00e7a, o mesmo aconteceu com os carros el\u00e9tricos e os aut\u00f3nomos. Neste caso, em rela\u00e7\u00e3o aos autom\u00f3veis partilhados, acredito que ainda h\u00e1 um caminho a percorrer no sentido de desenvolver mecanismos de seguran\u00e7a que transmitam a m\u00e1xima confian\u00e7a poss\u00edvel aos seus utilizadores. \u00a0O facto de as operadoras terem a seguran\u00e7a como principal prioridade no que toca tanto aos seus utilizadores como aos seus parceiros, reflete-se no trabalho que tem sido desenvolvido por parte das aplica\u00e7\u00f5es. Estas est\u00e3o cada vez mais seguras, tendo, por isso, uma melhor regula\u00e7\u00e3o da prote\u00e7\u00e3o de dados.<\/p>\n<p><strong>Quais s\u00e3o as tend\u00eancias e fatores espec\u00edficos de ciberseguran\u00e7a na ind\u00fastria autom\u00f3vel e porque \u00e9 que isto \u00e9 uma mudan\u00e7a de paradigma para a ind\u00fastria?<br \/>\n<\/strong>Chegamos \u00e0 conclus\u00e3o de que a tend\u00eancia \u00e9 a de ado\u00e7\u00e3o de estrat\u00e9gias de ciber resili\u00eancia por parte das empresas do setor autom\u00f3vel, n\u00e3o apenas para contrariar amea\u00e7as a sistemas que, cada vez mais funcionam em rede, mas para garantir a continuidade da pr\u00f3pria ind\u00fastria. Como referi, este \u00e9 um caminho que tem ganho adeptos perante a disrup\u00e7\u00e3o trazida pela pandemia e que assume, agora, com o conflito em curso no Leste Europeu, novos e mais complexos contornos. Constata-se que esta \u00e9 uma mudan\u00e7a de paradigma para a ind\u00fastria porque h\u00e1 urg\u00eancia em desenvolver e estruturar estas mesmas estrat\u00e9gias de an\u00e1lise de risco, bem como apostar e refor\u00e7ar planos de conting\u00eancia, para evitar que empresas deste setor entrem em colapso.<\/p>\n<p><strong>Como \u00e9 que estes fatores v\u00e3o afetar as cadeias de valor h\u00e1 muito estabelecidas da ind\u00fastria autom\u00f3vel?<br \/>\n<\/strong>As empresas est\u00e3o cada vez mais conscientes da necessidade de investir em ciberseguran\u00e7a. Por isso, os grandes fabricantes t\u00eam-se voltado em for\u00e7a para esta \u00e1rea, para se protegerem o melhor poss\u00edvel de tentativas de ataques inform\u00e1ticos. Neste sentido, \u00e9 importante continuarmos a trabalhar por melhorar e abrir caminho para as aprendizagens adquiridas, atrav\u00e9s das crises cibern\u00e9ticas que j\u00e1 presenci\u00e1mos, para evitarmos mais instabilidade no futuro. A resposta passa, por isso, pela antecipa\u00e7\u00e3o e adapta\u00e7\u00e3o. No imediato, h\u00e1 que conseguir gerir as mudan\u00e7as e preparar a resposta a longo prazo que crises potenciais poder\u00e3o gerar.<\/p>\n<p><strong>\u00a0<\/strong><strong>V\u00e3o realizar nos pr\u00f3ximos dias 12 e 13 de outubro o Automotive Summit. Qual o objetivo da realiza\u00e7\u00e3o deste evento e quais os temas e assuntos que v\u00e3o ser abordados?<br \/>\n<\/strong>O principal objetivo do Automotive Summit ser\u00e1 reunir especialistas de v\u00e1rias \u00e1reas para discutirem o novo paradigma da ind\u00fastria autom\u00f3vel. Os \u00faltimos acontecimentos mundiais \u2013 a pandemia e a guerra -, al\u00e9m das crises dos chips e das cadeias de abastecimento que j\u00e1 se viviam, trouxeram desafios grandes \u00e0s ind\u00fastrias rob\u00f3tica, de tecnologia e pe\u00e7as, repercutindo-se a n\u00edvel global, nos setores da log\u00edstica, transporte e montagem. Nesse sentido, para debater a crise em desenvolvimento, este evento vai trazer a palco especialistas na Ind\u00fastria 4.0, Mobilidade, Cadeias de Abastecimento e Recursos Humanos.<\/p>\n<p><\/div>\n\t\t<\/div><div class='yrm-btn-wrapper yrm-btn-wrapper-2 yrm-more-button-wrapper  '\n\t\tdata-custom-more-class-name='' data-custom-less-class-name=''><span title='' data-less-title='' data-more-title='' class='yrm-toggle-expand  yrm-toggle-expand-2 ' data-rel='yrm-J2Hhf' data-more='Continue a ler' data-less='Menos texto'><span class='yrm-text-wrapper yrm-text-wrapper-custom-dimensions'><span class=\"yrm-button-text-2 yrm-button-text-span\">Continue a ler<\/span><\/span><\/span><\/div><\/p>\n","protected":false},"excerpt":{"rendered":"<p>Com a evolu\u00e7\u00e3o tecnol\u00f3gica e com&#8230;<\/p>\n","protected":false},"author":15,"featured_media":30280,"comment_status":"closed","ping_status":"closed","sticky":false,"template":"","format":"standard","meta":{"footnotes":""},"categories":[38],"tags":[2849],"class_list":["post-30312","post","type-post","status-publish","format-standard","has-post-thumbnail","hentry","category-entrevistas","tag-opco"],"yoast_head":"<!-- This site is optimized with the Yoast SEO plugin v27.4 - https:\/\/yoast.com\/product\/yoast-seo-wordpress\/ -->\n<title>\u201cCiber resili\u00eancia tornou-se priorit\u00e1rio no setor autom\u00f3vel\u201d, Pedro Silva, OPCO - Jornal das Oficinas<\/title>\n<meta name=\"robots\" content=\"index, follow, max-snippet:-1, max-image-preview:large, max-video-preview:-1\" \/>\n<link rel=\"canonical\" href=\"https:\/\/jornaldasoficinas.com\/pt\/ciber-resiliencia-tornou-se-prioritario-no-setor-automovel-pedro-silva-opco\/\" \/>\n<meta property=\"og:locale\" content=\"pt_PT\" \/>\n<meta property=\"og:type\" content=\"article\" \/>\n<meta property=\"og:title\" content=\"\u201cCiber resili\u00eancia tornou-se priorit\u00e1rio no setor autom\u00f3vel\u201d, Pedro Silva, OPCO - Jornal das Oficinas\" \/>\n<meta property=\"og:description\" content=\"Com a evolu\u00e7\u00e3o tecnol\u00f3gica e com...\" \/>\n<meta property=\"og:url\" content=\"https:\/\/jornaldasoficinas.com\/pt\/ciber-resiliencia-tornou-se-prioritario-no-setor-automovel-pedro-silva-opco\/\" \/>\n<meta property=\"og:site_name\" content=\"Jornal das Oficinas\" \/>\n<meta property=\"article:publisher\" content=\"https:\/\/www.facebook.com\/jornaloficinas\" \/>\n<meta property=\"article:published_time\" content=\"2022-06-03T13:00:43+00:00\" \/>\n<meta property=\"article:modified_time\" content=\"2022-06-03T13:03:07+00:00\" \/>\n<meta property=\"og:image\" content=\"https:\/\/jornaldasoficinas.com\/pt\/wp-content\/uploads\/2022\/06\/Pedro-Silva-Diretor-Geral-da-OPCO.jpg\" \/>\n\t<meta property=\"og:image:width\" content=\"1024\" \/>\n\t<meta property=\"og:image:height\" content=\"581\" \/>\n\t<meta property=\"og:image:type\" content=\"image\/jpeg\" \/>\n<meta name=\"author\" content=\"Reda\u00e7\u00e3o JO\" \/>\n<meta name=\"twitter:card\" content=\"summary_large_image\" \/>\n<meta name=\"twitter:creator\" content=\"@jornaloficinas\" \/>\n<meta name=\"twitter:site\" content=\"@jornaloficinas\" \/>\n<meta name=\"twitter:label1\" content=\"Escrito por\" \/>\n\t<meta name=\"twitter:data1\" content=\"Reda\u00e7\u00e3o JO\" \/>\n\t<meta name=\"twitter:label2\" content=\"Tempo estimado de leitura\" \/>\n\t<meta name=\"twitter:data2\" content=\"9 minutos\" \/>\n<script type=\"application\/ld+json\" class=\"yoast-schema-graph\">{\"@context\":\"https:\\\/\\\/schema.org\",\"@graph\":[{\"@type\":\"Article\",\"@id\":\"https:\\\/\\\/jornaldasoficinas.com\\\/pt\\\/ciber-resiliencia-tornou-se-prioritario-no-setor-automovel-pedro-silva-opco\\\/#article\",\"isPartOf\":{\"@id\":\"https:\\\/\\\/jornaldasoficinas.com\\\/pt\\\/ciber-resiliencia-tornou-se-prioritario-no-setor-automovel-pedro-silva-opco\\\/\"},\"author\":{\"name\":\"Reda\u00e7\u00e3o JO\",\"@id\":\"https:\\\/\\\/jornaldasoficinas.com\\\/pt\\\/#\\\/schema\\\/person\\\/a38eef5de2c41d9e7c9ac10141afddf3\"},\"headline\":\"\u201cCiber resili\u00eancia tornou-se priorit\u00e1rio no setor autom\u00f3vel\u201d, Pedro Silva, OPCO\",\"datePublished\":\"2022-06-03T13:00:43+00:00\",\"dateModified\":\"2022-06-03T13:03:07+00:00\",\"mainEntityOfPage\":{\"@id\":\"https:\\\/\\\/jornaldasoficinas.com\\\/pt\\\/ciber-resiliencia-tornou-se-prioritario-no-setor-automovel-pedro-silva-opco\\\/\"},\"wordCount\":1766,\"publisher\":{\"@id\":\"https:\\\/\\\/jornaldasoficinas.com\\\/pt\\\/#organization\"},\"image\":{\"@id\":\"https:\\\/\\\/jornaldasoficinas.com\\\/pt\\\/ciber-resiliencia-tornou-se-prioritario-no-setor-automovel-pedro-silva-opco\\\/#primaryimage\"},\"thumbnailUrl\":\"https:\\\/\\\/jornaldasoficinas.com\\\/pt\\\/wp-content\\\/uploads\\\/2022\\\/06\\\/Pedro-Silva-Diretor-Geral-da-OPCO.jpg\",\"keywords\":[\"OPCO\"],\"articleSection\":[\"Entrevistas\"],\"inLanguage\":\"pt-PT\"},{\"@type\":\"WebPage\",\"@id\":\"https:\\\/\\\/jornaldasoficinas.com\\\/pt\\\/ciber-resiliencia-tornou-se-prioritario-no-setor-automovel-pedro-silva-opco\\\/\",\"url\":\"https:\\\/\\\/jornaldasoficinas.com\\\/pt\\\/ciber-resiliencia-tornou-se-prioritario-no-setor-automovel-pedro-silva-opco\\\/\",\"name\":\"\u201cCiber resili\u00eancia tornou-se priorit\u00e1rio no setor autom\u00f3vel\u201d, Pedro Silva, OPCO - Jornal das Oficinas\",\"isPartOf\":{\"@id\":\"https:\\\/\\\/jornaldasoficinas.com\\\/pt\\\/#website\"},\"primaryImageOfPage\":{\"@id\":\"https:\\\/\\\/jornaldasoficinas.com\\\/pt\\\/ciber-resiliencia-tornou-se-prioritario-no-setor-automovel-pedro-silva-opco\\\/#primaryimage\"},\"image\":{\"@id\":\"https:\\\/\\\/jornaldasoficinas.com\\\/pt\\\/ciber-resiliencia-tornou-se-prioritario-no-setor-automovel-pedro-silva-opco\\\/#primaryimage\"},\"thumbnailUrl\":\"https:\\\/\\\/jornaldasoficinas.com\\\/pt\\\/wp-content\\\/uploads\\\/2022\\\/06\\\/Pedro-Silva-Diretor-Geral-da-OPCO.jpg\",\"datePublished\":\"2022-06-03T13:00:43+00:00\",\"dateModified\":\"2022-06-03T13:03:07+00:00\",\"breadcrumb\":{\"@id\":\"https:\\\/\\\/jornaldasoficinas.com\\\/pt\\\/ciber-resiliencia-tornou-se-prioritario-no-setor-automovel-pedro-silva-opco\\\/#breadcrumb\"},\"inLanguage\":\"pt-PT\",\"potentialAction\":[{\"@type\":\"ReadAction\",\"target\":[\"https:\\\/\\\/jornaldasoficinas.com\\\/pt\\\/ciber-resiliencia-tornou-se-prioritario-no-setor-automovel-pedro-silva-opco\\\/\"]}]},{\"@type\":\"ImageObject\",\"inLanguage\":\"pt-PT\",\"@id\":\"https:\\\/\\\/jornaldasoficinas.com\\\/pt\\\/ciber-resiliencia-tornou-se-prioritario-no-setor-automovel-pedro-silva-opco\\\/#primaryimage\",\"url\":\"https:\\\/\\\/jornaldasoficinas.com\\\/pt\\\/wp-content\\\/uploads\\\/2022\\\/06\\\/Pedro-Silva-Diretor-Geral-da-OPCO.jpg\",\"contentUrl\":\"https:\\\/\\\/jornaldasoficinas.com\\\/pt\\\/wp-content\\\/uploads\\\/2022\\\/06\\\/Pedro-Silva-Diretor-Geral-da-OPCO.jpg\",\"width\":1024,\"height\":581,\"caption\":\"06 - Pedro Silva Diretor Geral da OPCO\"},{\"@type\":\"BreadcrumbList\",\"@id\":\"https:\\\/\\\/jornaldasoficinas.com\\\/pt\\\/ciber-resiliencia-tornou-se-prioritario-no-setor-automovel-pedro-silva-opco\\\/#breadcrumb\",\"itemListElement\":[{\"@type\":\"ListItem\",\"position\":1,\"name\":\"In\u00edcio\",\"item\":\"https:\\\/\\\/jornaldasoficinas.com\\\/pt\\\/\"},{\"@type\":\"ListItem\",\"position\":2,\"name\":\"\u201cCiber resili\u00eancia tornou-se priorit\u00e1rio no setor autom\u00f3vel\u201d, Pedro Silva, OPCO\"}]},{\"@type\":\"WebSite\",\"@id\":\"https:\\\/\\\/jornaldasoficinas.com\\\/pt\\\/#website\",\"url\":\"https:\\\/\\\/jornaldasoficinas.com\\\/pt\\\/\",\"name\":\"Jornal das Oficinas\",\"description\":\"Jornal independente do Aftermarket Autom\u00f3vel em Portugal\",\"publisher\":{\"@id\":\"https:\\\/\\\/jornaldasoficinas.com\\\/pt\\\/#organization\"},\"potentialAction\":[{\"@type\":\"SearchAction\",\"target\":{\"@type\":\"EntryPoint\",\"urlTemplate\":\"https:\\\/\\\/jornaldasoficinas.com\\\/pt\\\/?s={search_term_string}\"},\"query-input\":{\"@type\":\"PropertyValueSpecification\",\"valueRequired\":true,\"valueName\":\"search_term_string\"}}],\"inLanguage\":\"pt-PT\"},{\"@type\":\"Organization\",\"@id\":\"https:\\\/\\\/jornaldasoficinas.com\\\/pt\\\/#organization\",\"name\":\"Jornal das Oficinas\",\"url\":\"https:\\\/\\\/jornaldasoficinas.com\\\/pt\\\/\",\"logo\":{\"@type\":\"ImageObject\",\"inLanguage\":\"pt-PT\",\"@id\":\"https:\\\/\\\/jornaldasoficinas.com\\\/pt\\\/#\\\/schema\\\/logo\\\/image\\\/\",\"url\":\"https:\\\/\\\/jornaldasoficinas.com\\\/pt\\\/wp-content\\\/uploads\\\/logoJO-SEO.png\",\"contentUrl\":\"https:\\\/\\\/jornaldasoficinas.com\\\/pt\\\/wp-content\\\/uploads\\\/logoJO-SEO.png\",\"width\":285,\"height\":450,\"caption\":\"Jornal das Oficinas\"},\"image\":{\"@id\":\"https:\\\/\\\/jornaldasoficinas.com\\\/pt\\\/#\\\/schema\\\/logo\\\/image\\\/\"},\"sameAs\":[\"https:\\\/\\\/www.facebook.com\\\/jornaloficinas\",\"https:\\\/\\\/x.com\\\/jornaloficinas\",\"https:\\\/\\\/www.instagram.com\\\/jornal_oficinas\\\/\",\"https:\\\/\\\/www.linkedin.com\\\/company\\\/jornal-das-oficinas\\\/\",\"https:\\\/\\\/www.youtube.com\\\/channel\\\/UCbQZBqtcvV-oSQrr7RzINGg\"]},{\"@type\":\"Person\",\"@id\":\"https:\\\/\\\/jornaldasoficinas.com\\\/pt\\\/#\\\/schema\\\/person\\\/a38eef5de2c41d9e7c9ac10141afddf3\",\"name\":\"Reda\u00e7\u00e3o JO\",\"image\":{\"@type\":\"ImageObject\",\"inLanguage\":\"pt-PT\",\"@id\":\"https:\\\/\\\/secure.gravatar.com\\\/avatar\\\/71f2fa71737ad68a84fea94bc708ddac8ea5b0c4788dc2ad202f3ccb2887742f?s=96&d=wp_user_avatar&r=g\",\"url\":\"https:\\\/\\\/secure.gravatar.com\\\/avatar\\\/71f2fa71737ad68a84fea94bc708ddac8ea5b0c4788dc2ad202f3ccb2887742f?s=96&d=wp_user_avatar&r=g\",\"contentUrl\":\"https:\\\/\\\/secure.gravatar.com\\\/avatar\\\/71f2fa71737ad68a84fea94bc708ddac8ea5b0c4788dc2ad202f3ccb2887742f?s=96&d=wp_user_avatar&r=g\",\"caption\":\"Reda\u00e7\u00e3o JO\"},\"url\":\"https:\\\/\\\/jornaldasoficinas.com\\\/pt\\\/author\\\/joredacao\\\/\"}]}<\/script>\n<!-- \/ Yoast SEO plugin. -->","yoast_head_json":{"title":"\u201cCiber resili\u00eancia tornou-se priorit\u00e1rio no setor autom\u00f3vel\u201d, Pedro Silva, OPCO - Jornal das Oficinas","robots":{"index":"index","follow":"follow","max-snippet":"max-snippet:-1","max-image-preview":"max-image-preview:large","max-video-preview":"max-video-preview:-1"},"canonical":"https:\/\/jornaldasoficinas.com\/pt\/ciber-resiliencia-tornou-se-prioritario-no-setor-automovel-pedro-silva-opco\/","og_locale":"pt_PT","og_type":"article","og_title":"\u201cCiber resili\u00eancia tornou-se priorit\u00e1rio no setor autom\u00f3vel\u201d, Pedro Silva, OPCO - Jornal das Oficinas","og_description":"Com a evolu\u00e7\u00e3o tecnol\u00f3gica e com...","og_url":"https:\/\/jornaldasoficinas.com\/pt\/ciber-resiliencia-tornou-se-prioritario-no-setor-automovel-pedro-silva-opco\/","og_site_name":"Jornal das Oficinas","article_publisher":"https:\/\/www.facebook.com\/jornaloficinas","article_published_time":"2022-06-03T13:00:43+00:00","article_modified_time":"2022-06-03T13:03:07+00:00","og_image":[{"width":1024,"height":581,"url":"https:\/\/jornaldasoficinas.com\/pt\/wp-content\/uploads\/2022\/06\/Pedro-Silva-Diretor-Geral-da-OPCO.jpg","type":"image\/jpeg"}],"author":"Reda\u00e7\u00e3o JO","twitter_card":"summary_large_image","twitter_creator":"@jornaloficinas","twitter_site":"@jornaloficinas","twitter_misc":{"Escrito por":"Reda\u00e7\u00e3o JO","Tempo estimado de leitura":"9 minutos"},"schema":{"@context":"https:\/\/schema.org","@graph":[{"@type":"Article","@id":"https:\/\/jornaldasoficinas.com\/pt\/ciber-resiliencia-tornou-se-prioritario-no-setor-automovel-pedro-silva-opco\/#article","isPartOf":{"@id":"https:\/\/jornaldasoficinas.com\/pt\/ciber-resiliencia-tornou-se-prioritario-no-setor-automovel-pedro-silva-opco\/"},"author":{"name":"Reda\u00e7\u00e3o JO","@id":"https:\/\/jornaldasoficinas.com\/pt\/#\/schema\/person\/a38eef5de2c41d9e7c9ac10141afddf3"},"headline":"\u201cCiber resili\u00eancia tornou-se priorit\u00e1rio no setor autom\u00f3vel\u201d, Pedro Silva, OPCO","datePublished":"2022-06-03T13:00:43+00:00","dateModified":"2022-06-03T13:03:07+00:00","mainEntityOfPage":{"@id":"https:\/\/jornaldasoficinas.com\/pt\/ciber-resiliencia-tornou-se-prioritario-no-setor-automovel-pedro-silva-opco\/"},"wordCount":1766,"publisher":{"@id":"https:\/\/jornaldasoficinas.com\/pt\/#organization"},"image":{"@id":"https:\/\/jornaldasoficinas.com\/pt\/ciber-resiliencia-tornou-se-prioritario-no-setor-automovel-pedro-silva-opco\/#primaryimage"},"thumbnailUrl":"https:\/\/jornaldasoficinas.com\/pt\/wp-content\/uploads\/2022\/06\/Pedro-Silva-Diretor-Geral-da-OPCO.jpg","keywords":["OPCO"],"articleSection":["Entrevistas"],"inLanguage":"pt-PT"},{"@type":"WebPage","@id":"https:\/\/jornaldasoficinas.com\/pt\/ciber-resiliencia-tornou-se-prioritario-no-setor-automovel-pedro-silva-opco\/","url":"https:\/\/jornaldasoficinas.com\/pt\/ciber-resiliencia-tornou-se-prioritario-no-setor-automovel-pedro-silva-opco\/","name":"\u201cCiber resili\u00eancia tornou-se priorit\u00e1rio no setor autom\u00f3vel\u201d, Pedro Silva, OPCO - Jornal das Oficinas","isPartOf":{"@id":"https:\/\/jornaldasoficinas.com\/pt\/#website"},"primaryImageOfPage":{"@id":"https:\/\/jornaldasoficinas.com\/pt\/ciber-resiliencia-tornou-se-prioritario-no-setor-automovel-pedro-silva-opco\/#primaryimage"},"image":{"@id":"https:\/\/jornaldasoficinas.com\/pt\/ciber-resiliencia-tornou-se-prioritario-no-setor-automovel-pedro-silva-opco\/#primaryimage"},"thumbnailUrl":"https:\/\/jornaldasoficinas.com\/pt\/wp-content\/uploads\/2022\/06\/Pedro-Silva-Diretor-Geral-da-OPCO.jpg","datePublished":"2022-06-03T13:00:43+00:00","dateModified":"2022-06-03T13:03:07+00:00","breadcrumb":{"@id":"https:\/\/jornaldasoficinas.com\/pt\/ciber-resiliencia-tornou-se-prioritario-no-setor-automovel-pedro-silva-opco\/#breadcrumb"},"inLanguage":"pt-PT","potentialAction":[{"@type":"ReadAction","target":["https:\/\/jornaldasoficinas.com\/pt\/ciber-resiliencia-tornou-se-prioritario-no-setor-automovel-pedro-silva-opco\/"]}]},{"@type":"ImageObject","inLanguage":"pt-PT","@id":"https:\/\/jornaldasoficinas.com\/pt\/ciber-resiliencia-tornou-se-prioritario-no-setor-automovel-pedro-silva-opco\/#primaryimage","url":"https:\/\/jornaldasoficinas.com\/pt\/wp-content\/uploads\/2022\/06\/Pedro-Silva-Diretor-Geral-da-OPCO.jpg","contentUrl":"https:\/\/jornaldasoficinas.com\/pt\/wp-content\/uploads\/2022\/06\/Pedro-Silva-Diretor-Geral-da-OPCO.jpg","width":1024,"height":581,"caption":"06 - Pedro Silva Diretor Geral da OPCO"},{"@type":"BreadcrumbList","@id":"https:\/\/jornaldasoficinas.com\/pt\/ciber-resiliencia-tornou-se-prioritario-no-setor-automovel-pedro-silva-opco\/#breadcrumb","itemListElement":[{"@type":"ListItem","position":1,"name":"In\u00edcio","item":"https:\/\/jornaldasoficinas.com\/pt\/"},{"@type":"ListItem","position":2,"name":"\u201cCiber resili\u00eancia tornou-se priorit\u00e1rio no setor autom\u00f3vel\u201d, Pedro Silva, OPCO"}]},{"@type":"WebSite","@id":"https:\/\/jornaldasoficinas.com\/pt\/#website","url":"https:\/\/jornaldasoficinas.com\/pt\/","name":"Jornal das Oficinas","description":"Jornal independente do Aftermarket Autom\u00f3vel em Portugal","publisher":{"@id":"https:\/\/jornaldasoficinas.com\/pt\/#organization"},"potentialAction":[{"@type":"SearchAction","target":{"@type":"EntryPoint","urlTemplate":"https:\/\/jornaldasoficinas.com\/pt\/?s={search_term_string}"},"query-input":{"@type":"PropertyValueSpecification","valueRequired":true,"valueName":"search_term_string"}}],"inLanguage":"pt-PT"},{"@type":"Organization","@id":"https:\/\/jornaldasoficinas.com\/pt\/#organization","name":"Jornal das Oficinas","url":"https:\/\/jornaldasoficinas.com\/pt\/","logo":{"@type":"ImageObject","inLanguage":"pt-PT","@id":"https:\/\/jornaldasoficinas.com\/pt\/#\/schema\/logo\/image\/","url":"https:\/\/jornaldasoficinas.com\/pt\/wp-content\/uploads\/logoJO-SEO.png","contentUrl":"https:\/\/jornaldasoficinas.com\/pt\/wp-content\/uploads\/logoJO-SEO.png","width":285,"height":450,"caption":"Jornal das Oficinas"},"image":{"@id":"https:\/\/jornaldasoficinas.com\/pt\/#\/schema\/logo\/image\/"},"sameAs":["https:\/\/www.facebook.com\/jornaloficinas","https:\/\/x.com\/jornaloficinas","https:\/\/www.instagram.com\/jornal_oficinas\/","https:\/\/www.linkedin.com\/company\/jornal-das-oficinas\/","https:\/\/www.youtube.com\/channel\/UCbQZBqtcvV-oSQrr7RzINGg"]},{"@type":"Person","@id":"https:\/\/jornaldasoficinas.com\/pt\/#\/schema\/person\/a38eef5de2c41d9e7c9ac10141afddf3","name":"Reda\u00e7\u00e3o JO","image":{"@type":"ImageObject","inLanguage":"pt-PT","@id":"https:\/\/secure.gravatar.com\/avatar\/71f2fa71737ad68a84fea94bc708ddac8ea5b0c4788dc2ad202f3ccb2887742f?s=96&d=wp_user_avatar&r=g","url":"https:\/\/secure.gravatar.com\/avatar\/71f2fa71737ad68a84fea94bc708ddac8ea5b0c4788dc2ad202f3ccb2887742f?s=96&d=wp_user_avatar&r=g","contentUrl":"https:\/\/secure.gravatar.com\/avatar\/71f2fa71737ad68a84fea94bc708ddac8ea5b0c4788dc2ad202f3ccb2887742f?s=96&d=wp_user_avatar&r=g","caption":"Reda\u00e7\u00e3o JO"},"url":"https:\/\/jornaldasoficinas.com\/pt\/author\/joredacao\/"}]}},"_links":{"self":[{"href":"https:\/\/jornaldasoficinas.com\/pt\/wp-json\/wp\/v2\/posts\/30312","targetHints":{"allow":["GET"]}}],"collection":[{"href":"https:\/\/jornaldasoficinas.com\/pt\/wp-json\/wp\/v2\/posts"}],"about":[{"href":"https:\/\/jornaldasoficinas.com\/pt\/wp-json\/wp\/v2\/types\/post"}],"author":[{"embeddable":true,"href":"https:\/\/jornaldasoficinas.com\/pt\/wp-json\/wp\/v2\/users\/15"}],"replies":[{"embeddable":true,"href":"https:\/\/jornaldasoficinas.com\/pt\/wp-json\/wp\/v2\/comments?post=30312"}],"version-history":[{"count":0,"href":"https:\/\/jornaldasoficinas.com\/pt\/wp-json\/wp\/v2\/posts\/30312\/revisions"}],"wp:featuredmedia":[{"embeddable":true,"href":"https:\/\/jornaldasoficinas.com\/pt\/wp-json\/wp\/v2\/media\/30280"}],"wp:attachment":[{"href":"https:\/\/jornaldasoficinas.com\/pt\/wp-json\/wp\/v2\/media?parent=30312"}],"wp:term":[{"taxonomy":"category","embeddable":true,"href":"https:\/\/jornaldasoficinas.com\/pt\/wp-json\/wp\/v2\/categories?post=30312"},{"taxonomy":"post_tag","embeddable":true,"href":"https:\/\/jornaldasoficinas.com\/pt\/wp-json\/wp\/v2\/tags?post=30312"}],"curies":[{"name":"wp","href":"https:\/\/api.w.org\/{rel}","templated":true}]}}