{"id":30314,"date":"2022-06-03T15:00:33","date_gmt":"2022-06-03T14:00:33","guid":{"rendered":"https:\/\/jornaldasoficinas.com\/pt\/?p=30314"},"modified":"2023-07-20T16:11:56","modified_gmt":"2023-07-20T15:11:56","slug":"ford-trucks-posiciona-se-no-terceiro-lugar-da-venda-de-pesados","status":"publish","type":"post","link":"https:\/\/jornaldasoficinas.com\/pt\/ford-trucks-posiciona-se-no-terceiro-lugar-da-venda-de-pesados\/","title":{"rendered":"Ford Trucks posiciona-se no terceiro lugar da venda de pesados"},"content":{"rendered":"<p><strong><img loading=\"lazy\" decoding=\"async\" class=\"alignnone size-full wp-image-30276\" src=\"https:\/\/jornaldasoficinas.com\/pt\/wp-content\/uploads\/2022\/06\/Ford-Trucks-posiciona-se-no-terceiro-lugar-da-venda-de-pesados.jpg\" alt=\"06 - Ford Trucks posiciona se no terceiro lugar da venda de pesados\" width=\"1024\" height=\"581\" srcset=\"https:\/\/jornaldasoficinas.com\/pt\/wp-content\/uploads\/2022\/06\/Ford-Trucks-posiciona-se-no-terceiro-lugar-da-venda-de-pesados.jpg 1024w, https:\/\/jornaldasoficinas.com\/pt\/wp-content\/uploads\/2022\/06\/Ford-Trucks-posiciona-se-no-terceiro-lugar-da-venda-de-pesados-300x170.jpg 300w, https:\/\/jornaldasoficinas.com\/pt\/wp-content\/uploads\/2022\/06\/Ford-Trucks-posiciona-se-no-terceiro-lugar-da-venda-de-pesados-150x85.jpg 150w, https:\/\/jornaldasoficinas.com\/pt\/wp-content\/uploads\/2022\/06\/Ford-Trucks-posiciona-se-no-terceiro-lugar-da-venda-de-pesados-768x436.jpg 768w\" sizes=\"auto, (max-width: 1024px) 100vw, 1024px\" \/><\/strong><\/p>\n<p><strong><a href=\"https:\/\/www.fordtrucks.pt\/\" target=\"_blank\" rel=\"noopener\">Ford Trucks Portugal<\/a> alcan\u00e7a o terceiro lugar no ranking nacional de venda de ve\u00edculos pesados de mercadorias no primeiro quadrimestre deste ano<\/strong><\/p>\n<p>Em Portugal, foram matriculados apenas 1369 pesados de mercadorias no per\u00edodo em quest\u00e3o, menos 3,1% que os 1413 registados h\u00e1 um ano. Em sentido contr\u00e1rio, a Ford Trucks cresceu 115%, comparativamente ao per\u00edodo hom\u00f3logo do ano anterior, tendo matriculado 170 ve\u00edculos pesados de mercadorias nos primeiros quatro meses de 2022.<\/p>\n<p>Este aumento de registos de ve\u00edculos pesados contribuiu para o aumento assinal\u00e1vel da quota de mercado da Ford Trucks em apenas tr\u00eas anos (a marca entrou no mercado nacional em 2019) &#8211; sendo essa fatia agora de 12,4%.<\/p>\n<p>Bruno Oliveira, CEO da Ford Trucks Portugal, enaltece a performance que a marca est\u00e1 a ter em apenas 3 anos da sua presen\u00e7a em Portugal.\u00a0\u201cEstar no Top 3 do ranking nacional de vendas de ve\u00edculos pesados de mercadorias neste primeiro quadrimestre de 2022 \u00e9 um marco muito importante para n\u00f3s. Resulta de uma estrat\u00e9gia eficaz e do esfor\u00e7o da equipa em Portugal que tamb\u00e9m se motiva com estes resultados, numa altura em que temos enfrentado tantas dificuldades e constrangimentos da din\u00e2mica do mercado e tamb\u00e9m da produ\u00e7\u00e3o. Para al\u00e9m disso, mostra tamb\u00e9m o reconhecimento do mercado da qualidade de oferta da Ford Trucks. Estamos a contrariar as expetativas do mercado, com um crescimento ano ap\u00f3s ano, mesmo quando se regista um decr\u00e9scimo na ordem dos 3%.\u201d\u00a0salienta ainda o respons\u00e1vel, que perspetiva que o crescimento da Ford Trucks Portugal vai continuar ao longo do ano.<\/p>\n<p>Em plena pandemia, a Ford Trucks Portugal duplicou a sua presen\u00e7a no pa\u00eds, oferecendo no momento j\u00e1 uma rede de assist\u00eancia p\u00f3s-venda com seis oficinas, que cobrem todo o territ\u00f3rio continental, nomeadamente, em Albergaria-a-Velha, Meirinhas, Alverca, Loul\u00e9, Vilar do Pinheiro e Viseu. E prev\u00ea para 2022 alargar a sua rede, com um novo concession\u00e1rio em Braga.<\/p>\n","protected":false},"excerpt":{"rendered":"<p>Ford Trucks Portugal alcan\u00e7a o terceiro&#8230;<\/p>\n","protected":false},"author":15,"featured_media":30276,"comment_status":"closed","ping_status":"closed","sticky":false,"template":"","format":"standard","meta":{"footnotes":""},"categories":[29],"tags":[2876],"class_list":["post-30314","post","type-post","status-publish","format-standard","has-post-thumbnail","hentry","category-empresas","tag-ford-trucks-portugal"],"yoast_head":"<!-- This site is optimized with the Yoast SEO plugin v27.5 - https:\/\/yoast.com\/product\/yoast-seo-wordpress\/ -->\n<title>Ford Trucks posiciona-se no terceiro lugar da venda de pesados - Jornal das Oficinas<\/title>\n<meta name=\"robots\" content=\"index, follow, max-snippet:-1, max-image-preview:large, max-video-preview:-1\" \/>\n<link rel=\"canonical\" href=\"https:\/\/jornaldasoficinas.com\/pt\/ford-trucks-posiciona-se-no-terceiro-lugar-da-venda-de-pesados\/\" \/>\n<meta property=\"og:locale\" content=\"pt_PT\" \/>\n<meta property=\"og:type\" content=\"article\" \/>\n<meta property=\"og:title\" content=\"Ford Trucks posiciona-se no terceiro lugar da venda de pesados - Jornal das Oficinas\" \/>\n<meta property=\"og:description\" content=\"Ford Trucks Portugal alcan\u00e7a o terceiro...\" \/>\n<meta property=\"og:url\" content=\"https:\/\/jornaldasoficinas.com\/pt\/ford-trucks-posiciona-se-no-terceiro-lugar-da-venda-de-pesados\/\" \/>\n<meta property=\"og:site_name\" content=\"Jornal das Oficinas\" \/>\n<meta property=\"article:publisher\" content=\"https:\/\/www.facebook.com\/jornaloficinas\" \/>\n<meta property=\"article:published_time\" content=\"2022-06-03T14:00:33+00:00\" \/>\n<meta property=\"article:modified_time\" content=\"2023-07-20T15:11:56+00:00\" \/>\n<meta property=\"og:image\" content=\"https:\/\/jornaldasoficinas.com\/pt\/wp-content\/uploads\/2022\/06\/Ford-Trucks-posiciona-se-no-terceiro-lugar-da-venda-de-pesados.jpg\" \/>\n\t<meta property=\"og:image:width\" content=\"1024\" \/>\n\t<meta property=\"og:image:height\" content=\"581\" \/>\n\t<meta property=\"og:image:type\" content=\"image\/jpeg\" \/>\n<meta name=\"author\" content=\"Reda\u00e7\u00e3o JO\" \/>\n<meta name=\"twitter:card\" content=\"summary_large_image\" \/>\n<meta name=\"twitter:creator\" content=\"@jornaloficinas\" \/>\n<meta name=\"twitter:site\" content=\"@jornaloficinas\" \/>\n<meta name=\"twitter:label1\" content=\"Escrito por\" \/>\n\t<meta name=\"twitter:data1\" content=\"Reda\u00e7\u00e3o JO\" \/>\n\t<meta name=\"twitter:label2\" content=\"Tempo estimado de leitura\" \/>\n\t<meta name=\"twitter:data2\" content=\"2 minutos\" \/>\n<script type=\"application\/ld+json\" class=\"yoast-schema-graph\">{\"@context\":\"https:\\\/\\\/schema.org\",\"@graph\":[{\"@type\":\"Article\",\"@id\":\"https:\\\/\\\/jornaldasoficinas.com\\\/pt\\\/ford-trucks-posiciona-se-no-terceiro-lugar-da-venda-de-pesados\\\/#article\",\"isPartOf\":{\"@id\":\"https:\\\/\\\/jornaldasoficinas.com\\\/pt\\\/ford-trucks-posiciona-se-no-terceiro-lugar-da-venda-de-pesados\\\/\"},\"author\":{\"name\":\"Reda\u00e7\u00e3o JO\",\"@id\":\"https:\\\/\\\/jornaldasoficinas.com\\\/pt\\\/#\\\/schema\\\/person\\\/a38eef5de2c41d9e7c9ac10141afddf3\"},\"headline\":\"Ford Trucks posiciona-se no terceiro lugar da venda de pesados\",\"datePublished\":\"2022-06-03T14:00:33+00:00\",\"dateModified\":\"2023-07-20T15:11:56+00:00\",\"mainEntityOfPage\":{\"@id\":\"https:\\\/\\\/jornaldasoficinas.com\\\/pt\\\/ford-trucks-posiciona-se-no-terceiro-lugar-da-venda-de-pesados\\\/\"},\"wordCount\":339,\"publisher\":{\"@id\":\"https:\\\/\\\/jornaldasoficinas.com\\\/pt\\\/#organization\"},\"image\":{\"@id\":\"https:\\\/\\\/jornaldasoficinas.com\\\/pt\\\/ford-trucks-posiciona-se-no-terceiro-lugar-da-venda-de-pesados\\\/#primaryimage\"},\"thumbnailUrl\":\"https:\\\/\\\/jornaldasoficinas.com\\\/pt\\\/wp-content\\\/uploads\\\/2022\\\/06\\\/Ford-Trucks-posiciona-se-no-terceiro-lugar-da-venda-de-pesados.jpg\",\"keywords\":[\"Ford Trucks Portugal\"],\"articleSection\":[\"Empresas\"],\"inLanguage\":\"pt-PT\"},{\"@type\":\"WebPage\",\"@id\":\"https:\\\/\\\/jornaldasoficinas.com\\\/pt\\\/ford-trucks-posiciona-se-no-terceiro-lugar-da-venda-de-pesados\\\/\",\"url\":\"https:\\\/\\\/jornaldasoficinas.com\\\/pt\\\/ford-trucks-posiciona-se-no-terceiro-lugar-da-venda-de-pesados\\\/\",\"name\":\"Ford Trucks posiciona-se no terceiro lugar da venda de pesados - Jornal das Oficinas\",\"isPartOf\":{\"@id\":\"https:\\\/\\\/jornaldasoficinas.com\\\/pt\\\/#website\"},\"primaryImageOfPage\":{\"@id\":\"https:\\\/\\\/jornaldasoficinas.com\\\/pt\\\/ford-trucks-posiciona-se-no-terceiro-lugar-da-venda-de-pesados\\\/#primaryimage\"},\"image\":{\"@id\":\"https:\\\/\\\/jornaldasoficinas.com\\\/pt\\\/ford-trucks-posiciona-se-no-terceiro-lugar-da-venda-de-pesados\\\/#primaryimage\"},\"thumbnailUrl\":\"https:\\\/\\\/jornaldasoficinas.com\\\/pt\\\/wp-content\\\/uploads\\\/2022\\\/06\\\/Ford-Trucks-posiciona-se-no-terceiro-lugar-da-venda-de-pesados.jpg\",\"datePublished\":\"2022-06-03T14:00:33+00:00\",\"dateModified\":\"2023-07-20T15:11:56+00:00\",\"breadcrumb\":{\"@id\":\"https:\\\/\\\/jornaldasoficinas.com\\\/pt\\\/ford-trucks-posiciona-se-no-terceiro-lugar-da-venda-de-pesados\\\/#breadcrumb\"},\"inLanguage\":\"pt-PT\",\"potentialAction\":[{\"@type\":\"ReadAction\",\"target\":[\"https:\\\/\\\/jornaldasoficinas.com\\\/pt\\\/ford-trucks-posiciona-se-no-terceiro-lugar-da-venda-de-pesados\\\/\"]}]},{\"@type\":\"ImageObject\",\"inLanguage\":\"pt-PT\",\"@id\":\"https:\\\/\\\/jornaldasoficinas.com\\\/pt\\\/ford-trucks-posiciona-se-no-terceiro-lugar-da-venda-de-pesados\\\/#primaryimage\",\"url\":\"https:\\\/\\\/jornaldasoficinas.com\\\/pt\\\/wp-content\\\/uploads\\\/2022\\\/06\\\/Ford-Trucks-posiciona-se-no-terceiro-lugar-da-venda-de-pesados.jpg\",\"contentUrl\":\"https:\\\/\\\/jornaldasoficinas.com\\\/pt\\\/wp-content\\\/uploads\\\/2022\\\/06\\\/Ford-Trucks-posiciona-se-no-terceiro-lugar-da-venda-de-pesados.jpg\",\"width\":1024,\"height\":581,\"caption\":\"06 - Ford Trucks posiciona se no terceiro lugar da venda de pesados\"},{\"@type\":\"BreadcrumbList\",\"@id\":\"https:\\\/\\\/jornaldasoficinas.com\\\/pt\\\/ford-trucks-posiciona-se-no-terceiro-lugar-da-venda-de-pesados\\\/#breadcrumb\",\"itemListElement\":[{\"@type\":\"ListItem\",\"position\":1,\"name\":\"In\u00edcio\",\"item\":\"https:\\\/\\\/jornaldasoficinas.com\\\/pt\\\/\"},{\"@type\":\"ListItem\",\"position\":2,\"name\":\"Ford Trucks posiciona-se no terceiro lugar da venda de pesados\"}]},{\"@type\":\"WebSite\",\"@id\":\"https:\\\/\\\/jornaldasoficinas.com\\\/pt\\\/#website\",\"url\":\"https:\\\/\\\/jornaldasoficinas.com\\\/pt\\\/\",\"name\":\"Jornal das Oficinas\",\"description\":\"Jornal independente do Aftermarket Autom\u00f3vel em Portugal\",\"publisher\":{\"@id\":\"https:\\\/\\\/jornaldasoficinas.com\\\/pt\\\/#organization\"},\"potentialAction\":[{\"@type\":\"SearchAction\",\"target\":{\"@type\":\"EntryPoint\",\"urlTemplate\":\"https:\\\/\\\/jornaldasoficinas.com\\\/pt\\\/?s={search_term_string}\"},\"query-input\":{\"@type\":\"PropertyValueSpecification\",\"valueRequired\":true,\"valueName\":\"search_term_string\"}}],\"inLanguage\":\"pt-PT\"},{\"@type\":\"Organization\",\"@id\":\"https:\\\/\\\/jornaldasoficinas.com\\\/pt\\\/#organization\",\"name\":\"Jornal das Oficinas\",\"url\":\"https:\\\/\\\/jornaldasoficinas.com\\\/pt\\\/\",\"logo\":{\"@type\":\"ImageObject\",\"inLanguage\":\"pt-PT\",\"@id\":\"https:\\\/\\\/jornaldasoficinas.com\\\/pt\\\/#\\\/schema\\\/logo\\\/image\\\/\",\"url\":\"https:\\\/\\\/jornaldasoficinas.com\\\/pt\\\/wp-content\\\/uploads\\\/logoJO-SEO.png\",\"contentUrl\":\"https:\\\/\\\/jornaldasoficinas.com\\\/pt\\\/wp-content\\\/uploads\\\/logoJO-SEO.png\",\"width\":285,\"height\":450,\"caption\":\"Jornal das Oficinas\"},\"image\":{\"@id\":\"https:\\\/\\\/jornaldasoficinas.com\\\/pt\\\/#\\\/schema\\\/logo\\\/image\\\/\"},\"sameAs\":[\"https:\\\/\\\/www.facebook.com\\\/jornaloficinas\",\"https:\\\/\\\/x.com\\\/jornaloficinas\",\"https:\\\/\\\/www.instagram.com\\\/jornal_oficinas\\\/\",\"https:\\\/\\\/www.linkedin.com\\\/company\\\/jornal-das-oficinas\\\/\",\"https:\\\/\\\/www.youtube.com\\\/channel\\\/UCbQZBqtcvV-oSQrr7RzINGg\"]},{\"@type\":\"Person\",\"@id\":\"https:\\\/\\\/jornaldasoficinas.com\\\/pt\\\/#\\\/schema\\\/person\\\/a38eef5de2c41d9e7c9ac10141afddf3\",\"name\":\"Reda\u00e7\u00e3o JO\",\"image\":{\"@type\":\"ImageObject\",\"inLanguage\":\"pt-PT\",\"@id\":\"https:\\\/\\\/secure.gravatar.com\\\/avatar\\\/71f2fa71737ad68a84fea94bc708ddac8ea5b0c4788dc2ad202f3ccb2887742f?s=96&d=wp_user_avatar&r=g\",\"url\":\"https:\\\/\\\/secure.gravatar.com\\\/avatar\\\/71f2fa71737ad68a84fea94bc708ddac8ea5b0c4788dc2ad202f3ccb2887742f?s=96&d=wp_user_avatar&r=g\",\"contentUrl\":\"https:\\\/\\\/secure.gravatar.com\\\/avatar\\\/71f2fa71737ad68a84fea94bc708ddac8ea5b0c4788dc2ad202f3ccb2887742f?s=96&d=wp_user_avatar&r=g\",\"caption\":\"Reda\u00e7\u00e3o JO\"},\"url\":\"https:\\\/\\\/jornaldasoficinas.com\\\/pt\\\/author\\\/joredacao\\\/\"}]}<\/script>\n<!-- \/ Yoast SEO plugin. -->","yoast_head_json":{"title":"Ford Trucks posiciona-se no terceiro lugar da venda de pesados - Jornal das Oficinas","robots":{"index":"index","follow":"follow","max-snippet":"max-snippet:-1","max-image-preview":"max-image-preview:large","max-video-preview":"max-video-preview:-1"},"canonical":"https:\/\/jornaldasoficinas.com\/pt\/ford-trucks-posiciona-se-no-terceiro-lugar-da-venda-de-pesados\/","og_locale":"pt_PT","og_type":"article","og_title":"Ford Trucks posiciona-se no terceiro lugar da venda de pesados - Jornal das Oficinas","og_description":"Ford Trucks Portugal alcan\u00e7a o terceiro...","og_url":"https:\/\/jornaldasoficinas.com\/pt\/ford-trucks-posiciona-se-no-terceiro-lugar-da-venda-de-pesados\/","og_site_name":"Jornal das Oficinas","article_publisher":"https:\/\/www.facebook.com\/jornaloficinas","article_published_time":"2022-06-03T14:00:33+00:00","article_modified_time":"2023-07-20T15:11:56+00:00","og_image":[{"width":1024,"height":581,"url":"https:\/\/jornaldasoficinas.com\/pt\/wp-content\/uploads\/2022\/06\/Ford-Trucks-posiciona-se-no-terceiro-lugar-da-venda-de-pesados.jpg","type":"image\/jpeg"}],"author":"Reda\u00e7\u00e3o JO","twitter_card":"summary_large_image","twitter_creator":"@jornaloficinas","twitter_site":"@jornaloficinas","twitter_misc":{"Escrito por":"Reda\u00e7\u00e3o JO","Tempo estimado de leitura":"2 minutos"},"schema":{"@context":"https:\/\/schema.org","@graph":[{"@type":"Article","@id":"https:\/\/jornaldasoficinas.com\/pt\/ford-trucks-posiciona-se-no-terceiro-lugar-da-venda-de-pesados\/#article","isPartOf":{"@id":"https:\/\/jornaldasoficinas.com\/pt\/ford-trucks-posiciona-se-no-terceiro-lugar-da-venda-de-pesados\/"},"author":{"name":"Reda\u00e7\u00e3o JO","@id":"https:\/\/jornaldasoficinas.com\/pt\/#\/schema\/person\/a38eef5de2c41d9e7c9ac10141afddf3"},"headline":"Ford Trucks posiciona-se no terceiro lugar da venda de pesados","datePublished":"2022-06-03T14:00:33+00:00","dateModified":"2023-07-20T15:11:56+00:00","mainEntityOfPage":{"@id":"https:\/\/jornaldasoficinas.com\/pt\/ford-trucks-posiciona-se-no-terceiro-lugar-da-venda-de-pesados\/"},"wordCount":339,"publisher":{"@id":"https:\/\/jornaldasoficinas.com\/pt\/#organization"},"image":{"@id":"https:\/\/jornaldasoficinas.com\/pt\/ford-trucks-posiciona-se-no-terceiro-lugar-da-venda-de-pesados\/#primaryimage"},"thumbnailUrl":"https:\/\/jornaldasoficinas.com\/pt\/wp-content\/uploads\/2022\/06\/Ford-Trucks-posiciona-se-no-terceiro-lugar-da-venda-de-pesados.jpg","keywords":["Ford Trucks Portugal"],"articleSection":["Empresas"],"inLanguage":"pt-PT"},{"@type":"WebPage","@id":"https:\/\/jornaldasoficinas.com\/pt\/ford-trucks-posiciona-se-no-terceiro-lugar-da-venda-de-pesados\/","url":"https:\/\/jornaldasoficinas.com\/pt\/ford-trucks-posiciona-se-no-terceiro-lugar-da-venda-de-pesados\/","name":"Ford Trucks posiciona-se no terceiro lugar da venda de pesados - Jornal das Oficinas","isPartOf":{"@id":"https:\/\/jornaldasoficinas.com\/pt\/#website"},"primaryImageOfPage":{"@id":"https:\/\/jornaldasoficinas.com\/pt\/ford-trucks-posiciona-se-no-terceiro-lugar-da-venda-de-pesados\/#primaryimage"},"image":{"@id":"https:\/\/jornaldasoficinas.com\/pt\/ford-trucks-posiciona-se-no-terceiro-lugar-da-venda-de-pesados\/#primaryimage"},"thumbnailUrl":"https:\/\/jornaldasoficinas.com\/pt\/wp-content\/uploads\/2022\/06\/Ford-Trucks-posiciona-se-no-terceiro-lugar-da-venda-de-pesados.jpg","datePublished":"2022-06-03T14:00:33+00:00","dateModified":"2023-07-20T15:11:56+00:00","breadcrumb":{"@id":"https:\/\/jornaldasoficinas.com\/pt\/ford-trucks-posiciona-se-no-terceiro-lugar-da-venda-de-pesados\/#breadcrumb"},"inLanguage":"pt-PT","potentialAction":[{"@type":"ReadAction","target":["https:\/\/jornaldasoficinas.com\/pt\/ford-trucks-posiciona-se-no-terceiro-lugar-da-venda-de-pesados\/"]}]},{"@type":"ImageObject","inLanguage":"pt-PT","@id":"https:\/\/jornaldasoficinas.com\/pt\/ford-trucks-posiciona-se-no-terceiro-lugar-da-venda-de-pesados\/#primaryimage","url":"https:\/\/jornaldasoficinas.com\/pt\/wp-content\/uploads\/2022\/06\/Ford-Trucks-posiciona-se-no-terceiro-lugar-da-venda-de-pesados.jpg","contentUrl":"https:\/\/jornaldasoficinas.com\/pt\/wp-content\/uploads\/2022\/06\/Ford-Trucks-posiciona-se-no-terceiro-lugar-da-venda-de-pesados.jpg","width":1024,"height":581,"caption":"06 - Ford Trucks posiciona se no terceiro lugar da venda de pesados"},{"@type":"BreadcrumbList","@id":"https:\/\/jornaldasoficinas.com\/pt\/ford-trucks-posiciona-se-no-terceiro-lugar-da-venda-de-pesados\/#breadcrumb","itemListElement":[{"@type":"ListItem","position":1,"name":"In\u00edcio","item":"https:\/\/jornaldasoficinas.com\/pt\/"},{"@type":"ListItem","position":2,"name":"Ford Trucks posiciona-se no terceiro lugar da venda de pesados"}]},{"@type":"WebSite","@id":"https:\/\/jornaldasoficinas.com\/pt\/#website","url":"https:\/\/jornaldasoficinas.com\/pt\/","name":"Jornal das Oficinas","description":"Jornal independente do Aftermarket Autom\u00f3vel em Portugal","publisher":{"@id":"https:\/\/jornaldasoficinas.com\/pt\/#organization"},"potentialAction":[{"@type":"SearchAction","target":{"@type":"EntryPoint","urlTemplate":"https:\/\/jornaldasoficinas.com\/pt\/?s={search_term_string}"},"query-input":{"@type":"PropertyValueSpecification","valueRequired":true,"valueName":"search_term_string"}}],"inLanguage":"pt-PT"},{"@type":"Organization","@id":"https:\/\/jornaldasoficinas.com\/pt\/#organization","name":"Jornal das Oficinas","url":"https:\/\/jornaldasoficinas.com\/pt\/","logo":{"@type":"ImageObject","inLanguage":"pt-PT","@id":"https:\/\/jornaldasoficinas.com\/pt\/#\/schema\/logo\/image\/","url":"https:\/\/jornaldasoficinas.com\/pt\/wp-content\/uploads\/logoJO-SEO.png","contentUrl":"https:\/\/jornaldasoficinas.com\/pt\/wp-content\/uploads\/logoJO-SEO.png","width":285,"height":450,"caption":"Jornal das Oficinas"},"image":{"@id":"https:\/\/jornaldasoficinas.com\/pt\/#\/schema\/logo\/image\/"},"sameAs":["https:\/\/www.facebook.com\/jornaloficinas","https:\/\/x.com\/jornaloficinas","https:\/\/www.instagram.com\/jornal_oficinas\/","https:\/\/www.linkedin.com\/company\/jornal-das-oficinas\/","https:\/\/www.youtube.com\/channel\/UCbQZBqtcvV-oSQrr7RzINGg"]},{"@type":"Person","@id":"https:\/\/jornaldasoficinas.com\/pt\/#\/schema\/person\/a38eef5de2c41d9e7c9ac10141afddf3","name":"Reda\u00e7\u00e3o JO","image":{"@type":"ImageObject","inLanguage":"pt-PT","@id":"https:\/\/secure.gravatar.com\/avatar\/71f2fa71737ad68a84fea94bc708ddac8ea5b0c4788dc2ad202f3ccb2887742f?s=96&d=wp_user_avatar&r=g","url":"https:\/\/secure.gravatar.com\/avatar\/71f2fa71737ad68a84fea94bc708ddac8ea5b0c4788dc2ad202f3ccb2887742f?s=96&d=wp_user_avatar&r=g","contentUrl":"https:\/\/secure.gravatar.com\/avatar\/71f2fa71737ad68a84fea94bc708ddac8ea5b0c4788dc2ad202f3ccb2887742f?s=96&d=wp_user_avatar&r=g","caption":"Reda\u00e7\u00e3o JO"},"url":"https:\/\/jornaldasoficinas.com\/pt\/author\/joredacao\/"}]}},"_links":{"self":[{"href":"https:\/\/jornaldasoficinas.com\/pt\/wp-json\/wp\/v2\/posts\/30314","targetHints":{"allow":["GET"]}}],"collection":[{"href":"https:\/\/jornaldasoficinas.com\/pt\/wp-json\/wp\/v2\/posts"}],"about":[{"href":"https:\/\/jornaldasoficinas.com\/pt\/wp-json\/wp\/v2\/types\/post"}],"author":[{"embeddable":true,"href":"https:\/\/jornaldasoficinas.com\/pt\/wp-json\/wp\/v2\/users\/15"}],"replies":[{"embeddable":true,"href":"https:\/\/jornaldasoficinas.com\/pt\/wp-json\/wp\/v2\/comments?post=30314"}],"version-history":[{"count":0,"href":"https:\/\/jornaldasoficinas.com\/pt\/wp-json\/wp\/v2\/posts\/30314\/revisions"}],"wp:featuredmedia":[{"embeddable":true,"href":"https:\/\/jornaldasoficinas.com\/pt\/wp-json\/wp\/v2\/media\/30276"}],"wp:attachment":[{"href":"https:\/\/jornaldasoficinas.com\/pt\/wp-json\/wp\/v2\/media?parent=30314"}],"wp:term":[{"taxonomy":"category","embeddable":true,"href":"https:\/\/jornaldasoficinas.com\/pt\/wp-json\/wp\/v2\/categories?post=30314"},{"taxonomy":"post_tag","embeddable":true,"href":"https:\/\/jornaldasoficinas.com\/pt\/wp-json\/wp\/v2\/tags?post=30314"}],"curies":[{"name":"wp","href":"https:\/\/api.w.org\/{rel}","templated":true}]}}