{"id":30395,"date":"2022-06-07T18:00:53","date_gmt":"2022-06-07T17:00:53","guid":{"rendered":"https:\/\/jornaldasoficinas.com\/pt\/?p=30395"},"modified":"2023-07-20T16:11:55","modified_gmt":"2023-07-20T15:11:55","slug":"man-lions-intercity-le-conquista-premio-if-design-award","status":"publish","type":"post","link":"https:\/\/jornaldasoficinas.com\/pt\/man-lions-intercity-le-conquista-premio-if-design-award\/","title":{"rendered":"MAN Lion\u2019s Intercity LE conquista pr\u00e9mio iF Design Award"},"content":{"rendered":"<p><strong><img loading=\"lazy\" decoding=\"async\" class=\"alignnone size-full wp-image-30360\" src=\"https:\/\/jornaldasoficinas.com\/pt\/wp-content\/uploads\/2022\/06\/MAN-Lions-Intercity-LE.jpg\" alt=\"06 - MAN Lions Intercity LE\" width=\"1024\" height=\"581\" srcset=\"https:\/\/jornaldasoficinas.com\/pt\/wp-content\/uploads\/2022\/06\/MAN-Lions-Intercity-LE.jpg 1024w, https:\/\/jornaldasoficinas.com\/pt\/wp-content\/uploads\/2022\/06\/MAN-Lions-Intercity-LE-300x170.jpg 300w, https:\/\/jornaldasoficinas.com\/pt\/wp-content\/uploads\/2022\/06\/MAN-Lions-Intercity-LE-150x85.jpg 150w, https:\/\/jornaldasoficinas.com\/pt\/wp-content\/uploads\/2022\/06\/MAN-Lions-Intercity-LE-768x436.jpg 768w\" sizes=\"auto, (max-width: 1024px) 100vw, 1024px\" \/><\/strong><\/p>\n<p><strong>O novo <a href=\"https:\/\/www.man.eu\/pt\/pt\/pagina-inicial.html\" target=\"_blank\" rel=\"noopener\">MAN<\/a> Lion\u2019s Intercity LE acabou de chegar e j\u00e1 ganhou o seu primeiro pr\u00e9mio. O j\u00fari do iF International Forum Design atribuiu-lhe o cobi\u00e7ado iF Design Award na categoria &#8220;Produto\/Autom\u00f3veis\/Ve\u00edculos&#8221;. O autocarro de baixa entrada marcou pontos com a sua funcionalidade combinada com o design inteligente<\/strong><\/p>\n<p>Nunca antes houve tantas participa\u00e7\u00f5es como no iF Design Award 2022. No total, os jurados tiveram de atribuir os cobi\u00e7ados pr\u00e9mios de entre quase 11.000 produtos e projetos apresentados por 57 pa\u00edses. &#8220;Estamos ainda mais satisfeitos por o nosso novo MAN Lion&#8217;s Intercity LE ter conseguido convencer o j\u00fari e ganhar um iF Design Award&#8221;, diz Barbaros Oktay, Chefe de Engenharia de Autocarros da MAN Truck &amp; Bus, acrescentando: &#8220;Em particular, a combina\u00e7\u00e3o \u00fanica de design inteligente e design funcional foi excecionalmente recebida&#8221;.<\/p>\n<p>70 peritos em design de 23 pa\u00edses reuniram-se em Berlim durante tr\u00eas dias para testar, rever e avaliar intensivamente as candidaturas. Outros cinco membros do j\u00fari participaram atrav\u00e9s de reuni\u00f5es digitais. Com o resultado: o Lion&#8217;s Intercity LE convenceu o j\u00fari de especialistas independentes e recebeu muitos pontos na vota\u00e7\u00e3o para um dos cobi\u00e7ados iF Design Awards. &#8220;Este \u00e9 um resultado not\u00e1vel, que devemos ao grande desempenho da nossa equipa de design, mas tamb\u00e9m \u00e0 grande coopera\u00e7\u00e3o entre todas as divis\u00f5es e aos esfor\u00e7os incans\u00e1veis de toda a equipa. Tudo para alcan\u00e7ar sempre o melhor resultado para os nossos clientes, motoristas e passageiros&#8221;, disse Oktay. Os vencedores do pr\u00e9mio foram homenageados em Berlim, em meados de maio.<\/p>\n<p><strong>\u00a0<\/strong><strong>Estilo MAN inequ\u00edvoco: O moderno design &#8220;Smart Edge&#8221; define o estilo<br \/>\n<\/strong>Foi apenas no Outono passado que a MAN lan\u00e7ou o novo Lion&#8217;s Intercity LE. No in\u00edcio de 2022, as duas vers\u00f5es inter-cidades Lion&#8217;s Intercity LE 12 e Lion&#8217;s Intercity LE 13 entraram em produ\u00e7\u00e3o em s\u00e9rie. &#8220;O nosso objetivo com o novo Lion&#8217;s Intercity LE era oferecer um modelo de autocarro atrativo com a m\u00e1xima flexibilidade a um pre\u00e7o razo\u00e1vel, que ainda inspira com o seu design &#8211; e obviamente conseguimos&#8221;, diz Stephan Sch\u00f6nherr, Chefe de Design e HMI da MAN Truck &amp; Bus, acrescentando, &#8220;O desenvolvimento consistente do nosso bem sucedido design MAN &#8220;Smart Edge&#8221; d\u00e1 ao segmento LE sens\u00edvel ao pre\u00e7o um aspeto completamente novo. Mesmo os autocarros podem ter um design de alta qualidade e atrativo. O novo MAN Lion&#8217;s Intercity LE combina o melhor dos dois mundos&#8221;!<\/p>\n<p>Gra\u00e7as ao moderno design &#8220;Smart Edge&#8221;, pode ver claramente que o Lion&#8217;s Intercity LE \u00e9 um ve\u00edculo da atual fam\u00edlia MAN. A implementa\u00e7\u00e3o consistente de linhas claras e din\u00e2micas em todo o ve\u00edculo, que fluem harmoniosamente para um conceito de design hol\u00edstico, torna-o um atrativo no tr\u00e1fego urbano e interurbano. As \u00e1reas dianteiras e traseiras do ve\u00edculo d\u00e3o ao autocarro um dom\u00ednio elegante e din\u00e2mico e asseguram uma apar\u00eancia amig\u00e1vel. A m\u00e1scara frontal \u00e9 delgada e horizontal, dando ao autocarro uma apar\u00eancia particularmente poderosa. Mas n\u00e3o \u00e9 s\u00f3 pela frente que tem bom aspeto, mas tamb\u00e9m pela lateral. Isto deve-se, entre outras coisas, ao fluxo din\u00e2mico das sec\u00e7\u00f5es da frente preta e das cavas das rodas de aspeto poderoso. Al\u00e9m disso, os pilares traseiros largos e robustos e o t\u00edpico spoiler de tejadilho traseiro tamb\u00e9m transmitem uma sensa\u00e7\u00e3o de seguran\u00e7a e efici\u00eancia.<\/p>\n<p>O interior acess\u00edvel a deficientes e sem barreiras, que foi redesenhado e concebido consistentemente para o m\u00e1ximo benef\u00edcio do cliente, \u00e9 tamb\u00e9m convidativo. Para o condutor, existem duas esta\u00e7\u00f5es de trabalho opcionais que s\u00e3o ergon\u00f3micas, funcionais, intuitivas e esteticamente agrad\u00e1veis. &#8220;Cada componente vis\u00edvel foi cuidadosamente concebida por n\u00f3s. O design &#8220;Smart Edge&#8221; no interior, bem como o conceito de cor e acabamentos correspondentes, proporcionam uma impress\u00e3o agrad\u00e1vel e confort\u00e1vel para o passageiro&#8221;, diz Stephan Sch\u00f6nherr. Foi dada especial aten\u00e7\u00e3o a todas as superf\u00edcies, que t\u00eam um design de alta qualidade. Gra\u00e7as ao novo e moderno conceito de ilumina\u00e7\u00e3o com ilumina\u00e7\u00e3o direta e cont\u00ednua, o interior tamb\u00e9m aparece particularmente espa\u00e7oso e brilhante.<\/p>\n<p>O local de trabalho do condutor no novo MAN Lion&#8217;s Intercity LE tamb\u00e9m se enquadra perfeitamente no conceito de design. Dois locais de trabalho do condutor est\u00e3o dispon\u00edveis: a vers\u00e3o cl\u00e1ssica do Lion&#8217;s Intercity e o pr\u00f3prio local de trabalho do condutor da MAN totalmente compat\u00edvel com VDV da nova gera\u00e7\u00e3o Lion&#8217;s City. O foco aqui \u00e9 particularmente na ergonomia, conforto e seguran\u00e7a, raz\u00e3o pela qual a facilidade de utiliza\u00e7\u00e3o tamb\u00e9m foi otimizada atrav\u00e9s da disposi\u00e7\u00e3o de interruptores e instrumentos.<\/p>\n<p><strong>20\u00ba Pr\u00e9mio de Design de Autocarros MAN e NEOPLAN<br \/>\n<\/strong>Os autocarros urbanos das marcas MAN e NEOPLAN s\u00e3o agora conhecidos pelo seu excelente design. Para al\u00e9m do iF Design Award, receberam o Red Dot Design Award, o German Design Award, o Automotive Brand Contest prize e o Busworld Europe Design Label. &#8220;H\u00e1 agora um total de 20 pr\u00e9mios, que demonstram de forma impressionante a quantidade de inova\u00e7\u00e3o e trabalho de design excecional que os nossos autocarros recebem&#8221;, disse Sch\u00f6nherr. Para al\u00e9m do novo MAN Lion&#8217;s Intercity LE, outros autocarros a receberam o iF Design Award, nomeadamente o MAN Lion&#8217;s Intercity (2016), o NEOPLAN Tourliner (2017), o MAN Lion&#8217;s Coach (2018), o MAN Lion&#8217;s City (2019) e o MAN Lion&#8217;s City E (2020), totalmente el\u00e9trico.<\/p>\n<p>O pr\u00e9mio tem sido entregue desde 1953 com base em crit\u00e9rios fixos. Estes incluem a apar\u00eancia externa e a forma do produto, bem como o grau de inova\u00e7\u00e3o, ergonomia, funcionalidade e aspetos ambientais. &#8220;O pr\u00e9mio \u00e9 um dos pr\u00e9mios de design mais importantes do mundo. Como equipa de design, estamos muito orgulhosos por termos recebido o pr\u00e9mio, novamente este ano&#8221;, conclui Sch\u00f6nherr.<\/p>\n","protected":false},"excerpt":{"rendered":"<p>O novo MAN Lion\u2019s Intercity LE&#8230;<\/p>\n","protected":false},"author":15,"featured_media":30360,"comment_status":"closed","ping_status":"closed","sticky":false,"template":"","format":"standard","meta":{"footnotes":""},"categories":[29],"tags":[10],"class_list":["post-30395","post","type-post","status-publish","format-standard","has-post-thumbnail","hentry","category-empresas","tag-man"],"yoast_head":"<!-- This site is optimized with the Yoast SEO plugin v27.4 - https:\/\/yoast.com\/product\/yoast-seo-wordpress\/ -->\n<title>MAN Lion\u2019s Intercity LE conquista pr\u00e9mio iF Design Award - Jornal das Oficinas<\/title>\n<meta name=\"robots\" content=\"index, follow, max-snippet:-1, max-image-preview:large, max-video-preview:-1\" \/>\n<link rel=\"canonical\" href=\"https:\/\/jornaldasoficinas.com\/pt\/man-lions-intercity-le-conquista-premio-if-design-award\/\" \/>\n<meta property=\"og:locale\" content=\"pt_PT\" \/>\n<meta property=\"og:type\" content=\"article\" \/>\n<meta property=\"og:title\" content=\"MAN Lion\u2019s Intercity LE conquista pr\u00e9mio iF Design Award - Jornal das Oficinas\" \/>\n<meta property=\"og:description\" content=\"O novo MAN Lion\u2019s Intercity LE...\" \/>\n<meta property=\"og:url\" content=\"https:\/\/jornaldasoficinas.com\/pt\/man-lions-intercity-le-conquista-premio-if-design-award\/\" \/>\n<meta property=\"og:site_name\" content=\"Jornal das Oficinas\" \/>\n<meta property=\"article:publisher\" content=\"https:\/\/www.facebook.com\/jornaloficinas\" \/>\n<meta property=\"article:published_time\" content=\"2022-06-07T17:00:53+00:00\" \/>\n<meta property=\"article:modified_time\" content=\"2023-07-20T15:11:55+00:00\" \/>\n<meta property=\"og:image\" content=\"https:\/\/jornaldasoficinas.com\/pt\/wp-content\/uploads\/2022\/06\/MAN-Lions-Intercity-LE.jpg\" \/>\n\t<meta property=\"og:image:width\" content=\"1024\" \/>\n\t<meta property=\"og:image:height\" content=\"581\" \/>\n\t<meta property=\"og:image:type\" content=\"image\/jpeg\" \/>\n<meta name=\"author\" content=\"Reda\u00e7\u00e3o JO\" \/>\n<meta name=\"twitter:card\" content=\"summary_large_image\" \/>\n<meta name=\"twitter:creator\" content=\"@jornaloficinas\" \/>\n<meta name=\"twitter:site\" content=\"@jornaloficinas\" \/>\n<meta name=\"twitter:label1\" content=\"Escrito por\" \/>\n\t<meta name=\"twitter:data1\" content=\"Reda\u00e7\u00e3o JO\" \/>\n\t<meta name=\"twitter:label2\" content=\"Tempo estimado de leitura\" \/>\n\t<meta name=\"twitter:data2\" content=\"5 minutos\" \/>\n<script type=\"application\/ld+json\" class=\"yoast-schema-graph\">{\"@context\":\"https:\\\/\\\/schema.org\",\"@graph\":[{\"@type\":\"Article\",\"@id\":\"https:\\\/\\\/jornaldasoficinas.com\\\/pt\\\/man-lions-intercity-le-conquista-premio-if-design-award\\\/#article\",\"isPartOf\":{\"@id\":\"https:\\\/\\\/jornaldasoficinas.com\\\/pt\\\/man-lions-intercity-le-conquista-premio-if-design-award\\\/\"},\"author\":{\"name\":\"Reda\u00e7\u00e3o JO\",\"@id\":\"https:\\\/\\\/jornaldasoficinas.com\\\/pt\\\/#\\\/schema\\\/person\\\/a38eef5de2c41d9e7c9ac10141afddf3\"},\"headline\":\"MAN Lion\u2019s Intercity LE conquista pr\u00e9mio iF Design Award\",\"datePublished\":\"2022-06-07T17:00:53+00:00\",\"dateModified\":\"2023-07-20T15:11:55+00:00\",\"mainEntityOfPage\":{\"@id\":\"https:\\\/\\\/jornaldasoficinas.com\\\/pt\\\/man-lions-intercity-le-conquista-premio-if-design-award\\\/\"},\"wordCount\":1033,\"publisher\":{\"@id\":\"https:\\\/\\\/jornaldasoficinas.com\\\/pt\\\/#organization\"},\"image\":{\"@id\":\"https:\\\/\\\/jornaldasoficinas.com\\\/pt\\\/man-lions-intercity-le-conquista-premio-if-design-award\\\/#primaryimage\"},\"thumbnailUrl\":\"https:\\\/\\\/jornaldasoficinas.com\\\/pt\\\/wp-content\\\/uploads\\\/2022\\\/06\\\/MAN-Lions-Intercity-LE.jpg\",\"keywords\":[\"Man\"],\"articleSection\":[\"Empresas\"],\"inLanguage\":\"pt-PT\"},{\"@type\":\"WebPage\",\"@id\":\"https:\\\/\\\/jornaldasoficinas.com\\\/pt\\\/man-lions-intercity-le-conquista-premio-if-design-award\\\/\",\"url\":\"https:\\\/\\\/jornaldasoficinas.com\\\/pt\\\/man-lions-intercity-le-conquista-premio-if-design-award\\\/\",\"name\":\"MAN Lion\u2019s Intercity LE conquista pr\u00e9mio iF Design Award - Jornal das Oficinas\",\"isPartOf\":{\"@id\":\"https:\\\/\\\/jornaldasoficinas.com\\\/pt\\\/#website\"},\"primaryImageOfPage\":{\"@id\":\"https:\\\/\\\/jornaldasoficinas.com\\\/pt\\\/man-lions-intercity-le-conquista-premio-if-design-award\\\/#primaryimage\"},\"image\":{\"@id\":\"https:\\\/\\\/jornaldasoficinas.com\\\/pt\\\/man-lions-intercity-le-conquista-premio-if-design-award\\\/#primaryimage\"},\"thumbnailUrl\":\"https:\\\/\\\/jornaldasoficinas.com\\\/pt\\\/wp-content\\\/uploads\\\/2022\\\/06\\\/MAN-Lions-Intercity-LE.jpg\",\"datePublished\":\"2022-06-07T17:00:53+00:00\",\"dateModified\":\"2023-07-20T15:11:55+00:00\",\"breadcrumb\":{\"@id\":\"https:\\\/\\\/jornaldasoficinas.com\\\/pt\\\/man-lions-intercity-le-conquista-premio-if-design-award\\\/#breadcrumb\"},\"inLanguage\":\"pt-PT\",\"potentialAction\":[{\"@type\":\"ReadAction\",\"target\":[\"https:\\\/\\\/jornaldasoficinas.com\\\/pt\\\/man-lions-intercity-le-conquista-premio-if-design-award\\\/\"]}]},{\"@type\":\"ImageObject\",\"inLanguage\":\"pt-PT\",\"@id\":\"https:\\\/\\\/jornaldasoficinas.com\\\/pt\\\/man-lions-intercity-le-conquista-premio-if-design-award\\\/#primaryimage\",\"url\":\"https:\\\/\\\/jornaldasoficinas.com\\\/pt\\\/wp-content\\\/uploads\\\/2022\\\/06\\\/MAN-Lions-Intercity-LE.jpg\",\"contentUrl\":\"https:\\\/\\\/jornaldasoficinas.com\\\/pt\\\/wp-content\\\/uploads\\\/2022\\\/06\\\/MAN-Lions-Intercity-LE.jpg\",\"width\":1024,\"height\":581,\"caption\":\"06 - MAN Lions Intercity LE\"},{\"@type\":\"BreadcrumbList\",\"@id\":\"https:\\\/\\\/jornaldasoficinas.com\\\/pt\\\/man-lions-intercity-le-conquista-premio-if-design-award\\\/#breadcrumb\",\"itemListElement\":[{\"@type\":\"ListItem\",\"position\":1,\"name\":\"In\u00edcio\",\"item\":\"https:\\\/\\\/jornaldasoficinas.com\\\/pt\\\/\"},{\"@type\":\"ListItem\",\"position\":2,\"name\":\"MAN Lion\u2019s Intercity LE conquista pr\u00e9mio iF Design Award\"}]},{\"@type\":\"WebSite\",\"@id\":\"https:\\\/\\\/jornaldasoficinas.com\\\/pt\\\/#website\",\"url\":\"https:\\\/\\\/jornaldasoficinas.com\\\/pt\\\/\",\"name\":\"Jornal das Oficinas\",\"description\":\"Jornal independente do Aftermarket Autom\u00f3vel em Portugal\",\"publisher\":{\"@id\":\"https:\\\/\\\/jornaldasoficinas.com\\\/pt\\\/#organization\"},\"potentialAction\":[{\"@type\":\"SearchAction\",\"target\":{\"@type\":\"EntryPoint\",\"urlTemplate\":\"https:\\\/\\\/jornaldasoficinas.com\\\/pt\\\/?s={search_term_string}\"},\"query-input\":{\"@type\":\"PropertyValueSpecification\",\"valueRequired\":true,\"valueName\":\"search_term_string\"}}],\"inLanguage\":\"pt-PT\"},{\"@type\":\"Organization\",\"@id\":\"https:\\\/\\\/jornaldasoficinas.com\\\/pt\\\/#organization\",\"name\":\"Jornal das Oficinas\",\"url\":\"https:\\\/\\\/jornaldasoficinas.com\\\/pt\\\/\",\"logo\":{\"@type\":\"ImageObject\",\"inLanguage\":\"pt-PT\",\"@id\":\"https:\\\/\\\/jornaldasoficinas.com\\\/pt\\\/#\\\/schema\\\/logo\\\/image\\\/\",\"url\":\"https:\\\/\\\/jornaldasoficinas.com\\\/pt\\\/wp-content\\\/uploads\\\/logoJO-SEO.png\",\"contentUrl\":\"https:\\\/\\\/jornaldasoficinas.com\\\/pt\\\/wp-content\\\/uploads\\\/logoJO-SEO.png\",\"width\":285,\"height\":450,\"caption\":\"Jornal das Oficinas\"},\"image\":{\"@id\":\"https:\\\/\\\/jornaldasoficinas.com\\\/pt\\\/#\\\/schema\\\/logo\\\/image\\\/\"},\"sameAs\":[\"https:\\\/\\\/www.facebook.com\\\/jornaloficinas\",\"https:\\\/\\\/x.com\\\/jornaloficinas\",\"https:\\\/\\\/www.instagram.com\\\/jornal_oficinas\\\/\",\"https:\\\/\\\/www.linkedin.com\\\/company\\\/jornal-das-oficinas\\\/\",\"https:\\\/\\\/www.youtube.com\\\/channel\\\/UCbQZBqtcvV-oSQrr7RzINGg\"]},{\"@type\":\"Person\",\"@id\":\"https:\\\/\\\/jornaldasoficinas.com\\\/pt\\\/#\\\/schema\\\/person\\\/a38eef5de2c41d9e7c9ac10141afddf3\",\"name\":\"Reda\u00e7\u00e3o JO\",\"image\":{\"@type\":\"ImageObject\",\"inLanguage\":\"pt-PT\",\"@id\":\"https:\\\/\\\/secure.gravatar.com\\\/avatar\\\/71f2fa71737ad68a84fea94bc708ddac8ea5b0c4788dc2ad202f3ccb2887742f?s=96&d=wp_user_avatar&r=g\",\"url\":\"https:\\\/\\\/secure.gravatar.com\\\/avatar\\\/71f2fa71737ad68a84fea94bc708ddac8ea5b0c4788dc2ad202f3ccb2887742f?s=96&d=wp_user_avatar&r=g\",\"contentUrl\":\"https:\\\/\\\/secure.gravatar.com\\\/avatar\\\/71f2fa71737ad68a84fea94bc708ddac8ea5b0c4788dc2ad202f3ccb2887742f?s=96&d=wp_user_avatar&r=g\",\"caption\":\"Reda\u00e7\u00e3o JO\"},\"url\":\"https:\\\/\\\/jornaldasoficinas.com\\\/pt\\\/author\\\/joredacao\\\/\"}]}<\/script>\n<!-- \/ Yoast SEO plugin. -->","yoast_head_json":{"title":"MAN Lion\u2019s Intercity LE conquista pr\u00e9mio iF Design Award - Jornal das Oficinas","robots":{"index":"index","follow":"follow","max-snippet":"max-snippet:-1","max-image-preview":"max-image-preview:large","max-video-preview":"max-video-preview:-1"},"canonical":"https:\/\/jornaldasoficinas.com\/pt\/man-lions-intercity-le-conquista-premio-if-design-award\/","og_locale":"pt_PT","og_type":"article","og_title":"MAN Lion\u2019s Intercity LE conquista pr\u00e9mio iF Design Award - Jornal das Oficinas","og_description":"O novo MAN Lion\u2019s Intercity LE...","og_url":"https:\/\/jornaldasoficinas.com\/pt\/man-lions-intercity-le-conquista-premio-if-design-award\/","og_site_name":"Jornal das Oficinas","article_publisher":"https:\/\/www.facebook.com\/jornaloficinas","article_published_time":"2022-06-07T17:00:53+00:00","article_modified_time":"2023-07-20T15:11:55+00:00","og_image":[{"width":1024,"height":581,"url":"https:\/\/jornaldasoficinas.com\/pt\/wp-content\/uploads\/2022\/06\/MAN-Lions-Intercity-LE.jpg","type":"image\/jpeg"}],"author":"Reda\u00e7\u00e3o JO","twitter_card":"summary_large_image","twitter_creator":"@jornaloficinas","twitter_site":"@jornaloficinas","twitter_misc":{"Escrito por":"Reda\u00e7\u00e3o JO","Tempo estimado de leitura":"5 minutos"},"schema":{"@context":"https:\/\/schema.org","@graph":[{"@type":"Article","@id":"https:\/\/jornaldasoficinas.com\/pt\/man-lions-intercity-le-conquista-premio-if-design-award\/#article","isPartOf":{"@id":"https:\/\/jornaldasoficinas.com\/pt\/man-lions-intercity-le-conquista-premio-if-design-award\/"},"author":{"name":"Reda\u00e7\u00e3o JO","@id":"https:\/\/jornaldasoficinas.com\/pt\/#\/schema\/person\/a38eef5de2c41d9e7c9ac10141afddf3"},"headline":"MAN Lion\u2019s Intercity LE conquista pr\u00e9mio iF Design Award","datePublished":"2022-06-07T17:00:53+00:00","dateModified":"2023-07-20T15:11:55+00:00","mainEntityOfPage":{"@id":"https:\/\/jornaldasoficinas.com\/pt\/man-lions-intercity-le-conquista-premio-if-design-award\/"},"wordCount":1033,"publisher":{"@id":"https:\/\/jornaldasoficinas.com\/pt\/#organization"},"image":{"@id":"https:\/\/jornaldasoficinas.com\/pt\/man-lions-intercity-le-conquista-premio-if-design-award\/#primaryimage"},"thumbnailUrl":"https:\/\/jornaldasoficinas.com\/pt\/wp-content\/uploads\/2022\/06\/MAN-Lions-Intercity-LE.jpg","keywords":["Man"],"articleSection":["Empresas"],"inLanguage":"pt-PT"},{"@type":"WebPage","@id":"https:\/\/jornaldasoficinas.com\/pt\/man-lions-intercity-le-conquista-premio-if-design-award\/","url":"https:\/\/jornaldasoficinas.com\/pt\/man-lions-intercity-le-conquista-premio-if-design-award\/","name":"MAN Lion\u2019s Intercity LE conquista pr\u00e9mio iF Design Award - Jornal das Oficinas","isPartOf":{"@id":"https:\/\/jornaldasoficinas.com\/pt\/#website"},"primaryImageOfPage":{"@id":"https:\/\/jornaldasoficinas.com\/pt\/man-lions-intercity-le-conquista-premio-if-design-award\/#primaryimage"},"image":{"@id":"https:\/\/jornaldasoficinas.com\/pt\/man-lions-intercity-le-conquista-premio-if-design-award\/#primaryimage"},"thumbnailUrl":"https:\/\/jornaldasoficinas.com\/pt\/wp-content\/uploads\/2022\/06\/MAN-Lions-Intercity-LE.jpg","datePublished":"2022-06-07T17:00:53+00:00","dateModified":"2023-07-20T15:11:55+00:00","breadcrumb":{"@id":"https:\/\/jornaldasoficinas.com\/pt\/man-lions-intercity-le-conquista-premio-if-design-award\/#breadcrumb"},"inLanguage":"pt-PT","potentialAction":[{"@type":"ReadAction","target":["https:\/\/jornaldasoficinas.com\/pt\/man-lions-intercity-le-conquista-premio-if-design-award\/"]}]},{"@type":"ImageObject","inLanguage":"pt-PT","@id":"https:\/\/jornaldasoficinas.com\/pt\/man-lions-intercity-le-conquista-premio-if-design-award\/#primaryimage","url":"https:\/\/jornaldasoficinas.com\/pt\/wp-content\/uploads\/2022\/06\/MAN-Lions-Intercity-LE.jpg","contentUrl":"https:\/\/jornaldasoficinas.com\/pt\/wp-content\/uploads\/2022\/06\/MAN-Lions-Intercity-LE.jpg","width":1024,"height":581,"caption":"06 - MAN Lions Intercity LE"},{"@type":"BreadcrumbList","@id":"https:\/\/jornaldasoficinas.com\/pt\/man-lions-intercity-le-conquista-premio-if-design-award\/#breadcrumb","itemListElement":[{"@type":"ListItem","position":1,"name":"In\u00edcio","item":"https:\/\/jornaldasoficinas.com\/pt\/"},{"@type":"ListItem","position":2,"name":"MAN Lion\u2019s Intercity LE conquista pr\u00e9mio iF Design Award"}]},{"@type":"WebSite","@id":"https:\/\/jornaldasoficinas.com\/pt\/#website","url":"https:\/\/jornaldasoficinas.com\/pt\/","name":"Jornal das Oficinas","description":"Jornal independente do Aftermarket Autom\u00f3vel em Portugal","publisher":{"@id":"https:\/\/jornaldasoficinas.com\/pt\/#organization"},"potentialAction":[{"@type":"SearchAction","target":{"@type":"EntryPoint","urlTemplate":"https:\/\/jornaldasoficinas.com\/pt\/?s={search_term_string}"},"query-input":{"@type":"PropertyValueSpecification","valueRequired":true,"valueName":"search_term_string"}}],"inLanguage":"pt-PT"},{"@type":"Organization","@id":"https:\/\/jornaldasoficinas.com\/pt\/#organization","name":"Jornal das Oficinas","url":"https:\/\/jornaldasoficinas.com\/pt\/","logo":{"@type":"ImageObject","inLanguage":"pt-PT","@id":"https:\/\/jornaldasoficinas.com\/pt\/#\/schema\/logo\/image\/","url":"https:\/\/jornaldasoficinas.com\/pt\/wp-content\/uploads\/logoJO-SEO.png","contentUrl":"https:\/\/jornaldasoficinas.com\/pt\/wp-content\/uploads\/logoJO-SEO.png","width":285,"height":450,"caption":"Jornal das Oficinas"},"image":{"@id":"https:\/\/jornaldasoficinas.com\/pt\/#\/schema\/logo\/image\/"},"sameAs":["https:\/\/www.facebook.com\/jornaloficinas","https:\/\/x.com\/jornaloficinas","https:\/\/www.instagram.com\/jornal_oficinas\/","https:\/\/www.linkedin.com\/company\/jornal-das-oficinas\/","https:\/\/www.youtube.com\/channel\/UCbQZBqtcvV-oSQrr7RzINGg"]},{"@type":"Person","@id":"https:\/\/jornaldasoficinas.com\/pt\/#\/schema\/person\/a38eef5de2c41d9e7c9ac10141afddf3","name":"Reda\u00e7\u00e3o JO","image":{"@type":"ImageObject","inLanguage":"pt-PT","@id":"https:\/\/secure.gravatar.com\/avatar\/71f2fa71737ad68a84fea94bc708ddac8ea5b0c4788dc2ad202f3ccb2887742f?s=96&d=wp_user_avatar&r=g","url":"https:\/\/secure.gravatar.com\/avatar\/71f2fa71737ad68a84fea94bc708ddac8ea5b0c4788dc2ad202f3ccb2887742f?s=96&d=wp_user_avatar&r=g","contentUrl":"https:\/\/secure.gravatar.com\/avatar\/71f2fa71737ad68a84fea94bc708ddac8ea5b0c4788dc2ad202f3ccb2887742f?s=96&d=wp_user_avatar&r=g","caption":"Reda\u00e7\u00e3o JO"},"url":"https:\/\/jornaldasoficinas.com\/pt\/author\/joredacao\/"}]}},"_links":{"self":[{"href":"https:\/\/jornaldasoficinas.com\/pt\/wp-json\/wp\/v2\/posts\/30395","targetHints":{"allow":["GET"]}}],"collection":[{"href":"https:\/\/jornaldasoficinas.com\/pt\/wp-json\/wp\/v2\/posts"}],"about":[{"href":"https:\/\/jornaldasoficinas.com\/pt\/wp-json\/wp\/v2\/types\/post"}],"author":[{"embeddable":true,"href":"https:\/\/jornaldasoficinas.com\/pt\/wp-json\/wp\/v2\/users\/15"}],"replies":[{"embeddable":true,"href":"https:\/\/jornaldasoficinas.com\/pt\/wp-json\/wp\/v2\/comments?post=30395"}],"version-history":[{"count":0,"href":"https:\/\/jornaldasoficinas.com\/pt\/wp-json\/wp\/v2\/posts\/30395\/revisions"}],"wp:featuredmedia":[{"embeddable":true,"href":"https:\/\/jornaldasoficinas.com\/pt\/wp-json\/wp\/v2\/media\/30360"}],"wp:attachment":[{"href":"https:\/\/jornaldasoficinas.com\/pt\/wp-json\/wp\/v2\/media?parent=30395"}],"wp:term":[{"taxonomy":"category","embeddable":true,"href":"https:\/\/jornaldasoficinas.com\/pt\/wp-json\/wp\/v2\/categories?post=30395"},{"taxonomy":"post_tag","embeddable":true,"href":"https:\/\/jornaldasoficinas.com\/pt\/wp-json\/wp\/v2\/tags?post=30395"}],"curies":[{"name":"wp","href":"https:\/\/api.w.org\/{rel}","templated":true}]}}