{"id":30412,"date":"2022-06-07T19:00:42","date_gmt":"2022-06-07T18:00:42","guid":{"rendered":"https:\/\/jornaldasoficinas.com\/pt\/?p=30412"},"modified":"2022-06-07T11:09:58","modified_gmt":"2022-06-07T10:09:58","slug":"b-parts-alarga-periodo-de-garantia-para-12-meses","status":"publish","type":"post","link":"https:\/\/jornaldasoficinas.com\/pt\/b-parts-alarga-periodo-de-garantia-para-12-meses\/","title":{"rendered":"B-Parts alarga per\u00edodo de garantia para 12 meses"},"content":{"rendered":"<p><strong><img loading=\"lazy\" decoding=\"async\" class=\"alignnone size-full wp-image-30352\" src=\"https:\/\/jornaldasoficinas.com\/pt\/wp-content\/uploads\/2022\/06\/B-Parts-alarga-peri\u0301odo-de-garantia-para-12-meses.jpg\" alt=\"06 - B Parts alarga peri\u0301odo de garantia para 12 meses\" width=\"1024\" height=\"581\" srcset=\"https:\/\/jornaldasoficinas.com\/pt\/wp-content\/uploads\/2022\/06\/B-Parts-alarga-peri\u0301odo-de-garantia-para-12-meses.jpg 1024w, https:\/\/jornaldasoficinas.com\/pt\/wp-content\/uploads\/2022\/06\/B-Parts-alarga-peri\u0301odo-de-garantia-para-12-meses-300x170.jpg 300w, https:\/\/jornaldasoficinas.com\/pt\/wp-content\/uploads\/2022\/06\/B-Parts-alarga-peri\u0301odo-de-garantia-para-12-meses-150x85.jpg 150w, https:\/\/jornaldasoficinas.com\/pt\/wp-content\/uploads\/2022\/06\/B-Parts-alarga-peri\u0301odo-de-garantia-para-12-meses-768x436.jpg 768w\" sizes=\"auto, (max-width: 1024px) 100vw, 1024px\" \/><\/strong><\/p>\n<p><strong>Com o objetivo de proporcionar as melhores condi\u00e7\u00f5es de compra aos seus clientes, a <a href=\"https:\/\/www.b-parts.com\/pt\" target=\"_blank\" rel=\"noopener\">B-Parts<\/a> expandiu o per\u00edodo de garantia de todas as suas pe\u00e7as para 12 meses<\/strong><\/p>\n<p>At\u00e9 ao momento, todas as pe\u00e7as j\u00e1 tinham uma cobertura de garantia, mas variava entre 3, 6 ou 12 meses, de acordo com a linha de produtos. Esta melhoria visa refor\u00e7ar a confian\u00e7a que os atuais clientes t\u00eam na B-Parts e nos seus produtos e alcan\u00e7ar novos consumidores com uma jornada de cliente mais confi\u00e1vel e transparente<\/p>\n<p>O per\u00edodo de garantia alargada refor\u00e7a a posi\u00e7\u00e3o da B-Parts enquanto fornecedor l\u00edder europeu de pe\u00e7as usadas para autom\u00f3veis, para clientes individuais e profissionais. Para al\u00e9m de oferecer melhores condi\u00e7\u00f5es de compra aos seus clientes, esta vantagem fortalece tamb\u00e9m a confian\u00e7a na qualidade das pe\u00e7as e nos fornecedores selecionados pela B-Parts.<\/p>\n<p>O novo servi\u00e7o est\u00e1, portanto, em linha com o plano de crescimento da empresa para 2022 e sustenta a posi\u00e7\u00e3o de lideran\u00e7a da B-Parts enquanto canal de vendas mais relevante para a compra de pe\u00e7as originais usadas.<\/p>\n<p>O plano de crescimento da B-Parts inclui ainda o refor\u00e7o do seu invent\u00e1rio na Europa, para uma quantidade de stock dispon\u00edvel superior a 5 milh\u00f5es de refer\u00eancias, e atrav\u00e9s da expans\u00e3o e diversifica\u00e7\u00e3o da cobertura geogr\u00e1fica da sua base de fornecedores.<\/p>\n<p>O cont\u00ednuo investimento da B-Parts em aumentar o seu stock permitir\u00e1 proporcionar n\u00e3o s\u00f3 uma maior quantidade e qualidade de pe\u00e7as, mas tamb\u00e9m um melhor prazo de entrega aos seus clientes. Isto permitir\u00e1 \u00e0 B-Parts satisfazer a necessidade de fornecimento imediato dos seus clientes.<\/p>\n<p>Paralelamente, ao reduzir a dist\u00e2ncia entre a origem das pe\u00e7as e os consumidores, a B-Parts tamb\u00e9m diminui a sua pegada de carbono, um objetivo fulcral para cumprir a miss\u00e3o sustent\u00e1vel da empresa. &#8220;Sabemos que a garantia \u00e9 importante para os nossos clientes, e estamos cientes de que esta \u00e9 tamb\u00e9m uma preocupa\u00e7\u00e3o de muitos potenciais clientes, que ainda est\u00e3o c\u00e9ticos em rela\u00e7\u00e3o \u00e0s pe\u00e7as usadas.<\/p>\n<p>Nesse sentido, acreditamos que a extens\u00e3o do per\u00edodo de garantia para 12 meses ir\u00e1 refor\u00e7ar a confian\u00e7a na compra na B-Parts, qualquer que seja o seu perfil: indiv\u00edduos ou profissionais. Este novo servi\u00e7o representa tamb\u00e9m um valor acrescentado \u00fanico no mercado das pe\u00e7as usadas, o que nos permite profissionalizar o com\u00e9rcio europeu de produtos reutilizados.<\/p>\n<p>Simultaneamente, esta vantagem permitir\u00e1 ainda colmatar a lacuna de garantia com pe\u00e7as originais novas\u201d, explicaram Manuel Ara\u00fajo Monteiro e Lu\u00eds Sousa Vieira, Diretores-Gerais da B-Parts. Com vendas em mais de 155 pa\u00edses, a B-Parts usufrui de uma atividade em expans\u00e3o e mant\u00e9m a sua previs\u00e3o de crescimento de 100% este ano, um resultado em linha com os anos anteriores.<\/p>\n<p><strong>\u00a0<\/strong><\/p>\n","protected":false},"excerpt":{"rendered":"<p>Com o objetivo de proporcionar as&#8230;<\/p>\n","protected":false},"author":15,"featured_media":30352,"comment_status":"closed","ping_status":"closed","sticky":false,"template":"","format":"standard","meta":{"footnotes":""},"categories":[29],"tags":[2750],"class_list":["post-30412","post","type-post","status-publish","format-standard","has-post-thumbnail","hentry","category-empresas","tag-b-parts"],"yoast_head":"<!-- This site is optimized with the Yoast SEO plugin v27.4 - https:\/\/yoast.com\/product\/yoast-seo-wordpress\/ -->\n<title>B-Parts alarga per\u00edodo de garantia para 12 meses - Jornal das Oficinas<\/title>\n<meta name=\"robots\" content=\"index, follow, max-snippet:-1, max-image-preview:large, max-video-preview:-1\" \/>\n<link rel=\"canonical\" href=\"https:\/\/jornaldasoficinas.com\/pt\/b-parts-alarga-periodo-de-garantia-para-12-meses\/\" \/>\n<meta property=\"og:locale\" content=\"pt_PT\" \/>\n<meta property=\"og:type\" content=\"article\" \/>\n<meta property=\"og:title\" content=\"B-Parts alarga per\u00edodo de garantia para 12 meses - Jornal das Oficinas\" \/>\n<meta property=\"og:description\" content=\"Com o objetivo de proporcionar as...\" \/>\n<meta property=\"og:url\" content=\"https:\/\/jornaldasoficinas.com\/pt\/b-parts-alarga-periodo-de-garantia-para-12-meses\/\" \/>\n<meta property=\"og:site_name\" content=\"Jornal das Oficinas\" \/>\n<meta property=\"article:publisher\" content=\"https:\/\/www.facebook.com\/jornaloficinas\" \/>\n<meta property=\"article:published_time\" content=\"2022-06-07T18:00:42+00:00\" \/>\n<meta property=\"og:image\" content=\"https:\/\/jornaldasoficinas.com\/pt\/wp-content\/uploads\/2022\/06\/B-Parts-alarga-peri\u0301odo-de-garantia-para-12-meses.jpg\" \/>\n\t<meta property=\"og:image:width\" content=\"1024\" \/>\n\t<meta property=\"og:image:height\" content=\"581\" \/>\n\t<meta property=\"og:image:type\" content=\"image\/jpeg\" \/>\n<meta name=\"author\" content=\"Reda\u00e7\u00e3o JO\" \/>\n<meta name=\"twitter:card\" content=\"summary_large_image\" \/>\n<meta name=\"twitter:creator\" content=\"@jornaloficinas\" \/>\n<meta name=\"twitter:site\" content=\"@jornaloficinas\" \/>\n<meta name=\"twitter:label1\" content=\"Escrito por\" \/>\n\t<meta name=\"twitter:data1\" content=\"Reda\u00e7\u00e3o JO\" \/>\n\t<meta name=\"twitter:label2\" content=\"Tempo estimado de leitura\" \/>\n\t<meta name=\"twitter:data2\" content=\"2 minutos\" \/>\n<script type=\"application\/ld+json\" class=\"yoast-schema-graph\">{\"@context\":\"https:\\\/\\\/schema.org\",\"@graph\":[{\"@type\":\"Article\",\"@id\":\"https:\\\/\\\/jornaldasoficinas.com\\\/pt\\\/b-parts-alarga-periodo-de-garantia-para-12-meses\\\/#article\",\"isPartOf\":{\"@id\":\"https:\\\/\\\/jornaldasoficinas.com\\\/pt\\\/b-parts-alarga-periodo-de-garantia-para-12-meses\\\/\"},\"author\":{\"name\":\"Reda\u00e7\u00e3o JO\",\"@id\":\"https:\\\/\\\/jornaldasoficinas.com\\\/pt\\\/#\\\/schema\\\/person\\\/a38eef5de2c41d9e7c9ac10141afddf3\"},\"headline\":\"B-Parts alarga per\u00edodo de garantia para 12 meses\",\"datePublished\":\"2022-06-07T18:00:42+00:00\",\"mainEntityOfPage\":{\"@id\":\"https:\\\/\\\/jornaldasoficinas.com\\\/pt\\\/b-parts-alarga-periodo-de-garantia-para-12-meses\\\/\"},\"wordCount\":497,\"publisher\":{\"@id\":\"https:\\\/\\\/jornaldasoficinas.com\\\/pt\\\/#organization\"},\"image\":{\"@id\":\"https:\\\/\\\/jornaldasoficinas.com\\\/pt\\\/b-parts-alarga-periodo-de-garantia-para-12-meses\\\/#primaryimage\"},\"thumbnailUrl\":\"https:\\\/\\\/jornaldasoficinas.com\\\/pt\\\/wp-content\\\/uploads\\\/2022\\\/06\\\/B-Parts-alarga-peri\u0301odo-de-garantia-para-12-meses.jpg\",\"keywords\":[\"B-Parts\"],\"articleSection\":[\"Empresas\"],\"inLanguage\":\"pt-PT\"},{\"@type\":\"WebPage\",\"@id\":\"https:\\\/\\\/jornaldasoficinas.com\\\/pt\\\/b-parts-alarga-periodo-de-garantia-para-12-meses\\\/\",\"url\":\"https:\\\/\\\/jornaldasoficinas.com\\\/pt\\\/b-parts-alarga-periodo-de-garantia-para-12-meses\\\/\",\"name\":\"B-Parts alarga per\u00edodo de garantia para 12 meses - Jornal das Oficinas\",\"isPartOf\":{\"@id\":\"https:\\\/\\\/jornaldasoficinas.com\\\/pt\\\/#website\"},\"primaryImageOfPage\":{\"@id\":\"https:\\\/\\\/jornaldasoficinas.com\\\/pt\\\/b-parts-alarga-periodo-de-garantia-para-12-meses\\\/#primaryimage\"},\"image\":{\"@id\":\"https:\\\/\\\/jornaldasoficinas.com\\\/pt\\\/b-parts-alarga-periodo-de-garantia-para-12-meses\\\/#primaryimage\"},\"thumbnailUrl\":\"https:\\\/\\\/jornaldasoficinas.com\\\/pt\\\/wp-content\\\/uploads\\\/2022\\\/06\\\/B-Parts-alarga-peri\u0301odo-de-garantia-para-12-meses.jpg\",\"datePublished\":\"2022-06-07T18:00:42+00:00\",\"breadcrumb\":{\"@id\":\"https:\\\/\\\/jornaldasoficinas.com\\\/pt\\\/b-parts-alarga-periodo-de-garantia-para-12-meses\\\/#breadcrumb\"},\"inLanguage\":\"pt-PT\",\"potentialAction\":[{\"@type\":\"ReadAction\",\"target\":[\"https:\\\/\\\/jornaldasoficinas.com\\\/pt\\\/b-parts-alarga-periodo-de-garantia-para-12-meses\\\/\"]}]},{\"@type\":\"ImageObject\",\"inLanguage\":\"pt-PT\",\"@id\":\"https:\\\/\\\/jornaldasoficinas.com\\\/pt\\\/b-parts-alarga-periodo-de-garantia-para-12-meses\\\/#primaryimage\",\"url\":\"https:\\\/\\\/jornaldasoficinas.com\\\/pt\\\/wp-content\\\/uploads\\\/2022\\\/06\\\/B-Parts-alarga-peri\u0301odo-de-garantia-para-12-meses.jpg\",\"contentUrl\":\"https:\\\/\\\/jornaldasoficinas.com\\\/pt\\\/wp-content\\\/uploads\\\/2022\\\/06\\\/B-Parts-alarga-peri\u0301odo-de-garantia-para-12-meses.jpg\",\"width\":1024,\"height\":581,\"caption\":\"06 - B Parts alarga peri\u0301odo de garantia para 12 meses\"},{\"@type\":\"BreadcrumbList\",\"@id\":\"https:\\\/\\\/jornaldasoficinas.com\\\/pt\\\/b-parts-alarga-periodo-de-garantia-para-12-meses\\\/#breadcrumb\",\"itemListElement\":[{\"@type\":\"ListItem\",\"position\":1,\"name\":\"In\u00edcio\",\"item\":\"https:\\\/\\\/jornaldasoficinas.com\\\/pt\\\/\"},{\"@type\":\"ListItem\",\"position\":2,\"name\":\"B-Parts alarga per\u00edodo de garantia para 12 meses\"}]},{\"@type\":\"WebSite\",\"@id\":\"https:\\\/\\\/jornaldasoficinas.com\\\/pt\\\/#website\",\"url\":\"https:\\\/\\\/jornaldasoficinas.com\\\/pt\\\/\",\"name\":\"Jornal das Oficinas\",\"description\":\"Jornal independente do Aftermarket Autom\u00f3vel em Portugal\",\"publisher\":{\"@id\":\"https:\\\/\\\/jornaldasoficinas.com\\\/pt\\\/#organization\"},\"potentialAction\":[{\"@type\":\"SearchAction\",\"target\":{\"@type\":\"EntryPoint\",\"urlTemplate\":\"https:\\\/\\\/jornaldasoficinas.com\\\/pt\\\/?s={search_term_string}\"},\"query-input\":{\"@type\":\"PropertyValueSpecification\",\"valueRequired\":true,\"valueName\":\"search_term_string\"}}],\"inLanguage\":\"pt-PT\"},{\"@type\":\"Organization\",\"@id\":\"https:\\\/\\\/jornaldasoficinas.com\\\/pt\\\/#organization\",\"name\":\"Jornal das Oficinas\",\"url\":\"https:\\\/\\\/jornaldasoficinas.com\\\/pt\\\/\",\"logo\":{\"@type\":\"ImageObject\",\"inLanguage\":\"pt-PT\",\"@id\":\"https:\\\/\\\/jornaldasoficinas.com\\\/pt\\\/#\\\/schema\\\/logo\\\/image\\\/\",\"url\":\"https:\\\/\\\/jornaldasoficinas.com\\\/pt\\\/wp-content\\\/uploads\\\/logoJO-SEO.png\",\"contentUrl\":\"https:\\\/\\\/jornaldasoficinas.com\\\/pt\\\/wp-content\\\/uploads\\\/logoJO-SEO.png\",\"width\":285,\"height\":450,\"caption\":\"Jornal das Oficinas\"},\"image\":{\"@id\":\"https:\\\/\\\/jornaldasoficinas.com\\\/pt\\\/#\\\/schema\\\/logo\\\/image\\\/\"},\"sameAs\":[\"https:\\\/\\\/www.facebook.com\\\/jornaloficinas\",\"https:\\\/\\\/x.com\\\/jornaloficinas\",\"https:\\\/\\\/www.instagram.com\\\/jornal_oficinas\\\/\",\"https:\\\/\\\/www.linkedin.com\\\/company\\\/jornal-das-oficinas\\\/\",\"https:\\\/\\\/www.youtube.com\\\/channel\\\/UCbQZBqtcvV-oSQrr7RzINGg\"]},{\"@type\":\"Person\",\"@id\":\"https:\\\/\\\/jornaldasoficinas.com\\\/pt\\\/#\\\/schema\\\/person\\\/a38eef5de2c41d9e7c9ac10141afddf3\",\"name\":\"Reda\u00e7\u00e3o JO\",\"image\":{\"@type\":\"ImageObject\",\"inLanguage\":\"pt-PT\",\"@id\":\"https:\\\/\\\/secure.gravatar.com\\\/avatar\\\/71f2fa71737ad68a84fea94bc708ddac8ea5b0c4788dc2ad202f3ccb2887742f?s=96&d=wp_user_avatar&r=g\",\"url\":\"https:\\\/\\\/secure.gravatar.com\\\/avatar\\\/71f2fa71737ad68a84fea94bc708ddac8ea5b0c4788dc2ad202f3ccb2887742f?s=96&d=wp_user_avatar&r=g\",\"contentUrl\":\"https:\\\/\\\/secure.gravatar.com\\\/avatar\\\/71f2fa71737ad68a84fea94bc708ddac8ea5b0c4788dc2ad202f3ccb2887742f?s=96&d=wp_user_avatar&r=g\",\"caption\":\"Reda\u00e7\u00e3o JO\"},\"url\":\"https:\\\/\\\/jornaldasoficinas.com\\\/pt\\\/author\\\/joredacao\\\/\"}]}<\/script>\n<!-- \/ Yoast SEO plugin. -->","yoast_head_json":{"title":"B-Parts alarga per\u00edodo de garantia para 12 meses - Jornal das Oficinas","robots":{"index":"index","follow":"follow","max-snippet":"max-snippet:-1","max-image-preview":"max-image-preview:large","max-video-preview":"max-video-preview:-1"},"canonical":"https:\/\/jornaldasoficinas.com\/pt\/b-parts-alarga-periodo-de-garantia-para-12-meses\/","og_locale":"pt_PT","og_type":"article","og_title":"B-Parts alarga per\u00edodo de garantia para 12 meses - Jornal das Oficinas","og_description":"Com o objetivo de proporcionar as...","og_url":"https:\/\/jornaldasoficinas.com\/pt\/b-parts-alarga-periodo-de-garantia-para-12-meses\/","og_site_name":"Jornal das Oficinas","article_publisher":"https:\/\/www.facebook.com\/jornaloficinas","article_published_time":"2022-06-07T18:00:42+00:00","og_image":[{"width":1024,"height":581,"url":"https:\/\/jornaldasoficinas.com\/pt\/wp-content\/uploads\/2022\/06\/B-Parts-alarga-peri\u0301odo-de-garantia-para-12-meses.jpg","type":"image\/jpeg"}],"author":"Reda\u00e7\u00e3o JO","twitter_card":"summary_large_image","twitter_creator":"@jornaloficinas","twitter_site":"@jornaloficinas","twitter_misc":{"Escrito por":"Reda\u00e7\u00e3o JO","Tempo estimado de leitura":"2 minutos"},"schema":{"@context":"https:\/\/schema.org","@graph":[{"@type":"Article","@id":"https:\/\/jornaldasoficinas.com\/pt\/b-parts-alarga-periodo-de-garantia-para-12-meses\/#article","isPartOf":{"@id":"https:\/\/jornaldasoficinas.com\/pt\/b-parts-alarga-periodo-de-garantia-para-12-meses\/"},"author":{"name":"Reda\u00e7\u00e3o JO","@id":"https:\/\/jornaldasoficinas.com\/pt\/#\/schema\/person\/a38eef5de2c41d9e7c9ac10141afddf3"},"headline":"B-Parts alarga per\u00edodo de garantia para 12 meses","datePublished":"2022-06-07T18:00:42+00:00","mainEntityOfPage":{"@id":"https:\/\/jornaldasoficinas.com\/pt\/b-parts-alarga-periodo-de-garantia-para-12-meses\/"},"wordCount":497,"publisher":{"@id":"https:\/\/jornaldasoficinas.com\/pt\/#organization"},"image":{"@id":"https:\/\/jornaldasoficinas.com\/pt\/b-parts-alarga-periodo-de-garantia-para-12-meses\/#primaryimage"},"thumbnailUrl":"https:\/\/jornaldasoficinas.com\/pt\/wp-content\/uploads\/2022\/06\/B-Parts-alarga-peri\u0301odo-de-garantia-para-12-meses.jpg","keywords":["B-Parts"],"articleSection":["Empresas"],"inLanguage":"pt-PT"},{"@type":"WebPage","@id":"https:\/\/jornaldasoficinas.com\/pt\/b-parts-alarga-periodo-de-garantia-para-12-meses\/","url":"https:\/\/jornaldasoficinas.com\/pt\/b-parts-alarga-periodo-de-garantia-para-12-meses\/","name":"B-Parts alarga per\u00edodo de garantia para 12 meses - Jornal das Oficinas","isPartOf":{"@id":"https:\/\/jornaldasoficinas.com\/pt\/#website"},"primaryImageOfPage":{"@id":"https:\/\/jornaldasoficinas.com\/pt\/b-parts-alarga-periodo-de-garantia-para-12-meses\/#primaryimage"},"image":{"@id":"https:\/\/jornaldasoficinas.com\/pt\/b-parts-alarga-periodo-de-garantia-para-12-meses\/#primaryimage"},"thumbnailUrl":"https:\/\/jornaldasoficinas.com\/pt\/wp-content\/uploads\/2022\/06\/B-Parts-alarga-peri\u0301odo-de-garantia-para-12-meses.jpg","datePublished":"2022-06-07T18:00:42+00:00","breadcrumb":{"@id":"https:\/\/jornaldasoficinas.com\/pt\/b-parts-alarga-periodo-de-garantia-para-12-meses\/#breadcrumb"},"inLanguage":"pt-PT","potentialAction":[{"@type":"ReadAction","target":["https:\/\/jornaldasoficinas.com\/pt\/b-parts-alarga-periodo-de-garantia-para-12-meses\/"]}]},{"@type":"ImageObject","inLanguage":"pt-PT","@id":"https:\/\/jornaldasoficinas.com\/pt\/b-parts-alarga-periodo-de-garantia-para-12-meses\/#primaryimage","url":"https:\/\/jornaldasoficinas.com\/pt\/wp-content\/uploads\/2022\/06\/B-Parts-alarga-peri\u0301odo-de-garantia-para-12-meses.jpg","contentUrl":"https:\/\/jornaldasoficinas.com\/pt\/wp-content\/uploads\/2022\/06\/B-Parts-alarga-peri\u0301odo-de-garantia-para-12-meses.jpg","width":1024,"height":581,"caption":"06 - B Parts alarga peri\u0301odo de garantia para 12 meses"},{"@type":"BreadcrumbList","@id":"https:\/\/jornaldasoficinas.com\/pt\/b-parts-alarga-periodo-de-garantia-para-12-meses\/#breadcrumb","itemListElement":[{"@type":"ListItem","position":1,"name":"In\u00edcio","item":"https:\/\/jornaldasoficinas.com\/pt\/"},{"@type":"ListItem","position":2,"name":"B-Parts alarga per\u00edodo de garantia para 12 meses"}]},{"@type":"WebSite","@id":"https:\/\/jornaldasoficinas.com\/pt\/#website","url":"https:\/\/jornaldasoficinas.com\/pt\/","name":"Jornal das Oficinas","description":"Jornal independente do Aftermarket Autom\u00f3vel em Portugal","publisher":{"@id":"https:\/\/jornaldasoficinas.com\/pt\/#organization"},"potentialAction":[{"@type":"SearchAction","target":{"@type":"EntryPoint","urlTemplate":"https:\/\/jornaldasoficinas.com\/pt\/?s={search_term_string}"},"query-input":{"@type":"PropertyValueSpecification","valueRequired":true,"valueName":"search_term_string"}}],"inLanguage":"pt-PT"},{"@type":"Organization","@id":"https:\/\/jornaldasoficinas.com\/pt\/#organization","name":"Jornal das Oficinas","url":"https:\/\/jornaldasoficinas.com\/pt\/","logo":{"@type":"ImageObject","inLanguage":"pt-PT","@id":"https:\/\/jornaldasoficinas.com\/pt\/#\/schema\/logo\/image\/","url":"https:\/\/jornaldasoficinas.com\/pt\/wp-content\/uploads\/logoJO-SEO.png","contentUrl":"https:\/\/jornaldasoficinas.com\/pt\/wp-content\/uploads\/logoJO-SEO.png","width":285,"height":450,"caption":"Jornal das Oficinas"},"image":{"@id":"https:\/\/jornaldasoficinas.com\/pt\/#\/schema\/logo\/image\/"},"sameAs":["https:\/\/www.facebook.com\/jornaloficinas","https:\/\/x.com\/jornaloficinas","https:\/\/www.instagram.com\/jornal_oficinas\/","https:\/\/www.linkedin.com\/company\/jornal-das-oficinas\/","https:\/\/www.youtube.com\/channel\/UCbQZBqtcvV-oSQrr7RzINGg"]},{"@type":"Person","@id":"https:\/\/jornaldasoficinas.com\/pt\/#\/schema\/person\/a38eef5de2c41d9e7c9ac10141afddf3","name":"Reda\u00e7\u00e3o JO","image":{"@type":"ImageObject","inLanguage":"pt-PT","@id":"https:\/\/secure.gravatar.com\/avatar\/71f2fa71737ad68a84fea94bc708ddac8ea5b0c4788dc2ad202f3ccb2887742f?s=96&d=wp_user_avatar&r=g","url":"https:\/\/secure.gravatar.com\/avatar\/71f2fa71737ad68a84fea94bc708ddac8ea5b0c4788dc2ad202f3ccb2887742f?s=96&d=wp_user_avatar&r=g","contentUrl":"https:\/\/secure.gravatar.com\/avatar\/71f2fa71737ad68a84fea94bc708ddac8ea5b0c4788dc2ad202f3ccb2887742f?s=96&d=wp_user_avatar&r=g","caption":"Reda\u00e7\u00e3o JO"},"url":"https:\/\/jornaldasoficinas.com\/pt\/author\/joredacao\/"}]}},"_links":{"self":[{"href":"https:\/\/jornaldasoficinas.com\/pt\/wp-json\/wp\/v2\/posts\/30412","targetHints":{"allow":["GET"]}}],"collection":[{"href":"https:\/\/jornaldasoficinas.com\/pt\/wp-json\/wp\/v2\/posts"}],"about":[{"href":"https:\/\/jornaldasoficinas.com\/pt\/wp-json\/wp\/v2\/types\/post"}],"author":[{"embeddable":true,"href":"https:\/\/jornaldasoficinas.com\/pt\/wp-json\/wp\/v2\/users\/15"}],"replies":[{"embeddable":true,"href":"https:\/\/jornaldasoficinas.com\/pt\/wp-json\/wp\/v2\/comments?post=30412"}],"version-history":[{"count":0,"href":"https:\/\/jornaldasoficinas.com\/pt\/wp-json\/wp\/v2\/posts\/30412\/revisions"}],"wp:featuredmedia":[{"embeddable":true,"href":"https:\/\/jornaldasoficinas.com\/pt\/wp-json\/wp\/v2\/media\/30352"}],"wp:attachment":[{"href":"https:\/\/jornaldasoficinas.com\/pt\/wp-json\/wp\/v2\/media?parent=30412"}],"wp:term":[{"taxonomy":"category","embeddable":true,"href":"https:\/\/jornaldasoficinas.com\/pt\/wp-json\/wp\/v2\/categories?post=30412"},{"taxonomy":"post_tag","embeddable":true,"href":"https:\/\/jornaldasoficinas.com\/pt\/wp-json\/wp\/v2\/tags?post=30412"}],"curies":[{"name":"wp","href":"https:\/\/api.w.org\/{rel}","templated":true}]}}