{"id":30449,"date":"2022-06-08T18:00:27","date_gmt":"2022-06-08T17:00:27","guid":{"rendered":"https:\/\/jornaldasoficinas.com\/pt\/?p=30449"},"modified":"2022-06-08T11:10:40","modified_gmt":"2022-06-08T10:10:40","slug":"eit-innoenergy-e-atec-parceiras-no-mercado-de-baterias","status":"publish","type":"post","link":"https:\/\/jornaldasoficinas.com\/pt\/eit-innoenergy-e-atec-parceiras-no-mercado-de-baterias\/","title":{"rendered":"EIT InnoEnergy e ATEC parceiras no mercado de baterias"},"content":{"rendered":"<p><strong><img loading=\"lazy\" decoding=\"async\" class=\"alignnone size-full wp-image-30431\" src=\"https:\/\/jornaldasoficinas.com\/pt\/wp-content\/uploads\/2022\/06\/EIT-InnoEnergy-e-ATEC-parceiras-no-mercado-de-baterias.jpg\" alt=\"06 - EIT InnoEnergy e ATEC parceiras no mercado de baterias\" width=\"1024\" height=\"581\" srcset=\"https:\/\/jornaldasoficinas.com\/pt\/wp-content\/uploads\/2022\/06\/EIT-InnoEnergy-e-ATEC-parceiras-no-mercado-de-baterias.jpg 1024w, https:\/\/jornaldasoficinas.com\/pt\/wp-content\/uploads\/2022\/06\/EIT-InnoEnergy-e-ATEC-parceiras-no-mercado-de-baterias-300x170.jpg 300w, https:\/\/jornaldasoficinas.com\/pt\/wp-content\/uploads\/2022\/06\/EIT-InnoEnergy-e-ATEC-parceiras-no-mercado-de-baterias-150x85.jpg 150w, https:\/\/jornaldasoficinas.com\/pt\/wp-content\/uploads\/2022\/06\/EIT-InnoEnergy-e-ATEC-parceiras-no-mercado-de-baterias-768x436.jpg 768w\" sizes=\"auto, (max-width: 1024px) 100vw, 1024px\" \/><\/strong><\/p>\n<p><strong>A EIT InnoEnergy e a ATEC ir\u00e3o desenvolver no mercado portugu\u00eas a oferta formativa da EBA Academy na \u00e1rea das baterias. Esta parceria foi oficializada, esta semana, atrav\u00e9s de um protocolo de coopera\u00e7\u00e3o entre as duas entidades<\/strong><\/p>\n<p>O setor das baterias tem um valor estimado na Europa em 2025 de 250bn\u20ac, sendo respons\u00e1vel pela cria\u00e7\u00e3o de 4 milh\u00f5es de novos postos de trabalho. Associado a este crescimento est\u00e1 a previs\u00e3o da necessidade de forma\u00e7\u00e3o (upskilling e reskilling) de cerca de 800.000 pessoas em toda a Europa.<\/p>\n<p>A EIT InnoEnergy foi nomeada pela Comiss\u00e3o Europeia para coordenar a iniciativa industrial European Battery Alliance &#8211; EBA250, na qual est\u00e3o inseridas as atividades da EBA Academy e cuja miss\u00e3o \u00e9 educar e formar o capital humano necess\u00e1rio para a transi\u00e7\u00e3o energ\u00e9tica, com especial foco na cadeia de valor das baterias na Europa.<\/p>\n<p>Segundo Mikel Lasa, CEO EIT InnoEnergy Iberia, este protocolo \u201c\u00e9 um importante passo para a implementa\u00e7\u00e3o de um plano de requalifica\u00e7\u00e3o dos trabalhadores industriais em Portugal e colocar o pa\u00eds na linha da frente para satisfazer as exig\u00eancias do mercado europeu de baterias em r\u00e1pido crescimento, no qual \u00e9 necess\u00e1ria uma reforma robusta e liderada pela ind\u00fastria\u201d.<\/p>\n<p>A EBA Academy \u00e9 uma plataforma de servi\u00e7os de aprendizagem que cobre toda a cadeia de valor das baterias, desde mat\u00e9rias-primas a aplica\u00e7\u00f5es e reciclagem, contando j\u00e1 com mais de 30 pacotes de aprendizagem diferentes. Esta plataforma esta j\u00e1 presente em diversos pa\u00edses Europeus, como Espanha e Fran\u00e7a, atrav\u00e9s de entidades formadoras locais, que adaptar\u00e3o os pacotes formativos \u00e0s necessidades locais.<\/p>\n<p>Por outro lado, a ATEC, atrav\u00e9s do seu Diretor Geral, Jo\u00e3o Carlos Costa, destaca que \u201cesta parceria permite disponibilizar ao mercado nacional uma oferta formativa de elevada qualidade, num setor em r\u00e1pido crescimento, dando continuidade \u00e0s diversas iniciativas com as quais a ATEC tem vindo a colaborar a n\u00edvel nacional e Europeu\u201d.<\/p>\n<p>A ATEC \u00e9 uma academia de forma\u00e7\u00e3o com larga experi\u00eancia na forma\u00e7\u00e3o de ativos e tem vindo a trabalhar ativamente com v\u00e1rios parceiros nacionais e europeus no desenvolvimento de forma\u00e7\u00e3o para o setor de baterias. \u00c9 neste \u00e2mbito, que a EIT InnoEnergy e a ATEC assinam um protocolo de coopera\u00e7\u00e3o que permitir\u00e1 \u00e0 ATEC desenvolver no mercado portugu\u00eas a oferta formativa da EBA Academy na \u00e1rea das baterias.<\/p>\n","protected":false},"excerpt":{"rendered":"<p>A EIT InnoEnergy e a ATEC&#8230;<\/p>\n","protected":false},"author":15,"featured_media":30431,"comment_status":"closed","ping_status":"closed","sticky":false,"template":"","format":"standard","meta":{"footnotes":""},"categories":[29],"tags":[693,2886,2885],"class_list":["post-30449","post","type-post","status-publish","format-standard","has-post-thumbnail","hentry","category-empresas","tag-atec","tag-eba-academy","tag-eit-innoenergy"],"yoast_head":"<!-- This site is optimized with the Yoast SEO plugin v27.4 - https:\/\/yoast.com\/product\/yoast-seo-wordpress\/ -->\n<title>EIT InnoEnergy e ATEC parceiras no mercado de baterias - Jornal das Oficinas<\/title>\n<meta name=\"robots\" content=\"index, follow, max-snippet:-1, max-image-preview:large, max-video-preview:-1\" \/>\n<link rel=\"canonical\" href=\"https:\/\/jornaldasoficinas.com\/pt\/eit-innoenergy-e-atec-parceiras-no-mercado-de-baterias\/\" \/>\n<meta property=\"og:locale\" content=\"pt_PT\" \/>\n<meta property=\"og:type\" content=\"article\" \/>\n<meta property=\"og:title\" content=\"EIT InnoEnergy e ATEC parceiras no mercado de baterias - Jornal das Oficinas\" \/>\n<meta property=\"og:description\" content=\"A EIT InnoEnergy e a ATEC...\" \/>\n<meta property=\"og:url\" content=\"https:\/\/jornaldasoficinas.com\/pt\/eit-innoenergy-e-atec-parceiras-no-mercado-de-baterias\/\" \/>\n<meta property=\"og:site_name\" content=\"Jornal das Oficinas\" \/>\n<meta property=\"article:publisher\" content=\"https:\/\/www.facebook.com\/jornaloficinas\" \/>\n<meta property=\"article:published_time\" content=\"2022-06-08T17:00:27+00:00\" \/>\n<meta property=\"og:image\" content=\"https:\/\/jornaldasoficinas.com\/pt\/wp-content\/uploads\/2022\/06\/EIT-InnoEnergy-e-ATEC-parceiras-no-mercado-de-baterias.jpg\" \/>\n\t<meta property=\"og:image:width\" content=\"1024\" \/>\n\t<meta property=\"og:image:height\" content=\"581\" \/>\n\t<meta property=\"og:image:type\" content=\"image\/jpeg\" \/>\n<meta name=\"author\" content=\"Reda\u00e7\u00e3o JO\" \/>\n<meta name=\"twitter:card\" content=\"summary_large_image\" \/>\n<meta name=\"twitter:creator\" content=\"@jornaloficinas\" \/>\n<meta name=\"twitter:site\" content=\"@jornaloficinas\" \/>\n<meta name=\"twitter:label1\" content=\"Escrito por\" \/>\n\t<meta name=\"twitter:data1\" content=\"Reda\u00e7\u00e3o JO\" \/>\n\t<meta name=\"twitter:label2\" content=\"Tempo estimado de leitura\" \/>\n\t<meta name=\"twitter:data2\" content=\"3 minutos\" \/>\n<script type=\"application\/ld+json\" class=\"yoast-schema-graph\">{\"@context\":\"https:\\\/\\\/schema.org\",\"@graph\":[{\"@type\":\"Article\",\"@id\":\"https:\\\/\\\/jornaldasoficinas.com\\\/pt\\\/eit-innoenergy-e-atec-parceiras-no-mercado-de-baterias\\\/#article\",\"isPartOf\":{\"@id\":\"https:\\\/\\\/jornaldasoficinas.com\\\/pt\\\/eit-innoenergy-e-atec-parceiras-no-mercado-de-baterias\\\/\"},\"author\":{\"name\":\"Reda\u00e7\u00e3o JO\",\"@id\":\"https:\\\/\\\/jornaldasoficinas.com\\\/pt\\\/#\\\/schema\\\/person\\\/a38eef5de2c41d9e7c9ac10141afddf3\"},\"headline\":\"EIT InnoEnergy e ATEC parceiras no mercado de baterias\",\"datePublished\":\"2022-06-08T17:00:27+00:00\",\"mainEntityOfPage\":{\"@id\":\"https:\\\/\\\/jornaldasoficinas.com\\\/pt\\\/eit-innoenergy-e-atec-parceiras-no-mercado-de-baterias\\\/\"},\"wordCount\":415,\"publisher\":{\"@id\":\"https:\\\/\\\/jornaldasoficinas.com\\\/pt\\\/#organization\"},\"image\":{\"@id\":\"https:\\\/\\\/jornaldasoficinas.com\\\/pt\\\/eit-innoenergy-e-atec-parceiras-no-mercado-de-baterias\\\/#primaryimage\"},\"thumbnailUrl\":\"https:\\\/\\\/jornaldasoficinas.com\\\/pt\\\/wp-content\\\/uploads\\\/2022\\\/06\\\/EIT-InnoEnergy-e-ATEC-parceiras-no-mercado-de-baterias.jpg\",\"keywords\":[\"ATEC\",\"EBA Academy\",\"EIT InnoEnergy\"],\"articleSection\":[\"Empresas\"],\"inLanguage\":\"pt-PT\"},{\"@type\":\"WebPage\",\"@id\":\"https:\\\/\\\/jornaldasoficinas.com\\\/pt\\\/eit-innoenergy-e-atec-parceiras-no-mercado-de-baterias\\\/\",\"url\":\"https:\\\/\\\/jornaldasoficinas.com\\\/pt\\\/eit-innoenergy-e-atec-parceiras-no-mercado-de-baterias\\\/\",\"name\":\"EIT InnoEnergy e ATEC parceiras no mercado de baterias - Jornal das Oficinas\",\"isPartOf\":{\"@id\":\"https:\\\/\\\/jornaldasoficinas.com\\\/pt\\\/#website\"},\"primaryImageOfPage\":{\"@id\":\"https:\\\/\\\/jornaldasoficinas.com\\\/pt\\\/eit-innoenergy-e-atec-parceiras-no-mercado-de-baterias\\\/#primaryimage\"},\"image\":{\"@id\":\"https:\\\/\\\/jornaldasoficinas.com\\\/pt\\\/eit-innoenergy-e-atec-parceiras-no-mercado-de-baterias\\\/#primaryimage\"},\"thumbnailUrl\":\"https:\\\/\\\/jornaldasoficinas.com\\\/pt\\\/wp-content\\\/uploads\\\/2022\\\/06\\\/EIT-InnoEnergy-e-ATEC-parceiras-no-mercado-de-baterias.jpg\",\"datePublished\":\"2022-06-08T17:00:27+00:00\",\"breadcrumb\":{\"@id\":\"https:\\\/\\\/jornaldasoficinas.com\\\/pt\\\/eit-innoenergy-e-atec-parceiras-no-mercado-de-baterias\\\/#breadcrumb\"},\"inLanguage\":\"pt-PT\",\"potentialAction\":[{\"@type\":\"ReadAction\",\"target\":[\"https:\\\/\\\/jornaldasoficinas.com\\\/pt\\\/eit-innoenergy-e-atec-parceiras-no-mercado-de-baterias\\\/\"]}]},{\"@type\":\"ImageObject\",\"inLanguage\":\"pt-PT\",\"@id\":\"https:\\\/\\\/jornaldasoficinas.com\\\/pt\\\/eit-innoenergy-e-atec-parceiras-no-mercado-de-baterias\\\/#primaryimage\",\"url\":\"https:\\\/\\\/jornaldasoficinas.com\\\/pt\\\/wp-content\\\/uploads\\\/2022\\\/06\\\/EIT-InnoEnergy-e-ATEC-parceiras-no-mercado-de-baterias.jpg\",\"contentUrl\":\"https:\\\/\\\/jornaldasoficinas.com\\\/pt\\\/wp-content\\\/uploads\\\/2022\\\/06\\\/EIT-InnoEnergy-e-ATEC-parceiras-no-mercado-de-baterias.jpg\",\"width\":1024,\"height\":581,\"caption\":\"06 - EIT InnoEnergy e ATEC parceiras no mercado de baterias\"},{\"@type\":\"BreadcrumbList\",\"@id\":\"https:\\\/\\\/jornaldasoficinas.com\\\/pt\\\/eit-innoenergy-e-atec-parceiras-no-mercado-de-baterias\\\/#breadcrumb\",\"itemListElement\":[{\"@type\":\"ListItem\",\"position\":1,\"name\":\"In\u00edcio\",\"item\":\"https:\\\/\\\/jornaldasoficinas.com\\\/pt\\\/\"},{\"@type\":\"ListItem\",\"position\":2,\"name\":\"EIT InnoEnergy e ATEC parceiras no mercado de baterias\"}]},{\"@type\":\"WebSite\",\"@id\":\"https:\\\/\\\/jornaldasoficinas.com\\\/pt\\\/#website\",\"url\":\"https:\\\/\\\/jornaldasoficinas.com\\\/pt\\\/\",\"name\":\"Jornal das Oficinas\",\"description\":\"Jornal independente do Aftermarket Autom\u00f3vel em Portugal\",\"publisher\":{\"@id\":\"https:\\\/\\\/jornaldasoficinas.com\\\/pt\\\/#organization\"},\"potentialAction\":[{\"@type\":\"SearchAction\",\"target\":{\"@type\":\"EntryPoint\",\"urlTemplate\":\"https:\\\/\\\/jornaldasoficinas.com\\\/pt\\\/?s={search_term_string}\"},\"query-input\":{\"@type\":\"PropertyValueSpecification\",\"valueRequired\":true,\"valueName\":\"search_term_string\"}}],\"inLanguage\":\"pt-PT\"},{\"@type\":\"Organization\",\"@id\":\"https:\\\/\\\/jornaldasoficinas.com\\\/pt\\\/#organization\",\"name\":\"Jornal das Oficinas\",\"url\":\"https:\\\/\\\/jornaldasoficinas.com\\\/pt\\\/\",\"logo\":{\"@type\":\"ImageObject\",\"inLanguage\":\"pt-PT\",\"@id\":\"https:\\\/\\\/jornaldasoficinas.com\\\/pt\\\/#\\\/schema\\\/logo\\\/image\\\/\",\"url\":\"https:\\\/\\\/jornaldasoficinas.com\\\/pt\\\/wp-content\\\/uploads\\\/logoJO-SEO.png\",\"contentUrl\":\"https:\\\/\\\/jornaldasoficinas.com\\\/pt\\\/wp-content\\\/uploads\\\/logoJO-SEO.png\",\"width\":285,\"height\":450,\"caption\":\"Jornal das Oficinas\"},\"image\":{\"@id\":\"https:\\\/\\\/jornaldasoficinas.com\\\/pt\\\/#\\\/schema\\\/logo\\\/image\\\/\"},\"sameAs\":[\"https:\\\/\\\/www.facebook.com\\\/jornaloficinas\",\"https:\\\/\\\/x.com\\\/jornaloficinas\",\"https:\\\/\\\/www.instagram.com\\\/jornal_oficinas\\\/\",\"https:\\\/\\\/www.linkedin.com\\\/company\\\/jornal-das-oficinas\\\/\",\"https:\\\/\\\/www.youtube.com\\\/channel\\\/UCbQZBqtcvV-oSQrr7RzINGg\"]},{\"@type\":\"Person\",\"@id\":\"https:\\\/\\\/jornaldasoficinas.com\\\/pt\\\/#\\\/schema\\\/person\\\/a38eef5de2c41d9e7c9ac10141afddf3\",\"name\":\"Reda\u00e7\u00e3o JO\",\"image\":{\"@type\":\"ImageObject\",\"inLanguage\":\"pt-PT\",\"@id\":\"https:\\\/\\\/secure.gravatar.com\\\/avatar\\\/71f2fa71737ad68a84fea94bc708ddac8ea5b0c4788dc2ad202f3ccb2887742f?s=96&d=wp_user_avatar&r=g\",\"url\":\"https:\\\/\\\/secure.gravatar.com\\\/avatar\\\/71f2fa71737ad68a84fea94bc708ddac8ea5b0c4788dc2ad202f3ccb2887742f?s=96&d=wp_user_avatar&r=g\",\"contentUrl\":\"https:\\\/\\\/secure.gravatar.com\\\/avatar\\\/71f2fa71737ad68a84fea94bc708ddac8ea5b0c4788dc2ad202f3ccb2887742f?s=96&d=wp_user_avatar&r=g\",\"caption\":\"Reda\u00e7\u00e3o JO\"},\"url\":\"https:\\\/\\\/jornaldasoficinas.com\\\/pt\\\/author\\\/joredacao\\\/\"}]}<\/script>\n<!-- \/ Yoast SEO plugin. -->","yoast_head_json":{"title":"EIT InnoEnergy e ATEC parceiras no mercado de baterias - Jornal das Oficinas","robots":{"index":"index","follow":"follow","max-snippet":"max-snippet:-1","max-image-preview":"max-image-preview:large","max-video-preview":"max-video-preview:-1"},"canonical":"https:\/\/jornaldasoficinas.com\/pt\/eit-innoenergy-e-atec-parceiras-no-mercado-de-baterias\/","og_locale":"pt_PT","og_type":"article","og_title":"EIT InnoEnergy e ATEC parceiras no mercado de baterias - Jornal das Oficinas","og_description":"A EIT InnoEnergy e a ATEC...","og_url":"https:\/\/jornaldasoficinas.com\/pt\/eit-innoenergy-e-atec-parceiras-no-mercado-de-baterias\/","og_site_name":"Jornal das Oficinas","article_publisher":"https:\/\/www.facebook.com\/jornaloficinas","article_published_time":"2022-06-08T17:00:27+00:00","og_image":[{"width":1024,"height":581,"url":"https:\/\/jornaldasoficinas.com\/pt\/wp-content\/uploads\/2022\/06\/EIT-InnoEnergy-e-ATEC-parceiras-no-mercado-de-baterias.jpg","type":"image\/jpeg"}],"author":"Reda\u00e7\u00e3o JO","twitter_card":"summary_large_image","twitter_creator":"@jornaloficinas","twitter_site":"@jornaloficinas","twitter_misc":{"Escrito por":"Reda\u00e7\u00e3o JO","Tempo estimado de leitura":"3 minutos"},"schema":{"@context":"https:\/\/schema.org","@graph":[{"@type":"Article","@id":"https:\/\/jornaldasoficinas.com\/pt\/eit-innoenergy-e-atec-parceiras-no-mercado-de-baterias\/#article","isPartOf":{"@id":"https:\/\/jornaldasoficinas.com\/pt\/eit-innoenergy-e-atec-parceiras-no-mercado-de-baterias\/"},"author":{"name":"Reda\u00e7\u00e3o JO","@id":"https:\/\/jornaldasoficinas.com\/pt\/#\/schema\/person\/a38eef5de2c41d9e7c9ac10141afddf3"},"headline":"EIT InnoEnergy e ATEC parceiras no mercado de baterias","datePublished":"2022-06-08T17:00:27+00:00","mainEntityOfPage":{"@id":"https:\/\/jornaldasoficinas.com\/pt\/eit-innoenergy-e-atec-parceiras-no-mercado-de-baterias\/"},"wordCount":415,"publisher":{"@id":"https:\/\/jornaldasoficinas.com\/pt\/#organization"},"image":{"@id":"https:\/\/jornaldasoficinas.com\/pt\/eit-innoenergy-e-atec-parceiras-no-mercado-de-baterias\/#primaryimage"},"thumbnailUrl":"https:\/\/jornaldasoficinas.com\/pt\/wp-content\/uploads\/2022\/06\/EIT-InnoEnergy-e-ATEC-parceiras-no-mercado-de-baterias.jpg","keywords":["ATEC","EBA Academy","EIT InnoEnergy"],"articleSection":["Empresas"],"inLanguage":"pt-PT"},{"@type":"WebPage","@id":"https:\/\/jornaldasoficinas.com\/pt\/eit-innoenergy-e-atec-parceiras-no-mercado-de-baterias\/","url":"https:\/\/jornaldasoficinas.com\/pt\/eit-innoenergy-e-atec-parceiras-no-mercado-de-baterias\/","name":"EIT InnoEnergy e ATEC parceiras no mercado de baterias - Jornal das Oficinas","isPartOf":{"@id":"https:\/\/jornaldasoficinas.com\/pt\/#website"},"primaryImageOfPage":{"@id":"https:\/\/jornaldasoficinas.com\/pt\/eit-innoenergy-e-atec-parceiras-no-mercado-de-baterias\/#primaryimage"},"image":{"@id":"https:\/\/jornaldasoficinas.com\/pt\/eit-innoenergy-e-atec-parceiras-no-mercado-de-baterias\/#primaryimage"},"thumbnailUrl":"https:\/\/jornaldasoficinas.com\/pt\/wp-content\/uploads\/2022\/06\/EIT-InnoEnergy-e-ATEC-parceiras-no-mercado-de-baterias.jpg","datePublished":"2022-06-08T17:00:27+00:00","breadcrumb":{"@id":"https:\/\/jornaldasoficinas.com\/pt\/eit-innoenergy-e-atec-parceiras-no-mercado-de-baterias\/#breadcrumb"},"inLanguage":"pt-PT","potentialAction":[{"@type":"ReadAction","target":["https:\/\/jornaldasoficinas.com\/pt\/eit-innoenergy-e-atec-parceiras-no-mercado-de-baterias\/"]}]},{"@type":"ImageObject","inLanguage":"pt-PT","@id":"https:\/\/jornaldasoficinas.com\/pt\/eit-innoenergy-e-atec-parceiras-no-mercado-de-baterias\/#primaryimage","url":"https:\/\/jornaldasoficinas.com\/pt\/wp-content\/uploads\/2022\/06\/EIT-InnoEnergy-e-ATEC-parceiras-no-mercado-de-baterias.jpg","contentUrl":"https:\/\/jornaldasoficinas.com\/pt\/wp-content\/uploads\/2022\/06\/EIT-InnoEnergy-e-ATEC-parceiras-no-mercado-de-baterias.jpg","width":1024,"height":581,"caption":"06 - EIT InnoEnergy e ATEC parceiras no mercado de baterias"},{"@type":"BreadcrumbList","@id":"https:\/\/jornaldasoficinas.com\/pt\/eit-innoenergy-e-atec-parceiras-no-mercado-de-baterias\/#breadcrumb","itemListElement":[{"@type":"ListItem","position":1,"name":"In\u00edcio","item":"https:\/\/jornaldasoficinas.com\/pt\/"},{"@type":"ListItem","position":2,"name":"EIT InnoEnergy e ATEC parceiras no mercado de baterias"}]},{"@type":"WebSite","@id":"https:\/\/jornaldasoficinas.com\/pt\/#website","url":"https:\/\/jornaldasoficinas.com\/pt\/","name":"Jornal das Oficinas","description":"Jornal independente do Aftermarket Autom\u00f3vel em Portugal","publisher":{"@id":"https:\/\/jornaldasoficinas.com\/pt\/#organization"},"potentialAction":[{"@type":"SearchAction","target":{"@type":"EntryPoint","urlTemplate":"https:\/\/jornaldasoficinas.com\/pt\/?s={search_term_string}"},"query-input":{"@type":"PropertyValueSpecification","valueRequired":true,"valueName":"search_term_string"}}],"inLanguage":"pt-PT"},{"@type":"Organization","@id":"https:\/\/jornaldasoficinas.com\/pt\/#organization","name":"Jornal das Oficinas","url":"https:\/\/jornaldasoficinas.com\/pt\/","logo":{"@type":"ImageObject","inLanguage":"pt-PT","@id":"https:\/\/jornaldasoficinas.com\/pt\/#\/schema\/logo\/image\/","url":"https:\/\/jornaldasoficinas.com\/pt\/wp-content\/uploads\/logoJO-SEO.png","contentUrl":"https:\/\/jornaldasoficinas.com\/pt\/wp-content\/uploads\/logoJO-SEO.png","width":285,"height":450,"caption":"Jornal das Oficinas"},"image":{"@id":"https:\/\/jornaldasoficinas.com\/pt\/#\/schema\/logo\/image\/"},"sameAs":["https:\/\/www.facebook.com\/jornaloficinas","https:\/\/x.com\/jornaloficinas","https:\/\/www.instagram.com\/jornal_oficinas\/","https:\/\/www.linkedin.com\/company\/jornal-das-oficinas\/","https:\/\/www.youtube.com\/channel\/UCbQZBqtcvV-oSQrr7RzINGg"]},{"@type":"Person","@id":"https:\/\/jornaldasoficinas.com\/pt\/#\/schema\/person\/a38eef5de2c41d9e7c9ac10141afddf3","name":"Reda\u00e7\u00e3o JO","image":{"@type":"ImageObject","inLanguage":"pt-PT","@id":"https:\/\/secure.gravatar.com\/avatar\/71f2fa71737ad68a84fea94bc708ddac8ea5b0c4788dc2ad202f3ccb2887742f?s=96&d=wp_user_avatar&r=g","url":"https:\/\/secure.gravatar.com\/avatar\/71f2fa71737ad68a84fea94bc708ddac8ea5b0c4788dc2ad202f3ccb2887742f?s=96&d=wp_user_avatar&r=g","contentUrl":"https:\/\/secure.gravatar.com\/avatar\/71f2fa71737ad68a84fea94bc708ddac8ea5b0c4788dc2ad202f3ccb2887742f?s=96&d=wp_user_avatar&r=g","caption":"Reda\u00e7\u00e3o JO"},"url":"https:\/\/jornaldasoficinas.com\/pt\/author\/joredacao\/"}]}},"_links":{"self":[{"href":"https:\/\/jornaldasoficinas.com\/pt\/wp-json\/wp\/v2\/posts\/30449","targetHints":{"allow":["GET"]}}],"collection":[{"href":"https:\/\/jornaldasoficinas.com\/pt\/wp-json\/wp\/v2\/posts"}],"about":[{"href":"https:\/\/jornaldasoficinas.com\/pt\/wp-json\/wp\/v2\/types\/post"}],"author":[{"embeddable":true,"href":"https:\/\/jornaldasoficinas.com\/pt\/wp-json\/wp\/v2\/users\/15"}],"replies":[{"embeddable":true,"href":"https:\/\/jornaldasoficinas.com\/pt\/wp-json\/wp\/v2\/comments?post=30449"}],"version-history":[{"count":0,"href":"https:\/\/jornaldasoficinas.com\/pt\/wp-json\/wp\/v2\/posts\/30449\/revisions"}],"wp:featuredmedia":[{"embeddable":true,"href":"https:\/\/jornaldasoficinas.com\/pt\/wp-json\/wp\/v2\/media\/30431"}],"wp:attachment":[{"href":"https:\/\/jornaldasoficinas.com\/pt\/wp-json\/wp\/v2\/media?parent=30449"}],"wp:term":[{"taxonomy":"category","embeddable":true,"href":"https:\/\/jornaldasoficinas.com\/pt\/wp-json\/wp\/v2\/categories?post=30449"},{"taxonomy":"post_tag","embeddable":true,"href":"https:\/\/jornaldasoficinas.com\/pt\/wp-json\/wp\/v2\/tags?post=30449"}],"curies":[{"name":"wp","href":"https:\/\/api.w.org\/{rel}","templated":true}]}}