{"id":30452,"date":"2022-06-09T10:00:50","date_gmt":"2022-06-09T09:00:50","guid":{"rendered":"https:\/\/jornaldasoficinas.com\/pt\/?p=30452"},"modified":"2022-06-08T11:16:08","modified_gmt":"2022-06-08T10:16:08","slug":"serca-presente-na-apresentacao-das-redes-oficinais","status":"publish","type":"post","link":"https:\/\/jornaldasoficinas.com\/pt\/serca-presente-na-apresentacao-das-redes-oficinais\/","title":{"rendered":"Serca presente na apresenta\u00e7\u00e3o das redes oficinais"},"content":{"rendered":"<p><strong><img loading=\"lazy\" decoding=\"async\" class=\"alignnone size-full wp-image-30435\" src=\"https:\/\/jornaldasoficinas.com\/pt\/wp-content\/uploads\/2022\/06\/Serca-presente-na-apresentac\u0327a\u0303o-das-redes-oficinais.png\" alt=\"06 - Serca presente na apresentac\u0327a\u0303o das redes oficinais\" width=\"1024\" height=\"581\" srcset=\"https:\/\/jornaldasoficinas.com\/pt\/wp-content\/uploads\/2022\/06\/Serca-presente-na-apresentac\u0327a\u0303o-das-redes-oficinais.png 1024w, https:\/\/jornaldasoficinas.com\/pt\/wp-content\/uploads\/2022\/06\/Serca-presente-na-apresentac\u0327a\u0303o-das-redes-oficinais-300x170.png 300w, https:\/\/jornaldasoficinas.com\/pt\/wp-content\/uploads\/2022\/06\/Serca-presente-na-apresentac\u0327a\u0303o-das-redes-oficinais-150x85.png 150w, https:\/\/jornaldasoficinas.com\/pt\/wp-content\/uploads\/2022\/06\/Serca-presente-na-apresentac\u0327a\u0303o-das-redes-oficinais-768x436.png 768w\" sizes=\"auto, (max-width: 1024px) 100vw, 1024px\" \/><\/strong><\/p>\n<p><strong>O <a href=\"https:\/\/www.serca.es\/\" target=\"_blank\" rel=\"noopener\">Grupo Serca<\/a> acompanhou o seu parceiro portugu\u00eas RPA na apresenta\u00e7\u00e3o das redes oficinais <a href=\"https:\/\/www.nexusauto.pt\/\" target=\"_blank\" rel=\"noopener\">Nexus Auto<\/a> e <a href=\"https:\/\/www.profissionalplus.com\/\" target=\"_blank\" rel=\"noopener\">Professional Plus<\/a><\/strong><\/p>\n<p>A RPA celebra o seu 25\u00ba anivers\u00e1rio e como parceiro distribuidor do \u201cO Grupo Serca\u201d, aproveitou o m\u00eas de maio para apresentar, nas suas oficinas, os novos conceitos das redes Nexus Auto e Professional Plus, redes defendidas pela Serca.<\/p>\n<p>As palestras decorreram nas instala\u00e7\u00f5es de \u00c9vora e Lisboa, com a presen\u00e7a de 70 oficinas e com a presen\u00e7a de Carlos Palancar, respons\u00e1vel pelas Redes de workshops e M\u00e1quinas Serca, e Jos\u00e9 Luis Soriano, gerente de treinamento da Next Academy.<\/p>\n<p>A RPA explicou as vantagens e benef\u00edcios de pertencer a cada uma das redes. A Nexus Auto apresenta-se como uma rede de oficinas que oferece uma solu\u00e7\u00e3o global e tem um espelho ao n\u00edvel Europeu e a Professional Plus como uma rede modular com solu\u00e7\u00f5es \u00e0 medida do cliente.<\/p>\n<p>O objetivo \u00e9 proporcionar oficinas com as melhores ferramentas para profissionalizar os seus neg\u00f3cios, que al\u00e9m de imagem, incluem programas or\u00e7ament\u00e1rios (Next Control), assist\u00eancia t\u00e9cnica (Next Assist), com\u00e9rcio eletr\u00f3nico (Next SErtec), marketing e publicidade.<\/p>\n","protected":false},"excerpt":{"rendered":"<p>O Grupo Serca acompanhou o seu&#8230;<\/p>\n","protected":false},"author":15,"featured_media":30435,"comment_status":"closed","ping_status":"closed","sticky":false,"template":"","format":"standard","meta":{"footnotes":""},"categories":[29],"tags":[2689,2887,2888,2131],"class_list":["post-30452","post","type-post","status-publish","format-standard","has-post-thumbnail","hentry","category-empresas","tag-grupo-serca","tag-nexus-auto","tag-professional-plus","tag-rpa"],"yoast_head":"<!-- This site is optimized with the Yoast SEO plugin v27.4 - https:\/\/yoast.com\/product\/yoast-seo-wordpress\/ -->\n<title>Serca presente na apresenta\u00e7\u00e3o das redes oficinais - Jornal das Oficinas<\/title>\n<meta name=\"robots\" content=\"index, follow, max-snippet:-1, max-image-preview:large, max-video-preview:-1\" \/>\n<link rel=\"canonical\" href=\"https:\/\/jornaldasoficinas.com\/pt\/serca-presente-na-apresentacao-das-redes-oficinais\/\" \/>\n<meta property=\"og:locale\" content=\"pt_PT\" \/>\n<meta property=\"og:type\" content=\"article\" \/>\n<meta property=\"og:title\" content=\"Serca presente na apresenta\u00e7\u00e3o das redes oficinais - Jornal das Oficinas\" \/>\n<meta property=\"og:description\" content=\"O Grupo Serca acompanhou o seu...\" \/>\n<meta property=\"og:url\" content=\"https:\/\/jornaldasoficinas.com\/pt\/serca-presente-na-apresentacao-das-redes-oficinais\/\" \/>\n<meta property=\"og:site_name\" content=\"Jornal das Oficinas\" \/>\n<meta property=\"article:publisher\" content=\"https:\/\/www.facebook.com\/jornaloficinas\" \/>\n<meta property=\"article:published_time\" content=\"2022-06-09T09:00:50+00:00\" \/>\n<meta property=\"og:image\" content=\"https:\/\/jornaldasoficinas.com\/pt\/wp-content\/uploads\/2022\/06\/Serca-presente-na-apresentac\u0327a\u0303o-das-redes-oficinais.png\" \/>\n\t<meta property=\"og:image:width\" content=\"1024\" \/>\n\t<meta property=\"og:image:height\" content=\"581\" \/>\n\t<meta property=\"og:image:type\" content=\"image\/png\" \/>\n<meta name=\"author\" content=\"Reda\u00e7\u00e3o JO\" \/>\n<meta name=\"twitter:card\" content=\"summary_large_image\" \/>\n<meta name=\"twitter:creator\" content=\"@jornaloficinas\" \/>\n<meta name=\"twitter:site\" content=\"@jornaloficinas\" \/>\n<meta name=\"twitter:label1\" content=\"Escrito por\" \/>\n\t<meta name=\"twitter:data1\" content=\"Reda\u00e7\u00e3o JO\" \/>\n\t<meta name=\"twitter:label2\" content=\"Tempo estimado de leitura\" \/>\n\t<meta name=\"twitter:data2\" content=\"1 minuto\" \/>\n<script type=\"application\/ld+json\" class=\"yoast-schema-graph\">{\"@context\":\"https:\\\/\\\/schema.org\",\"@graph\":[{\"@type\":\"Article\",\"@id\":\"https:\\\/\\\/jornaldasoficinas.com\\\/pt\\\/serca-presente-na-apresentacao-das-redes-oficinais\\\/#article\",\"isPartOf\":{\"@id\":\"https:\\\/\\\/jornaldasoficinas.com\\\/pt\\\/serca-presente-na-apresentacao-das-redes-oficinais\\\/\"},\"author\":{\"name\":\"Reda\u00e7\u00e3o JO\",\"@id\":\"https:\\\/\\\/jornaldasoficinas.com\\\/pt\\\/#\\\/schema\\\/person\\\/a38eef5de2c41d9e7c9ac10141afddf3\"},\"headline\":\"Serca presente na apresenta\u00e7\u00e3o das redes oficinais\",\"datePublished\":\"2022-06-09T09:00:50+00:00\",\"mainEntityOfPage\":{\"@id\":\"https:\\\/\\\/jornaldasoficinas.com\\\/pt\\\/serca-presente-na-apresentacao-das-redes-oficinais\\\/\"},\"wordCount\":206,\"publisher\":{\"@id\":\"https:\\\/\\\/jornaldasoficinas.com\\\/pt\\\/#organization\"},\"image\":{\"@id\":\"https:\\\/\\\/jornaldasoficinas.com\\\/pt\\\/serca-presente-na-apresentacao-das-redes-oficinais\\\/#primaryimage\"},\"thumbnailUrl\":\"https:\\\/\\\/jornaldasoficinas.com\\\/pt\\\/wp-content\\\/uploads\\\/2022\\\/06\\\/Serca-presente-na-apresentac\u0327a\u0303o-das-redes-oficinais.png\",\"keywords\":[\"Grupo Serca\",\"Nexus Auto\",\"Professional Plus\",\"RPA\"],\"articleSection\":[\"Empresas\"],\"inLanguage\":\"pt-PT\"},{\"@type\":\"WebPage\",\"@id\":\"https:\\\/\\\/jornaldasoficinas.com\\\/pt\\\/serca-presente-na-apresentacao-das-redes-oficinais\\\/\",\"url\":\"https:\\\/\\\/jornaldasoficinas.com\\\/pt\\\/serca-presente-na-apresentacao-das-redes-oficinais\\\/\",\"name\":\"Serca presente na apresenta\u00e7\u00e3o das redes oficinais - Jornal das Oficinas\",\"isPartOf\":{\"@id\":\"https:\\\/\\\/jornaldasoficinas.com\\\/pt\\\/#website\"},\"primaryImageOfPage\":{\"@id\":\"https:\\\/\\\/jornaldasoficinas.com\\\/pt\\\/serca-presente-na-apresentacao-das-redes-oficinais\\\/#primaryimage\"},\"image\":{\"@id\":\"https:\\\/\\\/jornaldasoficinas.com\\\/pt\\\/serca-presente-na-apresentacao-das-redes-oficinais\\\/#primaryimage\"},\"thumbnailUrl\":\"https:\\\/\\\/jornaldasoficinas.com\\\/pt\\\/wp-content\\\/uploads\\\/2022\\\/06\\\/Serca-presente-na-apresentac\u0327a\u0303o-das-redes-oficinais.png\",\"datePublished\":\"2022-06-09T09:00:50+00:00\",\"breadcrumb\":{\"@id\":\"https:\\\/\\\/jornaldasoficinas.com\\\/pt\\\/serca-presente-na-apresentacao-das-redes-oficinais\\\/#breadcrumb\"},\"inLanguage\":\"pt-PT\",\"potentialAction\":[{\"@type\":\"ReadAction\",\"target\":[\"https:\\\/\\\/jornaldasoficinas.com\\\/pt\\\/serca-presente-na-apresentacao-das-redes-oficinais\\\/\"]}]},{\"@type\":\"ImageObject\",\"inLanguage\":\"pt-PT\",\"@id\":\"https:\\\/\\\/jornaldasoficinas.com\\\/pt\\\/serca-presente-na-apresentacao-das-redes-oficinais\\\/#primaryimage\",\"url\":\"https:\\\/\\\/jornaldasoficinas.com\\\/pt\\\/wp-content\\\/uploads\\\/2022\\\/06\\\/Serca-presente-na-apresentac\u0327a\u0303o-das-redes-oficinais.png\",\"contentUrl\":\"https:\\\/\\\/jornaldasoficinas.com\\\/pt\\\/wp-content\\\/uploads\\\/2022\\\/06\\\/Serca-presente-na-apresentac\u0327a\u0303o-das-redes-oficinais.png\",\"width\":1024,\"height\":581,\"caption\":\"06 - Serca presente na apresentac\u0327a\u0303o das redes oficinais\"},{\"@type\":\"BreadcrumbList\",\"@id\":\"https:\\\/\\\/jornaldasoficinas.com\\\/pt\\\/serca-presente-na-apresentacao-das-redes-oficinais\\\/#breadcrumb\",\"itemListElement\":[{\"@type\":\"ListItem\",\"position\":1,\"name\":\"In\u00edcio\",\"item\":\"https:\\\/\\\/jornaldasoficinas.com\\\/pt\\\/\"},{\"@type\":\"ListItem\",\"position\":2,\"name\":\"Serca presente na apresenta\u00e7\u00e3o das redes oficinais\"}]},{\"@type\":\"WebSite\",\"@id\":\"https:\\\/\\\/jornaldasoficinas.com\\\/pt\\\/#website\",\"url\":\"https:\\\/\\\/jornaldasoficinas.com\\\/pt\\\/\",\"name\":\"Jornal das Oficinas\",\"description\":\"Jornal independente do Aftermarket Autom\u00f3vel em Portugal\",\"publisher\":{\"@id\":\"https:\\\/\\\/jornaldasoficinas.com\\\/pt\\\/#organization\"},\"potentialAction\":[{\"@type\":\"SearchAction\",\"target\":{\"@type\":\"EntryPoint\",\"urlTemplate\":\"https:\\\/\\\/jornaldasoficinas.com\\\/pt\\\/?s={search_term_string}\"},\"query-input\":{\"@type\":\"PropertyValueSpecification\",\"valueRequired\":true,\"valueName\":\"search_term_string\"}}],\"inLanguage\":\"pt-PT\"},{\"@type\":\"Organization\",\"@id\":\"https:\\\/\\\/jornaldasoficinas.com\\\/pt\\\/#organization\",\"name\":\"Jornal das Oficinas\",\"url\":\"https:\\\/\\\/jornaldasoficinas.com\\\/pt\\\/\",\"logo\":{\"@type\":\"ImageObject\",\"inLanguage\":\"pt-PT\",\"@id\":\"https:\\\/\\\/jornaldasoficinas.com\\\/pt\\\/#\\\/schema\\\/logo\\\/image\\\/\",\"url\":\"https:\\\/\\\/jornaldasoficinas.com\\\/pt\\\/wp-content\\\/uploads\\\/logoJO-SEO.png\",\"contentUrl\":\"https:\\\/\\\/jornaldasoficinas.com\\\/pt\\\/wp-content\\\/uploads\\\/logoJO-SEO.png\",\"width\":285,\"height\":450,\"caption\":\"Jornal das Oficinas\"},\"image\":{\"@id\":\"https:\\\/\\\/jornaldasoficinas.com\\\/pt\\\/#\\\/schema\\\/logo\\\/image\\\/\"},\"sameAs\":[\"https:\\\/\\\/www.facebook.com\\\/jornaloficinas\",\"https:\\\/\\\/x.com\\\/jornaloficinas\",\"https:\\\/\\\/www.instagram.com\\\/jornal_oficinas\\\/\",\"https:\\\/\\\/www.linkedin.com\\\/company\\\/jornal-das-oficinas\\\/\",\"https:\\\/\\\/www.youtube.com\\\/channel\\\/UCbQZBqtcvV-oSQrr7RzINGg\"]},{\"@type\":\"Person\",\"@id\":\"https:\\\/\\\/jornaldasoficinas.com\\\/pt\\\/#\\\/schema\\\/person\\\/a38eef5de2c41d9e7c9ac10141afddf3\",\"name\":\"Reda\u00e7\u00e3o JO\",\"image\":{\"@type\":\"ImageObject\",\"inLanguage\":\"pt-PT\",\"@id\":\"https:\\\/\\\/secure.gravatar.com\\\/avatar\\\/71f2fa71737ad68a84fea94bc708ddac8ea5b0c4788dc2ad202f3ccb2887742f?s=96&d=wp_user_avatar&r=g\",\"url\":\"https:\\\/\\\/secure.gravatar.com\\\/avatar\\\/71f2fa71737ad68a84fea94bc708ddac8ea5b0c4788dc2ad202f3ccb2887742f?s=96&d=wp_user_avatar&r=g\",\"contentUrl\":\"https:\\\/\\\/secure.gravatar.com\\\/avatar\\\/71f2fa71737ad68a84fea94bc708ddac8ea5b0c4788dc2ad202f3ccb2887742f?s=96&d=wp_user_avatar&r=g\",\"caption\":\"Reda\u00e7\u00e3o JO\"},\"url\":\"https:\\\/\\\/jornaldasoficinas.com\\\/pt\\\/author\\\/joredacao\\\/\"}]}<\/script>\n<!-- \/ Yoast SEO plugin. -->","yoast_head_json":{"title":"Serca presente na apresenta\u00e7\u00e3o das redes oficinais - Jornal das Oficinas","robots":{"index":"index","follow":"follow","max-snippet":"max-snippet:-1","max-image-preview":"max-image-preview:large","max-video-preview":"max-video-preview:-1"},"canonical":"https:\/\/jornaldasoficinas.com\/pt\/serca-presente-na-apresentacao-das-redes-oficinais\/","og_locale":"pt_PT","og_type":"article","og_title":"Serca presente na apresenta\u00e7\u00e3o das redes oficinais - Jornal das Oficinas","og_description":"O Grupo Serca acompanhou o seu...","og_url":"https:\/\/jornaldasoficinas.com\/pt\/serca-presente-na-apresentacao-das-redes-oficinais\/","og_site_name":"Jornal das Oficinas","article_publisher":"https:\/\/www.facebook.com\/jornaloficinas","article_published_time":"2022-06-09T09:00:50+00:00","og_image":[{"width":1024,"height":581,"url":"https:\/\/jornaldasoficinas.com\/pt\/wp-content\/uploads\/2022\/06\/Serca-presente-na-apresentac\u0327a\u0303o-das-redes-oficinais.png","type":"image\/png"}],"author":"Reda\u00e7\u00e3o JO","twitter_card":"summary_large_image","twitter_creator":"@jornaloficinas","twitter_site":"@jornaloficinas","twitter_misc":{"Escrito por":"Reda\u00e7\u00e3o JO","Tempo estimado de leitura":"1 minuto"},"schema":{"@context":"https:\/\/schema.org","@graph":[{"@type":"Article","@id":"https:\/\/jornaldasoficinas.com\/pt\/serca-presente-na-apresentacao-das-redes-oficinais\/#article","isPartOf":{"@id":"https:\/\/jornaldasoficinas.com\/pt\/serca-presente-na-apresentacao-das-redes-oficinais\/"},"author":{"name":"Reda\u00e7\u00e3o JO","@id":"https:\/\/jornaldasoficinas.com\/pt\/#\/schema\/person\/a38eef5de2c41d9e7c9ac10141afddf3"},"headline":"Serca presente na apresenta\u00e7\u00e3o das redes oficinais","datePublished":"2022-06-09T09:00:50+00:00","mainEntityOfPage":{"@id":"https:\/\/jornaldasoficinas.com\/pt\/serca-presente-na-apresentacao-das-redes-oficinais\/"},"wordCount":206,"publisher":{"@id":"https:\/\/jornaldasoficinas.com\/pt\/#organization"},"image":{"@id":"https:\/\/jornaldasoficinas.com\/pt\/serca-presente-na-apresentacao-das-redes-oficinais\/#primaryimage"},"thumbnailUrl":"https:\/\/jornaldasoficinas.com\/pt\/wp-content\/uploads\/2022\/06\/Serca-presente-na-apresentac\u0327a\u0303o-das-redes-oficinais.png","keywords":["Grupo Serca","Nexus Auto","Professional Plus","RPA"],"articleSection":["Empresas"],"inLanguage":"pt-PT"},{"@type":"WebPage","@id":"https:\/\/jornaldasoficinas.com\/pt\/serca-presente-na-apresentacao-das-redes-oficinais\/","url":"https:\/\/jornaldasoficinas.com\/pt\/serca-presente-na-apresentacao-das-redes-oficinais\/","name":"Serca presente na apresenta\u00e7\u00e3o das redes oficinais - Jornal das Oficinas","isPartOf":{"@id":"https:\/\/jornaldasoficinas.com\/pt\/#website"},"primaryImageOfPage":{"@id":"https:\/\/jornaldasoficinas.com\/pt\/serca-presente-na-apresentacao-das-redes-oficinais\/#primaryimage"},"image":{"@id":"https:\/\/jornaldasoficinas.com\/pt\/serca-presente-na-apresentacao-das-redes-oficinais\/#primaryimage"},"thumbnailUrl":"https:\/\/jornaldasoficinas.com\/pt\/wp-content\/uploads\/2022\/06\/Serca-presente-na-apresentac\u0327a\u0303o-das-redes-oficinais.png","datePublished":"2022-06-09T09:00:50+00:00","breadcrumb":{"@id":"https:\/\/jornaldasoficinas.com\/pt\/serca-presente-na-apresentacao-das-redes-oficinais\/#breadcrumb"},"inLanguage":"pt-PT","potentialAction":[{"@type":"ReadAction","target":["https:\/\/jornaldasoficinas.com\/pt\/serca-presente-na-apresentacao-das-redes-oficinais\/"]}]},{"@type":"ImageObject","inLanguage":"pt-PT","@id":"https:\/\/jornaldasoficinas.com\/pt\/serca-presente-na-apresentacao-das-redes-oficinais\/#primaryimage","url":"https:\/\/jornaldasoficinas.com\/pt\/wp-content\/uploads\/2022\/06\/Serca-presente-na-apresentac\u0327a\u0303o-das-redes-oficinais.png","contentUrl":"https:\/\/jornaldasoficinas.com\/pt\/wp-content\/uploads\/2022\/06\/Serca-presente-na-apresentac\u0327a\u0303o-das-redes-oficinais.png","width":1024,"height":581,"caption":"06 - Serca presente na apresentac\u0327a\u0303o das redes oficinais"},{"@type":"BreadcrumbList","@id":"https:\/\/jornaldasoficinas.com\/pt\/serca-presente-na-apresentacao-das-redes-oficinais\/#breadcrumb","itemListElement":[{"@type":"ListItem","position":1,"name":"In\u00edcio","item":"https:\/\/jornaldasoficinas.com\/pt\/"},{"@type":"ListItem","position":2,"name":"Serca presente na apresenta\u00e7\u00e3o das redes oficinais"}]},{"@type":"WebSite","@id":"https:\/\/jornaldasoficinas.com\/pt\/#website","url":"https:\/\/jornaldasoficinas.com\/pt\/","name":"Jornal das Oficinas","description":"Jornal independente do Aftermarket Autom\u00f3vel em Portugal","publisher":{"@id":"https:\/\/jornaldasoficinas.com\/pt\/#organization"},"potentialAction":[{"@type":"SearchAction","target":{"@type":"EntryPoint","urlTemplate":"https:\/\/jornaldasoficinas.com\/pt\/?s={search_term_string}"},"query-input":{"@type":"PropertyValueSpecification","valueRequired":true,"valueName":"search_term_string"}}],"inLanguage":"pt-PT"},{"@type":"Organization","@id":"https:\/\/jornaldasoficinas.com\/pt\/#organization","name":"Jornal das Oficinas","url":"https:\/\/jornaldasoficinas.com\/pt\/","logo":{"@type":"ImageObject","inLanguage":"pt-PT","@id":"https:\/\/jornaldasoficinas.com\/pt\/#\/schema\/logo\/image\/","url":"https:\/\/jornaldasoficinas.com\/pt\/wp-content\/uploads\/logoJO-SEO.png","contentUrl":"https:\/\/jornaldasoficinas.com\/pt\/wp-content\/uploads\/logoJO-SEO.png","width":285,"height":450,"caption":"Jornal das Oficinas"},"image":{"@id":"https:\/\/jornaldasoficinas.com\/pt\/#\/schema\/logo\/image\/"},"sameAs":["https:\/\/www.facebook.com\/jornaloficinas","https:\/\/x.com\/jornaloficinas","https:\/\/www.instagram.com\/jornal_oficinas\/","https:\/\/www.linkedin.com\/company\/jornal-das-oficinas\/","https:\/\/www.youtube.com\/channel\/UCbQZBqtcvV-oSQrr7RzINGg"]},{"@type":"Person","@id":"https:\/\/jornaldasoficinas.com\/pt\/#\/schema\/person\/a38eef5de2c41d9e7c9ac10141afddf3","name":"Reda\u00e7\u00e3o JO","image":{"@type":"ImageObject","inLanguage":"pt-PT","@id":"https:\/\/secure.gravatar.com\/avatar\/71f2fa71737ad68a84fea94bc708ddac8ea5b0c4788dc2ad202f3ccb2887742f?s=96&d=wp_user_avatar&r=g","url":"https:\/\/secure.gravatar.com\/avatar\/71f2fa71737ad68a84fea94bc708ddac8ea5b0c4788dc2ad202f3ccb2887742f?s=96&d=wp_user_avatar&r=g","contentUrl":"https:\/\/secure.gravatar.com\/avatar\/71f2fa71737ad68a84fea94bc708ddac8ea5b0c4788dc2ad202f3ccb2887742f?s=96&d=wp_user_avatar&r=g","caption":"Reda\u00e7\u00e3o JO"},"url":"https:\/\/jornaldasoficinas.com\/pt\/author\/joredacao\/"}]}},"_links":{"self":[{"href":"https:\/\/jornaldasoficinas.com\/pt\/wp-json\/wp\/v2\/posts\/30452","targetHints":{"allow":["GET"]}}],"collection":[{"href":"https:\/\/jornaldasoficinas.com\/pt\/wp-json\/wp\/v2\/posts"}],"about":[{"href":"https:\/\/jornaldasoficinas.com\/pt\/wp-json\/wp\/v2\/types\/post"}],"author":[{"embeddable":true,"href":"https:\/\/jornaldasoficinas.com\/pt\/wp-json\/wp\/v2\/users\/15"}],"replies":[{"embeddable":true,"href":"https:\/\/jornaldasoficinas.com\/pt\/wp-json\/wp\/v2\/comments?post=30452"}],"version-history":[{"count":0,"href":"https:\/\/jornaldasoficinas.com\/pt\/wp-json\/wp\/v2\/posts\/30452\/revisions"}],"wp:featuredmedia":[{"embeddable":true,"href":"https:\/\/jornaldasoficinas.com\/pt\/wp-json\/wp\/v2\/media\/30435"}],"wp:attachment":[{"href":"https:\/\/jornaldasoficinas.com\/pt\/wp-json\/wp\/v2\/media?parent=30452"}],"wp:term":[{"taxonomy":"category","embeddable":true,"href":"https:\/\/jornaldasoficinas.com\/pt\/wp-json\/wp\/v2\/categories?post=30452"},{"taxonomy":"post_tag","embeddable":true,"href":"https:\/\/jornaldasoficinas.com\/pt\/wp-json\/wp\/v2\/tags?post=30452"}],"curies":[{"name":"wp","href":"https:\/\/api.w.org\/{rel}","templated":true}]}}