{"id":30462,"date":"2022-06-08T19:00:18","date_gmt":"2022-06-08T18:00:18","guid":{"rendered":"https:\/\/jornaldasoficinas.com\/pt\/?p=30462"},"modified":"2022-10-05T22:04:01","modified_gmt":"2022-10-05T21:04:01","slug":"economia-circular-aftermarket-pecas-usadas-economicas-e-sustentaveis","status":"publish","type":"post","link":"https:\/\/jornaldasoficinas.com\/pt\/economia-circular-aftermarket-pecas-usadas-economicas-e-sustentaveis\/","title":{"rendered":"Reuse Aftermarket: Pe\u00e7as usadas  econ\u00f3micas  e sustent\u00e1veis"},"content":{"rendered":"<p><img loading=\"lazy\" decoding=\"async\" class=\"alignnone size-full wp-image-30461\" src=\"https:\/\/jornaldasoficinas.com\/pt\/wp-content\/uploads\/2022\/06\/Reuse_Aftermarket_01.jpeg\" alt=\"06 - Reuse_Aftermarket_01\" width=\"1024\" height=\"581\" srcset=\"https:\/\/jornaldasoficinas.com\/pt\/wp-content\/uploads\/2022\/06\/Reuse_Aftermarket_01.jpeg 1024w, https:\/\/jornaldasoficinas.com\/pt\/wp-content\/uploads\/2022\/06\/Reuse_Aftermarket_01-300x170.jpeg 300w, https:\/\/jornaldasoficinas.com\/pt\/wp-content\/uploads\/2022\/06\/Reuse_Aftermarket_01-150x85.jpeg 150w, https:\/\/jornaldasoficinas.com\/pt\/wp-content\/uploads\/2022\/06\/Reuse_Aftermarket_01-768x436.jpeg 768w\" sizes=\"auto, (max-width: 1024px) 100vw, 1024px\" \/><\/p>\n<p><strong>O mercado das pe\u00e7as originais usadas ainda agora come\u00e7ou, principalmente em Portugal. Ainda associamos estas pe\u00e7as \u00e0s sucatas e aos centros de abate de uma forma primitiva. Mas, embora ainda seja uma minoria, j\u00e1 se verifica um aumento do consumo de OEM usadas de ano para ano, na Europa.<\/strong><\/p>\n<p>A crise dos chips, embora devastadora para a generalidade da ind\u00fastria, acabou por beneficiar o mercado. Os consumidores foram obrigados a procurar solu\u00e7\u00f5es alternativas \u00e0 compra de originais novas e encontraram as OEM usadas. A perce\u00e7\u00e3o das vantagens das pe\u00e7as recicladas, assim como a crescente consciencializa\u00e7\u00e3o da sustentabilidade, ajudam, sem d\u00favida, o setor a descolar.<\/p>\n<p>Este crescimento deve\u00ad\u2011se n\u00e3o s\u00f3 ao facto de os consumidores estarem cada vez mais conscientes em rela\u00e7\u00e3o \u00e0 tem\u00e1tica da sustentabilidade mas tamb\u00e9m ao facto deste tipo de pe\u00e7as se apresentar como alternativa que combina qualidade e pre\u00e7os mais acess\u00edveis, j\u00e1 que algumas pe\u00e7as novas s\u00e3o praticamente imposs\u00edveis de alcan\u00e7ar, seja pela sua disponibilidade, posi\u00e7\u00e3o geogr\u00e1fica ou pre\u00e7o. Assim, os consumidores acabaram por encontrar nas pe\u00e7as usadas a melhor solu\u00e7\u00e3o. E, claro, a partir da\u00ed os condutores come\u00e7am a estar mais atentos e a sugerir as OEM recicladas a familiares e amigos que precisam de reparar o seu carro.<\/p>\n<p>Para ler todo o artigo clique <a href=\"https:\/\/www.reuseaftermarket.com\/post\/pe%C3%A7as-usadas-econ%C3%B3micas-e-sustent%C3%A1veis\" target=\"_blank\" rel=\"noopener\">aqui<\/a><\/p>\n<p><img loading=\"lazy\" decoding=\"async\" class=\"size-full wp-image-33519 aligncenter\" src=\"https:\/\/jornaldasoficinas.com\/pt\/wp-content\/uploads\/2022\/10\/24e165_785082de829846e99205502d6a27829b_mv2-1.webp\" alt=\"10 - 24e165_785082de829846e99205502d6a27829b_mv2 1\" width=\"740\" height=\"191\" srcset=\"https:\/\/jornaldasoficinas.com\/pt\/wp-content\/uploads\/2022\/10\/24e165_785082de829846e99205502d6a27829b_mv2-1.webp 740w, https:\/\/jornaldasoficinas.com\/pt\/wp-content\/uploads\/2022\/10\/24e165_785082de829846e99205502d6a27829b_mv2-1-300x77.webp 300w\" sizes=\"auto, (max-width: 740px) 100vw, 740px\" \/><\/p>\n","protected":false},"excerpt":{"rendered":"<p>O mercado das pe\u00e7as originais usadas&#8230;<\/p>\n","protected":false},"author":15,"featured_media":30461,"comment_status":"closed","ping_status":"closed","sticky":false,"template":"","format":"standard","meta":{"footnotes":""},"categories":[2754],"tags":[2818],"class_list":["post-30462","post","type-post","status-publish","format-standard","has-post-thumbnail","hentry","category-reuse-aftermarket","tag-campanha-reuse-aftermarkert"],"yoast_head":"<!-- This site is optimized with the Yoast SEO plugin v27.4 - https:\/\/yoast.com\/product\/yoast-seo-wordpress\/ -->\n<title>Reuse Aftermarket: Pe\u00e7as usadas econ\u00f3micas e sustent\u00e1veis - Jornal das Oficinas<\/title>\n<meta name=\"robots\" content=\"index, follow, max-snippet:-1, max-image-preview:large, max-video-preview:-1\" \/>\n<link rel=\"canonical\" href=\"https:\/\/jornaldasoficinas.com\/pt\/economia-circular-aftermarket-pecas-usadas-economicas-e-sustentaveis\/\" \/>\n<meta property=\"og:locale\" content=\"pt_PT\" \/>\n<meta property=\"og:type\" content=\"article\" \/>\n<meta property=\"og:title\" content=\"Reuse Aftermarket: Pe\u00e7as usadas econ\u00f3micas e sustent\u00e1veis - Jornal das Oficinas\" \/>\n<meta property=\"og:description\" content=\"O mercado das pe\u00e7as originais usadas...\" \/>\n<meta property=\"og:url\" content=\"https:\/\/jornaldasoficinas.com\/pt\/economia-circular-aftermarket-pecas-usadas-economicas-e-sustentaveis\/\" \/>\n<meta property=\"og:site_name\" content=\"Jornal das Oficinas\" \/>\n<meta property=\"article:publisher\" content=\"https:\/\/www.facebook.com\/jornaloficinas\" \/>\n<meta property=\"article:published_time\" content=\"2022-06-08T18:00:18+00:00\" \/>\n<meta property=\"article:modified_time\" content=\"2022-10-05T21:04:01+00:00\" \/>\n<meta property=\"og:image\" content=\"https:\/\/jornaldasoficinas.com\/pt\/wp-content\/uploads\/2022\/06\/Reuse_Aftermarket_01.jpeg\" \/>\n\t<meta property=\"og:image:width\" content=\"1024\" \/>\n\t<meta property=\"og:image:height\" content=\"581\" \/>\n\t<meta property=\"og:image:type\" content=\"image\/jpeg\" \/>\n<meta name=\"author\" content=\"Reda\u00e7\u00e3o JO\" \/>\n<meta name=\"twitter:card\" content=\"summary_large_image\" \/>\n<meta name=\"twitter:creator\" content=\"@jornaloficinas\" \/>\n<meta name=\"twitter:site\" content=\"@jornaloficinas\" \/>\n<meta name=\"twitter:label1\" content=\"Escrito por\" \/>\n\t<meta name=\"twitter:data1\" content=\"Reda\u00e7\u00e3o JO\" \/>\n\t<meta name=\"twitter:label2\" content=\"Tempo estimado de leitura\" \/>\n\t<meta name=\"twitter:data2\" content=\"1 minuto\" \/>\n<script type=\"application\/ld+json\" class=\"yoast-schema-graph\">{\"@context\":\"https:\\\/\\\/schema.org\",\"@graph\":[{\"@type\":\"Article\",\"@id\":\"https:\\\/\\\/jornaldasoficinas.com\\\/pt\\\/economia-circular-aftermarket-pecas-usadas-economicas-e-sustentaveis\\\/#article\",\"isPartOf\":{\"@id\":\"https:\\\/\\\/jornaldasoficinas.com\\\/pt\\\/economia-circular-aftermarket-pecas-usadas-economicas-e-sustentaveis\\\/\"},\"author\":{\"name\":\"Reda\u00e7\u00e3o JO\",\"@id\":\"https:\\\/\\\/jornaldasoficinas.com\\\/pt\\\/#\\\/schema\\\/person\\\/a38eef5de2c41d9e7c9ac10141afddf3\"},\"headline\":\"Reuse Aftermarket: Pe\u00e7as usadas econ\u00f3micas e sustent\u00e1veis\",\"datePublished\":\"2022-06-08T18:00:18+00:00\",\"dateModified\":\"2022-10-05T21:04:01+00:00\",\"mainEntityOfPage\":{\"@id\":\"https:\\\/\\\/jornaldasoficinas.com\\\/pt\\\/economia-circular-aftermarket-pecas-usadas-economicas-e-sustentaveis\\\/\"},\"wordCount\":245,\"publisher\":{\"@id\":\"https:\\\/\\\/jornaldasoficinas.com\\\/pt\\\/#organization\"},\"image\":{\"@id\":\"https:\\\/\\\/jornaldasoficinas.com\\\/pt\\\/economia-circular-aftermarket-pecas-usadas-economicas-e-sustentaveis\\\/#primaryimage\"},\"thumbnailUrl\":\"https:\\\/\\\/jornaldasoficinas.com\\\/pt\\\/wp-content\\\/uploads\\\/2022\\\/06\\\/Reuse_Aftermarket_01.jpeg\",\"keywords\":[\"Campanha Reuse Aftermarkert\"],\"articleSection\":[\"Reuse Aftermarket\"],\"inLanguage\":\"pt-PT\"},{\"@type\":\"WebPage\",\"@id\":\"https:\\\/\\\/jornaldasoficinas.com\\\/pt\\\/economia-circular-aftermarket-pecas-usadas-economicas-e-sustentaveis\\\/\",\"url\":\"https:\\\/\\\/jornaldasoficinas.com\\\/pt\\\/economia-circular-aftermarket-pecas-usadas-economicas-e-sustentaveis\\\/\",\"name\":\"Reuse Aftermarket: Pe\u00e7as usadas econ\u00f3micas e sustent\u00e1veis - Jornal das Oficinas\",\"isPartOf\":{\"@id\":\"https:\\\/\\\/jornaldasoficinas.com\\\/pt\\\/#website\"},\"primaryImageOfPage\":{\"@id\":\"https:\\\/\\\/jornaldasoficinas.com\\\/pt\\\/economia-circular-aftermarket-pecas-usadas-economicas-e-sustentaveis\\\/#primaryimage\"},\"image\":{\"@id\":\"https:\\\/\\\/jornaldasoficinas.com\\\/pt\\\/economia-circular-aftermarket-pecas-usadas-economicas-e-sustentaveis\\\/#primaryimage\"},\"thumbnailUrl\":\"https:\\\/\\\/jornaldasoficinas.com\\\/pt\\\/wp-content\\\/uploads\\\/2022\\\/06\\\/Reuse_Aftermarket_01.jpeg\",\"datePublished\":\"2022-06-08T18:00:18+00:00\",\"dateModified\":\"2022-10-05T21:04:01+00:00\",\"breadcrumb\":{\"@id\":\"https:\\\/\\\/jornaldasoficinas.com\\\/pt\\\/economia-circular-aftermarket-pecas-usadas-economicas-e-sustentaveis\\\/#breadcrumb\"},\"inLanguage\":\"pt-PT\",\"potentialAction\":[{\"@type\":\"ReadAction\",\"target\":[\"https:\\\/\\\/jornaldasoficinas.com\\\/pt\\\/economia-circular-aftermarket-pecas-usadas-economicas-e-sustentaveis\\\/\"]}]},{\"@type\":\"ImageObject\",\"inLanguage\":\"pt-PT\",\"@id\":\"https:\\\/\\\/jornaldasoficinas.com\\\/pt\\\/economia-circular-aftermarket-pecas-usadas-economicas-e-sustentaveis\\\/#primaryimage\",\"url\":\"https:\\\/\\\/jornaldasoficinas.com\\\/pt\\\/wp-content\\\/uploads\\\/2022\\\/06\\\/Reuse_Aftermarket_01.jpeg\",\"contentUrl\":\"https:\\\/\\\/jornaldasoficinas.com\\\/pt\\\/wp-content\\\/uploads\\\/2022\\\/06\\\/Reuse_Aftermarket_01.jpeg\",\"width\":1024,\"height\":581,\"caption\":\"06 - Reuse_Aftermarket_01\"},{\"@type\":\"BreadcrumbList\",\"@id\":\"https:\\\/\\\/jornaldasoficinas.com\\\/pt\\\/economia-circular-aftermarket-pecas-usadas-economicas-e-sustentaveis\\\/#breadcrumb\",\"itemListElement\":[{\"@type\":\"ListItem\",\"position\":1,\"name\":\"In\u00edcio\",\"item\":\"https:\\\/\\\/jornaldasoficinas.com\\\/pt\\\/\"},{\"@type\":\"ListItem\",\"position\":2,\"name\":\"Reuse Aftermarket: Pe\u00e7as usadas econ\u00f3micas e sustent\u00e1veis\"}]},{\"@type\":\"WebSite\",\"@id\":\"https:\\\/\\\/jornaldasoficinas.com\\\/pt\\\/#website\",\"url\":\"https:\\\/\\\/jornaldasoficinas.com\\\/pt\\\/\",\"name\":\"Jornal das Oficinas\",\"description\":\"Jornal independente do Aftermarket Autom\u00f3vel em Portugal\",\"publisher\":{\"@id\":\"https:\\\/\\\/jornaldasoficinas.com\\\/pt\\\/#organization\"},\"potentialAction\":[{\"@type\":\"SearchAction\",\"target\":{\"@type\":\"EntryPoint\",\"urlTemplate\":\"https:\\\/\\\/jornaldasoficinas.com\\\/pt\\\/?s={search_term_string}\"},\"query-input\":{\"@type\":\"PropertyValueSpecification\",\"valueRequired\":true,\"valueName\":\"search_term_string\"}}],\"inLanguage\":\"pt-PT\"},{\"@type\":\"Organization\",\"@id\":\"https:\\\/\\\/jornaldasoficinas.com\\\/pt\\\/#organization\",\"name\":\"Jornal das Oficinas\",\"url\":\"https:\\\/\\\/jornaldasoficinas.com\\\/pt\\\/\",\"logo\":{\"@type\":\"ImageObject\",\"inLanguage\":\"pt-PT\",\"@id\":\"https:\\\/\\\/jornaldasoficinas.com\\\/pt\\\/#\\\/schema\\\/logo\\\/image\\\/\",\"url\":\"https:\\\/\\\/jornaldasoficinas.com\\\/pt\\\/wp-content\\\/uploads\\\/logoJO-SEO.png\",\"contentUrl\":\"https:\\\/\\\/jornaldasoficinas.com\\\/pt\\\/wp-content\\\/uploads\\\/logoJO-SEO.png\",\"width\":285,\"height\":450,\"caption\":\"Jornal das Oficinas\"},\"image\":{\"@id\":\"https:\\\/\\\/jornaldasoficinas.com\\\/pt\\\/#\\\/schema\\\/logo\\\/image\\\/\"},\"sameAs\":[\"https:\\\/\\\/www.facebook.com\\\/jornaloficinas\",\"https:\\\/\\\/x.com\\\/jornaloficinas\",\"https:\\\/\\\/www.instagram.com\\\/jornal_oficinas\\\/\",\"https:\\\/\\\/www.linkedin.com\\\/company\\\/jornal-das-oficinas\\\/\",\"https:\\\/\\\/www.youtube.com\\\/channel\\\/UCbQZBqtcvV-oSQrr7RzINGg\"]},{\"@type\":\"Person\",\"@id\":\"https:\\\/\\\/jornaldasoficinas.com\\\/pt\\\/#\\\/schema\\\/person\\\/a38eef5de2c41d9e7c9ac10141afddf3\",\"name\":\"Reda\u00e7\u00e3o JO\",\"image\":{\"@type\":\"ImageObject\",\"inLanguage\":\"pt-PT\",\"@id\":\"https:\\\/\\\/secure.gravatar.com\\\/avatar\\\/71f2fa71737ad68a84fea94bc708ddac8ea5b0c4788dc2ad202f3ccb2887742f?s=96&d=wp_user_avatar&r=g\",\"url\":\"https:\\\/\\\/secure.gravatar.com\\\/avatar\\\/71f2fa71737ad68a84fea94bc708ddac8ea5b0c4788dc2ad202f3ccb2887742f?s=96&d=wp_user_avatar&r=g\",\"contentUrl\":\"https:\\\/\\\/secure.gravatar.com\\\/avatar\\\/71f2fa71737ad68a84fea94bc708ddac8ea5b0c4788dc2ad202f3ccb2887742f?s=96&d=wp_user_avatar&r=g\",\"caption\":\"Reda\u00e7\u00e3o JO\"},\"url\":\"https:\\\/\\\/jornaldasoficinas.com\\\/pt\\\/author\\\/joredacao\\\/\"}]}<\/script>\n<!-- \/ Yoast SEO plugin. -->","yoast_head_json":{"title":"Reuse Aftermarket: Pe\u00e7as usadas econ\u00f3micas e sustent\u00e1veis - Jornal das Oficinas","robots":{"index":"index","follow":"follow","max-snippet":"max-snippet:-1","max-image-preview":"max-image-preview:large","max-video-preview":"max-video-preview:-1"},"canonical":"https:\/\/jornaldasoficinas.com\/pt\/economia-circular-aftermarket-pecas-usadas-economicas-e-sustentaveis\/","og_locale":"pt_PT","og_type":"article","og_title":"Reuse Aftermarket: Pe\u00e7as usadas econ\u00f3micas e sustent\u00e1veis - Jornal das Oficinas","og_description":"O mercado das pe\u00e7as originais usadas...","og_url":"https:\/\/jornaldasoficinas.com\/pt\/economia-circular-aftermarket-pecas-usadas-economicas-e-sustentaveis\/","og_site_name":"Jornal das Oficinas","article_publisher":"https:\/\/www.facebook.com\/jornaloficinas","article_published_time":"2022-06-08T18:00:18+00:00","article_modified_time":"2022-10-05T21:04:01+00:00","og_image":[{"width":1024,"height":581,"url":"https:\/\/jornaldasoficinas.com\/pt\/wp-content\/uploads\/2022\/06\/Reuse_Aftermarket_01.jpeg","type":"image\/jpeg"}],"author":"Reda\u00e7\u00e3o JO","twitter_card":"summary_large_image","twitter_creator":"@jornaloficinas","twitter_site":"@jornaloficinas","twitter_misc":{"Escrito por":"Reda\u00e7\u00e3o JO","Tempo estimado de leitura":"1 minuto"},"schema":{"@context":"https:\/\/schema.org","@graph":[{"@type":"Article","@id":"https:\/\/jornaldasoficinas.com\/pt\/economia-circular-aftermarket-pecas-usadas-economicas-e-sustentaveis\/#article","isPartOf":{"@id":"https:\/\/jornaldasoficinas.com\/pt\/economia-circular-aftermarket-pecas-usadas-economicas-e-sustentaveis\/"},"author":{"name":"Reda\u00e7\u00e3o JO","@id":"https:\/\/jornaldasoficinas.com\/pt\/#\/schema\/person\/a38eef5de2c41d9e7c9ac10141afddf3"},"headline":"Reuse Aftermarket: Pe\u00e7as usadas econ\u00f3micas e sustent\u00e1veis","datePublished":"2022-06-08T18:00:18+00:00","dateModified":"2022-10-05T21:04:01+00:00","mainEntityOfPage":{"@id":"https:\/\/jornaldasoficinas.com\/pt\/economia-circular-aftermarket-pecas-usadas-economicas-e-sustentaveis\/"},"wordCount":245,"publisher":{"@id":"https:\/\/jornaldasoficinas.com\/pt\/#organization"},"image":{"@id":"https:\/\/jornaldasoficinas.com\/pt\/economia-circular-aftermarket-pecas-usadas-economicas-e-sustentaveis\/#primaryimage"},"thumbnailUrl":"https:\/\/jornaldasoficinas.com\/pt\/wp-content\/uploads\/2022\/06\/Reuse_Aftermarket_01.jpeg","keywords":["Campanha Reuse Aftermarkert"],"articleSection":["Reuse Aftermarket"],"inLanguage":"pt-PT"},{"@type":"WebPage","@id":"https:\/\/jornaldasoficinas.com\/pt\/economia-circular-aftermarket-pecas-usadas-economicas-e-sustentaveis\/","url":"https:\/\/jornaldasoficinas.com\/pt\/economia-circular-aftermarket-pecas-usadas-economicas-e-sustentaveis\/","name":"Reuse Aftermarket: Pe\u00e7as usadas econ\u00f3micas e sustent\u00e1veis - Jornal das Oficinas","isPartOf":{"@id":"https:\/\/jornaldasoficinas.com\/pt\/#website"},"primaryImageOfPage":{"@id":"https:\/\/jornaldasoficinas.com\/pt\/economia-circular-aftermarket-pecas-usadas-economicas-e-sustentaveis\/#primaryimage"},"image":{"@id":"https:\/\/jornaldasoficinas.com\/pt\/economia-circular-aftermarket-pecas-usadas-economicas-e-sustentaveis\/#primaryimage"},"thumbnailUrl":"https:\/\/jornaldasoficinas.com\/pt\/wp-content\/uploads\/2022\/06\/Reuse_Aftermarket_01.jpeg","datePublished":"2022-06-08T18:00:18+00:00","dateModified":"2022-10-05T21:04:01+00:00","breadcrumb":{"@id":"https:\/\/jornaldasoficinas.com\/pt\/economia-circular-aftermarket-pecas-usadas-economicas-e-sustentaveis\/#breadcrumb"},"inLanguage":"pt-PT","potentialAction":[{"@type":"ReadAction","target":["https:\/\/jornaldasoficinas.com\/pt\/economia-circular-aftermarket-pecas-usadas-economicas-e-sustentaveis\/"]}]},{"@type":"ImageObject","inLanguage":"pt-PT","@id":"https:\/\/jornaldasoficinas.com\/pt\/economia-circular-aftermarket-pecas-usadas-economicas-e-sustentaveis\/#primaryimage","url":"https:\/\/jornaldasoficinas.com\/pt\/wp-content\/uploads\/2022\/06\/Reuse_Aftermarket_01.jpeg","contentUrl":"https:\/\/jornaldasoficinas.com\/pt\/wp-content\/uploads\/2022\/06\/Reuse_Aftermarket_01.jpeg","width":1024,"height":581,"caption":"06 - Reuse_Aftermarket_01"},{"@type":"BreadcrumbList","@id":"https:\/\/jornaldasoficinas.com\/pt\/economia-circular-aftermarket-pecas-usadas-economicas-e-sustentaveis\/#breadcrumb","itemListElement":[{"@type":"ListItem","position":1,"name":"In\u00edcio","item":"https:\/\/jornaldasoficinas.com\/pt\/"},{"@type":"ListItem","position":2,"name":"Reuse Aftermarket: Pe\u00e7as usadas econ\u00f3micas e sustent\u00e1veis"}]},{"@type":"WebSite","@id":"https:\/\/jornaldasoficinas.com\/pt\/#website","url":"https:\/\/jornaldasoficinas.com\/pt\/","name":"Jornal das Oficinas","description":"Jornal independente do Aftermarket Autom\u00f3vel em Portugal","publisher":{"@id":"https:\/\/jornaldasoficinas.com\/pt\/#organization"},"potentialAction":[{"@type":"SearchAction","target":{"@type":"EntryPoint","urlTemplate":"https:\/\/jornaldasoficinas.com\/pt\/?s={search_term_string}"},"query-input":{"@type":"PropertyValueSpecification","valueRequired":true,"valueName":"search_term_string"}}],"inLanguage":"pt-PT"},{"@type":"Organization","@id":"https:\/\/jornaldasoficinas.com\/pt\/#organization","name":"Jornal das Oficinas","url":"https:\/\/jornaldasoficinas.com\/pt\/","logo":{"@type":"ImageObject","inLanguage":"pt-PT","@id":"https:\/\/jornaldasoficinas.com\/pt\/#\/schema\/logo\/image\/","url":"https:\/\/jornaldasoficinas.com\/pt\/wp-content\/uploads\/logoJO-SEO.png","contentUrl":"https:\/\/jornaldasoficinas.com\/pt\/wp-content\/uploads\/logoJO-SEO.png","width":285,"height":450,"caption":"Jornal das Oficinas"},"image":{"@id":"https:\/\/jornaldasoficinas.com\/pt\/#\/schema\/logo\/image\/"},"sameAs":["https:\/\/www.facebook.com\/jornaloficinas","https:\/\/x.com\/jornaloficinas","https:\/\/www.instagram.com\/jornal_oficinas\/","https:\/\/www.linkedin.com\/company\/jornal-das-oficinas\/","https:\/\/www.youtube.com\/channel\/UCbQZBqtcvV-oSQrr7RzINGg"]},{"@type":"Person","@id":"https:\/\/jornaldasoficinas.com\/pt\/#\/schema\/person\/a38eef5de2c41d9e7c9ac10141afddf3","name":"Reda\u00e7\u00e3o JO","image":{"@type":"ImageObject","inLanguage":"pt-PT","@id":"https:\/\/secure.gravatar.com\/avatar\/71f2fa71737ad68a84fea94bc708ddac8ea5b0c4788dc2ad202f3ccb2887742f?s=96&d=wp_user_avatar&r=g","url":"https:\/\/secure.gravatar.com\/avatar\/71f2fa71737ad68a84fea94bc708ddac8ea5b0c4788dc2ad202f3ccb2887742f?s=96&d=wp_user_avatar&r=g","contentUrl":"https:\/\/secure.gravatar.com\/avatar\/71f2fa71737ad68a84fea94bc708ddac8ea5b0c4788dc2ad202f3ccb2887742f?s=96&d=wp_user_avatar&r=g","caption":"Reda\u00e7\u00e3o JO"},"url":"https:\/\/jornaldasoficinas.com\/pt\/author\/joredacao\/"}]}},"_links":{"self":[{"href":"https:\/\/jornaldasoficinas.com\/pt\/wp-json\/wp\/v2\/posts\/30462","targetHints":{"allow":["GET"]}}],"collection":[{"href":"https:\/\/jornaldasoficinas.com\/pt\/wp-json\/wp\/v2\/posts"}],"about":[{"href":"https:\/\/jornaldasoficinas.com\/pt\/wp-json\/wp\/v2\/types\/post"}],"author":[{"embeddable":true,"href":"https:\/\/jornaldasoficinas.com\/pt\/wp-json\/wp\/v2\/users\/15"}],"replies":[{"embeddable":true,"href":"https:\/\/jornaldasoficinas.com\/pt\/wp-json\/wp\/v2\/comments?post=30462"}],"version-history":[{"count":0,"href":"https:\/\/jornaldasoficinas.com\/pt\/wp-json\/wp\/v2\/posts\/30462\/revisions"}],"wp:featuredmedia":[{"embeddable":true,"href":"https:\/\/jornaldasoficinas.com\/pt\/wp-json\/wp\/v2\/media\/30461"}],"wp:attachment":[{"href":"https:\/\/jornaldasoficinas.com\/pt\/wp-json\/wp\/v2\/media?parent=30462"}],"wp:term":[{"taxonomy":"category","embeddable":true,"href":"https:\/\/jornaldasoficinas.com\/pt\/wp-json\/wp\/v2\/categories?post=30462"},{"taxonomy":"post_tag","embeddable":true,"href":"https:\/\/jornaldasoficinas.com\/pt\/wp-json\/wp\/v2\/tags?post=30462"}],"curies":[{"name":"wp","href":"https:\/\/api.w.org\/{rel}","templated":true}]}}