{"id":30541,"date":"2022-06-12T19:30:38","date_gmt":"2022-06-12T18:30:38","guid":{"rendered":"https:\/\/jornaldasoficinas.com\/pt\/?p=30541"},"modified":"2022-06-10T18:37:26","modified_gmt":"2022-06-10T17:37:26","slug":"portugal-tem-um-grande-potencial-para-a-alkar-xabier-jauregizar-alkar","status":"publish","type":"post","link":"https:\/\/jornaldasoficinas.com\/pt\/portugal-tem-um-grande-potencial-para-a-alkar-xabier-jauregizar-alkar\/","title":{"rendered":"&#8220;Portugal  tem um grande  potencial  para a Alkar&#8221;, Xabier Jauregizar, Alkar"},"content":{"rendered":"<p><strong><img loading=\"lazy\" decoding=\"async\" class=\"alignnone size-full wp-image-30537\" src=\"https:\/\/jornaldasoficinas.com\/pt\/wp-content\/uploads\/2022\/06\/Xabier-Jauregizar_alkar_jornal_das_oficinas.jpeg\" alt=\"06 - Xabier Jauregizar_alkar_jornal_das_oficinas\" width=\"1024\" height=\"581\" srcset=\"https:\/\/jornaldasoficinas.com\/pt\/wp-content\/uploads\/2022\/06\/Xabier-Jauregizar_alkar_jornal_das_oficinas.jpeg 1024w, https:\/\/jornaldasoficinas.com\/pt\/wp-content\/uploads\/2022\/06\/Xabier-Jauregizar_alkar_jornal_das_oficinas-300x170.jpeg 300w, https:\/\/jornaldasoficinas.com\/pt\/wp-content\/uploads\/2022\/06\/Xabier-Jauregizar_alkar_jornal_das_oficinas-150x85.jpeg 150w, https:\/\/jornaldasoficinas.com\/pt\/wp-content\/uploads\/2022\/06\/Xabier-Jauregizar_alkar_jornal_das_oficinas-768x436.jpeg 768w\" sizes=\"auto, (max-width: 1024px) 100vw, 1024px\" \/><\/strong><\/p>\n<p><strong>Entrevist\u00e1mos Xabier Jauregizar, Diretor Comercial Espanha e Portugal da <a href=\"https:\/\/www.alkar.es\/es\/\" target=\"_blank\" rel=\"noopener\">Alkar<\/a>, uma empresa fabricante de far\u00f3is e retrovisores para aftermarket, que tem um centro de produ\u00e7\u00e3o instalado em Portugal e que atualmente comercializa os seus produtos para 78 pa\u00edses. O mercado portugu\u00eas, assegura, \u00e9 muito importante para a Alkar e tem ainda potencial para crescer<\/strong><\/p>\n<p>A Alkar Automotive \u00e9 uma empresa espanhola, fundada em 1968, refer\u00eancia mundial no fabrico e distribui\u00e7\u00e3o de espelhos completos e respetivos manuais, ilumina\u00e7\u00e3o e defletores, n\u00e3o s\u00f3 para ve\u00edculos ligeiros, como tamb\u00e9m para pesados e comerciais. A especializa\u00e7\u00e3o em espelhos retrovisores come\u00e7ou em 1990 e a partir de 2003 foi introduzida a gama de ilumina\u00e7\u00e3o. Um ano depois, em 2004, \u00e9 fundada a Alkar Autospiegel, na Alemanha. O crescimento da empresa n\u00e3o mais parou e, em 2007, abria o novo centro log\u00edstico em Boroa (Espanha) e, em 2015, outro em Geseke (Alemanha). Pelo meio, passou a integrar a TecCom, corria o ano de 2012. J\u00e1 em 2020, no ano da pandemia, foi inaugurado o novo centro log\u00edstico 100% autom\u00e1tico de Boroa.<\/p>\n<p>Para ler todo o artigo clique <a href=\"https:\/\/www.yumpu.com\/pt\/document\/read\/66928073\/jornal-das-oficinas-198\/44\" target=\"_blank\" rel=\"noopener\">aqui<\/a>.<\/p>\n","protected":false},"excerpt":{"rendered":"<p>Entrevist\u00e1mos Xabier Jauregizar, Diretor Comercial Espanha&#8230;<\/p>\n","protected":false},"author":15,"featured_media":30537,"comment_status":"closed","ping_status":"closed","sticky":false,"template":"","format":"standard","meta":{"footnotes":""},"categories":[38],"tags":[23],"class_list":["post-30541","post","type-post","status-publish","format-standard","has-post-thumbnail","hentry","category-entrevistas","tag-alkar"],"yoast_head":"<!-- This site is optimized with the Yoast SEO plugin v27.5 - https:\/\/yoast.com\/product\/yoast-seo-wordpress\/ -->\n<title>&quot;Portugal tem um grande potencial para a Alkar&quot;, Xabier Jauregizar, Alkar - Jornal das Oficinas<\/title>\n<meta name=\"robots\" content=\"index, follow, max-snippet:-1, max-image-preview:large, max-video-preview:-1\" \/>\n<link rel=\"canonical\" href=\"https:\/\/jornaldasoficinas.com\/pt\/portugal-tem-um-grande-potencial-para-a-alkar-xabier-jauregizar-alkar\/\" \/>\n<meta property=\"og:locale\" content=\"pt_PT\" \/>\n<meta property=\"og:type\" content=\"article\" \/>\n<meta property=\"og:title\" content=\"&quot;Portugal tem um grande potencial para a Alkar&quot;, Xabier Jauregizar, Alkar - Jornal das Oficinas\" \/>\n<meta property=\"og:description\" content=\"Entrevist\u00e1mos Xabier Jauregizar, Diretor Comercial Espanha...\" \/>\n<meta property=\"og:url\" content=\"https:\/\/jornaldasoficinas.com\/pt\/portugal-tem-um-grande-potencial-para-a-alkar-xabier-jauregizar-alkar\/\" \/>\n<meta property=\"og:site_name\" content=\"Jornal das Oficinas\" \/>\n<meta property=\"article:publisher\" content=\"https:\/\/www.facebook.com\/jornaloficinas\" \/>\n<meta property=\"article:published_time\" content=\"2022-06-12T18:30:38+00:00\" \/>\n<meta property=\"og:image\" content=\"https:\/\/jornaldasoficinas.com\/pt\/wp-content\/uploads\/2022\/06\/Xabier-Jauregizar_alkar_jornal_das_oficinas.jpeg\" \/>\n\t<meta property=\"og:image:width\" content=\"1024\" \/>\n\t<meta property=\"og:image:height\" content=\"581\" \/>\n\t<meta property=\"og:image:type\" content=\"image\/jpeg\" \/>\n<meta name=\"author\" content=\"Reda\u00e7\u00e3o JO\" \/>\n<meta name=\"twitter:card\" content=\"summary_large_image\" \/>\n<meta name=\"twitter:creator\" content=\"@jornaloficinas\" \/>\n<meta name=\"twitter:site\" content=\"@jornaloficinas\" \/>\n<meta name=\"twitter:label1\" content=\"Escrito por\" \/>\n\t<meta name=\"twitter:data1\" content=\"Reda\u00e7\u00e3o JO\" \/>\n\t<meta name=\"twitter:label2\" content=\"Tempo estimado de leitura\" \/>\n\t<meta name=\"twitter:data2\" content=\"1 minuto\" \/>\n<script type=\"application\/ld+json\" class=\"yoast-schema-graph\">{\"@context\":\"https:\\\/\\\/schema.org\",\"@graph\":[{\"@type\":\"Article\",\"@id\":\"https:\\\/\\\/jornaldasoficinas.com\\\/pt\\\/portugal-tem-um-grande-potencial-para-a-alkar-xabier-jauregizar-alkar\\\/#article\",\"isPartOf\":{\"@id\":\"https:\\\/\\\/jornaldasoficinas.com\\\/pt\\\/portugal-tem-um-grande-potencial-para-a-alkar-xabier-jauregizar-alkar\\\/\"},\"author\":{\"name\":\"Reda\u00e7\u00e3o JO\",\"@id\":\"https:\\\/\\\/jornaldasoficinas.com\\\/pt\\\/#\\\/schema\\\/person\\\/a38eef5de2c41d9e7c9ac10141afddf3\"},\"headline\":\"&#8220;Portugal tem um grande potencial para a Alkar&#8221;, Xabier Jauregizar, Alkar\",\"datePublished\":\"2022-06-12T18:30:38+00:00\",\"mainEntityOfPage\":{\"@id\":\"https:\\\/\\\/jornaldasoficinas.com\\\/pt\\\/portugal-tem-um-grande-potencial-para-a-alkar-xabier-jauregizar-alkar\\\/\"},\"wordCount\":198,\"publisher\":{\"@id\":\"https:\\\/\\\/jornaldasoficinas.com\\\/pt\\\/#organization\"},\"image\":{\"@id\":\"https:\\\/\\\/jornaldasoficinas.com\\\/pt\\\/portugal-tem-um-grande-potencial-para-a-alkar-xabier-jauregizar-alkar\\\/#primaryimage\"},\"thumbnailUrl\":\"https:\\\/\\\/jornaldasoficinas.com\\\/pt\\\/wp-content\\\/uploads\\\/2022\\\/06\\\/Xabier-Jauregizar_alkar_jornal_das_oficinas.jpeg\",\"keywords\":[\"Alkar\"],\"articleSection\":[\"Entrevistas\"],\"inLanguage\":\"pt-PT\"},{\"@type\":\"WebPage\",\"@id\":\"https:\\\/\\\/jornaldasoficinas.com\\\/pt\\\/portugal-tem-um-grande-potencial-para-a-alkar-xabier-jauregizar-alkar\\\/\",\"url\":\"https:\\\/\\\/jornaldasoficinas.com\\\/pt\\\/portugal-tem-um-grande-potencial-para-a-alkar-xabier-jauregizar-alkar\\\/\",\"name\":\"\\\"Portugal tem um grande potencial para a Alkar\\\", Xabier Jauregizar, Alkar - Jornal das Oficinas\",\"isPartOf\":{\"@id\":\"https:\\\/\\\/jornaldasoficinas.com\\\/pt\\\/#website\"},\"primaryImageOfPage\":{\"@id\":\"https:\\\/\\\/jornaldasoficinas.com\\\/pt\\\/portugal-tem-um-grande-potencial-para-a-alkar-xabier-jauregizar-alkar\\\/#primaryimage\"},\"image\":{\"@id\":\"https:\\\/\\\/jornaldasoficinas.com\\\/pt\\\/portugal-tem-um-grande-potencial-para-a-alkar-xabier-jauregizar-alkar\\\/#primaryimage\"},\"thumbnailUrl\":\"https:\\\/\\\/jornaldasoficinas.com\\\/pt\\\/wp-content\\\/uploads\\\/2022\\\/06\\\/Xabier-Jauregizar_alkar_jornal_das_oficinas.jpeg\",\"datePublished\":\"2022-06-12T18:30:38+00:00\",\"breadcrumb\":{\"@id\":\"https:\\\/\\\/jornaldasoficinas.com\\\/pt\\\/portugal-tem-um-grande-potencial-para-a-alkar-xabier-jauregizar-alkar\\\/#breadcrumb\"},\"inLanguage\":\"pt-PT\",\"potentialAction\":[{\"@type\":\"ReadAction\",\"target\":[\"https:\\\/\\\/jornaldasoficinas.com\\\/pt\\\/portugal-tem-um-grande-potencial-para-a-alkar-xabier-jauregizar-alkar\\\/\"]}]},{\"@type\":\"ImageObject\",\"inLanguage\":\"pt-PT\",\"@id\":\"https:\\\/\\\/jornaldasoficinas.com\\\/pt\\\/portugal-tem-um-grande-potencial-para-a-alkar-xabier-jauregizar-alkar\\\/#primaryimage\",\"url\":\"https:\\\/\\\/jornaldasoficinas.com\\\/pt\\\/wp-content\\\/uploads\\\/2022\\\/06\\\/Xabier-Jauregizar_alkar_jornal_das_oficinas.jpeg\",\"contentUrl\":\"https:\\\/\\\/jornaldasoficinas.com\\\/pt\\\/wp-content\\\/uploads\\\/2022\\\/06\\\/Xabier-Jauregizar_alkar_jornal_das_oficinas.jpeg\",\"width\":1024,\"height\":581,\"caption\":\"06 - Xabier Jauregizar_alkar_jornal_das_oficinas\"},{\"@type\":\"BreadcrumbList\",\"@id\":\"https:\\\/\\\/jornaldasoficinas.com\\\/pt\\\/portugal-tem-um-grande-potencial-para-a-alkar-xabier-jauregizar-alkar\\\/#breadcrumb\",\"itemListElement\":[{\"@type\":\"ListItem\",\"position\":1,\"name\":\"In\u00edcio\",\"item\":\"https:\\\/\\\/jornaldasoficinas.com\\\/pt\\\/\"},{\"@type\":\"ListItem\",\"position\":2,\"name\":\"&#8220;Portugal tem um grande potencial para a Alkar&#8221;, Xabier Jauregizar, Alkar\"}]},{\"@type\":\"WebSite\",\"@id\":\"https:\\\/\\\/jornaldasoficinas.com\\\/pt\\\/#website\",\"url\":\"https:\\\/\\\/jornaldasoficinas.com\\\/pt\\\/\",\"name\":\"Jornal das Oficinas\",\"description\":\"Jornal independente do Aftermarket Autom\u00f3vel em Portugal\",\"publisher\":{\"@id\":\"https:\\\/\\\/jornaldasoficinas.com\\\/pt\\\/#organization\"},\"potentialAction\":[{\"@type\":\"SearchAction\",\"target\":{\"@type\":\"EntryPoint\",\"urlTemplate\":\"https:\\\/\\\/jornaldasoficinas.com\\\/pt\\\/?s={search_term_string}\"},\"query-input\":{\"@type\":\"PropertyValueSpecification\",\"valueRequired\":true,\"valueName\":\"search_term_string\"}}],\"inLanguage\":\"pt-PT\"},{\"@type\":\"Organization\",\"@id\":\"https:\\\/\\\/jornaldasoficinas.com\\\/pt\\\/#organization\",\"name\":\"Jornal das Oficinas\",\"url\":\"https:\\\/\\\/jornaldasoficinas.com\\\/pt\\\/\",\"logo\":{\"@type\":\"ImageObject\",\"inLanguage\":\"pt-PT\",\"@id\":\"https:\\\/\\\/jornaldasoficinas.com\\\/pt\\\/#\\\/schema\\\/logo\\\/image\\\/\",\"url\":\"https:\\\/\\\/jornaldasoficinas.com\\\/pt\\\/wp-content\\\/uploads\\\/logoJO-SEO.png\",\"contentUrl\":\"https:\\\/\\\/jornaldasoficinas.com\\\/pt\\\/wp-content\\\/uploads\\\/logoJO-SEO.png\",\"width\":285,\"height\":450,\"caption\":\"Jornal das Oficinas\"},\"image\":{\"@id\":\"https:\\\/\\\/jornaldasoficinas.com\\\/pt\\\/#\\\/schema\\\/logo\\\/image\\\/\"},\"sameAs\":[\"https:\\\/\\\/www.facebook.com\\\/jornaloficinas\",\"https:\\\/\\\/x.com\\\/jornaloficinas\",\"https:\\\/\\\/www.instagram.com\\\/jornal_oficinas\\\/\",\"https:\\\/\\\/www.linkedin.com\\\/company\\\/jornal-das-oficinas\\\/\",\"https:\\\/\\\/www.youtube.com\\\/channel\\\/UCbQZBqtcvV-oSQrr7RzINGg\"]},{\"@type\":\"Person\",\"@id\":\"https:\\\/\\\/jornaldasoficinas.com\\\/pt\\\/#\\\/schema\\\/person\\\/a38eef5de2c41d9e7c9ac10141afddf3\",\"name\":\"Reda\u00e7\u00e3o JO\",\"image\":{\"@type\":\"ImageObject\",\"inLanguage\":\"pt-PT\",\"@id\":\"https:\\\/\\\/secure.gravatar.com\\\/avatar\\\/71f2fa71737ad68a84fea94bc708ddac8ea5b0c4788dc2ad202f3ccb2887742f?s=96&d=wp_user_avatar&r=g\",\"url\":\"https:\\\/\\\/secure.gravatar.com\\\/avatar\\\/71f2fa71737ad68a84fea94bc708ddac8ea5b0c4788dc2ad202f3ccb2887742f?s=96&d=wp_user_avatar&r=g\",\"contentUrl\":\"https:\\\/\\\/secure.gravatar.com\\\/avatar\\\/71f2fa71737ad68a84fea94bc708ddac8ea5b0c4788dc2ad202f3ccb2887742f?s=96&d=wp_user_avatar&r=g\",\"caption\":\"Reda\u00e7\u00e3o JO\"},\"url\":\"https:\\\/\\\/jornaldasoficinas.com\\\/pt\\\/author\\\/joredacao\\\/\"}]}<\/script>\n<!-- \/ Yoast SEO plugin. -->","yoast_head_json":{"title":"\"Portugal tem um grande potencial para a Alkar\", Xabier Jauregizar, Alkar - Jornal das Oficinas","robots":{"index":"index","follow":"follow","max-snippet":"max-snippet:-1","max-image-preview":"max-image-preview:large","max-video-preview":"max-video-preview:-1"},"canonical":"https:\/\/jornaldasoficinas.com\/pt\/portugal-tem-um-grande-potencial-para-a-alkar-xabier-jauregizar-alkar\/","og_locale":"pt_PT","og_type":"article","og_title":"\"Portugal tem um grande potencial para a Alkar\", Xabier Jauregizar, Alkar - Jornal das Oficinas","og_description":"Entrevist\u00e1mos Xabier Jauregizar, Diretor Comercial Espanha...","og_url":"https:\/\/jornaldasoficinas.com\/pt\/portugal-tem-um-grande-potencial-para-a-alkar-xabier-jauregizar-alkar\/","og_site_name":"Jornal das Oficinas","article_publisher":"https:\/\/www.facebook.com\/jornaloficinas","article_published_time":"2022-06-12T18:30:38+00:00","og_image":[{"width":1024,"height":581,"url":"https:\/\/jornaldasoficinas.com\/pt\/wp-content\/uploads\/2022\/06\/Xabier-Jauregizar_alkar_jornal_das_oficinas.jpeg","type":"image\/jpeg"}],"author":"Reda\u00e7\u00e3o JO","twitter_card":"summary_large_image","twitter_creator":"@jornaloficinas","twitter_site":"@jornaloficinas","twitter_misc":{"Escrito por":"Reda\u00e7\u00e3o JO","Tempo estimado de leitura":"1 minuto"},"schema":{"@context":"https:\/\/schema.org","@graph":[{"@type":"Article","@id":"https:\/\/jornaldasoficinas.com\/pt\/portugal-tem-um-grande-potencial-para-a-alkar-xabier-jauregizar-alkar\/#article","isPartOf":{"@id":"https:\/\/jornaldasoficinas.com\/pt\/portugal-tem-um-grande-potencial-para-a-alkar-xabier-jauregizar-alkar\/"},"author":{"name":"Reda\u00e7\u00e3o JO","@id":"https:\/\/jornaldasoficinas.com\/pt\/#\/schema\/person\/a38eef5de2c41d9e7c9ac10141afddf3"},"headline":"&#8220;Portugal tem um grande potencial para a Alkar&#8221;, Xabier Jauregizar, Alkar","datePublished":"2022-06-12T18:30:38+00:00","mainEntityOfPage":{"@id":"https:\/\/jornaldasoficinas.com\/pt\/portugal-tem-um-grande-potencial-para-a-alkar-xabier-jauregizar-alkar\/"},"wordCount":198,"publisher":{"@id":"https:\/\/jornaldasoficinas.com\/pt\/#organization"},"image":{"@id":"https:\/\/jornaldasoficinas.com\/pt\/portugal-tem-um-grande-potencial-para-a-alkar-xabier-jauregizar-alkar\/#primaryimage"},"thumbnailUrl":"https:\/\/jornaldasoficinas.com\/pt\/wp-content\/uploads\/2022\/06\/Xabier-Jauregizar_alkar_jornal_das_oficinas.jpeg","keywords":["Alkar"],"articleSection":["Entrevistas"],"inLanguage":"pt-PT"},{"@type":"WebPage","@id":"https:\/\/jornaldasoficinas.com\/pt\/portugal-tem-um-grande-potencial-para-a-alkar-xabier-jauregizar-alkar\/","url":"https:\/\/jornaldasoficinas.com\/pt\/portugal-tem-um-grande-potencial-para-a-alkar-xabier-jauregizar-alkar\/","name":"\"Portugal tem um grande potencial para a Alkar\", Xabier Jauregizar, Alkar - Jornal das Oficinas","isPartOf":{"@id":"https:\/\/jornaldasoficinas.com\/pt\/#website"},"primaryImageOfPage":{"@id":"https:\/\/jornaldasoficinas.com\/pt\/portugal-tem-um-grande-potencial-para-a-alkar-xabier-jauregizar-alkar\/#primaryimage"},"image":{"@id":"https:\/\/jornaldasoficinas.com\/pt\/portugal-tem-um-grande-potencial-para-a-alkar-xabier-jauregizar-alkar\/#primaryimage"},"thumbnailUrl":"https:\/\/jornaldasoficinas.com\/pt\/wp-content\/uploads\/2022\/06\/Xabier-Jauregizar_alkar_jornal_das_oficinas.jpeg","datePublished":"2022-06-12T18:30:38+00:00","breadcrumb":{"@id":"https:\/\/jornaldasoficinas.com\/pt\/portugal-tem-um-grande-potencial-para-a-alkar-xabier-jauregizar-alkar\/#breadcrumb"},"inLanguage":"pt-PT","potentialAction":[{"@type":"ReadAction","target":["https:\/\/jornaldasoficinas.com\/pt\/portugal-tem-um-grande-potencial-para-a-alkar-xabier-jauregizar-alkar\/"]}]},{"@type":"ImageObject","inLanguage":"pt-PT","@id":"https:\/\/jornaldasoficinas.com\/pt\/portugal-tem-um-grande-potencial-para-a-alkar-xabier-jauregizar-alkar\/#primaryimage","url":"https:\/\/jornaldasoficinas.com\/pt\/wp-content\/uploads\/2022\/06\/Xabier-Jauregizar_alkar_jornal_das_oficinas.jpeg","contentUrl":"https:\/\/jornaldasoficinas.com\/pt\/wp-content\/uploads\/2022\/06\/Xabier-Jauregizar_alkar_jornal_das_oficinas.jpeg","width":1024,"height":581,"caption":"06 - Xabier Jauregizar_alkar_jornal_das_oficinas"},{"@type":"BreadcrumbList","@id":"https:\/\/jornaldasoficinas.com\/pt\/portugal-tem-um-grande-potencial-para-a-alkar-xabier-jauregizar-alkar\/#breadcrumb","itemListElement":[{"@type":"ListItem","position":1,"name":"In\u00edcio","item":"https:\/\/jornaldasoficinas.com\/pt\/"},{"@type":"ListItem","position":2,"name":"&#8220;Portugal tem um grande potencial para a Alkar&#8221;, Xabier Jauregizar, Alkar"}]},{"@type":"WebSite","@id":"https:\/\/jornaldasoficinas.com\/pt\/#website","url":"https:\/\/jornaldasoficinas.com\/pt\/","name":"Jornal das Oficinas","description":"Jornal independente do Aftermarket Autom\u00f3vel em Portugal","publisher":{"@id":"https:\/\/jornaldasoficinas.com\/pt\/#organization"},"potentialAction":[{"@type":"SearchAction","target":{"@type":"EntryPoint","urlTemplate":"https:\/\/jornaldasoficinas.com\/pt\/?s={search_term_string}"},"query-input":{"@type":"PropertyValueSpecification","valueRequired":true,"valueName":"search_term_string"}}],"inLanguage":"pt-PT"},{"@type":"Organization","@id":"https:\/\/jornaldasoficinas.com\/pt\/#organization","name":"Jornal das Oficinas","url":"https:\/\/jornaldasoficinas.com\/pt\/","logo":{"@type":"ImageObject","inLanguage":"pt-PT","@id":"https:\/\/jornaldasoficinas.com\/pt\/#\/schema\/logo\/image\/","url":"https:\/\/jornaldasoficinas.com\/pt\/wp-content\/uploads\/logoJO-SEO.png","contentUrl":"https:\/\/jornaldasoficinas.com\/pt\/wp-content\/uploads\/logoJO-SEO.png","width":285,"height":450,"caption":"Jornal das Oficinas"},"image":{"@id":"https:\/\/jornaldasoficinas.com\/pt\/#\/schema\/logo\/image\/"},"sameAs":["https:\/\/www.facebook.com\/jornaloficinas","https:\/\/x.com\/jornaloficinas","https:\/\/www.instagram.com\/jornal_oficinas\/","https:\/\/www.linkedin.com\/company\/jornal-das-oficinas\/","https:\/\/www.youtube.com\/channel\/UCbQZBqtcvV-oSQrr7RzINGg"]},{"@type":"Person","@id":"https:\/\/jornaldasoficinas.com\/pt\/#\/schema\/person\/a38eef5de2c41d9e7c9ac10141afddf3","name":"Reda\u00e7\u00e3o JO","image":{"@type":"ImageObject","inLanguage":"pt-PT","@id":"https:\/\/secure.gravatar.com\/avatar\/71f2fa71737ad68a84fea94bc708ddac8ea5b0c4788dc2ad202f3ccb2887742f?s=96&d=wp_user_avatar&r=g","url":"https:\/\/secure.gravatar.com\/avatar\/71f2fa71737ad68a84fea94bc708ddac8ea5b0c4788dc2ad202f3ccb2887742f?s=96&d=wp_user_avatar&r=g","contentUrl":"https:\/\/secure.gravatar.com\/avatar\/71f2fa71737ad68a84fea94bc708ddac8ea5b0c4788dc2ad202f3ccb2887742f?s=96&d=wp_user_avatar&r=g","caption":"Reda\u00e7\u00e3o JO"},"url":"https:\/\/jornaldasoficinas.com\/pt\/author\/joredacao\/"}]}},"_links":{"self":[{"href":"https:\/\/jornaldasoficinas.com\/pt\/wp-json\/wp\/v2\/posts\/30541","targetHints":{"allow":["GET"]}}],"collection":[{"href":"https:\/\/jornaldasoficinas.com\/pt\/wp-json\/wp\/v2\/posts"}],"about":[{"href":"https:\/\/jornaldasoficinas.com\/pt\/wp-json\/wp\/v2\/types\/post"}],"author":[{"embeddable":true,"href":"https:\/\/jornaldasoficinas.com\/pt\/wp-json\/wp\/v2\/users\/15"}],"replies":[{"embeddable":true,"href":"https:\/\/jornaldasoficinas.com\/pt\/wp-json\/wp\/v2\/comments?post=30541"}],"version-history":[{"count":0,"href":"https:\/\/jornaldasoficinas.com\/pt\/wp-json\/wp\/v2\/posts\/30541\/revisions"}],"wp:featuredmedia":[{"embeddable":true,"href":"https:\/\/jornaldasoficinas.com\/pt\/wp-json\/wp\/v2\/media\/30537"}],"wp:attachment":[{"href":"https:\/\/jornaldasoficinas.com\/pt\/wp-json\/wp\/v2\/media?parent=30541"}],"wp:term":[{"taxonomy":"category","embeddable":true,"href":"https:\/\/jornaldasoficinas.com\/pt\/wp-json\/wp\/v2\/categories?post=30541"},{"taxonomy":"post_tag","embeddable":true,"href":"https:\/\/jornaldasoficinas.com\/pt\/wp-json\/wp\/v2\/tags?post=30541"}],"curies":[{"name":"wp","href":"https:\/\/api.w.org\/{rel}","templated":true}]}}