{"id":30623,"date":"2022-06-16T16:00:17","date_gmt":"2022-06-16T15:00:17","guid":{"rendered":"https:\/\/jornaldasoficinas.com\/pt\/?p=30623"},"modified":"2022-06-15T11:41:33","modified_gmt":"2022-06-15T10:41:33","slug":"parlamento-europeu-aprova-fim-motor-de-combustao-a-partir-de-2035","status":"publish","type":"post","link":"https:\/\/jornaldasoficinas.com\/pt\/parlamento-europeu-aprova-fim-motor-de-combustao-a-partir-de-2035\/","title":{"rendered":"Parlamento Europeu aprova fim motor de combust\u00e3o a partir de 2035"},"content":{"rendered":"<p><strong><img loading=\"lazy\" decoding=\"async\" class=\"alignnone size-full wp-image-30595\" src=\"https:\/\/jornaldasoficinas.com\/pt\/wp-content\/uploads\/2022\/06\/parlamento-europeu-aprova.jpeg\" alt=\"06 - parlamento europeu aprova\" width=\"1024\" height=\"581\" srcset=\"https:\/\/jornaldasoficinas.com\/pt\/wp-content\/uploads\/2022\/06\/parlamento-europeu-aprova.jpeg 1024w, https:\/\/jornaldasoficinas.com\/pt\/wp-content\/uploads\/2022\/06\/parlamento-europeu-aprova-300x170.jpeg 300w, https:\/\/jornaldasoficinas.com\/pt\/wp-content\/uploads\/2022\/06\/parlamento-europeu-aprova-150x85.jpeg 150w, https:\/\/jornaldasoficinas.com\/pt\/wp-content\/uploads\/2022\/06\/parlamento-europeu-aprova-768x436.jpeg 768w\" sizes=\"auto, (max-width: 1024px) 100vw, 1024px\" \/><\/strong><\/p>\n<p><strong>O Parlamento Europeu votou favoravelmente uma redu\u00e7\u00e3o 100% de CO2 em 2035, proibindo os motores de combust\u00e3o interna<\/strong><\/p>\n<p>O <a href=\"https:\/\/www.cecra.eu\/\" target=\"_blank\" rel=\"noopener\">CECRA<\/a> apoia as ambi\u00e7\u00f5es pol\u00edticas globais do pacote #Fitfor55. No entanto, para alcan\u00e7ar os objetivos clim\u00e1ticos e n\u00e3o perder o apoio a longo prazo, juntamente com v\u00e1rios outros intervenientes do sector autom\u00f3vel, continua convencida da necessidade de um mix de tecnologias que abrace todas as solu\u00e7\u00f5es relevantes para reduzir as emiss\u00f5es de CO2 sem ignorar as variadas realidades das vidas das pessoas e das necessidades da ind\u00fastria.<\/p>\n<p>A descarboniza\u00e7\u00e3o dos transportes rodovi\u00e1rios n\u00e3o deve ser social e economicamente perturbadora. Desenvolvimentos recentes, como a pandemia e a guerra na Ucr\u00e2nia, aumentaram as incertezas. Os pre\u00e7os da mat\u00e9ria-prima e da energia t\u00eam vindo a aumentar durante um per\u00edodo prolongado. A depend\u00eancia de poucas fontes de abastecimento representa riscos cr\u00edticos para a ind\u00fastria europeia.<\/p>\n<p>A eletrifica\u00e7\u00e3o da mobilidade pode ajudar a reduzir as importa\u00e7\u00f5es de combust\u00edveis f\u00f3sseis a longo prazo, mas ao mesmo tempo comporta o risco de criar novas depend\u00eancias das importa\u00e7\u00f5es de mat\u00e9rias-primas e c\u00e9lulas de bateria, mantendo a cria\u00e7\u00e3o de valor fora da Europa.<\/p>\n<p>As empresas de venda e repara\u00e7\u00e3o autom\u00f3vel apoiam todas as novas tecnologias para reduzir as emiss\u00f5es de CO2, contudo, \u00e9 essencial avan\u00e7ar oferecendo um certo per\u00edodo de transi\u00e7\u00e3o que \u00e9 crucial para preparar as empresas para os pr\u00f3ximos desafios e assim assegurar uma manuten\u00e7\u00e3o e repara\u00e7\u00e3o altamente qualificada dos autom\u00f3veis do futuro.<\/p>\n<p>Toda a cadeia de valor autom\u00f3vel, incluindo concession\u00e1rios e reparadores, est\u00e1 a enfrentar enormes desafios para nivelar e alcan\u00e7ar os objetivos estabelecidos. Todos partilham a mesma opini\u00e3o de que a implementa\u00e7\u00e3o de vendas maci\u00e7as de ve\u00edculos com emiss\u00f5es zero s\u00f3 \u00e9 alcan\u00e7\u00e1vel se estiver dispon\u00edvel uma infra-estrutura alargada de esta\u00e7\u00f5es de recarga! A ind\u00fastria, bem como a opini\u00e3o p\u00fablica em geral, est\u00e3o a questionar a velocidade da sua instala\u00e7\u00e3o. Muitos clientes potenciais continuam relutantes e s\u00f3 se aproximar\u00e3o rapidamente dos ve\u00edculos com emiss\u00f5es zero quando uma infra-estrutura de recarga alargada for implantada.<\/p>\n<p>O Conselho Europeu de Ministros ir\u00e1 reunir-se a 28 de Junho. O CECRA espera que os ministros do ambiente de cada pa\u00eds da UE avaliem e tenham em conta as incertezas acima mencionadas e levem em conta os argumentos de todos os interessados europeus, bem como as expectativas dos seus respetivos cidad\u00e3os, ao decidirem.<\/p>\n","protected":false},"excerpt":{"rendered":"<p>O Parlamento Europeu votou favoravelmente uma&#8230;<\/p>\n","protected":false},"author":15,"featured_media":30595,"comment_status":"closed","ping_status":"closed","sticky":false,"template":"","format":"standard","meta":{"footnotes":""},"categories":[37],"tags":[2177],"class_list":["post-30623","post","type-post","status-publish","format-standard","has-post-thumbnail","hentry","category-mercado","tag-cecra"],"yoast_head":"<!-- This site is optimized with the Yoast SEO plugin v27.5 - https:\/\/yoast.com\/product\/yoast-seo-wordpress\/ -->\n<title>Parlamento Europeu aprova fim motor de combust\u00e3o a partir de 2035 - Jornal das Oficinas<\/title>\n<meta name=\"robots\" content=\"index, follow, max-snippet:-1, max-image-preview:large, max-video-preview:-1\" \/>\n<link rel=\"canonical\" href=\"https:\/\/jornaldasoficinas.com\/pt\/parlamento-europeu-aprova-fim-motor-de-combustao-a-partir-de-2035\/\" \/>\n<meta property=\"og:locale\" content=\"pt_PT\" \/>\n<meta property=\"og:type\" content=\"article\" \/>\n<meta property=\"og:title\" content=\"Parlamento Europeu aprova fim motor de combust\u00e3o a partir de 2035 - Jornal das Oficinas\" \/>\n<meta property=\"og:description\" content=\"O Parlamento Europeu votou favoravelmente uma...\" \/>\n<meta property=\"og:url\" content=\"https:\/\/jornaldasoficinas.com\/pt\/parlamento-europeu-aprova-fim-motor-de-combustao-a-partir-de-2035\/\" \/>\n<meta property=\"og:site_name\" content=\"Jornal das Oficinas\" \/>\n<meta property=\"article:publisher\" content=\"https:\/\/www.facebook.com\/jornaloficinas\" \/>\n<meta property=\"article:published_time\" content=\"2022-06-16T15:00:17+00:00\" \/>\n<meta property=\"og:image\" content=\"https:\/\/jornaldasoficinas.com\/pt\/wp-content\/uploads\/2022\/06\/parlamento-europeu-aprova.jpeg\" \/>\n\t<meta property=\"og:image:width\" content=\"1024\" \/>\n\t<meta property=\"og:image:height\" content=\"581\" \/>\n\t<meta property=\"og:image:type\" content=\"image\/jpeg\" \/>\n<meta name=\"author\" content=\"Reda\u00e7\u00e3o JO\" \/>\n<meta name=\"twitter:card\" content=\"summary_large_image\" \/>\n<meta name=\"twitter:creator\" content=\"@jornaloficinas\" \/>\n<meta name=\"twitter:site\" content=\"@jornaloficinas\" \/>\n<meta name=\"twitter:label1\" content=\"Escrito por\" \/>\n\t<meta name=\"twitter:data1\" content=\"Reda\u00e7\u00e3o JO\" \/>\n\t<meta name=\"twitter:label2\" content=\"Tempo estimado de leitura\" \/>\n\t<meta name=\"twitter:data2\" content=\"2 minutos\" \/>\n<script type=\"application\/ld+json\" class=\"yoast-schema-graph\">{\"@context\":\"https:\\\/\\\/schema.org\",\"@graph\":[{\"@type\":\"Article\",\"@id\":\"https:\\\/\\\/jornaldasoficinas.com\\\/pt\\\/parlamento-europeu-aprova-fim-motor-de-combustao-a-partir-de-2035\\\/#article\",\"isPartOf\":{\"@id\":\"https:\\\/\\\/jornaldasoficinas.com\\\/pt\\\/parlamento-europeu-aprova-fim-motor-de-combustao-a-partir-de-2035\\\/\"},\"author\":{\"name\":\"Reda\u00e7\u00e3o JO\",\"@id\":\"https:\\\/\\\/jornaldasoficinas.com\\\/pt\\\/#\\\/schema\\\/person\\\/a38eef5de2c41d9e7c9ac10141afddf3\"},\"headline\":\"Parlamento Europeu aprova fim motor de combust\u00e3o a partir de 2035\",\"datePublished\":\"2022-06-16T15:00:17+00:00\",\"mainEntityOfPage\":{\"@id\":\"https:\\\/\\\/jornaldasoficinas.com\\\/pt\\\/parlamento-europeu-aprova-fim-motor-de-combustao-a-partir-de-2035\\\/\"},\"wordCount\":449,\"publisher\":{\"@id\":\"https:\\\/\\\/jornaldasoficinas.com\\\/pt\\\/#organization\"},\"image\":{\"@id\":\"https:\\\/\\\/jornaldasoficinas.com\\\/pt\\\/parlamento-europeu-aprova-fim-motor-de-combustao-a-partir-de-2035\\\/#primaryimage\"},\"thumbnailUrl\":\"https:\\\/\\\/jornaldasoficinas.com\\\/pt\\\/wp-content\\\/uploads\\\/2022\\\/06\\\/parlamento-europeu-aprova.jpeg\",\"keywords\":[\"CECRA\"],\"articleSection\":[\"Mercado\"],\"inLanguage\":\"pt-PT\"},{\"@type\":\"WebPage\",\"@id\":\"https:\\\/\\\/jornaldasoficinas.com\\\/pt\\\/parlamento-europeu-aprova-fim-motor-de-combustao-a-partir-de-2035\\\/\",\"url\":\"https:\\\/\\\/jornaldasoficinas.com\\\/pt\\\/parlamento-europeu-aprova-fim-motor-de-combustao-a-partir-de-2035\\\/\",\"name\":\"Parlamento Europeu aprova fim motor de combust\u00e3o a partir de 2035 - Jornal das Oficinas\",\"isPartOf\":{\"@id\":\"https:\\\/\\\/jornaldasoficinas.com\\\/pt\\\/#website\"},\"primaryImageOfPage\":{\"@id\":\"https:\\\/\\\/jornaldasoficinas.com\\\/pt\\\/parlamento-europeu-aprova-fim-motor-de-combustao-a-partir-de-2035\\\/#primaryimage\"},\"image\":{\"@id\":\"https:\\\/\\\/jornaldasoficinas.com\\\/pt\\\/parlamento-europeu-aprova-fim-motor-de-combustao-a-partir-de-2035\\\/#primaryimage\"},\"thumbnailUrl\":\"https:\\\/\\\/jornaldasoficinas.com\\\/pt\\\/wp-content\\\/uploads\\\/2022\\\/06\\\/parlamento-europeu-aprova.jpeg\",\"datePublished\":\"2022-06-16T15:00:17+00:00\",\"breadcrumb\":{\"@id\":\"https:\\\/\\\/jornaldasoficinas.com\\\/pt\\\/parlamento-europeu-aprova-fim-motor-de-combustao-a-partir-de-2035\\\/#breadcrumb\"},\"inLanguage\":\"pt-PT\",\"potentialAction\":[{\"@type\":\"ReadAction\",\"target\":[\"https:\\\/\\\/jornaldasoficinas.com\\\/pt\\\/parlamento-europeu-aprova-fim-motor-de-combustao-a-partir-de-2035\\\/\"]}]},{\"@type\":\"ImageObject\",\"inLanguage\":\"pt-PT\",\"@id\":\"https:\\\/\\\/jornaldasoficinas.com\\\/pt\\\/parlamento-europeu-aprova-fim-motor-de-combustao-a-partir-de-2035\\\/#primaryimage\",\"url\":\"https:\\\/\\\/jornaldasoficinas.com\\\/pt\\\/wp-content\\\/uploads\\\/2022\\\/06\\\/parlamento-europeu-aprova.jpeg\",\"contentUrl\":\"https:\\\/\\\/jornaldasoficinas.com\\\/pt\\\/wp-content\\\/uploads\\\/2022\\\/06\\\/parlamento-europeu-aprova.jpeg\",\"width\":1024,\"height\":581,\"caption\":\"06 - parlamento europeu aprova\"},{\"@type\":\"BreadcrumbList\",\"@id\":\"https:\\\/\\\/jornaldasoficinas.com\\\/pt\\\/parlamento-europeu-aprova-fim-motor-de-combustao-a-partir-de-2035\\\/#breadcrumb\",\"itemListElement\":[{\"@type\":\"ListItem\",\"position\":1,\"name\":\"In\u00edcio\",\"item\":\"https:\\\/\\\/jornaldasoficinas.com\\\/pt\\\/\"},{\"@type\":\"ListItem\",\"position\":2,\"name\":\"Parlamento Europeu aprova fim motor de combust\u00e3o a partir de 2035\"}]},{\"@type\":\"WebSite\",\"@id\":\"https:\\\/\\\/jornaldasoficinas.com\\\/pt\\\/#website\",\"url\":\"https:\\\/\\\/jornaldasoficinas.com\\\/pt\\\/\",\"name\":\"Jornal das Oficinas\",\"description\":\"Jornal independente do Aftermarket Autom\u00f3vel em Portugal\",\"publisher\":{\"@id\":\"https:\\\/\\\/jornaldasoficinas.com\\\/pt\\\/#organization\"},\"potentialAction\":[{\"@type\":\"SearchAction\",\"target\":{\"@type\":\"EntryPoint\",\"urlTemplate\":\"https:\\\/\\\/jornaldasoficinas.com\\\/pt\\\/?s={search_term_string}\"},\"query-input\":{\"@type\":\"PropertyValueSpecification\",\"valueRequired\":true,\"valueName\":\"search_term_string\"}}],\"inLanguage\":\"pt-PT\"},{\"@type\":\"Organization\",\"@id\":\"https:\\\/\\\/jornaldasoficinas.com\\\/pt\\\/#organization\",\"name\":\"Jornal das Oficinas\",\"url\":\"https:\\\/\\\/jornaldasoficinas.com\\\/pt\\\/\",\"logo\":{\"@type\":\"ImageObject\",\"inLanguage\":\"pt-PT\",\"@id\":\"https:\\\/\\\/jornaldasoficinas.com\\\/pt\\\/#\\\/schema\\\/logo\\\/image\\\/\",\"url\":\"https:\\\/\\\/jornaldasoficinas.com\\\/pt\\\/wp-content\\\/uploads\\\/logoJO-SEO.png\",\"contentUrl\":\"https:\\\/\\\/jornaldasoficinas.com\\\/pt\\\/wp-content\\\/uploads\\\/logoJO-SEO.png\",\"width\":285,\"height\":450,\"caption\":\"Jornal das Oficinas\"},\"image\":{\"@id\":\"https:\\\/\\\/jornaldasoficinas.com\\\/pt\\\/#\\\/schema\\\/logo\\\/image\\\/\"},\"sameAs\":[\"https:\\\/\\\/www.facebook.com\\\/jornaloficinas\",\"https:\\\/\\\/x.com\\\/jornaloficinas\",\"https:\\\/\\\/www.instagram.com\\\/jornal_oficinas\\\/\",\"https:\\\/\\\/www.linkedin.com\\\/company\\\/jornal-das-oficinas\\\/\",\"https:\\\/\\\/www.youtube.com\\\/channel\\\/UCbQZBqtcvV-oSQrr7RzINGg\"]},{\"@type\":\"Person\",\"@id\":\"https:\\\/\\\/jornaldasoficinas.com\\\/pt\\\/#\\\/schema\\\/person\\\/a38eef5de2c41d9e7c9ac10141afddf3\",\"name\":\"Reda\u00e7\u00e3o JO\",\"image\":{\"@type\":\"ImageObject\",\"inLanguage\":\"pt-PT\",\"@id\":\"https:\\\/\\\/secure.gravatar.com\\\/avatar\\\/71f2fa71737ad68a84fea94bc708ddac8ea5b0c4788dc2ad202f3ccb2887742f?s=96&d=wp_user_avatar&r=g\",\"url\":\"https:\\\/\\\/secure.gravatar.com\\\/avatar\\\/71f2fa71737ad68a84fea94bc708ddac8ea5b0c4788dc2ad202f3ccb2887742f?s=96&d=wp_user_avatar&r=g\",\"contentUrl\":\"https:\\\/\\\/secure.gravatar.com\\\/avatar\\\/71f2fa71737ad68a84fea94bc708ddac8ea5b0c4788dc2ad202f3ccb2887742f?s=96&d=wp_user_avatar&r=g\",\"caption\":\"Reda\u00e7\u00e3o JO\"},\"url\":\"https:\\\/\\\/jornaldasoficinas.com\\\/pt\\\/author\\\/joredacao\\\/\"}]}<\/script>\n<!-- \/ Yoast SEO plugin. -->","yoast_head_json":{"title":"Parlamento Europeu aprova fim motor de combust\u00e3o a partir de 2035 - Jornal das Oficinas","robots":{"index":"index","follow":"follow","max-snippet":"max-snippet:-1","max-image-preview":"max-image-preview:large","max-video-preview":"max-video-preview:-1"},"canonical":"https:\/\/jornaldasoficinas.com\/pt\/parlamento-europeu-aprova-fim-motor-de-combustao-a-partir-de-2035\/","og_locale":"pt_PT","og_type":"article","og_title":"Parlamento Europeu aprova fim motor de combust\u00e3o a partir de 2035 - Jornal das Oficinas","og_description":"O Parlamento Europeu votou favoravelmente uma...","og_url":"https:\/\/jornaldasoficinas.com\/pt\/parlamento-europeu-aprova-fim-motor-de-combustao-a-partir-de-2035\/","og_site_name":"Jornal das Oficinas","article_publisher":"https:\/\/www.facebook.com\/jornaloficinas","article_published_time":"2022-06-16T15:00:17+00:00","og_image":[{"width":1024,"height":581,"url":"https:\/\/jornaldasoficinas.com\/pt\/wp-content\/uploads\/2022\/06\/parlamento-europeu-aprova.jpeg","type":"image\/jpeg"}],"author":"Reda\u00e7\u00e3o JO","twitter_card":"summary_large_image","twitter_creator":"@jornaloficinas","twitter_site":"@jornaloficinas","twitter_misc":{"Escrito por":"Reda\u00e7\u00e3o JO","Tempo estimado de leitura":"2 minutos"},"schema":{"@context":"https:\/\/schema.org","@graph":[{"@type":"Article","@id":"https:\/\/jornaldasoficinas.com\/pt\/parlamento-europeu-aprova-fim-motor-de-combustao-a-partir-de-2035\/#article","isPartOf":{"@id":"https:\/\/jornaldasoficinas.com\/pt\/parlamento-europeu-aprova-fim-motor-de-combustao-a-partir-de-2035\/"},"author":{"name":"Reda\u00e7\u00e3o JO","@id":"https:\/\/jornaldasoficinas.com\/pt\/#\/schema\/person\/a38eef5de2c41d9e7c9ac10141afddf3"},"headline":"Parlamento Europeu aprova fim motor de combust\u00e3o a partir de 2035","datePublished":"2022-06-16T15:00:17+00:00","mainEntityOfPage":{"@id":"https:\/\/jornaldasoficinas.com\/pt\/parlamento-europeu-aprova-fim-motor-de-combustao-a-partir-de-2035\/"},"wordCount":449,"publisher":{"@id":"https:\/\/jornaldasoficinas.com\/pt\/#organization"},"image":{"@id":"https:\/\/jornaldasoficinas.com\/pt\/parlamento-europeu-aprova-fim-motor-de-combustao-a-partir-de-2035\/#primaryimage"},"thumbnailUrl":"https:\/\/jornaldasoficinas.com\/pt\/wp-content\/uploads\/2022\/06\/parlamento-europeu-aprova.jpeg","keywords":["CECRA"],"articleSection":["Mercado"],"inLanguage":"pt-PT"},{"@type":"WebPage","@id":"https:\/\/jornaldasoficinas.com\/pt\/parlamento-europeu-aprova-fim-motor-de-combustao-a-partir-de-2035\/","url":"https:\/\/jornaldasoficinas.com\/pt\/parlamento-europeu-aprova-fim-motor-de-combustao-a-partir-de-2035\/","name":"Parlamento Europeu aprova fim motor de combust\u00e3o a partir de 2035 - Jornal das Oficinas","isPartOf":{"@id":"https:\/\/jornaldasoficinas.com\/pt\/#website"},"primaryImageOfPage":{"@id":"https:\/\/jornaldasoficinas.com\/pt\/parlamento-europeu-aprova-fim-motor-de-combustao-a-partir-de-2035\/#primaryimage"},"image":{"@id":"https:\/\/jornaldasoficinas.com\/pt\/parlamento-europeu-aprova-fim-motor-de-combustao-a-partir-de-2035\/#primaryimage"},"thumbnailUrl":"https:\/\/jornaldasoficinas.com\/pt\/wp-content\/uploads\/2022\/06\/parlamento-europeu-aprova.jpeg","datePublished":"2022-06-16T15:00:17+00:00","breadcrumb":{"@id":"https:\/\/jornaldasoficinas.com\/pt\/parlamento-europeu-aprova-fim-motor-de-combustao-a-partir-de-2035\/#breadcrumb"},"inLanguage":"pt-PT","potentialAction":[{"@type":"ReadAction","target":["https:\/\/jornaldasoficinas.com\/pt\/parlamento-europeu-aprova-fim-motor-de-combustao-a-partir-de-2035\/"]}]},{"@type":"ImageObject","inLanguage":"pt-PT","@id":"https:\/\/jornaldasoficinas.com\/pt\/parlamento-europeu-aprova-fim-motor-de-combustao-a-partir-de-2035\/#primaryimage","url":"https:\/\/jornaldasoficinas.com\/pt\/wp-content\/uploads\/2022\/06\/parlamento-europeu-aprova.jpeg","contentUrl":"https:\/\/jornaldasoficinas.com\/pt\/wp-content\/uploads\/2022\/06\/parlamento-europeu-aprova.jpeg","width":1024,"height":581,"caption":"06 - parlamento europeu aprova"},{"@type":"BreadcrumbList","@id":"https:\/\/jornaldasoficinas.com\/pt\/parlamento-europeu-aprova-fim-motor-de-combustao-a-partir-de-2035\/#breadcrumb","itemListElement":[{"@type":"ListItem","position":1,"name":"In\u00edcio","item":"https:\/\/jornaldasoficinas.com\/pt\/"},{"@type":"ListItem","position":2,"name":"Parlamento Europeu aprova fim motor de combust\u00e3o a partir de 2035"}]},{"@type":"WebSite","@id":"https:\/\/jornaldasoficinas.com\/pt\/#website","url":"https:\/\/jornaldasoficinas.com\/pt\/","name":"Jornal das Oficinas","description":"Jornal independente do Aftermarket Autom\u00f3vel em Portugal","publisher":{"@id":"https:\/\/jornaldasoficinas.com\/pt\/#organization"},"potentialAction":[{"@type":"SearchAction","target":{"@type":"EntryPoint","urlTemplate":"https:\/\/jornaldasoficinas.com\/pt\/?s={search_term_string}"},"query-input":{"@type":"PropertyValueSpecification","valueRequired":true,"valueName":"search_term_string"}}],"inLanguage":"pt-PT"},{"@type":"Organization","@id":"https:\/\/jornaldasoficinas.com\/pt\/#organization","name":"Jornal das Oficinas","url":"https:\/\/jornaldasoficinas.com\/pt\/","logo":{"@type":"ImageObject","inLanguage":"pt-PT","@id":"https:\/\/jornaldasoficinas.com\/pt\/#\/schema\/logo\/image\/","url":"https:\/\/jornaldasoficinas.com\/pt\/wp-content\/uploads\/logoJO-SEO.png","contentUrl":"https:\/\/jornaldasoficinas.com\/pt\/wp-content\/uploads\/logoJO-SEO.png","width":285,"height":450,"caption":"Jornal das Oficinas"},"image":{"@id":"https:\/\/jornaldasoficinas.com\/pt\/#\/schema\/logo\/image\/"},"sameAs":["https:\/\/www.facebook.com\/jornaloficinas","https:\/\/x.com\/jornaloficinas","https:\/\/www.instagram.com\/jornal_oficinas\/","https:\/\/www.linkedin.com\/company\/jornal-das-oficinas\/","https:\/\/www.youtube.com\/channel\/UCbQZBqtcvV-oSQrr7RzINGg"]},{"@type":"Person","@id":"https:\/\/jornaldasoficinas.com\/pt\/#\/schema\/person\/a38eef5de2c41d9e7c9ac10141afddf3","name":"Reda\u00e7\u00e3o JO","image":{"@type":"ImageObject","inLanguage":"pt-PT","@id":"https:\/\/secure.gravatar.com\/avatar\/71f2fa71737ad68a84fea94bc708ddac8ea5b0c4788dc2ad202f3ccb2887742f?s=96&d=wp_user_avatar&r=g","url":"https:\/\/secure.gravatar.com\/avatar\/71f2fa71737ad68a84fea94bc708ddac8ea5b0c4788dc2ad202f3ccb2887742f?s=96&d=wp_user_avatar&r=g","contentUrl":"https:\/\/secure.gravatar.com\/avatar\/71f2fa71737ad68a84fea94bc708ddac8ea5b0c4788dc2ad202f3ccb2887742f?s=96&d=wp_user_avatar&r=g","caption":"Reda\u00e7\u00e3o JO"},"url":"https:\/\/jornaldasoficinas.com\/pt\/author\/joredacao\/"}]}},"_links":{"self":[{"href":"https:\/\/jornaldasoficinas.com\/pt\/wp-json\/wp\/v2\/posts\/30623","targetHints":{"allow":["GET"]}}],"collection":[{"href":"https:\/\/jornaldasoficinas.com\/pt\/wp-json\/wp\/v2\/posts"}],"about":[{"href":"https:\/\/jornaldasoficinas.com\/pt\/wp-json\/wp\/v2\/types\/post"}],"author":[{"embeddable":true,"href":"https:\/\/jornaldasoficinas.com\/pt\/wp-json\/wp\/v2\/users\/15"}],"replies":[{"embeddable":true,"href":"https:\/\/jornaldasoficinas.com\/pt\/wp-json\/wp\/v2\/comments?post=30623"}],"version-history":[{"count":0,"href":"https:\/\/jornaldasoficinas.com\/pt\/wp-json\/wp\/v2\/posts\/30623\/revisions"}],"wp:featuredmedia":[{"embeddable":true,"href":"https:\/\/jornaldasoficinas.com\/pt\/wp-json\/wp\/v2\/media\/30595"}],"wp:attachment":[{"href":"https:\/\/jornaldasoficinas.com\/pt\/wp-json\/wp\/v2\/media?parent=30623"}],"wp:term":[{"taxonomy":"category","embeddable":true,"href":"https:\/\/jornaldasoficinas.com\/pt\/wp-json\/wp\/v2\/categories?post=30623"},{"taxonomy":"post_tag","embeddable":true,"href":"https:\/\/jornaldasoficinas.com\/pt\/wp-json\/wp\/v2\/tags?post=30623"}],"curies":[{"name":"wp","href":"https:\/\/api.w.org\/{rel}","templated":true}]}}