{"id":30641,"date":"2022-06-15T20:00:43","date_gmt":"2022-06-15T19:00:43","guid":{"rendered":"https:\/\/jornaldasoficinas.com\/pt\/?p=30641"},"modified":"2022-06-15T14:57:54","modified_gmt":"2022-06-15T13:57:54","slug":"o-mercado-esta-em-situacao-positiva-em-crescimento-e-com-muita-estabilidade-guillermo-de-llera-if4","status":"publish","type":"post","link":"https:\/\/jornaldasoficinas.com\/pt\/o-mercado-esta-em-situacao-positiva-em-crescimento-e-com-muita-estabilidade-guillermo-de-llera-if4\/","title":{"rendered":"O mercado est\u00e1  em situa\u00e7\u00e3o positiva, em crescimento e com muita estabilidade\u201d, Guillermo de Llera, IF4"},"content":{"rendered":"<p><img loading=\"lazy\" decoding=\"async\" class=\"alignnone size-full wp-image-30633\" src=\"https:\/\/jornaldasoficinas.com\/pt\/wp-content\/uploads\/2022\/06\/guillermo_de_llera_jornal_das_oficinas.jpeg\" alt=\"06 - guillermo_de_llera_jornal_das_oficinas\" width=\"1024\" height=\"581\" srcset=\"https:\/\/jornaldasoficinas.com\/pt\/wp-content\/uploads\/2022\/06\/guillermo_de_llera_jornal_das_oficinas.jpeg 1024w, https:\/\/jornaldasoficinas.com\/pt\/wp-content\/uploads\/2022\/06\/guillermo_de_llera_jornal_das_oficinas-300x170.jpeg 300w, https:\/\/jornaldasoficinas.com\/pt\/wp-content\/uploads\/2022\/06\/guillermo_de_llera_jornal_das_oficinas-150x85.jpeg 150w, https:\/\/jornaldasoficinas.com\/pt\/wp-content\/uploads\/2022\/06\/guillermo_de_llera_jornal_das_oficinas-768x436.jpeg 768w\" sizes=\"auto, (max-width: 1024px) 100vw, 1024px\" \/><\/p>\n<p><strong>A an\u00e1lise do mercado de ve\u00edculos pesados (venda de novos e usados, assist\u00eancia p\u00f3s\u00ad\u2011venda oficial e independente e a venda de pe\u00e7as aftermarket) foi um dos temas quentes do III Congresso de Ve\u00edculos Pesados, que decorreu no sal\u00e3o Motortec, em Madrid, Espanha. Guillermo de Llera foi um dos oradores em destaque<\/strong><\/p>\n<p>O diretor da IF4 \u2013 Processamento de Informa\u00e7\u00f5es, tomou a palavra para falar sobre a manuten\u00e7\u00e3o do ve\u00edculo pesado em Portugal e deixou algumas conclus\u00f5es pertinentes sobre o assunto. Atualmente, conta, circulam em Portugal 150 mil ve\u00edculos pesados, dos quais 17 mil de passageiros. O Instituto de Seguros indica 147 mil ve\u00edculos segurados e 123 mil reboques segurados (dados de 2020), com o especialista a estimar um crescimento de 1,3% no parque, em 2021. Os ve\u00edculos em circula\u00e7\u00e3o t\u00eam uma idade m\u00e9dia de 15 anos, sendo que 57% dos pesados de mercadorias e 74% dos pesados de passageiros t\u00eam mais de dez anos. Nas mercadorias, h\u00e1 sete marcas que dominam o mercado: Volvo (18%), Scania (14%), Renault (13%), Mercedes\u00ad\u2011Benz Trucks (11,5%), DAF (11%), MAN (8%) e IVECO (7,5%), com a Ford Trucks tamb\u00e9m no mercado luso desde 2019 e a ocupar uma quota cada vez mais significativa. Por outro lado, nos pesados de passageiros \u00e9 a Mercedes\u00ad\u2011Benz que lidera com 28%, seguida da MAN com 19% e da Volvo e da IVECO com 8%.<\/p>\n<p>Ao Jornal das Oficinas, Guillermo Llera resumiu o mercado p\u00f3s\u00ad\u2011venda (repara\u00e7\u00e3o) de ve\u00edculos pesados no nosso pa\u00eds em dois conceitos: \u201cDom\u00ednio das marcas e excelentes resultados\u201d.<\/p>\n<p>Para ler todo o artigo clique <a href=\"https:\/\/www.yumpu.com\/pt\/document\/read\/66928073\/jornal-das-oficinas-198\/12\" target=\"_blank\" rel=\"noopener\">aqui<\/a>.<\/p>\n<p>&nbsp;<\/p>\n","protected":false},"excerpt":{"rendered":"<p>A an\u00e1lise do mercado de ve\u00edculos&#8230;<\/p>\n","protected":false},"author":15,"featured_media":30633,"comment_status":"closed","ping_status":"closed","sticky":false,"template":"","format":"standard","meta":{"footnotes":""},"categories":[37],"tags":[1966],"class_list":["post-30641","post","type-post","status-publish","format-standard","has-post-thumbnail","hentry","category-mercado","tag-if4"],"yoast_head":"<!-- This site is optimized with the Yoast SEO plugin v27.4 - https:\/\/yoast.com\/product\/yoast-seo-wordpress\/ -->\n<title>O mercado est\u00e1 em situa\u00e7\u00e3o positiva, em crescimento e com muita estabilidade\u201d, Guillermo de Llera, IF4 - Jornal das Oficinas<\/title>\n<meta name=\"robots\" content=\"index, follow, max-snippet:-1, max-image-preview:large, max-video-preview:-1\" \/>\n<link rel=\"canonical\" href=\"https:\/\/jornaldasoficinas.com\/pt\/o-mercado-esta-em-situacao-positiva-em-crescimento-e-com-muita-estabilidade-guillermo-de-llera-if4\/\" \/>\n<meta property=\"og:locale\" content=\"pt_PT\" \/>\n<meta property=\"og:type\" content=\"article\" \/>\n<meta property=\"og:title\" content=\"O mercado est\u00e1 em situa\u00e7\u00e3o positiva, em crescimento e com muita estabilidade\u201d, Guillermo de Llera, IF4 - Jornal das Oficinas\" \/>\n<meta property=\"og:description\" content=\"A an\u00e1lise do mercado de ve\u00edculos...\" \/>\n<meta property=\"og:url\" content=\"https:\/\/jornaldasoficinas.com\/pt\/o-mercado-esta-em-situacao-positiva-em-crescimento-e-com-muita-estabilidade-guillermo-de-llera-if4\/\" \/>\n<meta property=\"og:site_name\" content=\"Jornal das Oficinas\" \/>\n<meta property=\"article:publisher\" content=\"https:\/\/www.facebook.com\/jornaloficinas\" \/>\n<meta property=\"article:published_time\" content=\"2022-06-15T19:00:43+00:00\" \/>\n<meta property=\"og:image\" content=\"https:\/\/jornaldasoficinas.com\/pt\/wp-content\/uploads\/2022\/06\/guillermo_de_llera_jornal_das_oficinas.jpeg\" \/>\n\t<meta property=\"og:image:width\" content=\"1024\" \/>\n\t<meta property=\"og:image:height\" content=\"581\" \/>\n\t<meta property=\"og:image:type\" content=\"image\/jpeg\" \/>\n<meta name=\"author\" content=\"Reda\u00e7\u00e3o JO\" \/>\n<meta name=\"twitter:card\" content=\"summary_large_image\" \/>\n<meta name=\"twitter:creator\" content=\"@jornaloficinas\" \/>\n<meta name=\"twitter:site\" content=\"@jornaloficinas\" \/>\n<meta name=\"twitter:label1\" content=\"Escrito por\" \/>\n\t<meta name=\"twitter:data1\" content=\"Reda\u00e7\u00e3o JO\" \/>\n\t<meta name=\"twitter:label2\" content=\"Tempo estimado de leitura\" \/>\n\t<meta name=\"twitter:data2\" content=\"1 minuto\" \/>\n<script type=\"application\/ld+json\" class=\"yoast-schema-graph\">{\"@context\":\"https:\\\/\\\/schema.org\",\"@graph\":[{\"@type\":\"Article\",\"@id\":\"https:\\\/\\\/jornaldasoficinas.com\\\/pt\\\/o-mercado-esta-em-situacao-positiva-em-crescimento-e-com-muita-estabilidade-guillermo-de-llera-if4\\\/#article\",\"isPartOf\":{\"@id\":\"https:\\\/\\\/jornaldasoficinas.com\\\/pt\\\/o-mercado-esta-em-situacao-positiva-em-crescimento-e-com-muita-estabilidade-guillermo-de-llera-if4\\\/\"},\"author\":{\"name\":\"Reda\u00e7\u00e3o JO\",\"@id\":\"https:\\\/\\\/jornaldasoficinas.com\\\/pt\\\/#\\\/schema\\\/person\\\/a38eef5de2c41d9e7c9ac10141afddf3\"},\"headline\":\"O mercado est\u00e1 em situa\u00e7\u00e3o positiva, em crescimento e com muita estabilidade\u201d, Guillermo de Llera, IF4\",\"datePublished\":\"2022-06-15T19:00:43+00:00\",\"mainEntityOfPage\":{\"@id\":\"https:\\\/\\\/jornaldasoficinas.com\\\/pt\\\/o-mercado-esta-em-situacao-positiva-em-crescimento-e-com-muita-estabilidade-guillermo-de-llera-if4\\\/\"},\"wordCount\":281,\"publisher\":{\"@id\":\"https:\\\/\\\/jornaldasoficinas.com\\\/pt\\\/#organization\"},\"image\":{\"@id\":\"https:\\\/\\\/jornaldasoficinas.com\\\/pt\\\/o-mercado-esta-em-situacao-positiva-em-crescimento-e-com-muita-estabilidade-guillermo-de-llera-if4\\\/#primaryimage\"},\"thumbnailUrl\":\"https:\\\/\\\/jornaldasoficinas.com\\\/pt\\\/wp-content\\\/uploads\\\/2022\\\/06\\\/guillermo_de_llera_jornal_das_oficinas.jpeg\",\"keywords\":[\"IF4\"],\"articleSection\":[\"Mercado\"],\"inLanguage\":\"pt-PT\"},{\"@type\":\"WebPage\",\"@id\":\"https:\\\/\\\/jornaldasoficinas.com\\\/pt\\\/o-mercado-esta-em-situacao-positiva-em-crescimento-e-com-muita-estabilidade-guillermo-de-llera-if4\\\/\",\"url\":\"https:\\\/\\\/jornaldasoficinas.com\\\/pt\\\/o-mercado-esta-em-situacao-positiva-em-crescimento-e-com-muita-estabilidade-guillermo-de-llera-if4\\\/\",\"name\":\"O mercado est\u00e1 em situa\u00e7\u00e3o positiva, em crescimento e com muita estabilidade\u201d, Guillermo de Llera, IF4 - Jornal das Oficinas\",\"isPartOf\":{\"@id\":\"https:\\\/\\\/jornaldasoficinas.com\\\/pt\\\/#website\"},\"primaryImageOfPage\":{\"@id\":\"https:\\\/\\\/jornaldasoficinas.com\\\/pt\\\/o-mercado-esta-em-situacao-positiva-em-crescimento-e-com-muita-estabilidade-guillermo-de-llera-if4\\\/#primaryimage\"},\"image\":{\"@id\":\"https:\\\/\\\/jornaldasoficinas.com\\\/pt\\\/o-mercado-esta-em-situacao-positiva-em-crescimento-e-com-muita-estabilidade-guillermo-de-llera-if4\\\/#primaryimage\"},\"thumbnailUrl\":\"https:\\\/\\\/jornaldasoficinas.com\\\/pt\\\/wp-content\\\/uploads\\\/2022\\\/06\\\/guillermo_de_llera_jornal_das_oficinas.jpeg\",\"datePublished\":\"2022-06-15T19:00:43+00:00\",\"breadcrumb\":{\"@id\":\"https:\\\/\\\/jornaldasoficinas.com\\\/pt\\\/o-mercado-esta-em-situacao-positiva-em-crescimento-e-com-muita-estabilidade-guillermo-de-llera-if4\\\/#breadcrumb\"},\"inLanguage\":\"pt-PT\",\"potentialAction\":[{\"@type\":\"ReadAction\",\"target\":[\"https:\\\/\\\/jornaldasoficinas.com\\\/pt\\\/o-mercado-esta-em-situacao-positiva-em-crescimento-e-com-muita-estabilidade-guillermo-de-llera-if4\\\/\"]}]},{\"@type\":\"ImageObject\",\"inLanguage\":\"pt-PT\",\"@id\":\"https:\\\/\\\/jornaldasoficinas.com\\\/pt\\\/o-mercado-esta-em-situacao-positiva-em-crescimento-e-com-muita-estabilidade-guillermo-de-llera-if4\\\/#primaryimage\",\"url\":\"https:\\\/\\\/jornaldasoficinas.com\\\/pt\\\/wp-content\\\/uploads\\\/2022\\\/06\\\/guillermo_de_llera_jornal_das_oficinas.jpeg\",\"contentUrl\":\"https:\\\/\\\/jornaldasoficinas.com\\\/pt\\\/wp-content\\\/uploads\\\/2022\\\/06\\\/guillermo_de_llera_jornal_das_oficinas.jpeg\",\"width\":1024,\"height\":581,\"caption\":\"06 - guillermo_de_llera_jornal_das_oficinas\"},{\"@type\":\"BreadcrumbList\",\"@id\":\"https:\\\/\\\/jornaldasoficinas.com\\\/pt\\\/o-mercado-esta-em-situacao-positiva-em-crescimento-e-com-muita-estabilidade-guillermo-de-llera-if4\\\/#breadcrumb\",\"itemListElement\":[{\"@type\":\"ListItem\",\"position\":1,\"name\":\"In\u00edcio\",\"item\":\"https:\\\/\\\/jornaldasoficinas.com\\\/pt\\\/\"},{\"@type\":\"ListItem\",\"position\":2,\"name\":\"O mercado est\u00e1 em situa\u00e7\u00e3o positiva, em crescimento e com muita estabilidade\u201d, Guillermo de Llera, IF4\"}]},{\"@type\":\"WebSite\",\"@id\":\"https:\\\/\\\/jornaldasoficinas.com\\\/pt\\\/#website\",\"url\":\"https:\\\/\\\/jornaldasoficinas.com\\\/pt\\\/\",\"name\":\"Jornal das Oficinas\",\"description\":\"Jornal independente do Aftermarket Autom\u00f3vel em Portugal\",\"publisher\":{\"@id\":\"https:\\\/\\\/jornaldasoficinas.com\\\/pt\\\/#organization\"},\"potentialAction\":[{\"@type\":\"SearchAction\",\"target\":{\"@type\":\"EntryPoint\",\"urlTemplate\":\"https:\\\/\\\/jornaldasoficinas.com\\\/pt\\\/?s={search_term_string}\"},\"query-input\":{\"@type\":\"PropertyValueSpecification\",\"valueRequired\":true,\"valueName\":\"search_term_string\"}}],\"inLanguage\":\"pt-PT\"},{\"@type\":\"Organization\",\"@id\":\"https:\\\/\\\/jornaldasoficinas.com\\\/pt\\\/#organization\",\"name\":\"Jornal das Oficinas\",\"url\":\"https:\\\/\\\/jornaldasoficinas.com\\\/pt\\\/\",\"logo\":{\"@type\":\"ImageObject\",\"inLanguage\":\"pt-PT\",\"@id\":\"https:\\\/\\\/jornaldasoficinas.com\\\/pt\\\/#\\\/schema\\\/logo\\\/image\\\/\",\"url\":\"https:\\\/\\\/jornaldasoficinas.com\\\/pt\\\/wp-content\\\/uploads\\\/logoJO-SEO.png\",\"contentUrl\":\"https:\\\/\\\/jornaldasoficinas.com\\\/pt\\\/wp-content\\\/uploads\\\/logoJO-SEO.png\",\"width\":285,\"height\":450,\"caption\":\"Jornal das Oficinas\"},\"image\":{\"@id\":\"https:\\\/\\\/jornaldasoficinas.com\\\/pt\\\/#\\\/schema\\\/logo\\\/image\\\/\"},\"sameAs\":[\"https:\\\/\\\/www.facebook.com\\\/jornaloficinas\",\"https:\\\/\\\/x.com\\\/jornaloficinas\",\"https:\\\/\\\/www.instagram.com\\\/jornal_oficinas\\\/\",\"https:\\\/\\\/www.linkedin.com\\\/company\\\/jornal-das-oficinas\\\/\",\"https:\\\/\\\/www.youtube.com\\\/channel\\\/UCbQZBqtcvV-oSQrr7RzINGg\"]},{\"@type\":\"Person\",\"@id\":\"https:\\\/\\\/jornaldasoficinas.com\\\/pt\\\/#\\\/schema\\\/person\\\/a38eef5de2c41d9e7c9ac10141afddf3\",\"name\":\"Reda\u00e7\u00e3o JO\",\"image\":{\"@type\":\"ImageObject\",\"inLanguage\":\"pt-PT\",\"@id\":\"https:\\\/\\\/secure.gravatar.com\\\/avatar\\\/71f2fa71737ad68a84fea94bc708ddac8ea5b0c4788dc2ad202f3ccb2887742f?s=96&d=wp_user_avatar&r=g\",\"url\":\"https:\\\/\\\/secure.gravatar.com\\\/avatar\\\/71f2fa71737ad68a84fea94bc708ddac8ea5b0c4788dc2ad202f3ccb2887742f?s=96&d=wp_user_avatar&r=g\",\"contentUrl\":\"https:\\\/\\\/secure.gravatar.com\\\/avatar\\\/71f2fa71737ad68a84fea94bc708ddac8ea5b0c4788dc2ad202f3ccb2887742f?s=96&d=wp_user_avatar&r=g\",\"caption\":\"Reda\u00e7\u00e3o JO\"},\"url\":\"https:\\\/\\\/jornaldasoficinas.com\\\/pt\\\/author\\\/joredacao\\\/\"}]}<\/script>\n<!-- \/ Yoast SEO plugin. -->","yoast_head_json":{"title":"O mercado est\u00e1 em situa\u00e7\u00e3o positiva, em crescimento e com muita estabilidade\u201d, Guillermo de Llera, IF4 - Jornal das Oficinas","robots":{"index":"index","follow":"follow","max-snippet":"max-snippet:-1","max-image-preview":"max-image-preview:large","max-video-preview":"max-video-preview:-1"},"canonical":"https:\/\/jornaldasoficinas.com\/pt\/o-mercado-esta-em-situacao-positiva-em-crescimento-e-com-muita-estabilidade-guillermo-de-llera-if4\/","og_locale":"pt_PT","og_type":"article","og_title":"O mercado est\u00e1 em situa\u00e7\u00e3o positiva, em crescimento e com muita estabilidade\u201d, Guillermo de Llera, IF4 - Jornal das Oficinas","og_description":"A an\u00e1lise do mercado de ve\u00edculos...","og_url":"https:\/\/jornaldasoficinas.com\/pt\/o-mercado-esta-em-situacao-positiva-em-crescimento-e-com-muita-estabilidade-guillermo-de-llera-if4\/","og_site_name":"Jornal das Oficinas","article_publisher":"https:\/\/www.facebook.com\/jornaloficinas","article_published_time":"2022-06-15T19:00:43+00:00","og_image":[{"width":1024,"height":581,"url":"https:\/\/jornaldasoficinas.com\/pt\/wp-content\/uploads\/2022\/06\/guillermo_de_llera_jornal_das_oficinas.jpeg","type":"image\/jpeg"}],"author":"Reda\u00e7\u00e3o JO","twitter_card":"summary_large_image","twitter_creator":"@jornaloficinas","twitter_site":"@jornaloficinas","twitter_misc":{"Escrito por":"Reda\u00e7\u00e3o JO","Tempo estimado de leitura":"1 minuto"},"schema":{"@context":"https:\/\/schema.org","@graph":[{"@type":"Article","@id":"https:\/\/jornaldasoficinas.com\/pt\/o-mercado-esta-em-situacao-positiva-em-crescimento-e-com-muita-estabilidade-guillermo-de-llera-if4\/#article","isPartOf":{"@id":"https:\/\/jornaldasoficinas.com\/pt\/o-mercado-esta-em-situacao-positiva-em-crescimento-e-com-muita-estabilidade-guillermo-de-llera-if4\/"},"author":{"name":"Reda\u00e7\u00e3o JO","@id":"https:\/\/jornaldasoficinas.com\/pt\/#\/schema\/person\/a38eef5de2c41d9e7c9ac10141afddf3"},"headline":"O mercado est\u00e1 em situa\u00e7\u00e3o positiva, em crescimento e com muita estabilidade\u201d, Guillermo de Llera, IF4","datePublished":"2022-06-15T19:00:43+00:00","mainEntityOfPage":{"@id":"https:\/\/jornaldasoficinas.com\/pt\/o-mercado-esta-em-situacao-positiva-em-crescimento-e-com-muita-estabilidade-guillermo-de-llera-if4\/"},"wordCount":281,"publisher":{"@id":"https:\/\/jornaldasoficinas.com\/pt\/#organization"},"image":{"@id":"https:\/\/jornaldasoficinas.com\/pt\/o-mercado-esta-em-situacao-positiva-em-crescimento-e-com-muita-estabilidade-guillermo-de-llera-if4\/#primaryimage"},"thumbnailUrl":"https:\/\/jornaldasoficinas.com\/pt\/wp-content\/uploads\/2022\/06\/guillermo_de_llera_jornal_das_oficinas.jpeg","keywords":["IF4"],"articleSection":["Mercado"],"inLanguage":"pt-PT"},{"@type":"WebPage","@id":"https:\/\/jornaldasoficinas.com\/pt\/o-mercado-esta-em-situacao-positiva-em-crescimento-e-com-muita-estabilidade-guillermo-de-llera-if4\/","url":"https:\/\/jornaldasoficinas.com\/pt\/o-mercado-esta-em-situacao-positiva-em-crescimento-e-com-muita-estabilidade-guillermo-de-llera-if4\/","name":"O mercado est\u00e1 em situa\u00e7\u00e3o positiva, em crescimento e com muita estabilidade\u201d, Guillermo de Llera, IF4 - Jornal das Oficinas","isPartOf":{"@id":"https:\/\/jornaldasoficinas.com\/pt\/#website"},"primaryImageOfPage":{"@id":"https:\/\/jornaldasoficinas.com\/pt\/o-mercado-esta-em-situacao-positiva-em-crescimento-e-com-muita-estabilidade-guillermo-de-llera-if4\/#primaryimage"},"image":{"@id":"https:\/\/jornaldasoficinas.com\/pt\/o-mercado-esta-em-situacao-positiva-em-crescimento-e-com-muita-estabilidade-guillermo-de-llera-if4\/#primaryimage"},"thumbnailUrl":"https:\/\/jornaldasoficinas.com\/pt\/wp-content\/uploads\/2022\/06\/guillermo_de_llera_jornal_das_oficinas.jpeg","datePublished":"2022-06-15T19:00:43+00:00","breadcrumb":{"@id":"https:\/\/jornaldasoficinas.com\/pt\/o-mercado-esta-em-situacao-positiva-em-crescimento-e-com-muita-estabilidade-guillermo-de-llera-if4\/#breadcrumb"},"inLanguage":"pt-PT","potentialAction":[{"@type":"ReadAction","target":["https:\/\/jornaldasoficinas.com\/pt\/o-mercado-esta-em-situacao-positiva-em-crescimento-e-com-muita-estabilidade-guillermo-de-llera-if4\/"]}]},{"@type":"ImageObject","inLanguage":"pt-PT","@id":"https:\/\/jornaldasoficinas.com\/pt\/o-mercado-esta-em-situacao-positiva-em-crescimento-e-com-muita-estabilidade-guillermo-de-llera-if4\/#primaryimage","url":"https:\/\/jornaldasoficinas.com\/pt\/wp-content\/uploads\/2022\/06\/guillermo_de_llera_jornal_das_oficinas.jpeg","contentUrl":"https:\/\/jornaldasoficinas.com\/pt\/wp-content\/uploads\/2022\/06\/guillermo_de_llera_jornal_das_oficinas.jpeg","width":1024,"height":581,"caption":"06 - guillermo_de_llera_jornal_das_oficinas"},{"@type":"BreadcrumbList","@id":"https:\/\/jornaldasoficinas.com\/pt\/o-mercado-esta-em-situacao-positiva-em-crescimento-e-com-muita-estabilidade-guillermo-de-llera-if4\/#breadcrumb","itemListElement":[{"@type":"ListItem","position":1,"name":"In\u00edcio","item":"https:\/\/jornaldasoficinas.com\/pt\/"},{"@type":"ListItem","position":2,"name":"O mercado est\u00e1 em situa\u00e7\u00e3o positiva, em crescimento e com muita estabilidade\u201d, Guillermo de Llera, IF4"}]},{"@type":"WebSite","@id":"https:\/\/jornaldasoficinas.com\/pt\/#website","url":"https:\/\/jornaldasoficinas.com\/pt\/","name":"Jornal das Oficinas","description":"Jornal independente do Aftermarket Autom\u00f3vel em Portugal","publisher":{"@id":"https:\/\/jornaldasoficinas.com\/pt\/#organization"},"potentialAction":[{"@type":"SearchAction","target":{"@type":"EntryPoint","urlTemplate":"https:\/\/jornaldasoficinas.com\/pt\/?s={search_term_string}"},"query-input":{"@type":"PropertyValueSpecification","valueRequired":true,"valueName":"search_term_string"}}],"inLanguage":"pt-PT"},{"@type":"Organization","@id":"https:\/\/jornaldasoficinas.com\/pt\/#organization","name":"Jornal das Oficinas","url":"https:\/\/jornaldasoficinas.com\/pt\/","logo":{"@type":"ImageObject","inLanguage":"pt-PT","@id":"https:\/\/jornaldasoficinas.com\/pt\/#\/schema\/logo\/image\/","url":"https:\/\/jornaldasoficinas.com\/pt\/wp-content\/uploads\/logoJO-SEO.png","contentUrl":"https:\/\/jornaldasoficinas.com\/pt\/wp-content\/uploads\/logoJO-SEO.png","width":285,"height":450,"caption":"Jornal das Oficinas"},"image":{"@id":"https:\/\/jornaldasoficinas.com\/pt\/#\/schema\/logo\/image\/"},"sameAs":["https:\/\/www.facebook.com\/jornaloficinas","https:\/\/x.com\/jornaloficinas","https:\/\/www.instagram.com\/jornal_oficinas\/","https:\/\/www.linkedin.com\/company\/jornal-das-oficinas\/","https:\/\/www.youtube.com\/channel\/UCbQZBqtcvV-oSQrr7RzINGg"]},{"@type":"Person","@id":"https:\/\/jornaldasoficinas.com\/pt\/#\/schema\/person\/a38eef5de2c41d9e7c9ac10141afddf3","name":"Reda\u00e7\u00e3o JO","image":{"@type":"ImageObject","inLanguage":"pt-PT","@id":"https:\/\/secure.gravatar.com\/avatar\/71f2fa71737ad68a84fea94bc708ddac8ea5b0c4788dc2ad202f3ccb2887742f?s=96&d=wp_user_avatar&r=g","url":"https:\/\/secure.gravatar.com\/avatar\/71f2fa71737ad68a84fea94bc708ddac8ea5b0c4788dc2ad202f3ccb2887742f?s=96&d=wp_user_avatar&r=g","contentUrl":"https:\/\/secure.gravatar.com\/avatar\/71f2fa71737ad68a84fea94bc708ddac8ea5b0c4788dc2ad202f3ccb2887742f?s=96&d=wp_user_avatar&r=g","caption":"Reda\u00e7\u00e3o JO"},"url":"https:\/\/jornaldasoficinas.com\/pt\/author\/joredacao\/"}]}},"_links":{"self":[{"href":"https:\/\/jornaldasoficinas.com\/pt\/wp-json\/wp\/v2\/posts\/30641","targetHints":{"allow":["GET"]}}],"collection":[{"href":"https:\/\/jornaldasoficinas.com\/pt\/wp-json\/wp\/v2\/posts"}],"about":[{"href":"https:\/\/jornaldasoficinas.com\/pt\/wp-json\/wp\/v2\/types\/post"}],"author":[{"embeddable":true,"href":"https:\/\/jornaldasoficinas.com\/pt\/wp-json\/wp\/v2\/users\/15"}],"replies":[{"embeddable":true,"href":"https:\/\/jornaldasoficinas.com\/pt\/wp-json\/wp\/v2\/comments?post=30641"}],"version-history":[{"count":0,"href":"https:\/\/jornaldasoficinas.com\/pt\/wp-json\/wp\/v2\/posts\/30641\/revisions"}],"wp:featuredmedia":[{"embeddable":true,"href":"https:\/\/jornaldasoficinas.com\/pt\/wp-json\/wp\/v2\/media\/30633"}],"wp:attachment":[{"href":"https:\/\/jornaldasoficinas.com\/pt\/wp-json\/wp\/v2\/media?parent=30641"}],"wp:term":[{"taxonomy":"category","embeddable":true,"href":"https:\/\/jornaldasoficinas.com\/pt\/wp-json\/wp\/v2\/categories?post=30641"},{"taxonomy":"post_tag","embeddable":true,"href":"https:\/\/jornaldasoficinas.com\/pt\/wp-json\/wp\/v2\/tags?post=30641"}],"curies":[{"name":"wp","href":"https:\/\/api.w.org\/{rel}","templated":true}]}}