{"id":30687,"date":"2022-06-17T18:00:40","date_gmt":"2022-06-17T17:00:40","guid":{"rendered":"https:\/\/jornaldasoficinas.com\/pt\/?p=30687"},"modified":"2022-06-17T11:06:37","modified_gmt":"2022-06-17T10:06:37","slug":"herthbuss-lanca-luzes-de-aviso-led","status":"publish","type":"post","link":"https:\/\/jornaldasoficinas.com\/pt\/herthbuss-lanca-luzes-de-aviso-led\/","title":{"rendered":"Herth+Buss lan\u00e7a luzes de aviso LED"},"content":{"rendered":"<p><img loading=\"lazy\" decoding=\"async\" class=\"alignnone size-full wp-image-30662\" src=\"https:\/\/jornaldasoficinas.com\/pt\/wp-content\/uploads\/2022\/06\/HerthBuss-lanc\u0327a-luzes-de-aviso-LED-1.jpg\" alt=\"06 - HerthBuss lanc\u0327a luzes de aviso LED 1\" width=\"1024\" height=\"581\" srcset=\"https:\/\/jornaldasoficinas.com\/pt\/wp-content\/uploads\/2022\/06\/HerthBuss-lanc\u0327a-luzes-de-aviso-LED-1.jpg 1024w, https:\/\/jornaldasoficinas.com\/pt\/wp-content\/uploads\/2022\/06\/HerthBuss-lanc\u0327a-luzes-de-aviso-LED-1-300x170.jpg 300w, https:\/\/jornaldasoficinas.com\/pt\/wp-content\/uploads\/2022\/06\/HerthBuss-lanc\u0327a-luzes-de-aviso-LED-1-150x85.jpg 150w, https:\/\/jornaldasoficinas.com\/pt\/wp-content\/uploads\/2022\/06\/HerthBuss-lanc\u0327a-luzes-de-aviso-LED-1-768x436.jpg 768w\" sizes=\"auto, (max-width: 1024px) 100vw, 1024px\" \/><\/p>\n<p><strong>A <a href=\"https:\/\/herthundbuss.com\/pt-pt\/\" target=\"_blank\" rel=\"noopener\">Herth+Buss<\/a>\u00a0 expandiu a gama de ilumina\u00e7\u00e3o com luzes de aviso\u00a0 intermitentes LED. Os far\u00f3is intermitentes s\u00e3o utilizados para avisar dos poss\u00edveis perigos com os seus intensos impulsos de luz, para que sejam vis\u00edveis aos condutores \u00e0 dist\u00e2ncia<\/strong><\/p>\n<p>Os novos far\u00f3is intermitentes de aplica\u00e7\u00e3o universal destacam-se devido ao seu design compacto. T\u00eam um di\u00e2metro muito pequeno e um desenho plano. Enquanto os far\u00f3is rotativos convencionais no mercado t\u00eam geralmente di\u00e2metros de cerca de 140 a 150 mm, o di\u00e2metro dos novos far\u00f3is intermitentes LED da Herth+Buss \u00e9 apenas entre 92 a 112 mm. Com uma altura de 47 mm, s\u00e3o tamb\u00e9m muito planos. Gra\u00e7as \u00e0 sua forma especial, as luzes podem ser utilizadas de forma flex\u00edvel e s\u00e3o adequadas para uma grande variedade de requisitos, tais como para utiliza\u00e7\u00e3o em cami\u00f5es industriais ou varredores.<\/p>\n<p>Para al\u00e9m do seu design pr\u00e1tico, as luzes de aviso s\u00e3o tamb\u00e9m convincentes na medida em que satisfazem os mais altos requisitos de qualidade e s\u00e3o muito dur\u00e1veis. Com prote\u00e7\u00e3o IP67, os far\u00f3is intermitentes est\u00e3o protegidos contra o p\u00f3 e a imers\u00e3o tempor\u00e1ria na \u00e1gua. Al\u00e9m disso, cumprem os requisitos de alta qualidade da norma ECE-R65.<\/p>\n","protected":false},"excerpt":{"rendered":"<p>A Herth+Buss\u00a0 expandiu a gama de&#8230;<\/p>\n","protected":false},"author":15,"featured_media":30662,"comment_status":"closed","ping_status":"closed","sticky":false,"template":"","format":"standard","meta":{"footnotes":""},"categories":[6],"tags":[579],"class_list":["post-30687","post","type-post","status-publish","format-standard","has-post-thumbnail","hentry","category-equipamentos","tag-herthbuss"],"yoast_head":"<!-- This site is optimized with the Yoast SEO plugin v27.4 - https:\/\/yoast.com\/product\/yoast-seo-wordpress\/ -->\n<title>Herth+Buss lan\u00e7a luzes de aviso LED - Jornal das Oficinas<\/title>\n<meta name=\"robots\" content=\"index, follow, max-snippet:-1, max-image-preview:large, max-video-preview:-1\" \/>\n<link rel=\"canonical\" href=\"https:\/\/jornaldasoficinas.com\/pt\/herthbuss-lanca-luzes-de-aviso-led\/\" \/>\n<meta property=\"og:locale\" content=\"pt_PT\" \/>\n<meta property=\"og:type\" content=\"article\" \/>\n<meta property=\"og:title\" content=\"Herth+Buss lan\u00e7a luzes de aviso LED - Jornal das Oficinas\" \/>\n<meta property=\"og:description\" content=\"A Herth+Buss\u00a0 expandiu a gama de...\" \/>\n<meta property=\"og:url\" content=\"https:\/\/jornaldasoficinas.com\/pt\/herthbuss-lanca-luzes-de-aviso-led\/\" \/>\n<meta property=\"og:site_name\" content=\"Jornal das Oficinas\" \/>\n<meta property=\"article:publisher\" content=\"https:\/\/www.facebook.com\/jornaloficinas\" \/>\n<meta property=\"article:published_time\" content=\"2022-06-17T17:00:40+00:00\" \/>\n<meta property=\"og:image\" content=\"https:\/\/jornaldasoficinas.com\/pt\/wp-content\/uploads\/2022\/06\/HerthBuss-lanc\u0327a-luzes-de-aviso-LED-1.jpg\" \/>\n\t<meta property=\"og:image:width\" content=\"1024\" \/>\n\t<meta property=\"og:image:height\" content=\"581\" \/>\n\t<meta property=\"og:image:type\" content=\"image\/jpeg\" \/>\n<meta name=\"author\" content=\"Reda\u00e7\u00e3o JO\" \/>\n<meta name=\"twitter:card\" content=\"summary_large_image\" \/>\n<meta name=\"twitter:creator\" content=\"@jornaloficinas\" \/>\n<meta name=\"twitter:site\" content=\"@jornaloficinas\" \/>\n<meta name=\"twitter:label1\" content=\"Escrito por\" \/>\n\t<meta name=\"twitter:data1\" content=\"Reda\u00e7\u00e3o JO\" \/>\n\t<meta name=\"twitter:label2\" content=\"Tempo estimado de leitura\" \/>\n\t<meta name=\"twitter:data2\" content=\"2 minutos\" \/>\n<script type=\"application\/ld+json\" class=\"yoast-schema-graph\">{\"@context\":\"https:\\\/\\\/schema.org\",\"@graph\":[{\"@type\":\"Article\",\"@id\":\"https:\\\/\\\/jornaldasoficinas.com\\\/pt\\\/herthbuss-lanca-luzes-de-aviso-led\\\/#article\",\"isPartOf\":{\"@id\":\"https:\\\/\\\/jornaldasoficinas.com\\\/pt\\\/herthbuss-lanca-luzes-de-aviso-led\\\/\"},\"author\":{\"name\":\"Reda\u00e7\u00e3o JO\",\"@id\":\"https:\\\/\\\/jornaldasoficinas.com\\\/pt\\\/#\\\/schema\\\/person\\\/a38eef5de2c41d9e7c9ac10141afddf3\"},\"headline\":\"Herth+Buss lan\u00e7a luzes de aviso LED\",\"datePublished\":\"2022-06-17T17:00:40+00:00\",\"mainEntityOfPage\":{\"@id\":\"https:\\\/\\\/jornaldasoficinas.com\\\/pt\\\/herthbuss-lanca-luzes-de-aviso-led\\\/\"},\"wordCount\":226,\"publisher\":{\"@id\":\"https:\\\/\\\/jornaldasoficinas.com\\\/pt\\\/#organization\"},\"image\":{\"@id\":\"https:\\\/\\\/jornaldasoficinas.com\\\/pt\\\/herthbuss-lanca-luzes-de-aviso-led\\\/#primaryimage\"},\"thumbnailUrl\":\"https:\\\/\\\/jornaldasoficinas.com\\\/pt\\\/wp-content\\\/uploads\\\/2022\\\/06\\\/HerthBuss-lanc\u0327a-luzes-de-aviso-LED-1.jpg\",\"keywords\":[\"HERTH+BUSS\"],\"articleSection\":[\"Equipamentos\"],\"inLanguage\":\"pt-PT\"},{\"@type\":\"WebPage\",\"@id\":\"https:\\\/\\\/jornaldasoficinas.com\\\/pt\\\/herthbuss-lanca-luzes-de-aviso-led\\\/\",\"url\":\"https:\\\/\\\/jornaldasoficinas.com\\\/pt\\\/herthbuss-lanca-luzes-de-aviso-led\\\/\",\"name\":\"Herth+Buss lan\u00e7a luzes de aviso LED - Jornal das Oficinas\",\"isPartOf\":{\"@id\":\"https:\\\/\\\/jornaldasoficinas.com\\\/pt\\\/#website\"},\"primaryImageOfPage\":{\"@id\":\"https:\\\/\\\/jornaldasoficinas.com\\\/pt\\\/herthbuss-lanca-luzes-de-aviso-led\\\/#primaryimage\"},\"image\":{\"@id\":\"https:\\\/\\\/jornaldasoficinas.com\\\/pt\\\/herthbuss-lanca-luzes-de-aviso-led\\\/#primaryimage\"},\"thumbnailUrl\":\"https:\\\/\\\/jornaldasoficinas.com\\\/pt\\\/wp-content\\\/uploads\\\/2022\\\/06\\\/HerthBuss-lanc\u0327a-luzes-de-aviso-LED-1.jpg\",\"datePublished\":\"2022-06-17T17:00:40+00:00\",\"breadcrumb\":{\"@id\":\"https:\\\/\\\/jornaldasoficinas.com\\\/pt\\\/herthbuss-lanca-luzes-de-aviso-led\\\/#breadcrumb\"},\"inLanguage\":\"pt-PT\",\"potentialAction\":[{\"@type\":\"ReadAction\",\"target\":[\"https:\\\/\\\/jornaldasoficinas.com\\\/pt\\\/herthbuss-lanca-luzes-de-aviso-led\\\/\"]}]},{\"@type\":\"ImageObject\",\"inLanguage\":\"pt-PT\",\"@id\":\"https:\\\/\\\/jornaldasoficinas.com\\\/pt\\\/herthbuss-lanca-luzes-de-aviso-led\\\/#primaryimage\",\"url\":\"https:\\\/\\\/jornaldasoficinas.com\\\/pt\\\/wp-content\\\/uploads\\\/2022\\\/06\\\/HerthBuss-lanc\u0327a-luzes-de-aviso-LED-1.jpg\",\"contentUrl\":\"https:\\\/\\\/jornaldasoficinas.com\\\/pt\\\/wp-content\\\/uploads\\\/2022\\\/06\\\/HerthBuss-lanc\u0327a-luzes-de-aviso-LED-1.jpg\",\"width\":1024,\"height\":581,\"caption\":\"06 - HerthBuss lanc\u0327a luzes de aviso LED 1\"},{\"@type\":\"BreadcrumbList\",\"@id\":\"https:\\\/\\\/jornaldasoficinas.com\\\/pt\\\/herthbuss-lanca-luzes-de-aviso-led\\\/#breadcrumb\",\"itemListElement\":[{\"@type\":\"ListItem\",\"position\":1,\"name\":\"In\u00edcio\",\"item\":\"https:\\\/\\\/jornaldasoficinas.com\\\/pt\\\/\"},{\"@type\":\"ListItem\",\"position\":2,\"name\":\"Herth+Buss lan\u00e7a luzes de aviso LED\"}]},{\"@type\":\"WebSite\",\"@id\":\"https:\\\/\\\/jornaldasoficinas.com\\\/pt\\\/#website\",\"url\":\"https:\\\/\\\/jornaldasoficinas.com\\\/pt\\\/\",\"name\":\"Jornal das Oficinas\",\"description\":\"Jornal independente do Aftermarket Autom\u00f3vel em Portugal\",\"publisher\":{\"@id\":\"https:\\\/\\\/jornaldasoficinas.com\\\/pt\\\/#organization\"},\"potentialAction\":[{\"@type\":\"SearchAction\",\"target\":{\"@type\":\"EntryPoint\",\"urlTemplate\":\"https:\\\/\\\/jornaldasoficinas.com\\\/pt\\\/?s={search_term_string}\"},\"query-input\":{\"@type\":\"PropertyValueSpecification\",\"valueRequired\":true,\"valueName\":\"search_term_string\"}}],\"inLanguage\":\"pt-PT\"},{\"@type\":\"Organization\",\"@id\":\"https:\\\/\\\/jornaldasoficinas.com\\\/pt\\\/#organization\",\"name\":\"Jornal das Oficinas\",\"url\":\"https:\\\/\\\/jornaldasoficinas.com\\\/pt\\\/\",\"logo\":{\"@type\":\"ImageObject\",\"inLanguage\":\"pt-PT\",\"@id\":\"https:\\\/\\\/jornaldasoficinas.com\\\/pt\\\/#\\\/schema\\\/logo\\\/image\\\/\",\"url\":\"https:\\\/\\\/jornaldasoficinas.com\\\/pt\\\/wp-content\\\/uploads\\\/logoJO-SEO.png\",\"contentUrl\":\"https:\\\/\\\/jornaldasoficinas.com\\\/pt\\\/wp-content\\\/uploads\\\/logoJO-SEO.png\",\"width\":285,\"height\":450,\"caption\":\"Jornal das Oficinas\"},\"image\":{\"@id\":\"https:\\\/\\\/jornaldasoficinas.com\\\/pt\\\/#\\\/schema\\\/logo\\\/image\\\/\"},\"sameAs\":[\"https:\\\/\\\/www.facebook.com\\\/jornaloficinas\",\"https:\\\/\\\/x.com\\\/jornaloficinas\",\"https:\\\/\\\/www.instagram.com\\\/jornal_oficinas\\\/\",\"https:\\\/\\\/www.linkedin.com\\\/company\\\/jornal-das-oficinas\\\/\",\"https:\\\/\\\/www.youtube.com\\\/channel\\\/UCbQZBqtcvV-oSQrr7RzINGg\"]},{\"@type\":\"Person\",\"@id\":\"https:\\\/\\\/jornaldasoficinas.com\\\/pt\\\/#\\\/schema\\\/person\\\/a38eef5de2c41d9e7c9ac10141afddf3\",\"name\":\"Reda\u00e7\u00e3o JO\",\"image\":{\"@type\":\"ImageObject\",\"inLanguage\":\"pt-PT\",\"@id\":\"https:\\\/\\\/secure.gravatar.com\\\/avatar\\\/71f2fa71737ad68a84fea94bc708ddac8ea5b0c4788dc2ad202f3ccb2887742f?s=96&d=wp_user_avatar&r=g\",\"url\":\"https:\\\/\\\/secure.gravatar.com\\\/avatar\\\/71f2fa71737ad68a84fea94bc708ddac8ea5b0c4788dc2ad202f3ccb2887742f?s=96&d=wp_user_avatar&r=g\",\"contentUrl\":\"https:\\\/\\\/secure.gravatar.com\\\/avatar\\\/71f2fa71737ad68a84fea94bc708ddac8ea5b0c4788dc2ad202f3ccb2887742f?s=96&d=wp_user_avatar&r=g\",\"caption\":\"Reda\u00e7\u00e3o JO\"},\"url\":\"https:\\\/\\\/jornaldasoficinas.com\\\/pt\\\/author\\\/joredacao\\\/\"}]}<\/script>\n<!-- \/ Yoast SEO plugin. -->","yoast_head_json":{"title":"Herth+Buss lan\u00e7a luzes de aviso LED - Jornal das Oficinas","robots":{"index":"index","follow":"follow","max-snippet":"max-snippet:-1","max-image-preview":"max-image-preview:large","max-video-preview":"max-video-preview:-1"},"canonical":"https:\/\/jornaldasoficinas.com\/pt\/herthbuss-lanca-luzes-de-aviso-led\/","og_locale":"pt_PT","og_type":"article","og_title":"Herth+Buss lan\u00e7a luzes de aviso LED - Jornal das Oficinas","og_description":"A Herth+Buss\u00a0 expandiu a gama de...","og_url":"https:\/\/jornaldasoficinas.com\/pt\/herthbuss-lanca-luzes-de-aviso-led\/","og_site_name":"Jornal das Oficinas","article_publisher":"https:\/\/www.facebook.com\/jornaloficinas","article_published_time":"2022-06-17T17:00:40+00:00","og_image":[{"width":1024,"height":581,"url":"https:\/\/jornaldasoficinas.com\/pt\/wp-content\/uploads\/2022\/06\/HerthBuss-lanc\u0327a-luzes-de-aviso-LED-1.jpg","type":"image\/jpeg"}],"author":"Reda\u00e7\u00e3o JO","twitter_card":"summary_large_image","twitter_creator":"@jornaloficinas","twitter_site":"@jornaloficinas","twitter_misc":{"Escrito por":"Reda\u00e7\u00e3o JO","Tempo estimado de leitura":"2 minutos"},"schema":{"@context":"https:\/\/schema.org","@graph":[{"@type":"Article","@id":"https:\/\/jornaldasoficinas.com\/pt\/herthbuss-lanca-luzes-de-aviso-led\/#article","isPartOf":{"@id":"https:\/\/jornaldasoficinas.com\/pt\/herthbuss-lanca-luzes-de-aviso-led\/"},"author":{"name":"Reda\u00e7\u00e3o JO","@id":"https:\/\/jornaldasoficinas.com\/pt\/#\/schema\/person\/a38eef5de2c41d9e7c9ac10141afddf3"},"headline":"Herth+Buss lan\u00e7a luzes de aviso LED","datePublished":"2022-06-17T17:00:40+00:00","mainEntityOfPage":{"@id":"https:\/\/jornaldasoficinas.com\/pt\/herthbuss-lanca-luzes-de-aviso-led\/"},"wordCount":226,"publisher":{"@id":"https:\/\/jornaldasoficinas.com\/pt\/#organization"},"image":{"@id":"https:\/\/jornaldasoficinas.com\/pt\/herthbuss-lanca-luzes-de-aviso-led\/#primaryimage"},"thumbnailUrl":"https:\/\/jornaldasoficinas.com\/pt\/wp-content\/uploads\/2022\/06\/HerthBuss-lanc\u0327a-luzes-de-aviso-LED-1.jpg","keywords":["HERTH+BUSS"],"articleSection":["Equipamentos"],"inLanguage":"pt-PT"},{"@type":"WebPage","@id":"https:\/\/jornaldasoficinas.com\/pt\/herthbuss-lanca-luzes-de-aviso-led\/","url":"https:\/\/jornaldasoficinas.com\/pt\/herthbuss-lanca-luzes-de-aviso-led\/","name":"Herth+Buss lan\u00e7a luzes de aviso LED - Jornal das Oficinas","isPartOf":{"@id":"https:\/\/jornaldasoficinas.com\/pt\/#website"},"primaryImageOfPage":{"@id":"https:\/\/jornaldasoficinas.com\/pt\/herthbuss-lanca-luzes-de-aviso-led\/#primaryimage"},"image":{"@id":"https:\/\/jornaldasoficinas.com\/pt\/herthbuss-lanca-luzes-de-aviso-led\/#primaryimage"},"thumbnailUrl":"https:\/\/jornaldasoficinas.com\/pt\/wp-content\/uploads\/2022\/06\/HerthBuss-lanc\u0327a-luzes-de-aviso-LED-1.jpg","datePublished":"2022-06-17T17:00:40+00:00","breadcrumb":{"@id":"https:\/\/jornaldasoficinas.com\/pt\/herthbuss-lanca-luzes-de-aviso-led\/#breadcrumb"},"inLanguage":"pt-PT","potentialAction":[{"@type":"ReadAction","target":["https:\/\/jornaldasoficinas.com\/pt\/herthbuss-lanca-luzes-de-aviso-led\/"]}]},{"@type":"ImageObject","inLanguage":"pt-PT","@id":"https:\/\/jornaldasoficinas.com\/pt\/herthbuss-lanca-luzes-de-aviso-led\/#primaryimage","url":"https:\/\/jornaldasoficinas.com\/pt\/wp-content\/uploads\/2022\/06\/HerthBuss-lanc\u0327a-luzes-de-aviso-LED-1.jpg","contentUrl":"https:\/\/jornaldasoficinas.com\/pt\/wp-content\/uploads\/2022\/06\/HerthBuss-lanc\u0327a-luzes-de-aviso-LED-1.jpg","width":1024,"height":581,"caption":"06 - HerthBuss lanc\u0327a luzes de aviso LED 1"},{"@type":"BreadcrumbList","@id":"https:\/\/jornaldasoficinas.com\/pt\/herthbuss-lanca-luzes-de-aviso-led\/#breadcrumb","itemListElement":[{"@type":"ListItem","position":1,"name":"In\u00edcio","item":"https:\/\/jornaldasoficinas.com\/pt\/"},{"@type":"ListItem","position":2,"name":"Herth+Buss lan\u00e7a luzes de aviso LED"}]},{"@type":"WebSite","@id":"https:\/\/jornaldasoficinas.com\/pt\/#website","url":"https:\/\/jornaldasoficinas.com\/pt\/","name":"Jornal das Oficinas","description":"Jornal independente do Aftermarket Autom\u00f3vel em Portugal","publisher":{"@id":"https:\/\/jornaldasoficinas.com\/pt\/#organization"},"potentialAction":[{"@type":"SearchAction","target":{"@type":"EntryPoint","urlTemplate":"https:\/\/jornaldasoficinas.com\/pt\/?s={search_term_string}"},"query-input":{"@type":"PropertyValueSpecification","valueRequired":true,"valueName":"search_term_string"}}],"inLanguage":"pt-PT"},{"@type":"Organization","@id":"https:\/\/jornaldasoficinas.com\/pt\/#organization","name":"Jornal das Oficinas","url":"https:\/\/jornaldasoficinas.com\/pt\/","logo":{"@type":"ImageObject","inLanguage":"pt-PT","@id":"https:\/\/jornaldasoficinas.com\/pt\/#\/schema\/logo\/image\/","url":"https:\/\/jornaldasoficinas.com\/pt\/wp-content\/uploads\/logoJO-SEO.png","contentUrl":"https:\/\/jornaldasoficinas.com\/pt\/wp-content\/uploads\/logoJO-SEO.png","width":285,"height":450,"caption":"Jornal das Oficinas"},"image":{"@id":"https:\/\/jornaldasoficinas.com\/pt\/#\/schema\/logo\/image\/"},"sameAs":["https:\/\/www.facebook.com\/jornaloficinas","https:\/\/x.com\/jornaloficinas","https:\/\/www.instagram.com\/jornal_oficinas\/","https:\/\/www.linkedin.com\/company\/jornal-das-oficinas\/","https:\/\/www.youtube.com\/channel\/UCbQZBqtcvV-oSQrr7RzINGg"]},{"@type":"Person","@id":"https:\/\/jornaldasoficinas.com\/pt\/#\/schema\/person\/a38eef5de2c41d9e7c9ac10141afddf3","name":"Reda\u00e7\u00e3o JO","image":{"@type":"ImageObject","inLanguage":"pt-PT","@id":"https:\/\/secure.gravatar.com\/avatar\/71f2fa71737ad68a84fea94bc708ddac8ea5b0c4788dc2ad202f3ccb2887742f?s=96&d=wp_user_avatar&r=g","url":"https:\/\/secure.gravatar.com\/avatar\/71f2fa71737ad68a84fea94bc708ddac8ea5b0c4788dc2ad202f3ccb2887742f?s=96&d=wp_user_avatar&r=g","contentUrl":"https:\/\/secure.gravatar.com\/avatar\/71f2fa71737ad68a84fea94bc708ddac8ea5b0c4788dc2ad202f3ccb2887742f?s=96&d=wp_user_avatar&r=g","caption":"Reda\u00e7\u00e3o JO"},"url":"https:\/\/jornaldasoficinas.com\/pt\/author\/joredacao\/"}]}},"_links":{"self":[{"href":"https:\/\/jornaldasoficinas.com\/pt\/wp-json\/wp\/v2\/posts\/30687","targetHints":{"allow":["GET"]}}],"collection":[{"href":"https:\/\/jornaldasoficinas.com\/pt\/wp-json\/wp\/v2\/posts"}],"about":[{"href":"https:\/\/jornaldasoficinas.com\/pt\/wp-json\/wp\/v2\/types\/post"}],"author":[{"embeddable":true,"href":"https:\/\/jornaldasoficinas.com\/pt\/wp-json\/wp\/v2\/users\/15"}],"replies":[{"embeddable":true,"href":"https:\/\/jornaldasoficinas.com\/pt\/wp-json\/wp\/v2\/comments?post=30687"}],"version-history":[{"count":0,"href":"https:\/\/jornaldasoficinas.com\/pt\/wp-json\/wp\/v2\/posts\/30687\/revisions"}],"wp:featuredmedia":[{"embeddable":true,"href":"https:\/\/jornaldasoficinas.com\/pt\/wp-json\/wp\/v2\/media\/30662"}],"wp:attachment":[{"href":"https:\/\/jornaldasoficinas.com\/pt\/wp-json\/wp\/v2\/media?parent=30687"}],"wp:term":[{"taxonomy":"category","embeddable":true,"href":"https:\/\/jornaldasoficinas.com\/pt\/wp-json\/wp\/v2\/categories?post=30687"},{"taxonomy":"post_tag","embeddable":true,"href":"https:\/\/jornaldasoficinas.com\/pt\/wp-json\/wp\/v2\/tags?post=30687"}],"curies":[{"name":"wp","href":"https:\/\/api.w.org\/{rel}","templated":true}]}}