{"id":30915,"date":"2022-06-27T10:00:29","date_gmt":"2022-06-27T09:00:29","guid":{"rendered":"https:\/\/jornaldasoficinas.com\/pt\/?p=30915"},"modified":"2022-06-27T10:53:30","modified_gmt":"2022-06-27T09:53:30","slug":"80-das-pme-ainda-nao-aderiu-a-faturacao-eletronica","status":"publish","type":"post","link":"https:\/\/jornaldasoficinas.com\/pt\/80-das-pme-ainda-nao-aderiu-a-faturacao-eletronica\/","title":{"rendered":"80% das PME ainda n\u00e3o aderiu \u00e0 fatura\u00e7\u00e3o eletr\u00f3nica"},"content":{"rendered":"<p><img loading=\"lazy\" decoding=\"async\" class=\"size-full wp-image-30839\" src=\"https:\/\/jornaldasoficinas.com\/pt\/wp-content\/uploads\/2022\/06\/80-das-PME-ainda-na\u0303o-aderiu-a\u0300-faturac\u0327a\u0303o-eletro\u0301nica.jpg\" alt=\"06 - 80 das PME ainda na\u0303o aderiu a\u0300 faturac\u0327a\u0303o eletro\u0301nica\" width=\"1024\" height=\"581\" srcset=\"https:\/\/jornaldasoficinas.com\/pt\/wp-content\/uploads\/2022\/06\/80-das-PME-ainda-na\u0303o-aderiu-a\u0300-faturac\u0327a\u0303o-eletro\u0301nica.jpg 1024w, https:\/\/jornaldasoficinas.com\/pt\/wp-content\/uploads\/2022\/06\/80-das-PME-ainda-na\u0303o-aderiu-a\u0300-faturac\u0327a\u0303o-eletro\u0301nica-300x170.jpg 300w, https:\/\/jornaldasoficinas.com\/pt\/wp-content\/uploads\/2022\/06\/80-das-PME-ainda-na\u0303o-aderiu-a\u0300-faturac\u0327a\u0303o-eletro\u0301nica-150x85.jpg 150w, https:\/\/jornaldasoficinas.com\/pt\/wp-content\/uploads\/2022\/06\/80-das-PME-ainda-na\u0303o-aderiu-a\u0300-faturac\u0327a\u0303o-eletro\u0301nica-768x436.jpg 768w\" sizes=\"auto, (max-width: 1024px) 100vw, 1024px\" \/><\/p>\n<p><strong>Segundo dados fornecidos pela Eurostat, quase 80% das empresas portuguesas est\u00e3o atrasadas em termos de transforma\u00e7\u00e3o digital, estando mesmo entre as mais atrasadas de toda a Uni\u00e3o Europeia. De forma geral, a implementa\u00e7\u00e3o de servi\u00e7os de fatura eletr\u00f3nica \u00e9 vista como apenas mais um custo e n\u00e3o como algo verdadeiramente vantajoso<\/strong><\/p>\n<p>A\u00a0SERES, pioneira e especialista em servi\u00e7os de interc\u00e2mbio eletr\u00f3nico seguro de documentos, identificou\u00a0cinco motivos pelos quais devem as PME implementar a fatura\u00e7\u00e3o eletr\u00f3nica na sua empresa o mais rapidamente poss\u00edvel:<\/p>\n<ol>\n<li>Redu\u00e7\u00e3o de custos: A fatura\u00e7\u00e3o eletr\u00f3nica permite uma otimiza\u00e7\u00e3o significativa dos recursos. Os custos incorridos na compra do software de fatura\u00e7\u00e3o s\u00e3o rapidamente pagos e s\u00e3o muito menores do que a utiliza\u00e7\u00e3o de faturas em papel. Al\u00e9m disso, as faturas eletr\u00f3nicas n\u00e3o requerem uma \u00e1rea de armazenamento f\u00edsico, portanto, as empresas reduzem custos de espa\u00e7o, aluguer e eletricidade. Segundo o \u201cEstudo sobre a Fatura Eletr\u00f3nica em Portugal\u201d, referente aos primeiros semestres de 2020 e 2021, da SERES, o aumento na ado\u00e7\u00e3o da fatura eletr\u00f3nica reflete-se diretamente nas poupan\u00e7as das empresas n\u00e3o s\u00f3 a n\u00edvel de despesas de gest\u00e3o, como tamb\u00e9m no n\u00famero de horas, permitindo uma gest\u00e3o de poupan\u00e7a de 47.383.100\u20ac.<\/li>\n<\/ol>\n<ol start=\"2\">\n<li>Aumento da efici\u00eancia: A fatura eletr\u00f3nica utiliza procedimentos automatizados e inteligentes, o que permite obter melhores resultados que os processos manuais. Assim, o tempo dedicado a tarefas administrativas reduz-se em quase 70% e os erros humanos derivados do tratamento manual de faturas s\u00e3o totalmente eliminados.<\/li>\n<\/ol>\n<ol start=\"3\">\n<li>Redu\u00e7\u00e3o de tempos: Assim como ocorre em outros campos, a digitaliza\u00e7\u00e3o de documentos reduz significativamente os tempos. No caso das faturas eletr\u00f3nicas, os pagamentos s\u00e3o acelerados e os tempos de coleta s\u00e3o reduzidos, pois o envio \u00e9 quase imediato e as faturas podem ser rastreadas e monitorizadas, permitindo uma redu\u00e7\u00e3o de tempo estimada de 7 anos laborais* (25.820 horas).<\/li>\n<\/ol>\n<ol start=\"4\">\n<li>Acessibilidade: Os documentos digitais permitem um acesso r\u00e1pido e com mais seguran\u00e7a do que os documentos em papel. Quando temos uma plataforma de gest\u00e3o digital, os documentos podem ser consultados desde qualquer lugar e em qualquer momento.<\/li>\n<\/ol>\n<ol start=\"5\">\n<li>Seguran\u00e7a e prote\u00e7\u00e3o contra fraude: A fatura eletr\u00f3nica oferece um sistema muito seguro que reduz as hip\u00f3teses de fraude ou a falsifica\u00e7\u00e3o de documentos. A fatura\u00e7\u00e3o eletr\u00f3nica tamb\u00e9m regista pagamentos e outras opera\u00e7\u00f5es monet\u00e1rias e facilita a monitoriza\u00e7\u00e3o do dinheiro. Al\u00e9m disso, garante a integridade e autentica\u00e7\u00e3o do remetente, compila os dados de forma confi\u00e1vel e preserva os documentos durante anos.<\/li>\n<\/ol>\n<p>\u201cRelativamente ao grau de implementa\u00e7\u00e3o da fatura eletr\u00f3nica em Portugal nas PME\u2019s e microempresas, o crescimento no \u00faltimo semestre do ano passado foi consideravelmente baixo, e a publica\u00e7\u00e3o do Decreto-Lei n.\u00ba 104\/2021 de 27 de novembro veio desacelerar ainda mais a procura de servi\u00e7os de fatura\u00e7\u00e3o eletr\u00f3nica, visto que o mesmo alargou o prazo de implementa\u00e7\u00e3o para este tipo de empresas at\u00e9 30 de junho de 2022\u201d, explica\u00a0Tiago Cancela, Sales Manager &amp; Corporate Liaison da SERES Portugal.<\/p>\n","protected":false},"excerpt":{"rendered":"<p>Segundo dados fornecidos pela Eurostat, quase&#8230;<\/p>\n","protected":false},"author":15,"featured_media":30839,"comment_status":"closed","ping_status":"closed","sticky":false,"template":"","format":"standard","meta":{"footnotes":""},"categories":[37],"tags":[],"class_list":["post-30915","post","type-post","status-publish","format-standard","has-post-thumbnail","hentry","category-mercado"],"yoast_head":"<!-- This site is optimized with the Yoast SEO plugin v27.4 - https:\/\/yoast.com\/product\/yoast-seo-wordpress\/ -->\n<title>80% das PME ainda n\u00e3o aderiu \u00e0 fatura\u00e7\u00e3o eletr\u00f3nica - Jornal das Oficinas<\/title>\n<meta name=\"robots\" content=\"index, follow, max-snippet:-1, max-image-preview:large, max-video-preview:-1\" \/>\n<link rel=\"canonical\" href=\"https:\/\/jornaldasoficinas.com\/pt\/80-das-pme-ainda-nao-aderiu-a-faturacao-eletronica\/\" \/>\n<meta property=\"og:locale\" content=\"pt_PT\" \/>\n<meta property=\"og:type\" content=\"article\" \/>\n<meta property=\"og:title\" content=\"80% das PME ainda n\u00e3o aderiu \u00e0 fatura\u00e7\u00e3o eletr\u00f3nica - Jornal das Oficinas\" \/>\n<meta property=\"og:description\" content=\"Segundo dados fornecidos pela Eurostat, quase...\" \/>\n<meta property=\"og:url\" content=\"https:\/\/jornaldasoficinas.com\/pt\/80-das-pme-ainda-nao-aderiu-a-faturacao-eletronica\/\" \/>\n<meta property=\"og:site_name\" content=\"Jornal das Oficinas\" \/>\n<meta property=\"article:publisher\" content=\"https:\/\/www.facebook.com\/jornaloficinas\" \/>\n<meta property=\"article:published_time\" content=\"2022-06-27T09:00:29+00:00\" \/>\n<meta property=\"article:modified_time\" content=\"2022-06-27T09:53:30+00:00\" \/>\n<meta property=\"og:image\" content=\"https:\/\/jornaldasoficinas.com\/pt\/wp-content\/uploads\/2022\/06\/80-das-PME-ainda-na\u0303o-aderiu-a\u0300-faturac\u0327a\u0303o-eletro\u0301nica.jpg\" \/>\n\t<meta property=\"og:image:width\" content=\"1024\" \/>\n\t<meta property=\"og:image:height\" content=\"581\" \/>\n\t<meta property=\"og:image:type\" content=\"image\/jpeg\" \/>\n<meta name=\"author\" content=\"Reda\u00e7\u00e3o JO\" \/>\n<meta name=\"twitter:card\" content=\"summary_large_image\" \/>\n<meta name=\"twitter:creator\" content=\"@jornaloficinas\" \/>\n<meta name=\"twitter:site\" content=\"@jornaloficinas\" \/>\n<meta name=\"twitter:label1\" content=\"Escrito por\" \/>\n\t<meta name=\"twitter:data1\" content=\"Reda\u00e7\u00e3o JO\" \/>\n\t<meta name=\"twitter:label2\" content=\"Tempo estimado de leitura\" \/>\n\t<meta name=\"twitter:data2\" content=\"3 minutos\" \/>\n<script type=\"application\/ld+json\" class=\"yoast-schema-graph\">{\"@context\":\"https:\\\/\\\/schema.org\",\"@graph\":[{\"@type\":\"Article\",\"@id\":\"https:\\\/\\\/jornaldasoficinas.com\\\/pt\\\/80-das-pme-ainda-nao-aderiu-a-faturacao-eletronica\\\/#article\",\"isPartOf\":{\"@id\":\"https:\\\/\\\/jornaldasoficinas.com\\\/pt\\\/80-das-pme-ainda-nao-aderiu-a-faturacao-eletronica\\\/\"},\"author\":{\"name\":\"Reda\u00e7\u00e3o JO\",\"@id\":\"https:\\\/\\\/jornaldasoficinas.com\\\/pt\\\/#\\\/schema\\\/person\\\/a38eef5de2c41d9e7c9ac10141afddf3\"},\"headline\":\"80% das PME ainda n\u00e3o aderiu \u00e0 fatura\u00e7\u00e3o eletr\u00f3nica\",\"datePublished\":\"2022-06-27T09:00:29+00:00\",\"dateModified\":\"2022-06-27T09:53:30+00:00\",\"mainEntityOfPage\":{\"@id\":\"https:\\\/\\\/jornaldasoficinas.com\\\/pt\\\/80-das-pme-ainda-nao-aderiu-a-faturacao-eletronica\\\/\"},\"wordCount\":542,\"publisher\":{\"@id\":\"https:\\\/\\\/jornaldasoficinas.com\\\/pt\\\/#organization\"},\"image\":{\"@id\":\"https:\\\/\\\/jornaldasoficinas.com\\\/pt\\\/80-das-pme-ainda-nao-aderiu-a-faturacao-eletronica\\\/#primaryimage\"},\"thumbnailUrl\":\"https:\\\/\\\/jornaldasoficinas.com\\\/pt\\\/wp-content\\\/uploads\\\/2022\\\/06\\\/80-das-PME-ainda-na\u0303o-aderiu-a\u0300-faturac\u0327a\u0303o-eletro\u0301nica.jpg\",\"articleSection\":[\"Mercado\"],\"inLanguage\":\"pt-PT\"},{\"@type\":\"WebPage\",\"@id\":\"https:\\\/\\\/jornaldasoficinas.com\\\/pt\\\/80-das-pme-ainda-nao-aderiu-a-faturacao-eletronica\\\/\",\"url\":\"https:\\\/\\\/jornaldasoficinas.com\\\/pt\\\/80-das-pme-ainda-nao-aderiu-a-faturacao-eletronica\\\/\",\"name\":\"80% das PME ainda n\u00e3o aderiu \u00e0 fatura\u00e7\u00e3o eletr\u00f3nica - Jornal das Oficinas\",\"isPartOf\":{\"@id\":\"https:\\\/\\\/jornaldasoficinas.com\\\/pt\\\/#website\"},\"primaryImageOfPage\":{\"@id\":\"https:\\\/\\\/jornaldasoficinas.com\\\/pt\\\/80-das-pme-ainda-nao-aderiu-a-faturacao-eletronica\\\/#primaryimage\"},\"image\":{\"@id\":\"https:\\\/\\\/jornaldasoficinas.com\\\/pt\\\/80-das-pme-ainda-nao-aderiu-a-faturacao-eletronica\\\/#primaryimage\"},\"thumbnailUrl\":\"https:\\\/\\\/jornaldasoficinas.com\\\/pt\\\/wp-content\\\/uploads\\\/2022\\\/06\\\/80-das-PME-ainda-na\u0303o-aderiu-a\u0300-faturac\u0327a\u0303o-eletro\u0301nica.jpg\",\"datePublished\":\"2022-06-27T09:00:29+00:00\",\"dateModified\":\"2022-06-27T09:53:30+00:00\",\"breadcrumb\":{\"@id\":\"https:\\\/\\\/jornaldasoficinas.com\\\/pt\\\/80-das-pme-ainda-nao-aderiu-a-faturacao-eletronica\\\/#breadcrumb\"},\"inLanguage\":\"pt-PT\",\"potentialAction\":[{\"@type\":\"ReadAction\",\"target\":[\"https:\\\/\\\/jornaldasoficinas.com\\\/pt\\\/80-das-pme-ainda-nao-aderiu-a-faturacao-eletronica\\\/\"]}]},{\"@type\":\"ImageObject\",\"inLanguage\":\"pt-PT\",\"@id\":\"https:\\\/\\\/jornaldasoficinas.com\\\/pt\\\/80-das-pme-ainda-nao-aderiu-a-faturacao-eletronica\\\/#primaryimage\",\"url\":\"https:\\\/\\\/jornaldasoficinas.com\\\/pt\\\/wp-content\\\/uploads\\\/2022\\\/06\\\/80-das-PME-ainda-na\u0303o-aderiu-a\u0300-faturac\u0327a\u0303o-eletro\u0301nica.jpg\",\"contentUrl\":\"https:\\\/\\\/jornaldasoficinas.com\\\/pt\\\/wp-content\\\/uploads\\\/2022\\\/06\\\/80-das-PME-ainda-na\u0303o-aderiu-a\u0300-faturac\u0327a\u0303o-eletro\u0301nica.jpg\",\"width\":1024,\"height\":581,\"caption\":\"Digital Invoice Document Or Payment Receipt On Mobile Phone\"},{\"@type\":\"BreadcrumbList\",\"@id\":\"https:\\\/\\\/jornaldasoficinas.com\\\/pt\\\/80-das-pme-ainda-nao-aderiu-a-faturacao-eletronica\\\/#breadcrumb\",\"itemListElement\":[{\"@type\":\"ListItem\",\"position\":1,\"name\":\"In\u00edcio\",\"item\":\"https:\\\/\\\/jornaldasoficinas.com\\\/pt\\\/\"},{\"@type\":\"ListItem\",\"position\":2,\"name\":\"80% das PME ainda n\u00e3o aderiu \u00e0 fatura\u00e7\u00e3o eletr\u00f3nica\"}]},{\"@type\":\"WebSite\",\"@id\":\"https:\\\/\\\/jornaldasoficinas.com\\\/pt\\\/#website\",\"url\":\"https:\\\/\\\/jornaldasoficinas.com\\\/pt\\\/\",\"name\":\"Jornal das Oficinas\",\"description\":\"Jornal independente do Aftermarket Autom\u00f3vel em Portugal\",\"publisher\":{\"@id\":\"https:\\\/\\\/jornaldasoficinas.com\\\/pt\\\/#organization\"},\"potentialAction\":[{\"@type\":\"SearchAction\",\"target\":{\"@type\":\"EntryPoint\",\"urlTemplate\":\"https:\\\/\\\/jornaldasoficinas.com\\\/pt\\\/?s={search_term_string}\"},\"query-input\":{\"@type\":\"PropertyValueSpecification\",\"valueRequired\":true,\"valueName\":\"search_term_string\"}}],\"inLanguage\":\"pt-PT\"},{\"@type\":\"Organization\",\"@id\":\"https:\\\/\\\/jornaldasoficinas.com\\\/pt\\\/#organization\",\"name\":\"Jornal das Oficinas\",\"url\":\"https:\\\/\\\/jornaldasoficinas.com\\\/pt\\\/\",\"logo\":{\"@type\":\"ImageObject\",\"inLanguage\":\"pt-PT\",\"@id\":\"https:\\\/\\\/jornaldasoficinas.com\\\/pt\\\/#\\\/schema\\\/logo\\\/image\\\/\",\"url\":\"https:\\\/\\\/jornaldasoficinas.com\\\/pt\\\/wp-content\\\/uploads\\\/logoJO-SEO.png\",\"contentUrl\":\"https:\\\/\\\/jornaldasoficinas.com\\\/pt\\\/wp-content\\\/uploads\\\/logoJO-SEO.png\",\"width\":285,\"height\":450,\"caption\":\"Jornal das Oficinas\"},\"image\":{\"@id\":\"https:\\\/\\\/jornaldasoficinas.com\\\/pt\\\/#\\\/schema\\\/logo\\\/image\\\/\"},\"sameAs\":[\"https:\\\/\\\/www.facebook.com\\\/jornaloficinas\",\"https:\\\/\\\/x.com\\\/jornaloficinas\",\"https:\\\/\\\/www.instagram.com\\\/jornal_oficinas\\\/\",\"https:\\\/\\\/www.linkedin.com\\\/company\\\/jornal-das-oficinas\\\/\",\"https:\\\/\\\/www.youtube.com\\\/channel\\\/UCbQZBqtcvV-oSQrr7RzINGg\"]},{\"@type\":\"Person\",\"@id\":\"https:\\\/\\\/jornaldasoficinas.com\\\/pt\\\/#\\\/schema\\\/person\\\/a38eef5de2c41d9e7c9ac10141afddf3\",\"name\":\"Reda\u00e7\u00e3o JO\",\"image\":{\"@type\":\"ImageObject\",\"inLanguage\":\"pt-PT\",\"@id\":\"https:\\\/\\\/secure.gravatar.com\\\/avatar\\\/71f2fa71737ad68a84fea94bc708ddac8ea5b0c4788dc2ad202f3ccb2887742f?s=96&d=wp_user_avatar&r=g\",\"url\":\"https:\\\/\\\/secure.gravatar.com\\\/avatar\\\/71f2fa71737ad68a84fea94bc708ddac8ea5b0c4788dc2ad202f3ccb2887742f?s=96&d=wp_user_avatar&r=g\",\"contentUrl\":\"https:\\\/\\\/secure.gravatar.com\\\/avatar\\\/71f2fa71737ad68a84fea94bc708ddac8ea5b0c4788dc2ad202f3ccb2887742f?s=96&d=wp_user_avatar&r=g\",\"caption\":\"Reda\u00e7\u00e3o JO\"},\"url\":\"https:\\\/\\\/jornaldasoficinas.com\\\/pt\\\/author\\\/joredacao\\\/\"}]}<\/script>\n<!-- \/ Yoast SEO plugin. -->","yoast_head_json":{"title":"80% das PME ainda n\u00e3o aderiu \u00e0 fatura\u00e7\u00e3o eletr\u00f3nica - Jornal das Oficinas","robots":{"index":"index","follow":"follow","max-snippet":"max-snippet:-1","max-image-preview":"max-image-preview:large","max-video-preview":"max-video-preview:-1"},"canonical":"https:\/\/jornaldasoficinas.com\/pt\/80-das-pme-ainda-nao-aderiu-a-faturacao-eletronica\/","og_locale":"pt_PT","og_type":"article","og_title":"80% das PME ainda n\u00e3o aderiu \u00e0 fatura\u00e7\u00e3o eletr\u00f3nica - Jornal das Oficinas","og_description":"Segundo dados fornecidos pela Eurostat, quase...","og_url":"https:\/\/jornaldasoficinas.com\/pt\/80-das-pme-ainda-nao-aderiu-a-faturacao-eletronica\/","og_site_name":"Jornal das Oficinas","article_publisher":"https:\/\/www.facebook.com\/jornaloficinas","article_published_time":"2022-06-27T09:00:29+00:00","article_modified_time":"2022-06-27T09:53:30+00:00","og_image":[{"width":1024,"height":581,"url":"https:\/\/jornaldasoficinas.com\/pt\/wp-content\/uploads\/2022\/06\/80-das-PME-ainda-na\u0303o-aderiu-a\u0300-faturac\u0327a\u0303o-eletro\u0301nica.jpg","type":"image\/jpeg"}],"author":"Reda\u00e7\u00e3o JO","twitter_card":"summary_large_image","twitter_creator":"@jornaloficinas","twitter_site":"@jornaloficinas","twitter_misc":{"Escrito por":"Reda\u00e7\u00e3o JO","Tempo estimado de leitura":"3 minutos"},"schema":{"@context":"https:\/\/schema.org","@graph":[{"@type":"Article","@id":"https:\/\/jornaldasoficinas.com\/pt\/80-das-pme-ainda-nao-aderiu-a-faturacao-eletronica\/#article","isPartOf":{"@id":"https:\/\/jornaldasoficinas.com\/pt\/80-das-pme-ainda-nao-aderiu-a-faturacao-eletronica\/"},"author":{"name":"Reda\u00e7\u00e3o JO","@id":"https:\/\/jornaldasoficinas.com\/pt\/#\/schema\/person\/a38eef5de2c41d9e7c9ac10141afddf3"},"headline":"80% das PME ainda n\u00e3o aderiu \u00e0 fatura\u00e7\u00e3o eletr\u00f3nica","datePublished":"2022-06-27T09:00:29+00:00","dateModified":"2022-06-27T09:53:30+00:00","mainEntityOfPage":{"@id":"https:\/\/jornaldasoficinas.com\/pt\/80-das-pme-ainda-nao-aderiu-a-faturacao-eletronica\/"},"wordCount":542,"publisher":{"@id":"https:\/\/jornaldasoficinas.com\/pt\/#organization"},"image":{"@id":"https:\/\/jornaldasoficinas.com\/pt\/80-das-pme-ainda-nao-aderiu-a-faturacao-eletronica\/#primaryimage"},"thumbnailUrl":"https:\/\/jornaldasoficinas.com\/pt\/wp-content\/uploads\/2022\/06\/80-das-PME-ainda-na\u0303o-aderiu-a\u0300-faturac\u0327a\u0303o-eletro\u0301nica.jpg","articleSection":["Mercado"],"inLanguage":"pt-PT"},{"@type":"WebPage","@id":"https:\/\/jornaldasoficinas.com\/pt\/80-das-pme-ainda-nao-aderiu-a-faturacao-eletronica\/","url":"https:\/\/jornaldasoficinas.com\/pt\/80-das-pme-ainda-nao-aderiu-a-faturacao-eletronica\/","name":"80% das PME ainda n\u00e3o aderiu \u00e0 fatura\u00e7\u00e3o eletr\u00f3nica - Jornal das Oficinas","isPartOf":{"@id":"https:\/\/jornaldasoficinas.com\/pt\/#website"},"primaryImageOfPage":{"@id":"https:\/\/jornaldasoficinas.com\/pt\/80-das-pme-ainda-nao-aderiu-a-faturacao-eletronica\/#primaryimage"},"image":{"@id":"https:\/\/jornaldasoficinas.com\/pt\/80-das-pme-ainda-nao-aderiu-a-faturacao-eletronica\/#primaryimage"},"thumbnailUrl":"https:\/\/jornaldasoficinas.com\/pt\/wp-content\/uploads\/2022\/06\/80-das-PME-ainda-na\u0303o-aderiu-a\u0300-faturac\u0327a\u0303o-eletro\u0301nica.jpg","datePublished":"2022-06-27T09:00:29+00:00","dateModified":"2022-06-27T09:53:30+00:00","breadcrumb":{"@id":"https:\/\/jornaldasoficinas.com\/pt\/80-das-pme-ainda-nao-aderiu-a-faturacao-eletronica\/#breadcrumb"},"inLanguage":"pt-PT","potentialAction":[{"@type":"ReadAction","target":["https:\/\/jornaldasoficinas.com\/pt\/80-das-pme-ainda-nao-aderiu-a-faturacao-eletronica\/"]}]},{"@type":"ImageObject","inLanguage":"pt-PT","@id":"https:\/\/jornaldasoficinas.com\/pt\/80-das-pme-ainda-nao-aderiu-a-faturacao-eletronica\/#primaryimage","url":"https:\/\/jornaldasoficinas.com\/pt\/wp-content\/uploads\/2022\/06\/80-das-PME-ainda-na\u0303o-aderiu-a\u0300-faturac\u0327a\u0303o-eletro\u0301nica.jpg","contentUrl":"https:\/\/jornaldasoficinas.com\/pt\/wp-content\/uploads\/2022\/06\/80-das-PME-ainda-na\u0303o-aderiu-a\u0300-faturac\u0327a\u0303o-eletro\u0301nica.jpg","width":1024,"height":581,"caption":"Digital Invoice Document Or Payment Receipt On Mobile Phone"},{"@type":"BreadcrumbList","@id":"https:\/\/jornaldasoficinas.com\/pt\/80-das-pme-ainda-nao-aderiu-a-faturacao-eletronica\/#breadcrumb","itemListElement":[{"@type":"ListItem","position":1,"name":"In\u00edcio","item":"https:\/\/jornaldasoficinas.com\/pt\/"},{"@type":"ListItem","position":2,"name":"80% das PME ainda n\u00e3o aderiu \u00e0 fatura\u00e7\u00e3o eletr\u00f3nica"}]},{"@type":"WebSite","@id":"https:\/\/jornaldasoficinas.com\/pt\/#website","url":"https:\/\/jornaldasoficinas.com\/pt\/","name":"Jornal das Oficinas","description":"Jornal independente do Aftermarket Autom\u00f3vel em Portugal","publisher":{"@id":"https:\/\/jornaldasoficinas.com\/pt\/#organization"},"potentialAction":[{"@type":"SearchAction","target":{"@type":"EntryPoint","urlTemplate":"https:\/\/jornaldasoficinas.com\/pt\/?s={search_term_string}"},"query-input":{"@type":"PropertyValueSpecification","valueRequired":true,"valueName":"search_term_string"}}],"inLanguage":"pt-PT"},{"@type":"Organization","@id":"https:\/\/jornaldasoficinas.com\/pt\/#organization","name":"Jornal das Oficinas","url":"https:\/\/jornaldasoficinas.com\/pt\/","logo":{"@type":"ImageObject","inLanguage":"pt-PT","@id":"https:\/\/jornaldasoficinas.com\/pt\/#\/schema\/logo\/image\/","url":"https:\/\/jornaldasoficinas.com\/pt\/wp-content\/uploads\/logoJO-SEO.png","contentUrl":"https:\/\/jornaldasoficinas.com\/pt\/wp-content\/uploads\/logoJO-SEO.png","width":285,"height":450,"caption":"Jornal das Oficinas"},"image":{"@id":"https:\/\/jornaldasoficinas.com\/pt\/#\/schema\/logo\/image\/"},"sameAs":["https:\/\/www.facebook.com\/jornaloficinas","https:\/\/x.com\/jornaloficinas","https:\/\/www.instagram.com\/jornal_oficinas\/","https:\/\/www.linkedin.com\/company\/jornal-das-oficinas\/","https:\/\/www.youtube.com\/channel\/UCbQZBqtcvV-oSQrr7RzINGg"]},{"@type":"Person","@id":"https:\/\/jornaldasoficinas.com\/pt\/#\/schema\/person\/a38eef5de2c41d9e7c9ac10141afddf3","name":"Reda\u00e7\u00e3o JO","image":{"@type":"ImageObject","inLanguage":"pt-PT","@id":"https:\/\/secure.gravatar.com\/avatar\/71f2fa71737ad68a84fea94bc708ddac8ea5b0c4788dc2ad202f3ccb2887742f?s=96&d=wp_user_avatar&r=g","url":"https:\/\/secure.gravatar.com\/avatar\/71f2fa71737ad68a84fea94bc708ddac8ea5b0c4788dc2ad202f3ccb2887742f?s=96&d=wp_user_avatar&r=g","contentUrl":"https:\/\/secure.gravatar.com\/avatar\/71f2fa71737ad68a84fea94bc708ddac8ea5b0c4788dc2ad202f3ccb2887742f?s=96&d=wp_user_avatar&r=g","caption":"Reda\u00e7\u00e3o JO"},"url":"https:\/\/jornaldasoficinas.com\/pt\/author\/joredacao\/"}]}},"_links":{"self":[{"href":"https:\/\/jornaldasoficinas.com\/pt\/wp-json\/wp\/v2\/posts\/30915","targetHints":{"allow":["GET"]}}],"collection":[{"href":"https:\/\/jornaldasoficinas.com\/pt\/wp-json\/wp\/v2\/posts"}],"about":[{"href":"https:\/\/jornaldasoficinas.com\/pt\/wp-json\/wp\/v2\/types\/post"}],"author":[{"embeddable":true,"href":"https:\/\/jornaldasoficinas.com\/pt\/wp-json\/wp\/v2\/users\/15"}],"replies":[{"embeddable":true,"href":"https:\/\/jornaldasoficinas.com\/pt\/wp-json\/wp\/v2\/comments?post=30915"}],"version-history":[{"count":0,"href":"https:\/\/jornaldasoficinas.com\/pt\/wp-json\/wp\/v2\/posts\/30915\/revisions"}],"wp:featuredmedia":[{"embeddable":true,"href":"https:\/\/jornaldasoficinas.com\/pt\/wp-json\/wp\/v2\/media\/30839"}],"wp:attachment":[{"href":"https:\/\/jornaldasoficinas.com\/pt\/wp-json\/wp\/v2\/media?parent=30915"}],"wp:term":[{"taxonomy":"category","embeddable":true,"href":"https:\/\/jornaldasoficinas.com\/pt\/wp-json\/wp\/v2\/categories?post=30915"},{"taxonomy":"post_tag","embeddable":true,"href":"https:\/\/jornaldasoficinas.com\/pt\/wp-json\/wp\/v2\/tags?post=30915"}],"curies":[{"name":"wp","href":"https:\/\/api.w.org\/{rel}","templated":true}]}}