{"id":30917,"date":"2022-06-27T12:00:07","date_gmt":"2022-06-27T11:00:07","guid":{"rendered":"https:\/\/jornaldasoficinas.com\/pt\/?p=30917"},"modified":"2022-06-26T12:51:15","modified_gmt":"2022-06-26T11:51:15","slug":"acap-afia-e-mobinov-debatem-estudo-da-oit","status":"publish","type":"post","link":"https:\/\/jornaldasoficinas.com\/pt\/acap-afia-e-mobinov-debatem-estudo-da-oit\/","title":{"rendered":"ACAP, AFIA e MOBINOV debatem estudo da OIT"},"content":{"rendered":"<p><strong><img loading=\"lazy\" decoding=\"async\" class=\"alignnone size-full wp-image-30842\" src=\"https:\/\/jornaldasoficinas.com\/pt\/wp-content\/uploads\/2022\/06\/ACAP-AFIA-e-MOBINOV-debatem-estudo-da-OIT.jpg\" alt=\"06 - ACAP AFIA e MOBINOV debatem estudo da OIT\" width=\"1024\" height=\"581\" srcset=\"https:\/\/jornaldasoficinas.com\/pt\/wp-content\/uploads\/2022\/06\/ACAP-AFIA-e-MOBINOV-debatem-estudo-da-OIT.jpg 1024w, https:\/\/jornaldasoficinas.com\/pt\/wp-content\/uploads\/2022\/06\/ACAP-AFIA-e-MOBINOV-debatem-estudo-da-OIT-300x170.jpg 300w, https:\/\/jornaldasoficinas.com\/pt\/wp-content\/uploads\/2022\/06\/ACAP-AFIA-e-MOBINOV-debatem-estudo-da-OIT-150x85.jpg 150w, https:\/\/jornaldasoficinas.com\/pt\/wp-content\/uploads\/2022\/06\/ACAP-AFIA-e-MOBINOV-debatem-estudo-da-OIT-768x436.jpg 768w\" sizes=\"auto, (max-width: 1024px) 100vw, 1024px\" \/><\/strong><\/p>\n<p><strong><a href=\"https:\/\/www.acap.pt\/pt\/home\" target=\"_blank\" rel=\"noopener\">ACAP<\/a>, <a href=\"https:\/\/afia.pt\/\" target=\"_blank\" rel=\"noopener\">AFIA<\/a> e <a href=\"https:\/\/www.mobinov.pt\/\" target=\"_blank\" rel=\"noopener\">MOBINOV<\/a> realizaram confer\u00eancia de imprensa para divulga\u00e7\u00e3o do estudo apresentado pela OIT. Crescimento acima da m\u00e9dia europeia, mais inova\u00e7\u00e3o, postos de trabalho est\u00e1veis e remunera\u00e7\u00f5es acima da m\u00e9dia, foram alguns dos dados destacados<\/strong><\/p>\n<p>No seguimento do estudo apresentado pela OIT (Organiza\u00e7\u00e3o Internacional do Trabalho) a MOBINOV, Associa\u00e7\u00e3o do Cluster Autom\u00f3vel, a ACAP (Associa\u00e7\u00e3o Autom\u00f3vel de Portugal) e a AFIA (Associa\u00e7\u00e3o de Fabricantes para a Ind\u00fastria Autom\u00f3vel) realizaram uma Confer\u00eancia de Imprensa conjunta, ter\u00e7a-feira dia 21 de junho, na sede da ACAP, em Lisboa.<\/p>\n<p>De acordo com Jorge Rosa, presidente da MOBINOV, que presidiu a esta confer\u00eancia, \u00e9 \u201cimportante reiterar o enorme respeito que temos pela OIT mas isso n\u00e3o nos pode impedir de mostrar o nosso desacordo\u201d em rela\u00e7\u00e3o ao conte\u00fado do relat\u00f3rio apresentado no passado dia 14 de junho, uma vez que \u201cdo nosso ponto de vista n\u00e3o apresenta o retrato real daquele que \u00e9 um dos setores industriais mais relevantes para o pa\u00eds\u201d.<\/p>\n<p>O cluster da ind\u00fastria autom\u00f3vel em Portugal \u00e9 um setor vital para a economia portuguesa, tendo representado em 2019, cerca de 17% do valor acrescentado bruto (VAB) total da ind\u00fastria transformadora. \u00a0De acordo com Jos\u00e9 Couto, presidente da AFIA, \u201co seu impacto \u00e9 crucial para a economia nacional e reflete-se tamb\u00e9m na cria\u00e7\u00e3o de emprego, sendo respons\u00e1vel por mais de 90 mil postos de trabalho em 2019 e 28% das exporta\u00e7\u00f5es de bens transacion\u00e1veis a n\u00edvel nacional.\u201d<\/p>\n<p>No \u00e2mbito da Confer\u00eancia de Imprensa realizada ontem, Jos\u00e9 Couto destaca ainda que a ind\u00fastria nacional de componentes autom\u00f3veis registou entre o ano de 2015 e 2019 um crescimento anual de 8%, bem acima da produ\u00e7\u00e3o autom\u00f3vel europeia que se ficou por um aumento de apenas 0,3%.<\/p>\n<p>Atendendo aos efeitos da pandemia de COVID-19 a performance deste setor em 2020 ainda que com o decr\u00e9scimo de 13,6% e uma recupera\u00e7\u00e3o de 4% em 2021 continuou a evidenciar a competitividade e resili\u00eancia desta ind\u00fastria. \u00c9 importante referir que a produ\u00e7\u00e3o autom\u00f3vel europeia apresentou uma queda de 22% em 2020 e um recuo de 3,5% no ano passado.<\/p>\n<p>Tamb\u00e9m no que se refere ao n\u00famero de empresas existentes, importa destacar que o setor autom\u00f3vel nacional agrega mais de 1.100 empresas, 350 das quais correspondem \u00e0 ind\u00fastria de componentes autom\u00f3veis.<\/p>\n<p>Outro dado que mereceu aten\u00e7\u00e3o estava relacionado com os postos de trabalho, uma vez que o setor apresenta um volume de emprego direto na ordem das 90.000 pessoas, sendo que a ind\u00fastria de componentes autom\u00f3veis emprega 61.000 pessoas, faturando 10,7 mil milh\u00f5es de euros (2021), com uma quota de exporta\u00e7\u00e3o superior a 80%.<\/p>\n<p>\u00c9 importante reter que a ind\u00fastria autom\u00f3vel cria empregos est\u00e1veis, qualificados e com remunera\u00e7\u00e3o de 13% acima da m\u00e9dia verificada na ind\u00fastria transformadora. E, em termos de investimentos, entre 2015 e 2020, a ind\u00fastria de componentes para autom\u00f3veis investiu 4,3 mil milh\u00f5es de euros, ou seja, 16,8% do total de investimento da mesma ind\u00fastria transformadora.<\/p>\n<p>Tamb\u00e9m por tudo isto importa reter que este \u00e9 um cluster estrat\u00e9gico para a economia portuguesa e que um estudo desta dimens\u00e3o e realizado por uma entidade como a OIT tem um impacto muito significativo em termos nacionais e internacionais no que se refere \u00e0 imagem do setor.<\/p>\n<p>Ainda na confer\u00eancia de imprensa, e de acordo com H\u00e9lder Pedro, secret\u00e1rio-geral da ACAP, \u201cPortugal tem todas as condi\u00e7\u00f5es para investir na eletrifica\u00e7\u00e3o dos ve\u00edculos, uma vez que tem toda a fileira para a produ\u00e7\u00e3o de baterias\u00bb. Ali\u00e1s, segundo o representante da ACAP, o \u00abproblema n\u00e3o se coloca da parte da ind\u00fastria mas sim, dos consumidores estarem preparados ou terem capacidade financeira para fazer esta mudan\u00e7a para os motores eletrificados\u201d. Tamb\u00e9m por isto, \u00e9 importante que o Governo tenha aqui uma interven\u00e7\u00e3o.<\/p>\n<p>Os representantes da MOBINOV, ACAP e AFIA referem que o estudo apresentado pela OIT est\u00e1 focado, exclusivamente, no CAE 29 da\u00ed que, avaliar a ind\u00fastria autom\u00f3vel apenas baseada no c\u00f3digo da atividade econ\u00f3mica \u00e9 muito redutor e n\u00e3o representativa do setor, deixando de fora uma parte muito significativa das empresas.<\/p>\n","protected":false},"excerpt":{"rendered":"<p>ACAP, AFIA e MOBINOV realizaram confer\u00eancia&#8230;<\/p>\n","protected":false},"author":15,"featured_media":30842,"comment_status":"closed","ping_status":"closed","sticky":false,"template":"","format":"standard","meta":{"footnotes":""},"categories":[37],"tags":[157,100,111],"class_list":["post-30917","post","type-post","status-publish","format-standard","has-post-thumbnail","hentry","category-mercado","tag-acap","tag-afia","tag-mobinov"],"yoast_head":"<!-- This site is optimized with the Yoast SEO plugin v27.4 - https:\/\/yoast.com\/product\/yoast-seo-wordpress\/ -->\n<title>ACAP, AFIA e MOBINOV debatem estudo da OIT - Jornal das Oficinas<\/title>\n<meta name=\"robots\" content=\"index, follow, max-snippet:-1, max-image-preview:large, max-video-preview:-1\" \/>\n<link rel=\"canonical\" href=\"https:\/\/jornaldasoficinas.com\/pt\/acap-afia-e-mobinov-debatem-estudo-da-oit\/\" \/>\n<meta property=\"og:locale\" content=\"pt_PT\" \/>\n<meta property=\"og:type\" content=\"article\" \/>\n<meta property=\"og:title\" content=\"ACAP, AFIA e MOBINOV debatem estudo da OIT - Jornal das Oficinas\" \/>\n<meta property=\"og:description\" content=\"ACAP, AFIA e MOBINOV realizaram confer\u00eancia...\" \/>\n<meta property=\"og:url\" content=\"https:\/\/jornaldasoficinas.com\/pt\/acap-afia-e-mobinov-debatem-estudo-da-oit\/\" \/>\n<meta property=\"og:site_name\" content=\"Jornal das Oficinas\" \/>\n<meta property=\"article:publisher\" content=\"https:\/\/www.facebook.com\/jornaloficinas\" \/>\n<meta property=\"article:published_time\" content=\"2022-06-27T11:00:07+00:00\" \/>\n<meta property=\"og:image\" content=\"https:\/\/jornaldasoficinas.com\/pt\/wp-content\/uploads\/2022\/06\/ACAP-AFIA-e-MOBINOV-debatem-estudo-da-OIT.jpg\" \/>\n\t<meta property=\"og:image:width\" content=\"1024\" \/>\n\t<meta property=\"og:image:height\" content=\"581\" \/>\n\t<meta property=\"og:image:type\" content=\"image\/jpeg\" \/>\n<meta name=\"author\" content=\"Reda\u00e7\u00e3o JO\" \/>\n<meta name=\"twitter:card\" content=\"summary_large_image\" \/>\n<meta name=\"twitter:creator\" content=\"@jornaloficinas\" \/>\n<meta name=\"twitter:site\" content=\"@jornaloficinas\" \/>\n<meta name=\"twitter:label1\" content=\"Escrito por\" \/>\n\t<meta name=\"twitter:data1\" content=\"Reda\u00e7\u00e3o JO\" \/>\n\t<meta name=\"twitter:label2\" content=\"Tempo estimado de leitura\" \/>\n\t<meta name=\"twitter:data2\" content=\"4 minutos\" \/>\n<script type=\"application\/ld+json\" class=\"yoast-schema-graph\">{\"@context\":\"https:\\\/\\\/schema.org\",\"@graph\":[{\"@type\":\"Article\",\"@id\":\"https:\\\/\\\/jornaldasoficinas.com\\\/pt\\\/acap-afia-e-mobinov-debatem-estudo-da-oit\\\/#article\",\"isPartOf\":{\"@id\":\"https:\\\/\\\/jornaldasoficinas.com\\\/pt\\\/acap-afia-e-mobinov-debatem-estudo-da-oit\\\/\"},\"author\":{\"name\":\"Reda\u00e7\u00e3o JO\",\"@id\":\"https:\\\/\\\/jornaldasoficinas.com\\\/pt\\\/#\\\/schema\\\/person\\\/a38eef5de2c41d9e7c9ac10141afddf3\"},\"headline\":\"ACAP, AFIA e MOBINOV debatem estudo da OIT\",\"datePublished\":\"2022-06-27T11:00:07+00:00\",\"mainEntityOfPage\":{\"@id\":\"https:\\\/\\\/jornaldasoficinas.com\\\/pt\\\/acap-afia-e-mobinov-debatem-estudo-da-oit\\\/\"},\"wordCount\":711,\"publisher\":{\"@id\":\"https:\\\/\\\/jornaldasoficinas.com\\\/pt\\\/#organization\"},\"image\":{\"@id\":\"https:\\\/\\\/jornaldasoficinas.com\\\/pt\\\/acap-afia-e-mobinov-debatem-estudo-da-oit\\\/#primaryimage\"},\"thumbnailUrl\":\"https:\\\/\\\/jornaldasoficinas.com\\\/pt\\\/wp-content\\\/uploads\\\/2022\\\/06\\\/ACAP-AFIA-e-MOBINOV-debatem-estudo-da-OIT.jpg\",\"keywords\":[\"ACAP\",\"AFIA\",\"Mobinov\"],\"articleSection\":[\"Mercado\"],\"inLanguage\":\"pt-PT\"},{\"@type\":\"WebPage\",\"@id\":\"https:\\\/\\\/jornaldasoficinas.com\\\/pt\\\/acap-afia-e-mobinov-debatem-estudo-da-oit\\\/\",\"url\":\"https:\\\/\\\/jornaldasoficinas.com\\\/pt\\\/acap-afia-e-mobinov-debatem-estudo-da-oit\\\/\",\"name\":\"ACAP, AFIA e MOBINOV debatem estudo da OIT - Jornal das Oficinas\",\"isPartOf\":{\"@id\":\"https:\\\/\\\/jornaldasoficinas.com\\\/pt\\\/#website\"},\"primaryImageOfPage\":{\"@id\":\"https:\\\/\\\/jornaldasoficinas.com\\\/pt\\\/acap-afia-e-mobinov-debatem-estudo-da-oit\\\/#primaryimage\"},\"image\":{\"@id\":\"https:\\\/\\\/jornaldasoficinas.com\\\/pt\\\/acap-afia-e-mobinov-debatem-estudo-da-oit\\\/#primaryimage\"},\"thumbnailUrl\":\"https:\\\/\\\/jornaldasoficinas.com\\\/pt\\\/wp-content\\\/uploads\\\/2022\\\/06\\\/ACAP-AFIA-e-MOBINOV-debatem-estudo-da-OIT.jpg\",\"datePublished\":\"2022-06-27T11:00:07+00:00\",\"breadcrumb\":{\"@id\":\"https:\\\/\\\/jornaldasoficinas.com\\\/pt\\\/acap-afia-e-mobinov-debatem-estudo-da-oit\\\/#breadcrumb\"},\"inLanguage\":\"pt-PT\",\"potentialAction\":[{\"@type\":\"ReadAction\",\"target\":[\"https:\\\/\\\/jornaldasoficinas.com\\\/pt\\\/acap-afia-e-mobinov-debatem-estudo-da-oit\\\/\"]}]},{\"@type\":\"ImageObject\",\"inLanguage\":\"pt-PT\",\"@id\":\"https:\\\/\\\/jornaldasoficinas.com\\\/pt\\\/acap-afia-e-mobinov-debatem-estudo-da-oit\\\/#primaryimage\",\"url\":\"https:\\\/\\\/jornaldasoficinas.com\\\/pt\\\/wp-content\\\/uploads\\\/2022\\\/06\\\/ACAP-AFIA-e-MOBINOV-debatem-estudo-da-OIT.jpg\",\"contentUrl\":\"https:\\\/\\\/jornaldasoficinas.com\\\/pt\\\/wp-content\\\/uploads\\\/2022\\\/06\\\/ACAP-AFIA-e-MOBINOV-debatem-estudo-da-OIT.jpg\",\"width\":1024,\"height\":581,\"caption\":\"06 - ACAP AFIA e MOBINOV debatem estudo da OIT\"},{\"@type\":\"BreadcrumbList\",\"@id\":\"https:\\\/\\\/jornaldasoficinas.com\\\/pt\\\/acap-afia-e-mobinov-debatem-estudo-da-oit\\\/#breadcrumb\",\"itemListElement\":[{\"@type\":\"ListItem\",\"position\":1,\"name\":\"In\u00edcio\",\"item\":\"https:\\\/\\\/jornaldasoficinas.com\\\/pt\\\/\"},{\"@type\":\"ListItem\",\"position\":2,\"name\":\"ACAP, AFIA e MOBINOV debatem estudo da OIT\"}]},{\"@type\":\"WebSite\",\"@id\":\"https:\\\/\\\/jornaldasoficinas.com\\\/pt\\\/#website\",\"url\":\"https:\\\/\\\/jornaldasoficinas.com\\\/pt\\\/\",\"name\":\"Jornal das Oficinas\",\"description\":\"Jornal independente do Aftermarket Autom\u00f3vel em Portugal\",\"publisher\":{\"@id\":\"https:\\\/\\\/jornaldasoficinas.com\\\/pt\\\/#organization\"},\"potentialAction\":[{\"@type\":\"SearchAction\",\"target\":{\"@type\":\"EntryPoint\",\"urlTemplate\":\"https:\\\/\\\/jornaldasoficinas.com\\\/pt\\\/?s={search_term_string}\"},\"query-input\":{\"@type\":\"PropertyValueSpecification\",\"valueRequired\":true,\"valueName\":\"search_term_string\"}}],\"inLanguage\":\"pt-PT\"},{\"@type\":\"Organization\",\"@id\":\"https:\\\/\\\/jornaldasoficinas.com\\\/pt\\\/#organization\",\"name\":\"Jornal das Oficinas\",\"url\":\"https:\\\/\\\/jornaldasoficinas.com\\\/pt\\\/\",\"logo\":{\"@type\":\"ImageObject\",\"inLanguage\":\"pt-PT\",\"@id\":\"https:\\\/\\\/jornaldasoficinas.com\\\/pt\\\/#\\\/schema\\\/logo\\\/image\\\/\",\"url\":\"https:\\\/\\\/jornaldasoficinas.com\\\/pt\\\/wp-content\\\/uploads\\\/logoJO-SEO.png\",\"contentUrl\":\"https:\\\/\\\/jornaldasoficinas.com\\\/pt\\\/wp-content\\\/uploads\\\/logoJO-SEO.png\",\"width\":285,\"height\":450,\"caption\":\"Jornal das Oficinas\"},\"image\":{\"@id\":\"https:\\\/\\\/jornaldasoficinas.com\\\/pt\\\/#\\\/schema\\\/logo\\\/image\\\/\"},\"sameAs\":[\"https:\\\/\\\/www.facebook.com\\\/jornaloficinas\",\"https:\\\/\\\/x.com\\\/jornaloficinas\",\"https:\\\/\\\/www.instagram.com\\\/jornal_oficinas\\\/\",\"https:\\\/\\\/www.linkedin.com\\\/company\\\/jornal-das-oficinas\\\/\",\"https:\\\/\\\/www.youtube.com\\\/channel\\\/UCbQZBqtcvV-oSQrr7RzINGg\"]},{\"@type\":\"Person\",\"@id\":\"https:\\\/\\\/jornaldasoficinas.com\\\/pt\\\/#\\\/schema\\\/person\\\/a38eef5de2c41d9e7c9ac10141afddf3\",\"name\":\"Reda\u00e7\u00e3o JO\",\"image\":{\"@type\":\"ImageObject\",\"inLanguage\":\"pt-PT\",\"@id\":\"https:\\\/\\\/secure.gravatar.com\\\/avatar\\\/71f2fa71737ad68a84fea94bc708ddac8ea5b0c4788dc2ad202f3ccb2887742f?s=96&d=wp_user_avatar&r=g\",\"url\":\"https:\\\/\\\/secure.gravatar.com\\\/avatar\\\/71f2fa71737ad68a84fea94bc708ddac8ea5b0c4788dc2ad202f3ccb2887742f?s=96&d=wp_user_avatar&r=g\",\"contentUrl\":\"https:\\\/\\\/secure.gravatar.com\\\/avatar\\\/71f2fa71737ad68a84fea94bc708ddac8ea5b0c4788dc2ad202f3ccb2887742f?s=96&d=wp_user_avatar&r=g\",\"caption\":\"Reda\u00e7\u00e3o JO\"},\"url\":\"https:\\\/\\\/jornaldasoficinas.com\\\/pt\\\/author\\\/joredacao\\\/\"}]}<\/script>\n<!-- \/ Yoast SEO plugin. -->","yoast_head_json":{"title":"ACAP, AFIA e MOBINOV debatem estudo da OIT - Jornal das Oficinas","robots":{"index":"index","follow":"follow","max-snippet":"max-snippet:-1","max-image-preview":"max-image-preview:large","max-video-preview":"max-video-preview:-1"},"canonical":"https:\/\/jornaldasoficinas.com\/pt\/acap-afia-e-mobinov-debatem-estudo-da-oit\/","og_locale":"pt_PT","og_type":"article","og_title":"ACAP, AFIA e MOBINOV debatem estudo da OIT - Jornal das Oficinas","og_description":"ACAP, AFIA e MOBINOV realizaram confer\u00eancia...","og_url":"https:\/\/jornaldasoficinas.com\/pt\/acap-afia-e-mobinov-debatem-estudo-da-oit\/","og_site_name":"Jornal das Oficinas","article_publisher":"https:\/\/www.facebook.com\/jornaloficinas","article_published_time":"2022-06-27T11:00:07+00:00","og_image":[{"width":1024,"height":581,"url":"https:\/\/jornaldasoficinas.com\/pt\/wp-content\/uploads\/2022\/06\/ACAP-AFIA-e-MOBINOV-debatem-estudo-da-OIT.jpg","type":"image\/jpeg"}],"author":"Reda\u00e7\u00e3o JO","twitter_card":"summary_large_image","twitter_creator":"@jornaloficinas","twitter_site":"@jornaloficinas","twitter_misc":{"Escrito por":"Reda\u00e7\u00e3o JO","Tempo estimado de leitura":"4 minutos"},"schema":{"@context":"https:\/\/schema.org","@graph":[{"@type":"Article","@id":"https:\/\/jornaldasoficinas.com\/pt\/acap-afia-e-mobinov-debatem-estudo-da-oit\/#article","isPartOf":{"@id":"https:\/\/jornaldasoficinas.com\/pt\/acap-afia-e-mobinov-debatem-estudo-da-oit\/"},"author":{"name":"Reda\u00e7\u00e3o JO","@id":"https:\/\/jornaldasoficinas.com\/pt\/#\/schema\/person\/a38eef5de2c41d9e7c9ac10141afddf3"},"headline":"ACAP, AFIA e MOBINOV debatem estudo da OIT","datePublished":"2022-06-27T11:00:07+00:00","mainEntityOfPage":{"@id":"https:\/\/jornaldasoficinas.com\/pt\/acap-afia-e-mobinov-debatem-estudo-da-oit\/"},"wordCount":711,"publisher":{"@id":"https:\/\/jornaldasoficinas.com\/pt\/#organization"},"image":{"@id":"https:\/\/jornaldasoficinas.com\/pt\/acap-afia-e-mobinov-debatem-estudo-da-oit\/#primaryimage"},"thumbnailUrl":"https:\/\/jornaldasoficinas.com\/pt\/wp-content\/uploads\/2022\/06\/ACAP-AFIA-e-MOBINOV-debatem-estudo-da-OIT.jpg","keywords":["ACAP","AFIA","Mobinov"],"articleSection":["Mercado"],"inLanguage":"pt-PT"},{"@type":"WebPage","@id":"https:\/\/jornaldasoficinas.com\/pt\/acap-afia-e-mobinov-debatem-estudo-da-oit\/","url":"https:\/\/jornaldasoficinas.com\/pt\/acap-afia-e-mobinov-debatem-estudo-da-oit\/","name":"ACAP, AFIA e MOBINOV debatem estudo da OIT - Jornal das Oficinas","isPartOf":{"@id":"https:\/\/jornaldasoficinas.com\/pt\/#website"},"primaryImageOfPage":{"@id":"https:\/\/jornaldasoficinas.com\/pt\/acap-afia-e-mobinov-debatem-estudo-da-oit\/#primaryimage"},"image":{"@id":"https:\/\/jornaldasoficinas.com\/pt\/acap-afia-e-mobinov-debatem-estudo-da-oit\/#primaryimage"},"thumbnailUrl":"https:\/\/jornaldasoficinas.com\/pt\/wp-content\/uploads\/2022\/06\/ACAP-AFIA-e-MOBINOV-debatem-estudo-da-OIT.jpg","datePublished":"2022-06-27T11:00:07+00:00","breadcrumb":{"@id":"https:\/\/jornaldasoficinas.com\/pt\/acap-afia-e-mobinov-debatem-estudo-da-oit\/#breadcrumb"},"inLanguage":"pt-PT","potentialAction":[{"@type":"ReadAction","target":["https:\/\/jornaldasoficinas.com\/pt\/acap-afia-e-mobinov-debatem-estudo-da-oit\/"]}]},{"@type":"ImageObject","inLanguage":"pt-PT","@id":"https:\/\/jornaldasoficinas.com\/pt\/acap-afia-e-mobinov-debatem-estudo-da-oit\/#primaryimage","url":"https:\/\/jornaldasoficinas.com\/pt\/wp-content\/uploads\/2022\/06\/ACAP-AFIA-e-MOBINOV-debatem-estudo-da-OIT.jpg","contentUrl":"https:\/\/jornaldasoficinas.com\/pt\/wp-content\/uploads\/2022\/06\/ACAP-AFIA-e-MOBINOV-debatem-estudo-da-OIT.jpg","width":1024,"height":581,"caption":"06 - ACAP AFIA e MOBINOV debatem estudo da OIT"},{"@type":"BreadcrumbList","@id":"https:\/\/jornaldasoficinas.com\/pt\/acap-afia-e-mobinov-debatem-estudo-da-oit\/#breadcrumb","itemListElement":[{"@type":"ListItem","position":1,"name":"In\u00edcio","item":"https:\/\/jornaldasoficinas.com\/pt\/"},{"@type":"ListItem","position":2,"name":"ACAP, AFIA e MOBINOV debatem estudo da OIT"}]},{"@type":"WebSite","@id":"https:\/\/jornaldasoficinas.com\/pt\/#website","url":"https:\/\/jornaldasoficinas.com\/pt\/","name":"Jornal das Oficinas","description":"Jornal independente do Aftermarket Autom\u00f3vel em Portugal","publisher":{"@id":"https:\/\/jornaldasoficinas.com\/pt\/#organization"},"potentialAction":[{"@type":"SearchAction","target":{"@type":"EntryPoint","urlTemplate":"https:\/\/jornaldasoficinas.com\/pt\/?s={search_term_string}"},"query-input":{"@type":"PropertyValueSpecification","valueRequired":true,"valueName":"search_term_string"}}],"inLanguage":"pt-PT"},{"@type":"Organization","@id":"https:\/\/jornaldasoficinas.com\/pt\/#organization","name":"Jornal das Oficinas","url":"https:\/\/jornaldasoficinas.com\/pt\/","logo":{"@type":"ImageObject","inLanguage":"pt-PT","@id":"https:\/\/jornaldasoficinas.com\/pt\/#\/schema\/logo\/image\/","url":"https:\/\/jornaldasoficinas.com\/pt\/wp-content\/uploads\/logoJO-SEO.png","contentUrl":"https:\/\/jornaldasoficinas.com\/pt\/wp-content\/uploads\/logoJO-SEO.png","width":285,"height":450,"caption":"Jornal das Oficinas"},"image":{"@id":"https:\/\/jornaldasoficinas.com\/pt\/#\/schema\/logo\/image\/"},"sameAs":["https:\/\/www.facebook.com\/jornaloficinas","https:\/\/x.com\/jornaloficinas","https:\/\/www.instagram.com\/jornal_oficinas\/","https:\/\/www.linkedin.com\/company\/jornal-das-oficinas\/","https:\/\/www.youtube.com\/channel\/UCbQZBqtcvV-oSQrr7RzINGg"]},{"@type":"Person","@id":"https:\/\/jornaldasoficinas.com\/pt\/#\/schema\/person\/a38eef5de2c41d9e7c9ac10141afddf3","name":"Reda\u00e7\u00e3o JO","image":{"@type":"ImageObject","inLanguage":"pt-PT","@id":"https:\/\/secure.gravatar.com\/avatar\/71f2fa71737ad68a84fea94bc708ddac8ea5b0c4788dc2ad202f3ccb2887742f?s=96&d=wp_user_avatar&r=g","url":"https:\/\/secure.gravatar.com\/avatar\/71f2fa71737ad68a84fea94bc708ddac8ea5b0c4788dc2ad202f3ccb2887742f?s=96&d=wp_user_avatar&r=g","contentUrl":"https:\/\/secure.gravatar.com\/avatar\/71f2fa71737ad68a84fea94bc708ddac8ea5b0c4788dc2ad202f3ccb2887742f?s=96&d=wp_user_avatar&r=g","caption":"Reda\u00e7\u00e3o JO"},"url":"https:\/\/jornaldasoficinas.com\/pt\/author\/joredacao\/"}]}},"_links":{"self":[{"href":"https:\/\/jornaldasoficinas.com\/pt\/wp-json\/wp\/v2\/posts\/30917","targetHints":{"allow":["GET"]}}],"collection":[{"href":"https:\/\/jornaldasoficinas.com\/pt\/wp-json\/wp\/v2\/posts"}],"about":[{"href":"https:\/\/jornaldasoficinas.com\/pt\/wp-json\/wp\/v2\/types\/post"}],"author":[{"embeddable":true,"href":"https:\/\/jornaldasoficinas.com\/pt\/wp-json\/wp\/v2\/users\/15"}],"replies":[{"embeddable":true,"href":"https:\/\/jornaldasoficinas.com\/pt\/wp-json\/wp\/v2\/comments?post=30917"}],"version-history":[{"count":0,"href":"https:\/\/jornaldasoficinas.com\/pt\/wp-json\/wp\/v2\/posts\/30917\/revisions"}],"wp:featuredmedia":[{"embeddable":true,"href":"https:\/\/jornaldasoficinas.com\/pt\/wp-json\/wp\/v2\/media\/30842"}],"wp:attachment":[{"href":"https:\/\/jornaldasoficinas.com\/pt\/wp-json\/wp\/v2\/media?parent=30917"}],"wp:term":[{"taxonomy":"category","embeddable":true,"href":"https:\/\/jornaldasoficinas.com\/pt\/wp-json\/wp\/v2\/categories?post=30917"},{"taxonomy":"post_tag","embeddable":true,"href":"https:\/\/jornaldasoficinas.com\/pt\/wp-json\/wp\/v2\/tags?post=30917"}],"curies":[{"name":"wp","href":"https:\/\/api.w.org\/{rel}","templated":true}]}}