{"id":30919,"date":"2022-06-27T14:00:54","date_gmt":"2022-06-27T13:00:54","guid":{"rendered":"https:\/\/jornaldasoficinas.com\/pt\/?p=30919"},"modified":"2022-06-26T13:08:30","modified_gmt":"2022-06-26T12:08:30","slug":"auto-industrial-distribuidor-exclusivo-da-silence","status":"publish","type":"post","link":"https:\/\/jornaldasoficinas.com\/pt\/auto-industrial-distribuidor-exclusivo-da-silence\/","title":{"rendered":"Auto-Industrial distribuidor exclusivo da SILENCE"},"content":{"rendered":"<p><strong><img loading=\"lazy\" decoding=\"async\" class=\"alignnone size-full wp-image-30840\" src=\"https:\/\/jornaldasoficinas.com\/pt\/wp-content\/uploads\/2022\/06\/Auto-Industrial-distribuidor-exclusivo-da-SILENCE.png\" alt=\"06 - Auto Industrial distribuidor exclusivo da SILENCE\" width=\"1024\" height=\"581\" srcset=\"https:\/\/jornaldasoficinas.com\/pt\/wp-content\/uploads\/2022\/06\/Auto-Industrial-distribuidor-exclusivo-da-SILENCE.png 1024w, https:\/\/jornaldasoficinas.com\/pt\/wp-content\/uploads\/2022\/06\/Auto-Industrial-distribuidor-exclusivo-da-SILENCE-300x170.png 300w, https:\/\/jornaldasoficinas.com\/pt\/wp-content\/uploads\/2022\/06\/Auto-Industrial-distribuidor-exclusivo-da-SILENCE-150x85.png 150w, https:\/\/jornaldasoficinas.com\/pt\/wp-content\/uploads\/2022\/06\/Auto-Industrial-distribuidor-exclusivo-da-SILENCE-768x436.png 768w\" sizes=\"auto, (max-width: 1024px) 100vw, 1024px\" \/><\/strong><\/p>\n<p><strong>O <a href=\"https:\/\/www.grupoautoindustrial.pt\/\" target=\"_blank\" rel=\"noopener\">Grupo Auto-Industrial<\/a> entra no mercado dos motociclos el\u00e9tricos como Distribuidor Exclusivo da SILENCE em Portugal, a marca europeia que veio revolucionar o mercado das\u00a0scooters\u00a0el\u00e9tricas, gra\u00e7as \u00e0 sua bateria remov\u00edvel<\/strong><\/p>\n<p>A\u00a0SILENCE\u00a0foi concebida e lan\u00e7ada pelo empres\u00e1rio espanhol Carlos Sotelo, em 2011, com o prop\u00f3sito de ser um ve\u00edculo el\u00e9trico revolucion\u00e1rio, em termos de infraestrutura e pre\u00e7o. O primeiro modelo,\u00a0SILENCE 01, come\u00e7ou a ser fabricado em Barcelona, logo no ano 2012, pela empresa espanhola Scutum SL, que det\u00e9m a patente.<\/p>\n<p>Atualmente, a\u00a0SILENCE\u00a0disponibiliza tr\u00eas modelos para os clientes particulares: o modelo\u00a0S01, o S02 HS e o S02 LS.<\/p>\n<p>O\u00a0modelo S01\u00a0\u00e9 uma\u00a0scooter\u00a0com capacidade para transportar dois passageiros, que tem uma autonomia at\u00e9 aos 133 Km e um o sistema de extra\u00e7\u00e3o de bateria. Este modelo oferece tamb\u00e9m armazenamento sob o assento, dando a possibilidade do condutor guardar dois capacetes. Estas funcionalidades acontecem devido \u00e0 arquitetura da motorizada, em que o motor est\u00e1 instalado na roda. O S01 tem uma pot\u00eancia de 7kW e pode atingir picos de 9 kW, equivalendo a uma\u00a0scooter\u00a0de 125 cc a combust\u00e3o. Qualquer condutor que tenha a carta de condu\u00e7\u00e3o de autom\u00f3veis ligeiros, categoria B, pode conduzir esta motorizada, bem como qualquer condutor com a categoria A, a partir dos 16 anos.<\/p>\n<p>O\u00a0modelo S02 HS\u00a0(High Speed)\u00a0tem algumas das especificidades do modelo S01, mas oferece mais particularidades. Em termos de velocidade, atinge os 90 Km\/h, sendo a pot\u00eancia debitada de forma instant\u00e2nea. A autonomia est\u00e1 ligeiramente acima da S01, contando com 137 Km de pura adrenalina. \u00c9 tamb\u00e9m equivalente a uma 125 cc nos modelos de combust\u00e3o, podendo ser conduzido por condutores com carta de condu\u00e7\u00e3o categoria A e categoria B, \u00e0 semelhan\u00e7a do modelo S01.<\/p>\n<p>Finalmente o modelo\u00a0S02 LS (Low Speed), a\u00a0scooter\u00a0com o pre\u00e7o mais competitivo,\u00a0tem uma pot\u00eancia menor, conseguindo no entanto alcan\u00e7ar um limite de 45km\/h, e podendo o condutor contar com 149 Km de autonomia.<\/p>\n<p>O que distingue a\u00a0SILENCE\u00a0das restantes\u00a0scooters\u00a0el\u00e9tricas s\u00e3o as suas mat\u00e9rias amov\u00edveis. Todos os modelos t\u00eam este tipo de bateria que, gra\u00e7as a um sistema de rodas articuladas, permite que o condutor possa facilmente remover a bateria e transport\u00e1-la como se fosse uma mala do tipo\u00a0trolley. Os condutores podem assim deixar as suas motorizadas\u00a0SILENCE\u00a0\u00e0 porta de casa, ou do trabalho, e levar a bateria com eles para a poderem carregar numa ficha dom\u00e9stica.<\/p>\n<p>Todos os modelos\u00a0SILENCE\u00a0podem ser conectados a um\u00a0smartphone\u00a0para que, atrav\u00e9s de uma aplica\u00e7\u00e3o, o condutor tenha acesso a v\u00e1rias informa\u00e7\u00f5es: verificar\u00a0o estado da moto e da bateria; saber em tempo real onde est\u00e1 a scooter; ligar e desligar remotamente; abrir automaticamente o assento; planear uma rota; e conhecer as estat\u00edsticas do CO2 que n\u00e3o foram emitidos enquanto circulou.<\/p>\n<p>Segundo S\u00e9rgio Bandeira, Diretor Geral da\u00a0SILENCE\u00a0em Portugal, \u201cA Auto-Industrial tem sido pioneira no setor autom\u00f3vel e a representa\u00e7\u00e3o da\u00a0SILENCE\u00a0refor\u00e7a esse pioneirismo. Estamos muito otimistas quanto \u00e0 recetividade da marca no mercado portugu\u00eas porque, por um lado estamos a lidar com um produto amigo do ambiente e, por outro, sabemos que vamos oferecer uma excelente rela\u00e7\u00e3o pre\u00e7o qualidade\u201d<\/p>\n<p>A primeira loja da\u00a0SILENCE\u00a0em Portugal dever\u00e1 ser inaugurada ainda este ano.<\/p>\n<div class=\"wonderplugingallery-container\" id=\"wonderplugingallery-container-101\" style=\"max-width:960px;margin:0 auto;\"><div class=\"wonderplugingallery\" id=\"wonderplugingallery-101\" data-galleryid=\"101\" data-width=\"960\" data-height=\"540\" data-skin=\"gallery\" data-playsinline=\"false\" data-mutevideo=\"false\" data-random=\"false\" data-autoslide=\"false\" data-autoplayvideo=\"false\" data-schemamarkup=\"false\" data-stopallplaying=\"false\" data-reloadonvideoend=\"false\" data-donotuseposter=\"false\" data-enabletabindex=\"false\" data-loadnextonvideoend=\"false\" data-hidetitlewhenvideoisplaying=\"false\" data-disablehovereventontouch=\"false\" data-autoslideandplayafterfirstplayed=\"false\" data-html5player=\"true\" data-responsive=\"true\" data-fullwidth=\"false\" data-showtitle=\"true\" data-showdescription=\"true\" data-showplaybutton=\"true\" data-showfullscreenbutton=\"true\" data-showtimer=\"true\" data-showcarousel=\"true\" data-galleryshadow=\"false\" data-slideshadow=\"true\" data-thumbshowtitle=\"false\" data-thumbshowimage=\"true\" data-thumbshadow=\"true\" data-lightboxshowtitle=\"true\" data-lightboxshowdescription=\"true\" data-specifyid=\"true\" data-donotinit=\"false\" data-addinitscript=\"false\" data-triggerresize=\"false\" data-thumbcolumnsresponsive=\"false\" data-thumbverticalmiddle=\"true\" data-removeinlinecss=\"true\" data-switchonmouseover=\"false\" data-showcategory=\"true\" data-showimgtitle=\"false\" data-titlesmallscreen=\"false\" data-initsocial=\"true\" data-showsocial=\"false\" data-showemail=\"false\" data-showfacebook=\"true\" data-showtwitter=\"true\" data-showpinterest=\"true\" data-socialrotateeffect=\"true\" data-doshortcodeontext=\"false\" data-loop=\"0\" data-duration=\"1500\" data-slideduration=\"1000\" data-slideshowinterval=\"6000\" data-googleanalyticsaccount=\"\" data-resizemode=\"fill\" data-imagetoolboxmode=\"mouseover\" data-effect=\"fade\" data-padding=\"12\" data-bgcolor=\"\" data-bgimage=\"\" data-thumbwidth=\"120\" data-thumbheight=\"60\" data-thumbgap=\"8\" data-thumbrowgap=\"16\" data-lightboxtextheight=\"72\" data-lightboxtitlecss=\"{color:#333333; font:bold 12px Arial,Helvetica,sans-serif; overflow:hidden; white-space:normal; line-height:18px;}\" data-lightboxdescriptioncss=\"{color:#333333; font:normal 12px Arial,Helvetica,sans-serif; overflow:hidden; white-space:normal; line-height:14px;}\" data-titlecss=\"{color:#ffffff; font-size:14px; font-family:Armata, sans-serif, Arial; overflow:hidden; text-align:left; padding:10px 0px 10px 10px; background:rgb(102, 102, 102) transparent; background:rgba(102, 102, 102, 0.6);}\" data-descriptioncss=\"{color:#ffffff; font-size:13px; font-family:Armata, sans-serif, Arial; overflow:hidden; text-align:left; padding:0px 0px 10px 10px; background:rgb(102, 102, 102) transparent; background:rgba(102, 102, 102, 0.6);}\" data-titleheight=\"72\" data-titlesmallscreenwidth=\"640\" data-titleheightsmallscreen=\"148\" data-socialmode=\"mouseover\" data-socialposition=\"position:absolute;top:8px;right:8px;\" data-socialpositionlightbox=\"position:absolute;top:8px;right:8px;\" data-socialdirection=\"horizontal\" data-socialbuttonsize=\"32\" data-socialbuttonfontsize=\"18\" data-defaultvideovolume=\"1\" data-thumbtitleheight=\"24\" data-thumbmediumtitleheight=\"48\" data-thumbsmalltitleheight=\"72\" data-categoryheight=\"48\" data-categorydefault=\"all\" data-triggerresizedelay=\"100\" data-thumbmediumsize=\"800\" data-thumbsmallsize=\"480\" data-thumbmediumwidth=\"64\" data-thumbmediumheight=\"64\" data-thumbsmallwidth=\"48\" data-thumbsmallheight=\"48\" data-imgtitle=\"title\" data-categorystyle=\"dropdown\" data-categorylist=\"[{&quot;slug&quot;:&quot;all&quot;,&quot;caption&quot;:&quot;Show All&quot;}]\" data-jsfolder=\"https:\/\/jornaldasoficinas.com\/pt\/wp-content\/plugins\/wonderplugin-gallery\/engine\/\" style=\"display:none;\" ><a class=\"html5galleryimglink\" href=\"https:\/\/jornaldasoficinas.com\/pt\/wp-content\/uploads\/2022\/06\/Auto-Industrial-distribuidor-exclusivo-da-SILENCE\/2021-04-22-SILENCE-Forum-2365.jpg\" data-mediatype=1><img decoding=\"async\" class=\"html5galleryimg html5gallery-tn-image\" src=\"https:\/\/jornaldasoficinas.com\/pt\/wp-content\/uploads\/2022\/06\/Auto-Industrial-distribuidor-exclusivo-da-SILENCE\/2021-04-22-SILENCE-Forum-2365.jpg\" alt=\"\"><\/a><div class=\"html5gallery-info\"><\/div><a class=\"html5galleryimglink\" href=\"https:\/\/jornaldasoficinas.com\/pt\/wp-content\/uploads\/2022\/06\/Auto-Industrial-distribuidor-exclusivo-da-SILENCE\/2022-03-16-Silence-Photo-6124.jpg\" data-mediatype=1><img decoding=\"async\" class=\"html5galleryimg html5gallery-tn-image\" src=\"https:\/\/jornaldasoficinas.com\/pt\/wp-content\/uploads\/2022\/06\/Auto-Industrial-distribuidor-exclusivo-da-SILENCE\/2022-03-16-Silence-Photo-6124.jpg\" alt=\"\"><\/a><div class=\"html5gallery-info\"><\/div><a class=\"html5galleryimglink\" href=\"https:\/\/jornaldasoficinas.com\/pt\/wp-content\/uploads\/2022\/06\/Auto-Industrial-distribuidor-exclusivo-da-SILENCE\/red_MOBIL-ROJO_2022-03-08-Silence-Photo-229-copia.jpg\" data-mediatype=1><img decoding=\"async\" class=\"html5galleryimg html5gallery-tn-image\" src=\"https:\/\/jornaldasoficinas.com\/pt\/wp-content\/uploads\/2022\/06\/Auto-Industrial-distribuidor-exclusivo-da-SILENCE\/red_MOBIL-ROJO_2022-03-08-Silence-Photo-229-copia.jpg\" alt=\"\"><\/a><div class=\"html5gallery-info\"><\/div><\/div><\/div><script>function wondergallery_101_appendcss(csscode) {var head=document.head || document.getElementsByTagName(\"head\")[0];var style=document.createElement(\"style\");head.appendChild(style);style.type=\"text\/css\";if (style.styleSheet){style.styleSheet.cssText=csscode;} else {style.appendChild(document.createTextNode(csscode));}};wondergallery_101_appendcss(\"#wonderplugingallery-101 .html5gallery-cat-selection-101 { \tbox-sizing: border-box; \ttext-align: center; }  #wonderplugingallery-101 .html5gallery-cat-selection-101 select { \tbox-sizing: border-box; \tmargin: 4px auto; }\");<\/script>\n<p>&nbsp;<\/p>\n","protected":false},"excerpt":{"rendered":"<p>O Grupo Auto-Industrial entra no mercado&#8230;<\/p>\n","protected":false},"author":15,"featured_media":30840,"comment_status":"closed","ping_status":"closed","sticky":false,"template":"","format":"standard","meta":{"footnotes":""},"categories":[29],"tags":[2498,2899],"class_list":["post-30919","post","type-post","status-publish","format-standard","has-post-thumbnail","hentry","category-empresas","tag-grupo-auto-industrial","tag-silence"],"yoast_head":"<!-- This site is optimized with the Yoast SEO plugin v27.4 - https:\/\/yoast.com\/product\/yoast-seo-wordpress\/ -->\n<title>Auto-Industrial distribuidor exclusivo da SILENCE - Jornal das Oficinas<\/title>\n<meta name=\"robots\" content=\"index, follow, max-snippet:-1, max-image-preview:large, max-video-preview:-1\" \/>\n<link rel=\"canonical\" href=\"https:\/\/jornaldasoficinas.com\/pt\/auto-industrial-distribuidor-exclusivo-da-silence\/\" \/>\n<meta property=\"og:locale\" content=\"pt_PT\" \/>\n<meta property=\"og:type\" content=\"article\" \/>\n<meta property=\"og:title\" content=\"Auto-Industrial distribuidor exclusivo da SILENCE - Jornal das Oficinas\" \/>\n<meta property=\"og:description\" content=\"O Grupo Auto-Industrial entra no mercado...\" \/>\n<meta property=\"og:url\" content=\"https:\/\/jornaldasoficinas.com\/pt\/auto-industrial-distribuidor-exclusivo-da-silence\/\" \/>\n<meta property=\"og:site_name\" content=\"Jornal das Oficinas\" \/>\n<meta property=\"article:publisher\" content=\"https:\/\/www.facebook.com\/jornaloficinas\" \/>\n<meta property=\"article:published_time\" content=\"2022-06-27T13:00:54+00:00\" \/>\n<meta property=\"og:image\" content=\"https:\/\/jornaldasoficinas.com\/pt\/wp-content\/uploads\/2022\/06\/Auto-Industrial-distribuidor-exclusivo-da-SILENCE.png\" \/>\n\t<meta property=\"og:image:width\" content=\"1024\" \/>\n\t<meta property=\"og:image:height\" content=\"581\" \/>\n\t<meta property=\"og:image:type\" content=\"image\/png\" \/>\n<meta name=\"author\" content=\"Reda\u00e7\u00e3o JO\" \/>\n<meta name=\"twitter:card\" content=\"summary_large_image\" \/>\n<meta name=\"twitter:creator\" content=\"@jornaloficinas\" \/>\n<meta name=\"twitter:site\" content=\"@jornaloficinas\" \/>\n<meta name=\"twitter:label1\" content=\"Escrito por\" \/>\n\t<meta name=\"twitter:data1\" content=\"Reda\u00e7\u00e3o JO\" \/>\n\t<meta name=\"twitter:label2\" content=\"Tempo estimado de leitura\" \/>\n\t<meta name=\"twitter:data2\" content=\"3 minutos\" \/>\n<script type=\"application\/ld+json\" class=\"yoast-schema-graph\">{\"@context\":\"https:\\\/\\\/schema.org\",\"@graph\":[{\"@type\":\"Article\",\"@id\":\"https:\\\/\\\/jornaldasoficinas.com\\\/pt\\\/auto-industrial-distribuidor-exclusivo-da-silence\\\/#article\",\"isPartOf\":{\"@id\":\"https:\\\/\\\/jornaldasoficinas.com\\\/pt\\\/auto-industrial-distribuidor-exclusivo-da-silence\\\/\"},\"author\":{\"name\":\"Reda\u00e7\u00e3o JO\",\"@id\":\"https:\\\/\\\/jornaldasoficinas.com\\\/pt\\\/#\\\/schema\\\/person\\\/a38eef5de2c41d9e7c9ac10141afddf3\"},\"headline\":\"Auto-Industrial distribuidor exclusivo da SILENCE\",\"datePublished\":\"2022-06-27T13:00:54+00:00\",\"mainEntityOfPage\":{\"@id\":\"https:\\\/\\\/jornaldasoficinas.com\\\/pt\\\/auto-industrial-distribuidor-exclusivo-da-silence\\\/\"},\"wordCount\":586,\"publisher\":{\"@id\":\"https:\\\/\\\/jornaldasoficinas.com\\\/pt\\\/#organization\"},\"image\":{\"@id\":\"https:\\\/\\\/jornaldasoficinas.com\\\/pt\\\/auto-industrial-distribuidor-exclusivo-da-silence\\\/#primaryimage\"},\"thumbnailUrl\":\"https:\\\/\\\/jornaldasoficinas.com\\\/pt\\\/wp-content\\\/uploads\\\/2022\\\/06\\\/Auto-Industrial-distribuidor-exclusivo-da-SILENCE.png\",\"keywords\":[\"Grupo Auto-Industrial\",\"Silence\"],\"articleSection\":[\"Empresas\"],\"inLanguage\":\"pt-PT\"},{\"@type\":\"WebPage\",\"@id\":\"https:\\\/\\\/jornaldasoficinas.com\\\/pt\\\/auto-industrial-distribuidor-exclusivo-da-silence\\\/\",\"url\":\"https:\\\/\\\/jornaldasoficinas.com\\\/pt\\\/auto-industrial-distribuidor-exclusivo-da-silence\\\/\",\"name\":\"Auto-Industrial distribuidor exclusivo da SILENCE - Jornal das Oficinas\",\"isPartOf\":{\"@id\":\"https:\\\/\\\/jornaldasoficinas.com\\\/pt\\\/#website\"},\"primaryImageOfPage\":{\"@id\":\"https:\\\/\\\/jornaldasoficinas.com\\\/pt\\\/auto-industrial-distribuidor-exclusivo-da-silence\\\/#primaryimage\"},\"image\":{\"@id\":\"https:\\\/\\\/jornaldasoficinas.com\\\/pt\\\/auto-industrial-distribuidor-exclusivo-da-silence\\\/#primaryimage\"},\"thumbnailUrl\":\"https:\\\/\\\/jornaldasoficinas.com\\\/pt\\\/wp-content\\\/uploads\\\/2022\\\/06\\\/Auto-Industrial-distribuidor-exclusivo-da-SILENCE.png\",\"datePublished\":\"2022-06-27T13:00:54+00:00\",\"breadcrumb\":{\"@id\":\"https:\\\/\\\/jornaldasoficinas.com\\\/pt\\\/auto-industrial-distribuidor-exclusivo-da-silence\\\/#breadcrumb\"},\"inLanguage\":\"pt-PT\",\"potentialAction\":[{\"@type\":\"ReadAction\",\"target\":[\"https:\\\/\\\/jornaldasoficinas.com\\\/pt\\\/auto-industrial-distribuidor-exclusivo-da-silence\\\/\"]}]},{\"@type\":\"ImageObject\",\"inLanguage\":\"pt-PT\",\"@id\":\"https:\\\/\\\/jornaldasoficinas.com\\\/pt\\\/auto-industrial-distribuidor-exclusivo-da-silence\\\/#primaryimage\",\"url\":\"https:\\\/\\\/jornaldasoficinas.com\\\/pt\\\/wp-content\\\/uploads\\\/2022\\\/06\\\/Auto-Industrial-distribuidor-exclusivo-da-SILENCE.png\",\"contentUrl\":\"https:\\\/\\\/jornaldasoficinas.com\\\/pt\\\/wp-content\\\/uploads\\\/2022\\\/06\\\/Auto-Industrial-distribuidor-exclusivo-da-SILENCE.png\",\"width\":1024,\"height\":581,\"caption\":\"06 - Auto Industrial distribuidor exclusivo da SILENCE\"},{\"@type\":\"BreadcrumbList\",\"@id\":\"https:\\\/\\\/jornaldasoficinas.com\\\/pt\\\/auto-industrial-distribuidor-exclusivo-da-silence\\\/#breadcrumb\",\"itemListElement\":[{\"@type\":\"ListItem\",\"position\":1,\"name\":\"In\u00edcio\",\"item\":\"https:\\\/\\\/jornaldasoficinas.com\\\/pt\\\/\"},{\"@type\":\"ListItem\",\"position\":2,\"name\":\"Auto-Industrial distribuidor exclusivo da SILENCE\"}]},{\"@type\":\"WebSite\",\"@id\":\"https:\\\/\\\/jornaldasoficinas.com\\\/pt\\\/#website\",\"url\":\"https:\\\/\\\/jornaldasoficinas.com\\\/pt\\\/\",\"name\":\"Jornal das Oficinas\",\"description\":\"Jornal independente do Aftermarket Autom\u00f3vel em Portugal\",\"publisher\":{\"@id\":\"https:\\\/\\\/jornaldasoficinas.com\\\/pt\\\/#organization\"},\"potentialAction\":[{\"@type\":\"SearchAction\",\"target\":{\"@type\":\"EntryPoint\",\"urlTemplate\":\"https:\\\/\\\/jornaldasoficinas.com\\\/pt\\\/?s={search_term_string}\"},\"query-input\":{\"@type\":\"PropertyValueSpecification\",\"valueRequired\":true,\"valueName\":\"search_term_string\"}}],\"inLanguage\":\"pt-PT\"},{\"@type\":\"Organization\",\"@id\":\"https:\\\/\\\/jornaldasoficinas.com\\\/pt\\\/#organization\",\"name\":\"Jornal das Oficinas\",\"url\":\"https:\\\/\\\/jornaldasoficinas.com\\\/pt\\\/\",\"logo\":{\"@type\":\"ImageObject\",\"inLanguage\":\"pt-PT\",\"@id\":\"https:\\\/\\\/jornaldasoficinas.com\\\/pt\\\/#\\\/schema\\\/logo\\\/image\\\/\",\"url\":\"https:\\\/\\\/jornaldasoficinas.com\\\/pt\\\/wp-content\\\/uploads\\\/logoJO-SEO.png\",\"contentUrl\":\"https:\\\/\\\/jornaldasoficinas.com\\\/pt\\\/wp-content\\\/uploads\\\/logoJO-SEO.png\",\"width\":285,\"height\":450,\"caption\":\"Jornal das Oficinas\"},\"image\":{\"@id\":\"https:\\\/\\\/jornaldasoficinas.com\\\/pt\\\/#\\\/schema\\\/logo\\\/image\\\/\"},\"sameAs\":[\"https:\\\/\\\/www.facebook.com\\\/jornaloficinas\",\"https:\\\/\\\/x.com\\\/jornaloficinas\",\"https:\\\/\\\/www.instagram.com\\\/jornal_oficinas\\\/\",\"https:\\\/\\\/www.linkedin.com\\\/company\\\/jornal-das-oficinas\\\/\",\"https:\\\/\\\/www.youtube.com\\\/channel\\\/UCbQZBqtcvV-oSQrr7RzINGg\"]},{\"@type\":\"Person\",\"@id\":\"https:\\\/\\\/jornaldasoficinas.com\\\/pt\\\/#\\\/schema\\\/person\\\/a38eef5de2c41d9e7c9ac10141afddf3\",\"name\":\"Reda\u00e7\u00e3o JO\",\"image\":{\"@type\":\"ImageObject\",\"inLanguage\":\"pt-PT\",\"@id\":\"https:\\\/\\\/secure.gravatar.com\\\/avatar\\\/71f2fa71737ad68a84fea94bc708ddac8ea5b0c4788dc2ad202f3ccb2887742f?s=96&d=wp_user_avatar&r=g\",\"url\":\"https:\\\/\\\/secure.gravatar.com\\\/avatar\\\/71f2fa71737ad68a84fea94bc708ddac8ea5b0c4788dc2ad202f3ccb2887742f?s=96&d=wp_user_avatar&r=g\",\"contentUrl\":\"https:\\\/\\\/secure.gravatar.com\\\/avatar\\\/71f2fa71737ad68a84fea94bc708ddac8ea5b0c4788dc2ad202f3ccb2887742f?s=96&d=wp_user_avatar&r=g\",\"caption\":\"Reda\u00e7\u00e3o JO\"},\"url\":\"https:\\\/\\\/jornaldasoficinas.com\\\/pt\\\/author\\\/joredacao\\\/\"}]}<\/script>\n<!-- \/ Yoast SEO plugin. -->","yoast_head_json":{"title":"Auto-Industrial distribuidor exclusivo da SILENCE - Jornal das Oficinas","robots":{"index":"index","follow":"follow","max-snippet":"max-snippet:-1","max-image-preview":"max-image-preview:large","max-video-preview":"max-video-preview:-1"},"canonical":"https:\/\/jornaldasoficinas.com\/pt\/auto-industrial-distribuidor-exclusivo-da-silence\/","og_locale":"pt_PT","og_type":"article","og_title":"Auto-Industrial distribuidor exclusivo da SILENCE - Jornal das Oficinas","og_description":"O Grupo Auto-Industrial entra no mercado...","og_url":"https:\/\/jornaldasoficinas.com\/pt\/auto-industrial-distribuidor-exclusivo-da-silence\/","og_site_name":"Jornal das Oficinas","article_publisher":"https:\/\/www.facebook.com\/jornaloficinas","article_published_time":"2022-06-27T13:00:54+00:00","og_image":[{"width":1024,"height":581,"url":"https:\/\/jornaldasoficinas.com\/pt\/wp-content\/uploads\/2022\/06\/Auto-Industrial-distribuidor-exclusivo-da-SILENCE.png","type":"image\/png"}],"author":"Reda\u00e7\u00e3o JO","twitter_card":"summary_large_image","twitter_creator":"@jornaloficinas","twitter_site":"@jornaloficinas","twitter_misc":{"Escrito por":"Reda\u00e7\u00e3o JO","Tempo estimado de leitura":"3 minutos"},"schema":{"@context":"https:\/\/schema.org","@graph":[{"@type":"Article","@id":"https:\/\/jornaldasoficinas.com\/pt\/auto-industrial-distribuidor-exclusivo-da-silence\/#article","isPartOf":{"@id":"https:\/\/jornaldasoficinas.com\/pt\/auto-industrial-distribuidor-exclusivo-da-silence\/"},"author":{"name":"Reda\u00e7\u00e3o JO","@id":"https:\/\/jornaldasoficinas.com\/pt\/#\/schema\/person\/a38eef5de2c41d9e7c9ac10141afddf3"},"headline":"Auto-Industrial distribuidor exclusivo da SILENCE","datePublished":"2022-06-27T13:00:54+00:00","mainEntityOfPage":{"@id":"https:\/\/jornaldasoficinas.com\/pt\/auto-industrial-distribuidor-exclusivo-da-silence\/"},"wordCount":586,"publisher":{"@id":"https:\/\/jornaldasoficinas.com\/pt\/#organization"},"image":{"@id":"https:\/\/jornaldasoficinas.com\/pt\/auto-industrial-distribuidor-exclusivo-da-silence\/#primaryimage"},"thumbnailUrl":"https:\/\/jornaldasoficinas.com\/pt\/wp-content\/uploads\/2022\/06\/Auto-Industrial-distribuidor-exclusivo-da-SILENCE.png","keywords":["Grupo Auto-Industrial","Silence"],"articleSection":["Empresas"],"inLanguage":"pt-PT"},{"@type":"WebPage","@id":"https:\/\/jornaldasoficinas.com\/pt\/auto-industrial-distribuidor-exclusivo-da-silence\/","url":"https:\/\/jornaldasoficinas.com\/pt\/auto-industrial-distribuidor-exclusivo-da-silence\/","name":"Auto-Industrial distribuidor exclusivo da SILENCE - Jornal das Oficinas","isPartOf":{"@id":"https:\/\/jornaldasoficinas.com\/pt\/#website"},"primaryImageOfPage":{"@id":"https:\/\/jornaldasoficinas.com\/pt\/auto-industrial-distribuidor-exclusivo-da-silence\/#primaryimage"},"image":{"@id":"https:\/\/jornaldasoficinas.com\/pt\/auto-industrial-distribuidor-exclusivo-da-silence\/#primaryimage"},"thumbnailUrl":"https:\/\/jornaldasoficinas.com\/pt\/wp-content\/uploads\/2022\/06\/Auto-Industrial-distribuidor-exclusivo-da-SILENCE.png","datePublished":"2022-06-27T13:00:54+00:00","breadcrumb":{"@id":"https:\/\/jornaldasoficinas.com\/pt\/auto-industrial-distribuidor-exclusivo-da-silence\/#breadcrumb"},"inLanguage":"pt-PT","potentialAction":[{"@type":"ReadAction","target":["https:\/\/jornaldasoficinas.com\/pt\/auto-industrial-distribuidor-exclusivo-da-silence\/"]}]},{"@type":"ImageObject","inLanguage":"pt-PT","@id":"https:\/\/jornaldasoficinas.com\/pt\/auto-industrial-distribuidor-exclusivo-da-silence\/#primaryimage","url":"https:\/\/jornaldasoficinas.com\/pt\/wp-content\/uploads\/2022\/06\/Auto-Industrial-distribuidor-exclusivo-da-SILENCE.png","contentUrl":"https:\/\/jornaldasoficinas.com\/pt\/wp-content\/uploads\/2022\/06\/Auto-Industrial-distribuidor-exclusivo-da-SILENCE.png","width":1024,"height":581,"caption":"06 - Auto Industrial distribuidor exclusivo da SILENCE"},{"@type":"BreadcrumbList","@id":"https:\/\/jornaldasoficinas.com\/pt\/auto-industrial-distribuidor-exclusivo-da-silence\/#breadcrumb","itemListElement":[{"@type":"ListItem","position":1,"name":"In\u00edcio","item":"https:\/\/jornaldasoficinas.com\/pt\/"},{"@type":"ListItem","position":2,"name":"Auto-Industrial distribuidor exclusivo da SILENCE"}]},{"@type":"WebSite","@id":"https:\/\/jornaldasoficinas.com\/pt\/#website","url":"https:\/\/jornaldasoficinas.com\/pt\/","name":"Jornal das Oficinas","description":"Jornal independente do Aftermarket Autom\u00f3vel em Portugal","publisher":{"@id":"https:\/\/jornaldasoficinas.com\/pt\/#organization"},"potentialAction":[{"@type":"SearchAction","target":{"@type":"EntryPoint","urlTemplate":"https:\/\/jornaldasoficinas.com\/pt\/?s={search_term_string}"},"query-input":{"@type":"PropertyValueSpecification","valueRequired":true,"valueName":"search_term_string"}}],"inLanguage":"pt-PT"},{"@type":"Organization","@id":"https:\/\/jornaldasoficinas.com\/pt\/#organization","name":"Jornal das Oficinas","url":"https:\/\/jornaldasoficinas.com\/pt\/","logo":{"@type":"ImageObject","inLanguage":"pt-PT","@id":"https:\/\/jornaldasoficinas.com\/pt\/#\/schema\/logo\/image\/","url":"https:\/\/jornaldasoficinas.com\/pt\/wp-content\/uploads\/logoJO-SEO.png","contentUrl":"https:\/\/jornaldasoficinas.com\/pt\/wp-content\/uploads\/logoJO-SEO.png","width":285,"height":450,"caption":"Jornal das Oficinas"},"image":{"@id":"https:\/\/jornaldasoficinas.com\/pt\/#\/schema\/logo\/image\/"},"sameAs":["https:\/\/www.facebook.com\/jornaloficinas","https:\/\/x.com\/jornaloficinas","https:\/\/www.instagram.com\/jornal_oficinas\/","https:\/\/www.linkedin.com\/company\/jornal-das-oficinas\/","https:\/\/www.youtube.com\/channel\/UCbQZBqtcvV-oSQrr7RzINGg"]},{"@type":"Person","@id":"https:\/\/jornaldasoficinas.com\/pt\/#\/schema\/person\/a38eef5de2c41d9e7c9ac10141afddf3","name":"Reda\u00e7\u00e3o JO","image":{"@type":"ImageObject","inLanguage":"pt-PT","@id":"https:\/\/secure.gravatar.com\/avatar\/71f2fa71737ad68a84fea94bc708ddac8ea5b0c4788dc2ad202f3ccb2887742f?s=96&d=wp_user_avatar&r=g","url":"https:\/\/secure.gravatar.com\/avatar\/71f2fa71737ad68a84fea94bc708ddac8ea5b0c4788dc2ad202f3ccb2887742f?s=96&d=wp_user_avatar&r=g","contentUrl":"https:\/\/secure.gravatar.com\/avatar\/71f2fa71737ad68a84fea94bc708ddac8ea5b0c4788dc2ad202f3ccb2887742f?s=96&d=wp_user_avatar&r=g","caption":"Reda\u00e7\u00e3o JO"},"url":"https:\/\/jornaldasoficinas.com\/pt\/author\/joredacao\/"}]}},"_links":{"self":[{"href":"https:\/\/jornaldasoficinas.com\/pt\/wp-json\/wp\/v2\/posts\/30919","targetHints":{"allow":["GET"]}}],"collection":[{"href":"https:\/\/jornaldasoficinas.com\/pt\/wp-json\/wp\/v2\/posts"}],"about":[{"href":"https:\/\/jornaldasoficinas.com\/pt\/wp-json\/wp\/v2\/types\/post"}],"author":[{"embeddable":true,"href":"https:\/\/jornaldasoficinas.com\/pt\/wp-json\/wp\/v2\/users\/15"}],"replies":[{"embeddable":true,"href":"https:\/\/jornaldasoficinas.com\/pt\/wp-json\/wp\/v2\/comments?post=30919"}],"version-history":[{"count":0,"href":"https:\/\/jornaldasoficinas.com\/pt\/wp-json\/wp\/v2\/posts\/30919\/revisions"}],"wp:featuredmedia":[{"embeddable":true,"href":"https:\/\/jornaldasoficinas.com\/pt\/wp-json\/wp\/v2\/media\/30840"}],"wp:attachment":[{"href":"https:\/\/jornaldasoficinas.com\/pt\/wp-json\/wp\/v2\/media?parent=30919"}],"wp:term":[{"taxonomy":"category","embeddable":true,"href":"https:\/\/jornaldasoficinas.com\/pt\/wp-json\/wp\/v2\/categories?post=30919"},{"taxonomy":"post_tag","embeddable":true,"href":"https:\/\/jornaldasoficinas.com\/pt\/wp-json\/wp\/v2\/tags?post=30919"}],"curies":[{"name":"wp","href":"https:\/\/api.w.org\/{rel}","templated":true}]}}