{"id":30972,"date":"2022-06-29T18:00:18","date_gmt":"2022-06-29T17:00:18","guid":{"rendered":"https:\/\/jornaldasoficinas.com\/pt\/?p=30972"},"modified":"2022-06-29T09:00:12","modified_gmt":"2022-06-29T08:00:12","slug":"vendas-de-bevs-usados-reverteram-as-tendencias","status":"publish","type":"post","link":"https:\/\/jornaldasoficinas.com\/pt\/vendas-de-bevs-usados-reverteram-as-tendencias\/","title":{"rendered":"Vendas de BEVs usados reverteram as tend\u00eancias"},"content":{"rendered":"<p><img loading=\"lazy\" decoding=\"async\" class=\"alignnone size-full wp-image-30950\" src=\"https:\/\/jornaldasoficinas.com\/pt\/wp-content\/uploads\/2022\/06\/Vendas-de-BEVs-usados-reverteram-as-tende\u0302ncias.jpg\" alt=\"06 - Vendas de BEVs usados reverteram as tende\u0302ncias\" width=\"1024\" height=\"581\" srcset=\"https:\/\/jornaldasoficinas.com\/pt\/wp-content\/uploads\/2022\/06\/Vendas-de-BEVs-usados-reverteram-as-tende\u0302ncias.jpg 1024w, https:\/\/jornaldasoficinas.com\/pt\/wp-content\/uploads\/2022\/06\/Vendas-de-BEVs-usados-reverteram-as-tende\u0302ncias-300x170.jpg 300w, https:\/\/jornaldasoficinas.com\/pt\/wp-content\/uploads\/2022\/06\/Vendas-de-BEVs-usados-reverteram-as-tende\u0302ncias-150x85.jpg 150w, https:\/\/jornaldasoficinas.com\/pt\/wp-content\/uploads\/2022\/06\/Vendas-de-BEVs-usados-reverteram-as-tende\u0302ncias-768x436.jpg 768w\" sizes=\"auto, (max-width: 1024px) 100vw, 1024px\" \/><\/p>\n<p><strong>Quer se trate de preocupa\u00e7\u00f5es ambientais ou do facto de tantas empresas terem agora uma cultura de trabalho que permite aos colaboradores trabalharem a partir de casa e, assim, conduzirem menos quil\u00f3metros, mas no \u00faltimo ano, mais ou menos, assistiu-se a um movimento dram\u00e1tico em direc\u00e7\u00e3o aos BEVs, conforme relat\u00f3rio da <a href=\"https:\/\/www.indicata.pt\/\" target=\"_blank\" rel=\"noopener\">INDICADATA \u2028\u2028<\/a><\/strong><\/p>\n<p>Os Ve\u00edculos El\u00e9ctricos a Bateria usados est\u00e3o a vender a um ritmo electrizante em toda a Europa \u00e0 medida que a procura de BEVs continua a crescer. Os dados sobre autom\u00f3veis usados a vender mais rapidamente confirmaram tamb\u00e9m o dom\u00ednio dos BEVs no mercado europeu de autom\u00f3veis usados, com os tr\u00eas principais modelos a incluir o Tesla Modelo Y e o Modelo 3 e o Kia Niro.<\/p>\n<p>Em Portugal, as vendas online de usados B2C em Maio de 2022 foram 15,8% superiores \u00e0s de Abril, mas 24,3% inferiores \u00e0s de Maio de 2021. As vendas dos primeiros cinco meses do ano s\u00e3o 17,9% inferiores \u00e0s do acumulado de Maio de 2021, mas 1,8% superiores \u00e0s do mesmo per\u00edodo em 2019, ou seja, antes da pandemia.<\/p>\n<p>Ao n\u00edvel das motoriza\u00e7\u00f5es, os BEVs superaram todas as outras motoriza\u00e7\u00f5es em termos hom\u00f3logos, com as vendas a aumentarem 56%, enquanto as vendas de H\u00edbridos ca\u00edram 7%. As vendas de Gas\u00f3leo ca\u00edram 23% e as vendas de Gasolina ca\u00edram 41%. No entanto, ao comparar as vendas de Maio com as do m\u00eas anterior, os BEV s\u00e3o o \u00fanico grupo motopropulsor a registar um decl\u00ednio nas vendas em termos mensais, tendo todas as outras motoriza\u00e7\u00f5es registado um aumento nas vendas.<\/p>\n<p>Isto deve-se em parte \u00e0s restri\u00e7\u00f5es de abastecimento de BEVs usados. Historicamente, os BEVs nunca foram parte relevante da frota de Rent-a-Car, nem houve vendas significativas para frotas de empresas, o que significa que apenas um n\u00famero limitado de unidades chegou ao mercado de ve\u00edculos usados. Al\u00e9m disso, a quest\u00e3o dos semicondutores est\u00e1 a impedir a capacidade de vendas t\u00e1ticas de usados muito jovens, com menos de 1 ano de idade, apoiadas pelos Fabricantes, as quais podem ter sido 4% mais elevadas em Maio do que no m\u00eas anterior, mas s\u00e3o 74% mais baixas do que em Maio de 2021. O stock de todos os grupos motopropulsores continua a ser um problema, com o n\u00edvel de stocks de usados online B2C a descer em Junho 11,8% em termos mensais e 23,9% mais baixo do que em Junho de 2021.<\/p>\n<p>O \u00edndice de pre\u00e7os INDICADATA baseia-se num conjunto consistente de autom\u00f3veis indexados contra Janeiro de 2021 e foi reposto para o in\u00edcio do novo ano, o que cria uma subida t\u00edpica de cerca de 2%-4%, seguida normalmente por uma curva descendente dos pre\u00e7os m\u00e9dios devido ao impacto do ciclo de vida do produto. A oferta restrita do stock de qualidade certa, combinada com uma procura saud\u00e1vel, mant\u00e9m a press\u00e3o inflacion\u00e1ria sobre os pre\u00e7os dos autom\u00f3veis usados online B2C, com um aumento adicional de 1,0 pontos percentuais em termos mensais at\u00e9 Junho, colocando-os 8,4pp acima do que no in\u00edcio do ano.<\/p>\n","protected":false},"excerpt":{"rendered":"<p>Quer se trate de preocupa\u00e7\u00f5es ambientais&#8230;<\/p>\n","protected":false},"author":15,"featured_media":30950,"comment_status":"closed","ping_status":"closed","sticky":false,"template":"","format":"standard","meta":{"footnotes":""},"categories":[37],"tags":[2902],"class_list":["post-30972","post","type-post","status-publish","format-standard","has-post-thumbnail","hentry","category-mercado","tag-indicadata"],"yoast_head":"<!-- This site is optimized with the Yoast SEO plugin v27.4 - https:\/\/yoast.com\/product\/yoast-seo-wordpress\/ -->\n<title>Vendas de BEVs usados reverteram as tend\u00eancias - Jornal das Oficinas<\/title>\n<meta name=\"robots\" content=\"index, follow, max-snippet:-1, max-image-preview:large, max-video-preview:-1\" \/>\n<link rel=\"canonical\" href=\"https:\/\/jornaldasoficinas.com\/pt\/vendas-de-bevs-usados-reverteram-as-tendencias\/\" \/>\n<meta property=\"og:locale\" content=\"pt_PT\" \/>\n<meta property=\"og:type\" content=\"article\" \/>\n<meta property=\"og:title\" content=\"Vendas de BEVs usados reverteram as tend\u00eancias - Jornal das Oficinas\" \/>\n<meta property=\"og:description\" content=\"Quer se trate de preocupa\u00e7\u00f5es ambientais...\" \/>\n<meta property=\"og:url\" content=\"https:\/\/jornaldasoficinas.com\/pt\/vendas-de-bevs-usados-reverteram-as-tendencias\/\" \/>\n<meta property=\"og:site_name\" content=\"Jornal das Oficinas\" \/>\n<meta property=\"article:publisher\" content=\"https:\/\/www.facebook.com\/jornaloficinas\" \/>\n<meta property=\"article:published_time\" content=\"2022-06-29T17:00:18+00:00\" \/>\n<meta property=\"og:image\" content=\"https:\/\/jornaldasoficinas.com\/pt\/wp-content\/uploads\/2022\/06\/Vendas-de-BEVs-usados-reverteram-as-tende\u0302ncias.jpg\" \/>\n\t<meta property=\"og:image:width\" content=\"1024\" \/>\n\t<meta property=\"og:image:height\" content=\"581\" \/>\n\t<meta property=\"og:image:type\" content=\"image\/jpeg\" \/>\n<meta name=\"author\" content=\"Reda\u00e7\u00e3o JO\" \/>\n<meta name=\"twitter:card\" content=\"summary_large_image\" \/>\n<meta name=\"twitter:creator\" content=\"@jornaloficinas\" \/>\n<meta name=\"twitter:site\" content=\"@jornaloficinas\" \/>\n<meta name=\"twitter:label1\" content=\"Escrito por\" \/>\n\t<meta name=\"twitter:data1\" content=\"Reda\u00e7\u00e3o JO\" \/>\n\t<meta name=\"twitter:label2\" content=\"Tempo estimado de leitura\" \/>\n\t<meta name=\"twitter:data2\" content=\"3 minutos\" \/>\n<script type=\"application\/ld+json\" class=\"yoast-schema-graph\">{\"@context\":\"https:\\\/\\\/schema.org\",\"@graph\":[{\"@type\":\"Article\",\"@id\":\"https:\\\/\\\/jornaldasoficinas.com\\\/pt\\\/vendas-de-bevs-usados-reverteram-as-tendencias\\\/#article\",\"isPartOf\":{\"@id\":\"https:\\\/\\\/jornaldasoficinas.com\\\/pt\\\/vendas-de-bevs-usados-reverteram-as-tendencias\\\/\"},\"author\":{\"name\":\"Reda\u00e7\u00e3o JO\",\"@id\":\"https:\\\/\\\/jornaldasoficinas.com\\\/pt\\\/#\\\/schema\\\/person\\\/a38eef5de2c41d9e7c9ac10141afddf3\"},\"headline\":\"Vendas de BEVs usados reverteram as tend\u00eancias\",\"datePublished\":\"2022-06-29T17:00:18+00:00\",\"mainEntityOfPage\":{\"@id\":\"https:\\\/\\\/jornaldasoficinas.com\\\/pt\\\/vendas-de-bevs-usados-reverteram-as-tendencias\\\/\"},\"wordCount\":533,\"publisher\":{\"@id\":\"https:\\\/\\\/jornaldasoficinas.com\\\/pt\\\/#organization\"},\"image\":{\"@id\":\"https:\\\/\\\/jornaldasoficinas.com\\\/pt\\\/vendas-de-bevs-usados-reverteram-as-tendencias\\\/#primaryimage\"},\"thumbnailUrl\":\"https:\\\/\\\/jornaldasoficinas.com\\\/pt\\\/wp-content\\\/uploads\\\/2022\\\/06\\\/Vendas-de-BEVs-usados-reverteram-as-tende\u0302ncias.jpg\",\"keywords\":[\"INDICADATA\"],\"articleSection\":[\"Mercado\"],\"inLanguage\":\"pt-PT\"},{\"@type\":\"WebPage\",\"@id\":\"https:\\\/\\\/jornaldasoficinas.com\\\/pt\\\/vendas-de-bevs-usados-reverteram-as-tendencias\\\/\",\"url\":\"https:\\\/\\\/jornaldasoficinas.com\\\/pt\\\/vendas-de-bevs-usados-reverteram-as-tendencias\\\/\",\"name\":\"Vendas de BEVs usados reverteram as tend\u00eancias - Jornal das Oficinas\",\"isPartOf\":{\"@id\":\"https:\\\/\\\/jornaldasoficinas.com\\\/pt\\\/#website\"},\"primaryImageOfPage\":{\"@id\":\"https:\\\/\\\/jornaldasoficinas.com\\\/pt\\\/vendas-de-bevs-usados-reverteram-as-tendencias\\\/#primaryimage\"},\"image\":{\"@id\":\"https:\\\/\\\/jornaldasoficinas.com\\\/pt\\\/vendas-de-bevs-usados-reverteram-as-tendencias\\\/#primaryimage\"},\"thumbnailUrl\":\"https:\\\/\\\/jornaldasoficinas.com\\\/pt\\\/wp-content\\\/uploads\\\/2022\\\/06\\\/Vendas-de-BEVs-usados-reverteram-as-tende\u0302ncias.jpg\",\"datePublished\":\"2022-06-29T17:00:18+00:00\",\"breadcrumb\":{\"@id\":\"https:\\\/\\\/jornaldasoficinas.com\\\/pt\\\/vendas-de-bevs-usados-reverteram-as-tendencias\\\/#breadcrumb\"},\"inLanguage\":\"pt-PT\",\"potentialAction\":[{\"@type\":\"ReadAction\",\"target\":[\"https:\\\/\\\/jornaldasoficinas.com\\\/pt\\\/vendas-de-bevs-usados-reverteram-as-tendencias\\\/\"]}]},{\"@type\":\"ImageObject\",\"inLanguage\":\"pt-PT\",\"@id\":\"https:\\\/\\\/jornaldasoficinas.com\\\/pt\\\/vendas-de-bevs-usados-reverteram-as-tendencias\\\/#primaryimage\",\"url\":\"https:\\\/\\\/jornaldasoficinas.com\\\/pt\\\/wp-content\\\/uploads\\\/2022\\\/06\\\/Vendas-de-BEVs-usados-reverteram-as-tende\u0302ncias.jpg\",\"contentUrl\":\"https:\\\/\\\/jornaldasoficinas.com\\\/pt\\\/wp-content\\\/uploads\\\/2022\\\/06\\\/Vendas-de-BEVs-usados-reverteram-as-tende\u0302ncias.jpg\",\"width\":1024,\"height\":581,\"caption\":\"06 - Vendas de BEVs usados reverteram as tende\u0302ncias\"},{\"@type\":\"BreadcrumbList\",\"@id\":\"https:\\\/\\\/jornaldasoficinas.com\\\/pt\\\/vendas-de-bevs-usados-reverteram-as-tendencias\\\/#breadcrumb\",\"itemListElement\":[{\"@type\":\"ListItem\",\"position\":1,\"name\":\"In\u00edcio\",\"item\":\"https:\\\/\\\/jornaldasoficinas.com\\\/pt\\\/\"},{\"@type\":\"ListItem\",\"position\":2,\"name\":\"Vendas de BEVs usados reverteram as tend\u00eancias\"}]},{\"@type\":\"WebSite\",\"@id\":\"https:\\\/\\\/jornaldasoficinas.com\\\/pt\\\/#website\",\"url\":\"https:\\\/\\\/jornaldasoficinas.com\\\/pt\\\/\",\"name\":\"Jornal das Oficinas\",\"description\":\"Jornal independente do Aftermarket Autom\u00f3vel em Portugal\",\"publisher\":{\"@id\":\"https:\\\/\\\/jornaldasoficinas.com\\\/pt\\\/#organization\"},\"potentialAction\":[{\"@type\":\"SearchAction\",\"target\":{\"@type\":\"EntryPoint\",\"urlTemplate\":\"https:\\\/\\\/jornaldasoficinas.com\\\/pt\\\/?s={search_term_string}\"},\"query-input\":{\"@type\":\"PropertyValueSpecification\",\"valueRequired\":true,\"valueName\":\"search_term_string\"}}],\"inLanguage\":\"pt-PT\"},{\"@type\":\"Organization\",\"@id\":\"https:\\\/\\\/jornaldasoficinas.com\\\/pt\\\/#organization\",\"name\":\"Jornal das Oficinas\",\"url\":\"https:\\\/\\\/jornaldasoficinas.com\\\/pt\\\/\",\"logo\":{\"@type\":\"ImageObject\",\"inLanguage\":\"pt-PT\",\"@id\":\"https:\\\/\\\/jornaldasoficinas.com\\\/pt\\\/#\\\/schema\\\/logo\\\/image\\\/\",\"url\":\"https:\\\/\\\/jornaldasoficinas.com\\\/pt\\\/wp-content\\\/uploads\\\/logoJO-SEO.png\",\"contentUrl\":\"https:\\\/\\\/jornaldasoficinas.com\\\/pt\\\/wp-content\\\/uploads\\\/logoJO-SEO.png\",\"width\":285,\"height\":450,\"caption\":\"Jornal das Oficinas\"},\"image\":{\"@id\":\"https:\\\/\\\/jornaldasoficinas.com\\\/pt\\\/#\\\/schema\\\/logo\\\/image\\\/\"},\"sameAs\":[\"https:\\\/\\\/www.facebook.com\\\/jornaloficinas\",\"https:\\\/\\\/x.com\\\/jornaloficinas\",\"https:\\\/\\\/www.instagram.com\\\/jornal_oficinas\\\/\",\"https:\\\/\\\/www.linkedin.com\\\/company\\\/jornal-das-oficinas\\\/\",\"https:\\\/\\\/www.youtube.com\\\/channel\\\/UCbQZBqtcvV-oSQrr7RzINGg\"]},{\"@type\":\"Person\",\"@id\":\"https:\\\/\\\/jornaldasoficinas.com\\\/pt\\\/#\\\/schema\\\/person\\\/a38eef5de2c41d9e7c9ac10141afddf3\",\"name\":\"Reda\u00e7\u00e3o JO\",\"image\":{\"@type\":\"ImageObject\",\"inLanguage\":\"pt-PT\",\"@id\":\"https:\\\/\\\/secure.gravatar.com\\\/avatar\\\/71f2fa71737ad68a84fea94bc708ddac8ea5b0c4788dc2ad202f3ccb2887742f?s=96&d=wp_user_avatar&r=g\",\"url\":\"https:\\\/\\\/secure.gravatar.com\\\/avatar\\\/71f2fa71737ad68a84fea94bc708ddac8ea5b0c4788dc2ad202f3ccb2887742f?s=96&d=wp_user_avatar&r=g\",\"contentUrl\":\"https:\\\/\\\/secure.gravatar.com\\\/avatar\\\/71f2fa71737ad68a84fea94bc708ddac8ea5b0c4788dc2ad202f3ccb2887742f?s=96&d=wp_user_avatar&r=g\",\"caption\":\"Reda\u00e7\u00e3o JO\"},\"url\":\"https:\\\/\\\/jornaldasoficinas.com\\\/pt\\\/author\\\/joredacao\\\/\"}]}<\/script>\n<!-- \/ Yoast SEO plugin. -->","yoast_head_json":{"title":"Vendas de BEVs usados reverteram as tend\u00eancias - Jornal das Oficinas","robots":{"index":"index","follow":"follow","max-snippet":"max-snippet:-1","max-image-preview":"max-image-preview:large","max-video-preview":"max-video-preview:-1"},"canonical":"https:\/\/jornaldasoficinas.com\/pt\/vendas-de-bevs-usados-reverteram-as-tendencias\/","og_locale":"pt_PT","og_type":"article","og_title":"Vendas de BEVs usados reverteram as tend\u00eancias - Jornal das Oficinas","og_description":"Quer se trate de preocupa\u00e7\u00f5es ambientais...","og_url":"https:\/\/jornaldasoficinas.com\/pt\/vendas-de-bevs-usados-reverteram-as-tendencias\/","og_site_name":"Jornal das Oficinas","article_publisher":"https:\/\/www.facebook.com\/jornaloficinas","article_published_time":"2022-06-29T17:00:18+00:00","og_image":[{"width":1024,"height":581,"url":"https:\/\/jornaldasoficinas.com\/pt\/wp-content\/uploads\/2022\/06\/Vendas-de-BEVs-usados-reverteram-as-tende\u0302ncias.jpg","type":"image\/jpeg"}],"author":"Reda\u00e7\u00e3o JO","twitter_card":"summary_large_image","twitter_creator":"@jornaloficinas","twitter_site":"@jornaloficinas","twitter_misc":{"Escrito por":"Reda\u00e7\u00e3o JO","Tempo estimado de leitura":"3 minutos"},"schema":{"@context":"https:\/\/schema.org","@graph":[{"@type":"Article","@id":"https:\/\/jornaldasoficinas.com\/pt\/vendas-de-bevs-usados-reverteram-as-tendencias\/#article","isPartOf":{"@id":"https:\/\/jornaldasoficinas.com\/pt\/vendas-de-bevs-usados-reverteram-as-tendencias\/"},"author":{"name":"Reda\u00e7\u00e3o JO","@id":"https:\/\/jornaldasoficinas.com\/pt\/#\/schema\/person\/a38eef5de2c41d9e7c9ac10141afddf3"},"headline":"Vendas de BEVs usados reverteram as tend\u00eancias","datePublished":"2022-06-29T17:00:18+00:00","mainEntityOfPage":{"@id":"https:\/\/jornaldasoficinas.com\/pt\/vendas-de-bevs-usados-reverteram-as-tendencias\/"},"wordCount":533,"publisher":{"@id":"https:\/\/jornaldasoficinas.com\/pt\/#organization"},"image":{"@id":"https:\/\/jornaldasoficinas.com\/pt\/vendas-de-bevs-usados-reverteram-as-tendencias\/#primaryimage"},"thumbnailUrl":"https:\/\/jornaldasoficinas.com\/pt\/wp-content\/uploads\/2022\/06\/Vendas-de-BEVs-usados-reverteram-as-tende\u0302ncias.jpg","keywords":["INDICADATA"],"articleSection":["Mercado"],"inLanguage":"pt-PT"},{"@type":"WebPage","@id":"https:\/\/jornaldasoficinas.com\/pt\/vendas-de-bevs-usados-reverteram-as-tendencias\/","url":"https:\/\/jornaldasoficinas.com\/pt\/vendas-de-bevs-usados-reverteram-as-tendencias\/","name":"Vendas de BEVs usados reverteram as tend\u00eancias - Jornal das Oficinas","isPartOf":{"@id":"https:\/\/jornaldasoficinas.com\/pt\/#website"},"primaryImageOfPage":{"@id":"https:\/\/jornaldasoficinas.com\/pt\/vendas-de-bevs-usados-reverteram-as-tendencias\/#primaryimage"},"image":{"@id":"https:\/\/jornaldasoficinas.com\/pt\/vendas-de-bevs-usados-reverteram-as-tendencias\/#primaryimage"},"thumbnailUrl":"https:\/\/jornaldasoficinas.com\/pt\/wp-content\/uploads\/2022\/06\/Vendas-de-BEVs-usados-reverteram-as-tende\u0302ncias.jpg","datePublished":"2022-06-29T17:00:18+00:00","breadcrumb":{"@id":"https:\/\/jornaldasoficinas.com\/pt\/vendas-de-bevs-usados-reverteram-as-tendencias\/#breadcrumb"},"inLanguage":"pt-PT","potentialAction":[{"@type":"ReadAction","target":["https:\/\/jornaldasoficinas.com\/pt\/vendas-de-bevs-usados-reverteram-as-tendencias\/"]}]},{"@type":"ImageObject","inLanguage":"pt-PT","@id":"https:\/\/jornaldasoficinas.com\/pt\/vendas-de-bevs-usados-reverteram-as-tendencias\/#primaryimage","url":"https:\/\/jornaldasoficinas.com\/pt\/wp-content\/uploads\/2022\/06\/Vendas-de-BEVs-usados-reverteram-as-tende\u0302ncias.jpg","contentUrl":"https:\/\/jornaldasoficinas.com\/pt\/wp-content\/uploads\/2022\/06\/Vendas-de-BEVs-usados-reverteram-as-tende\u0302ncias.jpg","width":1024,"height":581,"caption":"06 - Vendas de BEVs usados reverteram as tende\u0302ncias"},{"@type":"BreadcrumbList","@id":"https:\/\/jornaldasoficinas.com\/pt\/vendas-de-bevs-usados-reverteram-as-tendencias\/#breadcrumb","itemListElement":[{"@type":"ListItem","position":1,"name":"In\u00edcio","item":"https:\/\/jornaldasoficinas.com\/pt\/"},{"@type":"ListItem","position":2,"name":"Vendas de BEVs usados reverteram as tend\u00eancias"}]},{"@type":"WebSite","@id":"https:\/\/jornaldasoficinas.com\/pt\/#website","url":"https:\/\/jornaldasoficinas.com\/pt\/","name":"Jornal das Oficinas","description":"Jornal independente do Aftermarket Autom\u00f3vel em Portugal","publisher":{"@id":"https:\/\/jornaldasoficinas.com\/pt\/#organization"},"potentialAction":[{"@type":"SearchAction","target":{"@type":"EntryPoint","urlTemplate":"https:\/\/jornaldasoficinas.com\/pt\/?s={search_term_string}"},"query-input":{"@type":"PropertyValueSpecification","valueRequired":true,"valueName":"search_term_string"}}],"inLanguage":"pt-PT"},{"@type":"Organization","@id":"https:\/\/jornaldasoficinas.com\/pt\/#organization","name":"Jornal das Oficinas","url":"https:\/\/jornaldasoficinas.com\/pt\/","logo":{"@type":"ImageObject","inLanguage":"pt-PT","@id":"https:\/\/jornaldasoficinas.com\/pt\/#\/schema\/logo\/image\/","url":"https:\/\/jornaldasoficinas.com\/pt\/wp-content\/uploads\/logoJO-SEO.png","contentUrl":"https:\/\/jornaldasoficinas.com\/pt\/wp-content\/uploads\/logoJO-SEO.png","width":285,"height":450,"caption":"Jornal das Oficinas"},"image":{"@id":"https:\/\/jornaldasoficinas.com\/pt\/#\/schema\/logo\/image\/"},"sameAs":["https:\/\/www.facebook.com\/jornaloficinas","https:\/\/x.com\/jornaloficinas","https:\/\/www.instagram.com\/jornal_oficinas\/","https:\/\/www.linkedin.com\/company\/jornal-das-oficinas\/","https:\/\/www.youtube.com\/channel\/UCbQZBqtcvV-oSQrr7RzINGg"]},{"@type":"Person","@id":"https:\/\/jornaldasoficinas.com\/pt\/#\/schema\/person\/a38eef5de2c41d9e7c9ac10141afddf3","name":"Reda\u00e7\u00e3o JO","image":{"@type":"ImageObject","inLanguage":"pt-PT","@id":"https:\/\/secure.gravatar.com\/avatar\/71f2fa71737ad68a84fea94bc708ddac8ea5b0c4788dc2ad202f3ccb2887742f?s=96&d=wp_user_avatar&r=g","url":"https:\/\/secure.gravatar.com\/avatar\/71f2fa71737ad68a84fea94bc708ddac8ea5b0c4788dc2ad202f3ccb2887742f?s=96&d=wp_user_avatar&r=g","contentUrl":"https:\/\/secure.gravatar.com\/avatar\/71f2fa71737ad68a84fea94bc708ddac8ea5b0c4788dc2ad202f3ccb2887742f?s=96&d=wp_user_avatar&r=g","caption":"Reda\u00e7\u00e3o JO"},"url":"https:\/\/jornaldasoficinas.com\/pt\/author\/joredacao\/"}]}},"_links":{"self":[{"href":"https:\/\/jornaldasoficinas.com\/pt\/wp-json\/wp\/v2\/posts\/30972","targetHints":{"allow":["GET"]}}],"collection":[{"href":"https:\/\/jornaldasoficinas.com\/pt\/wp-json\/wp\/v2\/posts"}],"about":[{"href":"https:\/\/jornaldasoficinas.com\/pt\/wp-json\/wp\/v2\/types\/post"}],"author":[{"embeddable":true,"href":"https:\/\/jornaldasoficinas.com\/pt\/wp-json\/wp\/v2\/users\/15"}],"replies":[{"embeddable":true,"href":"https:\/\/jornaldasoficinas.com\/pt\/wp-json\/wp\/v2\/comments?post=30972"}],"version-history":[{"count":0,"href":"https:\/\/jornaldasoficinas.com\/pt\/wp-json\/wp\/v2\/posts\/30972\/revisions"}],"wp:featuredmedia":[{"embeddable":true,"href":"https:\/\/jornaldasoficinas.com\/pt\/wp-json\/wp\/v2\/media\/30950"}],"wp:attachment":[{"href":"https:\/\/jornaldasoficinas.com\/pt\/wp-json\/wp\/v2\/media?parent=30972"}],"wp:term":[{"taxonomy":"category","embeddable":true,"href":"https:\/\/jornaldasoficinas.com\/pt\/wp-json\/wp\/v2\/categories?post=30972"},{"taxonomy":"post_tag","embeddable":true,"href":"https:\/\/jornaldasoficinas.com\/pt\/wp-json\/wp\/v2\/tags?post=30972"}],"curies":[{"name":"wp","href":"https:\/\/api.w.org\/{rel}","templated":true}]}}