{"id":31056,"date":"2022-07-03T18:00:39","date_gmt":"2022-07-03T17:00:39","guid":{"rendered":"https:\/\/jornaldasoficinas.com\/pt\/?p=31056"},"modified":"2022-07-02T19:17:00","modified_gmt":"2022-07-02T18:17:00","slug":"revolucao-digital","status":"publish","type":"post","link":"https:\/\/jornaldasoficinas.com\/pt\/revolucao-digital\/","title":{"rendered":"Novas ferramentas digitais no neg\u00f3cio oficinal"},"content":{"rendered":"<p><img loading=\"lazy\" decoding=\"async\" class=\"alignnone size-full wp-image-31063\" src=\"https:\/\/jornaldasoficinas.com\/pt\/wp-content\/uploads\/2022\/06\/revolucao_digital_jornal_das_oficinas.jpg\" alt=\"06 - revolucao_digital_jornal_das_oficinas\" width=\"1024\" height=\"581\" srcset=\"https:\/\/jornaldasoficinas.com\/pt\/wp-content\/uploads\/2022\/06\/revolucao_digital_jornal_das_oficinas.jpg 1024w, https:\/\/jornaldasoficinas.com\/pt\/wp-content\/uploads\/2022\/06\/revolucao_digital_jornal_das_oficinas-300x170.jpg 300w, https:\/\/jornaldasoficinas.com\/pt\/wp-content\/uploads\/2022\/06\/revolucao_digital_jornal_das_oficinas-150x85.jpg 150w, https:\/\/jornaldasoficinas.com\/pt\/wp-content\/uploads\/2022\/06\/revolucao_digital_jornal_das_oficinas-768x436.jpg 768w\" sizes=\"auto, (max-width: 1024px) 100vw, 1024px\" \/><\/p>\n<p><strong>Nas \u00faltimas edi\u00e7\u00f5es do Jornal das Oficinas temos publicado diversas reportagens de oficinas onde o denominador comum do sucesso est\u00e1 na internet e nas redes sociais. Para muitas foi mesmo o principal motivo de terem decidido abrir portas e dar in\u00edcio a uma atividade rent\u00e1vel e com grandes perspetivas de crescimento.<\/strong><\/p>\n<p>Estes casos de sucesso v\u00eam refor\u00e7ar a import\u00e2ncia das novas ferramentas digitais no neg\u00f3cio oficinal e a necessidade vital das oficinas estarem presentes no mundo virtual.<\/p>\n<p>Se h\u00e1 uns anos v\u00edssemos os smartphones atuais e como passamos o dia ligados a eles, n\u00e3o acreditar\u00edamos na depend\u00eancia que hoje em dia temos destes aparelhos. Necessitamos deles para tudo e como tal queremos que o nosso neg\u00f3cio esteja nos smartphones dos nossos clientes e potenciais clientes. A penetra\u00e7\u00e3o do smartphone em Portugal \u00e9 cada vez maior, sendo um dos pa\u00edses com maior utiliza\u00e7\u00e3o de telem\u00f3vel em m\u00e9dia por utilizador. O acesso \u00e0 internet a partir de smartphones cresce e o volume de compras tamb\u00e9m. Cerca de 80% dos utilizadores procuram informa\u00e7\u00f5es comerciais, comparam pre\u00e7os e consultam opini\u00f5es de outros utilizadores. Trazemos no bolso uma potente ferramenta de busca que nos permite tomar decis\u00f5es de compra em qualquer momento e lugar.<\/p>\n<p>Estar presente com uma p\u00e1gina web ou nas diversas redes sociais, j\u00e1 n\u00e3o \u00e9 uma op\u00e7\u00e3o, mas sim uma obriga\u00e7\u00e3o. Contar com uma p\u00e1gina web \u00e9 cada vez mais imprescind\u00edvel. Al\u00e9m de estar acess\u00edvel para os seus potenciais clientes ir\u00e1 estabelecer um ponto de contacto com eles e proporcionar\u00ad\u2011lhes a op\u00e7\u00e3o de contratarem os seus servi\u00e7os diretamente. Nas redes sociais, o Facebook continua a ser a op\u00e7\u00e3o mais popular entre os utilizadores, uma rede que lhe proporciona in\u00fameras possibilidades para criar uma comunidade atrav\u00e9s da qual poder\u00e1 comunicar com os seus clientes. Al\u00e9m do mais, poder\u00e1 disponibilizar informa\u00e7\u00f5es sobre o seu neg\u00f3cio e publicar ofertas e promo\u00e7\u00f5es espec\u00edficas para os seus seguidores. Mas tamb\u00e9m pode comunicar com os seus clientes atrav\u00e9s de canais diretos como WhatsApp, SMS ou e\u00ad\u2011mail. Ser\u00e1 a forma mais r\u00e1pida e eficaz de inform\u00e1\u00ad\u2011los sobre a evolu\u00e7\u00e3o da repara\u00e7\u00e3o dos ve\u00edculos, quando est\u00e3o prontos, se \u00e9 previs\u00edvel alguma demora na entrega, etc.<\/p>\n<p>Com a informa\u00e7\u00e3o compilada tanto na sua oficina como nas suas restantes ferramentas digitais pode ir gerando uma base de dados de clientes com o objetivo de enviar\u00ad\u2011lhes informa\u00e7\u00f5es peri\u00f3dicas. Inclua conselhos \u00fateis e pr\u00e1ticos para a manuten\u00e7\u00e3o do ve\u00edculo, assim ir\u00e3o lembrar\u00ad\u2011se da sua oficina e esta tornar\u00ad\u2011se\u00ad\u2011\u00e1 uma refer\u00eancia. Relembre os seus clientes quando for necess\u00e1rio fazer alguma interven\u00e7\u00e3o peri\u00f3dica no ve\u00edculo. Este servi\u00e7o representa uma mais\u00ad\u2011valia, gera confian\u00e7a no seu neg\u00f3cio e assegura que o cliente volta a visitar a sua oficina.<\/p>\n<p>Apesar do facto de que muitos clientes ainda continuar\u00e3o a fazer marca\u00e7\u00f5es por telefone, de modo a poderem indicar o que \u00e9 que o ve\u00edculo necessita, \u00e9 prov\u00e1vel que escolham uma oficina atrav\u00e9s de pesquisa online. Mesmo que algu\u00e9m lhes tenha feito uma recomenda\u00e7\u00e3o pessoal, eles podem muito bem investigar a oficina online antes de se dirigirem \u00e0 mesma.<br \/>\nSabemos que muitos propriet\u00e1rios de oficinas s\u00e3o cautelosos quanto \u00e0 realiza\u00e7\u00e3o de investimentos empresariais no contexto de incerteza em que nos encontramos, mas implantada de forma correta, a tecnologia digital pode melhorar a efici\u00eancia, a rentabilidade e a competitividade desde o primeiro dia.<\/p>\n<p>As oficinas com uma presen\u00e7a online cred\u00edvel encontram\u00ad\u2011se em melhor posi\u00e7\u00e3o para ganharem neg\u00f3cios. \u00c9 por isso que o nosso conselho para as oficinas \u00e9 que invistam na sua presen\u00e7a digital, o que inclui os respetivos websites, redes sociais e outras comunica\u00e7\u00f5es digitais com os clientes, como os e\u00ad\u2011mails.<\/p>\n","protected":false},"excerpt":{"rendered":"<p>Nas \u00faltimas edi\u00e7\u00f5es do Jornal das&#8230;<\/p>\n","protected":false},"author":15,"featured_media":31063,"comment_status":"closed","ping_status":"closed","sticky":false,"template":"","format":"standard","meta":{"footnotes":""},"categories":[37],"tags":[],"class_list":["post-31056","post","type-post","status-publish","format-standard","has-post-thumbnail","hentry","category-mercado"],"yoast_head":"<!-- This site is optimized with the Yoast SEO plugin v27.5 - https:\/\/yoast.com\/product\/yoast-seo-wordpress\/ -->\n<title>Novas ferramentas digitais no neg\u00f3cio oficinal - Jornal das Oficinas<\/title>\n<meta name=\"robots\" content=\"index, follow, max-snippet:-1, max-image-preview:large, max-video-preview:-1\" \/>\n<link rel=\"canonical\" href=\"https:\/\/jornaldasoficinas.com\/pt\/?p=31056\" \/>\n<meta property=\"og:locale\" content=\"pt_PT\" \/>\n<meta property=\"og:type\" content=\"article\" \/>\n<meta property=\"og:title\" content=\"Novas ferramentas digitais no neg\u00f3cio oficinal - Jornal das Oficinas\" \/>\n<meta property=\"og:description\" content=\"Nas \u00faltimas edi\u00e7\u00f5es do Jornal das...\" \/>\n<meta property=\"og:url\" content=\"https:\/\/jornaldasoficinas.com\/pt\/?p=31056\" \/>\n<meta property=\"og:site_name\" content=\"Jornal das Oficinas\" \/>\n<meta property=\"article:publisher\" content=\"https:\/\/www.facebook.com\/jornaloficinas\" \/>\n<meta property=\"article:published_time\" content=\"2022-07-03T17:00:39+00:00\" \/>\n<meta property=\"og:image\" content=\"https:\/\/jornaldasoficinas.com\/pt\/wp-content\/uploads\/2022\/06\/revolucao_digital_jornal_das_oficinas.jpg\" \/>\n\t<meta property=\"og:image:width\" content=\"1024\" \/>\n\t<meta property=\"og:image:height\" content=\"581\" \/>\n\t<meta property=\"og:image:type\" content=\"image\/jpeg\" \/>\n<meta name=\"author\" content=\"Reda\u00e7\u00e3o JO\" \/>\n<meta name=\"twitter:card\" content=\"summary_large_image\" \/>\n<meta name=\"twitter:creator\" content=\"@jornaloficinas\" \/>\n<meta name=\"twitter:site\" content=\"@jornaloficinas\" \/>\n<meta name=\"twitter:label1\" content=\"Escrito por\" \/>\n\t<meta name=\"twitter:data1\" content=\"Reda\u00e7\u00e3o JO\" \/>\n\t<meta name=\"twitter:label2\" content=\"Tempo estimado de leitura\" \/>\n\t<meta name=\"twitter:data2\" content=\"3 minutos\" \/>\n<script type=\"application\/ld+json\" class=\"yoast-schema-graph\">{\"@context\":\"https:\\\/\\\/schema.org\",\"@graph\":[{\"@type\":\"Article\",\"@id\":\"https:\\\/\\\/jornaldasoficinas.com\\\/pt\\\/?p=31056#article\",\"isPartOf\":{\"@id\":\"https:\\\/\\\/jornaldasoficinas.com\\\/pt\\\/?p=31056\"},\"author\":{\"name\":\"Reda\u00e7\u00e3o JO\",\"@id\":\"https:\\\/\\\/jornaldasoficinas.com\\\/pt\\\/#\\\/schema\\\/person\\\/a38eef5de2c41d9e7c9ac10141afddf3\"},\"headline\":\"Novas ferramentas digitais no neg\u00f3cio oficinal\",\"datePublished\":\"2022-07-03T17:00:39+00:00\",\"mainEntityOfPage\":{\"@id\":\"https:\\\/\\\/jornaldasoficinas.com\\\/pt\\\/?p=31056\"},\"wordCount\":675,\"publisher\":{\"@id\":\"https:\\\/\\\/jornaldasoficinas.com\\\/pt\\\/#organization\"},\"image\":{\"@id\":\"https:\\\/\\\/jornaldasoficinas.com\\\/pt\\\/?p=31056#primaryimage\"},\"thumbnailUrl\":\"https:\\\/\\\/jornaldasoficinas.com\\\/pt\\\/wp-content\\\/uploads\\\/2022\\\/06\\\/revolucao_digital_jornal_das_oficinas.jpg\",\"articleSection\":[\"Mercado\"],\"inLanguage\":\"pt-PT\"},{\"@type\":\"WebPage\",\"@id\":\"https:\\\/\\\/jornaldasoficinas.com\\\/pt\\\/?p=31056\",\"url\":\"https:\\\/\\\/jornaldasoficinas.com\\\/pt\\\/?p=31056\",\"name\":\"Novas ferramentas digitais no neg\u00f3cio oficinal - Jornal das Oficinas\",\"isPartOf\":{\"@id\":\"https:\\\/\\\/jornaldasoficinas.com\\\/pt\\\/#website\"},\"primaryImageOfPage\":{\"@id\":\"https:\\\/\\\/jornaldasoficinas.com\\\/pt\\\/?p=31056#primaryimage\"},\"image\":{\"@id\":\"https:\\\/\\\/jornaldasoficinas.com\\\/pt\\\/?p=31056#primaryimage\"},\"thumbnailUrl\":\"https:\\\/\\\/jornaldasoficinas.com\\\/pt\\\/wp-content\\\/uploads\\\/2022\\\/06\\\/revolucao_digital_jornal_das_oficinas.jpg\",\"datePublished\":\"2022-07-03T17:00:39+00:00\",\"breadcrumb\":{\"@id\":\"https:\\\/\\\/jornaldasoficinas.com\\\/pt\\\/?p=31056#breadcrumb\"},\"inLanguage\":\"pt-PT\",\"potentialAction\":[{\"@type\":\"ReadAction\",\"target\":[\"https:\\\/\\\/jornaldasoficinas.com\\\/pt\\\/?p=31056\"]}]},{\"@type\":\"ImageObject\",\"inLanguage\":\"pt-PT\",\"@id\":\"https:\\\/\\\/jornaldasoficinas.com\\\/pt\\\/?p=31056#primaryimage\",\"url\":\"https:\\\/\\\/jornaldasoficinas.com\\\/pt\\\/wp-content\\\/uploads\\\/2022\\\/06\\\/revolucao_digital_jornal_das_oficinas.jpg\",\"contentUrl\":\"https:\\\/\\\/jornaldasoficinas.com\\\/pt\\\/wp-content\\\/uploads\\\/2022\\\/06\\\/revolucao_digital_jornal_das_oficinas.jpg\",\"width\":1024,\"height\":581,\"caption\":\"06 - revolucao_digital_jornal_das_oficinas\"},{\"@type\":\"BreadcrumbList\",\"@id\":\"https:\\\/\\\/jornaldasoficinas.com\\\/pt\\\/?p=31056#breadcrumb\",\"itemListElement\":[{\"@type\":\"ListItem\",\"position\":1,\"name\":\"In\u00edcio\",\"item\":\"https:\\\/\\\/jornaldasoficinas.com\\\/pt\\\/\"},{\"@type\":\"ListItem\",\"position\":2,\"name\":\"Novas ferramentas digitais no neg\u00f3cio oficinal\"}]},{\"@type\":\"WebSite\",\"@id\":\"https:\\\/\\\/jornaldasoficinas.com\\\/pt\\\/#website\",\"url\":\"https:\\\/\\\/jornaldasoficinas.com\\\/pt\\\/\",\"name\":\"Jornal das Oficinas\",\"description\":\"Jornal independente do Aftermarket Autom\u00f3vel em Portugal\",\"publisher\":{\"@id\":\"https:\\\/\\\/jornaldasoficinas.com\\\/pt\\\/#organization\"},\"potentialAction\":[{\"@type\":\"SearchAction\",\"target\":{\"@type\":\"EntryPoint\",\"urlTemplate\":\"https:\\\/\\\/jornaldasoficinas.com\\\/pt\\\/?s={search_term_string}\"},\"query-input\":{\"@type\":\"PropertyValueSpecification\",\"valueRequired\":true,\"valueName\":\"search_term_string\"}}],\"inLanguage\":\"pt-PT\"},{\"@type\":\"Organization\",\"@id\":\"https:\\\/\\\/jornaldasoficinas.com\\\/pt\\\/#organization\",\"name\":\"Jornal das Oficinas\",\"url\":\"https:\\\/\\\/jornaldasoficinas.com\\\/pt\\\/\",\"logo\":{\"@type\":\"ImageObject\",\"inLanguage\":\"pt-PT\",\"@id\":\"https:\\\/\\\/jornaldasoficinas.com\\\/pt\\\/#\\\/schema\\\/logo\\\/image\\\/\",\"url\":\"https:\\\/\\\/jornaldasoficinas.com\\\/pt\\\/wp-content\\\/uploads\\\/logoJO-SEO.png\",\"contentUrl\":\"https:\\\/\\\/jornaldasoficinas.com\\\/pt\\\/wp-content\\\/uploads\\\/logoJO-SEO.png\",\"width\":285,\"height\":450,\"caption\":\"Jornal das Oficinas\"},\"image\":{\"@id\":\"https:\\\/\\\/jornaldasoficinas.com\\\/pt\\\/#\\\/schema\\\/logo\\\/image\\\/\"},\"sameAs\":[\"https:\\\/\\\/www.facebook.com\\\/jornaloficinas\",\"https:\\\/\\\/x.com\\\/jornaloficinas\",\"https:\\\/\\\/www.instagram.com\\\/jornal_oficinas\\\/\",\"https:\\\/\\\/www.linkedin.com\\\/company\\\/jornal-das-oficinas\\\/\",\"https:\\\/\\\/www.youtube.com\\\/channel\\\/UCbQZBqtcvV-oSQrr7RzINGg\"]},{\"@type\":\"Person\",\"@id\":\"https:\\\/\\\/jornaldasoficinas.com\\\/pt\\\/#\\\/schema\\\/person\\\/a38eef5de2c41d9e7c9ac10141afddf3\",\"name\":\"Reda\u00e7\u00e3o JO\",\"image\":{\"@type\":\"ImageObject\",\"inLanguage\":\"pt-PT\",\"@id\":\"https:\\\/\\\/secure.gravatar.com\\\/avatar\\\/71f2fa71737ad68a84fea94bc708ddac8ea5b0c4788dc2ad202f3ccb2887742f?s=96&d=wp_user_avatar&r=g\",\"url\":\"https:\\\/\\\/secure.gravatar.com\\\/avatar\\\/71f2fa71737ad68a84fea94bc708ddac8ea5b0c4788dc2ad202f3ccb2887742f?s=96&d=wp_user_avatar&r=g\",\"contentUrl\":\"https:\\\/\\\/secure.gravatar.com\\\/avatar\\\/71f2fa71737ad68a84fea94bc708ddac8ea5b0c4788dc2ad202f3ccb2887742f?s=96&d=wp_user_avatar&r=g\",\"caption\":\"Reda\u00e7\u00e3o JO\"},\"url\":\"https:\\\/\\\/jornaldasoficinas.com\\\/pt\\\/author\\\/joredacao\\\/\"}]}<\/script>\n<!-- \/ Yoast SEO plugin. -->","yoast_head_json":{"title":"Novas ferramentas digitais no neg\u00f3cio oficinal - Jornal das Oficinas","robots":{"index":"index","follow":"follow","max-snippet":"max-snippet:-1","max-image-preview":"max-image-preview:large","max-video-preview":"max-video-preview:-1"},"canonical":"https:\/\/jornaldasoficinas.com\/pt\/?p=31056","og_locale":"pt_PT","og_type":"article","og_title":"Novas ferramentas digitais no neg\u00f3cio oficinal - Jornal das Oficinas","og_description":"Nas \u00faltimas edi\u00e7\u00f5es do Jornal das...","og_url":"https:\/\/jornaldasoficinas.com\/pt\/?p=31056","og_site_name":"Jornal das Oficinas","article_publisher":"https:\/\/www.facebook.com\/jornaloficinas","article_published_time":"2022-07-03T17:00:39+00:00","og_image":[{"width":1024,"height":581,"url":"https:\/\/jornaldasoficinas.com\/pt\/wp-content\/uploads\/2022\/06\/revolucao_digital_jornal_das_oficinas.jpg","type":"image\/jpeg"}],"author":"Reda\u00e7\u00e3o JO","twitter_card":"summary_large_image","twitter_creator":"@jornaloficinas","twitter_site":"@jornaloficinas","twitter_misc":{"Escrito por":"Reda\u00e7\u00e3o JO","Tempo estimado de leitura":"3 minutos"},"schema":{"@context":"https:\/\/schema.org","@graph":[{"@type":"Article","@id":"https:\/\/jornaldasoficinas.com\/pt\/?p=31056#article","isPartOf":{"@id":"https:\/\/jornaldasoficinas.com\/pt\/?p=31056"},"author":{"name":"Reda\u00e7\u00e3o JO","@id":"https:\/\/jornaldasoficinas.com\/pt\/#\/schema\/person\/a38eef5de2c41d9e7c9ac10141afddf3"},"headline":"Novas ferramentas digitais no neg\u00f3cio oficinal","datePublished":"2022-07-03T17:00:39+00:00","mainEntityOfPage":{"@id":"https:\/\/jornaldasoficinas.com\/pt\/?p=31056"},"wordCount":675,"publisher":{"@id":"https:\/\/jornaldasoficinas.com\/pt\/#organization"},"image":{"@id":"https:\/\/jornaldasoficinas.com\/pt\/?p=31056#primaryimage"},"thumbnailUrl":"https:\/\/jornaldasoficinas.com\/pt\/wp-content\/uploads\/2022\/06\/revolucao_digital_jornal_das_oficinas.jpg","articleSection":["Mercado"],"inLanguage":"pt-PT"},{"@type":"WebPage","@id":"https:\/\/jornaldasoficinas.com\/pt\/?p=31056","url":"https:\/\/jornaldasoficinas.com\/pt\/?p=31056","name":"Novas ferramentas digitais no neg\u00f3cio oficinal - Jornal das Oficinas","isPartOf":{"@id":"https:\/\/jornaldasoficinas.com\/pt\/#website"},"primaryImageOfPage":{"@id":"https:\/\/jornaldasoficinas.com\/pt\/?p=31056#primaryimage"},"image":{"@id":"https:\/\/jornaldasoficinas.com\/pt\/?p=31056#primaryimage"},"thumbnailUrl":"https:\/\/jornaldasoficinas.com\/pt\/wp-content\/uploads\/2022\/06\/revolucao_digital_jornal_das_oficinas.jpg","datePublished":"2022-07-03T17:00:39+00:00","breadcrumb":{"@id":"https:\/\/jornaldasoficinas.com\/pt\/?p=31056#breadcrumb"},"inLanguage":"pt-PT","potentialAction":[{"@type":"ReadAction","target":["https:\/\/jornaldasoficinas.com\/pt\/?p=31056"]}]},{"@type":"ImageObject","inLanguage":"pt-PT","@id":"https:\/\/jornaldasoficinas.com\/pt\/?p=31056#primaryimage","url":"https:\/\/jornaldasoficinas.com\/pt\/wp-content\/uploads\/2022\/06\/revolucao_digital_jornal_das_oficinas.jpg","contentUrl":"https:\/\/jornaldasoficinas.com\/pt\/wp-content\/uploads\/2022\/06\/revolucao_digital_jornal_das_oficinas.jpg","width":1024,"height":581,"caption":"06 - revolucao_digital_jornal_das_oficinas"},{"@type":"BreadcrumbList","@id":"https:\/\/jornaldasoficinas.com\/pt\/?p=31056#breadcrumb","itemListElement":[{"@type":"ListItem","position":1,"name":"In\u00edcio","item":"https:\/\/jornaldasoficinas.com\/pt\/"},{"@type":"ListItem","position":2,"name":"Novas ferramentas digitais no neg\u00f3cio oficinal"}]},{"@type":"WebSite","@id":"https:\/\/jornaldasoficinas.com\/pt\/#website","url":"https:\/\/jornaldasoficinas.com\/pt\/","name":"Jornal das Oficinas","description":"Jornal independente do Aftermarket Autom\u00f3vel em Portugal","publisher":{"@id":"https:\/\/jornaldasoficinas.com\/pt\/#organization"},"potentialAction":[{"@type":"SearchAction","target":{"@type":"EntryPoint","urlTemplate":"https:\/\/jornaldasoficinas.com\/pt\/?s={search_term_string}"},"query-input":{"@type":"PropertyValueSpecification","valueRequired":true,"valueName":"search_term_string"}}],"inLanguage":"pt-PT"},{"@type":"Organization","@id":"https:\/\/jornaldasoficinas.com\/pt\/#organization","name":"Jornal das Oficinas","url":"https:\/\/jornaldasoficinas.com\/pt\/","logo":{"@type":"ImageObject","inLanguage":"pt-PT","@id":"https:\/\/jornaldasoficinas.com\/pt\/#\/schema\/logo\/image\/","url":"https:\/\/jornaldasoficinas.com\/pt\/wp-content\/uploads\/logoJO-SEO.png","contentUrl":"https:\/\/jornaldasoficinas.com\/pt\/wp-content\/uploads\/logoJO-SEO.png","width":285,"height":450,"caption":"Jornal das Oficinas"},"image":{"@id":"https:\/\/jornaldasoficinas.com\/pt\/#\/schema\/logo\/image\/"},"sameAs":["https:\/\/www.facebook.com\/jornaloficinas","https:\/\/x.com\/jornaloficinas","https:\/\/www.instagram.com\/jornal_oficinas\/","https:\/\/www.linkedin.com\/company\/jornal-das-oficinas\/","https:\/\/www.youtube.com\/channel\/UCbQZBqtcvV-oSQrr7RzINGg"]},{"@type":"Person","@id":"https:\/\/jornaldasoficinas.com\/pt\/#\/schema\/person\/a38eef5de2c41d9e7c9ac10141afddf3","name":"Reda\u00e7\u00e3o JO","image":{"@type":"ImageObject","inLanguage":"pt-PT","@id":"https:\/\/secure.gravatar.com\/avatar\/71f2fa71737ad68a84fea94bc708ddac8ea5b0c4788dc2ad202f3ccb2887742f?s=96&d=wp_user_avatar&r=g","url":"https:\/\/secure.gravatar.com\/avatar\/71f2fa71737ad68a84fea94bc708ddac8ea5b0c4788dc2ad202f3ccb2887742f?s=96&d=wp_user_avatar&r=g","contentUrl":"https:\/\/secure.gravatar.com\/avatar\/71f2fa71737ad68a84fea94bc708ddac8ea5b0c4788dc2ad202f3ccb2887742f?s=96&d=wp_user_avatar&r=g","caption":"Reda\u00e7\u00e3o JO"},"url":"https:\/\/jornaldasoficinas.com\/pt\/author\/joredacao\/"}]}},"_links":{"self":[{"href":"https:\/\/jornaldasoficinas.com\/pt\/wp-json\/wp\/v2\/posts\/31056","targetHints":{"allow":["GET"]}}],"collection":[{"href":"https:\/\/jornaldasoficinas.com\/pt\/wp-json\/wp\/v2\/posts"}],"about":[{"href":"https:\/\/jornaldasoficinas.com\/pt\/wp-json\/wp\/v2\/types\/post"}],"author":[{"embeddable":true,"href":"https:\/\/jornaldasoficinas.com\/pt\/wp-json\/wp\/v2\/users\/15"}],"replies":[{"embeddable":true,"href":"https:\/\/jornaldasoficinas.com\/pt\/wp-json\/wp\/v2\/comments?post=31056"}],"version-history":[{"count":0,"href":"https:\/\/jornaldasoficinas.com\/pt\/wp-json\/wp\/v2\/posts\/31056\/revisions"}],"wp:featuredmedia":[{"embeddable":true,"href":"https:\/\/jornaldasoficinas.com\/pt\/wp-json\/wp\/v2\/media\/31063"}],"wp:attachment":[{"href":"https:\/\/jornaldasoficinas.com\/pt\/wp-json\/wp\/v2\/media?parent=31056"}],"wp:term":[{"taxonomy":"category","embeddable":true,"href":"https:\/\/jornaldasoficinas.com\/pt\/wp-json\/wp\/v2\/categories?post=31056"},{"taxonomy":"post_tag","embeddable":true,"href":"https:\/\/jornaldasoficinas.com\/pt\/wp-json\/wp\/v2\/tags?post=31056"}],"curies":[{"name":"wp","href":"https:\/\/api.w.org\/{rel}","templated":true}]}}