{"id":31082,"date":"2022-07-05T14:00:25","date_gmt":"2022-07-05T13:00:25","guid":{"rendered":"https:\/\/jornaldasoficinas.com\/pt\/?p=31082"},"modified":"2022-07-04T11:29:26","modified_gmt":"2022-07-04T10:29:26","slug":"carreiro-filhos-comemora-40-anos-de-atividade","status":"publish","type":"post","link":"https:\/\/jornaldasoficinas.com\/pt\/carreiro-filhos-comemora-40-anos-de-atividade\/","title":{"rendered":"Carreiro &#038; Filhos comemora 40 anos de atividade"},"content":{"rendered":"<p><strong><img loading=\"lazy\" decoding=\"async\" class=\"alignnone size-full wp-image-31083\" src=\"https:\/\/jornaldasoficinas.com\/pt\/wp-content\/uploads\/2022\/07\/Carreiro-Filhos-comemora-40-anos-de-atividade.jpg\" alt=\"07 - Carreiro Filhos comemora 40 anos de atividade\" width=\"1024\" height=\"581\" srcset=\"https:\/\/jornaldasoficinas.com\/pt\/wp-content\/uploads\/2022\/07\/Carreiro-Filhos-comemora-40-anos-de-atividade.jpg 1024w, https:\/\/jornaldasoficinas.com\/pt\/wp-content\/uploads\/2022\/07\/Carreiro-Filhos-comemora-40-anos-de-atividade-300x170.jpg 300w, https:\/\/jornaldasoficinas.com\/pt\/wp-content\/uploads\/2022\/07\/Carreiro-Filhos-comemora-40-anos-de-atividade-150x85.jpg 150w, https:\/\/jornaldasoficinas.com\/pt\/wp-content\/uploads\/2022\/07\/Carreiro-Filhos-comemora-40-anos-de-atividade-768x436.jpg 768w\" sizes=\"auto, (max-width: 1024px) 100vw, 1024px\" \/><\/strong><\/p>\n<p><strong>A <a href=\"https:\/\/www.carreiroefilhos.pt\/\" target=\"_blank\" rel=\"noopener\">Carreiro &amp; Filhos<\/a>, Distribuidor Spies\u00a0Hecker\u00a0para o Arquip\u00e9lago dos A\u00e7ores, comemorou este m\u00eas 40 anos de atividade, num evento com a presen\u00e7a dos seus principais parceiros e clientes<\/strong><\/p>\n<p>\u201cPara a Spies\u00a0Hecker\u00a0\u00e9 com satisfa\u00e7\u00e3o que damos os Parab\u00e9ns ao nosso parceiro Carreiro &amp; Filhos. Desde o in\u00edcio\u00a0da sua atividade, o mercado de Repintura Autom\u00f3vel dos A\u00e7ores foi sempre trabalhado em conjunto\u201d, referiu Eduardo Carreiro, Gerente da empresa.<\/p>\n<p>De acordo com as palavras do Eduardo Carreiro, Gerente da empresa Carreiro &amp; Filhos \u201c40 anos de hist\u00f3ria e experi\u00eancia s\u00e3o a principal base para continuar a trabalhar para a satisfa\u00e7\u00e3o dos seus clientes, procurando com os seus parceiros, sempre as melhores solu\u00e7\u00f5es.\u201d<\/p>\n<p>Para a Spies\u00a0Hecker\u00a0e nas palavras de Ricardo Mattos Coelho, Business Manager Refinish\u00a0Portugal, \u201c\u00e9 com satisfa\u00e7\u00e3o que v\u00ea esta parceria de 40 anos, reafirmando o empenho da Spies\u00a0Hecker\u00a0em continuar esta rela\u00e7\u00e3o para que as solu\u00e7\u00f5es cada vez mais eficientes das suas marcas, possam trazer os melhores benef\u00edcios \u00e1s\u00a0oficinas suas clientes\u201d.<\/p>\n<p>Sendo o Arquip\u00e9lago dos A\u00e7ores um \u00edcone da natureza, ser\u00e1 este o local mais indicado para usar os produtos Low\u00a0Energy\u00a0da fam\u00edlia Speed-TEC que permitem reduzir o consumo de energia e aumentar a produtividade, possam ajudar a preservar toda a riqueza natural.<\/p>\n","protected":false},"excerpt":{"rendered":"<p>A Carreiro &amp; Filhos, Distribuidor Spies\u00a0Hecker\u00a0para&#8230;<\/p>\n","protected":false},"author":15,"featured_media":31083,"comment_status":"closed","ping_status":"closed","sticky":false,"template":"","format":"standard","meta":{"footnotes":""},"categories":[29],"tags":[2904],"class_list":["post-31082","post","type-post","status-publish","format-standard","has-post-thumbnail","hentry","category-empresas","tag-carreiro-filhos"],"yoast_head":"<!-- This site is optimized with the Yoast SEO plugin v27.5 - https:\/\/yoast.com\/product\/yoast-seo-wordpress\/ -->\n<title>Carreiro &amp; Filhos comemora 40 anos de atividade - Jornal das Oficinas<\/title>\n<meta name=\"robots\" content=\"index, follow, max-snippet:-1, max-image-preview:large, max-video-preview:-1\" \/>\n<link rel=\"canonical\" href=\"https:\/\/jornaldasoficinas.com\/pt\/carreiro-filhos-comemora-40-anos-de-atividade\/\" \/>\n<meta property=\"og:locale\" content=\"pt_PT\" \/>\n<meta property=\"og:type\" content=\"article\" \/>\n<meta property=\"og:title\" content=\"Carreiro &amp; Filhos comemora 40 anos de atividade - Jornal das Oficinas\" \/>\n<meta property=\"og:description\" content=\"A Carreiro &amp; Filhos, Distribuidor Spies\u00a0Hecker\u00a0para...\" \/>\n<meta property=\"og:url\" content=\"https:\/\/jornaldasoficinas.com\/pt\/carreiro-filhos-comemora-40-anos-de-atividade\/\" \/>\n<meta property=\"og:site_name\" content=\"Jornal das Oficinas\" \/>\n<meta property=\"article:publisher\" content=\"https:\/\/www.facebook.com\/jornaloficinas\" \/>\n<meta property=\"article:published_time\" content=\"2022-07-05T13:00:25+00:00\" \/>\n<meta property=\"og:image\" content=\"https:\/\/jornaldasoficinas.com\/pt\/wp-content\/uploads\/2022\/07\/Carreiro-Filhos-comemora-40-anos-de-atividade.jpg\" \/>\n\t<meta property=\"og:image:width\" content=\"1024\" \/>\n\t<meta property=\"og:image:height\" content=\"581\" \/>\n\t<meta property=\"og:image:type\" content=\"image\/jpeg\" \/>\n<meta name=\"author\" content=\"Reda\u00e7\u00e3o JO\" \/>\n<meta name=\"twitter:card\" content=\"summary_large_image\" \/>\n<meta name=\"twitter:creator\" content=\"@jornaloficinas\" \/>\n<meta name=\"twitter:site\" content=\"@jornaloficinas\" \/>\n<meta name=\"twitter:label1\" content=\"Escrito por\" \/>\n\t<meta name=\"twitter:data1\" content=\"Reda\u00e7\u00e3o JO\" \/>\n\t<meta name=\"twitter:label2\" content=\"Tempo estimado de leitura\" \/>\n\t<meta name=\"twitter:data2\" content=\"1 minuto\" \/>\n<script type=\"application\/ld+json\" class=\"yoast-schema-graph\">{\"@context\":\"https:\\\/\\\/schema.org\",\"@graph\":[{\"@type\":\"Article\",\"@id\":\"https:\\\/\\\/jornaldasoficinas.com\\\/pt\\\/carreiro-filhos-comemora-40-anos-de-atividade\\\/#article\",\"isPartOf\":{\"@id\":\"https:\\\/\\\/jornaldasoficinas.com\\\/pt\\\/carreiro-filhos-comemora-40-anos-de-atividade\\\/\"},\"author\":{\"name\":\"Reda\u00e7\u00e3o JO\",\"@id\":\"https:\\\/\\\/jornaldasoficinas.com\\\/pt\\\/#\\\/schema\\\/person\\\/a38eef5de2c41d9e7c9ac10141afddf3\"},\"headline\":\"Carreiro &#038; Filhos comemora 40 anos de atividade\",\"datePublished\":\"2022-07-05T13:00:25+00:00\",\"mainEntityOfPage\":{\"@id\":\"https:\\\/\\\/jornaldasoficinas.com\\\/pt\\\/carreiro-filhos-comemora-40-anos-de-atividade\\\/\"},\"wordCount\":234,\"publisher\":{\"@id\":\"https:\\\/\\\/jornaldasoficinas.com\\\/pt\\\/#organization\"},\"image\":{\"@id\":\"https:\\\/\\\/jornaldasoficinas.com\\\/pt\\\/carreiro-filhos-comemora-40-anos-de-atividade\\\/#primaryimage\"},\"thumbnailUrl\":\"https:\\\/\\\/jornaldasoficinas.com\\\/pt\\\/wp-content\\\/uploads\\\/2022\\\/07\\\/Carreiro-Filhos-comemora-40-anos-de-atividade.jpg\",\"keywords\":[\"Carreiro &amp; Filhos\"],\"articleSection\":[\"Empresas\"],\"inLanguage\":\"pt-PT\"},{\"@type\":\"WebPage\",\"@id\":\"https:\\\/\\\/jornaldasoficinas.com\\\/pt\\\/carreiro-filhos-comemora-40-anos-de-atividade\\\/\",\"url\":\"https:\\\/\\\/jornaldasoficinas.com\\\/pt\\\/carreiro-filhos-comemora-40-anos-de-atividade\\\/\",\"name\":\"Carreiro & Filhos comemora 40 anos de atividade - Jornal das Oficinas\",\"isPartOf\":{\"@id\":\"https:\\\/\\\/jornaldasoficinas.com\\\/pt\\\/#website\"},\"primaryImageOfPage\":{\"@id\":\"https:\\\/\\\/jornaldasoficinas.com\\\/pt\\\/carreiro-filhos-comemora-40-anos-de-atividade\\\/#primaryimage\"},\"image\":{\"@id\":\"https:\\\/\\\/jornaldasoficinas.com\\\/pt\\\/carreiro-filhos-comemora-40-anos-de-atividade\\\/#primaryimage\"},\"thumbnailUrl\":\"https:\\\/\\\/jornaldasoficinas.com\\\/pt\\\/wp-content\\\/uploads\\\/2022\\\/07\\\/Carreiro-Filhos-comemora-40-anos-de-atividade.jpg\",\"datePublished\":\"2022-07-05T13:00:25+00:00\",\"breadcrumb\":{\"@id\":\"https:\\\/\\\/jornaldasoficinas.com\\\/pt\\\/carreiro-filhos-comemora-40-anos-de-atividade\\\/#breadcrumb\"},\"inLanguage\":\"pt-PT\",\"potentialAction\":[{\"@type\":\"ReadAction\",\"target\":[\"https:\\\/\\\/jornaldasoficinas.com\\\/pt\\\/carreiro-filhos-comemora-40-anos-de-atividade\\\/\"]}]},{\"@type\":\"ImageObject\",\"inLanguage\":\"pt-PT\",\"@id\":\"https:\\\/\\\/jornaldasoficinas.com\\\/pt\\\/carreiro-filhos-comemora-40-anos-de-atividade\\\/#primaryimage\",\"url\":\"https:\\\/\\\/jornaldasoficinas.com\\\/pt\\\/wp-content\\\/uploads\\\/2022\\\/07\\\/Carreiro-Filhos-comemora-40-anos-de-atividade.jpg\",\"contentUrl\":\"https:\\\/\\\/jornaldasoficinas.com\\\/pt\\\/wp-content\\\/uploads\\\/2022\\\/07\\\/Carreiro-Filhos-comemora-40-anos-de-atividade.jpg\",\"width\":1024,\"height\":581,\"caption\":\"07 - Carreiro Filhos comemora 40 anos de atividade\"},{\"@type\":\"BreadcrumbList\",\"@id\":\"https:\\\/\\\/jornaldasoficinas.com\\\/pt\\\/carreiro-filhos-comemora-40-anos-de-atividade\\\/#breadcrumb\",\"itemListElement\":[{\"@type\":\"ListItem\",\"position\":1,\"name\":\"In\u00edcio\",\"item\":\"https:\\\/\\\/jornaldasoficinas.com\\\/pt\\\/\"},{\"@type\":\"ListItem\",\"position\":2,\"name\":\"Carreiro &#038; Filhos comemora 40 anos de atividade\"}]},{\"@type\":\"WebSite\",\"@id\":\"https:\\\/\\\/jornaldasoficinas.com\\\/pt\\\/#website\",\"url\":\"https:\\\/\\\/jornaldasoficinas.com\\\/pt\\\/\",\"name\":\"Jornal das Oficinas\",\"description\":\"Jornal independente do Aftermarket Autom\u00f3vel em Portugal\",\"publisher\":{\"@id\":\"https:\\\/\\\/jornaldasoficinas.com\\\/pt\\\/#organization\"},\"potentialAction\":[{\"@type\":\"SearchAction\",\"target\":{\"@type\":\"EntryPoint\",\"urlTemplate\":\"https:\\\/\\\/jornaldasoficinas.com\\\/pt\\\/?s={search_term_string}\"},\"query-input\":{\"@type\":\"PropertyValueSpecification\",\"valueRequired\":true,\"valueName\":\"search_term_string\"}}],\"inLanguage\":\"pt-PT\"},{\"@type\":\"Organization\",\"@id\":\"https:\\\/\\\/jornaldasoficinas.com\\\/pt\\\/#organization\",\"name\":\"Jornal das Oficinas\",\"url\":\"https:\\\/\\\/jornaldasoficinas.com\\\/pt\\\/\",\"logo\":{\"@type\":\"ImageObject\",\"inLanguage\":\"pt-PT\",\"@id\":\"https:\\\/\\\/jornaldasoficinas.com\\\/pt\\\/#\\\/schema\\\/logo\\\/image\\\/\",\"url\":\"https:\\\/\\\/jornaldasoficinas.com\\\/pt\\\/wp-content\\\/uploads\\\/logoJO-SEO.png\",\"contentUrl\":\"https:\\\/\\\/jornaldasoficinas.com\\\/pt\\\/wp-content\\\/uploads\\\/logoJO-SEO.png\",\"width\":285,\"height\":450,\"caption\":\"Jornal das Oficinas\"},\"image\":{\"@id\":\"https:\\\/\\\/jornaldasoficinas.com\\\/pt\\\/#\\\/schema\\\/logo\\\/image\\\/\"},\"sameAs\":[\"https:\\\/\\\/www.facebook.com\\\/jornaloficinas\",\"https:\\\/\\\/x.com\\\/jornaloficinas\",\"https:\\\/\\\/www.instagram.com\\\/jornal_oficinas\\\/\",\"https:\\\/\\\/www.linkedin.com\\\/company\\\/jornal-das-oficinas\\\/\",\"https:\\\/\\\/www.youtube.com\\\/channel\\\/UCbQZBqtcvV-oSQrr7RzINGg\"]},{\"@type\":\"Person\",\"@id\":\"https:\\\/\\\/jornaldasoficinas.com\\\/pt\\\/#\\\/schema\\\/person\\\/a38eef5de2c41d9e7c9ac10141afddf3\",\"name\":\"Reda\u00e7\u00e3o JO\",\"image\":{\"@type\":\"ImageObject\",\"inLanguage\":\"pt-PT\",\"@id\":\"https:\\\/\\\/secure.gravatar.com\\\/avatar\\\/71f2fa71737ad68a84fea94bc708ddac8ea5b0c4788dc2ad202f3ccb2887742f?s=96&d=wp_user_avatar&r=g\",\"url\":\"https:\\\/\\\/secure.gravatar.com\\\/avatar\\\/71f2fa71737ad68a84fea94bc708ddac8ea5b0c4788dc2ad202f3ccb2887742f?s=96&d=wp_user_avatar&r=g\",\"contentUrl\":\"https:\\\/\\\/secure.gravatar.com\\\/avatar\\\/71f2fa71737ad68a84fea94bc708ddac8ea5b0c4788dc2ad202f3ccb2887742f?s=96&d=wp_user_avatar&r=g\",\"caption\":\"Reda\u00e7\u00e3o JO\"},\"url\":\"https:\\\/\\\/jornaldasoficinas.com\\\/pt\\\/author\\\/joredacao\\\/\"}]}<\/script>\n<!-- \/ Yoast SEO plugin. -->","yoast_head_json":{"title":"Carreiro & Filhos comemora 40 anos de atividade - Jornal das Oficinas","robots":{"index":"index","follow":"follow","max-snippet":"max-snippet:-1","max-image-preview":"max-image-preview:large","max-video-preview":"max-video-preview:-1"},"canonical":"https:\/\/jornaldasoficinas.com\/pt\/carreiro-filhos-comemora-40-anos-de-atividade\/","og_locale":"pt_PT","og_type":"article","og_title":"Carreiro & Filhos comemora 40 anos de atividade - Jornal das Oficinas","og_description":"A Carreiro &amp; Filhos, Distribuidor Spies\u00a0Hecker\u00a0para...","og_url":"https:\/\/jornaldasoficinas.com\/pt\/carreiro-filhos-comemora-40-anos-de-atividade\/","og_site_name":"Jornal das Oficinas","article_publisher":"https:\/\/www.facebook.com\/jornaloficinas","article_published_time":"2022-07-05T13:00:25+00:00","og_image":[{"width":1024,"height":581,"url":"https:\/\/jornaldasoficinas.com\/pt\/wp-content\/uploads\/2022\/07\/Carreiro-Filhos-comemora-40-anos-de-atividade.jpg","type":"image\/jpeg"}],"author":"Reda\u00e7\u00e3o JO","twitter_card":"summary_large_image","twitter_creator":"@jornaloficinas","twitter_site":"@jornaloficinas","twitter_misc":{"Escrito por":"Reda\u00e7\u00e3o JO","Tempo estimado de leitura":"1 minuto"},"schema":{"@context":"https:\/\/schema.org","@graph":[{"@type":"Article","@id":"https:\/\/jornaldasoficinas.com\/pt\/carreiro-filhos-comemora-40-anos-de-atividade\/#article","isPartOf":{"@id":"https:\/\/jornaldasoficinas.com\/pt\/carreiro-filhos-comemora-40-anos-de-atividade\/"},"author":{"name":"Reda\u00e7\u00e3o JO","@id":"https:\/\/jornaldasoficinas.com\/pt\/#\/schema\/person\/a38eef5de2c41d9e7c9ac10141afddf3"},"headline":"Carreiro &#038; Filhos comemora 40 anos de atividade","datePublished":"2022-07-05T13:00:25+00:00","mainEntityOfPage":{"@id":"https:\/\/jornaldasoficinas.com\/pt\/carreiro-filhos-comemora-40-anos-de-atividade\/"},"wordCount":234,"publisher":{"@id":"https:\/\/jornaldasoficinas.com\/pt\/#organization"},"image":{"@id":"https:\/\/jornaldasoficinas.com\/pt\/carreiro-filhos-comemora-40-anos-de-atividade\/#primaryimage"},"thumbnailUrl":"https:\/\/jornaldasoficinas.com\/pt\/wp-content\/uploads\/2022\/07\/Carreiro-Filhos-comemora-40-anos-de-atividade.jpg","keywords":["Carreiro &amp; Filhos"],"articleSection":["Empresas"],"inLanguage":"pt-PT"},{"@type":"WebPage","@id":"https:\/\/jornaldasoficinas.com\/pt\/carreiro-filhos-comemora-40-anos-de-atividade\/","url":"https:\/\/jornaldasoficinas.com\/pt\/carreiro-filhos-comemora-40-anos-de-atividade\/","name":"Carreiro & Filhos comemora 40 anos de atividade - Jornal das Oficinas","isPartOf":{"@id":"https:\/\/jornaldasoficinas.com\/pt\/#website"},"primaryImageOfPage":{"@id":"https:\/\/jornaldasoficinas.com\/pt\/carreiro-filhos-comemora-40-anos-de-atividade\/#primaryimage"},"image":{"@id":"https:\/\/jornaldasoficinas.com\/pt\/carreiro-filhos-comemora-40-anos-de-atividade\/#primaryimage"},"thumbnailUrl":"https:\/\/jornaldasoficinas.com\/pt\/wp-content\/uploads\/2022\/07\/Carreiro-Filhos-comemora-40-anos-de-atividade.jpg","datePublished":"2022-07-05T13:00:25+00:00","breadcrumb":{"@id":"https:\/\/jornaldasoficinas.com\/pt\/carreiro-filhos-comemora-40-anos-de-atividade\/#breadcrumb"},"inLanguage":"pt-PT","potentialAction":[{"@type":"ReadAction","target":["https:\/\/jornaldasoficinas.com\/pt\/carreiro-filhos-comemora-40-anos-de-atividade\/"]}]},{"@type":"ImageObject","inLanguage":"pt-PT","@id":"https:\/\/jornaldasoficinas.com\/pt\/carreiro-filhos-comemora-40-anos-de-atividade\/#primaryimage","url":"https:\/\/jornaldasoficinas.com\/pt\/wp-content\/uploads\/2022\/07\/Carreiro-Filhos-comemora-40-anos-de-atividade.jpg","contentUrl":"https:\/\/jornaldasoficinas.com\/pt\/wp-content\/uploads\/2022\/07\/Carreiro-Filhos-comemora-40-anos-de-atividade.jpg","width":1024,"height":581,"caption":"07 - Carreiro Filhos comemora 40 anos de atividade"},{"@type":"BreadcrumbList","@id":"https:\/\/jornaldasoficinas.com\/pt\/carreiro-filhos-comemora-40-anos-de-atividade\/#breadcrumb","itemListElement":[{"@type":"ListItem","position":1,"name":"In\u00edcio","item":"https:\/\/jornaldasoficinas.com\/pt\/"},{"@type":"ListItem","position":2,"name":"Carreiro &#038; Filhos comemora 40 anos de atividade"}]},{"@type":"WebSite","@id":"https:\/\/jornaldasoficinas.com\/pt\/#website","url":"https:\/\/jornaldasoficinas.com\/pt\/","name":"Jornal das Oficinas","description":"Jornal independente do Aftermarket Autom\u00f3vel em Portugal","publisher":{"@id":"https:\/\/jornaldasoficinas.com\/pt\/#organization"},"potentialAction":[{"@type":"SearchAction","target":{"@type":"EntryPoint","urlTemplate":"https:\/\/jornaldasoficinas.com\/pt\/?s={search_term_string}"},"query-input":{"@type":"PropertyValueSpecification","valueRequired":true,"valueName":"search_term_string"}}],"inLanguage":"pt-PT"},{"@type":"Organization","@id":"https:\/\/jornaldasoficinas.com\/pt\/#organization","name":"Jornal das Oficinas","url":"https:\/\/jornaldasoficinas.com\/pt\/","logo":{"@type":"ImageObject","inLanguage":"pt-PT","@id":"https:\/\/jornaldasoficinas.com\/pt\/#\/schema\/logo\/image\/","url":"https:\/\/jornaldasoficinas.com\/pt\/wp-content\/uploads\/logoJO-SEO.png","contentUrl":"https:\/\/jornaldasoficinas.com\/pt\/wp-content\/uploads\/logoJO-SEO.png","width":285,"height":450,"caption":"Jornal das Oficinas"},"image":{"@id":"https:\/\/jornaldasoficinas.com\/pt\/#\/schema\/logo\/image\/"},"sameAs":["https:\/\/www.facebook.com\/jornaloficinas","https:\/\/x.com\/jornaloficinas","https:\/\/www.instagram.com\/jornal_oficinas\/","https:\/\/www.linkedin.com\/company\/jornal-das-oficinas\/","https:\/\/www.youtube.com\/channel\/UCbQZBqtcvV-oSQrr7RzINGg"]},{"@type":"Person","@id":"https:\/\/jornaldasoficinas.com\/pt\/#\/schema\/person\/a38eef5de2c41d9e7c9ac10141afddf3","name":"Reda\u00e7\u00e3o JO","image":{"@type":"ImageObject","inLanguage":"pt-PT","@id":"https:\/\/secure.gravatar.com\/avatar\/71f2fa71737ad68a84fea94bc708ddac8ea5b0c4788dc2ad202f3ccb2887742f?s=96&d=wp_user_avatar&r=g","url":"https:\/\/secure.gravatar.com\/avatar\/71f2fa71737ad68a84fea94bc708ddac8ea5b0c4788dc2ad202f3ccb2887742f?s=96&d=wp_user_avatar&r=g","contentUrl":"https:\/\/secure.gravatar.com\/avatar\/71f2fa71737ad68a84fea94bc708ddac8ea5b0c4788dc2ad202f3ccb2887742f?s=96&d=wp_user_avatar&r=g","caption":"Reda\u00e7\u00e3o JO"},"url":"https:\/\/jornaldasoficinas.com\/pt\/author\/joredacao\/"}]}},"_links":{"self":[{"href":"https:\/\/jornaldasoficinas.com\/pt\/wp-json\/wp\/v2\/posts\/31082","targetHints":{"allow":["GET"]}}],"collection":[{"href":"https:\/\/jornaldasoficinas.com\/pt\/wp-json\/wp\/v2\/posts"}],"about":[{"href":"https:\/\/jornaldasoficinas.com\/pt\/wp-json\/wp\/v2\/types\/post"}],"author":[{"embeddable":true,"href":"https:\/\/jornaldasoficinas.com\/pt\/wp-json\/wp\/v2\/users\/15"}],"replies":[{"embeddable":true,"href":"https:\/\/jornaldasoficinas.com\/pt\/wp-json\/wp\/v2\/comments?post=31082"}],"version-history":[{"count":0,"href":"https:\/\/jornaldasoficinas.com\/pt\/wp-json\/wp\/v2\/posts\/31082\/revisions"}],"wp:featuredmedia":[{"embeddable":true,"href":"https:\/\/jornaldasoficinas.com\/pt\/wp-json\/wp\/v2\/media\/31083"}],"wp:attachment":[{"href":"https:\/\/jornaldasoficinas.com\/pt\/wp-json\/wp\/v2\/media?parent=31082"}],"wp:term":[{"taxonomy":"category","embeddable":true,"href":"https:\/\/jornaldasoficinas.com\/pt\/wp-json\/wp\/v2\/categories?post=31082"},{"taxonomy":"post_tag","embeddable":true,"href":"https:\/\/jornaldasoficinas.com\/pt\/wp-json\/wp\/v2\/tags?post=31082"}],"curies":[{"name":"wp","href":"https:\/\/api.w.org\/{rel}","templated":true}]}}