{"id":31102,"date":"2022-07-05T18:00:22","date_gmt":"2022-07-05T17:00:22","guid":{"rendered":"https:\/\/jornaldasoficinas.com\/pt\/?p=31102"},"modified":"2022-07-05T15:52:21","modified_gmt":"2022-07-05T14:52:21","slug":"fuchs-e-titan-race-iniciam-parceria","status":"publish","type":"post","link":"https:\/\/jornaldasoficinas.com\/pt\/fuchs-e-titan-race-iniciam-parceria\/","title":{"rendered":"FUCHS e TITAN RACE iniciam parceria"},"content":{"rendered":"<p><img loading=\"lazy\" decoding=\"async\" class=\"alignnone size-full wp-image-31086\" src=\"https:\/\/jornaldasoficinas.com\/pt\/wp-content\/uploads\/2022\/07\/FUCHS-e-TITAN-RACE-iniciam-parceria.jpg\" alt=\"07 - FUCHS e TITAN RACE iniciam parceria\" width=\"1024\" height=\"581\" srcset=\"https:\/\/jornaldasoficinas.com\/pt\/wp-content\/uploads\/2022\/07\/FUCHS-e-TITAN-RACE-iniciam-parceria.jpg 1024w, https:\/\/jornaldasoficinas.com\/pt\/wp-content\/uploads\/2022\/07\/FUCHS-e-TITAN-RACE-iniciam-parceria-300x170.jpg 300w, https:\/\/jornaldasoficinas.com\/pt\/wp-content\/uploads\/2022\/07\/FUCHS-e-TITAN-RACE-iniciam-parceria-150x85.jpg 150w, https:\/\/jornaldasoficinas.com\/pt\/wp-content\/uploads\/2022\/07\/FUCHS-e-TITAN-RACE-iniciam-parceria-768x436.jpg 768w\" sizes=\"auto, (max-width: 1024px) 100vw, 1024px\" \/><\/p>\n<p><strong>Nuno Batista, da equipa G2B Motorsport, levou \u00e0 pista o m\u00edtico Volvo 240 Turbo, reconstru\u00eddo e id\u00eantico ao modelo que correu em Portugal nos anos 80, mas com uma grande vantagem: O seu Volvo atual est\u00e1 perfeitamente lubrificado com os \u00f3leos <a href=\"https:\/\/www.fuchs.com\/pt\/pt\/\" target=\"_blank\" rel=\"noopener\">FUCHS<\/a> da gama TITAN RACE<\/strong><\/p>\n<p>Nuno Batista, um dos fundadores da G2B ganhou sete t\u00edtulos, entre os quais Campeonatos Nacionais e Trof\u00e9us Monomarca, com destaque para o Campeonato Espanhol de GT absoluto que venceu em 2018. Quanto \u00e0 sua participa\u00e7\u00e3o ao volante deste carro, Nuno Baptista sente-se bem preparado: \u201cExistem todas as condi\u00e7\u00f5es para alcan\u00e7ar a vit\u00f3ria nas provas de cl\u00e1ssicos.\u201d<\/p>\n<p>A hist\u00f3ria da equipa G2B come\u00e7ou em 1958 quando Fernando Baptista iniciou a sua carreira como piloto. Desde ent\u00e3o, a fam\u00edlia Baptista tem uma rela\u00e7\u00e3o muito \u00edntima com o desporto autom\u00f3vel e conta j\u00e1 com duas gera\u00e7\u00f5es de pilotos muito bem-sucedidos: os irm\u00e3os Fernando e Jo\u00e3o Baptista, bem como os seus filhos Nuno, Jo\u00e3o e Pedro Baptista.<\/p>\n<p>Da\u00ed nasceu a equipa G2B Motorsport que se dedica \u00e0 prepara\u00e7\u00e3o de viaturas para competi\u00e7\u00e3o e \u00e0 organiza\u00e7\u00e3o de eventos Motorsport. Fundada pela fam\u00edlia Baptista e o amigo Jacinto Gomes, a equipa escolheu um nome representativo: G2B indica 1 Gomes (Jacinto Gomes) e 2 Baptistas (Nuno e Jo\u00e3o). Contudo, na realidade a G2B \u00e9 uma grande fam\u00edlia composta por v\u00e1rios elementos fundamentais.<\/p>\n<p>Segundo Nuno Batista, a equipa tem um grande objetivo: \u201cCuidar da prepara\u00e7\u00e3o dos carros de competi\u00e7\u00e3o dos clientes para que estes se foquem apenas em correr atr\u00e1s de vit\u00f3rias e t\u00edtulos. E os lubrificantes FUCHS t\u00eam aqui um papel importante porque garantem a fiabilidade dos motores, das caixas e dos diferenciais que s\u00e3o sujeitos a enormes esfor\u00e7os em competi\u00e7\u00e3o.\u201d<\/p>\n<p>A estreia desta parceria aconteceu na 51.\u00aa edi\u00e7\u00e3o do Circuito Internacional de Vila Real. Para o evento, a equipa G2B preparou o m\u00edtico Volvo 240 Turbo. Lan\u00e7ado em 1981 com o objetivo de ser um carro familiar, este modelo n\u00e3o tinha nenhuma ambi\u00e7\u00e3o de ser um carro desportivo. No entanto, o Volvo 240 Turbo tornou-se o modelo mais r\u00e1pido da sua \u00e9poca, conquistando v\u00e1rias provas e campeonatos nacionais (ETC, DTM Alemanha, Finl\u00e2ndia e Nova Zel\u00e2ndia). Nas pistas portuguesas, o 240 Turbo brilhou nas m\u00e3os de Ant\u00f3nio Rodrigues que venceu o Campeonato Nacional em 1986 quando ganhou 10 das 11 provas do calend\u00e1rio, sempre em grandes lutas com outro 240 Turbo de Artur Mendes.<\/p>\n","protected":false},"excerpt":{"rendered":"<p>Nuno Batista, da equipa G2B Motorsport,&#8230;<\/p>\n","protected":false},"author":15,"featured_media":31086,"comment_status":"closed","ping_status":"closed","sticky":false,"template":"","format":"standard","meta":{"footnotes":""},"categories":[29],"tags":[277],"class_list":["post-31102","post","type-post","status-publish","format-standard","has-post-thumbnail","hentry","category-empresas","tag-fuchs"],"yoast_head":"<!-- This site is optimized with the Yoast SEO plugin v27.5 - https:\/\/yoast.com\/product\/yoast-seo-wordpress\/ -->\n<title>FUCHS e TITAN RACE iniciam parceria - Jornal das Oficinas<\/title>\n<meta name=\"robots\" content=\"index, follow, max-snippet:-1, max-image-preview:large, max-video-preview:-1\" \/>\n<link rel=\"canonical\" href=\"https:\/\/jornaldasoficinas.com\/pt\/fuchs-e-titan-race-iniciam-parceria\/\" \/>\n<meta property=\"og:locale\" content=\"pt_PT\" \/>\n<meta property=\"og:type\" content=\"article\" \/>\n<meta property=\"og:title\" content=\"FUCHS e TITAN RACE iniciam parceria - Jornal das Oficinas\" \/>\n<meta property=\"og:description\" content=\"Nuno Batista, da equipa G2B Motorsport,...\" \/>\n<meta property=\"og:url\" content=\"https:\/\/jornaldasoficinas.com\/pt\/fuchs-e-titan-race-iniciam-parceria\/\" \/>\n<meta property=\"og:site_name\" content=\"Jornal das Oficinas\" \/>\n<meta property=\"article:publisher\" content=\"https:\/\/www.facebook.com\/jornaloficinas\" \/>\n<meta property=\"article:published_time\" content=\"2022-07-05T17:00:22+00:00\" \/>\n<meta property=\"og:image\" content=\"https:\/\/jornaldasoficinas.com\/pt\/wp-content\/uploads\/2022\/07\/FUCHS-e-TITAN-RACE-iniciam-parceria.jpg\" \/>\n\t<meta property=\"og:image:width\" content=\"1024\" \/>\n\t<meta property=\"og:image:height\" content=\"581\" \/>\n\t<meta property=\"og:image:type\" content=\"image\/jpeg\" \/>\n<meta name=\"author\" content=\"Reda\u00e7\u00e3o JO\" \/>\n<meta name=\"twitter:card\" content=\"summary_large_image\" \/>\n<meta name=\"twitter:creator\" content=\"@jornaloficinas\" \/>\n<meta name=\"twitter:site\" content=\"@jornaloficinas\" \/>\n<meta name=\"twitter:label1\" content=\"Escrito por\" \/>\n\t<meta name=\"twitter:data1\" content=\"Reda\u00e7\u00e3o JO\" \/>\n\t<meta name=\"twitter:label2\" content=\"Tempo estimado de leitura\" \/>\n\t<meta name=\"twitter:data2\" content=\"2 minutos\" \/>\n<script type=\"application\/ld+json\" class=\"yoast-schema-graph\">{\"@context\":\"https:\\\/\\\/schema.org\",\"@graph\":[{\"@type\":\"Article\",\"@id\":\"https:\\\/\\\/jornaldasoficinas.com\\\/pt\\\/fuchs-e-titan-race-iniciam-parceria\\\/#article\",\"isPartOf\":{\"@id\":\"https:\\\/\\\/jornaldasoficinas.com\\\/pt\\\/fuchs-e-titan-race-iniciam-parceria\\\/\"},\"author\":{\"name\":\"Reda\u00e7\u00e3o JO\",\"@id\":\"https:\\\/\\\/jornaldasoficinas.com\\\/pt\\\/#\\\/schema\\\/person\\\/a38eef5de2c41d9e7c9ac10141afddf3\"},\"headline\":\"FUCHS e TITAN RACE iniciam parceria\",\"datePublished\":\"2022-07-05T17:00:22+00:00\",\"mainEntityOfPage\":{\"@id\":\"https:\\\/\\\/jornaldasoficinas.com\\\/pt\\\/fuchs-e-titan-race-iniciam-parceria\\\/\"},\"wordCount\":434,\"publisher\":{\"@id\":\"https:\\\/\\\/jornaldasoficinas.com\\\/pt\\\/#organization\"},\"image\":{\"@id\":\"https:\\\/\\\/jornaldasoficinas.com\\\/pt\\\/fuchs-e-titan-race-iniciam-parceria\\\/#primaryimage\"},\"thumbnailUrl\":\"https:\\\/\\\/jornaldasoficinas.com\\\/pt\\\/wp-content\\\/uploads\\\/2022\\\/07\\\/FUCHS-e-TITAN-RACE-iniciam-parceria.jpg\",\"keywords\":[\"Fuchs\"],\"articleSection\":[\"Empresas\"],\"inLanguage\":\"pt-PT\"},{\"@type\":\"WebPage\",\"@id\":\"https:\\\/\\\/jornaldasoficinas.com\\\/pt\\\/fuchs-e-titan-race-iniciam-parceria\\\/\",\"url\":\"https:\\\/\\\/jornaldasoficinas.com\\\/pt\\\/fuchs-e-titan-race-iniciam-parceria\\\/\",\"name\":\"FUCHS e TITAN RACE iniciam parceria - Jornal das Oficinas\",\"isPartOf\":{\"@id\":\"https:\\\/\\\/jornaldasoficinas.com\\\/pt\\\/#website\"},\"primaryImageOfPage\":{\"@id\":\"https:\\\/\\\/jornaldasoficinas.com\\\/pt\\\/fuchs-e-titan-race-iniciam-parceria\\\/#primaryimage\"},\"image\":{\"@id\":\"https:\\\/\\\/jornaldasoficinas.com\\\/pt\\\/fuchs-e-titan-race-iniciam-parceria\\\/#primaryimage\"},\"thumbnailUrl\":\"https:\\\/\\\/jornaldasoficinas.com\\\/pt\\\/wp-content\\\/uploads\\\/2022\\\/07\\\/FUCHS-e-TITAN-RACE-iniciam-parceria.jpg\",\"datePublished\":\"2022-07-05T17:00:22+00:00\",\"breadcrumb\":{\"@id\":\"https:\\\/\\\/jornaldasoficinas.com\\\/pt\\\/fuchs-e-titan-race-iniciam-parceria\\\/#breadcrumb\"},\"inLanguage\":\"pt-PT\",\"potentialAction\":[{\"@type\":\"ReadAction\",\"target\":[\"https:\\\/\\\/jornaldasoficinas.com\\\/pt\\\/fuchs-e-titan-race-iniciam-parceria\\\/\"]}]},{\"@type\":\"ImageObject\",\"inLanguage\":\"pt-PT\",\"@id\":\"https:\\\/\\\/jornaldasoficinas.com\\\/pt\\\/fuchs-e-titan-race-iniciam-parceria\\\/#primaryimage\",\"url\":\"https:\\\/\\\/jornaldasoficinas.com\\\/pt\\\/wp-content\\\/uploads\\\/2022\\\/07\\\/FUCHS-e-TITAN-RACE-iniciam-parceria.jpg\",\"contentUrl\":\"https:\\\/\\\/jornaldasoficinas.com\\\/pt\\\/wp-content\\\/uploads\\\/2022\\\/07\\\/FUCHS-e-TITAN-RACE-iniciam-parceria.jpg\",\"width\":1024,\"height\":581,\"caption\":\"07 - FUCHS e TITAN RACE iniciam parceria\"},{\"@type\":\"BreadcrumbList\",\"@id\":\"https:\\\/\\\/jornaldasoficinas.com\\\/pt\\\/fuchs-e-titan-race-iniciam-parceria\\\/#breadcrumb\",\"itemListElement\":[{\"@type\":\"ListItem\",\"position\":1,\"name\":\"In\u00edcio\",\"item\":\"https:\\\/\\\/jornaldasoficinas.com\\\/pt\\\/\"},{\"@type\":\"ListItem\",\"position\":2,\"name\":\"FUCHS e TITAN RACE iniciam parceria\"}]},{\"@type\":\"WebSite\",\"@id\":\"https:\\\/\\\/jornaldasoficinas.com\\\/pt\\\/#website\",\"url\":\"https:\\\/\\\/jornaldasoficinas.com\\\/pt\\\/\",\"name\":\"Jornal das Oficinas\",\"description\":\"Jornal independente do Aftermarket Autom\u00f3vel em Portugal\",\"publisher\":{\"@id\":\"https:\\\/\\\/jornaldasoficinas.com\\\/pt\\\/#organization\"},\"potentialAction\":[{\"@type\":\"SearchAction\",\"target\":{\"@type\":\"EntryPoint\",\"urlTemplate\":\"https:\\\/\\\/jornaldasoficinas.com\\\/pt\\\/?s={search_term_string}\"},\"query-input\":{\"@type\":\"PropertyValueSpecification\",\"valueRequired\":true,\"valueName\":\"search_term_string\"}}],\"inLanguage\":\"pt-PT\"},{\"@type\":\"Organization\",\"@id\":\"https:\\\/\\\/jornaldasoficinas.com\\\/pt\\\/#organization\",\"name\":\"Jornal das Oficinas\",\"url\":\"https:\\\/\\\/jornaldasoficinas.com\\\/pt\\\/\",\"logo\":{\"@type\":\"ImageObject\",\"inLanguage\":\"pt-PT\",\"@id\":\"https:\\\/\\\/jornaldasoficinas.com\\\/pt\\\/#\\\/schema\\\/logo\\\/image\\\/\",\"url\":\"https:\\\/\\\/jornaldasoficinas.com\\\/pt\\\/wp-content\\\/uploads\\\/logoJO-SEO.png\",\"contentUrl\":\"https:\\\/\\\/jornaldasoficinas.com\\\/pt\\\/wp-content\\\/uploads\\\/logoJO-SEO.png\",\"width\":285,\"height\":450,\"caption\":\"Jornal das Oficinas\"},\"image\":{\"@id\":\"https:\\\/\\\/jornaldasoficinas.com\\\/pt\\\/#\\\/schema\\\/logo\\\/image\\\/\"},\"sameAs\":[\"https:\\\/\\\/www.facebook.com\\\/jornaloficinas\",\"https:\\\/\\\/x.com\\\/jornaloficinas\",\"https:\\\/\\\/www.instagram.com\\\/jornal_oficinas\\\/\",\"https:\\\/\\\/www.linkedin.com\\\/company\\\/jornal-das-oficinas\\\/\",\"https:\\\/\\\/www.youtube.com\\\/channel\\\/UCbQZBqtcvV-oSQrr7RzINGg\"]},{\"@type\":\"Person\",\"@id\":\"https:\\\/\\\/jornaldasoficinas.com\\\/pt\\\/#\\\/schema\\\/person\\\/a38eef5de2c41d9e7c9ac10141afddf3\",\"name\":\"Reda\u00e7\u00e3o JO\",\"image\":{\"@type\":\"ImageObject\",\"inLanguage\":\"pt-PT\",\"@id\":\"https:\\\/\\\/secure.gravatar.com\\\/avatar\\\/71f2fa71737ad68a84fea94bc708ddac8ea5b0c4788dc2ad202f3ccb2887742f?s=96&d=wp_user_avatar&r=g\",\"url\":\"https:\\\/\\\/secure.gravatar.com\\\/avatar\\\/71f2fa71737ad68a84fea94bc708ddac8ea5b0c4788dc2ad202f3ccb2887742f?s=96&d=wp_user_avatar&r=g\",\"contentUrl\":\"https:\\\/\\\/secure.gravatar.com\\\/avatar\\\/71f2fa71737ad68a84fea94bc708ddac8ea5b0c4788dc2ad202f3ccb2887742f?s=96&d=wp_user_avatar&r=g\",\"caption\":\"Reda\u00e7\u00e3o JO\"},\"url\":\"https:\\\/\\\/jornaldasoficinas.com\\\/pt\\\/author\\\/joredacao\\\/\"}]}<\/script>\n<!-- \/ Yoast SEO plugin. -->","yoast_head_json":{"title":"FUCHS e TITAN RACE iniciam parceria - Jornal das Oficinas","robots":{"index":"index","follow":"follow","max-snippet":"max-snippet:-1","max-image-preview":"max-image-preview:large","max-video-preview":"max-video-preview:-1"},"canonical":"https:\/\/jornaldasoficinas.com\/pt\/fuchs-e-titan-race-iniciam-parceria\/","og_locale":"pt_PT","og_type":"article","og_title":"FUCHS e TITAN RACE iniciam parceria - Jornal das Oficinas","og_description":"Nuno Batista, da equipa G2B Motorsport,...","og_url":"https:\/\/jornaldasoficinas.com\/pt\/fuchs-e-titan-race-iniciam-parceria\/","og_site_name":"Jornal das Oficinas","article_publisher":"https:\/\/www.facebook.com\/jornaloficinas","article_published_time":"2022-07-05T17:00:22+00:00","og_image":[{"width":1024,"height":581,"url":"https:\/\/jornaldasoficinas.com\/pt\/wp-content\/uploads\/2022\/07\/FUCHS-e-TITAN-RACE-iniciam-parceria.jpg","type":"image\/jpeg"}],"author":"Reda\u00e7\u00e3o JO","twitter_card":"summary_large_image","twitter_creator":"@jornaloficinas","twitter_site":"@jornaloficinas","twitter_misc":{"Escrito por":"Reda\u00e7\u00e3o JO","Tempo estimado de leitura":"2 minutos"},"schema":{"@context":"https:\/\/schema.org","@graph":[{"@type":"Article","@id":"https:\/\/jornaldasoficinas.com\/pt\/fuchs-e-titan-race-iniciam-parceria\/#article","isPartOf":{"@id":"https:\/\/jornaldasoficinas.com\/pt\/fuchs-e-titan-race-iniciam-parceria\/"},"author":{"name":"Reda\u00e7\u00e3o JO","@id":"https:\/\/jornaldasoficinas.com\/pt\/#\/schema\/person\/a38eef5de2c41d9e7c9ac10141afddf3"},"headline":"FUCHS e TITAN RACE iniciam parceria","datePublished":"2022-07-05T17:00:22+00:00","mainEntityOfPage":{"@id":"https:\/\/jornaldasoficinas.com\/pt\/fuchs-e-titan-race-iniciam-parceria\/"},"wordCount":434,"publisher":{"@id":"https:\/\/jornaldasoficinas.com\/pt\/#organization"},"image":{"@id":"https:\/\/jornaldasoficinas.com\/pt\/fuchs-e-titan-race-iniciam-parceria\/#primaryimage"},"thumbnailUrl":"https:\/\/jornaldasoficinas.com\/pt\/wp-content\/uploads\/2022\/07\/FUCHS-e-TITAN-RACE-iniciam-parceria.jpg","keywords":["Fuchs"],"articleSection":["Empresas"],"inLanguage":"pt-PT"},{"@type":"WebPage","@id":"https:\/\/jornaldasoficinas.com\/pt\/fuchs-e-titan-race-iniciam-parceria\/","url":"https:\/\/jornaldasoficinas.com\/pt\/fuchs-e-titan-race-iniciam-parceria\/","name":"FUCHS e TITAN RACE iniciam parceria - Jornal das Oficinas","isPartOf":{"@id":"https:\/\/jornaldasoficinas.com\/pt\/#website"},"primaryImageOfPage":{"@id":"https:\/\/jornaldasoficinas.com\/pt\/fuchs-e-titan-race-iniciam-parceria\/#primaryimage"},"image":{"@id":"https:\/\/jornaldasoficinas.com\/pt\/fuchs-e-titan-race-iniciam-parceria\/#primaryimage"},"thumbnailUrl":"https:\/\/jornaldasoficinas.com\/pt\/wp-content\/uploads\/2022\/07\/FUCHS-e-TITAN-RACE-iniciam-parceria.jpg","datePublished":"2022-07-05T17:00:22+00:00","breadcrumb":{"@id":"https:\/\/jornaldasoficinas.com\/pt\/fuchs-e-titan-race-iniciam-parceria\/#breadcrumb"},"inLanguage":"pt-PT","potentialAction":[{"@type":"ReadAction","target":["https:\/\/jornaldasoficinas.com\/pt\/fuchs-e-titan-race-iniciam-parceria\/"]}]},{"@type":"ImageObject","inLanguage":"pt-PT","@id":"https:\/\/jornaldasoficinas.com\/pt\/fuchs-e-titan-race-iniciam-parceria\/#primaryimage","url":"https:\/\/jornaldasoficinas.com\/pt\/wp-content\/uploads\/2022\/07\/FUCHS-e-TITAN-RACE-iniciam-parceria.jpg","contentUrl":"https:\/\/jornaldasoficinas.com\/pt\/wp-content\/uploads\/2022\/07\/FUCHS-e-TITAN-RACE-iniciam-parceria.jpg","width":1024,"height":581,"caption":"07 - FUCHS e TITAN RACE iniciam parceria"},{"@type":"BreadcrumbList","@id":"https:\/\/jornaldasoficinas.com\/pt\/fuchs-e-titan-race-iniciam-parceria\/#breadcrumb","itemListElement":[{"@type":"ListItem","position":1,"name":"In\u00edcio","item":"https:\/\/jornaldasoficinas.com\/pt\/"},{"@type":"ListItem","position":2,"name":"FUCHS e TITAN RACE iniciam parceria"}]},{"@type":"WebSite","@id":"https:\/\/jornaldasoficinas.com\/pt\/#website","url":"https:\/\/jornaldasoficinas.com\/pt\/","name":"Jornal das Oficinas","description":"Jornal independente do Aftermarket Autom\u00f3vel em Portugal","publisher":{"@id":"https:\/\/jornaldasoficinas.com\/pt\/#organization"},"potentialAction":[{"@type":"SearchAction","target":{"@type":"EntryPoint","urlTemplate":"https:\/\/jornaldasoficinas.com\/pt\/?s={search_term_string}"},"query-input":{"@type":"PropertyValueSpecification","valueRequired":true,"valueName":"search_term_string"}}],"inLanguage":"pt-PT"},{"@type":"Organization","@id":"https:\/\/jornaldasoficinas.com\/pt\/#organization","name":"Jornal das Oficinas","url":"https:\/\/jornaldasoficinas.com\/pt\/","logo":{"@type":"ImageObject","inLanguage":"pt-PT","@id":"https:\/\/jornaldasoficinas.com\/pt\/#\/schema\/logo\/image\/","url":"https:\/\/jornaldasoficinas.com\/pt\/wp-content\/uploads\/logoJO-SEO.png","contentUrl":"https:\/\/jornaldasoficinas.com\/pt\/wp-content\/uploads\/logoJO-SEO.png","width":285,"height":450,"caption":"Jornal das Oficinas"},"image":{"@id":"https:\/\/jornaldasoficinas.com\/pt\/#\/schema\/logo\/image\/"},"sameAs":["https:\/\/www.facebook.com\/jornaloficinas","https:\/\/x.com\/jornaloficinas","https:\/\/www.instagram.com\/jornal_oficinas\/","https:\/\/www.linkedin.com\/company\/jornal-das-oficinas\/","https:\/\/www.youtube.com\/channel\/UCbQZBqtcvV-oSQrr7RzINGg"]},{"@type":"Person","@id":"https:\/\/jornaldasoficinas.com\/pt\/#\/schema\/person\/a38eef5de2c41d9e7c9ac10141afddf3","name":"Reda\u00e7\u00e3o JO","image":{"@type":"ImageObject","inLanguage":"pt-PT","@id":"https:\/\/secure.gravatar.com\/avatar\/71f2fa71737ad68a84fea94bc708ddac8ea5b0c4788dc2ad202f3ccb2887742f?s=96&d=wp_user_avatar&r=g","url":"https:\/\/secure.gravatar.com\/avatar\/71f2fa71737ad68a84fea94bc708ddac8ea5b0c4788dc2ad202f3ccb2887742f?s=96&d=wp_user_avatar&r=g","contentUrl":"https:\/\/secure.gravatar.com\/avatar\/71f2fa71737ad68a84fea94bc708ddac8ea5b0c4788dc2ad202f3ccb2887742f?s=96&d=wp_user_avatar&r=g","caption":"Reda\u00e7\u00e3o JO"},"url":"https:\/\/jornaldasoficinas.com\/pt\/author\/joredacao\/"}]}},"_links":{"self":[{"href":"https:\/\/jornaldasoficinas.com\/pt\/wp-json\/wp\/v2\/posts\/31102","targetHints":{"allow":["GET"]}}],"collection":[{"href":"https:\/\/jornaldasoficinas.com\/pt\/wp-json\/wp\/v2\/posts"}],"about":[{"href":"https:\/\/jornaldasoficinas.com\/pt\/wp-json\/wp\/v2\/types\/post"}],"author":[{"embeddable":true,"href":"https:\/\/jornaldasoficinas.com\/pt\/wp-json\/wp\/v2\/users\/15"}],"replies":[{"embeddable":true,"href":"https:\/\/jornaldasoficinas.com\/pt\/wp-json\/wp\/v2\/comments?post=31102"}],"version-history":[{"count":0,"href":"https:\/\/jornaldasoficinas.com\/pt\/wp-json\/wp\/v2\/posts\/31102\/revisions"}],"wp:featuredmedia":[{"embeddable":true,"href":"https:\/\/jornaldasoficinas.com\/pt\/wp-json\/wp\/v2\/media\/31086"}],"wp:attachment":[{"href":"https:\/\/jornaldasoficinas.com\/pt\/wp-json\/wp\/v2\/media?parent=31102"}],"wp:term":[{"taxonomy":"category","embeddable":true,"href":"https:\/\/jornaldasoficinas.com\/pt\/wp-json\/wp\/v2\/categories?post=31102"},{"taxonomy":"post_tag","embeddable":true,"href":"https:\/\/jornaldasoficinas.com\/pt\/wp-json\/wp\/v2\/tags?post=31102"}],"curies":[{"name":"wp","href":"https:\/\/api.w.org\/{rel}","templated":true}]}}